{"id":80491,"date":"2019-07-24T17:24:21","date_gmt":"2019-07-24T16:24:21","guid":{"rendered":"http:\/\/newsestlyonnais.fr\/site\/?p=80491"},"modified":"2020-11-11T12:24:33","modified_gmt":"2020-11-11T11:24:33","slug":"decines-meyzieu-athletisme-nombre-record-de-qualifs-aux-championnats-de-france","status":"publish","type":"post","link":"https:\/\/newsestlyonnais.fr\/site\/2019\/07\/24\/decines-meyzieu-athletisme-nombre-record-de-qualifs-aux-championnats-de-france\/","title":{"rendered":"DECINES-MEYZIEU Athl\u00e9tisme | Nombre record de qualifs aux championnats de France"},"content":{"rendered":"\r\n<p><strong>Les athl\u00e8tes aux couleurs bleues et blanches du D.M.A. ont brill\u00e9 ces derni\u00e8res semaines, lors des divers championnats de France sur piste.<\/strong><\/p>\r\n<p>De fin juin \u00e0 Ch\u00e2teauroux (en espoirs) \u00e0 d\u00e9but juillet (en cadets et juniors) \u00e0 Angers et en attendant le national Elite du 26 au 28 juillet \u00e0 Saint Etienne, les perfs des DMistes ont \u00e9t\u00e9 nombreuses.<\/p>\r\n<p><span style=\"text-decoration: underline\">Retrouvez par championnat le d\u00e9tail de leurs r\u00e9sultats<\/span> :<\/p>\r\n<ul>\r\n<li><span style=\"text-decoration: underline\"><strong>29 juin 2019 \u00e0 Ch\u00e2teauroux (espoirs)<\/strong><\/span> : le D.M.A comptait <em><strong>9 athl\u00e8tes qualifi\u00e9s<\/strong> <\/em>: 5 filles (<strong>Aurelle Audubert<\/strong>\/1.500 m, <strong>Aude Clavier<\/strong> &amp; <strong>Marie Goncalves<\/strong> \/3.000 m steeple, <strong>Charlotte Dumas<\/strong>\/400 m haies, <strong>Tatiana Woirin<\/strong>\/100 m haies) &amp; 4 gar\u00e7ons (<strong>Titouan Haan<\/strong>\/3.000 m steeple, <strong>Nicolas Mazioui<\/strong>\/1.500m), <strong>Axel Paolucci<\/strong> &amp; <strong>Maxime Woirin<\/strong>\/ 400 m haies. <span style=\"text-decoration: underline\">Bilan : 5 finalistes &amp; 1 m\u00e9daille (bronze) pour <strong>Aude Clavier<\/strong>. <\/span>Cette derni\u00e8re confirmant de belle mani\u00e8re la m\u00eame m\u00e9daille d\u00e9croch\u00e9e en 2018 chez les juniors. Le bilan global \u00e9tant d&rsquo;autre part conforme aux attentes des dirigeants et coachs du DMA.<\/li>\r\n<li><span style=\"text-decoration: underline\"><strong>5 juillet 2019 \u00e0 Angers (cadets &amp; juniors)<\/strong><\/span> : 8 jeunes qualifi\u00e9s pour ce national. Seulement 7 d&rsquo;entre eux ont particip\u00e9 \u00e0 la comp\u00e9tition puisque <strong>Thibaut Giroire<\/strong> (bless\u00e9) n&rsquo;a pu d\u00e9fende ses chances en longueur et triple saut. 4 filles (<strong>Emilie Girard<\/strong>\/1.500m, <strong>Lola Quenot<\/strong>\/perche, <strong>Lou Vidal<\/strong>\/ hauteur &amp; <strong>L\u00e9opolodine Ye<\/strong>\/400 m) et 3 gar\u00e7ons (<strong>Julian Reynaud<\/strong>\/400 m haies, <strong>Hugo Thibault<\/strong>\/3.000 m &amp; <strong>Hugo Aymard-Chazal<\/strong>\/3.000 m steeple). <span style=\"text-decoration: underline\">Bilan : 3 finalistes et une m\u00e9daille argent) pour Emilie Girard.<\/span> Un podium qui \u00e0 permis \u00e0 cette athl\u00e8te de d\u00e9crocher son billet pour l&rsquo;Euro juniors U20 \u00e0 Boras (Su\u00e8de) le week-end dernier. M\u00eame si son objectif \u00e9tait d&rsquo;entrer dans le Top 8 en finale , elle termine en 4&rsquo;33&Prime;39 \u00e0 la 12\u00b0 place.<\/li>\r\n<\/ul>\r\n<div id='gallery-1' class='gallery galleryid-80491 gallery-columns-3 gallery-size-thumbnail'><figure class='gallery-item'>\n\t\t\t<div class='gallery-icon portrait'>\n\t\t\t\t<a href='https:\/\/newsestlyonnais.fr\/site\/2019\/07\/24\/decines-meyzieu-athletisme-nombre-record-de-qualifs-aux-championnats-de-france\/newsestlyonnais-dma-emilie-girard\/'><img loading=\"lazy\" decoding=\"async\" width=\"150\" height=\"150\" src=\"https:\/\/newsestlyonnais.fr\/site\/wp-content\/uploads\/2019\/07\/NEWSESTLYONNAIS-DMA-EMILIE-GIRARD-150x150.jpg\" class=\"attachment-thumbnail size-thumbnail\" alt=\"\" aria-describedby=\"gallery-1-80709\" \/><\/a>\n\t\t\t<\/div>\n\t\t\t\t<figcaption class='wp-caption-text gallery-caption' id='gallery-1-80709'>\n\t\t\t\tEmilie Girard (2\u00b0 au championnat de France et 12\u00b0 \u00e0 l&rsquo;Euro U20)\n\t\t\t\t<\/figcaption><\/figure><figure class='gallery-item'>\n\t\t\t<div class='gallery-icon landscape'>\n\t\t\t\t<a href='https:\/\/newsestlyonnais.fr\/site\/2019\/07\/24\/decines-meyzieu-athletisme-nombre-record-de-qualifs-aux-championnats-de-france\/newsestlyonnais-aide-bronze-dma\/'><img loading=\"lazy\" decoding=\"async\" width=\"150\" height=\"150\" src=\"https:\/\/newsestlyonnais.fr\/site\/wp-content\/uploads\/2019\/07\/NEWSESTLYONNAIS-AIDE-BRONZE-DMA-150x150.jpg\" class=\"attachment-thumbnail size-thumbnail\" alt=\"\" aria-describedby=\"gallery-1-80713\" \/><\/a>\n\t\t\t<\/div>\n\t\t\t\t<figcaption class='wp-caption-text gallery-caption' id='gallery-1-80713'>\n\t\t\t\tAude Clavier (3\u00b0 au championnat France sur 3.000 m steeple).\n\t\t\t\t<\/figcaption><\/figure>\n\t\t<\/div>\n\r\n<p>Lors du prochain et dernier week-end de juillet, nombreux seront les athl\u00e8tes du D.M.A. qui seront pr\u00e9sents au stade Henri Lux de Saint Etienne pour participer aux <strong>championnats de France Elite<\/strong>. \u00ab\u00a0On n&rsquo; jamais eu autant de qualifs et on devrait avoir quelques places de finalistes, l&rsquo;important \u00e9tant qu&rsquo;il y ait cette masse d&rsquo;athl\u00e8tes. On aura notamment une grosse d\u00e9l\u00e9gation sur le 3.000 m steeple (3 filles &amp; 1 gar\u00e7on) et le 400 m haies (1 fille &amp; 3 gar\u00e7ons) \u00a0\u00bb confie Fabien Couchot, pr\u00e9sident du D.M.A.<\/p>\r\n<p><em><strong>Les athl\u00e8tes du D.M.A. qualifi\u00e9s<\/strong><\/em> :<\/p>\r\n<p><span style=\"text-decoration: underline\"><strong>F\u00e9minines<\/strong> <\/span>: <span style=\"text-decoration: underline\">Tatiana Wothor<\/span> \/ 100 m haies, <span style=\"text-decoration: underline\">El\u00e9a Mariama Diarra<\/span> \/ 400 m, <span style=\"text-decoration: underline\">Charlotte Dumas<\/span> \/ 400 m haies, <span style=\"text-decoration: underline\">Coraline Maamouri<\/span> &amp; <span style=\"text-decoration: underline\">Emilie Girard<\/span> \/ 1.500 m, <span style=\"text-decoration: underline\">Vickie Audubert<\/span>, <span style=\"text-decoration: underline\">Marie Goncalves<\/span> &amp; <span style=\"text-decoration: underline\">Aude Clavier<\/span> \/ 3.000 m steeple.<\/p>\r\n<p><span style=\"text-decoration: underline\"><strong>Masculins<\/strong><\/span> : <span style=\"text-decoration: underline\">Maxime Woirin<\/span>, <span style=\"text-decoration: underline\">Joseph Arnold<\/span> &amp; <span style=\"text-decoration: underline\">Yannick Moevi<\/span> \/ 400 m haies. <span style=\"text-decoration: underline\">Nicolas Herbin<\/span> \/ 800 m &amp; <span style=\"text-decoration: underline\">Titouan Haan<\/span> \/ 3.000 m steeple.<\/p>\r\n<figure id=\"attachment_80690\" aria-describedby=\"caption-attachment-80690\" style=\"width: 400px\" class=\"wp-caption aligncenter\"><img loading=\"lazy\" decoding=\"async\" class=\"wp-image-80690 size-medium\" src=\"https:\/\/newsestlyonnais.fr\/site\/medias\/2019\/07\/NEWSESTLYONANIS-CHA-FARNCE-ATHLE-400x212.jpg\" alt=\"\" width=\"400\" height=\"212\" srcset=\"https:\/\/newsestlyonnais.fr\/site\/wp-content\/uploads\/2019\/07\/NEWSESTLYONANIS-CHA-FARNCE-ATHLE-400x212.jpg 400w, https:\/\/newsestlyonnais.fr\/site\/wp-content\/uploads\/2019\/07\/NEWSESTLYONANIS-CHA-FARNCE-ATHLE.jpg 520w\" sizes=\"auto, (max-width: 400px) 100vw, 400px\" \/><figcaption id=\"caption-attachment-80690\" class=\"wp-caption-text\">Championnats France Elite.<\/figcaption><\/figure>\r\n","protected":false},"excerpt":{"rendered":"<p>Les athl\u00e8tes aux couleurs bleues et blanches du D.M.A. ont brill\u00e9 ces derni\u00e8res semaines, lors des divers championnats de France sur piste.<\/p>\n","protected":false},"author":4,"featured_media":80708,"comment_status":"open","ping_status":"open","sticky":false,"template":"","format":"standard","meta":{"footnotes":""},"categories":[2968,21,24],"tags":[2162,2116,2361],"class_list":["post-80491","post","type-post","status-publish","format-standard","has-post-thumbnail","hentry","category-athle-course-pied-marche","category-decines-charpieu","category-meyzieu","tag-athletisme","tag-decines","tag-dma"],"yoast_head":"<!-- This site is optimized with the Yoast SEO plugin v27.2 - https:\/\/yoast.com\/product\/yoast-seo-wordpress\/ -->\n<title>DECINES-MEYZIEU Athl\u00e9tisme | Nombre record de qualifs aux championnats de France - News Est Lyonnais<\/title>\n<meta name=\"description\" content=\"DECINES-MEYZIEU Athl\u00e9tisme : nombre record de qualifs aux championnats de France. Les athl\u00e8tes aux couleurs bleues et blanches du D.M.A. ont brill\u00e9\" \/>\n<meta name=\"robots\" content=\"index, follow, max-snippet:-1, max-image-preview:large, max-video-preview:-1\" \/>\n<link rel=\"canonical\" href=\"https:\/\/newsestlyonnais.fr\/site\/2019\/07\/24\/decines-meyzieu-athletisme-nombre-record-de-qualifs-aux-championnats-de-france\/\" \/>\n<meta property=\"og:locale\" content=\"fr_FR\" \/>\n<meta property=\"og:type\" content=\"article\" \/>\n<meta property=\"og:title\" content=\"DECINES-MEYZIEU Athl\u00e9tisme | Nombre record de qualifs aux championnats de France - News Est Lyonnais\" \/>\n<meta property=\"og:description\" content=\"DECINES-MEYZIEU Athl\u00e9tisme : nombre record de qualifs aux championnats de France. Les athl\u00e8tes aux couleurs bleues et blanches du D.M.A. ont brill\u00e9\" \/>\n<meta property=\"og:url\" content=\"https:\/\/newsestlyonnais.fr\/site\/2019\/07\/24\/decines-meyzieu-athletisme-nombre-record-de-qualifs-aux-championnats-de-france\/\" \/>\n<meta property=\"og:site_name\" content=\"News Est Lyonnais\" \/>\n<meta property=\"article:author\" content=\"https:\/\/www.facebook.com\/pascal.oberson.1?fref=ts\" \/>\n<meta property=\"article:published_time\" content=\"2019-07-24T16:24:21+00:00\" \/>\n<meta property=\"article:modified_time\" content=\"2020-11-11T11:24:33+00:00\" \/>\n<meta property=\"og:image\" content=\"https:\/\/i0.wp.com\/newsestlyonnais.fr\/site\/wp-content\/uploads\/2019\/07\/NEWSESTLYONNAIS-DMA.jpg?fit=895%2C450&ssl=1\" \/>\n\t<meta property=\"og:image:width\" content=\"895\" \/>\n\t<meta property=\"og:image:height\" content=\"450\" \/>\n\t<meta property=\"og:image:type\" content=\"image\/jpeg\" \/>\n<meta name=\"author\" content=\"R\u00e9dac. NEWS\" \/>\n<meta name=\"twitter:card\" content=\"summary_large_image\" \/>\n<meta name=\"twitter:label1\" content=\"\u00c9crit par\" \/>\n\t<meta name=\"twitter:data1\" content=\"R\u00e9dac. NEWS\" \/>\n\t<meta name=\"twitter:label2\" content=\"Dur\u00e9e de lecture estim\u00e9e\" \/>\n\t<meta name=\"twitter:data2\" content=\"2 minutes\" \/>\n<script type=\"application\/ld+json\" class=\"yoast-schema-graph\">{\"@context\":\"https:\/\/schema.org\",\"@graph\":[{\"@type\":\"Article\",\"@id\":\"https:\/\/newsestlyonnais.fr\/site\/2019\/07\/24\/decines-meyzieu-athletisme-nombre-record-de-qualifs-aux-championnats-de-france\/#article\",\"isPartOf\":{\"@id\":\"https:\/\/newsestlyonnais.fr\/site\/2019\/07\/24\/decines-meyzieu-athletisme-nombre-record-de-qualifs-aux-championnats-de-france\/\"},\"author\":{\"name\":\"R\u00e9dac. NEWS\",\"@id\":\"https:\/\/newsestlyonnais.fr\/site\/#\/schema\/person\/3230d5615f390bb808365d673001e887\"},\"headline\":\"DECINES-MEYZIEU Athl\u00e9tisme | Nombre record de qualifs aux championnats de France\",\"datePublished\":\"2019-07-24T16:24:21+00:00\",\"dateModified\":\"2020-11-11T11:24:33+00:00\",\"mainEntityOfPage\":{\"@id\":\"https:\/\/newsestlyonnais.fr\/site\/2019\/07\/24\/decines-meyzieu-athletisme-nombre-record-de-qualifs-aux-championnats-de-france\/\"},\"wordCount\":457,\"commentCount\":0,\"publisher\":{\"@id\":\"https:\/\/newsestlyonnais.fr\/site\/#organization\"},\"image\":{\"@id\":\"https:\/\/newsestlyonnais.fr\/site\/2019\/07\/24\/decines-meyzieu-athletisme-nombre-record-de-qualifs-aux-championnats-de-france\/#primaryimage\"},\"thumbnailUrl\":\"https:\/\/newsestlyonnais.fr\/site\/wp-content\/uploads\/2019\/07\/NEWSESTLYONNAIS-DMA.jpg\",\"keywords\":[\"ATHLETISME\",\"DECINES\",\"DMA\"],\"articleSection\":[\"Athl\u00e9 | Course pied | Marche\",\"D\u00e9cines-Charpieu\",\"Meyzieu\"],\"inLanguage\":\"fr-FR\",\"potentialAction\":[{\"@type\":\"CommentAction\",\"name\":\"Comment\",\"target\":[\"https:\/\/newsestlyonnais.fr\/site\/2019\/07\/24\/decines-meyzieu-athletisme-nombre-record-de-qualifs-aux-championnats-de-france\/#respond\"]}]},{\"@type\":\"WebPage\",\"@id\":\"https:\/\/newsestlyonnais.fr\/site\/2019\/07\/24\/decines-meyzieu-athletisme-nombre-record-de-qualifs-aux-championnats-de-france\/\",\"url\":\"https:\/\/newsestlyonnais.fr\/site\/2019\/07\/24\/decines-meyzieu-athletisme-nombre-record-de-qualifs-aux-championnats-de-france\/\",\"name\":\"DECINES-MEYZIEU Athl\u00e9tisme | Nombre record de qualifs aux championnats de France - News Est Lyonnais\",\"isPartOf\":{\"@id\":\"https:\/\/newsestlyonnais.fr\/site\/#website\"},\"primaryImageOfPage\":{\"@id\":\"https:\/\/newsestlyonnais.fr\/site\/2019\/07\/24\/decines-meyzieu-athletisme-nombre-record-de-qualifs-aux-championnats-de-france\/#primaryimage\"},\"image\":{\"@id\":\"https:\/\/newsestlyonnais.fr\/site\/2019\/07\/24\/decines-meyzieu-athletisme-nombre-record-de-qualifs-aux-championnats-de-france\/#primaryimage\"},\"thumbnailUrl\":\"https:\/\/newsestlyonnais.fr\/site\/wp-content\/uploads\/2019\/07\/NEWSESTLYONNAIS-DMA.jpg\",\"datePublished\":\"2019-07-24T16:24:21+00:00\",\"dateModified\":\"2020-11-11T11:24:33+00:00\",\"description\":\"DECINES-MEYZIEU Athl\u00e9tisme : nombre record de qualifs aux championnats de France. Les athl\u00e8tes aux couleurs bleues et blanches du D.M.A. ont brill\u00e9\",\"breadcrumb\":{\"@id\":\"https:\/\/newsestlyonnais.fr\/site\/2019\/07\/24\/decines-meyzieu-athletisme-nombre-record-de-qualifs-aux-championnats-de-france\/#breadcrumb\"},\"inLanguage\":\"fr-FR\",\"potentialAction\":[{\"@type\":\"ReadAction\",\"target\":[\"https:\/\/newsestlyonnais.fr\/site\/2019\/07\/24\/decines-meyzieu-athletisme-nombre-record-de-qualifs-aux-championnats-de-france\/\"]}]},{\"@type\":\"ImageObject\",\"inLanguage\":\"fr-FR\",\"@id\":\"https:\/\/newsestlyonnais.fr\/site\/2019\/07\/24\/decines-meyzieu-athletisme-nombre-record-de-qualifs-aux-championnats-de-france\/#primaryimage\",\"url\":\"https:\/\/newsestlyonnais.fr\/site\/wp-content\/uploads\/2019\/07\/NEWSESTLYONNAIS-DMA.jpg\",\"contentUrl\":\"https:\/\/newsestlyonnais.fr\/site\/wp-content\/uploads\/2019\/07\/NEWSESTLYONNAIS-DMA.jpg\",\"width\":895,\"height\":450},{\"@type\":\"BreadcrumbList\",\"@id\":\"https:\/\/newsestlyonnais.fr\/site\/2019\/07\/24\/decines-meyzieu-athletisme-nombre-record-de-qualifs-aux-championnats-de-france\/#breadcrumb\",\"itemListElement\":[{\"@type\":\"ListItem\",\"position\":1,\"name\":\"Accueil\",\"item\":\"https:\/\/newsestlyonnais.fr\/site\/\"},{\"@type\":\"ListItem\",\"position\":2,\"name\":\"DECINES-MEYZIEU Athl\u00e9tisme | Nombre record de qualifs aux championnats de France\"}]},{\"@type\":\"WebSite\",\"@id\":\"https:\/\/newsestlyonnais.fr\/site\/#website\",\"url\":\"https:\/\/newsestlyonnais.fr\/site\/\",\"name\":\"News Est Lyonnais\",\"description\":\"L&#039;actualit\u00e9 au plus pr\u00e8s\",\"publisher\":{\"@id\":\"https:\/\/newsestlyonnais.fr\/site\/#organization\"},\"potentialAction\":[{\"@type\":\"SearchAction\",\"target\":{\"@type\":\"EntryPoint\",\"urlTemplate\":\"https:\/\/newsestlyonnais.fr\/site\/?s={search_term_string}\"},\"query-input\":{\"@type\":\"PropertyValueSpecification\",\"valueRequired\":true,\"valueName\":\"search_term_string\"}}],\"inLanguage\":\"fr-FR\"},{\"@type\":\"Organization\",\"@id\":\"https:\/\/newsestlyonnais.fr\/site\/#organization\",\"name\":\"News EST LYONNAIS\",\"url\":\"https:\/\/newsestlyonnais.fr\/site\/\",\"logo\":{\"@type\":\"ImageObject\",\"inLanguage\":\"fr-FR\",\"@id\":\"https:\/\/newsestlyonnais.fr\/site\/#\/schema\/logo\/image\/\",\"url\":\"\",\"contentUrl\":\"\",\"caption\":\"News EST LYONNAIS\"},\"image\":{\"@id\":\"https:\/\/newsestlyonnais.fr\/site\/#\/schema\/logo\/image\/\"}},{\"@type\":\"Person\",\"@id\":\"https:\/\/newsestlyonnais.fr\/site\/#\/schema\/person\/3230d5615f390bb808365d673001e887\",\"name\":\"R\u00e9dac. NEWS\",\"sameAs\":[\"http:\/\/www.newsestlyonnais.fr\",\"https:\/\/www.facebook.com\/pascal.oberson.1?fref=ts\",\"https:\/\/fr.linkedin.com\/in\/pascal-oberson-b17045113\"],\"url\":\"https:\/\/newsestlyonnais.fr\/site\/author\/nel\/\"}]}<\/script>\n<!-- \/ Yoast SEO plugin. -->","yoast_head_json":{"title":"DECINES-MEYZIEU Athl\u00e9tisme | Nombre record de qualifs aux championnats de France - News Est Lyonnais","description":"DECINES-MEYZIEU Athl\u00e9tisme : nombre record de qualifs aux championnats de France. Les athl\u00e8tes aux couleurs bleues et blanches du D.M.A. ont brill\u00e9","robots":{"index":"index","follow":"follow","max-snippet":"max-snippet:-1","max-image-preview":"max-image-preview:large","max-video-preview":"max-video-preview:-1"},"canonical":"https:\/\/newsestlyonnais.fr\/site\/2019\/07\/24\/decines-meyzieu-athletisme-nombre-record-de-qualifs-aux-championnats-de-france\/","og_locale":"fr_FR","og_type":"article","og_title":"DECINES-MEYZIEU Athl\u00e9tisme | Nombre record de qualifs aux championnats de France - News Est Lyonnais","og_description":"DECINES-MEYZIEU Athl\u00e9tisme : nombre record de qualifs aux championnats de France. Les athl\u00e8tes aux couleurs bleues et blanches du D.M.A. ont brill\u00e9","og_url":"https:\/\/newsestlyonnais.fr\/site\/2019\/07\/24\/decines-meyzieu-athletisme-nombre-record-de-qualifs-aux-championnats-de-france\/","og_site_name":"News Est Lyonnais","article_author":"https:\/\/www.facebook.com\/pascal.oberson.1?fref=ts","article_published_time":"2019-07-24T16:24:21+00:00","article_modified_time":"2020-11-11T11:24:33+00:00","og_image":[{"width":895,"height":450,"url":"https:\/\/i0.wp.com\/newsestlyonnais.fr\/site\/wp-content\/uploads\/2019\/07\/NEWSESTLYONNAIS-DMA.jpg?fit=895%2C450&ssl=1","type":"image\/jpeg"}],"author":"R\u00e9dac. NEWS","twitter_card":"summary_large_image","twitter_misc":{"\u00c9crit par":"R\u00e9dac. NEWS","Dur\u00e9e de lecture estim\u00e9e":"2 minutes"},"schema":{"@context":"https:\/\/schema.org","@graph":[{"@type":"Article","@id":"https:\/\/newsestlyonnais.fr\/site\/2019\/07\/24\/decines-meyzieu-athletisme-nombre-record-de-qualifs-aux-championnats-de-france\/#article","isPartOf":{"@id":"https:\/\/newsestlyonnais.fr\/site\/2019\/07\/24\/decines-meyzieu-athletisme-nombre-record-de-qualifs-aux-championnats-de-france\/"},"author":{"name":"R\u00e9dac. NEWS","@id":"https:\/\/newsestlyonnais.fr\/site\/#\/schema\/person\/3230d5615f390bb808365d673001e887"},"headline":"DECINES-MEYZIEU Athl\u00e9tisme | Nombre record de qualifs aux championnats de France","datePublished":"2019-07-24T16:24:21+00:00","dateModified":"2020-11-11T11:24:33+00:00","mainEntityOfPage":{"@id":"https:\/\/newsestlyonnais.fr\/site\/2019\/07\/24\/decines-meyzieu-athletisme-nombre-record-de-qualifs-aux-championnats-de-france\/"},"wordCount":457,"commentCount":0,"publisher":{"@id":"https:\/\/newsestlyonnais.fr\/site\/#organization"},"image":{"@id":"https:\/\/newsestlyonnais.fr\/site\/2019\/07\/24\/decines-meyzieu-athletisme-nombre-record-de-qualifs-aux-championnats-de-france\/#primaryimage"},"thumbnailUrl":"https:\/\/newsestlyonnais.fr\/site\/wp-content\/uploads\/2019\/07\/NEWSESTLYONNAIS-DMA.jpg","keywords":["ATHLETISME","DECINES","DMA"],"articleSection":["Athl\u00e9 | Course pied | Marche","D\u00e9cines-Charpieu","Meyzieu"],"inLanguage":"fr-FR","potentialAction":[{"@type":"CommentAction","name":"Comment","target":["https:\/\/newsestlyonnais.fr\/site\/2019\/07\/24\/decines-meyzieu-athletisme-nombre-record-de-qualifs-aux-championnats-de-france\/#respond"]}]},{"@type":"WebPage","@id":"https:\/\/newsestlyonnais.fr\/site\/2019\/07\/24\/decines-meyzieu-athletisme-nombre-record-de-qualifs-aux-championnats-de-france\/","url":"https:\/\/newsestlyonnais.fr\/site\/2019\/07\/24\/decines-meyzieu-athletisme-nombre-record-de-qualifs-aux-championnats-de-france\/","name":"DECINES-MEYZIEU Athl\u00e9tisme | Nombre record de qualifs aux championnats de France - News Est Lyonnais","isPartOf":{"@id":"https:\/\/newsestlyonnais.fr\/site\/#website"},"primaryImageOfPage":{"@id":"https:\/\/newsestlyonnais.fr\/site\/2019\/07\/24\/decines-meyzieu-athletisme-nombre-record-de-qualifs-aux-championnats-de-france\/#primaryimage"},"image":{"@id":"https:\/\/newsestlyonnais.fr\/site\/2019\/07\/24\/decines-meyzieu-athletisme-nombre-record-de-qualifs-aux-championnats-de-france\/#primaryimage"},"thumbnailUrl":"https:\/\/newsestlyonnais.fr\/site\/wp-content\/uploads\/2019\/07\/NEWSESTLYONNAIS-DMA.jpg","datePublished":"2019-07-24T16:24:21+00:00","dateModified":"2020-11-11T11:24:33+00:00","description":"DECINES-MEYZIEU Athl\u00e9tisme : nombre record de qualifs aux championnats de France. Les athl\u00e8tes aux couleurs bleues et blanches du D.M.A. ont brill\u00e9","breadcrumb":{"@id":"https:\/\/newsestlyonnais.fr\/site\/2019\/07\/24\/decines-meyzieu-athletisme-nombre-record-de-qualifs-aux-championnats-de-france\/#breadcrumb"},"inLanguage":"fr-FR","potentialAction":[{"@type":"ReadAction","target":["https:\/\/newsestlyonnais.fr\/site\/2019\/07\/24\/decines-meyzieu-athletisme-nombre-record-de-qualifs-aux-championnats-de-france\/"]}]},{"@type":"ImageObject","inLanguage":"fr-FR","@id":"https:\/\/newsestlyonnais.fr\/site\/2019\/07\/24\/decines-meyzieu-athletisme-nombre-record-de-qualifs-aux-championnats-de-france\/#primaryimage","url":"https:\/\/newsestlyonnais.fr\/site\/wp-content\/uploads\/2019\/07\/NEWSESTLYONNAIS-DMA.jpg","contentUrl":"https:\/\/newsestlyonnais.fr\/site\/wp-content\/uploads\/2019\/07\/NEWSESTLYONNAIS-DMA.jpg","width":895,"height":450},{"@type":"BreadcrumbList","@id":"https:\/\/newsestlyonnais.fr\/site\/2019\/07\/24\/decines-meyzieu-athletisme-nombre-record-de-qualifs-aux-championnats-de-france\/#breadcrumb","itemListElement":[{"@type":"ListItem","position":1,"name":"Accueil","item":"https:\/\/newsestlyonnais.fr\/site\/"},{"@type":"ListItem","position":2,"name":"DECINES-MEYZIEU Athl\u00e9tisme | Nombre record de qualifs aux championnats de France"}]},{"@type":"WebSite","@id":"https:\/\/newsestlyonnais.fr\/site\/#website","url":"https:\/\/newsestlyonnais.fr\/site\/","name":"News Est Lyonnais","description":"L&#039;actualit\u00e9 au plus pr\u00e8s","publisher":{"@id":"https:\/\/newsestlyonnais.fr\/site\/#organization"},"potentialAction":[{"@type":"SearchAction","target":{"@type":"EntryPoint","urlTemplate":"https:\/\/newsestlyonnais.fr\/site\/?s={search_term_string}"},"query-input":{"@type":"PropertyValueSpecification","valueRequired":true,"valueName":"search_term_string"}}],"inLanguage":"fr-FR"},{"@type":"Organization","@id":"https:\/\/newsestlyonnais.fr\/site\/#organization","name":"News EST LYONNAIS","url":"https:\/\/newsestlyonnais.fr\/site\/","logo":{"@type":"ImageObject","inLanguage":"fr-FR","@id":"https:\/\/newsestlyonnais.fr\/site\/#\/schema\/logo\/image\/","url":"","contentUrl":"","caption":"News EST LYONNAIS"},"image":{"@id":"https:\/\/newsestlyonnais.fr\/site\/#\/schema\/logo\/image\/"}},{"@type":"Person","@id":"https:\/\/newsestlyonnais.fr\/site\/#\/schema\/person\/3230d5615f390bb808365d673001e887","name":"R\u00e9dac. NEWS","sameAs":["http:\/\/www.newsestlyonnais.fr","https:\/\/www.facebook.com\/pascal.oberson.1?fref=ts","https:\/\/fr.linkedin.com\/in\/pascal-oberson-b17045113"],"url":"https:\/\/newsestlyonnais.fr\/site\/author\/nel\/"}]}},"_links":{"self":[{"href":"https:\/\/newsestlyonnais.fr\/site\/wp-json\/wp\/v2\/posts\/80491","targetHints":{"allow":["GET"]}}],"collection":[{"href":"https:\/\/newsestlyonnais.fr\/site\/wp-json\/wp\/v2\/posts"}],"about":[{"href":"https:\/\/newsestlyonnais.fr\/site\/wp-json\/wp\/v2\/types\/post"}],"author":[{"embeddable":true,"href":"https:\/\/newsestlyonnais.fr\/site\/wp-json\/wp\/v2\/users\/4"}],"replies":[{"embeddable":true,"href":"https:\/\/newsestlyonnais.fr\/site\/wp-json\/wp\/v2\/comments?post=80491"}],"version-history":[{"count":0,"href":"https:\/\/newsestlyonnais.fr\/site\/wp-json\/wp\/v2\/posts\/80491\/revisions"}],"wp:featuredmedia":[{"embeddable":true,"href":"https:\/\/newsestlyonnais.fr\/site\/wp-json\/wp\/v2\/media\/80708"}],"wp:attachment":[{"href":"https:\/\/newsestlyonnais.fr\/site\/wp-json\/wp\/v2\/media?parent=80491"}],"wp:term":[{"taxonomy":"category","embeddable":true,"href":"https:\/\/newsestlyonnais.fr\/site\/wp-json\/wp\/v2\/categories?post=80491"},{"taxonomy":"post_tag","embeddable":true,"href":"https:\/\/newsestlyonnais.fr\/site\/wp-json\/wp\/v2\/tags?post=80491"}],"curies":[{"name":"wp","href":"https:\/\/api.w.org\/{rel}","templated":true}]}}