{"id":80661,"date":"2019-09-10T06:13:18","date_gmt":"2019-09-10T05:13:18","guid":{"rendered":"http:\/\/newsestlyonnais.fr\/site\/?p=80661"},"modified":"2020-11-07T08:45:44","modified_gmt":"2020-11-07T07:45:44","slug":"le-sytral-devoile-lenvers-du-decor-du-reseau-tcl-aux-journees-europeennes-du-patrimoine","status":"publish","type":"post","link":"https:\/\/newsestlyonnais.fr\/site\/2019\/09\/10\/le-sytral-devoile-lenvers-du-decor-du-reseau-tcl-aux-journees-europeennes-du-patrimoine\/","title":{"rendered":"SYTRAL | L&rsquo;envers du d\u00e9cor du r\u00e9seau Tcl aux Journ\u00e9es du Patrimoine"},"content":{"rendered":"\r\n<p>Comme chaque ann\u00e9e, <strong>3 sites<\/strong> vont ouvrir leurs portes aux visiteurs qui pourront d\u00e9couvrir l\u2019envers du d\u00e9cor et \u00e9changer avec ceux qui assurent au quotidien, l\u2019exploitation, la maintenance et l\u2019entretien du mat\u00e9riel et du patrimoine.<\/p>\r\n<p><em><strong>Le SYTRAL est propri\u00e9taire d\u2019un patrimoine de plus de 4,5 milliards d\u2019euros compos\u00e9 des stations, tunnels, d\u00e9p\u00f4ts, bureaux et du mat\u00e9riel roulant du r\u00e9seau TCL qui compte 1,8 million de voyages quotidiens.<\/strong><\/em><\/p>\r\n<p>Les ateliers de maintenance des lignes de m\u00e9tro A et B, qui accueilleront les 30 rames nouvelle g\u00e9n\u00e9ration prochainement en circulation sur la ligne B, seront mis \u00e0 l\u2019honneur.<\/p>\r\n<p>Les visiteurs pourront d\u00e9couvrir l\u2019atelier de maintenance et apprendre les secrets de la conduite d\u2019un m\u00e9tro. Le SYTRAL propose \u00e9galement de faire d\u00e9couvrir l\u2019atelier de maintenance du Funiculaire de Saint-Just qui, \u00e0 l\u2019 instar de celui de Fourvi\u00e8re, a \u00e9t\u00e9 enti\u00e8rement r\u00e9nov\u00e9 en 2019. Cette visite sera aussi l\u2019occasion de se glisser dans la peau d\u2019un conducteur de funiculaire et de se familiariser avec son m\u00e9tier. Enfin, les ateliers du tramway de Saint-Priest ouvriront exceptionnellement leurs portes. L\u2019 occasion de d\u00e9couvrir le m\u00e9tier de conducteur de tramway et de d\u00e9couvrir comment les rames sont entretenues au quotidien sur ce site qui a r\u00e9cemment fait l\u2019objet d\u2019une extension de 2.600 m\u00b2.<\/p>\r\n<p>____________________________________________________________________________<\/p>\r\n<p><strong>Les visites guid\u00e9es ont lieu le matin entre 10 h &amp; 12 h et l\u2019apr\u00e8s-midi entre 14 h et 17 h les samedi 21 et dimanche 22 septembre 2019<\/strong>. <span style=\"text-decoration: underline\">La visite de chaque site durera environ une heure.<\/span><\/p>\r\n<p>Pour des raisons d\u2019organisation, <strong>les inscriptions sont obligatoires<\/strong> aupr\u00e8s d\u2019ALL\u00d4 TCL (au 04 2610 12 12) <strong>du 20 ao\u00fbt au 16 septembre inclus.<\/strong><\/p>\r\n<p>___________________________________________________________________________<\/p>\r\n<p><span style=\"text-decoration: underline\"><em><strong>Les sites<\/strong><\/em><\/span>:<\/p>\r\n<ul>\r\n<li><strong>Les ateliers de maintenance du m\u00e9tro \u2013lignes A et B41<\/strong> : rue de la Poudrette \u00e0 <strong>Vaulx-en-Velin<\/strong>. (Acc\u00e8s : m\u00e9tro ligne A et tramway ligne T3 \u2013station Vaulx-en-Velin La Soie).<\/li>\r\n<li><strong>Le Funiculaire de Saint-Jus<\/strong>t : 46 rue de Trion \u00e0 <strong>Lyon 5\u00b0<\/strong>. (Acc\u00e8s: Funiculaire Saint Just, Bus 66 et 90 -arr\u00eat Saint Just, Bus C20, C21 et 35 -arr\u00eat Saint Alexandre).<\/li>\r\n<li><strong>Les ateliers de maintenance du tramway<\/strong> : Cours du professeur Jean Bernard \u00e0 <strong>Saint-Priest<\/strong>. (Acc\u00e8s: tram T2 station Porte-des-Alpes).<\/li>\r\n<\/ul>\r\n","protected":false},"excerpt":{"rendered":"<p>A l\u2019occasion de la 36\u00b0 \u00e9dition des journ\u00e9es europ\u00e9ennes du patrimoine, le SYTRAL l\u00e8ve le voile sur les coulisses du r\u00e9seau TCL.<\/p>\n","protected":false},"author":4,"featured_media":80669,"comment_status":"open","ping_status":"open","sticky":false,"template":"","format":"standard","meta":{"footnotes":""},"categories":[3348,1625,1296,13,28],"tags":[2920,2455,2051,2919],"class_list":["post-80661","post","type-post","status-publish","format-standard","has-post-thumbnail","hentry","category-histoire-patrimoine","category-lyon","category-sain-priest","category-transports-circulation","category-vaulx-en-velin","tag-journees-du-patrimoine","tag-sytral","tag-tcl","tag-visite"],"yoast_head":"<!-- This site is optimized with the Yoast SEO plugin v27.2 - https:\/\/yoast.com\/product\/yoast-seo-wordpress\/ -->\n<title>SYTRAL | L&#039;envers du d\u00e9cor du r\u00e9seau Tcl aux Journ\u00e9es du Patrimoine - News Est Lyonnais<\/title>\n<meta name=\"description\" content=\"L&#039;envers du d\u00e9cor du r\u00e9seau Tcl aux Journ\u00e9es Europ\u00e9ennes du Patrimoine. A l\u2019occasion des 36\u00b0 journ\u00e9es, le SYTRAL l\u00e8ve le voile sur les coulisses\" \/>\n<meta name=\"robots\" content=\"index, follow, max-snippet:-1, max-image-preview:large, max-video-preview:-1\" \/>\n<link rel=\"canonical\" href=\"https:\/\/newsestlyonnais.fr\/site\/2019\/09\/10\/le-sytral-devoile-lenvers-du-decor-du-reseau-tcl-aux-journees-europeennes-du-patrimoine\/\" \/>\n<meta property=\"og:locale\" content=\"fr_FR\" \/>\n<meta property=\"og:type\" content=\"article\" \/>\n<meta property=\"og:title\" content=\"SYTRAL | L&#039;envers du d\u00e9cor du r\u00e9seau Tcl aux Journ\u00e9es du Patrimoine - News Est Lyonnais\" \/>\n<meta property=\"og:description\" content=\"L&#039;envers du d\u00e9cor du r\u00e9seau Tcl aux Journ\u00e9es Europ\u00e9ennes du Patrimoine. A l\u2019occasion des 36\u00b0 journ\u00e9es, le SYTRAL l\u00e8ve le voile sur les coulisses\" \/>\n<meta property=\"og:url\" content=\"https:\/\/newsestlyonnais.fr\/site\/2019\/09\/10\/le-sytral-devoile-lenvers-du-decor-du-reseau-tcl-aux-journees-europeennes-du-patrimoine\/\" \/>\n<meta property=\"og:site_name\" content=\"News Est Lyonnais\" \/>\n<meta property=\"article:author\" content=\"https:\/\/www.facebook.com\/pascal.oberson.1?fref=ts\" \/>\n<meta property=\"article:published_time\" content=\"2019-09-10T05:13:18+00:00\" \/>\n<meta property=\"article:modified_time\" content=\"2020-11-07T07:45:44+00:00\" \/>\n<meta property=\"og:image\" content=\"https:\/\/i1.wp.com\/newsestlyonnais.fr\/site\/wp-content\/uploads\/2019\/07\/NEWSESTLYONNAIS-JOURNES-PATRIMOINE-2019-B.jpg?fit=299%2C168&ssl=1\" \/>\n\t<meta property=\"og:image:width\" content=\"299\" \/>\n\t<meta property=\"og:image:height\" content=\"168\" \/>\n\t<meta property=\"og:image:type\" content=\"image\/jpeg\" \/>\n<meta name=\"author\" content=\"R\u00e9dac. NEWS\" \/>\n<meta name=\"twitter:card\" content=\"summary_large_image\" \/>\n<meta name=\"twitter:label1\" content=\"\u00c9crit par\" \/>\n\t<meta name=\"twitter:data1\" content=\"R\u00e9dac. NEWS\" \/>\n\t<meta name=\"twitter:label2\" content=\"Dur\u00e9e de lecture estim\u00e9e\" \/>\n\t<meta name=\"twitter:data2\" content=\"2 minutes\" \/>\n<script type=\"application\/ld+json\" class=\"yoast-schema-graph\">{\"@context\":\"https:\/\/schema.org\",\"@graph\":[{\"@type\":\"Article\",\"@id\":\"https:\/\/newsestlyonnais.fr\/site\/2019\/09\/10\/le-sytral-devoile-lenvers-du-decor-du-reseau-tcl-aux-journees-europeennes-du-patrimoine\/#article\",\"isPartOf\":{\"@id\":\"https:\/\/newsestlyonnais.fr\/site\/2019\/09\/10\/le-sytral-devoile-lenvers-du-decor-du-reseau-tcl-aux-journees-europeennes-du-patrimoine\/\"},\"author\":{\"name\":\"R\u00e9dac. NEWS\",\"@id\":\"https:\/\/newsestlyonnais.fr\/site\/#\/schema\/person\/3230d5615f390bb808365d673001e887\"},\"headline\":\"SYTRAL | L&rsquo;envers du d\u00e9cor du r\u00e9seau Tcl aux Journ\u00e9es du Patrimoine\",\"datePublished\":\"2019-09-10T05:13:18+00:00\",\"dateModified\":\"2020-11-07T07:45:44+00:00\",\"mainEntityOfPage\":{\"@id\":\"https:\/\/newsestlyonnais.fr\/site\/2019\/09\/10\/le-sytral-devoile-lenvers-du-decor-du-reseau-tcl-aux-journees-europeennes-du-patrimoine\/\"},\"wordCount\":381,\"commentCount\":0,\"publisher\":{\"@id\":\"https:\/\/newsestlyonnais.fr\/site\/#organization\"},\"image\":{\"@id\":\"https:\/\/newsestlyonnais.fr\/site\/2019\/09\/10\/le-sytral-devoile-lenvers-du-decor-du-reseau-tcl-aux-journees-europeennes-du-patrimoine\/#primaryimage\"},\"thumbnailUrl\":\"https:\/\/newsestlyonnais.fr\/site\/wp-content\/uploads\/2019\/07\/NEWSESTLYONNAIS-JOURNES-PATRIMOINE-2019-B.jpg\",\"keywords\":[\"JOURNEES DU PATRIMOINE\",\"SYTRAL\",\"TCL\",\"VISITE\"],\"articleSection\":[\"Histoire | Patrimoine\",\"Lyon\",\"Saint-Priest\",\"Transports | Circulation\",\"Vaulx-en-Velin\"],\"inLanguage\":\"fr-FR\",\"potentialAction\":[{\"@type\":\"CommentAction\",\"name\":\"Comment\",\"target\":[\"https:\/\/newsestlyonnais.fr\/site\/2019\/09\/10\/le-sytral-devoile-lenvers-du-decor-du-reseau-tcl-aux-journees-europeennes-du-patrimoine\/#respond\"]}]},{\"@type\":\"WebPage\",\"@id\":\"https:\/\/newsestlyonnais.fr\/site\/2019\/09\/10\/le-sytral-devoile-lenvers-du-decor-du-reseau-tcl-aux-journees-europeennes-du-patrimoine\/\",\"url\":\"https:\/\/newsestlyonnais.fr\/site\/2019\/09\/10\/le-sytral-devoile-lenvers-du-decor-du-reseau-tcl-aux-journees-europeennes-du-patrimoine\/\",\"name\":\"SYTRAL | L'envers du d\u00e9cor du r\u00e9seau Tcl aux Journ\u00e9es du Patrimoine - News Est Lyonnais\",\"isPartOf\":{\"@id\":\"https:\/\/newsestlyonnais.fr\/site\/#website\"},\"primaryImageOfPage\":{\"@id\":\"https:\/\/newsestlyonnais.fr\/site\/2019\/09\/10\/le-sytral-devoile-lenvers-du-decor-du-reseau-tcl-aux-journees-europeennes-du-patrimoine\/#primaryimage\"},\"image\":{\"@id\":\"https:\/\/newsestlyonnais.fr\/site\/2019\/09\/10\/le-sytral-devoile-lenvers-du-decor-du-reseau-tcl-aux-journees-europeennes-du-patrimoine\/#primaryimage\"},\"thumbnailUrl\":\"https:\/\/newsestlyonnais.fr\/site\/wp-content\/uploads\/2019\/07\/NEWSESTLYONNAIS-JOURNES-PATRIMOINE-2019-B.jpg\",\"datePublished\":\"2019-09-10T05:13:18+00:00\",\"dateModified\":\"2020-11-07T07:45:44+00:00\",\"description\":\"L'envers du d\u00e9cor du r\u00e9seau Tcl aux Journ\u00e9es Europ\u00e9ennes du Patrimoine. A l\u2019occasion des 36\u00b0 journ\u00e9es, le SYTRAL l\u00e8ve le voile sur les coulisses\",\"breadcrumb\":{\"@id\":\"https:\/\/newsestlyonnais.fr\/site\/2019\/09\/10\/le-sytral-devoile-lenvers-du-decor-du-reseau-tcl-aux-journees-europeennes-du-patrimoine\/#breadcrumb\"},\"inLanguage\":\"fr-FR\",\"potentialAction\":[{\"@type\":\"ReadAction\",\"target\":[\"https:\/\/newsestlyonnais.fr\/site\/2019\/09\/10\/le-sytral-devoile-lenvers-du-decor-du-reseau-tcl-aux-journees-europeennes-du-patrimoine\/\"]}]},{\"@type\":\"ImageObject\",\"inLanguage\":\"fr-FR\",\"@id\":\"https:\/\/newsestlyonnais.fr\/site\/2019\/09\/10\/le-sytral-devoile-lenvers-du-decor-du-reseau-tcl-aux-journees-europeennes-du-patrimoine\/#primaryimage\",\"url\":\"https:\/\/newsestlyonnais.fr\/site\/wp-content\/uploads\/2019\/07\/NEWSESTLYONNAIS-JOURNES-PATRIMOINE-2019-B.jpg\",\"contentUrl\":\"https:\/\/newsestlyonnais.fr\/site\/wp-content\/uploads\/2019\/07\/NEWSESTLYONNAIS-JOURNES-PATRIMOINE-2019-B.jpg\",\"width\":299,\"height\":168},{\"@type\":\"BreadcrumbList\",\"@id\":\"https:\/\/newsestlyonnais.fr\/site\/2019\/09\/10\/le-sytral-devoile-lenvers-du-decor-du-reseau-tcl-aux-journees-europeennes-du-patrimoine\/#breadcrumb\",\"itemListElement\":[{\"@type\":\"ListItem\",\"position\":1,\"name\":\"Accueil\",\"item\":\"https:\/\/newsestlyonnais.fr\/site\/\"},{\"@type\":\"ListItem\",\"position\":2,\"name\":\"SYTRAL | L&rsquo;envers du d\u00e9cor du r\u00e9seau Tcl aux Journ\u00e9es du Patrimoine\"}]},{\"@type\":\"WebSite\",\"@id\":\"https:\/\/newsestlyonnais.fr\/site\/#website\",\"url\":\"https:\/\/newsestlyonnais.fr\/site\/\",\"name\":\"News Est Lyonnais\",\"description\":\"L&#039;actualit\u00e9 au plus pr\u00e8s\",\"publisher\":{\"@id\":\"https:\/\/newsestlyonnais.fr\/site\/#organization\"},\"potentialAction\":[{\"@type\":\"SearchAction\",\"target\":{\"@type\":\"EntryPoint\",\"urlTemplate\":\"https:\/\/newsestlyonnais.fr\/site\/?s={search_term_string}\"},\"query-input\":{\"@type\":\"PropertyValueSpecification\",\"valueRequired\":true,\"valueName\":\"search_term_string\"}}],\"inLanguage\":\"fr-FR\"},{\"@type\":\"Organization\",\"@id\":\"https:\/\/newsestlyonnais.fr\/site\/#organization\",\"name\":\"News EST LYONNAIS\",\"url\":\"https:\/\/newsestlyonnais.fr\/site\/\",\"logo\":{\"@type\":\"ImageObject\",\"inLanguage\":\"fr-FR\",\"@id\":\"https:\/\/newsestlyonnais.fr\/site\/#\/schema\/logo\/image\/\",\"url\":\"\",\"contentUrl\":\"\",\"caption\":\"News EST LYONNAIS\"},\"image\":{\"@id\":\"https:\/\/newsestlyonnais.fr\/site\/#\/schema\/logo\/image\/\"}},{\"@type\":\"Person\",\"@id\":\"https:\/\/newsestlyonnais.fr\/site\/#\/schema\/person\/3230d5615f390bb808365d673001e887\",\"name\":\"R\u00e9dac. NEWS\",\"sameAs\":[\"http:\/\/www.newsestlyonnais.fr\",\"https:\/\/www.facebook.com\/pascal.oberson.1?fref=ts\",\"https:\/\/fr.linkedin.com\/in\/pascal-oberson-b17045113\"],\"url\":\"https:\/\/newsestlyonnais.fr\/site\/author\/nel\/\"}]}<\/script>\n<!-- \/ Yoast SEO plugin. -->","yoast_head_json":{"title":"SYTRAL | L'envers du d\u00e9cor du r\u00e9seau Tcl aux Journ\u00e9es du Patrimoine - News Est Lyonnais","description":"L'envers du d\u00e9cor du r\u00e9seau Tcl aux Journ\u00e9es Europ\u00e9ennes du Patrimoine. A l\u2019occasion des 36\u00b0 journ\u00e9es, le SYTRAL l\u00e8ve le voile sur les coulisses","robots":{"index":"index","follow":"follow","max-snippet":"max-snippet:-1","max-image-preview":"max-image-preview:large","max-video-preview":"max-video-preview:-1"},"canonical":"https:\/\/newsestlyonnais.fr\/site\/2019\/09\/10\/le-sytral-devoile-lenvers-du-decor-du-reseau-tcl-aux-journees-europeennes-du-patrimoine\/","og_locale":"fr_FR","og_type":"article","og_title":"SYTRAL | L'envers du d\u00e9cor du r\u00e9seau Tcl aux Journ\u00e9es du Patrimoine - News Est Lyonnais","og_description":"L'envers du d\u00e9cor du r\u00e9seau Tcl aux Journ\u00e9es Europ\u00e9ennes du Patrimoine. A l\u2019occasion des 36\u00b0 journ\u00e9es, le SYTRAL l\u00e8ve le voile sur les coulisses","og_url":"https:\/\/newsestlyonnais.fr\/site\/2019\/09\/10\/le-sytral-devoile-lenvers-du-decor-du-reseau-tcl-aux-journees-europeennes-du-patrimoine\/","og_site_name":"News Est Lyonnais","article_author":"https:\/\/www.facebook.com\/pascal.oberson.1?fref=ts","article_published_time":"2019-09-10T05:13:18+00:00","article_modified_time":"2020-11-07T07:45:44+00:00","og_image":[{"width":299,"height":168,"url":"https:\/\/i1.wp.com\/newsestlyonnais.fr\/site\/wp-content\/uploads\/2019\/07\/NEWSESTLYONNAIS-JOURNES-PATRIMOINE-2019-B.jpg?fit=299%2C168&ssl=1","type":"image\/jpeg"}],"author":"R\u00e9dac. NEWS","twitter_card":"summary_large_image","twitter_misc":{"\u00c9crit par":"R\u00e9dac. NEWS","Dur\u00e9e de lecture estim\u00e9e":"2 minutes"},"schema":{"@context":"https:\/\/schema.org","@graph":[{"@type":"Article","@id":"https:\/\/newsestlyonnais.fr\/site\/2019\/09\/10\/le-sytral-devoile-lenvers-du-decor-du-reseau-tcl-aux-journees-europeennes-du-patrimoine\/#article","isPartOf":{"@id":"https:\/\/newsestlyonnais.fr\/site\/2019\/09\/10\/le-sytral-devoile-lenvers-du-decor-du-reseau-tcl-aux-journees-europeennes-du-patrimoine\/"},"author":{"name":"R\u00e9dac. NEWS","@id":"https:\/\/newsestlyonnais.fr\/site\/#\/schema\/person\/3230d5615f390bb808365d673001e887"},"headline":"SYTRAL | L&rsquo;envers du d\u00e9cor du r\u00e9seau Tcl aux Journ\u00e9es du Patrimoine","datePublished":"2019-09-10T05:13:18+00:00","dateModified":"2020-11-07T07:45:44+00:00","mainEntityOfPage":{"@id":"https:\/\/newsestlyonnais.fr\/site\/2019\/09\/10\/le-sytral-devoile-lenvers-du-decor-du-reseau-tcl-aux-journees-europeennes-du-patrimoine\/"},"wordCount":381,"commentCount":0,"publisher":{"@id":"https:\/\/newsestlyonnais.fr\/site\/#organization"},"image":{"@id":"https:\/\/newsestlyonnais.fr\/site\/2019\/09\/10\/le-sytral-devoile-lenvers-du-decor-du-reseau-tcl-aux-journees-europeennes-du-patrimoine\/#primaryimage"},"thumbnailUrl":"https:\/\/newsestlyonnais.fr\/site\/wp-content\/uploads\/2019\/07\/NEWSESTLYONNAIS-JOURNES-PATRIMOINE-2019-B.jpg","keywords":["JOURNEES DU PATRIMOINE","SYTRAL","TCL","VISITE"],"articleSection":["Histoire | Patrimoine","Lyon","Saint-Priest","Transports | Circulation","Vaulx-en-Velin"],"inLanguage":"fr-FR","potentialAction":[{"@type":"CommentAction","name":"Comment","target":["https:\/\/newsestlyonnais.fr\/site\/2019\/09\/10\/le-sytral-devoile-lenvers-du-decor-du-reseau-tcl-aux-journees-europeennes-du-patrimoine\/#respond"]}]},{"@type":"WebPage","@id":"https:\/\/newsestlyonnais.fr\/site\/2019\/09\/10\/le-sytral-devoile-lenvers-du-decor-du-reseau-tcl-aux-journees-europeennes-du-patrimoine\/","url":"https:\/\/newsestlyonnais.fr\/site\/2019\/09\/10\/le-sytral-devoile-lenvers-du-decor-du-reseau-tcl-aux-journees-europeennes-du-patrimoine\/","name":"SYTRAL | L'envers du d\u00e9cor du r\u00e9seau Tcl aux Journ\u00e9es du Patrimoine - News Est Lyonnais","isPartOf":{"@id":"https:\/\/newsestlyonnais.fr\/site\/#website"},"primaryImageOfPage":{"@id":"https:\/\/newsestlyonnais.fr\/site\/2019\/09\/10\/le-sytral-devoile-lenvers-du-decor-du-reseau-tcl-aux-journees-europeennes-du-patrimoine\/#primaryimage"},"image":{"@id":"https:\/\/newsestlyonnais.fr\/site\/2019\/09\/10\/le-sytral-devoile-lenvers-du-decor-du-reseau-tcl-aux-journees-europeennes-du-patrimoine\/#primaryimage"},"thumbnailUrl":"https:\/\/newsestlyonnais.fr\/site\/wp-content\/uploads\/2019\/07\/NEWSESTLYONNAIS-JOURNES-PATRIMOINE-2019-B.jpg","datePublished":"2019-09-10T05:13:18+00:00","dateModified":"2020-11-07T07:45:44+00:00","description":"L'envers du d\u00e9cor du r\u00e9seau Tcl aux Journ\u00e9es Europ\u00e9ennes du Patrimoine. A l\u2019occasion des 36\u00b0 journ\u00e9es, le SYTRAL l\u00e8ve le voile sur les coulisses","breadcrumb":{"@id":"https:\/\/newsestlyonnais.fr\/site\/2019\/09\/10\/le-sytral-devoile-lenvers-du-decor-du-reseau-tcl-aux-journees-europeennes-du-patrimoine\/#breadcrumb"},"inLanguage":"fr-FR","potentialAction":[{"@type":"ReadAction","target":["https:\/\/newsestlyonnais.fr\/site\/2019\/09\/10\/le-sytral-devoile-lenvers-du-decor-du-reseau-tcl-aux-journees-europeennes-du-patrimoine\/"]}]},{"@type":"ImageObject","inLanguage":"fr-FR","@id":"https:\/\/newsestlyonnais.fr\/site\/2019\/09\/10\/le-sytral-devoile-lenvers-du-decor-du-reseau-tcl-aux-journees-europeennes-du-patrimoine\/#primaryimage","url":"https:\/\/newsestlyonnais.fr\/site\/wp-content\/uploads\/2019\/07\/NEWSESTLYONNAIS-JOURNES-PATRIMOINE-2019-B.jpg","contentUrl":"https:\/\/newsestlyonnais.fr\/site\/wp-content\/uploads\/2019\/07\/NEWSESTLYONNAIS-JOURNES-PATRIMOINE-2019-B.jpg","width":299,"height":168},{"@type":"BreadcrumbList","@id":"https:\/\/newsestlyonnais.fr\/site\/2019\/09\/10\/le-sytral-devoile-lenvers-du-decor-du-reseau-tcl-aux-journees-europeennes-du-patrimoine\/#breadcrumb","itemListElement":[{"@type":"ListItem","position":1,"name":"Accueil","item":"https:\/\/newsestlyonnais.fr\/site\/"},{"@type":"ListItem","position":2,"name":"SYTRAL | L&rsquo;envers du d\u00e9cor du r\u00e9seau Tcl aux Journ\u00e9es du Patrimoine"}]},{"@type":"WebSite","@id":"https:\/\/newsestlyonnais.fr\/site\/#website","url":"https:\/\/newsestlyonnais.fr\/site\/","name":"News Est Lyonnais","description":"L&#039;actualit\u00e9 au plus pr\u00e8s","publisher":{"@id":"https:\/\/newsestlyonnais.fr\/site\/#organization"},"potentialAction":[{"@type":"SearchAction","target":{"@type":"EntryPoint","urlTemplate":"https:\/\/newsestlyonnais.fr\/site\/?s={search_term_string}"},"query-input":{"@type":"PropertyValueSpecification","valueRequired":true,"valueName":"search_term_string"}}],"inLanguage":"fr-FR"},{"@type":"Organization","@id":"https:\/\/newsestlyonnais.fr\/site\/#organization","name":"News EST LYONNAIS","url":"https:\/\/newsestlyonnais.fr\/site\/","logo":{"@type":"ImageObject","inLanguage":"fr-FR","@id":"https:\/\/newsestlyonnais.fr\/site\/#\/schema\/logo\/image\/","url":"","contentUrl":"","caption":"News EST LYONNAIS"},"image":{"@id":"https:\/\/newsestlyonnais.fr\/site\/#\/schema\/logo\/image\/"}},{"@type":"Person","@id":"https:\/\/newsestlyonnais.fr\/site\/#\/schema\/person\/3230d5615f390bb808365d673001e887","name":"R\u00e9dac. NEWS","sameAs":["http:\/\/www.newsestlyonnais.fr","https:\/\/www.facebook.com\/pascal.oberson.1?fref=ts","https:\/\/fr.linkedin.com\/in\/pascal-oberson-b17045113"],"url":"https:\/\/newsestlyonnais.fr\/site\/author\/nel\/"}]}},"_links":{"self":[{"href":"https:\/\/newsestlyonnais.fr\/site\/wp-json\/wp\/v2\/posts\/80661","targetHints":{"allow":["GET"]}}],"collection":[{"href":"https:\/\/newsestlyonnais.fr\/site\/wp-json\/wp\/v2\/posts"}],"about":[{"href":"https:\/\/newsestlyonnais.fr\/site\/wp-json\/wp\/v2\/types\/post"}],"author":[{"embeddable":true,"href":"https:\/\/newsestlyonnais.fr\/site\/wp-json\/wp\/v2\/users\/4"}],"replies":[{"embeddable":true,"href":"https:\/\/newsestlyonnais.fr\/site\/wp-json\/wp\/v2\/comments?post=80661"}],"version-history":[{"count":0,"href":"https:\/\/newsestlyonnais.fr\/site\/wp-json\/wp\/v2\/posts\/80661\/revisions"}],"wp:featuredmedia":[{"embeddable":true,"href":"https:\/\/newsestlyonnais.fr\/site\/wp-json\/wp\/v2\/media\/80669"}],"wp:attachment":[{"href":"https:\/\/newsestlyonnais.fr\/site\/wp-json\/wp\/v2\/media?parent=80661"}],"wp:term":[{"taxonomy":"category","embeddable":true,"href":"https:\/\/newsestlyonnais.fr\/site\/wp-json\/wp\/v2\/categories?post=80661"},{"taxonomy":"post_tag","embeddable":true,"href":"https:\/\/newsestlyonnais.fr\/site\/wp-json\/wp\/v2\/tags?post=80661"}],"curies":[{"name":"wp","href":"https:\/\/api.w.org\/{rel}","templated":true}]}}