{"id":81082,"date":"2019-08-01T06:55:30","date_gmt":"2019-08-01T05:55:30","guid":{"rendered":"http:\/\/newsestlyonnais.fr\/site\/?p=81082"},"modified":"2020-11-19T08:55:13","modified_gmt":"2020-11-19T07:55:13","slug":"miribel-jonage-livres-a-leau-de-retour","status":"publish","type":"post","link":"https:\/\/newsestlyonnais.fr\/site\/2019\/08\/01\/miribel-jonage-livres-a-leau-de-retour\/","title":{"rendered":"MIRIBEL-JONAGE | \u00a0\u00bb Livres \u00e0 l&rsquo;eau \u00a0\u00bb de retour"},"content":{"rendered":"\r\n<h5>En partenariat avec la biblioth\u00e8que Georges Perec et le r\u00e9seau de la lecture publique de la ville de Vaulx-en-Velin<\/h5>\r\n<p>Cet espace culturel s\u2019installera sur l&rsquo;esplanade du Fontanil aux abords de la plage et accueillera parents et enfants tous les jours pour offrir <strong>un large choix de livres, BD, mangas, albums, magazines \u00e0 consulter sur place.<\/strong><\/p>\r\n<p><span class=\"agenda-mentions\">Prolongeant l&rsquo;initiative de Livres \u00e0 l&rsquo;eau du mois de juillet, cet \u00e9v\u00e9nement est mont\u00e9 en partenariat avec la biblioth\u00e8que de Vaulx-en-Velin.<\/span><\/p>\r\n<h2>Salon de lecture du 6 au 9 ao\u00fbt 2019 de 10 h \u00e0 16 h, plage du Fontanil<\/h2>\r\n","protected":false},"excerpt":{"rendered":"<p>Le bibliobus de la biblioth\u00e8que de Vaulx-en-Velin offrira au public du mois d&rsquo;ao\u00fbt un moment de d\u00e9tente et d&rsquo;\u00e9vasion \u00e0 travers la lecture.<\/p>\n","protected":false},"author":4,"featured_media":0,"comment_status":"open","ping_status":"open","sticky":false,"template":"","format":"standard","meta":{"footnotes":""},"categories":[3329,2983,28],"tags":[2951,2234],"class_list":["post-81082","post","type-post","status-publish","format-standard","hentry","category-expos-foires-musees-salons","category-litterature-bd-mags-2","category-vaulx-en-velin","tag-livres","tag-miribel-jonage"],"yoast_head":"<!-- This site is optimized with the Yoast SEO plugin v27.2 - https:\/\/yoast.com\/product\/yoast-seo-wordpress\/ -->\n<title>MIRIBEL-JONAGE | &quot; Livres \u00e0 l&#039;eau &quot; de retour - News Est Lyonnais<\/title>\n<meta name=\"description\" content=\"MIRIBEL-JONAGE : &quot; Livres \u00e0 l&#039;eau &quot; de retour. Le bibliobus offrira au public un moment de d\u00e9tente et d&#039;\u00e9vasion \u00e0 travers la lecture.\" \/>\n<meta name=\"robots\" content=\"index, follow, max-snippet:-1, max-image-preview:large, max-video-preview:-1\" \/>\n<link rel=\"canonical\" href=\"https:\/\/newsestlyonnais.fr\/site\/2019\/08\/01\/miribel-jonage-livres-a-leau-de-retour\/\" \/>\n<meta property=\"og:locale\" content=\"fr_FR\" \/>\n<meta property=\"og:type\" content=\"article\" \/>\n<meta property=\"og:title\" content=\"MIRIBEL-JONAGE | &quot; Livres \u00e0 l&#039;eau &quot; de retour - News Est Lyonnais\" \/>\n<meta property=\"og:description\" content=\"MIRIBEL-JONAGE : &quot; Livres \u00e0 l&#039;eau &quot; de retour. Le bibliobus offrira au public un moment de d\u00e9tente et d&#039;\u00e9vasion \u00e0 travers la lecture.\" \/>\n<meta property=\"og:url\" content=\"https:\/\/newsestlyonnais.fr\/site\/2019\/08\/01\/miribel-jonage-livres-a-leau-de-retour\/\" \/>\n<meta property=\"og:site_name\" content=\"News Est Lyonnais\" \/>\n<meta property=\"article:author\" content=\"https:\/\/www.facebook.com\/pascal.oberson.1?fref=ts\" \/>\n<meta property=\"article:published_time\" content=\"2019-08-01T05:55:30+00:00\" \/>\n<meta property=\"article:modified_time\" content=\"2020-11-19T07:55:13+00:00\" \/>\n<meta name=\"author\" content=\"R\u00e9dac. NEWS\" \/>\n<meta name=\"twitter:card\" content=\"summary_large_image\" \/>\n<meta name=\"twitter:label1\" content=\"\u00c9crit par\" \/>\n\t<meta name=\"twitter:data1\" content=\"R\u00e9dac. NEWS\" \/>\n<script type=\"application\/ld+json\" class=\"yoast-schema-graph\">{\"@context\":\"https:\/\/schema.org\",\"@graph\":[{\"@type\":\"Article\",\"@id\":\"https:\/\/newsestlyonnais.fr\/site\/2019\/08\/01\/miribel-jonage-livres-a-leau-de-retour\/#article\",\"isPartOf\":{\"@id\":\"https:\/\/newsestlyonnais.fr\/site\/2019\/08\/01\/miribel-jonage-livres-a-leau-de-retour\/\"},\"author\":{\"name\":\"R\u00e9dac. NEWS\",\"@id\":\"https:\/\/newsestlyonnais.fr\/site\/#\/schema\/person\/3230d5615f390bb808365d673001e887\"},\"headline\":\"MIRIBEL-JONAGE | \u00a0\u00bb Livres \u00e0 l&rsquo;eau \u00a0\u00bb de retour\",\"datePublished\":\"2019-08-01T05:55:30+00:00\",\"dateModified\":\"2020-11-19T07:55:13+00:00\",\"mainEntityOfPage\":{\"@id\":\"https:\/\/newsestlyonnais.fr\/site\/2019\/08\/01\/miribel-jonage-livres-a-leau-de-retour\/\"},\"wordCount\":101,\"commentCount\":0,\"publisher\":{\"@id\":\"https:\/\/newsestlyonnais.fr\/site\/#organization\"},\"keywords\":[\"LIVRES\",\"MIRIBEL JONAGE\"],\"articleSection\":[\"Expos | Foires | Mus\u00e9es | Salons\",\"Litt\u00e9rature | Bd | Mags\",\"Vaulx-en-Velin\"],\"inLanguage\":\"fr-FR\",\"potentialAction\":[{\"@type\":\"CommentAction\",\"name\":\"Comment\",\"target\":[\"https:\/\/newsestlyonnais.fr\/site\/2019\/08\/01\/miribel-jonage-livres-a-leau-de-retour\/#respond\"]}]},{\"@type\":\"WebPage\",\"@id\":\"https:\/\/newsestlyonnais.fr\/site\/2019\/08\/01\/miribel-jonage-livres-a-leau-de-retour\/\",\"url\":\"https:\/\/newsestlyonnais.fr\/site\/2019\/08\/01\/miribel-jonage-livres-a-leau-de-retour\/\",\"name\":\"MIRIBEL-JONAGE | \\\" Livres \u00e0 l'eau \\\" de retour - News Est Lyonnais\",\"isPartOf\":{\"@id\":\"https:\/\/newsestlyonnais.fr\/site\/#website\"},\"datePublished\":\"2019-08-01T05:55:30+00:00\",\"dateModified\":\"2020-11-19T07:55:13+00:00\",\"description\":\"MIRIBEL-JONAGE : \\\" Livres \u00e0 l'eau \\\" de retour. Le bibliobus offrira au public un moment de d\u00e9tente et d'\u00e9vasion \u00e0 travers la lecture.\",\"breadcrumb\":{\"@id\":\"https:\/\/newsestlyonnais.fr\/site\/2019\/08\/01\/miribel-jonage-livres-a-leau-de-retour\/#breadcrumb\"},\"inLanguage\":\"fr-FR\",\"potentialAction\":[{\"@type\":\"ReadAction\",\"target\":[\"https:\/\/newsestlyonnais.fr\/site\/2019\/08\/01\/miribel-jonage-livres-a-leau-de-retour\/\"]}]},{\"@type\":\"BreadcrumbList\",\"@id\":\"https:\/\/newsestlyonnais.fr\/site\/2019\/08\/01\/miribel-jonage-livres-a-leau-de-retour\/#breadcrumb\",\"itemListElement\":[{\"@type\":\"ListItem\",\"position\":1,\"name\":\"Accueil\",\"item\":\"https:\/\/newsestlyonnais.fr\/site\/\"},{\"@type\":\"ListItem\",\"position\":2,\"name\":\"MIRIBEL-JONAGE | \u00a0\u00bb Livres \u00e0 l&rsquo;eau \u00a0\u00bb de retour\"}]},{\"@type\":\"WebSite\",\"@id\":\"https:\/\/newsestlyonnais.fr\/site\/#website\",\"url\":\"https:\/\/newsestlyonnais.fr\/site\/\",\"name\":\"News Est Lyonnais\",\"description\":\"L&#039;actualit\u00e9 au plus pr\u00e8s\",\"publisher\":{\"@id\":\"https:\/\/newsestlyonnais.fr\/site\/#organization\"},\"potentialAction\":[{\"@type\":\"SearchAction\",\"target\":{\"@type\":\"EntryPoint\",\"urlTemplate\":\"https:\/\/newsestlyonnais.fr\/site\/?s={search_term_string}\"},\"query-input\":{\"@type\":\"PropertyValueSpecification\",\"valueRequired\":true,\"valueName\":\"search_term_string\"}}],\"inLanguage\":\"fr-FR\"},{\"@type\":\"Organization\",\"@id\":\"https:\/\/newsestlyonnais.fr\/site\/#organization\",\"name\":\"News EST LYONNAIS\",\"url\":\"https:\/\/newsestlyonnais.fr\/site\/\",\"logo\":{\"@type\":\"ImageObject\",\"inLanguage\":\"fr-FR\",\"@id\":\"https:\/\/newsestlyonnais.fr\/site\/#\/schema\/logo\/image\/\",\"url\":\"\",\"contentUrl\":\"\",\"caption\":\"News EST LYONNAIS\"},\"image\":{\"@id\":\"https:\/\/newsestlyonnais.fr\/site\/#\/schema\/logo\/image\/\"}},{\"@type\":\"Person\",\"@id\":\"https:\/\/newsestlyonnais.fr\/site\/#\/schema\/person\/3230d5615f390bb808365d673001e887\",\"name\":\"R\u00e9dac. NEWS\",\"sameAs\":[\"http:\/\/www.newsestlyonnais.fr\",\"https:\/\/www.facebook.com\/pascal.oberson.1?fref=ts\",\"https:\/\/fr.linkedin.com\/in\/pascal-oberson-b17045113\"],\"url\":\"https:\/\/newsestlyonnais.fr\/site\/author\/nel\/\"}]}<\/script>\n<!-- \/ Yoast SEO plugin. -->","yoast_head_json":{"title":"MIRIBEL-JONAGE | \" Livres \u00e0 l'eau \" de retour - News Est Lyonnais","description":"MIRIBEL-JONAGE : \" Livres \u00e0 l'eau \" de retour. Le bibliobus offrira au public un moment de d\u00e9tente et d'\u00e9vasion \u00e0 travers la lecture.","robots":{"index":"index","follow":"follow","max-snippet":"max-snippet:-1","max-image-preview":"max-image-preview:large","max-video-preview":"max-video-preview:-1"},"canonical":"https:\/\/newsestlyonnais.fr\/site\/2019\/08\/01\/miribel-jonage-livres-a-leau-de-retour\/","og_locale":"fr_FR","og_type":"article","og_title":"MIRIBEL-JONAGE | \" Livres \u00e0 l'eau \" de retour - News Est Lyonnais","og_description":"MIRIBEL-JONAGE : \" Livres \u00e0 l'eau \" de retour. Le bibliobus offrira au public un moment de d\u00e9tente et d'\u00e9vasion \u00e0 travers la lecture.","og_url":"https:\/\/newsestlyonnais.fr\/site\/2019\/08\/01\/miribel-jonage-livres-a-leau-de-retour\/","og_site_name":"News Est Lyonnais","article_author":"https:\/\/www.facebook.com\/pascal.oberson.1?fref=ts","article_published_time":"2019-08-01T05:55:30+00:00","article_modified_time":"2020-11-19T07:55:13+00:00","author":"R\u00e9dac. NEWS","twitter_card":"summary_large_image","twitter_misc":{"\u00c9crit par":"R\u00e9dac. NEWS"},"schema":{"@context":"https:\/\/schema.org","@graph":[{"@type":"Article","@id":"https:\/\/newsestlyonnais.fr\/site\/2019\/08\/01\/miribel-jonage-livres-a-leau-de-retour\/#article","isPartOf":{"@id":"https:\/\/newsestlyonnais.fr\/site\/2019\/08\/01\/miribel-jonage-livres-a-leau-de-retour\/"},"author":{"name":"R\u00e9dac. NEWS","@id":"https:\/\/newsestlyonnais.fr\/site\/#\/schema\/person\/3230d5615f390bb808365d673001e887"},"headline":"MIRIBEL-JONAGE | \u00a0\u00bb Livres \u00e0 l&rsquo;eau \u00a0\u00bb de retour","datePublished":"2019-08-01T05:55:30+00:00","dateModified":"2020-11-19T07:55:13+00:00","mainEntityOfPage":{"@id":"https:\/\/newsestlyonnais.fr\/site\/2019\/08\/01\/miribel-jonage-livres-a-leau-de-retour\/"},"wordCount":101,"commentCount":0,"publisher":{"@id":"https:\/\/newsestlyonnais.fr\/site\/#organization"},"keywords":["LIVRES","MIRIBEL JONAGE"],"articleSection":["Expos | Foires | Mus\u00e9es | Salons","Litt\u00e9rature | Bd | Mags","Vaulx-en-Velin"],"inLanguage":"fr-FR","potentialAction":[{"@type":"CommentAction","name":"Comment","target":["https:\/\/newsestlyonnais.fr\/site\/2019\/08\/01\/miribel-jonage-livres-a-leau-de-retour\/#respond"]}]},{"@type":"WebPage","@id":"https:\/\/newsestlyonnais.fr\/site\/2019\/08\/01\/miribel-jonage-livres-a-leau-de-retour\/","url":"https:\/\/newsestlyonnais.fr\/site\/2019\/08\/01\/miribel-jonage-livres-a-leau-de-retour\/","name":"MIRIBEL-JONAGE | \" Livres \u00e0 l'eau \" de retour - News Est Lyonnais","isPartOf":{"@id":"https:\/\/newsestlyonnais.fr\/site\/#website"},"datePublished":"2019-08-01T05:55:30+00:00","dateModified":"2020-11-19T07:55:13+00:00","description":"MIRIBEL-JONAGE : \" Livres \u00e0 l'eau \" de retour. Le bibliobus offrira au public un moment de d\u00e9tente et d'\u00e9vasion \u00e0 travers la lecture.","breadcrumb":{"@id":"https:\/\/newsestlyonnais.fr\/site\/2019\/08\/01\/miribel-jonage-livres-a-leau-de-retour\/#breadcrumb"},"inLanguage":"fr-FR","potentialAction":[{"@type":"ReadAction","target":["https:\/\/newsestlyonnais.fr\/site\/2019\/08\/01\/miribel-jonage-livres-a-leau-de-retour\/"]}]},{"@type":"BreadcrumbList","@id":"https:\/\/newsestlyonnais.fr\/site\/2019\/08\/01\/miribel-jonage-livres-a-leau-de-retour\/#breadcrumb","itemListElement":[{"@type":"ListItem","position":1,"name":"Accueil","item":"https:\/\/newsestlyonnais.fr\/site\/"},{"@type":"ListItem","position":2,"name":"MIRIBEL-JONAGE | \u00a0\u00bb Livres \u00e0 l&rsquo;eau \u00a0\u00bb de retour"}]},{"@type":"WebSite","@id":"https:\/\/newsestlyonnais.fr\/site\/#website","url":"https:\/\/newsestlyonnais.fr\/site\/","name":"News Est Lyonnais","description":"L&#039;actualit\u00e9 au plus pr\u00e8s","publisher":{"@id":"https:\/\/newsestlyonnais.fr\/site\/#organization"},"potentialAction":[{"@type":"SearchAction","target":{"@type":"EntryPoint","urlTemplate":"https:\/\/newsestlyonnais.fr\/site\/?s={search_term_string}"},"query-input":{"@type":"PropertyValueSpecification","valueRequired":true,"valueName":"search_term_string"}}],"inLanguage":"fr-FR"},{"@type":"Organization","@id":"https:\/\/newsestlyonnais.fr\/site\/#organization","name":"News EST LYONNAIS","url":"https:\/\/newsestlyonnais.fr\/site\/","logo":{"@type":"ImageObject","inLanguage":"fr-FR","@id":"https:\/\/newsestlyonnais.fr\/site\/#\/schema\/logo\/image\/","url":"","contentUrl":"","caption":"News EST LYONNAIS"},"image":{"@id":"https:\/\/newsestlyonnais.fr\/site\/#\/schema\/logo\/image\/"}},{"@type":"Person","@id":"https:\/\/newsestlyonnais.fr\/site\/#\/schema\/person\/3230d5615f390bb808365d673001e887","name":"R\u00e9dac. NEWS","sameAs":["http:\/\/www.newsestlyonnais.fr","https:\/\/www.facebook.com\/pascal.oberson.1?fref=ts","https:\/\/fr.linkedin.com\/in\/pascal-oberson-b17045113"],"url":"https:\/\/newsestlyonnais.fr\/site\/author\/nel\/"}]}},"_links":{"self":[{"href":"https:\/\/newsestlyonnais.fr\/site\/wp-json\/wp\/v2\/posts\/81082","targetHints":{"allow":["GET"]}}],"collection":[{"href":"https:\/\/newsestlyonnais.fr\/site\/wp-json\/wp\/v2\/posts"}],"about":[{"href":"https:\/\/newsestlyonnais.fr\/site\/wp-json\/wp\/v2\/types\/post"}],"author":[{"embeddable":true,"href":"https:\/\/newsestlyonnais.fr\/site\/wp-json\/wp\/v2\/users\/4"}],"replies":[{"embeddable":true,"href":"https:\/\/newsestlyonnais.fr\/site\/wp-json\/wp\/v2\/comments?post=81082"}],"version-history":[{"count":0,"href":"https:\/\/newsestlyonnais.fr\/site\/wp-json\/wp\/v2\/posts\/81082\/revisions"}],"wp:attachment":[{"href":"https:\/\/newsestlyonnais.fr\/site\/wp-json\/wp\/v2\/media?parent=81082"}],"wp:term":[{"taxonomy":"category","embeddable":true,"href":"https:\/\/newsestlyonnais.fr\/site\/wp-json\/wp\/v2\/categories?post=81082"},{"taxonomy":"post_tag","embeddable":true,"href":"https:\/\/newsestlyonnais.fr\/site\/wp-json\/wp\/v2\/tags?post=81082"}],"curies":[{"name":"wp","href":"https:\/\/api.w.org\/{rel}","templated":true}]}}