{"id":81379,"date":"2019-08-24T19:53:17","date_gmt":"2019-08-24T18:53:17","guid":{"rendered":"http:\/\/newsestlyonnais.fr\/site\/?p=81379"},"modified":"2020-10-30T11:00:46","modified_gmt":"2020-10-30T10:00:46","slug":"corbas-70-associations-attendues-au-forum-des-associations","status":"publish","type":"post","link":"https:\/\/newsestlyonnais.fr\/site\/2019\/08\/24\/corbas-70-associations-attendues-au-forum-des-associations\/","title":{"rendered":"CORBAS | 70 associations au Forum des associations"},"content":{"rendered":"<div>\n<p><strong>Avec plus de 70 associations sportives et culturelles pr\u00e9sentes et pr\u00e8s de 1.000 visiteurs, le forum des associations sera l\u2019\u00e9v\u00e9nement incontournable de la rentr\u00e9e.<\/strong><\/p>\n<p>Il\u00a0permet\u00a0une\u00a0\u00a0mise en lumi\u00e8re de la richesse et du dynamisme du tissu associatif corbasien. Cette nouvelle \u00e9dition sera plac\u00e9e sous le signe de la solidarit\u00e9 et du d\u00e9veloppement durable. Une occasion suppl\u00e9mentaire de partager, d\u2019\u00e9changer et de rencontrer d\u2019autres passionn\u00e9s.<\/p>\n<p><span style=\"text-decoration: underline\">Liste des associations pr\u00e9sentes<\/span> :<\/p>\n<p><em><b>CULTURE : <\/b>A<\/em><em>ssociation de <\/em><em>L<\/em><em>oisirs et de <\/em><em>F<\/em><em>ormation <\/em><em>I<\/em><em>nformatique (cours d\u2019informatique), <\/em><em>C\u00f4t\u00e9 jardin <\/em><em>(<\/em><em>t<\/em><em>h\u00e9\u00e2tre<\/em><em>), <\/em><em>Akunamatata <\/em><em>(<\/em><em>t<\/em><em>h\u00e9\u00e2tre), <\/em><em>le Polaris <\/em><em>de Corbas, <\/em><em>A<\/em><em>ssociation familiale, <\/em><em>U<\/em><em>ltimate <\/em><em>(danse &#8211; fitness), <\/em><em>X<\/em><em>oxo<\/em><em> gato deco <\/em><em>(ateliers de p\u00e2tisserie), <\/em><em>Ludolangues, <\/em>Pelloch\u2019club (Photographie), <em>Scribe <\/em><em>(ateliers d\u2019\u00e9criture), <\/em><em>Lire \u00e0 Corbas, <\/em><em>M\u00e9moires Corbasiennes, <\/em><em>Club cin\u00e9 <\/em><em>Corbas, <\/em><em>Corbaltrad, <\/em><em>Et si on chantait, <\/em><em>E<\/em><em>nsemble vocal aquarelle, <\/em><em>La grande gueule, <\/em>Le choeurbasien.<\/p>\n<p><em><b>COMIT\u00c9S : <\/b><\/em><em>comit<\/em>\u00e9 des classes, comit\u00e9 pour nos anciens, <em>Comite de jumelage, <\/em><em>C<\/em><em>omite des f<\/em><em>\u00ea<\/em><em>tes.<\/em><\/p>\n<p><em><b>SERVICES MUNICIPAUX : <\/b><\/em><em>Ecole Municipale de <\/em>Musique, Ecole Municipale d\u2019Arts Plastiques, <em>Ecole <\/em><em>M<\/em><em>unicipale des <\/em><em>S<\/em><em>ports, <\/em>Point Information Jeunesse\/Point Accueil Jeunes, Mission Locale Rh\u00f4ne Sud Est Antenne Corbas, Les Conseils de quartiers.<\/p>\n<p><b>\u00c9DUCATION : <\/b>FCPE, PEEP, Sou de l\u2019\u00e9cole Marie Curie, Exa\u2019Cours.<\/p>\n<p><b>SPORT : <\/b>Corbas GR, Les mousquetaires de Corbas (escrime), Karat\u00e9 club de Corbas, Corbas full contact, Corbas gym, Gym volontaire, V\u00e9lo club de Corbas, Boxing club de Corbas, Amicale boule, Union judo Rh\u00f4ne, Corbas tennis de table, Corb\u2019alp, Corbas Volley, Handball club de Corbas, Corbas running, Squash club de Corbas, Les archers de corbas (Tir \u00e0 l\u2019arc), Football club de Corbas, Corbas Basket, Corbas VTT, Tennis Club de Corbas, Caposamba, Entente Badminton Corbas, RCPO (Rugby), \u00c9checs club de Corbas, Stressaway (relaxation), Tao chi du sud est.<\/p>\n<p><b>SOLIDARIT\u00c9\/SOCIAL : <\/b>FNATH (association des accident\u00e9s de la vie), SEL (Syst\u00e8me d&rsquo;Echange Local) de Corbas, Accueil San marco (b\u00e9n\u00e9voles accueillants les familles de d\u00e9tenus) et Auxilia (insertion), Amicale des donneurs de sang, En route ensemble (aide aux orphelins).<\/p>\n<p><b>ANIMATION\/LOISIRS : <\/b>Peps et cie (psychomotricit\u00e9), Amicale des Mod\u00e8listes Ferroviaires de Corbas (AMFC), Amicale des retrait\u00e9s, Couture passion, Lez&rsquo;arts du Rh\u00f4ne (ateliers cr\u00e9atifs).<\/p>\n<p><b>ENVIRONNEMENT : <\/b>APECo (Association pour la Protection de l&rsquo;Environnement de COrbas), Le Jardin du haut (jardin partag\u00e9), COVIFER (Contournement fret ferroviaire).<\/p>\n<p><b>A\u00c9RONAUTIQUE : <\/b>A\u00e9ro Mod\u00e8les Club du Rh\u00f4ne, Centre de Vol \u00e0 Voile.<\/p>\n<ul>\n<li><em><strong>Samedi 7 septembre de 9 h \u00e0 16 h au gymnase Jean Jaur\u00e8s.<\/strong><\/em><\/li>\n<\/ul>\n<figure id=\"attachment_78215\" aria-describedby=\"caption-attachment-78215\" style=\"width: 200px\" class=\"wp-caption aligncenter\"><img loading=\"lazy\" decoding=\"async\" class=\"size-medium wp-image-78215\" src=\"https:\/\/newsestlyonnais.fr\/site\/medias\/2019\/06\/NEWSESTLYONNAIS-FORUM-CORBAS-2019-200x300.jpg\" alt=\"\" width=\"200\" height=\"300\" srcset=\"https:\/\/newsestlyonnais.fr\/site\/wp-content\/uploads\/2019\/06\/NEWSESTLYONNAIS-FORUM-CORBAS-2019-200x300.jpg 200w, https:\/\/newsestlyonnais.fr\/site\/wp-content\/uploads\/2019\/06\/NEWSESTLYONNAIS-FORUM-CORBAS-2019-768x1154.jpg 768w, https:\/\/newsestlyonnais.fr\/site\/wp-content\/uploads\/2019\/06\/NEWSESTLYONNAIS-FORUM-CORBAS-2019-499x750.jpg 499w, https:\/\/newsestlyonnais.fr\/site\/wp-content\/uploads\/2019\/06\/NEWSESTLYONNAIS-FORUM-CORBAS-2019-600x902.jpg 600w\" sizes=\"auto, (max-width: 200px) 100vw, 200px\" \/><figcaption id=\"caption-attachment-78215\" class=\"wp-caption-text\">\u00e0 CORBAS (7\/9)<\/figcaption><\/figure>\n<p>&nbsp;<\/p>\n<\/div>\n<div><\/div>\n<div><\/div>\n","protected":false},"excerpt":{"rendered":"<p>Avec plus de 70 associations sportives et culturelles pr\u00e9sentes et pr\u00e8s de 1.000 visiteurs, le forum des associations sera l\u2019\u00e9v\u00e9nement incontournable de la rentr\u00e9e.<\/p>\n","protected":false},"author":4,"featured_media":81384,"comment_status":"open","ping_status":"open","sticky":false,"template":"","format":"standard","meta":{"footnotes":""},"categories":[1287,3426],"tags":[2700,2962],"class_list":["post-81379","post","type-post","status-publish","format-standard","has-post-thumbnail","hentry","category-corbas-feyzin","category-forums-des-associations","tag-corbas","tag-forum-des-associations"],"yoast_head":"<!-- This site is optimized with the Yoast SEO plugin v27.2 - https:\/\/yoast.com\/product\/yoast-seo-wordpress\/ -->\n<title>CORBAS | 70 associations au Forum des associations - News Est Lyonnais CORBAS : 70 associations attendues au Forum des associations<\/title>\n<meta name=\"description\" content=\"CORBAS : 70 associations attendues au Forum des associations\" \/>\n<meta name=\"robots\" content=\"index, follow, max-snippet:-1, max-image-preview:large, max-video-preview:-1\" \/>\n<link rel=\"canonical\" href=\"https:\/\/newsestlyonnais.fr\/site\/2019\/08\/24\/corbas-70-associations-attendues-au-forum-des-associations\/\" \/>\n<meta property=\"og:locale\" content=\"fr_FR\" \/>\n<meta property=\"og:type\" content=\"article\" \/>\n<meta property=\"og:title\" content=\"CORBAS | 70 associations au Forum des associations - News Est Lyonnais CORBAS : 70 associations attendues au Forum des associations\" \/>\n<meta property=\"og:description\" content=\"CORBAS : 70 associations attendues au Forum des associations\" \/>\n<meta property=\"og:url\" content=\"https:\/\/newsestlyonnais.fr\/site\/2019\/08\/24\/corbas-70-associations-attendues-au-forum-des-associations\/\" \/>\n<meta property=\"og:site_name\" content=\"News Est Lyonnais\" \/>\n<meta property=\"article:author\" content=\"https:\/\/www.facebook.com\/pascal.oberson.1?fref=ts\" \/>\n<meta property=\"article:published_time\" content=\"2019-08-24T18:53:17+00:00\" \/>\n<meta property=\"article:modified_time\" content=\"2020-10-30T10:00:46+00:00\" \/>\n<meta property=\"og:image\" content=\"https:\/\/i0.wp.com\/newsestlyonnais.fr\/site\/wp-content\/uploads\/2019\/08\/NEWSESTLYONNAIS-LOGO-VILLE.png?fit=1000%2C750&ssl=1\" \/>\n\t<meta property=\"og:image:width\" content=\"1000\" \/>\n\t<meta property=\"og:image:height\" content=\"750\" \/>\n\t<meta property=\"og:image:type\" content=\"image\/png\" \/>\n<meta name=\"author\" content=\"R\u00e9dac. NEWS\" \/>\n<meta name=\"twitter:card\" content=\"summary_large_image\" \/>\n<meta name=\"twitter:label1\" content=\"\u00c9crit par\" \/>\n\t<meta name=\"twitter:data1\" content=\"R\u00e9dac. NEWS\" \/>\n\t<meta name=\"twitter:label2\" content=\"Dur\u00e9e de lecture estim\u00e9e\" \/>\n\t<meta name=\"twitter:data2\" content=\"2 minutes\" \/>\n<script type=\"application\/ld+json\" class=\"yoast-schema-graph\">{\"@context\":\"https:\/\/schema.org\",\"@graph\":[{\"@type\":\"Article\",\"@id\":\"https:\/\/newsestlyonnais.fr\/site\/2019\/08\/24\/corbas-70-associations-attendues-au-forum-des-associations\/#article\",\"isPartOf\":{\"@id\":\"https:\/\/newsestlyonnais.fr\/site\/2019\/08\/24\/corbas-70-associations-attendues-au-forum-des-associations\/\"},\"author\":{\"name\":\"R\u00e9dac. NEWS\",\"@id\":\"https:\/\/newsestlyonnais.fr\/site\/#\/schema\/person\/3230d5615f390bb808365d673001e887\"},\"headline\":\"CORBAS | 70 associations au Forum des associations\",\"datePublished\":\"2019-08-24T18:53:17+00:00\",\"dateModified\":\"2020-10-30T10:00:46+00:00\",\"mainEntityOfPage\":{\"@id\":\"https:\/\/newsestlyonnais.fr\/site\/2019\/08\/24\/corbas-70-associations-attendues-au-forum-des-associations\/\"},\"wordCount\":439,\"commentCount\":0,\"publisher\":{\"@id\":\"https:\/\/newsestlyonnais.fr\/site\/#organization\"},\"image\":{\"@id\":\"https:\/\/newsestlyonnais.fr\/site\/2019\/08\/24\/corbas-70-associations-attendues-au-forum-des-associations\/#primaryimage\"},\"thumbnailUrl\":\"https:\/\/newsestlyonnais.fr\/site\/wp-content\/uploads\/2019\/08\/NEWSESTLYONNAIS-LOGO-VILLE.png\",\"keywords\":[\"CORBAS\",\"FORUM DES ASSOCIATIONS\"],\"articleSection\":[\"Corbas | Feyzin\",\"Forums des associations\"],\"inLanguage\":\"fr-FR\",\"potentialAction\":[{\"@type\":\"CommentAction\",\"name\":\"Comment\",\"target\":[\"https:\/\/newsestlyonnais.fr\/site\/2019\/08\/24\/corbas-70-associations-attendues-au-forum-des-associations\/#respond\"]}]},{\"@type\":\"WebPage\",\"@id\":\"https:\/\/newsestlyonnais.fr\/site\/2019\/08\/24\/corbas-70-associations-attendues-au-forum-des-associations\/\",\"url\":\"https:\/\/newsestlyonnais.fr\/site\/2019\/08\/24\/corbas-70-associations-attendues-au-forum-des-associations\/\",\"name\":\"CORBAS | 70 associations au Forum des associations - News Est Lyonnais CORBAS : 70 associations attendues au Forum des associations\",\"isPartOf\":{\"@id\":\"https:\/\/newsestlyonnais.fr\/site\/#website\"},\"primaryImageOfPage\":{\"@id\":\"https:\/\/newsestlyonnais.fr\/site\/2019\/08\/24\/corbas-70-associations-attendues-au-forum-des-associations\/#primaryimage\"},\"image\":{\"@id\":\"https:\/\/newsestlyonnais.fr\/site\/2019\/08\/24\/corbas-70-associations-attendues-au-forum-des-associations\/#primaryimage\"},\"thumbnailUrl\":\"https:\/\/newsestlyonnais.fr\/site\/wp-content\/uploads\/2019\/08\/NEWSESTLYONNAIS-LOGO-VILLE.png\",\"datePublished\":\"2019-08-24T18:53:17+00:00\",\"dateModified\":\"2020-10-30T10:00:46+00:00\",\"description\":\"CORBAS : 70 associations attendues au Forum des associations\",\"breadcrumb\":{\"@id\":\"https:\/\/newsestlyonnais.fr\/site\/2019\/08\/24\/corbas-70-associations-attendues-au-forum-des-associations\/#breadcrumb\"},\"inLanguage\":\"fr-FR\",\"potentialAction\":[{\"@type\":\"ReadAction\",\"target\":[\"https:\/\/newsestlyonnais.fr\/site\/2019\/08\/24\/corbas-70-associations-attendues-au-forum-des-associations\/\"]}]},{\"@type\":\"ImageObject\",\"inLanguage\":\"fr-FR\",\"@id\":\"https:\/\/newsestlyonnais.fr\/site\/2019\/08\/24\/corbas-70-associations-attendues-au-forum-des-associations\/#primaryimage\",\"url\":\"https:\/\/newsestlyonnais.fr\/site\/wp-content\/uploads\/2019\/08\/NEWSESTLYONNAIS-LOGO-VILLE.png\",\"contentUrl\":\"https:\/\/newsestlyonnais.fr\/site\/wp-content\/uploads\/2019\/08\/NEWSESTLYONNAIS-LOGO-VILLE.png\",\"width\":1000,\"height\":750},{\"@type\":\"BreadcrumbList\",\"@id\":\"https:\/\/newsestlyonnais.fr\/site\/2019\/08\/24\/corbas-70-associations-attendues-au-forum-des-associations\/#breadcrumb\",\"itemListElement\":[{\"@type\":\"ListItem\",\"position\":1,\"name\":\"Accueil\",\"item\":\"https:\/\/newsestlyonnais.fr\/site\/\"},{\"@type\":\"ListItem\",\"position\":2,\"name\":\"CORBAS | 70 associations au Forum des associations\"}]},{\"@type\":\"WebSite\",\"@id\":\"https:\/\/newsestlyonnais.fr\/site\/#website\",\"url\":\"https:\/\/newsestlyonnais.fr\/site\/\",\"name\":\"News Est Lyonnais\",\"description\":\"L&#039;actualit\u00e9 au plus pr\u00e8s\",\"publisher\":{\"@id\":\"https:\/\/newsestlyonnais.fr\/site\/#organization\"},\"potentialAction\":[{\"@type\":\"SearchAction\",\"target\":{\"@type\":\"EntryPoint\",\"urlTemplate\":\"https:\/\/newsestlyonnais.fr\/site\/?s={search_term_string}\"},\"query-input\":{\"@type\":\"PropertyValueSpecification\",\"valueRequired\":true,\"valueName\":\"search_term_string\"}}],\"inLanguage\":\"fr-FR\"},{\"@type\":\"Organization\",\"@id\":\"https:\/\/newsestlyonnais.fr\/site\/#organization\",\"name\":\"News EST LYONNAIS\",\"url\":\"https:\/\/newsestlyonnais.fr\/site\/\",\"logo\":{\"@type\":\"ImageObject\",\"inLanguage\":\"fr-FR\",\"@id\":\"https:\/\/newsestlyonnais.fr\/site\/#\/schema\/logo\/image\/\",\"url\":\"\",\"contentUrl\":\"\",\"caption\":\"News EST LYONNAIS\"},\"image\":{\"@id\":\"https:\/\/newsestlyonnais.fr\/site\/#\/schema\/logo\/image\/\"}},{\"@type\":\"Person\",\"@id\":\"https:\/\/newsestlyonnais.fr\/site\/#\/schema\/person\/3230d5615f390bb808365d673001e887\",\"name\":\"R\u00e9dac. NEWS\",\"sameAs\":[\"http:\/\/www.newsestlyonnais.fr\",\"https:\/\/www.facebook.com\/pascal.oberson.1?fref=ts\",\"https:\/\/fr.linkedin.com\/in\/pascal-oberson-b17045113\"],\"url\":\"https:\/\/newsestlyonnais.fr\/site\/author\/nel\/\"}]}<\/script>\n<!-- \/ Yoast SEO plugin. -->","yoast_head_json":{"title":"CORBAS | 70 associations au Forum des associations - News Est Lyonnais CORBAS : 70 associations attendues au Forum des associations","description":"CORBAS : 70 associations attendues au Forum des associations","robots":{"index":"index","follow":"follow","max-snippet":"max-snippet:-1","max-image-preview":"max-image-preview:large","max-video-preview":"max-video-preview:-1"},"canonical":"https:\/\/newsestlyonnais.fr\/site\/2019\/08\/24\/corbas-70-associations-attendues-au-forum-des-associations\/","og_locale":"fr_FR","og_type":"article","og_title":"CORBAS | 70 associations au Forum des associations - News Est Lyonnais CORBAS : 70 associations attendues au Forum des associations","og_description":"CORBAS : 70 associations attendues au Forum des associations","og_url":"https:\/\/newsestlyonnais.fr\/site\/2019\/08\/24\/corbas-70-associations-attendues-au-forum-des-associations\/","og_site_name":"News Est Lyonnais","article_author":"https:\/\/www.facebook.com\/pascal.oberson.1?fref=ts","article_published_time":"2019-08-24T18:53:17+00:00","article_modified_time":"2020-10-30T10:00:46+00:00","og_image":[{"width":1000,"height":750,"url":"https:\/\/i0.wp.com\/newsestlyonnais.fr\/site\/wp-content\/uploads\/2019\/08\/NEWSESTLYONNAIS-LOGO-VILLE.png?fit=1000%2C750&ssl=1","type":"image\/png"}],"author":"R\u00e9dac. NEWS","twitter_card":"summary_large_image","twitter_misc":{"\u00c9crit par":"R\u00e9dac. NEWS","Dur\u00e9e de lecture estim\u00e9e":"2 minutes"},"schema":{"@context":"https:\/\/schema.org","@graph":[{"@type":"Article","@id":"https:\/\/newsestlyonnais.fr\/site\/2019\/08\/24\/corbas-70-associations-attendues-au-forum-des-associations\/#article","isPartOf":{"@id":"https:\/\/newsestlyonnais.fr\/site\/2019\/08\/24\/corbas-70-associations-attendues-au-forum-des-associations\/"},"author":{"name":"R\u00e9dac. NEWS","@id":"https:\/\/newsestlyonnais.fr\/site\/#\/schema\/person\/3230d5615f390bb808365d673001e887"},"headline":"CORBAS | 70 associations au Forum des associations","datePublished":"2019-08-24T18:53:17+00:00","dateModified":"2020-10-30T10:00:46+00:00","mainEntityOfPage":{"@id":"https:\/\/newsestlyonnais.fr\/site\/2019\/08\/24\/corbas-70-associations-attendues-au-forum-des-associations\/"},"wordCount":439,"commentCount":0,"publisher":{"@id":"https:\/\/newsestlyonnais.fr\/site\/#organization"},"image":{"@id":"https:\/\/newsestlyonnais.fr\/site\/2019\/08\/24\/corbas-70-associations-attendues-au-forum-des-associations\/#primaryimage"},"thumbnailUrl":"https:\/\/newsestlyonnais.fr\/site\/wp-content\/uploads\/2019\/08\/NEWSESTLYONNAIS-LOGO-VILLE.png","keywords":["CORBAS","FORUM DES ASSOCIATIONS"],"articleSection":["Corbas | Feyzin","Forums des associations"],"inLanguage":"fr-FR","potentialAction":[{"@type":"CommentAction","name":"Comment","target":["https:\/\/newsestlyonnais.fr\/site\/2019\/08\/24\/corbas-70-associations-attendues-au-forum-des-associations\/#respond"]}]},{"@type":"WebPage","@id":"https:\/\/newsestlyonnais.fr\/site\/2019\/08\/24\/corbas-70-associations-attendues-au-forum-des-associations\/","url":"https:\/\/newsestlyonnais.fr\/site\/2019\/08\/24\/corbas-70-associations-attendues-au-forum-des-associations\/","name":"CORBAS | 70 associations au Forum des associations - News Est Lyonnais CORBAS : 70 associations attendues au Forum des associations","isPartOf":{"@id":"https:\/\/newsestlyonnais.fr\/site\/#website"},"primaryImageOfPage":{"@id":"https:\/\/newsestlyonnais.fr\/site\/2019\/08\/24\/corbas-70-associations-attendues-au-forum-des-associations\/#primaryimage"},"image":{"@id":"https:\/\/newsestlyonnais.fr\/site\/2019\/08\/24\/corbas-70-associations-attendues-au-forum-des-associations\/#primaryimage"},"thumbnailUrl":"https:\/\/newsestlyonnais.fr\/site\/wp-content\/uploads\/2019\/08\/NEWSESTLYONNAIS-LOGO-VILLE.png","datePublished":"2019-08-24T18:53:17+00:00","dateModified":"2020-10-30T10:00:46+00:00","description":"CORBAS : 70 associations attendues au Forum des associations","breadcrumb":{"@id":"https:\/\/newsestlyonnais.fr\/site\/2019\/08\/24\/corbas-70-associations-attendues-au-forum-des-associations\/#breadcrumb"},"inLanguage":"fr-FR","potentialAction":[{"@type":"ReadAction","target":["https:\/\/newsestlyonnais.fr\/site\/2019\/08\/24\/corbas-70-associations-attendues-au-forum-des-associations\/"]}]},{"@type":"ImageObject","inLanguage":"fr-FR","@id":"https:\/\/newsestlyonnais.fr\/site\/2019\/08\/24\/corbas-70-associations-attendues-au-forum-des-associations\/#primaryimage","url":"https:\/\/newsestlyonnais.fr\/site\/wp-content\/uploads\/2019\/08\/NEWSESTLYONNAIS-LOGO-VILLE.png","contentUrl":"https:\/\/newsestlyonnais.fr\/site\/wp-content\/uploads\/2019\/08\/NEWSESTLYONNAIS-LOGO-VILLE.png","width":1000,"height":750},{"@type":"BreadcrumbList","@id":"https:\/\/newsestlyonnais.fr\/site\/2019\/08\/24\/corbas-70-associations-attendues-au-forum-des-associations\/#breadcrumb","itemListElement":[{"@type":"ListItem","position":1,"name":"Accueil","item":"https:\/\/newsestlyonnais.fr\/site\/"},{"@type":"ListItem","position":2,"name":"CORBAS | 70 associations au Forum des associations"}]},{"@type":"WebSite","@id":"https:\/\/newsestlyonnais.fr\/site\/#website","url":"https:\/\/newsestlyonnais.fr\/site\/","name":"News Est Lyonnais","description":"L&#039;actualit\u00e9 au plus pr\u00e8s","publisher":{"@id":"https:\/\/newsestlyonnais.fr\/site\/#organization"},"potentialAction":[{"@type":"SearchAction","target":{"@type":"EntryPoint","urlTemplate":"https:\/\/newsestlyonnais.fr\/site\/?s={search_term_string}"},"query-input":{"@type":"PropertyValueSpecification","valueRequired":true,"valueName":"search_term_string"}}],"inLanguage":"fr-FR"},{"@type":"Organization","@id":"https:\/\/newsestlyonnais.fr\/site\/#organization","name":"News EST LYONNAIS","url":"https:\/\/newsestlyonnais.fr\/site\/","logo":{"@type":"ImageObject","inLanguage":"fr-FR","@id":"https:\/\/newsestlyonnais.fr\/site\/#\/schema\/logo\/image\/","url":"","contentUrl":"","caption":"News EST LYONNAIS"},"image":{"@id":"https:\/\/newsestlyonnais.fr\/site\/#\/schema\/logo\/image\/"}},{"@type":"Person","@id":"https:\/\/newsestlyonnais.fr\/site\/#\/schema\/person\/3230d5615f390bb808365d673001e887","name":"R\u00e9dac. NEWS","sameAs":["http:\/\/www.newsestlyonnais.fr","https:\/\/www.facebook.com\/pascal.oberson.1?fref=ts","https:\/\/fr.linkedin.com\/in\/pascal-oberson-b17045113"],"url":"https:\/\/newsestlyonnais.fr\/site\/author\/nel\/"}]}},"_links":{"self":[{"href":"https:\/\/newsestlyonnais.fr\/site\/wp-json\/wp\/v2\/posts\/81379","targetHints":{"allow":["GET"]}}],"collection":[{"href":"https:\/\/newsestlyonnais.fr\/site\/wp-json\/wp\/v2\/posts"}],"about":[{"href":"https:\/\/newsestlyonnais.fr\/site\/wp-json\/wp\/v2\/types\/post"}],"author":[{"embeddable":true,"href":"https:\/\/newsestlyonnais.fr\/site\/wp-json\/wp\/v2\/users\/4"}],"replies":[{"embeddable":true,"href":"https:\/\/newsestlyonnais.fr\/site\/wp-json\/wp\/v2\/comments?post=81379"}],"version-history":[{"count":0,"href":"https:\/\/newsestlyonnais.fr\/site\/wp-json\/wp\/v2\/posts\/81379\/revisions"}],"wp:featuredmedia":[{"embeddable":true,"href":"https:\/\/newsestlyonnais.fr\/site\/wp-json\/wp\/v2\/media\/81384"}],"wp:attachment":[{"href":"https:\/\/newsestlyonnais.fr\/site\/wp-json\/wp\/v2\/media?parent=81379"}],"wp:term":[{"taxonomy":"category","embeddable":true,"href":"https:\/\/newsestlyonnais.fr\/site\/wp-json\/wp\/v2\/categories?post=81379"},{"taxonomy":"post_tag","embeddable":true,"href":"https:\/\/newsestlyonnais.fr\/site\/wp-json\/wp\/v2\/tags?post=81379"}],"curies":[{"name":"wp","href":"https:\/\/api.w.org\/{rel}","templated":true}]}}