{"id":81769,"date":"2019-08-26T17:22:42","date_gmt":"2019-08-26T16:22:42","guid":{"rendered":"http:\/\/newsestlyonnais.fr\/site\/?p=81769"},"modified":"2020-11-01T17:35:15","modified_gmt":"2020-11-01T16:35:15","slug":"est-lyonnais-des-marcheurs-au-tour-du-lac-de-paladru","status":"publish","type":"post","link":"https:\/\/newsestlyonnais.fr\/site\/2019\/08\/26\/est-lyonnais-des-marcheurs-au-tour-du-lac-de-paladru\/","title":{"rendered":"EST LYONNAIS | Des marcheurs au lac de Paladru"},"content":{"rendered":"<p>En marche athl\u00e9tique, les 2 genassiennes Dominique Grizou-Vicario (licenci\u00e9e \u00e0 l\u2019AFA Feyzin-V\u00e9nissieux) &amp; H\u00e9l\u00e8ne Milliet (\u00e0 Chassieu -Athl\u00e9) et les 2 d\u00e9cinois : Patrick &amp; Liliane Bonvarlet (\u00e9galement de l&rsquo;AFA) se sont tr\u00e8s bien comport\u00e9s. Bilan sportif : 2 victoires, un podium et une place d&rsquo;honneur !<\/p>\n<p>Voici leurs r\u00e9sultats respectifs :<\/p>\n<ul>\n<li><strong>Patrick BONVARLET<\/strong> a pris la 1\u00b0 place en 1 heure 21&prime; (PHOTO A LA UNE sur le podium).<\/li>\n<li><strong>Dominique GRIZOU-VICARIO<\/strong> : 1\u00b0 f\u00e9minine en 1 h 33&prime; (elle a pourtant d\u00e9but\u00e9 la marche athl\u00e9tique il y a seulement un an !).<\/li>\n<li><strong>H\u00e9l\u00e8ne MILLIET<\/strong> : 2\u00b0 f\u00e9minine en 1 h 34&prime;.<\/li>\n<li><strong>Liliane BONVARLET<\/strong> (qui se pr\u00e9pare actuellement pour disputer une \u00e9preuve de 50 kilom\u00e8tres en Hollande au mois d\u2019octobre), termine 4\u00b0 f\u00e9minine en 1 h 37&prime;.<\/li>\n<\/ul>\n<p>&#8211;\u00a0 <em><span style=\"text-decoration: underline\">R\u00e9sultats complets de la marche sur<\/span> : <a href=\"http:\/\/perfevent.matsport.fr\/tdl\">http:\/\/perfevent.matsport.fr\/tdl<\/a><\/em><\/p>\n<div id='gallery-1' class='gallery galleryid-81769 gallery-columns-3 gallery-size-thumbnail'><figure class='gallery-item'>\n\t\t\t<div class='gallery-icon portrait'>\n\t\t\t\t<a href='https:\/\/newsestlyonnais.fr\/site\/2019\/08\/26\/est-lyonnais-des-marcheurs-au-tour-du-lac-de-paladru\/newsestlyonanis-marche-athle-paladru-02\/'><img loading=\"lazy\" decoding=\"async\" width=\"113\" height=\"150\" src=\"https:\/\/newsestlyonnais.fr\/site\/wp-content\/uploads\/2019\/08\/NEWSESTLYONANIS-MARCHE-ATHLE-PALADRU-02-250x333.jpg\" class=\"attachment-thumbnail size-thumbnail\" alt=\"\" srcset=\"https:\/\/newsestlyonnais.fr\/site\/wp-content\/uploads\/2019\/08\/NEWSESTLYONANIS-MARCHE-ATHLE-PALADRU-02-250x333.jpg 250w, https:\/\/newsestlyonnais.fr\/site\/wp-content\/uploads\/2019\/08\/NEWSESTLYONANIS-MARCHE-ATHLE-PALADRU-02-400x533.jpg 400w, https:\/\/newsestlyonnais.fr\/site\/wp-content\/uploads\/2019\/08\/NEWSESTLYONANIS-MARCHE-ATHLE-PALADRU-02-768x1024.jpg 768w, https:\/\/newsestlyonnais.fr\/site\/wp-content\/uploads\/2019\/08\/NEWSESTLYONANIS-MARCHE-ATHLE-PALADRU-02-650x867.jpg 650w, https:\/\/newsestlyonnais.fr\/site\/wp-content\/uploads\/2019\/08\/NEWSESTLYONANIS-MARCHE-ATHLE-PALADRU-02-150x200.jpg 150w, https:\/\/newsestlyonnais.fr\/site\/wp-content\/uploads\/2019\/08\/NEWSESTLYONANIS-MARCHE-ATHLE-PALADRU-02-50x67.jpg 50w, https:\/\/newsestlyonnais.fr\/site\/wp-content\/uploads\/2019\/08\/NEWSESTLYONANIS-MARCHE-ATHLE-PALADRU-02-100x133.jpg 100w, https:\/\/newsestlyonnais.fr\/site\/wp-content\/uploads\/2019\/08\/NEWSESTLYONANIS-MARCHE-ATHLE-PALADRU-02-200x267.jpg 200w, https:\/\/newsestlyonnais.fr\/site\/wp-content\/uploads\/2019\/08\/NEWSESTLYONANIS-MARCHE-ATHLE-PALADRU-02-300x400.jpg 300w, https:\/\/newsestlyonnais.fr\/site\/wp-content\/uploads\/2019\/08\/NEWSESTLYONANIS-MARCHE-ATHLE-PALADRU-02-350x467.jpg 350w, https:\/\/newsestlyonnais.fr\/site\/wp-content\/uploads\/2019\/08\/NEWSESTLYONANIS-MARCHE-ATHLE-PALADRU-02-450x600.jpg 450w, https:\/\/newsestlyonnais.fr\/site\/wp-content\/uploads\/2019\/08\/NEWSESTLYONANIS-MARCHE-ATHLE-PALADRU-02-500x667.jpg 500w, https:\/\/newsestlyonnais.fr\/site\/wp-content\/uploads\/2019\/08\/NEWSESTLYONANIS-MARCHE-ATHLE-PALADRU-02-550x733.jpg 550w, https:\/\/newsestlyonnais.fr\/site\/wp-content\/uploads\/2019\/08\/NEWSESTLYONANIS-MARCHE-ATHLE-PALADRU-02-800x1067.jpg 800w, https:\/\/newsestlyonnais.fr\/site\/wp-content\/uploads\/2019\/08\/NEWSESTLYONANIS-MARCHE-ATHLE-PALADRU-02-1200x1600.jpg 1200w, https:\/\/newsestlyonnais.fr\/site\/wp-content\/uploads\/2019\/08\/NEWSESTLYONANIS-MARCHE-ATHLE-PALADRU-02-1600x2133.jpg 1600w, https:\/\/newsestlyonnais.fr\/site\/wp-content\/uploads\/2019\/08\/NEWSESTLYONANIS-MARCHE-ATHLE-PALADRU-02-2000x2667.jpg 2000w, https:\/\/newsestlyonnais.fr\/site\/wp-content\/uploads\/2019\/08\/NEWSESTLYONANIS-MARCHE-ATHLE-PALADRU-02-1320x1760.jpg 1320w\" sizes=\"auto, (max-width: 113px) 100vw, 113px\" \/><\/a>\n\t\t\t<\/div><\/figure><figure class='gallery-item'>\n\t\t\t<div class='gallery-icon landscape'>\n\t\t\t\t<a href='https:\/\/newsestlyonnais.fr\/site\/2019\/08\/26\/est-lyonnais-des-marcheurs-au-tour-du-lac-de-paladru\/newsestlyonnais-marche-paladru\/'><img loading=\"lazy\" decoding=\"async\" width=\"150\" height=\"150\" src=\"https:\/\/newsestlyonnais.fr\/site\/wp-content\/uploads\/2019\/08\/NEWSESTLYONNAIS-MARCHE-PALADRU-250x250.jpg\" class=\"attachment-thumbnail size-thumbnail\" alt=\"\" aria-describedby=\"gallery-1-81777\" srcset=\"https:\/\/newsestlyonnais.fr\/site\/wp-content\/uploads\/2019\/08\/NEWSESTLYONNAIS-MARCHE-PALADRU-250x250.jpg 250w, https:\/\/newsestlyonnais.fr\/site\/wp-content\/uploads\/2019\/08\/NEWSESTLYONNAIS-MARCHE-PALADRU-400x400.jpg 400w, https:\/\/newsestlyonnais.fr\/site\/wp-content\/uploads\/2019\/08\/NEWSESTLYONNAIS-MARCHE-PALADRU-768x768.jpg 768w, https:\/\/newsestlyonnais.fr\/site\/wp-content\/uploads\/2019\/08\/NEWSESTLYONNAIS-MARCHE-PALADRU-650x650.jpg 650w, https:\/\/newsestlyonnais.fr\/site\/wp-content\/uploads\/2019\/08\/NEWSESTLYONNAIS-MARCHE-PALADRU-150x150.jpg 150w, https:\/\/newsestlyonnais.fr\/site\/wp-content\/uploads\/2019\/08\/NEWSESTLYONNAIS-MARCHE-PALADRU-50x50.jpg 50w, https:\/\/newsestlyonnais.fr\/site\/wp-content\/uploads\/2019\/08\/NEWSESTLYONNAIS-MARCHE-PALADRU-100x100.jpg 100w, https:\/\/newsestlyonnais.fr\/site\/wp-content\/uploads\/2019\/08\/NEWSESTLYONNAIS-MARCHE-PALADRU-200x200.jpg 200w, https:\/\/newsestlyonnais.fr\/site\/wp-content\/uploads\/2019\/08\/NEWSESTLYONNAIS-MARCHE-PALADRU-300x300.jpg 300w, https:\/\/newsestlyonnais.fr\/site\/wp-content\/uploads\/2019\/08\/NEWSESTLYONNAIS-MARCHE-PALADRU-350x350.jpg 350w, https:\/\/newsestlyonnais.fr\/site\/wp-content\/uploads\/2019\/08\/NEWSESTLYONNAIS-MARCHE-PALADRU-450x450.jpg 450w, https:\/\/newsestlyonnais.fr\/site\/wp-content\/uploads\/2019\/08\/NEWSESTLYONNAIS-MARCHE-PALADRU-500x500.jpg 500w, https:\/\/newsestlyonnais.fr\/site\/wp-content\/uploads\/2019\/08\/NEWSESTLYONNAIS-MARCHE-PALADRU-550x550.jpg 550w, https:\/\/newsestlyonnais.fr\/site\/wp-content\/uploads\/2019\/08\/NEWSESTLYONNAIS-MARCHE-PALADRU-800x800.jpg 800w, https:\/\/newsestlyonnais.fr\/site\/wp-content\/uploads\/2019\/08\/NEWSESTLYONNAIS-MARCHE-PALADRU.jpg 960w\" sizes=\"auto, (max-width: 150px) 100vw, 150px\" \/><\/a>\n\t\t\t<\/div>\n\t\t\t\t<figcaption class='wp-caption-text gallery-caption' id='gallery-1-81777'>\n\t\t\t\tL&rsquo;affiche del&rsquo;\u00e9preuve \n\t\t\t\t<\/figcaption><\/figure>\n\t\t<\/div>\n\n","protected":false},"excerpt":{"rendered":"<p>Quatre marcheurs licenci\u00e9s dans des clubs de l&rsquo;est lyonnais ont particip\u00e9 dimanche sur 14 kilom\u00e8tres 200 \u00e0 la course p\u00e9destre du tour du lac.<\/p>\n","protected":false},"author":4,"featured_media":81780,"comment_status":"open","ping_status":"open","sticky":false,"template":"","format":"standard","meta":{"footnotes":""},"categories":[2968,1283,1287],"tags":[2982,2980,2981,2979],"class_list":["post-81769","post","type-post","status-publish","format-standard","has-post-thumbnail","hentry","category-athle-course-pied-marche","category-chassieu-communes-diverses","category-corbas-feyzin","tag-helene-milliet","tag-liliane-bonvarlet","tag-marche-athletique","tag-patrick-bonvarlet"],"yoast_head":"<!-- This site is optimized with the Yoast SEO plugin v27.2 - https:\/\/yoast.com\/product\/yoast-seo-wordpress\/ -->\n<title>EST LYONNAIS | Des marcheurs au lac de Paladru - News Est LyonnaisEST LYONNAIS | des marcheurs au tour du lac de Paladru<\/title>\n<meta name=\"description\" content=\"EST LYONNAIS | des marcheurs au tour du lac de Paladru\" \/>\n<meta name=\"robots\" content=\"index, follow, max-snippet:-1, max-image-preview:large, max-video-preview:-1\" \/>\n<link rel=\"canonical\" href=\"https:\/\/newsestlyonnais.fr\/site\/2019\/08\/26\/est-lyonnais-des-marcheurs-au-tour-du-lac-de-paladru\/\" \/>\n<meta property=\"og:locale\" content=\"fr_FR\" \/>\n<meta property=\"og:type\" content=\"article\" \/>\n<meta property=\"og:title\" content=\"EST LYONNAIS | Des marcheurs au lac de Paladru - News Est LyonnaisEST LYONNAIS | des marcheurs au tour du lac de Paladru\" \/>\n<meta property=\"og:description\" content=\"EST LYONNAIS | des marcheurs au tour du lac de Paladru\" \/>\n<meta property=\"og:url\" content=\"https:\/\/newsestlyonnais.fr\/site\/2019\/08\/26\/est-lyonnais-des-marcheurs-au-tour-du-lac-de-paladru\/\" \/>\n<meta property=\"og:site_name\" content=\"News Est Lyonnais\" \/>\n<meta property=\"article:author\" content=\"https:\/\/www.facebook.com\/pascal.oberson.1?fref=ts\" \/>\n<meta property=\"article:published_time\" content=\"2019-08-26T16:22:42+00:00\" \/>\n<meta property=\"article:modified_time\" content=\"2020-11-01T16:35:15+00:00\" \/>\n<meta property=\"og:image\" content=\"https:\/\/newsestlyonnais.fr\/site\/wp-content\/uploads\/2019\/08\/NEWSESTLYONANIS-MARCHE-ATHLE-PALADRU-01-650x488.jpg\" \/>\n\t<meta property=\"og:image:width\" content=\"650\" \/>\n\t<meta property=\"og:image:height\" content=\"488\" \/>\n\t<meta property=\"og:image:type\" content=\"image\/jpeg\" \/>\n<meta name=\"author\" content=\"R\u00e9dac. NEWS\" \/>\n<meta name=\"twitter:card\" content=\"summary_large_image\" \/>\n<meta name=\"twitter:label1\" content=\"\u00c9crit par\" \/>\n\t<meta name=\"twitter:data1\" content=\"R\u00e9dac. NEWS\" \/>\n\t<meta name=\"twitter:label2\" content=\"Dur\u00e9e de lecture estim\u00e9e\" \/>\n\t<meta name=\"twitter:data2\" content=\"1 minute\" \/>\n<script type=\"application\/ld+json\" class=\"yoast-schema-graph\">{\"@context\":\"https:\/\/schema.org\",\"@graph\":[{\"@type\":\"Article\",\"@id\":\"https:\/\/newsestlyonnais.fr\/site\/2019\/08\/26\/est-lyonnais-des-marcheurs-au-tour-du-lac-de-paladru\/#article\",\"isPartOf\":{\"@id\":\"https:\/\/newsestlyonnais.fr\/site\/2019\/08\/26\/est-lyonnais-des-marcheurs-au-tour-du-lac-de-paladru\/\"},\"author\":{\"name\":\"R\u00e9dac. NEWS\",\"@id\":\"https:\/\/newsestlyonnais.fr\/site\/#\/schema\/person\/3230d5615f390bb808365d673001e887\"},\"headline\":\"EST LYONNAIS | Des marcheurs au lac de Paladru\",\"datePublished\":\"2019-08-26T16:22:42+00:00\",\"dateModified\":\"2020-11-01T16:35:15+00:00\",\"mainEntityOfPage\":{\"@id\":\"https:\/\/newsestlyonnais.fr\/site\/2019\/08\/26\/est-lyonnais-des-marcheurs-au-tour-du-lac-de-paladru\/\"},\"wordCount\":149,\"commentCount\":0,\"publisher\":{\"@id\":\"https:\/\/newsestlyonnais.fr\/site\/#organization\"},\"image\":{\"@id\":\"https:\/\/newsestlyonnais.fr\/site\/2019\/08\/26\/est-lyonnais-des-marcheurs-au-tour-du-lac-de-paladru\/#primaryimage\"},\"thumbnailUrl\":\"https:\/\/newsestlyonnais.fr\/site\/wp-content\/uploads\/2019\/08\/NEWSESTLYONANIS-MARCHE-ATHLE-PALADRU-01.jpg\",\"keywords\":[\"H\u00e9l\u00e8ne MILLIET\",\"Liliane BONVARLET\",\"marche athl\u00e9tique\",\"Patrick BONVARLET\"],\"articleSection\":[\"Athl\u00e9 | Course pied | Marche\",\"Chassieu | Communes diverses\",\"Corbas | Feyzin\"],\"inLanguage\":\"fr-FR\",\"potentialAction\":[{\"@type\":\"CommentAction\",\"name\":\"Comment\",\"target\":[\"https:\/\/newsestlyonnais.fr\/site\/2019\/08\/26\/est-lyonnais-des-marcheurs-au-tour-du-lac-de-paladru\/#respond\"]}]},{\"@type\":\"WebPage\",\"@id\":\"https:\/\/newsestlyonnais.fr\/site\/2019\/08\/26\/est-lyonnais-des-marcheurs-au-tour-du-lac-de-paladru\/\",\"url\":\"https:\/\/newsestlyonnais.fr\/site\/2019\/08\/26\/est-lyonnais-des-marcheurs-au-tour-du-lac-de-paladru\/\",\"name\":\"EST LYONNAIS | Des marcheurs au lac de Paladru - News Est LyonnaisEST LYONNAIS | des marcheurs au tour du lac de Paladru\",\"isPartOf\":{\"@id\":\"https:\/\/newsestlyonnais.fr\/site\/#website\"},\"primaryImageOfPage\":{\"@id\":\"https:\/\/newsestlyonnais.fr\/site\/2019\/08\/26\/est-lyonnais-des-marcheurs-au-tour-du-lac-de-paladru\/#primaryimage\"},\"image\":{\"@id\":\"https:\/\/newsestlyonnais.fr\/site\/2019\/08\/26\/est-lyonnais-des-marcheurs-au-tour-du-lac-de-paladru\/#primaryimage\"},\"thumbnailUrl\":\"https:\/\/newsestlyonnais.fr\/site\/wp-content\/uploads\/2019\/08\/NEWSESTLYONANIS-MARCHE-ATHLE-PALADRU-01.jpg\",\"datePublished\":\"2019-08-26T16:22:42+00:00\",\"dateModified\":\"2020-11-01T16:35:15+00:00\",\"description\":\"EST LYONNAIS | des marcheurs au tour du lac de Paladru\",\"breadcrumb\":{\"@id\":\"https:\/\/newsestlyonnais.fr\/site\/2019\/08\/26\/est-lyonnais-des-marcheurs-au-tour-du-lac-de-paladru\/#breadcrumb\"},\"inLanguage\":\"fr-FR\",\"potentialAction\":[{\"@type\":\"ReadAction\",\"target\":[\"https:\/\/newsestlyonnais.fr\/site\/2019\/08\/26\/est-lyonnais-des-marcheurs-au-tour-du-lac-de-paladru\/\"]}]},{\"@type\":\"ImageObject\",\"inLanguage\":\"fr-FR\",\"@id\":\"https:\/\/newsestlyonnais.fr\/site\/2019\/08\/26\/est-lyonnais-des-marcheurs-au-tour-du-lac-de-paladru\/#primaryimage\",\"url\":\"https:\/\/newsestlyonnais.fr\/site\/wp-content\/uploads\/2019\/08\/NEWSESTLYONANIS-MARCHE-ATHLE-PALADRU-01.jpg\",\"contentUrl\":\"https:\/\/newsestlyonnais.fr\/site\/wp-content\/uploads\/2019\/08\/NEWSESTLYONANIS-MARCHE-ATHLE-PALADRU-01.jpg\",\"width\":4032,\"height\":3024},{\"@type\":\"BreadcrumbList\",\"@id\":\"https:\/\/newsestlyonnais.fr\/site\/2019\/08\/26\/est-lyonnais-des-marcheurs-au-tour-du-lac-de-paladru\/#breadcrumb\",\"itemListElement\":[{\"@type\":\"ListItem\",\"position\":1,\"name\":\"Accueil\",\"item\":\"https:\/\/newsestlyonnais.fr\/site\/\"},{\"@type\":\"ListItem\",\"position\":2,\"name\":\"EST LYONNAIS | Des marcheurs au lac de Paladru\"}]},{\"@type\":\"WebSite\",\"@id\":\"https:\/\/newsestlyonnais.fr\/site\/#website\",\"url\":\"https:\/\/newsestlyonnais.fr\/site\/\",\"name\":\"News Est Lyonnais\",\"description\":\"L&#039;actualit\u00e9 au plus pr\u00e8s\",\"publisher\":{\"@id\":\"https:\/\/newsestlyonnais.fr\/site\/#organization\"},\"potentialAction\":[{\"@type\":\"SearchAction\",\"target\":{\"@type\":\"EntryPoint\",\"urlTemplate\":\"https:\/\/newsestlyonnais.fr\/site\/?s={search_term_string}\"},\"query-input\":{\"@type\":\"PropertyValueSpecification\",\"valueRequired\":true,\"valueName\":\"search_term_string\"}}],\"inLanguage\":\"fr-FR\"},{\"@type\":\"Organization\",\"@id\":\"https:\/\/newsestlyonnais.fr\/site\/#organization\",\"name\":\"News EST LYONNAIS\",\"url\":\"https:\/\/newsestlyonnais.fr\/site\/\",\"logo\":{\"@type\":\"ImageObject\",\"inLanguage\":\"fr-FR\",\"@id\":\"https:\/\/newsestlyonnais.fr\/site\/#\/schema\/logo\/image\/\",\"url\":\"\",\"contentUrl\":\"\",\"caption\":\"News EST LYONNAIS\"},\"image\":{\"@id\":\"https:\/\/newsestlyonnais.fr\/site\/#\/schema\/logo\/image\/\"}},{\"@type\":\"Person\",\"@id\":\"https:\/\/newsestlyonnais.fr\/site\/#\/schema\/person\/3230d5615f390bb808365d673001e887\",\"name\":\"R\u00e9dac. NEWS\",\"sameAs\":[\"http:\/\/www.newsestlyonnais.fr\",\"https:\/\/www.facebook.com\/pascal.oberson.1?fref=ts\",\"https:\/\/fr.linkedin.com\/in\/pascal-oberson-b17045113\"],\"url\":\"https:\/\/newsestlyonnais.fr\/site\/author\/nel\/\"}]}<\/script>\n<!-- \/ Yoast SEO plugin. -->","yoast_head_json":{"title":"EST LYONNAIS | Des marcheurs au lac de Paladru - News Est LyonnaisEST LYONNAIS | des marcheurs au tour du lac de Paladru","description":"EST LYONNAIS | des marcheurs au tour du lac de Paladru","robots":{"index":"index","follow":"follow","max-snippet":"max-snippet:-1","max-image-preview":"max-image-preview:large","max-video-preview":"max-video-preview:-1"},"canonical":"https:\/\/newsestlyonnais.fr\/site\/2019\/08\/26\/est-lyonnais-des-marcheurs-au-tour-du-lac-de-paladru\/","og_locale":"fr_FR","og_type":"article","og_title":"EST LYONNAIS | Des marcheurs au lac de Paladru - News Est LyonnaisEST LYONNAIS | des marcheurs au tour du lac de Paladru","og_description":"EST LYONNAIS | des marcheurs au tour du lac de Paladru","og_url":"https:\/\/newsestlyonnais.fr\/site\/2019\/08\/26\/est-lyonnais-des-marcheurs-au-tour-du-lac-de-paladru\/","og_site_name":"News Est Lyonnais","article_author":"https:\/\/www.facebook.com\/pascal.oberson.1?fref=ts","article_published_time":"2019-08-26T16:22:42+00:00","article_modified_time":"2020-11-01T16:35:15+00:00","og_image":[{"width":650,"height":488,"url":"https:\/\/newsestlyonnais.fr\/site\/wp-content\/uploads\/2019\/08\/NEWSESTLYONANIS-MARCHE-ATHLE-PALADRU-01-650x488.jpg","type":"image\/jpeg"}],"author":"R\u00e9dac. NEWS","twitter_card":"summary_large_image","twitter_misc":{"\u00c9crit par":"R\u00e9dac. NEWS","Dur\u00e9e de lecture estim\u00e9e":"1 minute"},"schema":{"@context":"https:\/\/schema.org","@graph":[{"@type":"Article","@id":"https:\/\/newsestlyonnais.fr\/site\/2019\/08\/26\/est-lyonnais-des-marcheurs-au-tour-du-lac-de-paladru\/#article","isPartOf":{"@id":"https:\/\/newsestlyonnais.fr\/site\/2019\/08\/26\/est-lyonnais-des-marcheurs-au-tour-du-lac-de-paladru\/"},"author":{"name":"R\u00e9dac. NEWS","@id":"https:\/\/newsestlyonnais.fr\/site\/#\/schema\/person\/3230d5615f390bb808365d673001e887"},"headline":"EST LYONNAIS | Des marcheurs au lac de Paladru","datePublished":"2019-08-26T16:22:42+00:00","dateModified":"2020-11-01T16:35:15+00:00","mainEntityOfPage":{"@id":"https:\/\/newsestlyonnais.fr\/site\/2019\/08\/26\/est-lyonnais-des-marcheurs-au-tour-du-lac-de-paladru\/"},"wordCount":149,"commentCount":0,"publisher":{"@id":"https:\/\/newsestlyonnais.fr\/site\/#organization"},"image":{"@id":"https:\/\/newsestlyonnais.fr\/site\/2019\/08\/26\/est-lyonnais-des-marcheurs-au-tour-du-lac-de-paladru\/#primaryimage"},"thumbnailUrl":"https:\/\/newsestlyonnais.fr\/site\/wp-content\/uploads\/2019\/08\/NEWSESTLYONANIS-MARCHE-ATHLE-PALADRU-01.jpg","keywords":["H\u00e9l\u00e8ne MILLIET","Liliane BONVARLET","marche athl\u00e9tique","Patrick BONVARLET"],"articleSection":["Athl\u00e9 | Course pied | Marche","Chassieu | Communes diverses","Corbas | Feyzin"],"inLanguage":"fr-FR","potentialAction":[{"@type":"CommentAction","name":"Comment","target":["https:\/\/newsestlyonnais.fr\/site\/2019\/08\/26\/est-lyonnais-des-marcheurs-au-tour-du-lac-de-paladru\/#respond"]}]},{"@type":"WebPage","@id":"https:\/\/newsestlyonnais.fr\/site\/2019\/08\/26\/est-lyonnais-des-marcheurs-au-tour-du-lac-de-paladru\/","url":"https:\/\/newsestlyonnais.fr\/site\/2019\/08\/26\/est-lyonnais-des-marcheurs-au-tour-du-lac-de-paladru\/","name":"EST LYONNAIS | Des marcheurs au lac de Paladru - News Est LyonnaisEST LYONNAIS | des marcheurs au tour du lac de Paladru","isPartOf":{"@id":"https:\/\/newsestlyonnais.fr\/site\/#website"},"primaryImageOfPage":{"@id":"https:\/\/newsestlyonnais.fr\/site\/2019\/08\/26\/est-lyonnais-des-marcheurs-au-tour-du-lac-de-paladru\/#primaryimage"},"image":{"@id":"https:\/\/newsestlyonnais.fr\/site\/2019\/08\/26\/est-lyonnais-des-marcheurs-au-tour-du-lac-de-paladru\/#primaryimage"},"thumbnailUrl":"https:\/\/newsestlyonnais.fr\/site\/wp-content\/uploads\/2019\/08\/NEWSESTLYONANIS-MARCHE-ATHLE-PALADRU-01.jpg","datePublished":"2019-08-26T16:22:42+00:00","dateModified":"2020-11-01T16:35:15+00:00","description":"EST LYONNAIS | des marcheurs au tour du lac de Paladru","breadcrumb":{"@id":"https:\/\/newsestlyonnais.fr\/site\/2019\/08\/26\/est-lyonnais-des-marcheurs-au-tour-du-lac-de-paladru\/#breadcrumb"},"inLanguage":"fr-FR","potentialAction":[{"@type":"ReadAction","target":["https:\/\/newsestlyonnais.fr\/site\/2019\/08\/26\/est-lyonnais-des-marcheurs-au-tour-du-lac-de-paladru\/"]}]},{"@type":"ImageObject","inLanguage":"fr-FR","@id":"https:\/\/newsestlyonnais.fr\/site\/2019\/08\/26\/est-lyonnais-des-marcheurs-au-tour-du-lac-de-paladru\/#primaryimage","url":"https:\/\/newsestlyonnais.fr\/site\/wp-content\/uploads\/2019\/08\/NEWSESTLYONANIS-MARCHE-ATHLE-PALADRU-01.jpg","contentUrl":"https:\/\/newsestlyonnais.fr\/site\/wp-content\/uploads\/2019\/08\/NEWSESTLYONANIS-MARCHE-ATHLE-PALADRU-01.jpg","width":4032,"height":3024},{"@type":"BreadcrumbList","@id":"https:\/\/newsestlyonnais.fr\/site\/2019\/08\/26\/est-lyonnais-des-marcheurs-au-tour-du-lac-de-paladru\/#breadcrumb","itemListElement":[{"@type":"ListItem","position":1,"name":"Accueil","item":"https:\/\/newsestlyonnais.fr\/site\/"},{"@type":"ListItem","position":2,"name":"EST LYONNAIS | Des marcheurs au lac de Paladru"}]},{"@type":"WebSite","@id":"https:\/\/newsestlyonnais.fr\/site\/#website","url":"https:\/\/newsestlyonnais.fr\/site\/","name":"News Est Lyonnais","description":"L&#039;actualit\u00e9 au plus pr\u00e8s","publisher":{"@id":"https:\/\/newsestlyonnais.fr\/site\/#organization"},"potentialAction":[{"@type":"SearchAction","target":{"@type":"EntryPoint","urlTemplate":"https:\/\/newsestlyonnais.fr\/site\/?s={search_term_string}"},"query-input":{"@type":"PropertyValueSpecification","valueRequired":true,"valueName":"search_term_string"}}],"inLanguage":"fr-FR"},{"@type":"Organization","@id":"https:\/\/newsestlyonnais.fr\/site\/#organization","name":"News EST LYONNAIS","url":"https:\/\/newsestlyonnais.fr\/site\/","logo":{"@type":"ImageObject","inLanguage":"fr-FR","@id":"https:\/\/newsestlyonnais.fr\/site\/#\/schema\/logo\/image\/","url":"","contentUrl":"","caption":"News EST LYONNAIS"},"image":{"@id":"https:\/\/newsestlyonnais.fr\/site\/#\/schema\/logo\/image\/"}},{"@type":"Person","@id":"https:\/\/newsestlyonnais.fr\/site\/#\/schema\/person\/3230d5615f390bb808365d673001e887","name":"R\u00e9dac. NEWS","sameAs":["http:\/\/www.newsestlyonnais.fr","https:\/\/www.facebook.com\/pascal.oberson.1?fref=ts","https:\/\/fr.linkedin.com\/in\/pascal-oberson-b17045113"],"url":"https:\/\/newsestlyonnais.fr\/site\/author\/nel\/"}]}},"_links":{"self":[{"href":"https:\/\/newsestlyonnais.fr\/site\/wp-json\/wp\/v2\/posts\/81769","targetHints":{"allow":["GET"]}}],"collection":[{"href":"https:\/\/newsestlyonnais.fr\/site\/wp-json\/wp\/v2\/posts"}],"about":[{"href":"https:\/\/newsestlyonnais.fr\/site\/wp-json\/wp\/v2\/types\/post"}],"author":[{"embeddable":true,"href":"https:\/\/newsestlyonnais.fr\/site\/wp-json\/wp\/v2\/users\/4"}],"replies":[{"embeddable":true,"href":"https:\/\/newsestlyonnais.fr\/site\/wp-json\/wp\/v2\/comments?post=81769"}],"version-history":[{"count":0,"href":"https:\/\/newsestlyonnais.fr\/site\/wp-json\/wp\/v2\/posts\/81769\/revisions"}],"wp:featuredmedia":[{"embeddable":true,"href":"https:\/\/newsestlyonnais.fr\/site\/wp-json\/wp\/v2\/media\/81780"}],"wp:attachment":[{"href":"https:\/\/newsestlyonnais.fr\/site\/wp-json\/wp\/v2\/media?parent=81769"}],"wp:term":[{"taxonomy":"category","embeddable":true,"href":"https:\/\/newsestlyonnais.fr\/site\/wp-json\/wp\/v2\/categories?post=81769"},{"taxonomy":"post_tag","embeddable":true,"href":"https:\/\/newsestlyonnais.fr\/site\/wp-json\/wp\/v2\/tags?post=81769"}],"curies":[{"name":"wp","href":"https:\/\/api.w.org\/{rel}","templated":true}]}}