{"id":81875,"date":"2019-08-27T15:28:13","date_gmt":"2019-08-27T14:28:13","guid":{"rendered":"http:\/\/newsestlyonnais.fr\/site\/?p=81875"},"modified":"2019-08-31T08:10:31","modified_gmt":"2019-08-31T07:10:31","slug":"meyzieu-les-travaux-dentretien-et-renovation-pour-la-rentree-scolaire","status":"publish","type":"post","link":"https:\/\/newsestlyonnais.fr\/site\/2019\/08\/27\/meyzieu-les-travaux-dentretien-et-renovation-pour-la-rentree-scolaire\/","title":{"rendered":"MEYZIEU | Les travaux d&rsquo;entretien et r\u00e9novation pour la rentr\u00e9e scolaire"},"content":{"rendered":"<p>Aux <strong>groupes scolaires Ren\u00e9 Cassin et Condorcet<\/strong> : nouveaux toboggans et des jeux pour enfants (co\u00fbt : 18 990,78 \u20ac).<br \/>\n<strong>\u00c9cole Marcel Pagnol \u00e9l\u00e9mentaire<\/strong> : r\u00e9novation des bureaux administratifs et de la salle polyvalente. Travaux effectu\u00e9s par des chantiers jeunes pilot\u00e9s par le service pr\u00e9vention.<br \/>\nEn mati\u00e8re de travaux de peinture r\u00e9alis\u00e9s par les services techniques de la ville, le mur ext\u00e9rieur de l\u2019<strong>\u00e9cole des Calabres<\/strong> a fait peau neuve. Des classes et des espaces polyvalents ont aussi \u00e9t\u00e9 r\u00e9nov\u00e9s aux <strong>groupes Ren\u00e9 Cassin et Marcel Pagnol maternelle.<\/strong><br \/>\nComme chaque ann\u00e9e, la Ville a proc\u00e9d\u00e9 \u00e0 du renouvellement de mobilier et de vid\u00e9oprojecteur interactif (VPI) : au groupe <strong>Pagnol\/ Jacqui\u00e8re<\/strong>, le mobilier a \u00e9t\u00e9 renouvel\u00e9 dans 2 classes (co\u00fbt : 6 128\u20ac).<\/p>\n<p>Par ailleurs, aux <strong>groupes scolaires Condorcet, Jacques Pr\u00e9vert ou encore du Carreau<\/strong>, des bancs, chaises, meubles bas, armoires ont \u00e9t\u00e9 achet\u00e9s. Pour cette ann\u00e9e, 26 300\u20ac ont \u00e9t\u00e9 consacr\u00e9s au renouvellement et \u00e0 l\u2019achat de mobilier.<br \/>\nC\u00f4t\u00e9 restauration, la cuisine du <strong>GS Jules Ferry<\/strong> a \u00e9t\u00e9 r\u00e9\u00e9quip\u00e9e (co\u00fbt : 13 314 \u20ac). Des travaux de plomberie, moins visibles mais tout aussi importants, ont \u00e9t\u00e9 effectu\u00e9s au GS Ren\u00e9 Cassin avec le changement du vide sanitaire et des canalisations en maternelle (co\u00fbt : 11 134,45\u20ac).<\/p>\n<p>Enfin, dans chacun des groupes scolaires, la reprise des peintures des salles de classe a \u00e9t\u00e9 effectu\u00e9e lorsque n\u00e9cessaire.<br \/>\nEn mati\u00e8re de s\u00e9curit\u00e9, toutes les \u00e9coles sont d\u00e9sormais \u00e9quip\u00e9es d\u2019alarme PPMS (4 \u00e9coles effectu\u00e9es en 2019 pour un co\u00fbt de 29 670 \u20ac) .<br \/>\nAu GS des Calabres, le grillage de la cour \u00e9l\u00e9mentaire a \u00e9t\u00e9 chang\u00e9 (co\u00fbt 13 693 \u20ac).<\/p>\n<ul>\n<li><strong>Aux CALABRES, un nouveau self <\/strong>:<br \/>\nIl vient d\u2019\u00eatre am\u00e9nag\u00e9, rempla\u00e7ant les pr\u00e9fabriqu\u00e9s install\u00e9s l\u2019an dernier dans l\u2019attente de sa construction.<br \/>\nD\u2019une surface de 270 m2, il se compose de 3 salles de restauration (deux pour l\u2019\u00e9cole maternelle et une pour le primaire).<br \/>\nLes tout-petits seront servis \u00e0 table, tandis qu\u2019un self sera propos\u00e9 aux \u00e9l\u00e8ves de classes \u00e9l\u00e9mentaires (co\u00fbt des travaux et de l\u2019\u00e9quipement : 729 000 \u20ac).<\/li>\n<li><strong>5 nouvelles classes<\/strong> : Cette ann\u00e9e le d\u00e9doublement des classes de CP aux groupes scolaires (GS) Ren\u00e9<br \/>\nCassin et Jacques Pr\u00e9vert est maintenu. Par ailleurs deux ma\u00eetres surnum\u00e9raires sont pr\u00e9vus pour les \u00e9l\u00e8ves de CE1, favorisant ainsi l\u2019apprentissage des enfants.<br \/>\nEn comptant les deux classes install\u00e9es pour les ma\u00eetres surnum\u00e9raires aux GS Ren\u00e9 Cassin et Jacques Pr\u00e9vert, ce sont au total 5 nouvelles classes qui ont \u00e9t\u00e9 cr\u00e9\u00e9es \u00e0 Meyzieu ; une 9\u00b0 en maternelle au GS Marcel Pagnol et une 14 \u00b0 classe en \u00e9l\u00e9mentaire \u00e9galement au GS Marcel Pagnol. Une 14\u00b0 classe a aussi \u00e9t\u00e9 ouverte au GS Condorcet.<br \/>\nComme c\u2019est le cas pour toute cr\u00e9ation de classe, la Ville de Meyzieu a \u00e9quip\u00e9 chacune des salles de divers mobiliers (co\u00fbt : 13 191\u20ac), ainsi que d\u2019un tableau num\u00e9rique et d\u2019ordinateurs portables en \u00e9l\u00e9mentaire (co\u00fbt : environ 13 000 \u20ac).<\/li>\n<\/ul>\n","protected":false},"excerpt":{"rendered":"<p>La Ville a profit\u00e9 des vacances d\u2019\u00e9t\u00e9 pour effectuer les travaux de maintenance n\u00e9cessaires au bon fonctionnement des \u00e9coles.<\/p>\n","protected":false},"author":4,"featured_media":50594,"comment_status":"open","ping_status":"open","sticky":false,"template":"","format":"standard","meta":{"footnotes":""},"categories":[24,173],"tags":[2009,2081,2127],"class_list":["post-81875","post","type-post","status-publish","format-standard","has-post-thumbnail","hentry","category-meyzieu","category-scolaire","tag-ecole","tag-meyzieu","tag-travaux"],"yoast_head":"<!-- This site is optimized with the Yoast SEO plugin v27.2 - https:\/\/yoast.com\/product\/yoast-seo-wordpress\/ -->\n<title>MEYZIEU | Les travaux d&#039;entretien et r\u00e9novation pour la rentr\u00e9e scolaire - News Est Lyonnais MEYZIEU | Les travaux d&#039;entretien et r\u00e9novation pour la rentr\u00e9e scolaire<\/title>\n<meta name=\"description\" content=\"MEYZIEU | Les travaux d&#039;entretien et r\u00e9novation pour la rentr\u00e9e scolaire\" \/>\n<meta name=\"robots\" content=\"index, follow, max-snippet:-1, max-image-preview:large, max-video-preview:-1\" \/>\n<link rel=\"canonical\" href=\"https:\/\/newsestlyonnais.fr\/site\/2019\/08\/27\/meyzieu-les-travaux-dentretien-et-renovation-pour-la-rentree-scolaire\/\" \/>\n<meta property=\"og:locale\" content=\"fr_FR\" \/>\n<meta property=\"og:type\" content=\"article\" \/>\n<meta property=\"og:title\" content=\"MEYZIEU | Les travaux d&#039;entretien et r\u00e9novation pour la rentr\u00e9e scolaire - News Est Lyonnais MEYZIEU | Les travaux d&#039;entretien et r\u00e9novation pour la rentr\u00e9e scolaire\" \/>\n<meta property=\"og:description\" content=\"MEYZIEU | Les travaux d&#039;entretien et r\u00e9novation pour la rentr\u00e9e scolaire\" \/>\n<meta property=\"og:url\" content=\"https:\/\/newsestlyonnais.fr\/site\/2019\/08\/27\/meyzieu-les-travaux-dentretien-et-renovation-pour-la-rentree-scolaire\/\" \/>\n<meta property=\"og:site_name\" content=\"News Est Lyonnais\" \/>\n<meta property=\"article:author\" content=\"https:\/\/www.facebook.com\/pascal.oberson.1?fref=ts\" \/>\n<meta property=\"article:published_time\" content=\"2019-08-27T14:28:13+00:00\" \/>\n<meta property=\"article:modified_time\" content=\"2019-08-31T07:10:31+00:00\" \/>\n<meta property=\"og:image\" content=\"https:\/\/i0.wp.com\/newsestlyonnais.fr\/site\/wp-content\/uploads\/2018\/05\/NEWSESTLYONNAIS-.png?fit=1280%2C960&ssl=1\" \/>\n\t<meta property=\"og:image:width\" content=\"1280\" \/>\n\t<meta property=\"og:image:height\" content=\"960\" \/>\n\t<meta property=\"og:image:type\" content=\"image\/png\" \/>\n<meta name=\"author\" content=\"R\u00e9dac. NEWS\" \/>\n<meta name=\"twitter:card\" content=\"summary_large_image\" \/>\n<meta name=\"twitter:label1\" content=\"\u00c9crit par\" \/>\n\t<meta name=\"twitter:data1\" content=\"R\u00e9dac. NEWS\" \/>\n\t<meta name=\"twitter:label2\" content=\"Dur\u00e9e de lecture estim\u00e9e\" \/>\n\t<meta name=\"twitter:data2\" content=\"3 minutes\" \/>\n<script type=\"application\/ld+json\" class=\"yoast-schema-graph\">{\"@context\":\"https:\/\/schema.org\",\"@graph\":[{\"@type\":\"Article\",\"@id\":\"https:\/\/newsestlyonnais.fr\/site\/2019\/08\/27\/meyzieu-les-travaux-dentretien-et-renovation-pour-la-rentree-scolaire\/#article\",\"isPartOf\":{\"@id\":\"https:\/\/newsestlyonnais.fr\/site\/2019\/08\/27\/meyzieu-les-travaux-dentretien-et-renovation-pour-la-rentree-scolaire\/\"},\"author\":{\"name\":\"R\u00e9dac. NEWS\",\"@id\":\"https:\/\/newsestlyonnais.fr\/site\/#\/schema\/person\/3230d5615f390bb808365d673001e887\"},\"headline\":\"MEYZIEU | Les travaux d&rsquo;entretien et r\u00e9novation pour la rentr\u00e9e scolaire\",\"datePublished\":\"2019-08-27T14:28:13+00:00\",\"dateModified\":\"2019-08-31T07:10:31+00:00\",\"mainEntityOfPage\":{\"@id\":\"https:\/\/newsestlyonnais.fr\/site\/2019\/08\/27\/meyzieu-les-travaux-dentretien-et-renovation-pour-la-rentree-scolaire\/\"},\"wordCount\":513,\"commentCount\":1,\"publisher\":{\"@id\":\"https:\/\/newsestlyonnais.fr\/site\/#organization\"},\"image\":{\"@id\":\"https:\/\/newsestlyonnais.fr\/site\/2019\/08\/27\/meyzieu-les-travaux-dentretien-et-renovation-pour-la-rentree-scolaire\/#primaryimage\"},\"thumbnailUrl\":\"https:\/\/newsestlyonnais.fr\/site\/wp-content\/uploads\/2018\/05\/NEWSESTLYONNAIS-.png\",\"keywords\":[\"ECOLE\",\"MEYZIEU\",\"TRAVAUX\"],\"articleSection\":[\"Meyzieu\",\"Scolaire\"],\"inLanguage\":\"fr-FR\",\"potentialAction\":[{\"@type\":\"CommentAction\",\"name\":\"Comment\",\"target\":[\"https:\/\/newsestlyonnais.fr\/site\/2019\/08\/27\/meyzieu-les-travaux-dentretien-et-renovation-pour-la-rentree-scolaire\/#respond\"]}]},{\"@type\":\"WebPage\",\"@id\":\"https:\/\/newsestlyonnais.fr\/site\/2019\/08\/27\/meyzieu-les-travaux-dentretien-et-renovation-pour-la-rentree-scolaire\/\",\"url\":\"https:\/\/newsestlyonnais.fr\/site\/2019\/08\/27\/meyzieu-les-travaux-dentretien-et-renovation-pour-la-rentree-scolaire\/\",\"name\":\"MEYZIEU | Les travaux d'entretien et r\u00e9novation pour la rentr\u00e9e scolaire - News Est Lyonnais MEYZIEU | Les travaux d'entretien et r\u00e9novation pour la rentr\u00e9e scolaire\",\"isPartOf\":{\"@id\":\"https:\/\/newsestlyonnais.fr\/site\/#website\"},\"primaryImageOfPage\":{\"@id\":\"https:\/\/newsestlyonnais.fr\/site\/2019\/08\/27\/meyzieu-les-travaux-dentretien-et-renovation-pour-la-rentree-scolaire\/#primaryimage\"},\"image\":{\"@id\":\"https:\/\/newsestlyonnais.fr\/site\/2019\/08\/27\/meyzieu-les-travaux-dentretien-et-renovation-pour-la-rentree-scolaire\/#primaryimage\"},\"thumbnailUrl\":\"https:\/\/newsestlyonnais.fr\/site\/wp-content\/uploads\/2018\/05\/NEWSESTLYONNAIS-.png\",\"datePublished\":\"2019-08-27T14:28:13+00:00\",\"dateModified\":\"2019-08-31T07:10:31+00:00\",\"description\":\"MEYZIEU | Les travaux d'entretien et r\u00e9novation pour la rentr\u00e9e scolaire\",\"breadcrumb\":{\"@id\":\"https:\/\/newsestlyonnais.fr\/site\/2019\/08\/27\/meyzieu-les-travaux-dentretien-et-renovation-pour-la-rentree-scolaire\/#breadcrumb\"},\"inLanguage\":\"fr-FR\",\"potentialAction\":[{\"@type\":\"ReadAction\",\"target\":[\"https:\/\/newsestlyonnais.fr\/site\/2019\/08\/27\/meyzieu-les-travaux-dentretien-et-renovation-pour-la-rentree-scolaire\/\"]}]},{\"@type\":\"ImageObject\",\"inLanguage\":\"fr-FR\",\"@id\":\"https:\/\/newsestlyonnais.fr\/site\/2019\/08\/27\/meyzieu-les-travaux-dentretien-et-renovation-pour-la-rentree-scolaire\/#primaryimage\",\"url\":\"https:\/\/newsestlyonnais.fr\/site\/wp-content\/uploads\/2018\/05\/NEWSESTLYONNAIS-.png\",\"contentUrl\":\"https:\/\/newsestlyonnais.fr\/site\/wp-content\/uploads\/2018\/05\/NEWSESTLYONNAIS-.png\",\"width\":1280,\"height\":960,\"caption\":\"NEWSESTLYONNAIS VISUEL MEYZIEU\"},{\"@type\":\"BreadcrumbList\",\"@id\":\"https:\/\/newsestlyonnais.fr\/site\/2019\/08\/27\/meyzieu-les-travaux-dentretien-et-renovation-pour-la-rentree-scolaire\/#breadcrumb\",\"itemListElement\":[{\"@type\":\"ListItem\",\"position\":1,\"name\":\"Accueil\",\"item\":\"https:\/\/newsestlyonnais.fr\/site\/\"},{\"@type\":\"ListItem\",\"position\":2,\"name\":\"MEYZIEU | Les travaux d&rsquo;entretien et r\u00e9novation pour la rentr\u00e9e scolaire\"}]},{\"@type\":\"WebSite\",\"@id\":\"https:\/\/newsestlyonnais.fr\/site\/#website\",\"url\":\"https:\/\/newsestlyonnais.fr\/site\/\",\"name\":\"News Est Lyonnais\",\"description\":\"L&#039;actualit\u00e9 au plus pr\u00e8s\",\"publisher\":{\"@id\":\"https:\/\/newsestlyonnais.fr\/site\/#organization\"},\"potentialAction\":[{\"@type\":\"SearchAction\",\"target\":{\"@type\":\"EntryPoint\",\"urlTemplate\":\"https:\/\/newsestlyonnais.fr\/site\/?s={search_term_string}\"},\"query-input\":{\"@type\":\"PropertyValueSpecification\",\"valueRequired\":true,\"valueName\":\"search_term_string\"}}],\"inLanguage\":\"fr-FR\"},{\"@type\":\"Organization\",\"@id\":\"https:\/\/newsestlyonnais.fr\/site\/#organization\",\"name\":\"News EST LYONNAIS\",\"url\":\"https:\/\/newsestlyonnais.fr\/site\/\",\"logo\":{\"@type\":\"ImageObject\",\"inLanguage\":\"fr-FR\",\"@id\":\"https:\/\/newsestlyonnais.fr\/site\/#\/schema\/logo\/image\/\",\"url\":\"\",\"contentUrl\":\"\",\"caption\":\"News EST LYONNAIS\"},\"image\":{\"@id\":\"https:\/\/newsestlyonnais.fr\/site\/#\/schema\/logo\/image\/\"}},{\"@type\":\"Person\",\"@id\":\"https:\/\/newsestlyonnais.fr\/site\/#\/schema\/person\/3230d5615f390bb808365d673001e887\",\"name\":\"R\u00e9dac. NEWS\",\"sameAs\":[\"http:\/\/www.newsestlyonnais.fr\",\"https:\/\/www.facebook.com\/pascal.oberson.1?fref=ts\",\"https:\/\/fr.linkedin.com\/in\/pascal-oberson-b17045113\"],\"url\":\"https:\/\/newsestlyonnais.fr\/site\/author\/nel\/\"}]}<\/script>\n<!-- \/ Yoast SEO plugin. -->","yoast_head_json":{"title":"MEYZIEU | Les travaux d'entretien et r\u00e9novation pour la rentr\u00e9e scolaire - News Est Lyonnais MEYZIEU | Les travaux d'entretien et r\u00e9novation pour la rentr\u00e9e scolaire","description":"MEYZIEU | Les travaux d'entretien et r\u00e9novation pour la rentr\u00e9e scolaire","robots":{"index":"index","follow":"follow","max-snippet":"max-snippet:-1","max-image-preview":"max-image-preview:large","max-video-preview":"max-video-preview:-1"},"canonical":"https:\/\/newsestlyonnais.fr\/site\/2019\/08\/27\/meyzieu-les-travaux-dentretien-et-renovation-pour-la-rentree-scolaire\/","og_locale":"fr_FR","og_type":"article","og_title":"MEYZIEU | Les travaux d'entretien et r\u00e9novation pour la rentr\u00e9e scolaire - News Est Lyonnais MEYZIEU | Les travaux d'entretien et r\u00e9novation pour la rentr\u00e9e scolaire","og_description":"MEYZIEU | Les travaux d'entretien et r\u00e9novation pour la rentr\u00e9e scolaire","og_url":"https:\/\/newsestlyonnais.fr\/site\/2019\/08\/27\/meyzieu-les-travaux-dentretien-et-renovation-pour-la-rentree-scolaire\/","og_site_name":"News Est Lyonnais","article_author":"https:\/\/www.facebook.com\/pascal.oberson.1?fref=ts","article_published_time":"2019-08-27T14:28:13+00:00","article_modified_time":"2019-08-31T07:10:31+00:00","og_image":[{"width":1280,"height":960,"url":"https:\/\/i0.wp.com\/newsestlyonnais.fr\/site\/wp-content\/uploads\/2018\/05\/NEWSESTLYONNAIS-.png?fit=1280%2C960&ssl=1","type":"image\/png"}],"author":"R\u00e9dac. NEWS","twitter_card":"summary_large_image","twitter_misc":{"\u00c9crit par":"R\u00e9dac. NEWS","Dur\u00e9e de lecture estim\u00e9e":"3 minutes"},"schema":{"@context":"https:\/\/schema.org","@graph":[{"@type":"Article","@id":"https:\/\/newsestlyonnais.fr\/site\/2019\/08\/27\/meyzieu-les-travaux-dentretien-et-renovation-pour-la-rentree-scolaire\/#article","isPartOf":{"@id":"https:\/\/newsestlyonnais.fr\/site\/2019\/08\/27\/meyzieu-les-travaux-dentretien-et-renovation-pour-la-rentree-scolaire\/"},"author":{"name":"R\u00e9dac. NEWS","@id":"https:\/\/newsestlyonnais.fr\/site\/#\/schema\/person\/3230d5615f390bb808365d673001e887"},"headline":"MEYZIEU | Les travaux d&rsquo;entretien et r\u00e9novation pour la rentr\u00e9e scolaire","datePublished":"2019-08-27T14:28:13+00:00","dateModified":"2019-08-31T07:10:31+00:00","mainEntityOfPage":{"@id":"https:\/\/newsestlyonnais.fr\/site\/2019\/08\/27\/meyzieu-les-travaux-dentretien-et-renovation-pour-la-rentree-scolaire\/"},"wordCount":513,"commentCount":1,"publisher":{"@id":"https:\/\/newsestlyonnais.fr\/site\/#organization"},"image":{"@id":"https:\/\/newsestlyonnais.fr\/site\/2019\/08\/27\/meyzieu-les-travaux-dentretien-et-renovation-pour-la-rentree-scolaire\/#primaryimage"},"thumbnailUrl":"https:\/\/newsestlyonnais.fr\/site\/wp-content\/uploads\/2018\/05\/NEWSESTLYONNAIS-.png","keywords":["ECOLE","MEYZIEU","TRAVAUX"],"articleSection":["Meyzieu","Scolaire"],"inLanguage":"fr-FR","potentialAction":[{"@type":"CommentAction","name":"Comment","target":["https:\/\/newsestlyonnais.fr\/site\/2019\/08\/27\/meyzieu-les-travaux-dentretien-et-renovation-pour-la-rentree-scolaire\/#respond"]}]},{"@type":"WebPage","@id":"https:\/\/newsestlyonnais.fr\/site\/2019\/08\/27\/meyzieu-les-travaux-dentretien-et-renovation-pour-la-rentree-scolaire\/","url":"https:\/\/newsestlyonnais.fr\/site\/2019\/08\/27\/meyzieu-les-travaux-dentretien-et-renovation-pour-la-rentree-scolaire\/","name":"MEYZIEU | Les travaux d'entretien et r\u00e9novation pour la rentr\u00e9e scolaire - News Est Lyonnais MEYZIEU | Les travaux d'entretien et r\u00e9novation pour la rentr\u00e9e scolaire","isPartOf":{"@id":"https:\/\/newsestlyonnais.fr\/site\/#website"},"primaryImageOfPage":{"@id":"https:\/\/newsestlyonnais.fr\/site\/2019\/08\/27\/meyzieu-les-travaux-dentretien-et-renovation-pour-la-rentree-scolaire\/#primaryimage"},"image":{"@id":"https:\/\/newsestlyonnais.fr\/site\/2019\/08\/27\/meyzieu-les-travaux-dentretien-et-renovation-pour-la-rentree-scolaire\/#primaryimage"},"thumbnailUrl":"https:\/\/newsestlyonnais.fr\/site\/wp-content\/uploads\/2018\/05\/NEWSESTLYONNAIS-.png","datePublished":"2019-08-27T14:28:13+00:00","dateModified":"2019-08-31T07:10:31+00:00","description":"MEYZIEU | Les travaux d'entretien et r\u00e9novation pour la rentr\u00e9e scolaire","breadcrumb":{"@id":"https:\/\/newsestlyonnais.fr\/site\/2019\/08\/27\/meyzieu-les-travaux-dentretien-et-renovation-pour-la-rentree-scolaire\/#breadcrumb"},"inLanguage":"fr-FR","potentialAction":[{"@type":"ReadAction","target":["https:\/\/newsestlyonnais.fr\/site\/2019\/08\/27\/meyzieu-les-travaux-dentretien-et-renovation-pour-la-rentree-scolaire\/"]}]},{"@type":"ImageObject","inLanguage":"fr-FR","@id":"https:\/\/newsestlyonnais.fr\/site\/2019\/08\/27\/meyzieu-les-travaux-dentretien-et-renovation-pour-la-rentree-scolaire\/#primaryimage","url":"https:\/\/newsestlyonnais.fr\/site\/wp-content\/uploads\/2018\/05\/NEWSESTLYONNAIS-.png","contentUrl":"https:\/\/newsestlyonnais.fr\/site\/wp-content\/uploads\/2018\/05\/NEWSESTLYONNAIS-.png","width":1280,"height":960,"caption":"NEWSESTLYONNAIS VISUEL MEYZIEU"},{"@type":"BreadcrumbList","@id":"https:\/\/newsestlyonnais.fr\/site\/2019\/08\/27\/meyzieu-les-travaux-dentretien-et-renovation-pour-la-rentree-scolaire\/#breadcrumb","itemListElement":[{"@type":"ListItem","position":1,"name":"Accueil","item":"https:\/\/newsestlyonnais.fr\/site\/"},{"@type":"ListItem","position":2,"name":"MEYZIEU | Les travaux d&rsquo;entretien et r\u00e9novation pour la rentr\u00e9e scolaire"}]},{"@type":"WebSite","@id":"https:\/\/newsestlyonnais.fr\/site\/#website","url":"https:\/\/newsestlyonnais.fr\/site\/","name":"News Est Lyonnais","description":"L&#039;actualit\u00e9 au plus pr\u00e8s","publisher":{"@id":"https:\/\/newsestlyonnais.fr\/site\/#organization"},"potentialAction":[{"@type":"SearchAction","target":{"@type":"EntryPoint","urlTemplate":"https:\/\/newsestlyonnais.fr\/site\/?s={search_term_string}"},"query-input":{"@type":"PropertyValueSpecification","valueRequired":true,"valueName":"search_term_string"}}],"inLanguage":"fr-FR"},{"@type":"Organization","@id":"https:\/\/newsestlyonnais.fr\/site\/#organization","name":"News EST LYONNAIS","url":"https:\/\/newsestlyonnais.fr\/site\/","logo":{"@type":"ImageObject","inLanguage":"fr-FR","@id":"https:\/\/newsestlyonnais.fr\/site\/#\/schema\/logo\/image\/","url":"","contentUrl":"","caption":"News EST LYONNAIS"},"image":{"@id":"https:\/\/newsestlyonnais.fr\/site\/#\/schema\/logo\/image\/"}},{"@type":"Person","@id":"https:\/\/newsestlyonnais.fr\/site\/#\/schema\/person\/3230d5615f390bb808365d673001e887","name":"R\u00e9dac. NEWS","sameAs":["http:\/\/www.newsestlyonnais.fr","https:\/\/www.facebook.com\/pascal.oberson.1?fref=ts","https:\/\/fr.linkedin.com\/in\/pascal-oberson-b17045113"],"url":"https:\/\/newsestlyonnais.fr\/site\/author\/nel\/"}]}},"_links":{"self":[{"href":"https:\/\/newsestlyonnais.fr\/site\/wp-json\/wp\/v2\/posts\/81875","targetHints":{"allow":["GET"]}}],"collection":[{"href":"https:\/\/newsestlyonnais.fr\/site\/wp-json\/wp\/v2\/posts"}],"about":[{"href":"https:\/\/newsestlyonnais.fr\/site\/wp-json\/wp\/v2\/types\/post"}],"author":[{"embeddable":true,"href":"https:\/\/newsestlyonnais.fr\/site\/wp-json\/wp\/v2\/users\/4"}],"replies":[{"embeddable":true,"href":"https:\/\/newsestlyonnais.fr\/site\/wp-json\/wp\/v2\/comments?post=81875"}],"version-history":[{"count":0,"href":"https:\/\/newsestlyonnais.fr\/site\/wp-json\/wp\/v2\/posts\/81875\/revisions"}],"wp:featuredmedia":[{"embeddable":true,"href":"https:\/\/newsestlyonnais.fr\/site\/wp-json\/wp\/v2\/media\/50594"}],"wp:attachment":[{"href":"https:\/\/newsestlyonnais.fr\/site\/wp-json\/wp\/v2\/media?parent=81875"}],"wp:term":[{"taxonomy":"category","embeddable":true,"href":"https:\/\/newsestlyonnais.fr\/site\/wp-json\/wp\/v2\/categories?post=81875"},{"taxonomy":"post_tag","embeddable":true,"href":"https:\/\/newsestlyonnais.fr\/site\/wp-json\/wp\/v2\/tags?post=81875"}],"curies":[{"name":"wp","href":"https:\/\/api.w.org\/{rel}","templated":true}]}}