{"id":82162,"date":"2019-08-30T16:23:57","date_gmt":"2019-08-30T15:23:57","guid":{"rendered":"http:\/\/newsestlyonnais.fr\/site\/?p=82162"},"modified":"2020-11-11T11:57:14","modified_gmt":"2020-11-11T10:57:14","slug":"decines-la-der-de-kevin-molard-a-terre-de-running","status":"publish","type":"post","link":"https:\/\/newsestlyonnais.fr\/site\/2019\/08\/30\/decines-la-der-de-kevin-molard-a-terre-de-running\/","title":{"rendered":"DECINES | La der de Kevin Molard \u00e0 Terre de running"},"content":{"rendered":"<p>Un d\u00e9part volontaire afin de r\u00e9aliser un projet personnel au Canada mais qui laissera incontestablement du vide aupr\u00e8s des habitu\u00e9s de la boutique (clients, sportifs\u00a0 de clubs partenaires, du team TDR et de ses coll\u00e8gues).<\/p>\n<p>C\u2019est un peu \u00e9mu qu\u2019il s\u2019est exprim\u00e9 mardi soir \u00e0 l\u2019issue de la traditionnelle sortie du mardi soir qui a r\u00e9uni plus de 60 personnes venues lui dire au-revoir apr\u00e8s avoir couru une dizaine de kilom\u00e8tres une heure durant avec d\u00e9part et arriv\u00e9e devant la boutique.<\/p>\n<blockquote><p>\u00ab Quand je suis venu de ma Normandie natale sur D\u00e9cines, je ne pensais pas que je passerais trois tr\u00e8s bonnes ann\u00e9es comme cela a \u00e9t\u00e9 le cas. Il y avait en moyenne une vingtaine de participants aux soir\u00e9es du mardi, tout au long de l\u2019ann\u00e9e par tous temps. Les sorties vont bien entendu continuer avec Thibault et la boutique va fermer ses portes pour moi ce vendredi soir\u00bb. confie Kevin qui restera dans le domaine du sport outdoor.<\/p>\n<p>Pour <strong>Patrick Rebourseau<\/strong>, g\u00e9rant de Terre de running : \u00ab on lui souhaite le meilleur pour la suite de sa vie personnelle et professionnelle. On ne peut que constater le succ\u00e8s des sorties, concr\u00e9tis\u00e9 par tous ses efforts faits depuis trois ans. Une vraie fid\u00e9lit\u00e9 et une ambiance conviviale gr\u00e2ce \u00e0 la comp\u00e9tence de ses conseils. Ce n\u2019est pas souvent que les magasins arrivent \u00e0 mettre en place une telle convivialit\u00e9. Nos chemins se recroiseront n\u2019en doutons pas. Thibault lui succ\u00e8dera courant septembre apr\u00e8s avoir suivi une p\u00e9riode de formation au sein de notre boutique lyonnaise. \u00bb<\/p><\/blockquote>\n<p><strong>Thibault Gozzi<\/strong>, qui \u00e9voluera en bin\u00f4me avec Florian, sera le responsable d\u2019une boutique qu\u2019il connaissait d\u00e9j\u00e0 en tant que client. Un premier job qu\u2019il entamera apr\u00e8s avoir arr\u00eat\u00e9 ses \u00e9tudes et effectu\u00e9 un tour du monde en 9 mois, pour le plaisir ! \u00a0\u00ab C\u2019est un m\u00e9tier qui m\u2019int\u00e9resse \u00e9norm\u00e9ment, tant la pratique de la vente que la relation avec la client\u00e8le \u00ab confie ce pompier volontaire, titulaire d\u2019un BNSSA \u00a0et qui a \u00e9t\u00e9 animateur du centre majolan de loisirs des Vagues. Nul doute qu\u2019il devrait rapidement trouver ses marques notamment lors de l\u2019organisation des sorties du mardi soir en tant que sportif accompli. Apr\u00e8s 15 ans de bi-cross pratiqu\u00e9 au club de Meyzieu, il court depuis 6 ans et s\u2019est mis au trail en 2016. Il est d\u2019autre part pompier volontaire, titulaire d\u2019un BNSSA, il a \u00e9t\u00e9 animateur du centre de loisirs des Vagues.<\/p>\n<p><strong>Terre de Running D\u00e9cines : 3 rue de la Fraternit\u00e9. T\u00e9l: 04.78.89.95.54<\/strong><\/p>\n<p><strong>Plus d\u2019infos sur : <a href=\"https:\/\/www.terrederunning.com\" target=\"_blank\" rel=\"noreferrer noopener\">https:\/\/www.terrederunning.com<\/a><\/strong><\/p>\n<div id='gallery-1' class='gallery galleryid-82162 gallery-columns-3 gallery-size-thumbnail'><figure class='gallery-item'>\n\t\t\t<div class='gallery-icon landscape'>\n\t\t\t\t<a href='https:\/\/newsestlyonnais.fr\/site\/2018\/08\/25\/decines-terre-de-running-organise-son-1-plogging\/p1300557\/'><img loading=\"lazy\" decoding=\"async\" width=\"150\" height=\"150\" src=\"https:\/\/newsestlyonnais.fr\/site\/wp-content\/uploads\/2018\/08\/P1300557-150x150.jpg\" class=\"attachment-thumbnail size-thumbnail\" alt=\"NEWSESTLYONNAIS TDR DECINES PLOGGING\" aria-describedby=\"gallery-1-55284\" \/><\/a>\n\t\t\t<\/div>\n\t\t\t\t<figcaption class='wp-caption-text gallery-caption' id='gallery-1-55284'>\n\t\t\t\tKevin avait aussi organis\u00e9 des ploggings\n\t\t\t\t<\/figcaption><\/figure><figure class='gallery-item'>\n\t\t\t<div class='gallery-icon landscape'>\n\t\t\t\t<a href='https:\/\/newsestlyonnais.fr\/site\/2019\/08\/30\/decines-la-der-de-kevin-molard-a-terre-de-running\/20190827_211559\/'><img loading=\"lazy\" decoding=\"async\" width=\"150\" height=\"85\" src=\"https:\/\/newsestlyonnais.fr\/site\/wp-content\/uploads\/2019\/08\/20190827_211559-250x141.jpg\" class=\"attachment-thumbnail size-thumbnail\" alt=\"\" srcset=\"https:\/\/newsestlyonnais.fr\/site\/wp-content\/uploads\/2019\/08\/20190827_211559-250x141.jpg 250w, https:\/\/newsestlyonnais.fr\/site\/wp-content\/uploads\/2019\/08\/20190827_211559-400x225.jpg 400w, https:\/\/newsestlyonnais.fr\/site\/wp-content\/uploads\/2019\/08\/20190827_211559-768x432.jpg 768w, https:\/\/newsestlyonnais.fr\/site\/wp-content\/uploads\/2019\/08\/20190827_211559-650x366.jpg 650w, https:\/\/newsestlyonnais.fr\/site\/wp-content\/uploads\/2019\/08\/20190827_211559-150x84.jpg 150w, https:\/\/newsestlyonnais.fr\/site\/wp-content\/uploads\/2019\/08\/20190827_211559-50x28.jpg 50w, https:\/\/newsestlyonnais.fr\/site\/wp-content\/uploads\/2019\/08\/20190827_211559-100x56.jpg 100w, https:\/\/newsestlyonnais.fr\/site\/wp-content\/uploads\/2019\/08\/20190827_211559-200x113.jpg 200w, https:\/\/newsestlyonnais.fr\/site\/wp-content\/uploads\/2019\/08\/20190827_211559-300x169.jpg 300w, https:\/\/newsestlyonnais.fr\/site\/wp-content\/uploads\/2019\/08\/20190827_211559-350x197.jpg 350w, https:\/\/newsestlyonnais.fr\/site\/wp-content\/uploads\/2019\/08\/20190827_211559-450x253.jpg 450w, https:\/\/newsestlyonnais.fr\/site\/wp-content\/uploads\/2019\/08\/20190827_211559-500x281.jpg 500w, https:\/\/newsestlyonnais.fr\/site\/wp-content\/uploads\/2019\/08\/20190827_211559-550x309.jpg 550w, https:\/\/newsestlyonnais.fr\/site\/wp-content\/uploads\/2019\/08\/20190827_211559-800x450.jpg 800w, https:\/\/newsestlyonnais.fr\/site\/wp-content\/uploads\/2019\/08\/20190827_211559-1200x675.jpg 1200w, https:\/\/newsestlyonnais.fr\/site\/wp-content\/uploads\/2019\/08\/20190827_211559-1600x900.jpg 1600w, https:\/\/newsestlyonnais.fr\/site\/wp-content\/uploads\/2019\/08\/20190827_211559-2000x1125.jpg 2000w, https:\/\/newsestlyonnais.fr\/site\/wp-content\/uploads\/2019\/08\/20190827_211559-1320x743.jpg 1320w, https:\/\/newsestlyonnais.fr\/site\/wp-content\/uploads\/2019\/08\/20190827_211559-e1568002888115.jpg 2048w\" sizes=\"auto, (max-width: 150px) 100vw, 150px\" \/><\/a>\n\t\t\t<\/div><\/figure><figure class='gallery-item'>\n\t\t\t<div class='gallery-icon landscape'>\n\t\t\t\t<a href='https:\/\/newsestlyonnais.fr\/site\/2019\/08\/30\/decines-la-der-de-kevin-molard-a-terre-de-running\/newsestlyonnais-tdr-kevin-04\/'><img loading=\"lazy\" decoding=\"async\" width=\"150\" height=\"85\" src=\"https:\/\/newsestlyonnais.fr\/site\/wp-content\/uploads\/2019\/08\/NEWSESTLYONNAIS-TDR-KEVIN-04-250x141.jpg\" class=\"attachment-thumbnail size-thumbnail\" alt=\"\" srcset=\"https:\/\/newsestlyonnais.fr\/site\/wp-content\/uploads\/2019\/08\/NEWSESTLYONNAIS-TDR-KEVIN-04-250x141.jpg 250w, https:\/\/newsestlyonnais.fr\/site\/wp-content\/uploads\/2019\/08\/NEWSESTLYONNAIS-TDR-KEVIN-04-400x225.jpg 400w, https:\/\/newsestlyonnais.fr\/site\/wp-content\/uploads\/2019\/08\/NEWSESTLYONNAIS-TDR-KEVIN-04-768x432.jpg 768w, https:\/\/newsestlyonnais.fr\/site\/wp-content\/uploads\/2019\/08\/NEWSESTLYONNAIS-TDR-KEVIN-04-650x366.jpg 650w, https:\/\/newsestlyonnais.fr\/site\/wp-content\/uploads\/2019\/08\/NEWSESTLYONNAIS-TDR-KEVIN-04-150x84.jpg 150w, https:\/\/newsestlyonnais.fr\/site\/wp-content\/uploads\/2019\/08\/NEWSESTLYONNAIS-TDR-KEVIN-04-50x28.jpg 50w, https:\/\/newsestlyonnais.fr\/site\/wp-content\/uploads\/2019\/08\/NEWSESTLYONNAIS-TDR-KEVIN-04-100x56.jpg 100w, https:\/\/newsestlyonnais.fr\/site\/wp-content\/uploads\/2019\/08\/NEWSESTLYONNAIS-TDR-KEVIN-04-200x113.jpg 200w, https:\/\/newsestlyonnais.fr\/site\/wp-content\/uploads\/2019\/08\/NEWSESTLYONNAIS-TDR-KEVIN-04-300x169.jpg 300w, https:\/\/newsestlyonnais.fr\/site\/wp-content\/uploads\/2019\/08\/NEWSESTLYONNAIS-TDR-KEVIN-04-350x197.jpg 350w, https:\/\/newsestlyonnais.fr\/site\/wp-content\/uploads\/2019\/08\/NEWSESTLYONNAIS-TDR-KEVIN-04-450x253.jpg 450w, https:\/\/newsestlyonnais.fr\/site\/wp-content\/uploads\/2019\/08\/NEWSESTLYONNAIS-TDR-KEVIN-04-500x281.jpg 500w, https:\/\/newsestlyonnais.fr\/site\/wp-content\/uploads\/2019\/08\/NEWSESTLYONNAIS-TDR-KEVIN-04-550x309.jpg 550w, https:\/\/newsestlyonnais.fr\/site\/wp-content\/uploads\/2019\/08\/NEWSESTLYONNAIS-TDR-KEVIN-04-800x450.jpg 800w, https:\/\/newsestlyonnais.fr\/site\/wp-content\/uploads\/2019\/08\/NEWSESTLYONNAIS-TDR-KEVIN-04-1200x675.jpg 1200w, https:\/\/newsestlyonnais.fr\/site\/wp-content\/uploads\/2019\/08\/NEWSESTLYONNAIS-TDR-KEVIN-04-1600x900.jpg 1600w, https:\/\/newsestlyonnais.fr\/site\/wp-content\/uploads\/2019\/08\/NEWSESTLYONNAIS-TDR-KEVIN-04-2000x1125.jpg 2000w, https:\/\/newsestlyonnais.fr\/site\/wp-content\/uploads\/2019\/08\/NEWSESTLYONNAIS-TDR-KEVIN-04-1320x743.jpg 1320w, https:\/\/newsestlyonnais.fr\/site\/wp-content\/uploads\/2019\/08\/NEWSESTLYONNAIS-TDR-KEVIN-04-e1568002919360.jpg 2048w\" sizes=\"auto, (max-width: 150px) 100vw, 150px\" \/><\/a>\n\t\t\t<\/div><\/figure><figure class='gallery-item'>\n\t\t\t<div class='gallery-icon landscape'>\n\t\t\t\t<a href='https:\/\/newsestlyonnais.fr\/site\/2019\/08\/30\/decines-la-der-de-kevin-molard-a-terre-de-running\/newsestlyonnais-kevin-tdr-06\/'><img loading=\"lazy\" decoding=\"async\" width=\"150\" height=\"113\" src=\"https:\/\/newsestlyonnais.fr\/site\/wp-content\/uploads\/2019\/08\/NEWSESTLYONNAIS-KEVIN-TDR-06-250x188.jpg\" class=\"attachment-thumbnail size-thumbnail\" alt=\"\" aria-describedby=\"gallery-1-82286\" srcset=\"https:\/\/newsestlyonnais.fr\/site\/wp-content\/uploads\/2019\/08\/NEWSESTLYONNAIS-KEVIN-TDR-06-250x188.jpg 250w, https:\/\/newsestlyonnais.fr\/site\/wp-content\/uploads\/2019\/08\/NEWSESTLYONNAIS-KEVIN-TDR-06-400x300.jpg 400w, https:\/\/newsestlyonnais.fr\/site\/wp-content\/uploads\/2019\/08\/NEWSESTLYONNAIS-KEVIN-TDR-06-768x576.jpg 768w, https:\/\/newsestlyonnais.fr\/site\/wp-content\/uploads\/2019\/08\/NEWSESTLYONNAIS-KEVIN-TDR-06-650x488.jpg 650w, https:\/\/newsestlyonnais.fr\/site\/wp-content\/uploads\/2019\/08\/NEWSESTLYONNAIS-KEVIN-TDR-06-150x113.jpg 150w, https:\/\/newsestlyonnais.fr\/site\/wp-content\/uploads\/2019\/08\/NEWSESTLYONNAIS-KEVIN-TDR-06-50x38.jpg 50w, https:\/\/newsestlyonnais.fr\/site\/wp-content\/uploads\/2019\/08\/NEWSESTLYONNAIS-KEVIN-TDR-06-100x75.jpg 100w, https:\/\/newsestlyonnais.fr\/site\/wp-content\/uploads\/2019\/08\/NEWSESTLYONNAIS-KEVIN-TDR-06-200x150.jpg 200w, https:\/\/newsestlyonnais.fr\/site\/wp-content\/uploads\/2019\/08\/NEWSESTLYONNAIS-KEVIN-TDR-06-300x225.jpg 300w, https:\/\/newsestlyonnais.fr\/site\/wp-content\/uploads\/2019\/08\/NEWSESTLYONNAIS-KEVIN-TDR-06-350x263.jpg 350w, https:\/\/newsestlyonnais.fr\/site\/wp-content\/uploads\/2019\/08\/NEWSESTLYONNAIS-KEVIN-TDR-06-450x338.jpg 450w, https:\/\/newsestlyonnais.fr\/site\/wp-content\/uploads\/2019\/08\/NEWSESTLYONNAIS-KEVIN-TDR-06-500x375.jpg 500w, https:\/\/newsestlyonnais.fr\/site\/wp-content\/uploads\/2019\/08\/NEWSESTLYONNAIS-KEVIN-TDR-06-550x413.jpg 550w, https:\/\/newsestlyonnais.fr\/site\/wp-content\/uploads\/2019\/08\/NEWSESTLYONNAIS-KEVIN-TDR-06-800x600.jpg 800w, https:\/\/newsestlyonnais.fr\/site\/wp-content\/uploads\/2019\/08\/NEWSESTLYONNAIS-KEVIN-TDR-06-1200x900.jpg 1200w, https:\/\/newsestlyonnais.fr\/site\/wp-content\/uploads\/2019\/08\/NEWSESTLYONNAIS-KEVIN-TDR-06-1600x1200.jpg 1600w, https:\/\/newsestlyonnais.fr\/site\/wp-content\/uploads\/2019\/08\/NEWSESTLYONNAIS-KEVIN-TDR-06-2000x1500.jpg 2000w, https:\/\/newsestlyonnais.fr\/site\/wp-content\/uploads\/2019\/08\/NEWSESTLYONNAIS-KEVIN-TDR-06-1320x990.jpg 1320w, https:\/\/newsestlyonnais.fr\/site\/wp-content\/uploads\/2019\/08\/NEWSESTLYONNAIS-KEVIN-TDR-06-e1568002979608.jpg 2048w\" sizes=\"auto, (max-width: 150px) 100vw, 150px\" \/><\/a>\n\t\t\t<\/div>\n\t\t\t\t<figcaption class='wp-caption-text gallery-caption' id='gallery-1-82286'>\n\t\t\t\t3 pr\u00e9sidents de clubs pr\u00e9sents : Sylvain Meyer (ASU Bron), Eric Nallet (Lyon Athl\u00e9), Lionel Blondin (CAMNV) \n\t\t\t\t<\/figcaption><\/figure>\n\t\t<\/div>\n\n","protected":false},"excerpt":{"rendered":"<p>Pratiquement 3 ans jour pour jour apr\u00e8s avoir int\u00e9gr\u00e9 Terre de running, Kevin Molard quitte ce jour la boutique de D\u00e9cines dont il \u00e9tait responsable.<\/p>\n","protected":false},"author":4,"featured_media":83038,"comment_status":"open","ping_status":"open","sticky":false,"template":"","format":"standard","meta":{"footnotes":""},"categories":[2970,2968,21],"tags":[2116,2200],"class_list":["post-82162","post","type-post","status-publish","format-standard","has-post-thumbnail","hentry","category-artisans-commerces-economie","category-athle-course-pied-marche","category-decines-charpieu","tag-decines","tag-terre-de-running"],"yoast_head":"<!-- This site is optimized with the Yoast SEO plugin v27.2 - https:\/\/yoast.com\/product\/yoast-seo-wordpress\/ -->\n<title>DECINES | La der de Kevin Molard \u00e0 Terre de running - News Est Lyonnais DECINES | La der de Kevin Molard \u00e0 Terre de running<\/title>\n<meta name=\"description\" content=\"DECINES | La der de Kevin Molard \u00e0 Terre de running\" \/>\n<meta name=\"robots\" content=\"index, follow, max-snippet:-1, max-image-preview:large, max-video-preview:-1\" \/>\n<link rel=\"canonical\" href=\"https:\/\/newsestlyonnais.fr\/site\/2019\/08\/30\/decines-la-der-de-kevin-molard-a-terre-de-running\/\" \/>\n<meta property=\"og:locale\" content=\"fr_FR\" \/>\n<meta property=\"og:type\" content=\"article\" \/>\n<meta property=\"og:title\" content=\"DECINES | La der de Kevin Molard \u00e0 Terre de running - News Est Lyonnais DECINES | La der de Kevin Molard \u00e0 Terre de running\" \/>\n<meta property=\"og:description\" content=\"DECINES | La der de Kevin Molard \u00e0 Terre de running\" \/>\n<meta property=\"og:url\" content=\"https:\/\/newsestlyonnais.fr\/site\/2019\/08\/30\/decines-la-der-de-kevin-molard-a-terre-de-running\/\" \/>\n<meta property=\"og:site_name\" content=\"News Est Lyonnais\" \/>\n<meta property=\"article:author\" content=\"https:\/\/www.facebook.com\/pascal.oberson.1?fref=ts\" \/>\n<meta property=\"article:published_time\" content=\"2019-08-30T15:23:57+00:00\" \/>\n<meta property=\"article:modified_time\" content=\"2020-11-11T10:57:14+00:00\" \/>\n<meta property=\"og:image\" content=\"https:\/\/i1.wp.com\/newsestlyonnais.fr\/site\/wp-content\/uploads\/2019\/08\/NEWSESTLYONNAIS-TDR-KEVIN-01-1.jpg?fit=2048%2C1536&ssl=1\" \/>\n\t<meta property=\"og:image:width\" content=\"2048\" \/>\n\t<meta property=\"og:image:height\" content=\"1536\" \/>\n\t<meta property=\"og:image:type\" content=\"image\/jpeg\" \/>\n<meta name=\"author\" content=\"R\u00e9dac. NEWS\" \/>\n<meta name=\"twitter:card\" content=\"summary_large_image\" \/>\n<meta name=\"twitter:label1\" content=\"\u00c9crit par\" \/>\n\t<meta name=\"twitter:data1\" content=\"R\u00e9dac. NEWS\" \/>\n\t<meta name=\"twitter:label2\" content=\"Dur\u00e9e de lecture estim\u00e9e\" \/>\n\t<meta name=\"twitter:data2\" content=\"2 minutes\" \/>\n<script type=\"application\/ld+json\" class=\"yoast-schema-graph\">{\"@context\":\"https:\/\/schema.org\",\"@graph\":[{\"@type\":\"Article\",\"@id\":\"https:\/\/newsestlyonnais.fr\/site\/2019\/08\/30\/decines-la-der-de-kevin-molard-a-terre-de-running\/#article\",\"isPartOf\":{\"@id\":\"https:\/\/newsestlyonnais.fr\/site\/2019\/08\/30\/decines-la-der-de-kevin-molard-a-terre-de-running\/\"},\"author\":{\"name\":\"R\u00e9dac. NEWS\",\"@id\":\"https:\/\/newsestlyonnais.fr\/site\/#\/schema\/person\/3230d5615f390bb808365d673001e887\"},\"headline\":\"DECINES | La der de Kevin Molard \u00e0 Terre de running\",\"datePublished\":\"2019-08-30T15:23:57+00:00\",\"dateModified\":\"2020-11-11T10:57:14+00:00\",\"mainEntityOfPage\":{\"@id\":\"https:\/\/newsestlyonnais.fr\/site\/2019\/08\/30\/decines-la-der-de-kevin-molard-a-terre-de-running\/\"},\"wordCount\":470,\"commentCount\":0,\"publisher\":{\"@id\":\"https:\/\/newsestlyonnais.fr\/site\/#organization\"},\"image\":{\"@id\":\"https:\/\/newsestlyonnais.fr\/site\/2019\/08\/30\/decines-la-der-de-kevin-molard-a-terre-de-running\/#primaryimage\"},\"thumbnailUrl\":\"https:\/\/newsestlyonnais.fr\/site\/wp-content\/uploads\/2019\/08\/NEWSESTLYONNAIS-TDR-KEVIN-01-1.jpg\",\"keywords\":[\"DECINES\",\"TERRE DE RUNNING\"],\"articleSection\":[\"Artisans | Commerces\",\"Athl\u00e9 | Course pied | Marche\",\"D\u00e9cines-Charpieu\"],\"inLanguage\":\"fr-FR\",\"potentialAction\":[{\"@type\":\"CommentAction\",\"name\":\"Comment\",\"target\":[\"https:\/\/newsestlyonnais.fr\/site\/2019\/08\/30\/decines-la-der-de-kevin-molard-a-terre-de-running\/#respond\"]}]},{\"@type\":\"WebPage\",\"@id\":\"https:\/\/newsestlyonnais.fr\/site\/2019\/08\/30\/decines-la-der-de-kevin-molard-a-terre-de-running\/\",\"url\":\"https:\/\/newsestlyonnais.fr\/site\/2019\/08\/30\/decines-la-der-de-kevin-molard-a-terre-de-running\/\",\"name\":\"DECINES | La der de Kevin Molard \u00e0 Terre de running - News Est Lyonnais DECINES | La der de Kevin Molard \u00e0 Terre de running\",\"isPartOf\":{\"@id\":\"https:\/\/newsestlyonnais.fr\/site\/#website\"},\"primaryImageOfPage\":{\"@id\":\"https:\/\/newsestlyonnais.fr\/site\/2019\/08\/30\/decines-la-der-de-kevin-molard-a-terre-de-running\/#primaryimage\"},\"image\":{\"@id\":\"https:\/\/newsestlyonnais.fr\/site\/2019\/08\/30\/decines-la-der-de-kevin-molard-a-terre-de-running\/#primaryimage\"},\"thumbnailUrl\":\"https:\/\/newsestlyonnais.fr\/site\/wp-content\/uploads\/2019\/08\/NEWSESTLYONNAIS-TDR-KEVIN-01-1.jpg\",\"datePublished\":\"2019-08-30T15:23:57+00:00\",\"dateModified\":\"2020-11-11T10:57:14+00:00\",\"description\":\"DECINES | La der de Kevin Molard \u00e0 Terre de running\",\"breadcrumb\":{\"@id\":\"https:\/\/newsestlyonnais.fr\/site\/2019\/08\/30\/decines-la-der-de-kevin-molard-a-terre-de-running\/#breadcrumb\"},\"inLanguage\":\"fr-FR\",\"potentialAction\":[{\"@type\":\"ReadAction\",\"target\":[\"https:\/\/newsestlyonnais.fr\/site\/2019\/08\/30\/decines-la-der-de-kevin-molard-a-terre-de-running\/\"]}]},{\"@type\":\"ImageObject\",\"inLanguage\":\"fr-FR\",\"@id\":\"https:\/\/newsestlyonnais.fr\/site\/2019\/08\/30\/decines-la-der-de-kevin-molard-a-terre-de-running\/#primaryimage\",\"url\":\"https:\/\/newsestlyonnais.fr\/site\/wp-content\/uploads\/2019\/08\/NEWSESTLYONNAIS-TDR-KEVIN-01-1.jpg\",\"contentUrl\":\"https:\/\/newsestlyonnais.fr\/site\/wp-content\/uploads\/2019\/08\/NEWSESTLYONNAIS-TDR-KEVIN-01-1.jpg\",\"width\":2048,\"height\":1536},{\"@type\":\"BreadcrumbList\",\"@id\":\"https:\/\/newsestlyonnais.fr\/site\/2019\/08\/30\/decines-la-der-de-kevin-molard-a-terre-de-running\/#breadcrumb\",\"itemListElement\":[{\"@type\":\"ListItem\",\"position\":1,\"name\":\"Accueil\",\"item\":\"https:\/\/newsestlyonnais.fr\/site\/\"},{\"@type\":\"ListItem\",\"position\":2,\"name\":\"DECINES | La der de Kevin Molard \u00e0 Terre de running\"}]},{\"@type\":\"WebSite\",\"@id\":\"https:\/\/newsestlyonnais.fr\/site\/#website\",\"url\":\"https:\/\/newsestlyonnais.fr\/site\/\",\"name\":\"News Est Lyonnais\",\"description\":\"L&#039;actualit\u00e9 au plus pr\u00e8s\",\"publisher\":{\"@id\":\"https:\/\/newsestlyonnais.fr\/site\/#organization\"},\"potentialAction\":[{\"@type\":\"SearchAction\",\"target\":{\"@type\":\"EntryPoint\",\"urlTemplate\":\"https:\/\/newsestlyonnais.fr\/site\/?s={search_term_string}\"},\"query-input\":{\"@type\":\"PropertyValueSpecification\",\"valueRequired\":true,\"valueName\":\"search_term_string\"}}],\"inLanguage\":\"fr-FR\"},{\"@type\":\"Organization\",\"@id\":\"https:\/\/newsestlyonnais.fr\/site\/#organization\",\"name\":\"News EST LYONNAIS\",\"url\":\"https:\/\/newsestlyonnais.fr\/site\/\",\"logo\":{\"@type\":\"ImageObject\",\"inLanguage\":\"fr-FR\",\"@id\":\"https:\/\/newsestlyonnais.fr\/site\/#\/schema\/logo\/image\/\",\"url\":\"\",\"contentUrl\":\"\",\"caption\":\"News EST LYONNAIS\"},\"image\":{\"@id\":\"https:\/\/newsestlyonnais.fr\/site\/#\/schema\/logo\/image\/\"}},{\"@type\":\"Person\",\"@id\":\"https:\/\/newsestlyonnais.fr\/site\/#\/schema\/person\/3230d5615f390bb808365d673001e887\",\"name\":\"R\u00e9dac. NEWS\",\"sameAs\":[\"http:\/\/www.newsestlyonnais.fr\",\"https:\/\/www.facebook.com\/pascal.oberson.1?fref=ts\",\"https:\/\/fr.linkedin.com\/in\/pascal-oberson-b17045113\"],\"url\":\"https:\/\/newsestlyonnais.fr\/site\/author\/nel\/\"}]}<\/script>\n<!-- \/ Yoast SEO plugin. -->","yoast_head_json":{"title":"DECINES | La der de Kevin Molard \u00e0 Terre de running - News Est Lyonnais DECINES | La der de Kevin Molard \u00e0 Terre de running","description":"DECINES | La der de Kevin Molard \u00e0 Terre de running","robots":{"index":"index","follow":"follow","max-snippet":"max-snippet:-1","max-image-preview":"max-image-preview:large","max-video-preview":"max-video-preview:-1"},"canonical":"https:\/\/newsestlyonnais.fr\/site\/2019\/08\/30\/decines-la-der-de-kevin-molard-a-terre-de-running\/","og_locale":"fr_FR","og_type":"article","og_title":"DECINES | La der de Kevin Molard \u00e0 Terre de running - News Est Lyonnais DECINES | La der de Kevin Molard \u00e0 Terre de running","og_description":"DECINES | La der de Kevin Molard \u00e0 Terre de running","og_url":"https:\/\/newsestlyonnais.fr\/site\/2019\/08\/30\/decines-la-der-de-kevin-molard-a-terre-de-running\/","og_site_name":"News Est Lyonnais","article_author":"https:\/\/www.facebook.com\/pascal.oberson.1?fref=ts","article_published_time":"2019-08-30T15:23:57+00:00","article_modified_time":"2020-11-11T10:57:14+00:00","og_image":[{"width":2048,"height":1536,"url":"https:\/\/i1.wp.com\/newsestlyonnais.fr\/site\/wp-content\/uploads\/2019\/08\/NEWSESTLYONNAIS-TDR-KEVIN-01-1.jpg?fit=2048%2C1536&ssl=1","type":"image\/jpeg"}],"author":"R\u00e9dac. NEWS","twitter_card":"summary_large_image","twitter_misc":{"\u00c9crit par":"R\u00e9dac. NEWS","Dur\u00e9e de lecture estim\u00e9e":"2 minutes"},"schema":{"@context":"https:\/\/schema.org","@graph":[{"@type":"Article","@id":"https:\/\/newsestlyonnais.fr\/site\/2019\/08\/30\/decines-la-der-de-kevin-molard-a-terre-de-running\/#article","isPartOf":{"@id":"https:\/\/newsestlyonnais.fr\/site\/2019\/08\/30\/decines-la-der-de-kevin-molard-a-terre-de-running\/"},"author":{"name":"R\u00e9dac. NEWS","@id":"https:\/\/newsestlyonnais.fr\/site\/#\/schema\/person\/3230d5615f390bb808365d673001e887"},"headline":"DECINES | La der de Kevin Molard \u00e0 Terre de running","datePublished":"2019-08-30T15:23:57+00:00","dateModified":"2020-11-11T10:57:14+00:00","mainEntityOfPage":{"@id":"https:\/\/newsestlyonnais.fr\/site\/2019\/08\/30\/decines-la-der-de-kevin-molard-a-terre-de-running\/"},"wordCount":470,"commentCount":0,"publisher":{"@id":"https:\/\/newsestlyonnais.fr\/site\/#organization"},"image":{"@id":"https:\/\/newsestlyonnais.fr\/site\/2019\/08\/30\/decines-la-der-de-kevin-molard-a-terre-de-running\/#primaryimage"},"thumbnailUrl":"https:\/\/newsestlyonnais.fr\/site\/wp-content\/uploads\/2019\/08\/NEWSESTLYONNAIS-TDR-KEVIN-01-1.jpg","keywords":["DECINES","TERRE DE RUNNING"],"articleSection":["Artisans | Commerces","Athl\u00e9 | Course pied | Marche","D\u00e9cines-Charpieu"],"inLanguage":"fr-FR","potentialAction":[{"@type":"CommentAction","name":"Comment","target":["https:\/\/newsestlyonnais.fr\/site\/2019\/08\/30\/decines-la-der-de-kevin-molard-a-terre-de-running\/#respond"]}]},{"@type":"WebPage","@id":"https:\/\/newsestlyonnais.fr\/site\/2019\/08\/30\/decines-la-der-de-kevin-molard-a-terre-de-running\/","url":"https:\/\/newsestlyonnais.fr\/site\/2019\/08\/30\/decines-la-der-de-kevin-molard-a-terre-de-running\/","name":"DECINES | La der de Kevin Molard \u00e0 Terre de running - News Est Lyonnais DECINES | La der de Kevin Molard \u00e0 Terre de running","isPartOf":{"@id":"https:\/\/newsestlyonnais.fr\/site\/#website"},"primaryImageOfPage":{"@id":"https:\/\/newsestlyonnais.fr\/site\/2019\/08\/30\/decines-la-der-de-kevin-molard-a-terre-de-running\/#primaryimage"},"image":{"@id":"https:\/\/newsestlyonnais.fr\/site\/2019\/08\/30\/decines-la-der-de-kevin-molard-a-terre-de-running\/#primaryimage"},"thumbnailUrl":"https:\/\/newsestlyonnais.fr\/site\/wp-content\/uploads\/2019\/08\/NEWSESTLYONNAIS-TDR-KEVIN-01-1.jpg","datePublished":"2019-08-30T15:23:57+00:00","dateModified":"2020-11-11T10:57:14+00:00","description":"DECINES | La der de Kevin Molard \u00e0 Terre de running","breadcrumb":{"@id":"https:\/\/newsestlyonnais.fr\/site\/2019\/08\/30\/decines-la-der-de-kevin-molard-a-terre-de-running\/#breadcrumb"},"inLanguage":"fr-FR","potentialAction":[{"@type":"ReadAction","target":["https:\/\/newsestlyonnais.fr\/site\/2019\/08\/30\/decines-la-der-de-kevin-molard-a-terre-de-running\/"]}]},{"@type":"ImageObject","inLanguage":"fr-FR","@id":"https:\/\/newsestlyonnais.fr\/site\/2019\/08\/30\/decines-la-der-de-kevin-molard-a-terre-de-running\/#primaryimage","url":"https:\/\/newsestlyonnais.fr\/site\/wp-content\/uploads\/2019\/08\/NEWSESTLYONNAIS-TDR-KEVIN-01-1.jpg","contentUrl":"https:\/\/newsestlyonnais.fr\/site\/wp-content\/uploads\/2019\/08\/NEWSESTLYONNAIS-TDR-KEVIN-01-1.jpg","width":2048,"height":1536},{"@type":"BreadcrumbList","@id":"https:\/\/newsestlyonnais.fr\/site\/2019\/08\/30\/decines-la-der-de-kevin-molard-a-terre-de-running\/#breadcrumb","itemListElement":[{"@type":"ListItem","position":1,"name":"Accueil","item":"https:\/\/newsestlyonnais.fr\/site\/"},{"@type":"ListItem","position":2,"name":"DECINES | La der de Kevin Molard \u00e0 Terre de running"}]},{"@type":"WebSite","@id":"https:\/\/newsestlyonnais.fr\/site\/#website","url":"https:\/\/newsestlyonnais.fr\/site\/","name":"News Est Lyonnais","description":"L&#039;actualit\u00e9 au plus pr\u00e8s","publisher":{"@id":"https:\/\/newsestlyonnais.fr\/site\/#organization"},"potentialAction":[{"@type":"SearchAction","target":{"@type":"EntryPoint","urlTemplate":"https:\/\/newsestlyonnais.fr\/site\/?s={search_term_string}"},"query-input":{"@type":"PropertyValueSpecification","valueRequired":true,"valueName":"search_term_string"}}],"inLanguage":"fr-FR"},{"@type":"Organization","@id":"https:\/\/newsestlyonnais.fr\/site\/#organization","name":"News EST LYONNAIS","url":"https:\/\/newsestlyonnais.fr\/site\/","logo":{"@type":"ImageObject","inLanguage":"fr-FR","@id":"https:\/\/newsestlyonnais.fr\/site\/#\/schema\/logo\/image\/","url":"","contentUrl":"","caption":"News EST LYONNAIS"},"image":{"@id":"https:\/\/newsestlyonnais.fr\/site\/#\/schema\/logo\/image\/"}},{"@type":"Person","@id":"https:\/\/newsestlyonnais.fr\/site\/#\/schema\/person\/3230d5615f390bb808365d673001e887","name":"R\u00e9dac. NEWS","sameAs":["http:\/\/www.newsestlyonnais.fr","https:\/\/www.facebook.com\/pascal.oberson.1?fref=ts","https:\/\/fr.linkedin.com\/in\/pascal-oberson-b17045113"],"url":"https:\/\/newsestlyonnais.fr\/site\/author\/nel\/"}]}},"_links":{"self":[{"href":"https:\/\/newsestlyonnais.fr\/site\/wp-json\/wp\/v2\/posts\/82162","targetHints":{"allow":["GET"]}}],"collection":[{"href":"https:\/\/newsestlyonnais.fr\/site\/wp-json\/wp\/v2\/posts"}],"about":[{"href":"https:\/\/newsestlyonnais.fr\/site\/wp-json\/wp\/v2\/types\/post"}],"author":[{"embeddable":true,"href":"https:\/\/newsestlyonnais.fr\/site\/wp-json\/wp\/v2\/users\/4"}],"replies":[{"embeddable":true,"href":"https:\/\/newsestlyonnais.fr\/site\/wp-json\/wp\/v2\/comments?post=82162"}],"version-history":[{"count":0,"href":"https:\/\/newsestlyonnais.fr\/site\/wp-json\/wp\/v2\/posts\/82162\/revisions"}],"wp:featuredmedia":[{"embeddable":true,"href":"https:\/\/newsestlyonnais.fr\/site\/wp-json\/wp\/v2\/media\/83038"}],"wp:attachment":[{"href":"https:\/\/newsestlyonnais.fr\/site\/wp-json\/wp\/v2\/media?parent=82162"}],"wp:term":[{"taxonomy":"category","embeddable":true,"href":"https:\/\/newsestlyonnais.fr\/site\/wp-json\/wp\/v2\/categories?post=82162"},{"taxonomy":"post_tag","embeddable":true,"href":"https:\/\/newsestlyonnais.fr\/site\/wp-json\/wp\/v2\/tags?post=82162"}],"curies":[{"name":"wp","href":"https:\/\/api.w.org\/{rel}","templated":true}]}}