{"id":82181,"date":"2019-08-30T16:53:01","date_gmt":"2019-08-30T15:53:01","guid":{"rendered":"http:\/\/newsestlyonnais.fr\/site\/?p=82181"},"modified":"2021-09-17T09:43:07","modified_gmt":"2021-09-17T08:43:07","slug":"meyzieu-debut-de-la-construction-de-laire-de-glisse-urbaine","status":"publish","type":"post","link":"https:\/\/newsestlyonnais.fr\/site\/2019\/08\/30\/meyzieu-debut-de-la-construction-de-laire-de-glisse-urbaine\/","title":{"rendered":"MEYZIEU | D\u00e9but de la construction de l&rsquo;aire de glisse urbaine"},"content":{"rendered":"<p>Les <strong>travaux, pr\u00e9vus pour une dur\u00e9e de 3 mois environ<\/strong>, d\u00e9boucheront sur la r\u00e9alisation d\u2019un espace de pratique sportive \u00e0 vocation familiale.<br \/>\nD\u2019une surface totale de 1.084 m2 dont 600 m2 d\u00e9di\u00e9s \u00e0 la pratique de la glisse urbaine,<strong> le site permettra de faire cohabiter des sports \u00abstreet\u00bb et \u00abbowl\u00bb (skate, roller, BMX et trottinette).<\/strong><\/p>\n<p>Cette nouvelle infrastructure sportive majolane comprendra diff\u00e9rents espaces, accessibles \u00e0 tous les publics :<br \/>\n&gt; une zone d\u00e9di\u00e9e sp\u00e9cifiquement aux d\u00e9butants<br \/>\n&gt; un espace r\u00e9serv\u00e9 \u00e0 une approche plus sportive<br \/>\n&gt; et un cheminement p\u00e9riph\u00e9rique adapt\u00e9 \u00e0 un public novice et familial<br \/>\nUne fois les travaux termin\u00e9s, le site sera accessible par des chemins prot\u00e9g\u00e9s, emp\u00eachant l\u2019acc\u00e8s aux v\u00e9hicules motoris\u00e9s, sauf v\u00e9hicules de secours.<\/p>\n<p><strong>Co\u00fbt global de l&rsquo;op\u00e9ratio<\/strong>n : 284.030 \u20ac TTC (dont 50 000 \u20ac TTC de travaux r\u00e9alis\u00e9s en r\u00e9gie par la Ville de Meyzieu).<br \/>\n<strong>Ma\u00eetre d&rsquo;ouvrage<\/strong> : Mairie de Meyzieu<br \/>\n<strong>Ma\u00eetrise d&rsquo;oeuvre<\/strong> : COSINUS<br \/>\n<strong>Conception<\/strong> : ANTIDOTE SKATEPARKS<br \/>\n<strong>R\u00e9alisation<\/strong> : RMF TP \/ VAL RH\u00d4NE TP \/ STUCV Ville de Meyzieu<br \/>\n<strong>Subvention R\u00e9gion AUVERGNE-RH\u00d4NE-ALPES<\/strong> : 50 000 \u20ac TTC<\/p>\n","protected":false},"excerpt":{"rendered":"<p>Les travaux de cr\u00e9ation d\u2019une aire de glisse viennent de d\u00e9buter au 139 rue de la R\u00e9publique au sein du Parc des Servizi\u00e8res.<\/p>\n","protected":false},"author":4,"featured_media":82185,"comment_status":"open","ping_status":"open","sticky":false,"template":"","format":"standard","meta":{"footnotes":""},"categories":[2969,24,3900,172],"tags":[2081,2127],"class_list":["post-82181","post","type-post","status-publish","format-standard","has-post-thumbnail","hentry","category-cyclisme-cyclo-vtt","category-meyzieu","category-patinage-roller-ski","category-travaux-amenagements","tag-meyzieu","tag-travaux"],"yoast_head":"<!-- This site is optimized with the Yoast SEO plugin v27.2 - https:\/\/yoast.com\/product\/yoast-seo-wordpress\/ -->\n<title>MEYZIEU | D\u00e9but de la construction de l&#039;aire de glisse urbaine - News Est Lyonnais MEYZIEU | D\u00e9but de la construction de l&#039;aire de glisse urbaine<\/title>\n<meta name=\"description\" content=\"MEYZIEU | D\u00e9but de la construction de l&#039;aire de glisse urbaine\" \/>\n<meta name=\"robots\" content=\"index, follow, max-snippet:-1, max-image-preview:large, max-video-preview:-1\" \/>\n<link rel=\"canonical\" href=\"https:\/\/newsestlyonnais.fr\/site\/2019\/08\/30\/meyzieu-debut-de-la-construction-de-laire-de-glisse-urbaine\/\" \/>\n<meta property=\"og:locale\" content=\"fr_FR\" \/>\n<meta property=\"og:type\" content=\"article\" \/>\n<meta property=\"og:title\" content=\"MEYZIEU | D\u00e9but de la construction de l&#039;aire de glisse urbaine - News Est Lyonnais MEYZIEU | D\u00e9but de la construction de l&#039;aire de glisse urbaine\" \/>\n<meta property=\"og:description\" content=\"MEYZIEU | D\u00e9but de la construction de l&#039;aire de glisse urbaine\" \/>\n<meta property=\"og:url\" content=\"https:\/\/newsestlyonnais.fr\/site\/2019\/08\/30\/meyzieu-debut-de-la-construction-de-laire-de-glisse-urbaine\/\" \/>\n<meta property=\"og:site_name\" content=\"News Est Lyonnais\" \/>\n<meta property=\"article:author\" content=\"https:\/\/www.facebook.com\/pascal.oberson.1?fref=ts\" \/>\n<meta property=\"article:published_time\" content=\"2019-08-30T15:53:01+00:00\" \/>\n<meta property=\"article:modified_time\" content=\"2021-09-17T08:43:07+00:00\" \/>\n<meta property=\"og:image\" content=\"https:\/\/i0.wp.com\/newsestlyonnais.fr\/site\/wp-content\/uploads\/2019\/08\/NEWSESTLYONNAIS-TRAVX-SERVIZIERES.jpg?fit=2048%2C1536&ssl=1\" \/>\n\t<meta property=\"og:image:width\" content=\"2048\" \/>\n\t<meta property=\"og:image:height\" content=\"1536\" \/>\n\t<meta property=\"og:image:type\" content=\"image\/jpeg\" \/>\n<meta name=\"author\" content=\"R\u00e9dac. NEWS\" \/>\n<meta name=\"twitter:card\" content=\"summary_large_image\" \/>\n<meta name=\"twitter:label1\" content=\"\u00c9crit par\" \/>\n\t<meta name=\"twitter:data1\" content=\"R\u00e9dac. NEWS\" \/>\n\t<meta name=\"twitter:label2\" content=\"Dur\u00e9e de lecture estim\u00e9e\" \/>\n\t<meta name=\"twitter:data2\" content=\"1 minute\" \/>\n<script type=\"application\/ld+json\" class=\"yoast-schema-graph\">{\"@context\":\"https:\/\/schema.org\",\"@graph\":[{\"@type\":\"Article\",\"@id\":\"https:\/\/newsestlyonnais.fr\/site\/2019\/08\/30\/meyzieu-debut-de-la-construction-de-laire-de-glisse-urbaine\/#article\",\"isPartOf\":{\"@id\":\"https:\/\/newsestlyonnais.fr\/site\/2019\/08\/30\/meyzieu-debut-de-la-construction-de-laire-de-glisse-urbaine\/\"},\"author\":{\"name\":\"R\u00e9dac. NEWS\",\"@id\":\"https:\/\/newsestlyonnais.fr\/site\/#\/schema\/person\/3230d5615f390bb808365d673001e887\"},\"headline\":\"MEYZIEU | D\u00e9but de la construction de l&rsquo;aire de glisse urbaine\",\"datePublished\":\"2019-08-30T15:53:01+00:00\",\"dateModified\":\"2021-09-17T08:43:07+00:00\",\"mainEntityOfPage\":{\"@id\":\"https:\/\/newsestlyonnais.fr\/site\/2019\/08\/30\/meyzieu-debut-de-la-construction-de-laire-de-glisse-urbaine\/\"},\"wordCount\":203,\"commentCount\":0,\"publisher\":{\"@id\":\"https:\/\/newsestlyonnais.fr\/site\/#organization\"},\"image\":{\"@id\":\"https:\/\/newsestlyonnais.fr\/site\/2019\/08\/30\/meyzieu-debut-de-la-construction-de-laire-de-glisse-urbaine\/#primaryimage\"},\"thumbnailUrl\":\"https:\/\/newsestlyonnais.fr\/site\/wp-content\/uploads\/2019\/08\/NEWSESTLYONNAIS-TRAVX-SERVIZIERES.jpg\",\"keywords\":[\"MEYZIEU\",\"TRAVAUX\"],\"articleSection\":[\"Cyclisme | Cyclo | Vtt\",\"Meyzieu\",\"Patinage | Roller | Ski\",\"Travaux | Am\u00e9nagements\"],\"inLanguage\":\"fr-FR\",\"potentialAction\":[{\"@type\":\"CommentAction\",\"name\":\"Comment\",\"target\":[\"https:\/\/newsestlyonnais.fr\/site\/2019\/08\/30\/meyzieu-debut-de-la-construction-de-laire-de-glisse-urbaine\/#respond\"]}]},{\"@type\":\"WebPage\",\"@id\":\"https:\/\/newsestlyonnais.fr\/site\/2019\/08\/30\/meyzieu-debut-de-la-construction-de-laire-de-glisse-urbaine\/\",\"url\":\"https:\/\/newsestlyonnais.fr\/site\/2019\/08\/30\/meyzieu-debut-de-la-construction-de-laire-de-glisse-urbaine\/\",\"name\":\"MEYZIEU | D\u00e9but de la construction de l'aire de glisse urbaine - News Est Lyonnais MEYZIEU | D\u00e9but de la construction de l'aire de glisse urbaine\",\"isPartOf\":{\"@id\":\"https:\/\/newsestlyonnais.fr\/site\/#website\"},\"primaryImageOfPage\":{\"@id\":\"https:\/\/newsestlyonnais.fr\/site\/2019\/08\/30\/meyzieu-debut-de-la-construction-de-laire-de-glisse-urbaine\/#primaryimage\"},\"image\":{\"@id\":\"https:\/\/newsestlyonnais.fr\/site\/2019\/08\/30\/meyzieu-debut-de-la-construction-de-laire-de-glisse-urbaine\/#primaryimage\"},\"thumbnailUrl\":\"https:\/\/newsestlyonnais.fr\/site\/wp-content\/uploads\/2019\/08\/NEWSESTLYONNAIS-TRAVX-SERVIZIERES.jpg\",\"datePublished\":\"2019-08-30T15:53:01+00:00\",\"dateModified\":\"2021-09-17T08:43:07+00:00\",\"description\":\"MEYZIEU | D\u00e9but de la construction de l'aire de glisse urbaine\",\"breadcrumb\":{\"@id\":\"https:\/\/newsestlyonnais.fr\/site\/2019\/08\/30\/meyzieu-debut-de-la-construction-de-laire-de-glisse-urbaine\/#breadcrumb\"},\"inLanguage\":\"fr-FR\",\"potentialAction\":[{\"@type\":\"ReadAction\",\"target\":[\"https:\/\/newsestlyonnais.fr\/site\/2019\/08\/30\/meyzieu-debut-de-la-construction-de-laire-de-glisse-urbaine\/\"]}]},{\"@type\":\"ImageObject\",\"inLanguage\":\"fr-FR\",\"@id\":\"https:\/\/newsestlyonnais.fr\/site\/2019\/08\/30\/meyzieu-debut-de-la-construction-de-laire-de-glisse-urbaine\/#primaryimage\",\"url\":\"https:\/\/newsestlyonnais.fr\/site\/wp-content\/uploads\/2019\/08\/NEWSESTLYONNAIS-TRAVX-SERVIZIERES.jpg\",\"contentUrl\":\"https:\/\/newsestlyonnais.fr\/site\/wp-content\/uploads\/2019\/08\/NEWSESTLYONNAIS-TRAVX-SERVIZIERES.jpg\",\"width\":2048,\"height\":1536},{\"@type\":\"BreadcrumbList\",\"@id\":\"https:\/\/newsestlyonnais.fr\/site\/2019\/08\/30\/meyzieu-debut-de-la-construction-de-laire-de-glisse-urbaine\/#breadcrumb\",\"itemListElement\":[{\"@type\":\"ListItem\",\"position\":1,\"name\":\"Accueil\",\"item\":\"https:\/\/newsestlyonnais.fr\/site\/\"},{\"@type\":\"ListItem\",\"position\":2,\"name\":\"MEYZIEU | D\u00e9but de la construction de l&rsquo;aire de glisse urbaine\"}]},{\"@type\":\"WebSite\",\"@id\":\"https:\/\/newsestlyonnais.fr\/site\/#website\",\"url\":\"https:\/\/newsestlyonnais.fr\/site\/\",\"name\":\"News Est Lyonnais\",\"description\":\"L&#039;actualit\u00e9 au plus pr\u00e8s\",\"publisher\":{\"@id\":\"https:\/\/newsestlyonnais.fr\/site\/#organization\"},\"potentialAction\":[{\"@type\":\"SearchAction\",\"target\":{\"@type\":\"EntryPoint\",\"urlTemplate\":\"https:\/\/newsestlyonnais.fr\/site\/?s={search_term_string}\"},\"query-input\":{\"@type\":\"PropertyValueSpecification\",\"valueRequired\":true,\"valueName\":\"search_term_string\"}}],\"inLanguage\":\"fr-FR\"},{\"@type\":\"Organization\",\"@id\":\"https:\/\/newsestlyonnais.fr\/site\/#organization\",\"name\":\"News EST LYONNAIS\",\"url\":\"https:\/\/newsestlyonnais.fr\/site\/\",\"logo\":{\"@type\":\"ImageObject\",\"inLanguage\":\"fr-FR\",\"@id\":\"https:\/\/newsestlyonnais.fr\/site\/#\/schema\/logo\/image\/\",\"url\":\"\",\"contentUrl\":\"\",\"caption\":\"News EST LYONNAIS\"},\"image\":{\"@id\":\"https:\/\/newsestlyonnais.fr\/site\/#\/schema\/logo\/image\/\"}},{\"@type\":\"Person\",\"@id\":\"https:\/\/newsestlyonnais.fr\/site\/#\/schema\/person\/3230d5615f390bb808365d673001e887\",\"name\":\"R\u00e9dac. NEWS\",\"sameAs\":[\"http:\/\/www.newsestlyonnais.fr\",\"https:\/\/www.facebook.com\/pascal.oberson.1?fref=ts\",\"https:\/\/fr.linkedin.com\/in\/pascal-oberson-b17045113\"],\"url\":\"https:\/\/newsestlyonnais.fr\/site\/author\/nel\/\"}]}<\/script>\n<!-- \/ Yoast SEO plugin. -->","yoast_head_json":{"title":"MEYZIEU | D\u00e9but de la construction de l'aire de glisse urbaine - News Est Lyonnais MEYZIEU | D\u00e9but de la construction de l'aire de glisse urbaine","description":"MEYZIEU | D\u00e9but de la construction de l'aire de glisse urbaine","robots":{"index":"index","follow":"follow","max-snippet":"max-snippet:-1","max-image-preview":"max-image-preview:large","max-video-preview":"max-video-preview:-1"},"canonical":"https:\/\/newsestlyonnais.fr\/site\/2019\/08\/30\/meyzieu-debut-de-la-construction-de-laire-de-glisse-urbaine\/","og_locale":"fr_FR","og_type":"article","og_title":"MEYZIEU | D\u00e9but de la construction de l'aire de glisse urbaine - News Est Lyonnais MEYZIEU | D\u00e9but de la construction de l'aire de glisse urbaine","og_description":"MEYZIEU | D\u00e9but de la construction de l'aire de glisse urbaine","og_url":"https:\/\/newsestlyonnais.fr\/site\/2019\/08\/30\/meyzieu-debut-de-la-construction-de-laire-de-glisse-urbaine\/","og_site_name":"News Est Lyonnais","article_author":"https:\/\/www.facebook.com\/pascal.oberson.1?fref=ts","article_published_time":"2019-08-30T15:53:01+00:00","article_modified_time":"2021-09-17T08:43:07+00:00","og_image":[{"width":2048,"height":1536,"url":"https:\/\/i0.wp.com\/newsestlyonnais.fr\/site\/wp-content\/uploads\/2019\/08\/NEWSESTLYONNAIS-TRAVX-SERVIZIERES.jpg?fit=2048%2C1536&ssl=1","type":"image\/jpeg"}],"author":"R\u00e9dac. NEWS","twitter_card":"summary_large_image","twitter_misc":{"\u00c9crit par":"R\u00e9dac. NEWS","Dur\u00e9e de lecture estim\u00e9e":"1 minute"},"schema":{"@context":"https:\/\/schema.org","@graph":[{"@type":"Article","@id":"https:\/\/newsestlyonnais.fr\/site\/2019\/08\/30\/meyzieu-debut-de-la-construction-de-laire-de-glisse-urbaine\/#article","isPartOf":{"@id":"https:\/\/newsestlyonnais.fr\/site\/2019\/08\/30\/meyzieu-debut-de-la-construction-de-laire-de-glisse-urbaine\/"},"author":{"name":"R\u00e9dac. NEWS","@id":"https:\/\/newsestlyonnais.fr\/site\/#\/schema\/person\/3230d5615f390bb808365d673001e887"},"headline":"MEYZIEU | D\u00e9but de la construction de l&rsquo;aire de glisse urbaine","datePublished":"2019-08-30T15:53:01+00:00","dateModified":"2021-09-17T08:43:07+00:00","mainEntityOfPage":{"@id":"https:\/\/newsestlyonnais.fr\/site\/2019\/08\/30\/meyzieu-debut-de-la-construction-de-laire-de-glisse-urbaine\/"},"wordCount":203,"commentCount":0,"publisher":{"@id":"https:\/\/newsestlyonnais.fr\/site\/#organization"},"image":{"@id":"https:\/\/newsestlyonnais.fr\/site\/2019\/08\/30\/meyzieu-debut-de-la-construction-de-laire-de-glisse-urbaine\/#primaryimage"},"thumbnailUrl":"https:\/\/newsestlyonnais.fr\/site\/wp-content\/uploads\/2019\/08\/NEWSESTLYONNAIS-TRAVX-SERVIZIERES.jpg","keywords":["MEYZIEU","TRAVAUX"],"articleSection":["Cyclisme | Cyclo | Vtt","Meyzieu","Patinage | Roller | Ski","Travaux | Am\u00e9nagements"],"inLanguage":"fr-FR","potentialAction":[{"@type":"CommentAction","name":"Comment","target":["https:\/\/newsestlyonnais.fr\/site\/2019\/08\/30\/meyzieu-debut-de-la-construction-de-laire-de-glisse-urbaine\/#respond"]}]},{"@type":"WebPage","@id":"https:\/\/newsestlyonnais.fr\/site\/2019\/08\/30\/meyzieu-debut-de-la-construction-de-laire-de-glisse-urbaine\/","url":"https:\/\/newsestlyonnais.fr\/site\/2019\/08\/30\/meyzieu-debut-de-la-construction-de-laire-de-glisse-urbaine\/","name":"MEYZIEU | D\u00e9but de la construction de l'aire de glisse urbaine - News Est Lyonnais MEYZIEU | D\u00e9but de la construction de l'aire de glisse urbaine","isPartOf":{"@id":"https:\/\/newsestlyonnais.fr\/site\/#website"},"primaryImageOfPage":{"@id":"https:\/\/newsestlyonnais.fr\/site\/2019\/08\/30\/meyzieu-debut-de-la-construction-de-laire-de-glisse-urbaine\/#primaryimage"},"image":{"@id":"https:\/\/newsestlyonnais.fr\/site\/2019\/08\/30\/meyzieu-debut-de-la-construction-de-laire-de-glisse-urbaine\/#primaryimage"},"thumbnailUrl":"https:\/\/newsestlyonnais.fr\/site\/wp-content\/uploads\/2019\/08\/NEWSESTLYONNAIS-TRAVX-SERVIZIERES.jpg","datePublished":"2019-08-30T15:53:01+00:00","dateModified":"2021-09-17T08:43:07+00:00","description":"MEYZIEU | D\u00e9but de la construction de l'aire de glisse urbaine","breadcrumb":{"@id":"https:\/\/newsestlyonnais.fr\/site\/2019\/08\/30\/meyzieu-debut-de-la-construction-de-laire-de-glisse-urbaine\/#breadcrumb"},"inLanguage":"fr-FR","potentialAction":[{"@type":"ReadAction","target":["https:\/\/newsestlyonnais.fr\/site\/2019\/08\/30\/meyzieu-debut-de-la-construction-de-laire-de-glisse-urbaine\/"]}]},{"@type":"ImageObject","inLanguage":"fr-FR","@id":"https:\/\/newsestlyonnais.fr\/site\/2019\/08\/30\/meyzieu-debut-de-la-construction-de-laire-de-glisse-urbaine\/#primaryimage","url":"https:\/\/newsestlyonnais.fr\/site\/wp-content\/uploads\/2019\/08\/NEWSESTLYONNAIS-TRAVX-SERVIZIERES.jpg","contentUrl":"https:\/\/newsestlyonnais.fr\/site\/wp-content\/uploads\/2019\/08\/NEWSESTLYONNAIS-TRAVX-SERVIZIERES.jpg","width":2048,"height":1536},{"@type":"BreadcrumbList","@id":"https:\/\/newsestlyonnais.fr\/site\/2019\/08\/30\/meyzieu-debut-de-la-construction-de-laire-de-glisse-urbaine\/#breadcrumb","itemListElement":[{"@type":"ListItem","position":1,"name":"Accueil","item":"https:\/\/newsestlyonnais.fr\/site\/"},{"@type":"ListItem","position":2,"name":"MEYZIEU | D\u00e9but de la construction de l&rsquo;aire de glisse urbaine"}]},{"@type":"WebSite","@id":"https:\/\/newsestlyonnais.fr\/site\/#website","url":"https:\/\/newsestlyonnais.fr\/site\/","name":"News Est Lyonnais","description":"L&#039;actualit\u00e9 au plus pr\u00e8s","publisher":{"@id":"https:\/\/newsestlyonnais.fr\/site\/#organization"},"potentialAction":[{"@type":"SearchAction","target":{"@type":"EntryPoint","urlTemplate":"https:\/\/newsestlyonnais.fr\/site\/?s={search_term_string}"},"query-input":{"@type":"PropertyValueSpecification","valueRequired":true,"valueName":"search_term_string"}}],"inLanguage":"fr-FR"},{"@type":"Organization","@id":"https:\/\/newsestlyonnais.fr\/site\/#organization","name":"News EST LYONNAIS","url":"https:\/\/newsestlyonnais.fr\/site\/","logo":{"@type":"ImageObject","inLanguage":"fr-FR","@id":"https:\/\/newsestlyonnais.fr\/site\/#\/schema\/logo\/image\/","url":"","contentUrl":"","caption":"News EST LYONNAIS"},"image":{"@id":"https:\/\/newsestlyonnais.fr\/site\/#\/schema\/logo\/image\/"}},{"@type":"Person","@id":"https:\/\/newsestlyonnais.fr\/site\/#\/schema\/person\/3230d5615f390bb808365d673001e887","name":"R\u00e9dac. NEWS","sameAs":["http:\/\/www.newsestlyonnais.fr","https:\/\/www.facebook.com\/pascal.oberson.1?fref=ts","https:\/\/fr.linkedin.com\/in\/pascal-oberson-b17045113"],"url":"https:\/\/newsestlyonnais.fr\/site\/author\/nel\/"}]}},"_links":{"self":[{"href":"https:\/\/newsestlyonnais.fr\/site\/wp-json\/wp\/v2\/posts\/82181","targetHints":{"allow":["GET"]}}],"collection":[{"href":"https:\/\/newsestlyonnais.fr\/site\/wp-json\/wp\/v2\/posts"}],"about":[{"href":"https:\/\/newsestlyonnais.fr\/site\/wp-json\/wp\/v2\/types\/post"}],"author":[{"embeddable":true,"href":"https:\/\/newsestlyonnais.fr\/site\/wp-json\/wp\/v2\/users\/4"}],"replies":[{"embeddable":true,"href":"https:\/\/newsestlyonnais.fr\/site\/wp-json\/wp\/v2\/comments?post=82181"}],"version-history":[{"count":0,"href":"https:\/\/newsestlyonnais.fr\/site\/wp-json\/wp\/v2\/posts\/82181\/revisions"}],"wp:featuredmedia":[{"embeddable":true,"href":"https:\/\/newsestlyonnais.fr\/site\/wp-json\/wp\/v2\/media\/82185"}],"wp:attachment":[{"href":"https:\/\/newsestlyonnais.fr\/site\/wp-json\/wp\/v2\/media?parent=82181"}],"wp:term":[{"taxonomy":"category","embeddable":true,"href":"https:\/\/newsestlyonnais.fr\/site\/wp-json\/wp\/v2\/categories?post=82181"},{"taxonomy":"post_tag","embeddable":true,"href":"https:\/\/newsestlyonnais.fr\/site\/wp-json\/wp\/v2\/tags?post=82181"}],"curies":[{"name":"wp","href":"https:\/\/api.w.org\/{rel}","templated":true}]}}