{"id":82252,"date":"2019-09-02T07:14:48","date_gmt":"2019-09-02T06:14:48","guid":{"rendered":"http:\/\/newsestlyonnais.fr\/site\/?p=82252"},"modified":"2019-09-12T08:44:08","modified_gmt":"2019-09-12T07:44:08","slug":"bron-les-manifestations-de-septembre","status":"publish","type":"post","link":"https:\/\/newsestlyonnais.fr\/site\/2019\/09\/02\/bron-les-manifestations-de-septembre\/","title":{"rendered":"BRON | Les manifestations de septembre"},"content":{"rendered":"<ul>\n<li><strong>Lundi 2 Septembre \u00e0 8<\/strong> <strong>h 30<\/strong> &#8211; <span style=\"text-decoration: underline\">Rentr\u00e9e des classes des \u00e9coles primaires.<\/span><\/li>\n<li><strong>Mardi 3 Septembre \u00e0 18 h<\/strong> &#8211; <span style=\"text-decoration: underline\">75\u00b0 anniversaire de la Lib\u00e9ration de Bron<\/span>. (Monument des Fusill\u00e9s).<\/li>\n<li><strong>Vendredi 6 Septembre \u00e0 17 h<\/strong> &#8211; <span style=\"text-decoration: underline\">Soir\u00e9e de lancement de la saison 2019-2020<\/span>. (Centre social et culturel<br \/>\nG\u00e9rard Philippe).<\/li>\n<li><strong>Dimanche 8 Septembre de 10 h \u00e0 17 h<\/strong> &#8211; <span style=\"text-decoration: underline\">Forum des associations<\/span>. (square Grimma).<\/li>\n<li><strong>Mardi 17 Septembre \u00e0 18 h 30 &#8211; <\/strong><span style=\"text-decoration: underline\">Vernissage des expositions \u201cMythes et autres petites b\u00eates\u201d<\/span><br \/>\ndans le cadre de la 8\u00b0 Biennale Hors Normes de Lyon et \u201cZ\u00e9ro-G\u201d, en pr\u00e9ambule du festival Karavel. (Ferme du Vinatier) <strong>&amp; \u00e0 19 h 30<\/strong> &#8211;<span style=\"text-decoration: underline\"> Soir\u00e9e de rentr\u00e9e des Amis du Cin\u00e9m<\/span>a. (cin\u00e9ma Les Aliz\u00e9s).<\/li>\n<li><strong>Jeudi 19 Septembre \u00e0 18 h<\/strong>\u00a0 &#8211; <span style=\"text-decoration: underline\">Troph\u00e9es du Sport<\/span>. (H\u00f4tel de Ville).<\/li>\n<li><strong>Vendredi 20 Septembre \u00e0 15 h<\/strong> &#8211; <span style=\"text-decoration: underline\">5\u00b0 anniversaire du Jardin des Sapins<\/span>. (avenue Pierre-Brossolette).<\/li>\n<li><strong>Samedi 21 Septembre<\/strong> : <span style=\"text-decoration: underline\">Journ\u00e9es Europ\u00e9ennes du Patrimoine<\/span>.<strong> 12 h<\/strong> &#8211; <span style=\"text-decoration: underline\">Ouverture de la \u201cQuinzaine de l\u2019\u00e9cocitoyennet\u00e9\u201d<\/span> organis\u00e9e par les Conseils de Quartier (Fort de Bron). <strong>14 h<\/strong> &#8211; <span style=\"text-decoration: underline\">Manifestation des Bikers Solidaires<\/span>. (parc de Parilly). <strong>15 h<\/strong> &#8211; <span style=\"text-decoration: underline\">Battle Sixstyle 10\u00b0 \u00e9dition<\/span>. (Espace Albert Camus).<\/li>\n<li><strong>Dimanche 22 Septembre &#8211; <\/strong><span style=\"text-decoration: underline\">Journ\u00e9es <\/span><span style=\"text-decoration: underline\">Europ\u00e9ennes du Patrimoine.<\/span><\/li>\n<li><strong>Samedi 28 Septembre \u00e0 9 h<\/strong> &#8211; <span style=\"text-decoration: underline\">Nettoyage participatif du parc des Essarts.<\/span> \u201cQuinzaine de l\u2019\u00e9cocitoyennet\u00e9\u201d<br \/>\n<strong>10 h &#8211; <\/strong><span style=\"text-decoration: underline\">\u201cGrand D\u00e9ballage\u201d<\/span> (M\u00e9diath\u00e8que Jean Pr\u00e9vost). <strong>14 h &#8211; <\/strong><span style=\"text-decoration: underline\">Lancement de la saison 2019-2020 du Jack Jack et bourse aux vinyles<\/span> (Jack Jack). <strong>15 H <\/strong><span style=\"text-decoration: underline\">&#8211; F\u00eate de rentr\u00e9e du Centre social et socio-culturel Les Taillis &amp; ouverture de la Cabane \u00e0 jeux<\/span>. (Centre social et socio-culturel du Grand Taillis). <strong>16 h &#8211; Ouverture de la saison 2019-2020<\/strong>. (M\u00e9diath\u00e8que Jean Pr\u00e9vost).<\/li>\n<\/ul>\n<h4><strong>L\u2019ACTU de la commune sur : <\/strong><a href=\"https:\/\/www.ville-bron.fr\" target=\"_blank\" rel=\"noreferrer noopener\">https:\/\/www.ville-bron.fr<\/a><\/h4>\n<div id='gallery-1' class='gallery galleryid-82252 gallery-columns-3 gallery-size-thumbnail'><figure class='gallery-item'>\n\t\t\t<div class='gallery-icon portrait'>\n\t\t\t\t<a href='https:\/\/newsestlyonnais.fr\/site\/2019\/09\/05\/forums-des-associations-de-la-rentree-toutes-les-dates-sur-lyon-et-lest-lyonnais-2\/newsestlyonnais-forum-assoc-bron\/'><img loading=\"lazy\" decoding=\"async\" width=\"150\" height=\"150\" src=\"https:\/\/newsestlyonnais.fr\/site\/wp-content\/uploads\/2019\/06\/NEWSESTLYONNAIS-FORUM-ASSOC-BRON-150x150.jpg\" class=\"attachment-thumbnail size-thumbnail\" alt=\"\" aria-describedby=\"gallery-1-78110\" \/><\/a>\n\t\t\t<\/div>\n\t\t\t\t<figcaption class='wp-caption-text gallery-caption' id='gallery-1-78110'>\n\t\t\t\t   Forum des associations          \n\t\t\t\t<\/figcaption><\/figure>\n\t\t<\/div>\n\n","protected":false},"excerpt":{"rendered":"<p>Les \u00e9v\u00e8nements ne vont pas manquer durant ce mois de rentr\u00e9e sur la commune brondillante.<\/p>\n","protected":false},"author":4,"featured_media":6891,"comment_status":"open","ping_status":"open","sticky":false,"template":"","format":"standard","meta":{"footnotes":""},"categories":[19],"tags":[1991,2072,2059],"class_list":["post-82252","post","type-post","status-publish","format-standard","has-post-thumbnail","hentry","category-bron","tag-agenda","tag-bron","tag-manifestations"],"yoast_head":"<!-- This site is optimized with the Yoast SEO plugin v27.2 - https:\/\/yoast.com\/product\/yoast-seo-wordpress\/ -->\n<title>BRON | Les manifestations de septembre - News Est Lyonnais BRON | Les manifestations de septembre<\/title>\n<meta name=\"description\" content=\"BRON | Les manifestations de septembre\" \/>\n<meta name=\"robots\" content=\"index, follow, max-snippet:-1, max-image-preview:large, max-video-preview:-1\" \/>\n<link rel=\"canonical\" href=\"https:\/\/newsestlyonnais.fr\/site\/2019\/09\/02\/bron-les-manifestations-de-septembre\/\" \/>\n<meta property=\"og:locale\" content=\"fr_FR\" \/>\n<meta property=\"og:type\" content=\"article\" \/>\n<meta property=\"og:title\" content=\"BRON | Les manifestations de septembre - News Est Lyonnais BRON | Les manifestations de septembre\" \/>\n<meta property=\"og:description\" content=\"BRON | Les manifestations de septembre\" \/>\n<meta property=\"og:url\" content=\"https:\/\/newsestlyonnais.fr\/site\/2019\/09\/02\/bron-les-manifestations-de-septembre\/\" \/>\n<meta property=\"og:site_name\" content=\"News Est Lyonnais\" \/>\n<meta property=\"article:author\" content=\"https:\/\/www.facebook.com\/pascal.oberson.1?fref=ts\" \/>\n<meta property=\"article:published_time\" content=\"2019-09-02T06:14:48+00:00\" \/>\n<meta property=\"article:modified_time\" content=\"2019-09-12T07:44:08+00:00\" \/>\n<meta property=\"og:image\" content=\"https:\/\/i2.wp.com\/newsestlyonnais.fr\/site\/wp-content\/uploads\/2016\/04\/NEWSESTLYONNAIS-PANNEAUBRON.jpg?fit=1000%2C750&ssl=1\" \/>\n\t<meta property=\"og:image:width\" content=\"1000\" \/>\n\t<meta property=\"og:image:height\" content=\"750\" \/>\n\t<meta property=\"og:image:type\" content=\"image\/jpeg\" \/>\n<meta name=\"author\" content=\"R\u00e9dac. NEWS\" \/>\n<meta name=\"twitter:card\" content=\"summary_large_image\" \/>\n<meta name=\"twitter:label1\" content=\"\u00c9crit par\" \/>\n\t<meta name=\"twitter:data1\" content=\"R\u00e9dac. NEWS\" \/>\n\t<meta name=\"twitter:label2\" content=\"Dur\u00e9e de lecture estim\u00e9e\" \/>\n\t<meta name=\"twitter:data2\" content=\"1 minute\" \/>\n<script type=\"application\/ld+json\" class=\"yoast-schema-graph\">{\"@context\":\"https:\/\/schema.org\",\"@graph\":[{\"@type\":\"Article\",\"@id\":\"https:\/\/newsestlyonnais.fr\/site\/2019\/09\/02\/bron-les-manifestations-de-septembre\/#article\",\"isPartOf\":{\"@id\":\"https:\/\/newsestlyonnais.fr\/site\/2019\/09\/02\/bron-les-manifestations-de-septembre\/\"},\"author\":{\"name\":\"R\u00e9dac. NEWS\",\"@id\":\"https:\/\/newsestlyonnais.fr\/site\/#\/schema\/person\/3230d5615f390bb808365d673001e887\"},\"headline\":\"BRON | Les manifestations de septembre\",\"datePublished\":\"2019-09-02T06:14:48+00:00\",\"dateModified\":\"2019-09-12T07:44:08+00:00\",\"mainEntityOfPage\":{\"@id\":\"https:\/\/newsestlyonnais.fr\/site\/2019\/09\/02\/bron-les-manifestations-de-septembre\/\"},\"wordCount\":285,\"commentCount\":0,\"publisher\":{\"@id\":\"https:\/\/newsestlyonnais.fr\/site\/#organization\"},\"image\":{\"@id\":\"https:\/\/newsestlyonnais.fr\/site\/2019\/09\/02\/bron-les-manifestations-de-septembre\/#primaryimage\"},\"thumbnailUrl\":\"https:\/\/newsestlyonnais.fr\/site\/wp-content\/uploads\/2016\/04\/NEWSESTLYONNAIS-PANNEAUBRON.jpg\",\"keywords\":[\"AGENDA\",\"BRON\",\"MANIFESTATIONS\"],\"articleSection\":[\"Bron\"],\"inLanguage\":\"fr-FR\",\"potentialAction\":[{\"@type\":\"CommentAction\",\"name\":\"Comment\",\"target\":[\"https:\/\/newsestlyonnais.fr\/site\/2019\/09\/02\/bron-les-manifestations-de-septembre\/#respond\"]}]},{\"@type\":\"WebPage\",\"@id\":\"https:\/\/newsestlyonnais.fr\/site\/2019\/09\/02\/bron-les-manifestations-de-septembre\/\",\"url\":\"https:\/\/newsestlyonnais.fr\/site\/2019\/09\/02\/bron-les-manifestations-de-septembre\/\",\"name\":\"BRON | Les manifestations de septembre - News Est Lyonnais BRON | Les manifestations de septembre\",\"isPartOf\":{\"@id\":\"https:\/\/newsestlyonnais.fr\/site\/#website\"},\"primaryImageOfPage\":{\"@id\":\"https:\/\/newsestlyonnais.fr\/site\/2019\/09\/02\/bron-les-manifestations-de-septembre\/#primaryimage\"},\"image\":{\"@id\":\"https:\/\/newsestlyonnais.fr\/site\/2019\/09\/02\/bron-les-manifestations-de-septembre\/#primaryimage\"},\"thumbnailUrl\":\"https:\/\/newsestlyonnais.fr\/site\/wp-content\/uploads\/2016\/04\/NEWSESTLYONNAIS-PANNEAUBRON.jpg\",\"datePublished\":\"2019-09-02T06:14:48+00:00\",\"dateModified\":\"2019-09-12T07:44:08+00:00\",\"description\":\"BRON | Les manifestations de septembre\",\"breadcrumb\":{\"@id\":\"https:\/\/newsestlyonnais.fr\/site\/2019\/09\/02\/bron-les-manifestations-de-septembre\/#breadcrumb\"},\"inLanguage\":\"fr-FR\",\"potentialAction\":[{\"@type\":\"ReadAction\",\"target\":[\"https:\/\/newsestlyonnais.fr\/site\/2019\/09\/02\/bron-les-manifestations-de-septembre\/\"]}]},{\"@type\":\"ImageObject\",\"inLanguage\":\"fr-FR\",\"@id\":\"https:\/\/newsestlyonnais.fr\/site\/2019\/09\/02\/bron-les-manifestations-de-septembre\/#primaryimage\",\"url\":\"https:\/\/newsestlyonnais.fr\/site\/wp-content\/uploads\/2016\/04\/NEWSESTLYONNAIS-PANNEAUBRON.jpg\",\"contentUrl\":\"https:\/\/newsestlyonnais.fr\/site\/wp-content\/uploads\/2016\/04\/NEWSESTLYONNAIS-PANNEAUBRON.jpg\",\"width\":1000,\"height\":750,\"caption\":\"NEWSESTLYONNAIS - PANNEAUBRON\"},{\"@type\":\"BreadcrumbList\",\"@id\":\"https:\/\/newsestlyonnais.fr\/site\/2019\/09\/02\/bron-les-manifestations-de-septembre\/#breadcrumb\",\"itemListElement\":[{\"@type\":\"ListItem\",\"position\":1,\"name\":\"Accueil\",\"item\":\"https:\/\/newsestlyonnais.fr\/site\/\"},{\"@type\":\"ListItem\",\"position\":2,\"name\":\"BRON | Les manifestations de septembre\"}]},{\"@type\":\"WebSite\",\"@id\":\"https:\/\/newsestlyonnais.fr\/site\/#website\",\"url\":\"https:\/\/newsestlyonnais.fr\/site\/\",\"name\":\"News Est Lyonnais\",\"description\":\"L&#039;actualit\u00e9 au plus pr\u00e8s\",\"publisher\":{\"@id\":\"https:\/\/newsestlyonnais.fr\/site\/#organization\"},\"potentialAction\":[{\"@type\":\"SearchAction\",\"target\":{\"@type\":\"EntryPoint\",\"urlTemplate\":\"https:\/\/newsestlyonnais.fr\/site\/?s={search_term_string}\"},\"query-input\":{\"@type\":\"PropertyValueSpecification\",\"valueRequired\":true,\"valueName\":\"search_term_string\"}}],\"inLanguage\":\"fr-FR\"},{\"@type\":\"Organization\",\"@id\":\"https:\/\/newsestlyonnais.fr\/site\/#organization\",\"name\":\"News EST LYONNAIS\",\"url\":\"https:\/\/newsestlyonnais.fr\/site\/\",\"logo\":{\"@type\":\"ImageObject\",\"inLanguage\":\"fr-FR\",\"@id\":\"https:\/\/newsestlyonnais.fr\/site\/#\/schema\/logo\/image\/\",\"url\":\"\",\"contentUrl\":\"\",\"caption\":\"News EST LYONNAIS\"},\"image\":{\"@id\":\"https:\/\/newsestlyonnais.fr\/site\/#\/schema\/logo\/image\/\"}},{\"@type\":\"Person\",\"@id\":\"https:\/\/newsestlyonnais.fr\/site\/#\/schema\/person\/3230d5615f390bb808365d673001e887\",\"name\":\"R\u00e9dac. NEWS\",\"sameAs\":[\"http:\/\/www.newsestlyonnais.fr\",\"https:\/\/www.facebook.com\/pascal.oberson.1?fref=ts\",\"https:\/\/fr.linkedin.com\/in\/pascal-oberson-b17045113\"],\"url\":\"https:\/\/newsestlyonnais.fr\/site\/author\/nel\/\"}]}<\/script>\n<!-- \/ Yoast SEO plugin. -->","yoast_head_json":{"title":"BRON | Les manifestations de septembre - News Est Lyonnais BRON | Les manifestations de septembre","description":"BRON | Les manifestations de septembre","robots":{"index":"index","follow":"follow","max-snippet":"max-snippet:-1","max-image-preview":"max-image-preview:large","max-video-preview":"max-video-preview:-1"},"canonical":"https:\/\/newsestlyonnais.fr\/site\/2019\/09\/02\/bron-les-manifestations-de-septembre\/","og_locale":"fr_FR","og_type":"article","og_title":"BRON | Les manifestations de septembre - News Est Lyonnais BRON | Les manifestations de septembre","og_description":"BRON | Les manifestations de septembre","og_url":"https:\/\/newsestlyonnais.fr\/site\/2019\/09\/02\/bron-les-manifestations-de-septembre\/","og_site_name":"News Est Lyonnais","article_author":"https:\/\/www.facebook.com\/pascal.oberson.1?fref=ts","article_published_time":"2019-09-02T06:14:48+00:00","article_modified_time":"2019-09-12T07:44:08+00:00","og_image":[{"width":1000,"height":750,"url":"https:\/\/i2.wp.com\/newsestlyonnais.fr\/site\/wp-content\/uploads\/2016\/04\/NEWSESTLYONNAIS-PANNEAUBRON.jpg?fit=1000%2C750&ssl=1","type":"image\/jpeg"}],"author":"R\u00e9dac. NEWS","twitter_card":"summary_large_image","twitter_misc":{"\u00c9crit par":"R\u00e9dac. NEWS","Dur\u00e9e de lecture estim\u00e9e":"1 minute"},"schema":{"@context":"https:\/\/schema.org","@graph":[{"@type":"Article","@id":"https:\/\/newsestlyonnais.fr\/site\/2019\/09\/02\/bron-les-manifestations-de-septembre\/#article","isPartOf":{"@id":"https:\/\/newsestlyonnais.fr\/site\/2019\/09\/02\/bron-les-manifestations-de-septembre\/"},"author":{"name":"R\u00e9dac. NEWS","@id":"https:\/\/newsestlyonnais.fr\/site\/#\/schema\/person\/3230d5615f390bb808365d673001e887"},"headline":"BRON | Les manifestations de septembre","datePublished":"2019-09-02T06:14:48+00:00","dateModified":"2019-09-12T07:44:08+00:00","mainEntityOfPage":{"@id":"https:\/\/newsestlyonnais.fr\/site\/2019\/09\/02\/bron-les-manifestations-de-septembre\/"},"wordCount":285,"commentCount":0,"publisher":{"@id":"https:\/\/newsestlyonnais.fr\/site\/#organization"},"image":{"@id":"https:\/\/newsestlyonnais.fr\/site\/2019\/09\/02\/bron-les-manifestations-de-septembre\/#primaryimage"},"thumbnailUrl":"https:\/\/newsestlyonnais.fr\/site\/wp-content\/uploads\/2016\/04\/NEWSESTLYONNAIS-PANNEAUBRON.jpg","keywords":["AGENDA","BRON","MANIFESTATIONS"],"articleSection":["Bron"],"inLanguage":"fr-FR","potentialAction":[{"@type":"CommentAction","name":"Comment","target":["https:\/\/newsestlyonnais.fr\/site\/2019\/09\/02\/bron-les-manifestations-de-septembre\/#respond"]}]},{"@type":"WebPage","@id":"https:\/\/newsestlyonnais.fr\/site\/2019\/09\/02\/bron-les-manifestations-de-septembre\/","url":"https:\/\/newsestlyonnais.fr\/site\/2019\/09\/02\/bron-les-manifestations-de-septembre\/","name":"BRON | Les manifestations de septembre - News Est Lyonnais BRON | Les manifestations de septembre","isPartOf":{"@id":"https:\/\/newsestlyonnais.fr\/site\/#website"},"primaryImageOfPage":{"@id":"https:\/\/newsestlyonnais.fr\/site\/2019\/09\/02\/bron-les-manifestations-de-septembre\/#primaryimage"},"image":{"@id":"https:\/\/newsestlyonnais.fr\/site\/2019\/09\/02\/bron-les-manifestations-de-septembre\/#primaryimage"},"thumbnailUrl":"https:\/\/newsestlyonnais.fr\/site\/wp-content\/uploads\/2016\/04\/NEWSESTLYONNAIS-PANNEAUBRON.jpg","datePublished":"2019-09-02T06:14:48+00:00","dateModified":"2019-09-12T07:44:08+00:00","description":"BRON | Les manifestations de septembre","breadcrumb":{"@id":"https:\/\/newsestlyonnais.fr\/site\/2019\/09\/02\/bron-les-manifestations-de-septembre\/#breadcrumb"},"inLanguage":"fr-FR","potentialAction":[{"@type":"ReadAction","target":["https:\/\/newsestlyonnais.fr\/site\/2019\/09\/02\/bron-les-manifestations-de-septembre\/"]}]},{"@type":"ImageObject","inLanguage":"fr-FR","@id":"https:\/\/newsestlyonnais.fr\/site\/2019\/09\/02\/bron-les-manifestations-de-septembre\/#primaryimage","url":"https:\/\/newsestlyonnais.fr\/site\/wp-content\/uploads\/2016\/04\/NEWSESTLYONNAIS-PANNEAUBRON.jpg","contentUrl":"https:\/\/newsestlyonnais.fr\/site\/wp-content\/uploads\/2016\/04\/NEWSESTLYONNAIS-PANNEAUBRON.jpg","width":1000,"height":750,"caption":"NEWSESTLYONNAIS - PANNEAUBRON"},{"@type":"BreadcrumbList","@id":"https:\/\/newsestlyonnais.fr\/site\/2019\/09\/02\/bron-les-manifestations-de-septembre\/#breadcrumb","itemListElement":[{"@type":"ListItem","position":1,"name":"Accueil","item":"https:\/\/newsestlyonnais.fr\/site\/"},{"@type":"ListItem","position":2,"name":"BRON | Les manifestations de septembre"}]},{"@type":"WebSite","@id":"https:\/\/newsestlyonnais.fr\/site\/#website","url":"https:\/\/newsestlyonnais.fr\/site\/","name":"News Est Lyonnais","description":"L&#039;actualit\u00e9 au plus pr\u00e8s","publisher":{"@id":"https:\/\/newsestlyonnais.fr\/site\/#organization"},"potentialAction":[{"@type":"SearchAction","target":{"@type":"EntryPoint","urlTemplate":"https:\/\/newsestlyonnais.fr\/site\/?s={search_term_string}"},"query-input":{"@type":"PropertyValueSpecification","valueRequired":true,"valueName":"search_term_string"}}],"inLanguage":"fr-FR"},{"@type":"Organization","@id":"https:\/\/newsestlyonnais.fr\/site\/#organization","name":"News EST LYONNAIS","url":"https:\/\/newsestlyonnais.fr\/site\/","logo":{"@type":"ImageObject","inLanguage":"fr-FR","@id":"https:\/\/newsestlyonnais.fr\/site\/#\/schema\/logo\/image\/","url":"","contentUrl":"","caption":"News EST LYONNAIS"},"image":{"@id":"https:\/\/newsestlyonnais.fr\/site\/#\/schema\/logo\/image\/"}},{"@type":"Person","@id":"https:\/\/newsestlyonnais.fr\/site\/#\/schema\/person\/3230d5615f390bb808365d673001e887","name":"R\u00e9dac. NEWS","sameAs":["http:\/\/www.newsestlyonnais.fr","https:\/\/www.facebook.com\/pascal.oberson.1?fref=ts","https:\/\/fr.linkedin.com\/in\/pascal-oberson-b17045113"],"url":"https:\/\/newsestlyonnais.fr\/site\/author\/nel\/"}]}},"_links":{"self":[{"href":"https:\/\/newsestlyonnais.fr\/site\/wp-json\/wp\/v2\/posts\/82252","targetHints":{"allow":["GET"]}}],"collection":[{"href":"https:\/\/newsestlyonnais.fr\/site\/wp-json\/wp\/v2\/posts"}],"about":[{"href":"https:\/\/newsestlyonnais.fr\/site\/wp-json\/wp\/v2\/types\/post"}],"author":[{"embeddable":true,"href":"https:\/\/newsestlyonnais.fr\/site\/wp-json\/wp\/v2\/users\/4"}],"replies":[{"embeddable":true,"href":"https:\/\/newsestlyonnais.fr\/site\/wp-json\/wp\/v2\/comments?post=82252"}],"version-history":[{"count":0,"href":"https:\/\/newsestlyonnais.fr\/site\/wp-json\/wp\/v2\/posts\/82252\/revisions"}],"wp:featuredmedia":[{"embeddable":true,"href":"https:\/\/newsestlyonnais.fr\/site\/wp-json\/wp\/v2\/media\/6891"}],"wp:attachment":[{"href":"https:\/\/newsestlyonnais.fr\/site\/wp-json\/wp\/v2\/media?parent=82252"}],"wp:term":[{"taxonomy":"category","embeddable":true,"href":"https:\/\/newsestlyonnais.fr\/site\/wp-json\/wp\/v2\/categories?post=82252"},{"taxonomy":"post_tag","embeddable":true,"href":"https:\/\/newsestlyonnais.fr\/site\/wp-json\/wp\/v2\/tags?post=82252"}],"curies":[{"name":"wp","href":"https:\/\/api.w.org\/{rel}","templated":true}]}}