{"id":83128,"date":"2019-09-10T18:42:19","date_gmt":"2019-09-10T17:42:19","guid":{"rendered":"http:\/\/newsestlyonnais.fr\/site\/?p=83128"},"modified":"2020-11-12T11:51:01","modified_gmt":"2020-11-12T10:51:01","slug":"transports-reprise-des-lignes-tcl-de-nuit","status":"publish","type":"post","link":"https:\/\/newsestlyonnais.fr\/site\/2019\/09\/10\/transports-reprise-des-lignes-tcl-de-nuit\/","title":{"rendered":"TRANSPORTS | Reprise des lignes TCL de nuit"},"content":{"rendered":"<p>D\u00e8s que le r\u00e9seau TCL s\u2019endort, les lignes \u00ab Pleine Lune \u00bb prennent le relais \u00e0 1 h, 2 h, 3 h et 4 h du matin les vendredis, samedis et dimanches pour relier les principaux lieux de vie nocturne aux campus et r\u00e9sidences \u00e9tudiantes.<\/p>\n<ul>\n<li><strong>PL 1<\/strong> : Terreaux La Feuill\u00e9e &gt; Part-Dieu Jules Favre &gt; Charpennes &gt; La Doua : 4 trajets au d\u00e9part du centre-ville (\u00e0 1 h, 2 h, 3 h et 4 h du matin), les vendredis, samedis et dimanches.<\/li>\n<li><strong>PL 2<\/strong> : H\u00f4tel de Ville Louis Pradel &gt; Saxe Gambetta &gt; Mermoz Pinel &gt; Grange Blanche. 4 trajets au d\u00e9part du centre-ville \u00e0 1h, 2h, 3h et 4h du matin, les vendredis, samedis et dimanches.<\/li>\n<li><strong>PL 3<\/strong> : H\u00f4tel de Ville Louis Pradel &gt; Valmy &gt; Campus Lyon Ouest. 4 trajets au d\u00e9part du centre-ville (\u00e0 1 h, 2 h, 3 h et 4 h du matin), les vendredis, samedis et dimanches.<\/li>\n<li><strong>PL 4<\/strong> : H\u00f4tel de Ville Louis Pradel &gt; Jean Mac\u00e9 &gt; Debourg &gt; Parilly &gt; Saint-Priest Salengro. 2 trajets au d\u00e9part du centre-ville (\u00e0 1 h et 3 h du matin), les samedis et dimanches.<\/li>\n<\/ul>\n<p><strong>Tous les tickets et abonnements TCL sont valables sur ces 4 lignes. Itin\u00e9raires disponibles sur : <a href=\"http:\/\/tcl.fr\">http:\/\/tcl.fr<\/a><\/strong><\/p>\n<p><strong>NOTA<\/strong> : Fin 2019, les 4 lignes de m\u00e9tro circuleront jusqu\u2019\u00e0 2 h du matin les nuits du vendredi au samedi et du samedi au dimanche.<\/p>\n","protected":false},"excerpt":{"rendered":"<p>Les 4 lignes de nuit du r\u00e9seau TCL, appel\u00e9es Pleine Lune (PL1, PL2, PL3, PL4) reprennent du service dans la nuit du jeudi 12 au vendredi 13 septembre.<\/p>\n","protected":false},"author":4,"featured_media":25760,"comment_status":"open","ping_status":"open","sticky":false,"template":"","format":"standard","meta":{"footnotes":""},"categories":[2217,1625,13,29],"tags":[2051,2050],"class_list":["post-83128","post","type-post","status-publish","format-standard","has-post-thumbnail","hentry","category-breves-de-lest-lyonnais","category-lyon","category-transports-circulation","category-villeurbanne","tag-tcl","tag-transports"],"yoast_head":"<!-- This site is optimized with the Yoast SEO plugin v27.2 - https:\/\/yoast.com\/product\/yoast-seo-wordpress\/ -->\n<title>TRANSPORTS | Reprise des lignes TCL de nuit - News Est Lyonnais Transports | Reprise des lignes TCL de nuit<\/title>\n<meta name=\"description\" content=\"Transports | Reprise des lignes TCL de nuit\" \/>\n<meta name=\"robots\" content=\"index, follow, max-snippet:-1, max-image-preview:large, max-video-preview:-1\" \/>\n<link rel=\"canonical\" href=\"https:\/\/newsestlyonnais.fr\/site\/2019\/09\/10\/transports-reprise-des-lignes-tcl-de-nuit\/\" \/>\n<meta property=\"og:locale\" content=\"fr_FR\" \/>\n<meta property=\"og:type\" content=\"article\" \/>\n<meta property=\"og:title\" content=\"TRANSPORTS | Reprise des lignes TCL de nuit - News Est Lyonnais Transports | Reprise des lignes TCL de nuit\" \/>\n<meta property=\"og:description\" content=\"Transports | Reprise des lignes TCL de nuit\" \/>\n<meta property=\"og:url\" content=\"https:\/\/newsestlyonnais.fr\/site\/2019\/09\/10\/transports-reprise-des-lignes-tcl-de-nuit\/\" \/>\n<meta property=\"og:site_name\" content=\"News Est Lyonnais\" \/>\n<meta property=\"article:author\" content=\"https:\/\/www.facebook.com\/pascal.oberson.1?fref=ts\" \/>\n<meta property=\"article:published_time\" content=\"2019-09-10T17:42:19+00:00\" \/>\n<meta property=\"article:modified_time\" content=\"2020-11-12T10:51:01+00:00\" \/>\n<meta property=\"og:image\" content=\"https:\/\/i2.wp.com\/newsestlyonnais.fr\/site\/wp-content\/uploads\/2017\/04\/NewsEstLyonnais-Flash-Info.png?fit=1000%2C750&ssl=1\" \/>\n\t<meta property=\"og:image:width\" content=\"1000\" \/>\n\t<meta property=\"og:image:height\" content=\"750\" \/>\n\t<meta property=\"og:image:type\" content=\"image\/png\" \/>\n<meta name=\"author\" content=\"R\u00e9dac. NEWS\" \/>\n<meta name=\"twitter:card\" content=\"summary_large_image\" \/>\n<meta name=\"twitter:label1\" content=\"\u00c9crit par\" \/>\n\t<meta name=\"twitter:data1\" content=\"R\u00e9dac. NEWS\" \/>\n\t<meta name=\"twitter:label2\" content=\"Dur\u00e9e de lecture estim\u00e9e\" \/>\n\t<meta name=\"twitter:data2\" content=\"1 minute\" \/>\n<script type=\"application\/ld+json\" class=\"yoast-schema-graph\">{\"@context\":\"https:\/\/schema.org\",\"@graph\":[{\"@type\":\"Article\",\"@id\":\"https:\/\/newsestlyonnais.fr\/site\/2019\/09\/10\/transports-reprise-des-lignes-tcl-de-nuit\/#article\",\"isPartOf\":{\"@id\":\"https:\/\/newsestlyonnais.fr\/site\/2019\/09\/10\/transports-reprise-des-lignes-tcl-de-nuit\/\"},\"author\":{\"name\":\"R\u00e9dac. NEWS\",\"@id\":\"https:\/\/newsestlyonnais.fr\/site\/#\/schema\/person\/3230d5615f390bb808365d673001e887\"},\"headline\":\"TRANSPORTS | Reprise des lignes TCL de nuit\",\"datePublished\":\"2019-09-10T17:42:19+00:00\",\"dateModified\":\"2020-11-12T10:51:01+00:00\",\"mainEntityOfPage\":{\"@id\":\"https:\/\/newsestlyonnais.fr\/site\/2019\/09\/10\/transports-reprise-des-lignes-tcl-de-nuit\/\"},\"wordCount\":219,\"commentCount\":0,\"publisher\":{\"@id\":\"https:\/\/newsestlyonnais.fr\/site\/#organization\"},\"image\":{\"@id\":\"https:\/\/newsestlyonnais.fr\/site\/2019\/09\/10\/transports-reprise-des-lignes-tcl-de-nuit\/#primaryimage\"},\"thumbnailUrl\":\"https:\/\/newsestlyonnais.fr\/site\/wp-content\/uploads\/2017\/04\/NewsEstLyonnais-Flash-Info.png\",\"keywords\":[\"TCL\",\"TRANSPORTS\"],\"articleSection\":[\"Br\u00e8ves de l'Est lyonnais\",\"Lyon\",\"Transports | Circulation\",\"Villeurbanne\"],\"inLanguage\":\"fr-FR\",\"potentialAction\":[{\"@type\":\"CommentAction\",\"name\":\"Comment\",\"target\":[\"https:\/\/newsestlyonnais.fr\/site\/2019\/09\/10\/transports-reprise-des-lignes-tcl-de-nuit\/#respond\"]}]},{\"@type\":\"WebPage\",\"@id\":\"https:\/\/newsestlyonnais.fr\/site\/2019\/09\/10\/transports-reprise-des-lignes-tcl-de-nuit\/\",\"url\":\"https:\/\/newsestlyonnais.fr\/site\/2019\/09\/10\/transports-reprise-des-lignes-tcl-de-nuit\/\",\"name\":\"TRANSPORTS | Reprise des lignes TCL de nuit - News Est Lyonnais Transports | Reprise des lignes TCL de nuit\",\"isPartOf\":{\"@id\":\"https:\/\/newsestlyonnais.fr\/site\/#website\"},\"primaryImageOfPage\":{\"@id\":\"https:\/\/newsestlyonnais.fr\/site\/2019\/09\/10\/transports-reprise-des-lignes-tcl-de-nuit\/#primaryimage\"},\"image\":{\"@id\":\"https:\/\/newsestlyonnais.fr\/site\/2019\/09\/10\/transports-reprise-des-lignes-tcl-de-nuit\/#primaryimage\"},\"thumbnailUrl\":\"https:\/\/newsestlyonnais.fr\/site\/wp-content\/uploads\/2017\/04\/NewsEstLyonnais-Flash-Info.png\",\"datePublished\":\"2019-09-10T17:42:19+00:00\",\"dateModified\":\"2020-11-12T10:51:01+00:00\",\"description\":\"Transports | Reprise des lignes TCL de nuit\",\"breadcrumb\":{\"@id\":\"https:\/\/newsestlyonnais.fr\/site\/2019\/09\/10\/transports-reprise-des-lignes-tcl-de-nuit\/#breadcrumb\"},\"inLanguage\":\"fr-FR\",\"potentialAction\":[{\"@type\":\"ReadAction\",\"target\":[\"https:\/\/newsestlyonnais.fr\/site\/2019\/09\/10\/transports-reprise-des-lignes-tcl-de-nuit\/\"]}]},{\"@type\":\"ImageObject\",\"inLanguage\":\"fr-FR\",\"@id\":\"https:\/\/newsestlyonnais.fr\/site\/2019\/09\/10\/transports-reprise-des-lignes-tcl-de-nuit\/#primaryimage\",\"url\":\"https:\/\/newsestlyonnais.fr\/site\/wp-content\/uploads\/2017\/04\/NewsEstLyonnais-Flash-Info.png\",\"contentUrl\":\"https:\/\/newsestlyonnais.fr\/site\/wp-content\/uploads\/2017\/04\/NewsEstLyonnais-Flash-Info.png\",\"width\":1000,\"height\":750,\"caption\":\"NewsEstLyonnais-Flash-Info\"},{\"@type\":\"BreadcrumbList\",\"@id\":\"https:\/\/newsestlyonnais.fr\/site\/2019\/09\/10\/transports-reprise-des-lignes-tcl-de-nuit\/#breadcrumb\",\"itemListElement\":[{\"@type\":\"ListItem\",\"position\":1,\"name\":\"Accueil\",\"item\":\"https:\/\/newsestlyonnais.fr\/site\/\"},{\"@type\":\"ListItem\",\"position\":2,\"name\":\"TRANSPORTS | Reprise des lignes TCL de nuit\"}]},{\"@type\":\"WebSite\",\"@id\":\"https:\/\/newsestlyonnais.fr\/site\/#website\",\"url\":\"https:\/\/newsestlyonnais.fr\/site\/\",\"name\":\"News Est Lyonnais\",\"description\":\"L&#039;actualit\u00e9 au plus pr\u00e8s\",\"publisher\":{\"@id\":\"https:\/\/newsestlyonnais.fr\/site\/#organization\"},\"potentialAction\":[{\"@type\":\"SearchAction\",\"target\":{\"@type\":\"EntryPoint\",\"urlTemplate\":\"https:\/\/newsestlyonnais.fr\/site\/?s={search_term_string}\"},\"query-input\":{\"@type\":\"PropertyValueSpecification\",\"valueRequired\":true,\"valueName\":\"search_term_string\"}}],\"inLanguage\":\"fr-FR\"},{\"@type\":\"Organization\",\"@id\":\"https:\/\/newsestlyonnais.fr\/site\/#organization\",\"name\":\"News EST LYONNAIS\",\"url\":\"https:\/\/newsestlyonnais.fr\/site\/\",\"logo\":{\"@type\":\"ImageObject\",\"inLanguage\":\"fr-FR\",\"@id\":\"https:\/\/newsestlyonnais.fr\/site\/#\/schema\/logo\/image\/\",\"url\":\"\",\"contentUrl\":\"\",\"caption\":\"News EST LYONNAIS\"},\"image\":{\"@id\":\"https:\/\/newsestlyonnais.fr\/site\/#\/schema\/logo\/image\/\"}},{\"@type\":\"Person\",\"@id\":\"https:\/\/newsestlyonnais.fr\/site\/#\/schema\/person\/3230d5615f390bb808365d673001e887\",\"name\":\"R\u00e9dac. NEWS\",\"sameAs\":[\"http:\/\/www.newsestlyonnais.fr\",\"https:\/\/www.facebook.com\/pascal.oberson.1?fref=ts\",\"https:\/\/fr.linkedin.com\/in\/pascal-oberson-b17045113\"],\"url\":\"https:\/\/newsestlyonnais.fr\/site\/author\/nel\/\"}]}<\/script>\n<!-- \/ Yoast SEO plugin. -->","yoast_head_json":{"title":"TRANSPORTS | Reprise des lignes TCL de nuit - News Est Lyonnais Transports | Reprise des lignes TCL de nuit","description":"Transports | Reprise des lignes TCL de nuit","robots":{"index":"index","follow":"follow","max-snippet":"max-snippet:-1","max-image-preview":"max-image-preview:large","max-video-preview":"max-video-preview:-1"},"canonical":"https:\/\/newsestlyonnais.fr\/site\/2019\/09\/10\/transports-reprise-des-lignes-tcl-de-nuit\/","og_locale":"fr_FR","og_type":"article","og_title":"TRANSPORTS | Reprise des lignes TCL de nuit - News Est Lyonnais Transports | Reprise des lignes TCL de nuit","og_description":"Transports | Reprise des lignes TCL de nuit","og_url":"https:\/\/newsestlyonnais.fr\/site\/2019\/09\/10\/transports-reprise-des-lignes-tcl-de-nuit\/","og_site_name":"News Est Lyonnais","article_author":"https:\/\/www.facebook.com\/pascal.oberson.1?fref=ts","article_published_time":"2019-09-10T17:42:19+00:00","article_modified_time":"2020-11-12T10:51:01+00:00","og_image":[{"width":1000,"height":750,"url":"https:\/\/i2.wp.com\/newsestlyonnais.fr\/site\/wp-content\/uploads\/2017\/04\/NewsEstLyonnais-Flash-Info.png?fit=1000%2C750&ssl=1","type":"image\/png"}],"author":"R\u00e9dac. NEWS","twitter_card":"summary_large_image","twitter_misc":{"\u00c9crit par":"R\u00e9dac. NEWS","Dur\u00e9e de lecture estim\u00e9e":"1 minute"},"schema":{"@context":"https:\/\/schema.org","@graph":[{"@type":"Article","@id":"https:\/\/newsestlyonnais.fr\/site\/2019\/09\/10\/transports-reprise-des-lignes-tcl-de-nuit\/#article","isPartOf":{"@id":"https:\/\/newsestlyonnais.fr\/site\/2019\/09\/10\/transports-reprise-des-lignes-tcl-de-nuit\/"},"author":{"name":"R\u00e9dac. NEWS","@id":"https:\/\/newsestlyonnais.fr\/site\/#\/schema\/person\/3230d5615f390bb808365d673001e887"},"headline":"TRANSPORTS | Reprise des lignes TCL de nuit","datePublished":"2019-09-10T17:42:19+00:00","dateModified":"2020-11-12T10:51:01+00:00","mainEntityOfPage":{"@id":"https:\/\/newsestlyonnais.fr\/site\/2019\/09\/10\/transports-reprise-des-lignes-tcl-de-nuit\/"},"wordCount":219,"commentCount":0,"publisher":{"@id":"https:\/\/newsestlyonnais.fr\/site\/#organization"},"image":{"@id":"https:\/\/newsestlyonnais.fr\/site\/2019\/09\/10\/transports-reprise-des-lignes-tcl-de-nuit\/#primaryimage"},"thumbnailUrl":"https:\/\/newsestlyonnais.fr\/site\/wp-content\/uploads\/2017\/04\/NewsEstLyonnais-Flash-Info.png","keywords":["TCL","TRANSPORTS"],"articleSection":["Br\u00e8ves de l'Est lyonnais","Lyon","Transports | Circulation","Villeurbanne"],"inLanguage":"fr-FR","potentialAction":[{"@type":"CommentAction","name":"Comment","target":["https:\/\/newsestlyonnais.fr\/site\/2019\/09\/10\/transports-reprise-des-lignes-tcl-de-nuit\/#respond"]}]},{"@type":"WebPage","@id":"https:\/\/newsestlyonnais.fr\/site\/2019\/09\/10\/transports-reprise-des-lignes-tcl-de-nuit\/","url":"https:\/\/newsestlyonnais.fr\/site\/2019\/09\/10\/transports-reprise-des-lignes-tcl-de-nuit\/","name":"TRANSPORTS | Reprise des lignes TCL de nuit - News Est Lyonnais Transports | Reprise des lignes TCL de nuit","isPartOf":{"@id":"https:\/\/newsestlyonnais.fr\/site\/#website"},"primaryImageOfPage":{"@id":"https:\/\/newsestlyonnais.fr\/site\/2019\/09\/10\/transports-reprise-des-lignes-tcl-de-nuit\/#primaryimage"},"image":{"@id":"https:\/\/newsestlyonnais.fr\/site\/2019\/09\/10\/transports-reprise-des-lignes-tcl-de-nuit\/#primaryimage"},"thumbnailUrl":"https:\/\/newsestlyonnais.fr\/site\/wp-content\/uploads\/2017\/04\/NewsEstLyonnais-Flash-Info.png","datePublished":"2019-09-10T17:42:19+00:00","dateModified":"2020-11-12T10:51:01+00:00","description":"Transports | Reprise des lignes TCL de nuit","breadcrumb":{"@id":"https:\/\/newsestlyonnais.fr\/site\/2019\/09\/10\/transports-reprise-des-lignes-tcl-de-nuit\/#breadcrumb"},"inLanguage":"fr-FR","potentialAction":[{"@type":"ReadAction","target":["https:\/\/newsestlyonnais.fr\/site\/2019\/09\/10\/transports-reprise-des-lignes-tcl-de-nuit\/"]}]},{"@type":"ImageObject","inLanguage":"fr-FR","@id":"https:\/\/newsestlyonnais.fr\/site\/2019\/09\/10\/transports-reprise-des-lignes-tcl-de-nuit\/#primaryimage","url":"https:\/\/newsestlyonnais.fr\/site\/wp-content\/uploads\/2017\/04\/NewsEstLyonnais-Flash-Info.png","contentUrl":"https:\/\/newsestlyonnais.fr\/site\/wp-content\/uploads\/2017\/04\/NewsEstLyonnais-Flash-Info.png","width":1000,"height":750,"caption":"NewsEstLyonnais-Flash-Info"},{"@type":"BreadcrumbList","@id":"https:\/\/newsestlyonnais.fr\/site\/2019\/09\/10\/transports-reprise-des-lignes-tcl-de-nuit\/#breadcrumb","itemListElement":[{"@type":"ListItem","position":1,"name":"Accueil","item":"https:\/\/newsestlyonnais.fr\/site\/"},{"@type":"ListItem","position":2,"name":"TRANSPORTS | Reprise des lignes TCL de nuit"}]},{"@type":"WebSite","@id":"https:\/\/newsestlyonnais.fr\/site\/#website","url":"https:\/\/newsestlyonnais.fr\/site\/","name":"News Est Lyonnais","description":"L&#039;actualit\u00e9 au plus pr\u00e8s","publisher":{"@id":"https:\/\/newsestlyonnais.fr\/site\/#organization"},"potentialAction":[{"@type":"SearchAction","target":{"@type":"EntryPoint","urlTemplate":"https:\/\/newsestlyonnais.fr\/site\/?s={search_term_string}"},"query-input":{"@type":"PropertyValueSpecification","valueRequired":true,"valueName":"search_term_string"}}],"inLanguage":"fr-FR"},{"@type":"Organization","@id":"https:\/\/newsestlyonnais.fr\/site\/#organization","name":"News EST LYONNAIS","url":"https:\/\/newsestlyonnais.fr\/site\/","logo":{"@type":"ImageObject","inLanguage":"fr-FR","@id":"https:\/\/newsestlyonnais.fr\/site\/#\/schema\/logo\/image\/","url":"","contentUrl":"","caption":"News EST LYONNAIS"},"image":{"@id":"https:\/\/newsestlyonnais.fr\/site\/#\/schema\/logo\/image\/"}},{"@type":"Person","@id":"https:\/\/newsestlyonnais.fr\/site\/#\/schema\/person\/3230d5615f390bb808365d673001e887","name":"R\u00e9dac. NEWS","sameAs":["http:\/\/www.newsestlyonnais.fr","https:\/\/www.facebook.com\/pascal.oberson.1?fref=ts","https:\/\/fr.linkedin.com\/in\/pascal-oberson-b17045113"],"url":"https:\/\/newsestlyonnais.fr\/site\/author\/nel\/"}]}},"_links":{"self":[{"href":"https:\/\/newsestlyonnais.fr\/site\/wp-json\/wp\/v2\/posts\/83128","targetHints":{"allow":["GET"]}}],"collection":[{"href":"https:\/\/newsestlyonnais.fr\/site\/wp-json\/wp\/v2\/posts"}],"about":[{"href":"https:\/\/newsestlyonnais.fr\/site\/wp-json\/wp\/v2\/types\/post"}],"author":[{"embeddable":true,"href":"https:\/\/newsestlyonnais.fr\/site\/wp-json\/wp\/v2\/users\/4"}],"replies":[{"embeddable":true,"href":"https:\/\/newsestlyonnais.fr\/site\/wp-json\/wp\/v2\/comments?post=83128"}],"version-history":[{"count":0,"href":"https:\/\/newsestlyonnais.fr\/site\/wp-json\/wp\/v2\/posts\/83128\/revisions"}],"wp:featuredmedia":[{"embeddable":true,"href":"https:\/\/newsestlyonnais.fr\/site\/wp-json\/wp\/v2\/media\/25760"}],"wp:attachment":[{"href":"https:\/\/newsestlyonnais.fr\/site\/wp-json\/wp\/v2\/media?parent=83128"}],"wp:term":[{"taxonomy":"category","embeddable":true,"href":"https:\/\/newsestlyonnais.fr\/site\/wp-json\/wp\/v2\/categories?post=83128"},{"taxonomy":"post_tag","embeddable":true,"href":"https:\/\/newsestlyonnais.fr\/site\/wp-json\/wp\/v2\/tags?post=83128"}],"curies":[{"name":"wp","href":"https:\/\/api.w.org\/{rel}","templated":true}]}}