{"id":83133,"date":"2019-09-11T05:33:13","date_gmt":"2019-09-11T04:33:13","guid":{"rendered":"http:\/\/newsestlyonnais.fr\/site\/?p=83133"},"modified":"2020-10-30T17:03:27","modified_gmt":"2020-10-30T16:03:27","slug":"chassieu-lacademie-de-billard-ouvre-ses-portes-en-septembre","status":"publish","type":"post","link":"https:\/\/newsestlyonnais.fr\/site\/2019\/09\/11\/chassieu-lacademie-de-billard-ouvre-ses-portes-en-septembre\/","title":{"rendered":"CHASSIEU | L&rsquo;Acad\u00e9mie de Billard ouvre ses portes en septembre"},"content":{"rendered":"<p><span style=\"color: #000000\">Lors de l&rsquo;exercice 2018-2019, le club s&rsquo;est particuli\u00e8rement distingu\u00e9 en classant 6 finalistes dont un au niveau national, lors de la finale de la Coupe des Provinces \u00e0 Calais.<br \/>\n<\/span><\/p>\n<p><span style=\"color: #000000\">Comme chaque ann\u00e9e, l&rsquo;Acad\u00e9mie ouvre ses portes tout le mois de septembre pour la d\u00e9couverte du Billard Fran\u00e7ais.<br \/>\n<\/span><\/p>\n<p><span style=\"color: #000000\">Une permanence sera assur\u00e9e tous les mardis et mercredis (en journ\u00e9e) ainsi que les lundis et jeudis (en soir\u00e9e) pour une initiation gratuite.<br \/>\n<\/span><\/p>\n<p><span style=\"color: #000000\">Le Club labellis\u00e9 \u00c9cole de Billard accueille tous les mercredis apr\u00e8s-midi les jeunes (\u00e0 partir de 8 ans) pour une formation \u00e0 l&rsquo;apprentissage de la Carambole.<\/span><\/p>\n<ul>\n<li><strong>Toute l&rsquo;ACTU du club : <a href=\"https:\/\/sites.google.com\/site\/billardabch\/home\">https:\/\/sites.google.com\/site\/billardabch\/home<\/a><\/strong><\/li>\n<\/ul>\n<p><strong>PHOTO A LA UNE<\/strong> : <span style=\"color: #000000\">Daniel Vidal en finale de Ligue trois bandes N3.<\/span><\/p>\n<div id='gallery-1' class='gallery galleryid-83133 gallery-columns-3 gallery-size-thumbnail'><figure class='gallery-item'>\n\t\t\t<div class='gallery-icon portrait'>\n\t\t\t\t<a href='https:\/\/newsestlyonnais.fr\/site\/2019\/09\/11\/chassieu-lacademie-de-billard-ouvre-ses-portes-en-septembre\/accettola-finale-ligue-br1\/'><img loading=\"lazy\" decoding=\"async\" width=\"141\" height=\"150\" src=\"https:\/\/newsestlyonnais.fr\/site\/wp-content\/uploads\/2019\/09\/ACCETTOLA-Finale-Ligue-BR1-250x266.jpg\" class=\"attachment-thumbnail size-thumbnail\" alt=\"\" aria-describedby=\"gallery-1-83138\" srcset=\"https:\/\/newsestlyonnais.fr\/site\/wp-content\/uploads\/2019\/09\/ACCETTOLA-Finale-Ligue-BR1-250x266.jpg 250w, https:\/\/newsestlyonnais.fr\/site\/wp-content\/uploads\/2019\/09\/ACCETTOLA-Finale-Ligue-BR1-400x425.jpg 400w, https:\/\/newsestlyonnais.fr\/site\/wp-content\/uploads\/2019\/09\/ACCETTOLA-Finale-Ligue-BR1-150x159.jpg 150w, https:\/\/newsestlyonnais.fr\/site\/wp-content\/uploads\/2019\/09\/ACCETTOLA-Finale-Ligue-BR1-50x53.jpg 50w, https:\/\/newsestlyonnais.fr\/site\/wp-content\/uploads\/2019\/09\/ACCETTOLA-Finale-Ligue-BR1-100x106.jpg 100w, https:\/\/newsestlyonnais.fr\/site\/wp-content\/uploads\/2019\/09\/ACCETTOLA-Finale-Ligue-BR1-200x213.jpg 200w, https:\/\/newsestlyonnais.fr\/site\/wp-content\/uploads\/2019\/09\/ACCETTOLA-Finale-Ligue-BR1-300x319.jpg 300w, https:\/\/newsestlyonnais.fr\/site\/wp-content\/uploads\/2019\/09\/ACCETTOLA-Finale-Ligue-BR1-350x372.jpg 350w, https:\/\/newsestlyonnais.fr\/site\/wp-content\/uploads\/2019\/09\/ACCETTOLA-Finale-Ligue-BR1-450x478.jpg 450w, https:\/\/newsestlyonnais.fr\/site\/wp-content\/uploads\/2019\/09\/ACCETTOLA-Finale-Ligue-BR1-500x532.jpg 500w, https:\/\/newsestlyonnais.fr\/site\/wp-content\/uploads\/2019\/09\/ACCETTOLA-Finale-Ligue-BR1.jpg 537w\" sizes=\"auto, (max-width: 141px) 100vw, 141px\" \/><\/a>\n\t\t\t<\/div>\n\t\t\t\t<figcaption class='wp-caption-text gallery-caption' id='gallery-1-83138'>\n\t\t\t\tElio Accettola en finale Ligue BR1\n\t\t\t\t<\/figcaption><\/figure>\n\t\t<\/div>\n\n","protected":false},"excerpt":{"rendered":"<p>L&rsquo;Acad\u00e9mie de Billard de Chassieu qui compte environ une soixante de membres se pr\u00e9pare pour la nouvelle saison de Carambole.<\/p>\n","protected":false},"author":4,"featured_media":83136,"comment_status":"open","ping_status":"open","sticky":false,"template":"","format":"standard","meta":{"footnotes":""},"categories":[3000,1283,166],"tags":[2413,1996],"class_list":["post-83133","post","type-post","status-publish","format-standard","has-post-thumbnail","hentry","category-billard-echecs-escrime","category-chassieu-communes-diverses","category-divers-sports","tag-billard","tag-chassieu"],"yoast_head":"<!-- This site is optimized with the Yoast SEO plugin v27.2 - https:\/\/yoast.com\/product\/yoast-seo-wordpress\/ -->\n<title>CHASSIEU | L&#039;Acad\u00e9mie de Billard ouvre ses portes en septembre - News Est Lyonnais CHASSIEU | L&#039;Acad\u00e9mie de Billard ouvre ses portes en septembre<\/title>\n<meta name=\"description\" content=\"CHASSIEU | L&#039;Acad\u00e9mie de Billard ouvre ses portes en septembre\" \/>\n<meta name=\"robots\" content=\"index, follow, max-snippet:-1, max-image-preview:large, max-video-preview:-1\" \/>\n<link rel=\"canonical\" href=\"https:\/\/newsestlyonnais.fr\/site\/2019\/09\/11\/chassieu-lacademie-de-billard-ouvre-ses-portes-en-septembre\/\" \/>\n<meta property=\"og:locale\" content=\"fr_FR\" \/>\n<meta property=\"og:type\" content=\"article\" \/>\n<meta property=\"og:title\" content=\"CHASSIEU | L&#039;Acad\u00e9mie de Billard ouvre ses portes en septembre - News Est Lyonnais CHASSIEU | L&#039;Acad\u00e9mie de Billard ouvre ses portes en septembre\" \/>\n<meta property=\"og:description\" content=\"CHASSIEU | L&#039;Acad\u00e9mie de Billard ouvre ses portes en septembre\" \/>\n<meta property=\"og:url\" content=\"https:\/\/newsestlyonnais.fr\/site\/2019\/09\/11\/chassieu-lacademie-de-billard-ouvre-ses-portes-en-septembre\/\" \/>\n<meta property=\"og:site_name\" content=\"News Est Lyonnais\" \/>\n<meta property=\"article:author\" content=\"https:\/\/www.facebook.com\/pascal.oberson.1?fref=ts\" \/>\n<meta property=\"article:published_time\" content=\"2019-09-11T04:33:13+00:00\" \/>\n<meta property=\"article:modified_time\" content=\"2020-10-30T16:03:27+00:00\" \/>\n<meta property=\"og:image\" content=\"https:\/\/i0.wp.com\/newsestlyonnais.fr\/site\/wp-content\/uploads\/2019\/09\/NEWSESTLYONNAIS-VIDAL-CHASSIEU-BILL-N3.jpg?fit=565%2C580&ssl=1\" \/>\n\t<meta property=\"og:image:width\" content=\"565\" \/>\n\t<meta property=\"og:image:height\" content=\"580\" \/>\n\t<meta property=\"og:image:type\" content=\"image\/jpeg\" \/>\n<meta name=\"author\" content=\"R\u00e9dac. NEWS\" \/>\n<meta name=\"twitter:card\" content=\"summary_large_image\" \/>\n<meta name=\"twitter:label1\" content=\"\u00c9crit par\" \/>\n\t<meta name=\"twitter:data1\" content=\"R\u00e9dac. NEWS\" \/>\n\t<meta name=\"twitter:label2\" content=\"Dur\u00e9e de lecture estim\u00e9e\" \/>\n\t<meta name=\"twitter:data2\" content=\"1 minute\" \/>\n<script type=\"application\/ld+json\" class=\"yoast-schema-graph\">{\"@context\":\"https:\/\/schema.org\",\"@graph\":[{\"@type\":\"Article\",\"@id\":\"https:\/\/newsestlyonnais.fr\/site\/2019\/09\/11\/chassieu-lacademie-de-billard-ouvre-ses-portes-en-septembre\/#article\",\"isPartOf\":{\"@id\":\"https:\/\/newsestlyonnais.fr\/site\/2019\/09\/11\/chassieu-lacademie-de-billard-ouvre-ses-portes-en-septembre\/\"},\"author\":{\"name\":\"R\u00e9dac. NEWS\",\"@id\":\"https:\/\/newsestlyonnais.fr\/site\/#\/schema\/person\/3230d5615f390bb808365d673001e887\"},\"headline\":\"CHASSIEU | L&rsquo;Acad\u00e9mie de Billard ouvre ses portes en septembre\",\"datePublished\":\"2019-09-11T04:33:13+00:00\",\"dateModified\":\"2020-10-30T16:03:27+00:00\",\"mainEntityOfPage\":{\"@id\":\"https:\/\/newsestlyonnais.fr\/site\/2019\/09\/11\/chassieu-lacademie-de-billard-ouvre-ses-portes-en-septembre\/\"},\"wordCount\":144,\"commentCount\":0,\"publisher\":{\"@id\":\"https:\/\/newsestlyonnais.fr\/site\/#organization\"},\"image\":{\"@id\":\"https:\/\/newsestlyonnais.fr\/site\/2019\/09\/11\/chassieu-lacademie-de-billard-ouvre-ses-portes-en-septembre\/#primaryimage\"},\"thumbnailUrl\":\"https:\/\/newsestlyonnais.fr\/site\/wp-content\/uploads\/2019\/09\/NEWSESTLYONNAIS-VIDAL-CHASSIEU-BILL-N3.jpg\",\"keywords\":[\"BILLARD\",\"Chassieu\"],\"articleSection\":[\"Billard | Echecs | Escrime\",\"Chassieu | Communes diverses\",\"Divers Sports\"],\"inLanguage\":\"fr-FR\",\"potentialAction\":[{\"@type\":\"CommentAction\",\"name\":\"Comment\",\"target\":[\"https:\/\/newsestlyonnais.fr\/site\/2019\/09\/11\/chassieu-lacademie-de-billard-ouvre-ses-portes-en-septembre\/#respond\"]}]},{\"@type\":\"WebPage\",\"@id\":\"https:\/\/newsestlyonnais.fr\/site\/2019\/09\/11\/chassieu-lacademie-de-billard-ouvre-ses-portes-en-septembre\/\",\"url\":\"https:\/\/newsestlyonnais.fr\/site\/2019\/09\/11\/chassieu-lacademie-de-billard-ouvre-ses-portes-en-septembre\/\",\"name\":\"CHASSIEU | L'Acad\u00e9mie de Billard ouvre ses portes en septembre - News Est Lyonnais CHASSIEU | L'Acad\u00e9mie de Billard ouvre ses portes en septembre\",\"isPartOf\":{\"@id\":\"https:\/\/newsestlyonnais.fr\/site\/#website\"},\"primaryImageOfPage\":{\"@id\":\"https:\/\/newsestlyonnais.fr\/site\/2019\/09\/11\/chassieu-lacademie-de-billard-ouvre-ses-portes-en-septembre\/#primaryimage\"},\"image\":{\"@id\":\"https:\/\/newsestlyonnais.fr\/site\/2019\/09\/11\/chassieu-lacademie-de-billard-ouvre-ses-portes-en-septembre\/#primaryimage\"},\"thumbnailUrl\":\"https:\/\/newsestlyonnais.fr\/site\/wp-content\/uploads\/2019\/09\/NEWSESTLYONNAIS-VIDAL-CHASSIEU-BILL-N3.jpg\",\"datePublished\":\"2019-09-11T04:33:13+00:00\",\"dateModified\":\"2020-10-30T16:03:27+00:00\",\"description\":\"CHASSIEU | L'Acad\u00e9mie de Billard ouvre ses portes en septembre\",\"breadcrumb\":{\"@id\":\"https:\/\/newsestlyonnais.fr\/site\/2019\/09\/11\/chassieu-lacademie-de-billard-ouvre-ses-portes-en-septembre\/#breadcrumb\"},\"inLanguage\":\"fr-FR\",\"potentialAction\":[{\"@type\":\"ReadAction\",\"target\":[\"https:\/\/newsestlyonnais.fr\/site\/2019\/09\/11\/chassieu-lacademie-de-billard-ouvre-ses-portes-en-septembre\/\"]}]},{\"@type\":\"ImageObject\",\"inLanguage\":\"fr-FR\",\"@id\":\"https:\/\/newsestlyonnais.fr\/site\/2019\/09\/11\/chassieu-lacademie-de-billard-ouvre-ses-portes-en-septembre\/#primaryimage\",\"url\":\"https:\/\/newsestlyonnais.fr\/site\/wp-content\/uploads\/2019\/09\/NEWSESTLYONNAIS-VIDAL-CHASSIEU-BILL-N3.jpg\",\"contentUrl\":\"https:\/\/newsestlyonnais.fr\/site\/wp-content\/uploads\/2019\/09\/NEWSESTLYONNAIS-VIDAL-CHASSIEU-BILL-N3.jpg\",\"width\":565,\"height\":580},{\"@type\":\"BreadcrumbList\",\"@id\":\"https:\/\/newsestlyonnais.fr\/site\/2019\/09\/11\/chassieu-lacademie-de-billard-ouvre-ses-portes-en-septembre\/#breadcrumb\",\"itemListElement\":[{\"@type\":\"ListItem\",\"position\":1,\"name\":\"Accueil\",\"item\":\"https:\/\/newsestlyonnais.fr\/site\/\"},{\"@type\":\"ListItem\",\"position\":2,\"name\":\"CHASSIEU | L&rsquo;Acad\u00e9mie de Billard ouvre ses portes en septembre\"}]},{\"@type\":\"WebSite\",\"@id\":\"https:\/\/newsestlyonnais.fr\/site\/#website\",\"url\":\"https:\/\/newsestlyonnais.fr\/site\/\",\"name\":\"News Est Lyonnais\",\"description\":\"L&#039;actualit\u00e9 au plus pr\u00e8s\",\"publisher\":{\"@id\":\"https:\/\/newsestlyonnais.fr\/site\/#organization\"},\"potentialAction\":[{\"@type\":\"SearchAction\",\"target\":{\"@type\":\"EntryPoint\",\"urlTemplate\":\"https:\/\/newsestlyonnais.fr\/site\/?s={search_term_string}\"},\"query-input\":{\"@type\":\"PropertyValueSpecification\",\"valueRequired\":true,\"valueName\":\"search_term_string\"}}],\"inLanguage\":\"fr-FR\"},{\"@type\":\"Organization\",\"@id\":\"https:\/\/newsestlyonnais.fr\/site\/#organization\",\"name\":\"News EST LYONNAIS\",\"url\":\"https:\/\/newsestlyonnais.fr\/site\/\",\"logo\":{\"@type\":\"ImageObject\",\"inLanguage\":\"fr-FR\",\"@id\":\"https:\/\/newsestlyonnais.fr\/site\/#\/schema\/logo\/image\/\",\"url\":\"\",\"contentUrl\":\"\",\"caption\":\"News EST LYONNAIS\"},\"image\":{\"@id\":\"https:\/\/newsestlyonnais.fr\/site\/#\/schema\/logo\/image\/\"}},{\"@type\":\"Person\",\"@id\":\"https:\/\/newsestlyonnais.fr\/site\/#\/schema\/person\/3230d5615f390bb808365d673001e887\",\"name\":\"R\u00e9dac. NEWS\",\"sameAs\":[\"http:\/\/www.newsestlyonnais.fr\",\"https:\/\/www.facebook.com\/pascal.oberson.1?fref=ts\",\"https:\/\/fr.linkedin.com\/in\/pascal-oberson-b17045113\"],\"url\":\"https:\/\/newsestlyonnais.fr\/site\/author\/nel\/\"}]}<\/script>\n<!-- \/ Yoast SEO plugin. -->","yoast_head_json":{"title":"CHASSIEU | L'Acad\u00e9mie de Billard ouvre ses portes en septembre - News Est Lyonnais CHASSIEU | L'Acad\u00e9mie de Billard ouvre ses portes en septembre","description":"CHASSIEU | L'Acad\u00e9mie de Billard ouvre ses portes en septembre","robots":{"index":"index","follow":"follow","max-snippet":"max-snippet:-1","max-image-preview":"max-image-preview:large","max-video-preview":"max-video-preview:-1"},"canonical":"https:\/\/newsestlyonnais.fr\/site\/2019\/09\/11\/chassieu-lacademie-de-billard-ouvre-ses-portes-en-septembre\/","og_locale":"fr_FR","og_type":"article","og_title":"CHASSIEU | L'Acad\u00e9mie de Billard ouvre ses portes en septembre - News Est Lyonnais CHASSIEU | L'Acad\u00e9mie de Billard ouvre ses portes en septembre","og_description":"CHASSIEU | L'Acad\u00e9mie de Billard ouvre ses portes en septembre","og_url":"https:\/\/newsestlyonnais.fr\/site\/2019\/09\/11\/chassieu-lacademie-de-billard-ouvre-ses-portes-en-septembre\/","og_site_name":"News Est Lyonnais","article_author":"https:\/\/www.facebook.com\/pascal.oberson.1?fref=ts","article_published_time":"2019-09-11T04:33:13+00:00","article_modified_time":"2020-10-30T16:03:27+00:00","og_image":[{"width":565,"height":580,"url":"https:\/\/i0.wp.com\/newsestlyonnais.fr\/site\/wp-content\/uploads\/2019\/09\/NEWSESTLYONNAIS-VIDAL-CHASSIEU-BILL-N3.jpg?fit=565%2C580&ssl=1","type":"image\/jpeg"}],"author":"R\u00e9dac. NEWS","twitter_card":"summary_large_image","twitter_misc":{"\u00c9crit par":"R\u00e9dac. NEWS","Dur\u00e9e de lecture estim\u00e9e":"1 minute"},"schema":{"@context":"https:\/\/schema.org","@graph":[{"@type":"Article","@id":"https:\/\/newsestlyonnais.fr\/site\/2019\/09\/11\/chassieu-lacademie-de-billard-ouvre-ses-portes-en-septembre\/#article","isPartOf":{"@id":"https:\/\/newsestlyonnais.fr\/site\/2019\/09\/11\/chassieu-lacademie-de-billard-ouvre-ses-portes-en-septembre\/"},"author":{"name":"R\u00e9dac. NEWS","@id":"https:\/\/newsestlyonnais.fr\/site\/#\/schema\/person\/3230d5615f390bb808365d673001e887"},"headline":"CHASSIEU | L&rsquo;Acad\u00e9mie de Billard ouvre ses portes en septembre","datePublished":"2019-09-11T04:33:13+00:00","dateModified":"2020-10-30T16:03:27+00:00","mainEntityOfPage":{"@id":"https:\/\/newsestlyonnais.fr\/site\/2019\/09\/11\/chassieu-lacademie-de-billard-ouvre-ses-portes-en-septembre\/"},"wordCount":144,"commentCount":0,"publisher":{"@id":"https:\/\/newsestlyonnais.fr\/site\/#organization"},"image":{"@id":"https:\/\/newsestlyonnais.fr\/site\/2019\/09\/11\/chassieu-lacademie-de-billard-ouvre-ses-portes-en-septembre\/#primaryimage"},"thumbnailUrl":"https:\/\/newsestlyonnais.fr\/site\/wp-content\/uploads\/2019\/09\/NEWSESTLYONNAIS-VIDAL-CHASSIEU-BILL-N3.jpg","keywords":["BILLARD","Chassieu"],"articleSection":["Billard | Echecs | Escrime","Chassieu | Communes diverses","Divers Sports"],"inLanguage":"fr-FR","potentialAction":[{"@type":"CommentAction","name":"Comment","target":["https:\/\/newsestlyonnais.fr\/site\/2019\/09\/11\/chassieu-lacademie-de-billard-ouvre-ses-portes-en-septembre\/#respond"]}]},{"@type":"WebPage","@id":"https:\/\/newsestlyonnais.fr\/site\/2019\/09\/11\/chassieu-lacademie-de-billard-ouvre-ses-portes-en-septembre\/","url":"https:\/\/newsestlyonnais.fr\/site\/2019\/09\/11\/chassieu-lacademie-de-billard-ouvre-ses-portes-en-septembre\/","name":"CHASSIEU | L'Acad\u00e9mie de Billard ouvre ses portes en septembre - News Est Lyonnais CHASSIEU | L'Acad\u00e9mie de Billard ouvre ses portes en septembre","isPartOf":{"@id":"https:\/\/newsestlyonnais.fr\/site\/#website"},"primaryImageOfPage":{"@id":"https:\/\/newsestlyonnais.fr\/site\/2019\/09\/11\/chassieu-lacademie-de-billard-ouvre-ses-portes-en-septembre\/#primaryimage"},"image":{"@id":"https:\/\/newsestlyonnais.fr\/site\/2019\/09\/11\/chassieu-lacademie-de-billard-ouvre-ses-portes-en-septembre\/#primaryimage"},"thumbnailUrl":"https:\/\/newsestlyonnais.fr\/site\/wp-content\/uploads\/2019\/09\/NEWSESTLYONNAIS-VIDAL-CHASSIEU-BILL-N3.jpg","datePublished":"2019-09-11T04:33:13+00:00","dateModified":"2020-10-30T16:03:27+00:00","description":"CHASSIEU | L'Acad\u00e9mie de Billard ouvre ses portes en septembre","breadcrumb":{"@id":"https:\/\/newsestlyonnais.fr\/site\/2019\/09\/11\/chassieu-lacademie-de-billard-ouvre-ses-portes-en-septembre\/#breadcrumb"},"inLanguage":"fr-FR","potentialAction":[{"@type":"ReadAction","target":["https:\/\/newsestlyonnais.fr\/site\/2019\/09\/11\/chassieu-lacademie-de-billard-ouvre-ses-portes-en-septembre\/"]}]},{"@type":"ImageObject","inLanguage":"fr-FR","@id":"https:\/\/newsestlyonnais.fr\/site\/2019\/09\/11\/chassieu-lacademie-de-billard-ouvre-ses-portes-en-septembre\/#primaryimage","url":"https:\/\/newsestlyonnais.fr\/site\/wp-content\/uploads\/2019\/09\/NEWSESTLYONNAIS-VIDAL-CHASSIEU-BILL-N3.jpg","contentUrl":"https:\/\/newsestlyonnais.fr\/site\/wp-content\/uploads\/2019\/09\/NEWSESTLYONNAIS-VIDAL-CHASSIEU-BILL-N3.jpg","width":565,"height":580},{"@type":"BreadcrumbList","@id":"https:\/\/newsestlyonnais.fr\/site\/2019\/09\/11\/chassieu-lacademie-de-billard-ouvre-ses-portes-en-septembre\/#breadcrumb","itemListElement":[{"@type":"ListItem","position":1,"name":"Accueil","item":"https:\/\/newsestlyonnais.fr\/site\/"},{"@type":"ListItem","position":2,"name":"CHASSIEU | L&rsquo;Acad\u00e9mie de Billard ouvre ses portes en septembre"}]},{"@type":"WebSite","@id":"https:\/\/newsestlyonnais.fr\/site\/#website","url":"https:\/\/newsestlyonnais.fr\/site\/","name":"News Est Lyonnais","description":"L&#039;actualit\u00e9 au plus pr\u00e8s","publisher":{"@id":"https:\/\/newsestlyonnais.fr\/site\/#organization"},"potentialAction":[{"@type":"SearchAction","target":{"@type":"EntryPoint","urlTemplate":"https:\/\/newsestlyonnais.fr\/site\/?s={search_term_string}"},"query-input":{"@type":"PropertyValueSpecification","valueRequired":true,"valueName":"search_term_string"}}],"inLanguage":"fr-FR"},{"@type":"Organization","@id":"https:\/\/newsestlyonnais.fr\/site\/#organization","name":"News EST LYONNAIS","url":"https:\/\/newsestlyonnais.fr\/site\/","logo":{"@type":"ImageObject","inLanguage":"fr-FR","@id":"https:\/\/newsestlyonnais.fr\/site\/#\/schema\/logo\/image\/","url":"","contentUrl":"","caption":"News EST LYONNAIS"},"image":{"@id":"https:\/\/newsestlyonnais.fr\/site\/#\/schema\/logo\/image\/"}},{"@type":"Person","@id":"https:\/\/newsestlyonnais.fr\/site\/#\/schema\/person\/3230d5615f390bb808365d673001e887","name":"R\u00e9dac. NEWS","sameAs":["http:\/\/www.newsestlyonnais.fr","https:\/\/www.facebook.com\/pascal.oberson.1?fref=ts","https:\/\/fr.linkedin.com\/in\/pascal-oberson-b17045113"],"url":"https:\/\/newsestlyonnais.fr\/site\/author\/nel\/"}]}},"_links":{"self":[{"href":"https:\/\/newsestlyonnais.fr\/site\/wp-json\/wp\/v2\/posts\/83133","targetHints":{"allow":["GET"]}}],"collection":[{"href":"https:\/\/newsestlyonnais.fr\/site\/wp-json\/wp\/v2\/posts"}],"about":[{"href":"https:\/\/newsestlyonnais.fr\/site\/wp-json\/wp\/v2\/types\/post"}],"author":[{"embeddable":true,"href":"https:\/\/newsestlyonnais.fr\/site\/wp-json\/wp\/v2\/users\/4"}],"replies":[{"embeddable":true,"href":"https:\/\/newsestlyonnais.fr\/site\/wp-json\/wp\/v2\/comments?post=83133"}],"version-history":[{"count":0,"href":"https:\/\/newsestlyonnais.fr\/site\/wp-json\/wp\/v2\/posts\/83133\/revisions"}],"wp:featuredmedia":[{"embeddable":true,"href":"https:\/\/newsestlyonnais.fr\/site\/wp-json\/wp\/v2\/media\/83136"}],"wp:attachment":[{"href":"https:\/\/newsestlyonnais.fr\/site\/wp-json\/wp\/v2\/media?parent=83133"}],"wp:term":[{"taxonomy":"category","embeddable":true,"href":"https:\/\/newsestlyonnais.fr\/site\/wp-json\/wp\/v2\/categories?post=83133"},{"taxonomy":"post_tag","embeddable":true,"href":"https:\/\/newsestlyonnais.fr\/site\/wp-json\/wp\/v2\/tags?post=83133"}],"curies":[{"name":"wp","href":"https:\/\/api.w.org\/{rel}","templated":true}]}}