{"id":83497,"date":"2019-09-17T10:47:49","date_gmt":"2019-09-17T09:47:49","guid":{"rendered":"http:\/\/newsestlyonnais.fr\/site\/?p=83497"},"modified":"2019-09-17T18:40:44","modified_gmt":"2019-09-17T17:40:44","slug":"lyon-un-forum-pour-le-recrutement-a-keolis","status":"publish","type":"post","link":"https:\/\/newsestlyonnais.fr\/site\/2019\/09\/17\/lyon-un-forum-pour-le-recrutement-a-keolis\/","title":{"rendered":"LYON | Un forum pour le recrutement \u00e0 Keolis"},"content":{"rendered":"<p>En 2019, les volumes de recrutement sont significativement plus \u00e9lev\u00e9s compte tenu des nombreux projets d\u2019investissements et d\u2019extension du r\u00e9seau inscrits dans le plan de mandat du Sytral : mise en service de la nouvelle ligne de tramway T6, automatisation et prolongement de la ligne de m\u00e9tro B, acquisition de nouveaux mat\u00e9riels roulants (bus, tramway et m\u00e9tro).<\/p>\n<p><strong>Plus de 500 postes sont actuellement \u00e0 pourvoir<\/strong> dans les <strong>m\u00e9tiers de la conduite, l\u2019exploitation et la maintenance des infrastructures et du mat\u00e9riel roulant.<\/strong><\/p>\n<p><span style=\"text-decoration: underline\">Un forum recrutement organis\u00e9 mercredi 25 septembre<\/span><\/p>\n<p>Keolis Lyon organise pour la deuxi\u00e8me ann\u00e9e cons\u00e9cutive un forum recrutement le mercredi 25 septembre.<\/p>\n<p>Les personnes en recherche d\u2019emploi pourront prendre connaissance de l\u2019ensemble des postes \u00e0 pourvoir ainsi que les comp\u00e9tences associ\u00e9es. Pour certains postes dont les habilitations sont sp\u00e9cifiques au secteur d\u2019activit\u00e9 de l\u2019entreprise, Keolis Lyon offre des formations adapt\u00e9es. Il est ainsi possible d\u2019int\u00e9grer l\u2019entreprise en tant que conducteur de bus en CDI avec un permis B et de suivre une formation \u00e0 l\u2019obtention du permis de transports en commun (permis D).<\/p>\n<p>Ce forum donne l\u2019occasion de d\u00e9couvrir les diff\u00e9rents m\u00e9tiers, rencontrer des<br \/>\nprofessionnels pour \u00e9changer sur leurs parcours, \u00e9volutions et exp\u00e9riences dans l\u2019entreprise.<\/p>\n<p>Des <strong>entretiens individuels<\/strong> avec le service recrutement seront organis\u00e9s toute la journ\u00e9e. Il est recommand\u00e9 de venir au forum avec un CV que les candidats pourront d\u00e9poser \u00e0 cette occasion.<\/p>\n<ul>\n<li><em><strong>Toutes les offres d\u2019emploi disponibles sur : <a href=\"https:\/\/www.keolis-lyon.com\">https:\/\/www.keolis-lyon.com<\/a><\/strong><\/em><\/li>\n<\/ul>\n<p><strong>Forum recrutement le mercredi 25 septembre<\/strong> (10 h \u00e0 17 h) au Palais de la Bourse aux Cordeliers (Lyon 2\u00b0).<\/p>\n","protected":false},"excerpt":{"rendered":"<p>Chaque ann\u00e9e, Keolis Lyon, exploitant du r\u00e9seau TCL pour le compte du Sytral, recrute pour r\u00e9pondre aux besoins de l\u2019entreprise li\u00e9s aux d\u00e9parts en retraite et \u00e0 la mobilit\u00e9.<\/p>\n","protected":false},"author":4,"featured_media":25760,"comment_status":"open","ping_status":"open","sticky":false,"template":"","format":"standard","meta":{"footnotes":""},"categories":[2217,214,1625,13],"tags":[2613,2051],"class_list":["post-83497","post","type-post","status-publish","format-standard","has-post-thumbnail","hentry","category-breves-de-lest-lyonnais","category-emplois-infos-diverses","category-lyon","category-transports-circulation","tag-emplois","tag-tcl"],"yoast_head":"<!-- This site is optimized with the Yoast SEO plugin v27.2 - https:\/\/yoast.com\/product\/yoast-seo-wordpress\/ -->\n<title>LYON | Un forum pour le recrutement \u00e0 Keolis - News Est Lyonnais<\/title>\n<meta name=\"description\" content=\"LYON | Un forum pour le recrutement \u00e0 Keolis\" \/>\n<meta name=\"robots\" content=\"index, follow, max-snippet:-1, max-image-preview:large, max-video-preview:-1\" \/>\n<link rel=\"canonical\" href=\"https:\/\/newsestlyonnais.fr\/site\/2019\/09\/17\/lyon-un-forum-pour-le-recrutement-a-keolis\/\" \/>\n<meta property=\"og:locale\" content=\"fr_FR\" \/>\n<meta property=\"og:type\" content=\"article\" \/>\n<meta property=\"og:title\" content=\"LYON | Un forum pour le recrutement \u00e0 Keolis - News Est Lyonnais\" \/>\n<meta property=\"og:description\" content=\"LYON | Un forum pour le recrutement \u00e0 Keolis\" \/>\n<meta property=\"og:url\" content=\"https:\/\/newsestlyonnais.fr\/site\/2019\/09\/17\/lyon-un-forum-pour-le-recrutement-a-keolis\/\" \/>\n<meta property=\"og:site_name\" content=\"News Est Lyonnais\" \/>\n<meta property=\"article:author\" content=\"https:\/\/www.facebook.com\/pascal.oberson.1?fref=ts\" \/>\n<meta property=\"article:published_time\" content=\"2019-09-17T09:47:49+00:00\" \/>\n<meta property=\"article:modified_time\" content=\"2019-09-17T17:40:44+00:00\" \/>\n<meta property=\"og:image\" content=\"https:\/\/i2.wp.com\/newsestlyonnais.fr\/site\/wp-content\/uploads\/2017\/04\/NewsEstLyonnais-Flash-Info.png?fit=1000%2C750&ssl=1\" \/>\n\t<meta property=\"og:image:width\" content=\"1000\" \/>\n\t<meta property=\"og:image:height\" content=\"750\" \/>\n\t<meta property=\"og:image:type\" content=\"image\/png\" \/>\n<meta name=\"author\" content=\"R\u00e9dac. NEWS\" \/>\n<meta name=\"twitter:card\" content=\"summary_large_image\" \/>\n<meta name=\"twitter:label1\" content=\"\u00c9crit par\" \/>\n\t<meta name=\"twitter:data1\" content=\"R\u00e9dac. NEWS\" \/>\n\t<meta name=\"twitter:label2\" content=\"Dur\u00e9e de lecture estim\u00e9e\" \/>\n\t<meta name=\"twitter:data2\" content=\"1 minute\" \/>\n<script type=\"application\/ld+json\" class=\"yoast-schema-graph\">{\"@context\":\"https:\/\/schema.org\",\"@graph\":[{\"@type\":\"Article\",\"@id\":\"https:\/\/newsestlyonnais.fr\/site\/2019\/09\/17\/lyon-un-forum-pour-le-recrutement-a-keolis\/#article\",\"isPartOf\":{\"@id\":\"https:\/\/newsestlyonnais.fr\/site\/2019\/09\/17\/lyon-un-forum-pour-le-recrutement-a-keolis\/\"},\"author\":{\"name\":\"R\u00e9dac. NEWS\",\"@id\":\"https:\/\/newsestlyonnais.fr\/site\/#\/schema\/person\/3230d5615f390bb808365d673001e887\"},\"headline\":\"LYON | Un forum pour le recrutement \u00e0 Keolis\",\"datePublished\":\"2019-09-17T09:47:49+00:00\",\"dateModified\":\"2019-09-17T17:40:44+00:00\",\"mainEntityOfPage\":{\"@id\":\"https:\/\/newsestlyonnais.fr\/site\/2019\/09\/17\/lyon-un-forum-pour-le-recrutement-a-keolis\/\"},\"wordCount\":284,\"commentCount\":0,\"publisher\":{\"@id\":\"https:\/\/newsestlyonnais.fr\/site\/#organization\"},\"image\":{\"@id\":\"https:\/\/newsestlyonnais.fr\/site\/2019\/09\/17\/lyon-un-forum-pour-le-recrutement-a-keolis\/#primaryimage\"},\"thumbnailUrl\":\"https:\/\/newsestlyonnais.fr\/site\/wp-content\/uploads\/2017\/04\/NewsEstLyonnais-Flash-Info.png\",\"keywords\":[\"EMPLOIS\",\"TCL\"],\"articleSection\":[\"Br\u00e8ves de l'Est lyonnais\",\"Emplois (infos diverses)\",\"Lyon\",\"Transports | Circulation\"],\"inLanguage\":\"fr-FR\",\"potentialAction\":[{\"@type\":\"CommentAction\",\"name\":\"Comment\",\"target\":[\"https:\/\/newsestlyonnais.fr\/site\/2019\/09\/17\/lyon-un-forum-pour-le-recrutement-a-keolis\/#respond\"]}]},{\"@type\":\"WebPage\",\"@id\":\"https:\/\/newsestlyonnais.fr\/site\/2019\/09\/17\/lyon-un-forum-pour-le-recrutement-a-keolis\/\",\"url\":\"https:\/\/newsestlyonnais.fr\/site\/2019\/09\/17\/lyon-un-forum-pour-le-recrutement-a-keolis\/\",\"name\":\"LYON | Un forum pour le recrutement \u00e0 Keolis - News Est Lyonnais\",\"isPartOf\":{\"@id\":\"https:\/\/newsestlyonnais.fr\/site\/#website\"},\"primaryImageOfPage\":{\"@id\":\"https:\/\/newsestlyonnais.fr\/site\/2019\/09\/17\/lyon-un-forum-pour-le-recrutement-a-keolis\/#primaryimage\"},\"image\":{\"@id\":\"https:\/\/newsestlyonnais.fr\/site\/2019\/09\/17\/lyon-un-forum-pour-le-recrutement-a-keolis\/#primaryimage\"},\"thumbnailUrl\":\"https:\/\/newsestlyonnais.fr\/site\/wp-content\/uploads\/2017\/04\/NewsEstLyonnais-Flash-Info.png\",\"datePublished\":\"2019-09-17T09:47:49+00:00\",\"dateModified\":\"2019-09-17T17:40:44+00:00\",\"description\":\"LYON | Un forum pour le recrutement \u00e0 Keolis\",\"breadcrumb\":{\"@id\":\"https:\/\/newsestlyonnais.fr\/site\/2019\/09\/17\/lyon-un-forum-pour-le-recrutement-a-keolis\/#breadcrumb\"},\"inLanguage\":\"fr-FR\",\"potentialAction\":[{\"@type\":\"ReadAction\",\"target\":[\"https:\/\/newsestlyonnais.fr\/site\/2019\/09\/17\/lyon-un-forum-pour-le-recrutement-a-keolis\/\"]}]},{\"@type\":\"ImageObject\",\"inLanguage\":\"fr-FR\",\"@id\":\"https:\/\/newsestlyonnais.fr\/site\/2019\/09\/17\/lyon-un-forum-pour-le-recrutement-a-keolis\/#primaryimage\",\"url\":\"https:\/\/newsestlyonnais.fr\/site\/wp-content\/uploads\/2017\/04\/NewsEstLyonnais-Flash-Info.png\",\"contentUrl\":\"https:\/\/newsestlyonnais.fr\/site\/wp-content\/uploads\/2017\/04\/NewsEstLyonnais-Flash-Info.png\",\"width\":1000,\"height\":750,\"caption\":\"NewsEstLyonnais-Flash-Info\"},{\"@type\":\"BreadcrumbList\",\"@id\":\"https:\/\/newsestlyonnais.fr\/site\/2019\/09\/17\/lyon-un-forum-pour-le-recrutement-a-keolis\/#breadcrumb\",\"itemListElement\":[{\"@type\":\"ListItem\",\"position\":1,\"name\":\"Accueil\",\"item\":\"https:\/\/newsestlyonnais.fr\/site\/\"},{\"@type\":\"ListItem\",\"position\":2,\"name\":\"LYON | Un forum pour le recrutement \u00e0 Keolis\"}]},{\"@type\":\"WebSite\",\"@id\":\"https:\/\/newsestlyonnais.fr\/site\/#website\",\"url\":\"https:\/\/newsestlyonnais.fr\/site\/\",\"name\":\"News Est Lyonnais\",\"description\":\"L&#039;actualit\u00e9 au plus pr\u00e8s\",\"publisher\":{\"@id\":\"https:\/\/newsestlyonnais.fr\/site\/#organization\"},\"potentialAction\":[{\"@type\":\"SearchAction\",\"target\":{\"@type\":\"EntryPoint\",\"urlTemplate\":\"https:\/\/newsestlyonnais.fr\/site\/?s={search_term_string}\"},\"query-input\":{\"@type\":\"PropertyValueSpecification\",\"valueRequired\":true,\"valueName\":\"search_term_string\"}}],\"inLanguage\":\"fr-FR\"},{\"@type\":\"Organization\",\"@id\":\"https:\/\/newsestlyonnais.fr\/site\/#organization\",\"name\":\"News EST LYONNAIS\",\"url\":\"https:\/\/newsestlyonnais.fr\/site\/\",\"logo\":{\"@type\":\"ImageObject\",\"inLanguage\":\"fr-FR\",\"@id\":\"https:\/\/newsestlyonnais.fr\/site\/#\/schema\/logo\/image\/\",\"url\":\"\",\"contentUrl\":\"\",\"caption\":\"News EST LYONNAIS\"},\"image\":{\"@id\":\"https:\/\/newsestlyonnais.fr\/site\/#\/schema\/logo\/image\/\"}},{\"@type\":\"Person\",\"@id\":\"https:\/\/newsestlyonnais.fr\/site\/#\/schema\/person\/3230d5615f390bb808365d673001e887\",\"name\":\"R\u00e9dac. NEWS\",\"sameAs\":[\"http:\/\/www.newsestlyonnais.fr\",\"https:\/\/www.facebook.com\/pascal.oberson.1?fref=ts\",\"https:\/\/fr.linkedin.com\/in\/pascal-oberson-b17045113\"],\"url\":\"https:\/\/newsestlyonnais.fr\/site\/author\/nel\/\"}]}<\/script>\n<!-- \/ Yoast SEO plugin. -->","yoast_head_json":{"title":"LYON | Un forum pour le recrutement \u00e0 Keolis - News Est Lyonnais","description":"LYON | Un forum pour le recrutement \u00e0 Keolis","robots":{"index":"index","follow":"follow","max-snippet":"max-snippet:-1","max-image-preview":"max-image-preview:large","max-video-preview":"max-video-preview:-1"},"canonical":"https:\/\/newsestlyonnais.fr\/site\/2019\/09\/17\/lyon-un-forum-pour-le-recrutement-a-keolis\/","og_locale":"fr_FR","og_type":"article","og_title":"LYON | Un forum pour le recrutement \u00e0 Keolis - News Est Lyonnais","og_description":"LYON | Un forum pour le recrutement \u00e0 Keolis","og_url":"https:\/\/newsestlyonnais.fr\/site\/2019\/09\/17\/lyon-un-forum-pour-le-recrutement-a-keolis\/","og_site_name":"News Est Lyonnais","article_author":"https:\/\/www.facebook.com\/pascal.oberson.1?fref=ts","article_published_time":"2019-09-17T09:47:49+00:00","article_modified_time":"2019-09-17T17:40:44+00:00","og_image":[{"width":1000,"height":750,"url":"https:\/\/i2.wp.com\/newsestlyonnais.fr\/site\/wp-content\/uploads\/2017\/04\/NewsEstLyonnais-Flash-Info.png?fit=1000%2C750&ssl=1","type":"image\/png"}],"author":"R\u00e9dac. NEWS","twitter_card":"summary_large_image","twitter_misc":{"\u00c9crit par":"R\u00e9dac. NEWS","Dur\u00e9e de lecture estim\u00e9e":"1 minute"},"schema":{"@context":"https:\/\/schema.org","@graph":[{"@type":"Article","@id":"https:\/\/newsestlyonnais.fr\/site\/2019\/09\/17\/lyon-un-forum-pour-le-recrutement-a-keolis\/#article","isPartOf":{"@id":"https:\/\/newsestlyonnais.fr\/site\/2019\/09\/17\/lyon-un-forum-pour-le-recrutement-a-keolis\/"},"author":{"name":"R\u00e9dac. NEWS","@id":"https:\/\/newsestlyonnais.fr\/site\/#\/schema\/person\/3230d5615f390bb808365d673001e887"},"headline":"LYON | Un forum pour le recrutement \u00e0 Keolis","datePublished":"2019-09-17T09:47:49+00:00","dateModified":"2019-09-17T17:40:44+00:00","mainEntityOfPage":{"@id":"https:\/\/newsestlyonnais.fr\/site\/2019\/09\/17\/lyon-un-forum-pour-le-recrutement-a-keolis\/"},"wordCount":284,"commentCount":0,"publisher":{"@id":"https:\/\/newsestlyonnais.fr\/site\/#organization"},"image":{"@id":"https:\/\/newsestlyonnais.fr\/site\/2019\/09\/17\/lyon-un-forum-pour-le-recrutement-a-keolis\/#primaryimage"},"thumbnailUrl":"https:\/\/newsestlyonnais.fr\/site\/wp-content\/uploads\/2017\/04\/NewsEstLyonnais-Flash-Info.png","keywords":["EMPLOIS","TCL"],"articleSection":["Br\u00e8ves de l'Est lyonnais","Emplois (infos diverses)","Lyon","Transports | Circulation"],"inLanguage":"fr-FR","potentialAction":[{"@type":"CommentAction","name":"Comment","target":["https:\/\/newsestlyonnais.fr\/site\/2019\/09\/17\/lyon-un-forum-pour-le-recrutement-a-keolis\/#respond"]}]},{"@type":"WebPage","@id":"https:\/\/newsestlyonnais.fr\/site\/2019\/09\/17\/lyon-un-forum-pour-le-recrutement-a-keolis\/","url":"https:\/\/newsestlyonnais.fr\/site\/2019\/09\/17\/lyon-un-forum-pour-le-recrutement-a-keolis\/","name":"LYON | Un forum pour le recrutement \u00e0 Keolis - News Est Lyonnais","isPartOf":{"@id":"https:\/\/newsestlyonnais.fr\/site\/#website"},"primaryImageOfPage":{"@id":"https:\/\/newsestlyonnais.fr\/site\/2019\/09\/17\/lyon-un-forum-pour-le-recrutement-a-keolis\/#primaryimage"},"image":{"@id":"https:\/\/newsestlyonnais.fr\/site\/2019\/09\/17\/lyon-un-forum-pour-le-recrutement-a-keolis\/#primaryimage"},"thumbnailUrl":"https:\/\/newsestlyonnais.fr\/site\/wp-content\/uploads\/2017\/04\/NewsEstLyonnais-Flash-Info.png","datePublished":"2019-09-17T09:47:49+00:00","dateModified":"2019-09-17T17:40:44+00:00","description":"LYON | Un forum pour le recrutement \u00e0 Keolis","breadcrumb":{"@id":"https:\/\/newsestlyonnais.fr\/site\/2019\/09\/17\/lyon-un-forum-pour-le-recrutement-a-keolis\/#breadcrumb"},"inLanguage":"fr-FR","potentialAction":[{"@type":"ReadAction","target":["https:\/\/newsestlyonnais.fr\/site\/2019\/09\/17\/lyon-un-forum-pour-le-recrutement-a-keolis\/"]}]},{"@type":"ImageObject","inLanguage":"fr-FR","@id":"https:\/\/newsestlyonnais.fr\/site\/2019\/09\/17\/lyon-un-forum-pour-le-recrutement-a-keolis\/#primaryimage","url":"https:\/\/newsestlyonnais.fr\/site\/wp-content\/uploads\/2017\/04\/NewsEstLyonnais-Flash-Info.png","contentUrl":"https:\/\/newsestlyonnais.fr\/site\/wp-content\/uploads\/2017\/04\/NewsEstLyonnais-Flash-Info.png","width":1000,"height":750,"caption":"NewsEstLyonnais-Flash-Info"},{"@type":"BreadcrumbList","@id":"https:\/\/newsestlyonnais.fr\/site\/2019\/09\/17\/lyon-un-forum-pour-le-recrutement-a-keolis\/#breadcrumb","itemListElement":[{"@type":"ListItem","position":1,"name":"Accueil","item":"https:\/\/newsestlyonnais.fr\/site\/"},{"@type":"ListItem","position":2,"name":"LYON | Un forum pour le recrutement \u00e0 Keolis"}]},{"@type":"WebSite","@id":"https:\/\/newsestlyonnais.fr\/site\/#website","url":"https:\/\/newsestlyonnais.fr\/site\/","name":"News Est Lyonnais","description":"L&#039;actualit\u00e9 au plus pr\u00e8s","publisher":{"@id":"https:\/\/newsestlyonnais.fr\/site\/#organization"},"potentialAction":[{"@type":"SearchAction","target":{"@type":"EntryPoint","urlTemplate":"https:\/\/newsestlyonnais.fr\/site\/?s={search_term_string}"},"query-input":{"@type":"PropertyValueSpecification","valueRequired":true,"valueName":"search_term_string"}}],"inLanguage":"fr-FR"},{"@type":"Organization","@id":"https:\/\/newsestlyonnais.fr\/site\/#organization","name":"News EST LYONNAIS","url":"https:\/\/newsestlyonnais.fr\/site\/","logo":{"@type":"ImageObject","inLanguage":"fr-FR","@id":"https:\/\/newsestlyonnais.fr\/site\/#\/schema\/logo\/image\/","url":"","contentUrl":"","caption":"News EST LYONNAIS"},"image":{"@id":"https:\/\/newsestlyonnais.fr\/site\/#\/schema\/logo\/image\/"}},{"@type":"Person","@id":"https:\/\/newsestlyonnais.fr\/site\/#\/schema\/person\/3230d5615f390bb808365d673001e887","name":"R\u00e9dac. NEWS","sameAs":["http:\/\/www.newsestlyonnais.fr","https:\/\/www.facebook.com\/pascal.oberson.1?fref=ts","https:\/\/fr.linkedin.com\/in\/pascal-oberson-b17045113"],"url":"https:\/\/newsestlyonnais.fr\/site\/author\/nel\/"}]}},"_links":{"self":[{"href":"https:\/\/newsestlyonnais.fr\/site\/wp-json\/wp\/v2\/posts\/83497","targetHints":{"allow":["GET"]}}],"collection":[{"href":"https:\/\/newsestlyonnais.fr\/site\/wp-json\/wp\/v2\/posts"}],"about":[{"href":"https:\/\/newsestlyonnais.fr\/site\/wp-json\/wp\/v2\/types\/post"}],"author":[{"embeddable":true,"href":"https:\/\/newsestlyonnais.fr\/site\/wp-json\/wp\/v2\/users\/4"}],"replies":[{"embeddable":true,"href":"https:\/\/newsestlyonnais.fr\/site\/wp-json\/wp\/v2\/comments?post=83497"}],"version-history":[{"count":0,"href":"https:\/\/newsestlyonnais.fr\/site\/wp-json\/wp\/v2\/posts\/83497\/revisions"}],"wp:featuredmedia":[{"embeddable":true,"href":"https:\/\/newsestlyonnais.fr\/site\/wp-json\/wp\/v2\/media\/25760"}],"wp:attachment":[{"href":"https:\/\/newsestlyonnais.fr\/site\/wp-json\/wp\/v2\/media?parent=83497"}],"wp:term":[{"taxonomy":"category","embeddable":true,"href":"https:\/\/newsestlyonnais.fr\/site\/wp-json\/wp\/v2\/categories?post=83497"},{"taxonomy":"post_tag","embeddable":true,"href":"https:\/\/newsestlyonnais.fr\/site\/wp-json\/wp\/v2\/tags?post=83497"}],"curies":[{"name":"wp","href":"https:\/\/api.w.org\/{rel}","templated":true}]}}