{"id":83793,"date":"2019-09-20T08:51:22","date_gmt":"2019-09-20T07:51:22","guid":{"rendered":"http:\/\/newsestlyonnais.fr\/site\/?p=83793"},"modified":"2020-03-26T20:32:53","modified_gmt":"2020-03-26T19:32:53","slug":"vaulx-en-velin-reprise-a-domicile-des-seniors-du-vaulx-basket","status":"publish","type":"post","link":"https:\/\/newsestlyonnais.fr\/site\/2019\/09\/20\/vaulx-en-velin-reprise-a-domicile-des-seniors-du-vaulx-basket\/","title":{"rendered":"VAULX-EN-VELIN | Reprise des seniors du Vaulx Basket"},"content":{"rendered":"<p>Apr\u00e8s un exercice 2018\/2019 au niveau sup\u00e9rieur \u00e0 oublier, les dirigeants du V.B.C ont d\u00e9cid\u00e9 de repartir sur de nouvelles bases. Le coach Yoann Valla parti, c&rsquo;est <strong>un duo technique form\u00e9 des fr\u00e8res Cinquin<\/strong> qui prend charge la formation fanion du club : Philippe (qui s&rsquo;occupait des U18 \u00e9lites du club) qui sera assist\u00e9 de R\u00e9mi, connait bien le club. Un poste propos\u00e9 par les responsables du club, m\u00eame si c&rsquo;est une grande premi\u00e8re pour lui \u00e0 ce niveau. Il travaillera sur 3 objectifs bien d\u00e9finis \u00a0\u00bb &#8211; le maintien en Nationale 3, ce qui est \u00e0 notre port\u00e9e. &#8211; \u00e9voluer dans le haut du tableau. &#8211; favoriser le d\u00e9veloppement des jeunes du club\u00a0\u00bb.<\/p>\n<p>Ce bin\u00f4me disposera d&rsquo;un <strong>effectif totalement remani\u00e9<\/strong> apr\u00e8s le d\u00e9part de 6 joueurs exp\u00e9riment\u00e9s et le retour de 2 anciens joueurs Cl\u00e9ment Coston (Sud Lyonnais) &amp; Mickael Noisier (St Priest). La moyenne d&rsquo;\u00e2ge du nouveau groupe sera ainsi bien rajeunie et tournera autour de 22\/23 ans.<\/p>\n<p>Apr\u00e8s une premi\u00e8re rencontre achev\u00e9e samedi dernier, par une courte d\u00e9faite (61\/68) \u00e0 Saint-Priest, dans le cadre du derby, les vaudais \u00e9volueront \u00e0 domicile <strong>samedi soir \u00e0 20 heures face aux m\u00e9ridionaux d&rsquo;Ail Rousset Basket<\/strong>, vainqueur de son premier match.<\/p>\n<p>________________________________________________________________________________<\/p>\n<p><span style=\"text-decoration: underline\"><strong><em>PHOTO A LA UNE<\/em><\/strong><\/span> : Philippe Cinquin (coach au centre), et les 2 recrues : Cl\u00e9ment Coston (\u00e0 gauche) &amp; Mickael Noisier (\u00e0 dr).<\/p>\n<p>________________________________________________________________________________<\/p>\n<ul>\n<li><strong><em>Toute l&rsquo;ACTU du club sur :<\/em> <a href=\"https:\/\/www.vaulxbasketclub.fr\">https:\/\/www.vaulxbasketclub.fr<\/a><\/strong><\/li>\n<\/ul>\n<div id='gallery-1' class='gallery galleryid-83793 gallery-columns-3 gallery-size-thumbnail'><figure class='gallery-item'>\n\t\t\t<div class='gallery-icon landscape'>\n\t\t\t\t<a href='https:\/\/newsestlyonnais.fr\/site\/2019\/09\/20\/vaulx-en-velin-reprise-a-domicile-des-seniors-du-vaulx-basket\/newsestlyonnais-vbc-ail-2\/'><img loading=\"lazy\" decoding=\"async\" width=\"150\" height=\"81\" src=\"https:\/\/newsestlyonnais.fr\/site\/wp-content\/uploads\/2019\/09\/NEWSESTLYONNAIS-VBC-AIL-1-250x135.jpg\" class=\"attachment-thumbnail size-thumbnail\" alt=\"\" aria-describedby=\"gallery-1-83795\" srcset=\"https:\/\/newsestlyonnais.fr\/site\/wp-content\/uploads\/2019\/09\/NEWSESTLYONNAIS-VBC-AIL-1-250x135.jpg 250w, https:\/\/newsestlyonnais.fr\/site\/wp-content\/uploads\/2019\/09\/NEWSESTLYONNAIS-VBC-AIL-1-400x216.jpg 400w, https:\/\/newsestlyonnais.fr\/site\/wp-content\/uploads\/2019\/09\/NEWSESTLYONNAIS-VBC-AIL-1-768x415.jpg 768w, https:\/\/newsestlyonnais.fr\/site\/wp-content\/uploads\/2019\/09\/NEWSESTLYONNAIS-VBC-AIL-1-650x352.jpg 650w, https:\/\/newsestlyonnais.fr\/site\/wp-content\/uploads\/2019\/09\/NEWSESTLYONNAIS-VBC-AIL-1-150x81.jpg 150w, https:\/\/newsestlyonnais.fr\/site\/wp-content\/uploads\/2019\/09\/NEWSESTLYONNAIS-VBC-AIL-1-50x27.jpg 50w, https:\/\/newsestlyonnais.fr\/site\/wp-content\/uploads\/2019\/09\/NEWSESTLYONNAIS-VBC-AIL-1-100x54.jpg 100w, https:\/\/newsestlyonnais.fr\/site\/wp-content\/uploads\/2019\/09\/NEWSESTLYONNAIS-VBC-AIL-1-200x108.jpg 200w, https:\/\/newsestlyonnais.fr\/site\/wp-content\/uploads\/2019\/09\/NEWSESTLYONNAIS-VBC-AIL-1-300x162.jpg 300w, https:\/\/newsestlyonnais.fr\/site\/wp-content\/uploads\/2019\/09\/NEWSESTLYONNAIS-VBC-AIL-1-350x189.jpg 350w, https:\/\/newsestlyonnais.fr\/site\/wp-content\/uploads\/2019\/09\/NEWSESTLYONNAIS-VBC-AIL-1-450x243.jpg 450w, https:\/\/newsestlyonnais.fr\/site\/wp-content\/uploads\/2019\/09\/NEWSESTLYONNAIS-VBC-AIL-1-500x270.jpg 500w, https:\/\/newsestlyonnais.fr\/site\/wp-content\/uploads\/2019\/09\/NEWSESTLYONNAIS-VBC-AIL-1-550x298.jpg 550w, https:\/\/newsestlyonnais.fr\/site\/wp-content\/uploads\/2019\/09\/NEWSESTLYONNAIS-VBC-AIL-1-800x433.jpg 800w, https:\/\/newsestlyonnais.fr\/site\/wp-content\/uploads\/2019\/09\/NEWSESTLYONNAIS-VBC-AIL-1.jpg 806w\" sizes=\"auto, (max-width: 150px) 100vw, 150px\" \/><\/a>\n\t\t\t<\/div>\n\t\t\t\t<figcaption class='wp-caption-text gallery-caption' id='gallery-1-83795'>\n\t\t\t\tL&rsquo;affiche de la rencontre\n\t\t\t\t<\/figcaption><\/figure><figure class='gallery-item'>\n\t\t\t<div class='gallery-icon landscape'>\n\t\t\t\t<a href='https:\/\/newsestlyonnais.fr\/site\/2019\/09\/20\/vaulx-en-velin-reprise-a-domicile-des-seniors-du-vaulx-basket\/newsestlyonnais-vbc-bados-2019a-2\/'><img loading=\"lazy\" decoding=\"async\" width=\"150\" height=\"113\" src=\"https:\/\/newsestlyonnais.fr\/site\/wp-content\/uploads\/2019\/09\/NEWSESTLYONNAIS-VBC-BADOS-2019A-1-250x188.jpg\" class=\"attachment-thumbnail size-thumbnail\" alt=\"\" aria-describedby=\"gallery-1-83796\" srcset=\"https:\/\/newsestlyonnais.fr\/site\/wp-content\/uploads\/2019\/09\/NEWSESTLYONNAIS-VBC-BADOS-2019A-1-250x188.jpg 250w, https:\/\/newsestlyonnais.fr\/site\/wp-content\/uploads\/2019\/09\/NEWSESTLYONNAIS-VBC-BADOS-2019A-1-400x300.jpg 400w, https:\/\/newsestlyonnais.fr\/site\/wp-content\/uploads\/2019\/09\/NEWSESTLYONNAIS-VBC-BADOS-2019A-1-768x576.jpg 768w, https:\/\/newsestlyonnais.fr\/site\/wp-content\/uploads\/2019\/09\/NEWSESTLYONNAIS-VBC-BADOS-2019A-1-650x488.jpg 650w, https:\/\/newsestlyonnais.fr\/site\/wp-content\/uploads\/2019\/09\/NEWSESTLYONNAIS-VBC-BADOS-2019A-1-150x113.jpg 150w, https:\/\/newsestlyonnais.fr\/site\/wp-content\/uploads\/2019\/09\/NEWSESTLYONNAIS-VBC-BADOS-2019A-1-50x38.jpg 50w, https:\/\/newsestlyonnais.fr\/site\/wp-content\/uploads\/2019\/09\/NEWSESTLYONNAIS-VBC-BADOS-2019A-1-100x75.jpg 100w, https:\/\/newsestlyonnais.fr\/site\/wp-content\/uploads\/2019\/09\/NEWSESTLYONNAIS-VBC-BADOS-2019A-1-200x150.jpg 200w, https:\/\/newsestlyonnais.fr\/site\/wp-content\/uploads\/2019\/09\/NEWSESTLYONNAIS-VBC-BADOS-2019A-1-300x225.jpg 300w, https:\/\/newsestlyonnais.fr\/site\/wp-content\/uploads\/2019\/09\/NEWSESTLYONNAIS-VBC-BADOS-2019A-1-350x263.jpg 350w, https:\/\/newsestlyonnais.fr\/site\/wp-content\/uploads\/2019\/09\/NEWSESTLYONNAIS-VBC-BADOS-2019A-1-450x338.jpg 450w, https:\/\/newsestlyonnais.fr\/site\/wp-content\/uploads\/2019\/09\/NEWSESTLYONNAIS-VBC-BADOS-2019A-1-500x375.jpg 500w, https:\/\/newsestlyonnais.fr\/site\/wp-content\/uploads\/2019\/09\/NEWSESTLYONNAIS-VBC-BADOS-2019A-1-550x413.jpg 550w, https:\/\/newsestlyonnais.fr\/site\/wp-content\/uploads\/2019\/09\/NEWSESTLYONNAIS-VBC-BADOS-2019A-1-800x600.jpg 800w, https:\/\/newsestlyonnais.fr\/site\/wp-content\/uploads\/2019\/09\/NEWSESTLYONNAIS-VBC-BADOS-2019A-1-1200x900.jpg 1200w, https:\/\/newsestlyonnais.fr\/site\/wp-content\/uploads\/2019\/09\/NEWSESTLYONNAIS-VBC-BADOS-2019A-1-1600x1200.jpg 1600w, https:\/\/newsestlyonnais.fr\/site\/wp-content\/uploads\/2019\/09\/NEWSESTLYONNAIS-VBC-BADOS-2019A-1-2000x1500.jpg 2000w, https:\/\/newsestlyonnais.fr\/site\/wp-content\/uploads\/2019\/09\/NEWSESTLYONNAIS-VBC-BADOS-2019A-1-1320x990.jpg 1320w, https:\/\/newsestlyonnais.fr\/site\/wp-content\/uploads\/2019\/09\/NEWSESTLYONNAIS-VBC-BADOS-2019A-1.jpg 2048w\" sizes=\"auto, (max-width: 150px) 100vw, 150px\" \/><\/a>\n\t\t\t<\/div>\n\t\t\t\t<figcaption class='wp-caption-text gallery-caption' id='gallery-1-83796'>\n\t\t\t\tLa formation vaudaise fin ao\u00fbt au tournoi Bados Nougier\n\t\t\t\t<\/figcaption><\/figure>\n\t\t<\/div>\n\n","protected":false},"excerpt":{"rendered":"<p>Redescendus en Nationale 3, les vaudais retrouveront samedi soir leur parquet de la salle Aubert avec un nouveau coach et un effectif remani\u00e9.<\/p>\n","protected":false},"author":4,"featured_media":83798,"comment_status":"open","ping_status":"open","sticky":false,"template":"","format":"standard","meta":{"footnotes":""},"categories":[1357,2975,28],"tags":[],"class_list":["post-83793","post","type-post","status-publish","format-standard","has-post-thumbnail","hentry","category-basket","category-basket-hand-volley-sports","category-vaulx-en-velin"],"yoast_head":"<!-- This site is optimized with the Yoast SEO plugin v27.2 - https:\/\/yoast.com\/product\/yoast-seo-wordpress\/ -->\n<title>VAULX-EN-VELIN | Reprise des seniors du Vaulx Basket - News Est Lyonnais<\/title>\n<meta name=\"description\" content=\"VAULX-EN-VELIN | Reprise \u00e0 domicile des seniors du Vaulx Basket\" \/>\n<meta name=\"robots\" content=\"index, follow, max-snippet:-1, max-image-preview:large, max-video-preview:-1\" \/>\n<link rel=\"canonical\" href=\"https:\/\/newsestlyonnais.fr\/site\/2019\/09\/20\/vaulx-en-velin-reprise-a-domicile-des-seniors-du-vaulx-basket\/\" \/>\n<meta property=\"og:locale\" content=\"fr_FR\" \/>\n<meta property=\"og:type\" content=\"article\" \/>\n<meta property=\"og:title\" content=\"VAULX-EN-VELIN | Reprise des seniors du Vaulx Basket - News Est Lyonnais\" \/>\n<meta property=\"og:description\" content=\"VAULX-EN-VELIN | Reprise \u00e0 domicile des seniors du Vaulx Basket\" \/>\n<meta property=\"og:url\" content=\"https:\/\/newsestlyonnais.fr\/site\/2019\/09\/20\/vaulx-en-velin-reprise-a-domicile-des-seniors-du-vaulx-basket\/\" \/>\n<meta property=\"og:site_name\" content=\"News Est Lyonnais\" \/>\n<meta property=\"article:author\" content=\"https:\/\/www.facebook.com\/pascal.oberson.1?fref=ts\" \/>\n<meta property=\"article:published_time\" content=\"2019-09-20T07:51:22+00:00\" \/>\n<meta property=\"article:modified_time\" content=\"2020-03-26T19:32:53+00:00\" \/>\n<meta property=\"og:image\" content=\"https:\/\/i2.wp.com\/newsestlyonnais.fr\/site\/wp-content\/uploads\/2019\/09\/NEWSESTLYONNAIS-COACH-VBC.jpg?fit=2048%2C1536&ssl=1\" \/>\n\t<meta property=\"og:image:width\" content=\"2048\" \/>\n\t<meta property=\"og:image:height\" content=\"1536\" \/>\n\t<meta property=\"og:image:type\" content=\"image\/jpeg\" \/>\n<meta name=\"author\" content=\"R\u00e9dac. NEWS\" \/>\n<meta name=\"twitter:card\" content=\"summary_large_image\" \/>\n<meta name=\"twitter:label1\" content=\"\u00c9crit par\" \/>\n\t<meta name=\"twitter:data1\" content=\"R\u00e9dac. NEWS\" \/>\n\t<meta name=\"twitter:label2\" content=\"Dur\u00e9e de lecture estim\u00e9e\" \/>\n\t<meta name=\"twitter:data2\" content=\"1 minute\" \/>\n<script type=\"application\/ld+json\" class=\"yoast-schema-graph\">{\"@context\":\"https:\/\/schema.org\",\"@graph\":[{\"@type\":\"Article\",\"@id\":\"https:\/\/newsestlyonnais.fr\/site\/2019\/09\/20\/vaulx-en-velin-reprise-a-domicile-des-seniors-du-vaulx-basket\/#article\",\"isPartOf\":{\"@id\":\"https:\/\/newsestlyonnais.fr\/site\/2019\/09\/20\/vaulx-en-velin-reprise-a-domicile-des-seniors-du-vaulx-basket\/\"},\"author\":{\"name\":\"R\u00e9dac. NEWS\",\"@id\":\"https:\/\/newsestlyonnais.fr\/site\/#\/schema\/person\/3230d5615f390bb808365d673001e887\"},\"headline\":\"VAULX-EN-VELIN | Reprise des seniors du Vaulx Basket\",\"datePublished\":\"2019-09-20T07:51:22+00:00\",\"dateModified\":\"2020-03-26T19:32:53+00:00\",\"mainEntityOfPage\":{\"@id\":\"https:\/\/newsestlyonnais.fr\/site\/2019\/09\/20\/vaulx-en-velin-reprise-a-domicile-des-seniors-du-vaulx-basket\/\"},\"wordCount\":254,\"commentCount\":0,\"publisher\":{\"@id\":\"https:\/\/newsestlyonnais.fr\/site\/#organization\"},\"image\":{\"@id\":\"https:\/\/newsestlyonnais.fr\/site\/2019\/09\/20\/vaulx-en-velin-reprise-a-domicile-des-seniors-du-vaulx-basket\/#primaryimage\"},\"thumbnailUrl\":\"https:\/\/newsestlyonnais.fr\/site\/wp-content\/uploads\/2019\/09\/NEWSESTLYONNAIS-COACH-VBC.jpg\",\"articleSection\":[\"Basket\",\"Basket | Hand | Volley\",\"Vaulx-en-Velin\"],\"inLanguage\":\"fr-FR\",\"potentialAction\":[{\"@type\":\"CommentAction\",\"name\":\"Comment\",\"target\":[\"https:\/\/newsestlyonnais.fr\/site\/2019\/09\/20\/vaulx-en-velin-reprise-a-domicile-des-seniors-du-vaulx-basket\/#respond\"]}]},{\"@type\":\"WebPage\",\"@id\":\"https:\/\/newsestlyonnais.fr\/site\/2019\/09\/20\/vaulx-en-velin-reprise-a-domicile-des-seniors-du-vaulx-basket\/\",\"url\":\"https:\/\/newsestlyonnais.fr\/site\/2019\/09\/20\/vaulx-en-velin-reprise-a-domicile-des-seniors-du-vaulx-basket\/\",\"name\":\"VAULX-EN-VELIN | Reprise des seniors du Vaulx Basket - News Est Lyonnais\",\"isPartOf\":{\"@id\":\"https:\/\/newsestlyonnais.fr\/site\/#website\"},\"primaryImageOfPage\":{\"@id\":\"https:\/\/newsestlyonnais.fr\/site\/2019\/09\/20\/vaulx-en-velin-reprise-a-domicile-des-seniors-du-vaulx-basket\/#primaryimage\"},\"image\":{\"@id\":\"https:\/\/newsestlyonnais.fr\/site\/2019\/09\/20\/vaulx-en-velin-reprise-a-domicile-des-seniors-du-vaulx-basket\/#primaryimage\"},\"thumbnailUrl\":\"https:\/\/newsestlyonnais.fr\/site\/wp-content\/uploads\/2019\/09\/NEWSESTLYONNAIS-COACH-VBC.jpg\",\"datePublished\":\"2019-09-20T07:51:22+00:00\",\"dateModified\":\"2020-03-26T19:32:53+00:00\",\"description\":\"VAULX-EN-VELIN | Reprise \u00e0 domicile des seniors du Vaulx Basket\",\"breadcrumb\":{\"@id\":\"https:\/\/newsestlyonnais.fr\/site\/2019\/09\/20\/vaulx-en-velin-reprise-a-domicile-des-seniors-du-vaulx-basket\/#breadcrumb\"},\"inLanguage\":\"fr-FR\",\"potentialAction\":[{\"@type\":\"ReadAction\",\"target\":[\"https:\/\/newsestlyonnais.fr\/site\/2019\/09\/20\/vaulx-en-velin-reprise-a-domicile-des-seniors-du-vaulx-basket\/\"]}]},{\"@type\":\"ImageObject\",\"inLanguage\":\"fr-FR\",\"@id\":\"https:\/\/newsestlyonnais.fr\/site\/2019\/09\/20\/vaulx-en-velin-reprise-a-domicile-des-seniors-du-vaulx-basket\/#primaryimage\",\"url\":\"https:\/\/newsestlyonnais.fr\/site\/wp-content\/uploads\/2019\/09\/NEWSESTLYONNAIS-COACH-VBC.jpg\",\"contentUrl\":\"https:\/\/newsestlyonnais.fr\/site\/wp-content\/uploads\/2019\/09\/NEWSESTLYONNAIS-COACH-VBC.jpg\",\"width\":2048,\"height\":1536},{\"@type\":\"BreadcrumbList\",\"@id\":\"https:\/\/newsestlyonnais.fr\/site\/2019\/09\/20\/vaulx-en-velin-reprise-a-domicile-des-seniors-du-vaulx-basket\/#breadcrumb\",\"itemListElement\":[{\"@type\":\"ListItem\",\"position\":1,\"name\":\"Accueil\",\"item\":\"https:\/\/newsestlyonnais.fr\/site\/\"},{\"@type\":\"ListItem\",\"position\":2,\"name\":\"VAULX-EN-VELIN | Reprise des seniors du Vaulx Basket\"}]},{\"@type\":\"WebSite\",\"@id\":\"https:\/\/newsestlyonnais.fr\/site\/#website\",\"url\":\"https:\/\/newsestlyonnais.fr\/site\/\",\"name\":\"News Est Lyonnais\",\"description\":\"L&#039;actualit\u00e9 au plus pr\u00e8s\",\"publisher\":{\"@id\":\"https:\/\/newsestlyonnais.fr\/site\/#organization\"},\"potentialAction\":[{\"@type\":\"SearchAction\",\"target\":{\"@type\":\"EntryPoint\",\"urlTemplate\":\"https:\/\/newsestlyonnais.fr\/site\/?s={search_term_string}\"},\"query-input\":{\"@type\":\"PropertyValueSpecification\",\"valueRequired\":true,\"valueName\":\"search_term_string\"}}],\"inLanguage\":\"fr-FR\"},{\"@type\":\"Organization\",\"@id\":\"https:\/\/newsestlyonnais.fr\/site\/#organization\",\"name\":\"News EST LYONNAIS\",\"url\":\"https:\/\/newsestlyonnais.fr\/site\/\",\"logo\":{\"@type\":\"ImageObject\",\"inLanguage\":\"fr-FR\",\"@id\":\"https:\/\/newsestlyonnais.fr\/site\/#\/schema\/logo\/image\/\",\"url\":\"\",\"contentUrl\":\"\",\"caption\":\"News EST LYONNAIS\"},\"image\":{\"@id\":\"https:\/\/newsestlyonnais.fr\/site\/#\/schema\/logo\/image\/\"}},{\"@type\":\"Person\",\"@id\":\"https:\/\/newsestlyonnais.fr\/site\/#\/schema\/person\/3230d5615f390bb808365d673001e887\",\"name\":\"R\u00e9dac. NEWS\",\"sameAs\":[\"http:\/\/www.newsestlyonnais.fr\",\"https:\/\/www.facebook.com\/pascal.oberson.1?fref=ts\",\"https:\/\/fr.linkedin.com\/in\/pascal-oberson-b17045113\"],\"url\":\"https:\/\/newsestlyonnais.fr\/site\/author\/nel\/\"}]}<\/script>\n<!-- \/ Yoast SEO plugin. -->","yoast_head_json":{"title":"VAULX-EN-VELIN | Reprise des seniors du Vaulx Basket - News Est Lyonnais","description":"VAULX-EN-VELIN | Reprise \u00e0 domicile des seniors du Vaulx Basket","robots":{"index":"index","follow":"follow","max-snippet":"max-snippet:-1","max-image-preview":"max-image-preview:large","max-video-preview":"max-video-preview:-1"},"canonical":"https:\/\/newsestlyonnais.fr\/site\/2019\/09\/20\/vaulx-en-velin-reprise-a-domicile-des-seniors-du-vaulx-basket\/","og_locale":"fr_FR","og_type":"article","og_title":"VAULX-EN-VELIN | Reprise des seniors du Vaulx Basket - News Est Lyonnais","og_description":"VAULX-EN-VELIN | Reprise \u00e0 domicile des seniors du Vaulx Basket","og_url":"https:\/\/newsestlyonnais.fr\/site\/2019\/09\/20\/vaulx-en-velin-reprise-a-domicile-des-seniors-du-vaulx-basket\/","og_site_name":"News Est Lyonnais","article_author":"https:\/\/www.facebook.com\/pascal.oberson.1?fref=ts","article_published_time":"2019-09-20T07:51:22+00:00","article_modified_time":"2020-03-26T19:32:53+00:00","og_image":[{"width":2048,"height":1536,"url":"https:\/\/i2.wp.com\/newsestlyonnais.fr\/site\/wp-content\/uploads\/2019\/09\/NEWSESTLYONNAIS-COACH-VBC.jpg?fit=2048%2C1536&ssl=1","type":"image\/jpeg"}],"author":"R\u00e9dac. NEWS","twitter_card":"summary_large_image","twitter_misc":{"\u00c9crit par":"R\u00e9dac. NEWS","Dur\u00e9e de lecture estim\u00e9e":"1 minute"},"schema":{"@context":"https:\/\/schema.org","@graph":[{"@type":"Article","@id":"https:\/\/newsestlyonnais.fr\/site\/2019\/09\/20\/vaulx-en-velin-reprise-a-domicile-des-seniors-du-vaulx-basket\/#article","isPartOf":{"@id":"https:\/\/newsestlyonnais.fr\/site\/2019\/09\/20\/vaulx-en-velin-reprise-a-domicile-des-seniors-du-vaulx-basket\/"},"author":{"name":"R\u00e9dac. NEWS","@id":"https:\/\/newsestlyonnais.fr\/site\/#\/schema\/person\/3230d5615f390bb808365d673001e887"},"headline":"VAULX-EN-VELIN | Reprise des seniors du Vaulx Basket","datePublished":"2019-09-20T07:51:22+00:00","dateModified":"2020-03-26T19:32:53+00:00","mainEntityOfPage":{"@id":"https:\/\/newsestlyonnais.fr\/site\/2019\/09\/20\/vaulx-en-velin-reprise-a-domicile-des-seniors-du-vaulx-basket\/"},"wordCount":254,"commentCount":0,"publisher":{"@id":"https:\/\/newsestlyonnais.fr\/site\/#organization"},"image":{"@id":"https:\/\/newsestlyonnais.fr\/site\/2019\/09\/20\/vaulx-en-velin-reprise-a-domicile-des-seniors-du-vaulx-basket\/#primaryimage"},"thumbnailUrl":"https:\/\/newsestlyonnais.fr\/site\/wp-content\/uploads\/2019\/09\/NEWSESTLYONNAIS-COACH-VBC.jpg","articleSection":["Basket","Basket | Hand | Volley","Vaulx-en-Velin"],"inLanguage":"fr-FR","potentialAction":[{"@type":"CommentAction","name":"Comment","target":["https:\/\/newsestlyonnais.fr\/site\/2019\/09\/20\/vaulx-en-velin-reprise-a-domicile-des-seniors-du-vaulx-basket\/#respond"]}]},{"@type":"WebPage","@id":"https:\/\/newsestlyonnais.fr\/site\/2019\/09\/20\/vaulx-en-velin-reprise-a-domicile-des-seniors-du-vaulx-basket\/","url":"https:\/\/newsestlyonnais.fr\/site\/2019\/09\/20\/vaulx-en-velin-reprise-a-domicile-des-seniors-du-vaulx-basket\/","name":"VAULX-EN-VELIN | Reprise des seniors du Vaulx Basket - News Est Lyonnais","isPartOf":{"@id":"https:\/\/newsestlyonnais.fr\/site\/#website"},"primaryImageOfPage":{"@id":"https:\/\/newsestlyonnais.fr\/site\/2019\/09\/20\/vaulx-en-velin-reprise-a-domicile-des-seniors-du-vaulx-basket\/#primaryimage"},"image":{"@id":"https:\/\/newsestlyonnais.fr\/site\/2019\/09\/20\/vaulx-en-velin-reprise-a-domicile-des-seniors-du-vaulx-basket\/#primaryimage"},"thumbnailUrl":"https:\/\/newsestlyonnais.fr\/site\/wp-content\/uploads\/2019\/09\/NEWSESTLYONNAIS-COACH-VBC.jpg","datePublished":"2019-09-20T07:51:22+00:00","dateModified":"2020-03-26T19:32:53+00:00","description":"VAULX-EN-VELIN | Reprise \u00e0 domicile des seniors du Vaulx Basket","breadcrumb":{"@id":"https:\/\/newsestlyonnais.fr\/site\/2019\/09\/20\/vaulx-en-velin-reprise-a-domicile-des-seniors-du-vaulx-basket\/#breadcrumb"},"inLanguage":"fr-FR","potentialAction":[{"@type":"ReadAction","target":["https:\/\/newsestlyonnais.fr\/site\/2019\/09\/20\/vaulx-en-velin-reprise-a-domicile-des-seniors-du-vaulx-basket\/"]}]},{"@type":"ImageObject","inLanguage":"fr-FR","@id":"https:\/\/newsestlyonnais.fr\/site\/2019\/09\/20\/vaulx-en-velin-reprise-a-domicile-des-seniors-du-vaulx-basket\/#primaryimage","url":"https:\/\/newsestlyonnais.fr\/site\/wp-content\/uploads\/2019\/09\/NEWSESTLYONNAIS-COACH-VBC.jpg","contentUrl":"https:\/\/newsestlyonnais.fr\/site\/wp-content\/uploads\/2019\/09\/NEWSESTLYONNAIS-COACH-VBC.jpg","width":2048,"height":1536},{"@type":"BreadcrumbList","@id":"https:\/\/newsestlyonnais.fr\/site\/2019\/09\/20\/vaulx-en-velin-reprise-a-domicile-des-seniors-du-vaulx-basket\/#breadcrumb","itemListElement":[{"@type":"ListItem","position":1,"name":"Accueil","item":"https:\/\/newsestlyonnais.fr\/site\/"},{"@type":"ListItem","position":2,"name":"VAULX-EN-VELIN | Reprise des seniors du Vaulx Basket"}]},{"@type":"WebSite","@id":"https:\/\/newsestlyonnais.fr\/site\/#website","url":"https:\/\/newsestlyonnais.fr\/site\/","name":"News Est Lyonnais","description":"L&#039;actualit\u00e9 au plus pr\u00e8s","publisher":{"@id":"https:\/\/newsestlyonnais.fr\/site\/#organization"},"potentialAction":[{"@type":"SearchAction","target":{"@type":"EntryPoint","urlTemplate":"https:\/\/newsestlyonnais.fr\/site\/?s={search_term_string}"},"query-input":{"@type":"PropertyValueSpecification","valueRequired":true,"valueName":"search_term_string"}}],"inLanguage":"fr-FR"},{"@type":"Organization","@id":"https:\/\/newsestlyonnais.fr\/site\/#organization","name":"News EST LYONNAIS","url":"https:\/\/newsestlyonnais.fr\/site\/","logo":{"@type":"ImageObject","inLanguage":"fr-FR","@id":"https:\/\/newsestlyonnais.fr\/site\/#\/schema\/logo\/image\/","url":"","contentUrl":"","caption":"News EST LYONNAIS"},"image":{"@id":"https:\/\/newsestlyonnais.fr\/site\/#\/schema\/logo\/image\/"}},{"@type":"Person","@id":"https:\/\/newsestlyonnais.fr\/site\/#\/schema\/person\/3230d5615f390bb808365d673001e887","name":"R\u00e9dac. NEWS","sameAs":["http:\/\/www.newsestlyonnais.fr","https:\/\/www.facebook.com\/pascal.oberson.1?fref=ts","https:\/\/fr.linkedin.com\/in\/pascal-oberson-b17045113"],"url":"https:\/\/newsestlyonnais.fr\/site\/author\/nel\/"}]}},"_links":{"self":[{"href":"https:\/\/newsestlyonnais.fr\/site\/wp-json\/wp\/v2\/posts\/83793","targetHints":{"allow":["GET"]}}],"collection":[{"href":"https:\/\/newsestlyonnais.fr\/site\/wp-json\/wp\/v2\/posts"}],"about":[{"href":"https:\/\/newsestlyonnais.fr\/site\/wp-json\/wp\/v2\/types\/post"}],"author":[{"embeddable":true,"href":"https:\/\/newsestlyonnais.fr\/site\/wp-json\/wp\/v2\/users\/4"}],"replies":[{"embeddable":true,"href":"https:\/\/newsestlyonnais.fr\/site\/wp-json\/wp\/v2\/comments?post=83793"}],"version-history":[{"count":0,"href":"https:\/\/newsestlyonnais.fr\/site\/wp-json\/wp\/v2\/posts\/83793\/revisions"}],"wp:featuredmedia":[{"embeddable":true,"href":"https:\/\/newsestlyonnais.fr\/site\/wp-json\/wp\/v2\/media\/83798"}],"wp:attachment":[{"href":"https:\/\/newsestlyonnais.fr\/site\/wp-json\/wp\/v2\/media?parent=83793"}],"wp:term":[{"taxonomy":"category","embeddable":true,"href":"https:\/\/newsestlyonnais.fr\/site\/wp-json\/wp\/v2\/categories?post=83793"},{"taxonomy":"post_tag","embeddable":true,"href":"https:\/\/newsestlyonnais.fr\/site\/wp-json\/wp\/v2\/tags?post=83793"}],"curies":[{"name":"wp","href":"https:\/\/api.w.org\/{rel}","templated":true}]}}