{"id":84020,"date":"2019-09-23T13:20:08","date_gmt":"2019-09-23T12:20:08","guid":{"rendered":"http:\/\/newsestlyonnais.fr\/site\/?p=84020"},"modified":"2019-09-23T13:20:08","modified_gmt":"2019-09-23T12:20:08","slug":"villeurbanne-2-campus-du-libre","status":"publish","type":"post","link":"https:\/\/newsestlyonnais.fr\/site\/2019\/09\/23\/villeurbanne-2-campus-du-libre\/","title":{"rendered":"VILLEURBANNE | 2\u00b0 Campus du libre"},"content":{"rendered":"<p>L&rsquo;objectif est de partager diff\u00e9rents aspects du libre et des communs, allant par exemple du logiciel libre (Linux, Firefox, etc.) aux espaces communs g\u00e9r\u00e9s collaborativement (Wikipedia, OpenStreetMap).<\/p>\n<p>Cet \u00e9v\u00e9nement est avant tout pens\u00e9 pour les curieux qui auraient envie de venir d\u00e9couvrir cet univers (nouveaux \u00e9tudiants, non connaisseurs du sujet).<\/p>\n<p>+ d&rsquo;infos sur : <a href=\"http:\/\/www.campus-du-libre.org\/?fbclid=IwAR353rvzZgOLfqH92csBXKgMwFgRziT7q7j63fDsooI3CUNtT2ur511JHyw\">http:\/\/www.campus-du-libre.org<\/a><\/p>\n<ul>\n<li><strong>Samedi 23 Novembre 2019 de 10 h \u00e0 17 h 30 \u00e0 la Biblioth\u00e8que Marie Curie (INSA Lyon). <\/strong><br \/>\n<strong>Campus de la Doua.<\/strong><\/li>\n<\/ul>\n<div id='gallery-1' class='gallery galleryid-84020 gallery-columns-3 gallery-size-thumbnail'><figure class='gallery-item'>\n\t\t\t<div class='gallery-icon landscape'>\n\t\t\t\t<a href='https:\/\/newsestlyonnais.fr\/site\/2019\/09\/23\/villeurbanne-2-campus-du-libre\/newsestlyonnais-campus-du-libre\/'><img loading=\"lazy\" decoding=\"async\" width=\"150\" height=\"79\" src=\"https:\/\/newsestlyonnais.fr\/site\/wp-content\/uploads\/2019\/09\/NEWSESTLYONNAIS-CAMPUS-DU-LIBRE--250x131.jpg\" class=\"attachment-thumbnail size-thumbnail\" alt=\"\" srcset=\"https:\/\/newsestlyonnais.fr\/site\/wp-content\/uploads\/2019\/09\/NEWSESTLYONNAIS-CAMPUS-DU-LIBRE--250x131.jpg 250w, https:\/\/newsestlyonnais.fr\/site\/wp-content\/uploads\/2019\/09\/NEWSESTLYONNAIS-CAMPUS-DU-LIBRE--400x210.jpg 400w, https:\/\/newsestlyonnais.fr\/site\/wp-content\/uploads\/2019\/09\/NEWSESTLYONNAIS-CAMPUS-DU-LIBRE--150x79.jpg 150w, https:\/\/newsestlyonnais.fr\/site\/wp-content\/uploads\/2019\/09\/NEWSESTLYONNAIS-CAMPUS-DU-LIBRE--50x26.jpg 50w, https:\/\/newsestlyonnais.fr\/site\/wp-content\/uploads\/2019\/09\/NEWSESTLYONNAIS-CAMPUS-DU-LIBRE--100x52.jpg 100w, https:\/\/newsestlyonnais.fr\/site\/wp-content\/uploads\/2019\/09\/NEWSESTLYONNAIS-CAMPUS-DU-LIBRE--200x105.jpg 200w, https:\/\/newsestlyonnais.fr\/site\/wp-content\/uploads\/2019\/09\/NEWSESTLYONNAIS-CAMPUS-DU-LIBRE--300x157.jpg 300w, https:\/\/newsestlyonnais.fr\/site\/wp-content\/uploads\/2019\/09\/NEWSESTLYONNAIS-CAMPUS-DU-LIBRE--350x183.jpg 350w, https:\/\/newsestlyonnais.fr\/site\/wp-content\/uploads\/2019\/09\/NEWSESTLYONNAIS-CAMPUS-DU-LIBRE--450x236.jpg 450w, https:\/\/newsestlyonnais.fr\/site\/wp-content\/uploads\/2019\/09\/NEWSESTLYONNAIS-CAMPUS-DU-LIBRE-.jpg 500w\" sizes=\"auto, (max-width: 150px) 100vw, 150px\" \/><\/a>\n\t\t\t<\/div><\/figure>\n\t\t<\/div>\n\n","protected":false},"excerpt":{"rendered":"<p>Le Campus du Libre, est un \u00e9v\u00e9nement autour du libre organis\u00e9 par des personnes issues du milieu universitaire (\u00e9tudiants et personnels) pour les \u00e9tudiants lyonnais.<\/p>\n","protected":false},"author":4,"featured_media":0,"comment_status":"open","ping_status":"open","sticky":false,"template":"","format":"standard","meta":{"footnotes":""},"categories":[2217,2172,29],"tags":[2091],"class_list":["post-84020","post","type-post","status-publish","format-standard","hentry","category-breves-de-lest-lyonnais","category-informatique-numerique","category-villeurbanne","tag-villeurbanne"],"yoast_head":"<!-- This site is optimized with the Yoast SEO plugin v27.2 - https:\/\/yoast.com\/product\/yoast-seo-wordpress\/ -->\n<title>VILLEURBANNE | 2\u00b0 Campus du libre - News Est Lyonnais<\/title>\n<meta name=\"description\" content=\"VILLEURBANNE | 2\u00b0 Campus du libre\" \/>\n<meta name=\"robots\" content=\"index, follow, max-snippet:-1, max-image-preview:large, max-video-preview:-1\" \/>\n<link rel=\"canonical\" href=\"https:\/\/newsestlyonnais.fr\/site\/2019\/09\/23\/villeurbanne-2-campus-du-libre\/\" \/>\n<meta property=\"og:locale\" content=\"fr_FR\" \/>\n<meta property=\"og:type\" content=\"article\" \/>\n<meta property=\"og:title\" content=\"VILLEURBANNE | 2\u00b0 Campus du libre - News Est Lyonnais\" \/>\n<meta property=\"og:description\" content=\"VILLEURBANNE | 2\u00b0 Campus du libre\" \/>\n<meta property=\"og:url\" content=\"https:\/\/newsestlyonnais.fr\/site\/2019\/09\/23\/villeurbanne-2-campus-du-libre\/\" \/>\n<meta property=\"og:site_name\" content=\"News Est Lyonnais\" \/>\n<meta property=\"article:author\" content=\"https:\/\/www.facebook.com\/pascal.oberson.1?fref=ts\" \/>\n<meta property=\"article:published_time\" content=\"2019-09-23T12:20:08+00:00\" \/>\n<meta name=\"author\" content=\"R\u00e9dac. NEWS\" \/>\n<meta name=\"twitter:card\" content=\"summary_large_image\" \/>\n<meta name=\"twitter:label1\" content=\"\u00c9crit par\" \/>\n\t<meta name=\"twitter:data1\" content=\"R\u00e9dac. NEWS\" \/>\n<script type=\"application\/ld+json\" class=\"yoast-schema-graph\">{\"@context\":\"https:\/\/schema.org\",\"@graph\":[{\"@type\":\"Article\",\"@id\":\"https:\/\/newsestlyonnais.fr\/site\/2019\/09\/23\/villeurbanne-2-campus-du-libre\/#article\",\"isPartOf\":{\"@id\":\"https:\/\/newsestlyonnais.fr\/site\/2019\/09\/23\/villeurbanne-2-campus-du-libre\/\"},\"author\":{\"name\":\"R\u00e9dac. NEWS\",\"@id\":\"https:\/\/newsestlyonnais.fr\/site\/#\/schema\/person\/3230d5615f390bb808365d673001e887\"},\"headline\":\"VILLEURBANNE | 2\u00b0 Campus du libre\",\"datePublished\":\"2019-09-23T12:20:08+00:00\",\"mainEntityOfPage\":{\"@id\":\"https:\/\/newsestlyonnais.fr\/site\/2019\/09\/23\/villeurbanne-2-campus-du-libre\/\"},\"wordCount\":87,\"commentCount\":0,\"publisher\":{\"@id\":\"https:\/\/newsestlyonnais.fr\/site\/#organization\"},\"keywords\":[\"VILLEURBANNE\"],\"articleSection\":[\"Br\u00e8ves de l'Est lyonnais\",\"Informatique | Num\u00e9rique\",\"Villeurbanne\"],\"inLanguage\":\"fr-FR\",\"potentialAction\":[{\"@type\":\"CommentAction\",\"name\":\"Comment\",\"target\":[\"https:\/\/newsestlyonnais.fr\/site\/2019\/09\/23\/villeurbanne-2-campus-du-libre\/#respond\"]}]},{\"@type\":\"WebPage\",\"@id\":\"https:\/\/newsestlyonnais.fr\/site\/2019\/09\/23\/villeurbanne-2-campus-du-libre\/\",\"url\":\"https:\/\/newsestlyonnais.fr\/site\/2019\/09\/23\/villeurbanne-2-campus-du-libre\/\",\"name\":\"VILLEURBANNE | 2\u00b0 Campus du libre - News Est Lyonnais\",\"isPartOf\":{\"@id\":\"https:\/\/newsestlyonnais.fr\/site\/#website\"},\"datePublished\":\"2019-09-23T12:20:08+00:00\",\"description\":\"VILLEURBANNE | 2\u00b0 Campus du libre\",\"breadcrumb\":{\"@id\":\"https:\/\/newsestlyonnais.fr\/site\/2019\/09\/23\/villeurbanne-2-campus-du-libre\/#breadcrumb\"},\"inLanguage\":\"fr-FR\",\"potentialAction\":[{\"@type\":\"ReadAction\",\"target\":[\"https:\/\/newsestlyonnais.fr\/site\/2019\/09\/23\/villeurbanne-2-campus-du-libre\/\"]}]},{\"@type\":\"BreadcrumbList\",\"@id\":\"https:\/\/newsestlyonnais.fr\/site\/2019\/09\/23\/villeurbanne-2-campus-du-libre\/#breadcrumb\",\"itemListElement\":[{\"@type\":\"ListItem\",\"position\":1,\"name\":\"Accueil\",\"item\":\"https:\/\/newsestlyonnais.fr\/site\/\"},{\"@type\":\"ListItem\",\"position\":2,\"name\":\"VILLEURBANNE | 2\u00b0 Campus du libre\"}]},{\"@type\":\"WebSite\",\"@id\":\"https:\/\/newsestlyonnais.fr\/site\/#website\",\"url\":\"https:\/\/newsestlyonnais.fr\/site\/\",\"name\":\"News Est Lyonnais\",\"description\":\"L&#039;actualit\u00e9 au plus pr\u00e8s\",\"publisher\":{\"@id\":\"https:\/\/newsestlyonnais.fr\/site\/#organization\"},\"potentialAction\":[{\"@type\":\"SearchAction\",\"target\":{\"@type\":\"EntryPoint\",\"urlTemplate\":\"https:\/\/newsestlyonnais.fr\/site\/?s={search_term_string}\"},\"query-input\":{\"@type\":\"PropertyValueSpecification\",\"valueRequired\":true,\"valueName\":\"search_term_string\"}}],\"inLanguage\":\"fr-FR\"},{\"@type\":\"Organization\",\"@id\":\"https:\/\/newsestlyonnais.fr\/site\/#organization\",\"name\":\"News EST LYONNAIS\",\"url\":\"https:\/\/newsestlyonnais.fr\/site\/\",\"logo\":{\"@type\":\"ImageObject\",\"inLanguage\":\"fr-FR\",\"@id\":\"https:\/\/newsestlyonnais.fr\/site\/#\/schema\/logo\/image\/\",\"url\":\"\",\"contentUrl\":\"\",\"caption\":\"News EST LYONNAIS\"},\"image\":{\"@id\":\"https:\/\/newsestlyonnais.fr\/site\/#\/schema\/logo\/image\/\"}},{\"@type\":\"Person\",\"@id\":\"https:\/\/newsestlyonnais.fr\/site\/#\/schema\/person\/3230d5615f390bb808365d673001e887\",\"name\":\"R\u00e9dac. NEWS\",\"sameAs\":[\"http:\/\/www.newsestlyonnais.fr\",\"https:\/\/www.facebook.com\/pascal.oberson.1?fref=ts\",\"https:\/\/fr.linkedin.com\/in\/pascal-oberson-b17045113\"],\"url\":\"https:\/\/newsestlyonnais.fr\/site\/author\/nel\/\"}]}<\/script>\n<!-- \/ Yoast SEO plugin. -->","yoast_head_json":{"title":"VILLEURBANNE | 2\u00b0 Campus du libre - News Est Lyonnais","description":"VILLEURBANNE | 2\u00b0 Campus du libre","robots":{"index":"index","follow":"follow","max-snippet":"max-snippet:-1","max-image-preview":"max-image-preview:large","max-video-preview":"max-video-preview:-1"},"canonical":"https:\/\/newsestlyonnais.fr\/site\/2019\/09\/23\/villeurbanne-2-campus-du-libre\/","og_locale":"fr_FR","og_type":"article","og_title":"VILLEURBANNE | 2\u00b0 Campus du libre - News Est Lyonnais","og_description":"VILLEURBANNE | 2\u00b0 Campus du libre","og_url":"https:\/\/newsestlyonnais.fr\/site\/2019\/09\/23\/villeurbanne-2-campus-du-libre\/","og_site_name":"News Est Lyonnais","article_author":"https:\/\/www.facebook.com\/pascal.oberson.1?fref=ts","article_published_time":"2019-09-23T12:20:08+00:00","author":"R\u00e9dac. NEWS","twitter_card":"summary_large_image","twitter_misc":{"\u00c9crit par":"R\u00e9dac. NEWS"},"schema":{"@context":"https:\/\/schema.org","@graph":[{"@type":"Article","@id":"https:\/\/newsestlyonnais.fr\/site\/2019\/09\/23\/villeurbanne-2-campus-du-libre\/#article","isPartOf":{"@id":"https:\/\/newsestlyonnais.fr\/site\/2019\/09\/23\/villeurbanne-2-campus-du-libre\/"},"author":{"name":"R\u00e9dac. NEWS","@id":"https:\/\/newsestlyonnais.fr\/site\/#\/schema\/person\/3230d5615f390bb808365d673001e887"},"headline":"VILLEURBANNE | 2\u00b0 Campus du libre","datePublished":"2019-09-23T12:20:08+00:00","mainEntityOfPage":{"@id":"https:\/\/newsestlyonnais.fr\/site\/2019\/09\/23\/villeurbanne-2-campus-du-libre\/"},"wordCount":87,"commentCount":0,"publisher":{"@id":"https:\/\/newsestlyonnais.fr\/site\/#organization"},"keywords":["VILLEURBANNE"],"articleSection":["Br\u00e8ves de l'Est lyonnais","Informatique | Num\u00e9rique","Villeurbanne"],"inLanguage":"fr-FR","potentialAction":[{"@type":"CommentAction","name":"Comment","target":["https:\/\/newsestlyonnais.fr\/site\/2019\/09\/23\/villeurbanne-2-campus-du-libre\/#respond"]}]},{"@type":"WebPage","@id":"https:\/\/newsestlyonnais.fr\/site\/2019\/09\/23\/villeurbanne-2-campus-du-libre\/","url":"https:\/\/newsestlyonnais.fr\/site\/2019\/09\/23\/villeurbanne-2-campus-du-libre\/","name":"VILLEURBANNE | 2\u00b0 Campus du libre - News Est Lyonnais","isPartOf":{"@id":"https:\/\/newsestlyonnais.fr\/site\/#website"},"datePublished":"2019-09-23T12:20:08+00:00","description":"VILLEURBANNE | 2\u00b0 Campus du libre","breadcrumb":{"@id":"https:\/\/newsestlyonnais.fr\/site\/2019\/09\/23\/villeurbanne-2-campus-du-libre\/#breadcrumb"},"inLanguage":"fr-FR","potentialAction":[{"@type":"ReadAction","target":["https:\/\/newsestlyonnais.fr\/site\/2019\/09\/23\/villeurbanne-2-campus-du-libre\/"]}]},{"@type":"BreadcrumbList","@id":"https:\/\/newsestlyonnais.fr\/site\/2019\/09\/23\/villeurbanne-2-campus-du-libre\/#breadcrumb","itemListElement":[{"@type":"ListItem","position":1,"name":"Accueil","item":"https:\/\/newsestlyonnais.fr\/site\/"},{"@type":"ListItem","position":2,"name":"VILLEURBANNE | 2\u00b0 Campus du libre"}]},{"@type":"WebSite","@id":"https:\/\/newsestlyonnais.fr\/site\/#website","url":"https:\/\/newsestlyonnais.fr\/site\/","name":"News Est Lyonnais","description":"L&#039;actualit\u00e9 au plus pr\u00e8s","publisher":{"@id":"https:\/\/newsestlyonnais.fr\/site\/#organization"},"potentialAction":[{"@type":"SearchAction","target":{"@type":"EntryPoint","urlTemplate":"https:\/\/newsestlyonnais.fr\/site\/?s={search_term_string}"},"query-input":{"@type":"PropertyValueSpecification","valueRequired":true,"valueName":"search_term_string"}}],"inLanguage":"fr-FR"},{"@type":"Organization","@id":"https:\/\/newsestlyonnais.fr\/site\/#organization","name":"News EST LYONNAIS","url":"https:\/\/newsestlyonnais.fr\/site\/","logo":{"@type":"ImageObject","inLanguage":"fr-FR","@id":"https:\/\/newsestlyonnais.fr\/site\/#\/schema\/logo\/image\/","url":"","contentUrl":"","caption":"News EST LYONNAIS"},"image":{"@id":"https:\/\/newsestlyonnais.fr\/site\/#\/schema\/logo\/image\/"}},{"@type":"Person","@id":"https:\/\/newsestlyonnais.fr\/site\/#\/schema\/person\/3230d5615f390bb808365d673001e887","name":"R\u00e9dac. NEWS","sameAs":["http:\/\/www.newsestlyonnais.fr","https:\/\/www.facebook.com\/pascal.oberson.1?fref=ts","https:\/\/fr.linkedin.com\/in\/pascal-oberson-b17045113"],"url":"https:\/\/newsestlyonnais.fr\/site\/author\/nel\/"}]}},"_links":{"self":[{"href":"https:\/\/newsestlyonnais.fr\/site\/wp-json\/wp\/v2\/posts\/84020","targetHints":{"allow":["GET"]}}],"collection":[{"href":"https:\/\/newsestlyonnais.fr\/site\/wp-json\/wp\/v2\/posts"}],"about":[{"href":"https:\/\/newsestlyonnais.fr\/site\/wp-json\/wp\/v2\/types\/post"}],"author":[{"embeddable":true,"href":"https:\/\/newsestlyonnais.fr\/site\/wp-json\/wp\/v2\/users\/4"}],"replies":[{"embeddable":true,"href":"https:\/\/newsestlyonnais.fr\/site\/wp-json\/wp\/v2\/comments?post=84020"}],"version-history":[{"count":0,"href":"https:\/\/newsestlyonnais.fr\/site\/wp-json\/wp\/v2\/posts\/84020\/revisions"}],"wp:attachment":[{"href":"https:\/\/newsestlyonnais.fr\/site\/wp-json\/wp\/v2\/media?parent=84020"}],"wp:term":[{"taxonomy":"category","embeddable":true,"href":"https:\/\/newsestlyonnais.fr\/site\/wp-json\/wp\/v2\/categories?post=84020"},{"taxonomy":"post_tag","embeddable":true,"href":"https:\/\/newsestlyonnais.fr\/site\/wp-json\/wp\/v2\/tags?post=84020"}],"curies":[{"name":"wp","href":"https:\/\/api.w.org\/{rel}","templated":true}]}}