{"id":84061,"date":"2019-09-23T18:40:14","date_gmt":"2019-09-23T17:40:14","guid":{"rendered":"http:\/\/newsestlyonnais.fr\/site\/?p=84061"},"modified":"2020-05-20T07:04:04","modified_gmt":"2020-05-20T06:04:04","slug":"sytral-la-securite-est-une-priorite","status":"publish","type":"post","link":"https:\/\/newsestlyonnais.fr\/site\/2019\/09\/23\/sytral-la-securite-est-une-priorite\/","title":{"rendered":"SYTRAL | La s\u00e9curit\u00e9 est une priorit\u00e9"},"content":{"rendered":"<p>Afin de garantir de mani\u00e8re optimale la s\u00e9curit\u00e9 des personnes sur ses r\u00e9seaux et de renforcer la qualit\u00e9 du service public, le SYTRAL a fait de la pr\u00e9vention de la d\u00e9linquance et de la lutte contre l\u2019ins\u00e9curit\u00e9, une priorit\u00e9.<\/p>\n<p>Porteurs et signataires de la Strat\u00e9gie Territoriale de S\u00e9curit\u00e9 et de Pr\u00e9vention de la D\u00e9linquance, le SYTRAL et son d\u00e9l\u00e9gataire Keolis Lyon, s\u2019inscrivent dans <strong>une d\u00e9marche active de lutte contre l\u2019ins\u00e9curit\u00e9 dans les transports en commun lyonnais.<\/strong><\/p>\n<p>D&rsquo;importants investissements humains et mat\u00e9riels sont consacr\u00e9s \u00e0 la s\u00fbret\u00e9 dans le r\u00e9seau TCL.<\/p>\n<p>\u00ab Afin de renforcer le dispositif d\u00e9j\u00e0 mis en place, j\u2019ai pris la d\u00e9cision de d\u00e9ployer de fa\u00e7on p\u00e9renne, <strong>15 agents de s\u00e9curit\u00e9 suppl\u00e9mentaires sur 5 nouveaux p\u00e9rim\u00e8tres prioritaires<\/strong>. Nous engageons ainsi d\u00e8s aujourd\u2019hui un budget compl\u00e9mentaire de 1.1M\u20ac qui s\u2019ajoute aux 3,8 millions d\u00e9j\u00e0 consacr\u00e9s \u00e0 la pr\u00e9sence sur le terrain, d\u2019agents de s\u00e9curit\u00e9, en accompagnement de lignes en soir\u00e9e, en fermeture de lignes ou stations\u00bb, explique la pr\u00e9sidente du SYTRAL. Ainsi, <strong>depuis vendredi 20 septembre, ces nouvelles \u00e9quipes sont pr\u00e9sentes \u00e0 la gare routi\u00e8re Bonnevay, dans les stations de m\u00e9tro Gorge de Loup, Gare de Vaise et Bellecour, ainsi que dans les p\u00f4les d\u2019\u00e9changes de Perrache et V\u00e9nissieux.<\/strong><\/p>\n<p><strong>Ce renfort du dispositif vient s\u2019ajouter aux 6 agents d\u00e9j\u00e0 pr\u00e9sents aux stations de m\u00e9tro Guilloti\u00e8re et Part-Dieu.<\/strong> Le SYTRAL est par ailleurs en lien permanent avec les services comp\u00e9tents de s\u00e9curit\u00e9: pr\u00e9fecture du Rh\u00f4ne, direction d\u00e9partementale de la s\u00e9curit\u00e9 publique, groupement de gendarmerie du Rh\u00f4ne, d\u00e9partement s\u00fbret\u00e9 du minist\u00e8re des transports et les communes dans le cadre. Pr\u00e8s de 900 op\u00e9rations sont men\u00e9es chaque ann\u00e9e sur le r\u00e9seau TCL avec les \u00e9quipes de police et de gendarmerie nationales, ainsi que les polices municipales.\u00ab En ce qui concerne les effectifs de police, nous portons aupr\u00e8s des acteurs concern\u00e9s, la volont\u00e9 ferme de poursuivre un partenariat efficient pour la s\u00e9curisation du r\u00e9seau TCL et mettons tout en \u0153uvre pour inciter tr\u00e8s \u00e9nergiquement nos partenaires, indispensables \u00e0 la s\u00e9curit\u00e9 du r\u00e9seau, \u00e0 s\u2019engager \u00e0 nos c\u00f4t\u00e9s. J\u2019ai rencontr\u00e9 Mme la pr\u00e9f\u00e8te du Rh\u00f4ne d\u00e9l\u00e9gu\u00e9e pour la d\u00e9fense et la s\u00e9curit\u00e9 la semaine derni\u00e8re afin d\u2019\u00e9changer sur les moyens mis \u00e0 notre disposition et sollicit\u00e9 lerenfort des \u00e9quipes du Service interd\u00e9partemental de s\u00e9curisation des transports en commun (SISTC)\u00bb, compl\u00e8te la pr\u00e9sidente du SYTRAL.<\/p>\n<p>Les moyens de s\u00e9curit\u00e9 mis en \u0153uvre par le SYTRAL :<\/p>\n<ul>\n<li>250 agents de contr\u00f4le et d\u2019intervention dont 50 agents form\u00e9s au Service d\u2019Intervention et d\u2019Assistance. Des conducteurs plus nombreux dans certaines lignes de bus pour assurer un r\u00f4le de m\u00e9diateurs et renforcer la pr\u00e9sence TCL en fin de journ\u00e9e et soir\u00e9e.<\/li>\n<li>plus de 7.700 cam\u00e9ras de vid\u00e9o protection avec un objectif de 100 % de couverture vid\u00e9o.<\/li>\n<li>un PC S\u00e9curit\u00e9 avec 17 agents tous \u00e9galement op\u00e9rateurs vid\u00e9o, ouvert 24 h\/24 et 7 jours\/7.<\/li>\n<li>un PC crise.<\/li>\n<li>1 PC vid\u00e9o ouvert 24 h sur 24 et 7 jours\/7 pour proc\u00e9der aux retraits imm\u00e9diats d\u2019images et r\u00e9quisitions du procureur.<\/li>\n<li>37 v\u00e9hicules d\u00e9di\u00e9s aux \u00e9quipes de contr\u00f4le et d\u2019intervention.<\/li>\n<li>un bo\u00eetier d\u2019appels gradu\u00e9 pour les cabines conducteurs de tramway et dans tous les bus.<\/li>\n<li>l\u2019interphonie en station de m\u00e9tro et de tramways et dans les rames.<\/li>\n<li>des campagnes contre les vols, contre le harc\u00e8lement sexiste, la pr\u00e9sentation des diff\u00e9rents m\u00e9tiers de l\u2019entreprise pour favoriser le lien avec les usagers TCL.<\/li>\n<li>la prise en charge des victimes pour les accompagner dans leurs d\u00e9marches.<\/li>\n<li>les marches exploratoires depuis 2015 (premier r\u00e9seau de transport urbain de France). Pr\u00e8s de 30 ambassadrices ont d\u00e9j\u00e0 particip\u00e9 \u00e0 cette d\u00e9marche citoyenne qui a permis la mise en place de solutions concr\u00e8tes en mati\u00e8re de s\u00e9curit\u00e9 et le d\u00e9ploiement d\u2019une v\u00e9ritable strat\u00e9gie de lutte contre le harc\u00e8lement sexiste: \u25cf la descente \u00e0 la demande sur plusieurs lignes \u00e0 partir de 22 h,\u25cf un guide pour la lutte contre le harc\u00e8lement sexiste,\u25cf une plaquette d\u2019aide aux victimes, \u25cf une page d\u00e9di\u00e9e au signalement des incivilit\u00e9s et violences sur tcl.fret \u00e0 venir sur l\u2019application TCL,\u25cf la pr\u00e9sence accrue de contr\u00f4leurs d\u00e9sormais asserment\u00e9s pour constater les outrages sexistes et d\u00e9livrer les amendes\u25cf une campagne de communication biannuelle pour la lutte contre le harc\u00e8lement sexiste<\/li>\n<\/ul>\n<p><em><strong>En 2018, le budget de fonctionnement d\u00e9di\u00e9 \u00e0 la s\u00e9curit\u00e9 pour le r\u00e9seau TCL \u00e9tait de 26.45 M\u20ac. Plus d\u20191.1 M\u20ac suppl\u00e9mentaire sera engag\u00e9 en 2019.<\/strong><\/em><\/p>\n<p><span style=\"text-decoration: underline\"><em><strong>Source<\/strong> <\/em><\/span>: communiqu\u00e9 de presse du SYTRAL.<\/p>\n","protected":false},"excerpt":{"rendered":"<p>Le SYTRAL engage 1.1 M\u20ac pour le d\u00e9ploiement d\u2019un renfort des \u00e9quipes de s\u00e9curit\u00e9 sur le r\u00e9seau TCL sur 5 nouveaux p\u00e9rim\u00e8tres prioritaires.<\/p>\n","protected":false},"author":4,"featured_media":25760,"comment_status":"open","ping_status":"open","sticky":false,"template":"","format":"standard","meta":{"footnotes":""},"categories":[2217,1753,13],"tags":[2455],"class_list":["post-84061","post","type-post","status-publish","format-standard","has-post-thumbnail","hentry","category-breves-de-lest-lyonnais","category-secours-securite","category-transports-circulation","tag-sytral"],"yoast_head":"<!-- This site is optimized with the Yoast SEO plugin v27.2 - https:\/\/yoast.com\/product\/yoast-seo-wordpress\/ -->\n<title>SYTRAL | La s\u00e9curit\u00e9 est une priorit\u00e9 - News Est Lyonnais<\/title>\n<meta name=\"description\" content=\"SYTRAL | La s\u00e9curit\u00e9 est une priorit\u00e9\" \/>\n<meta name=\"robots\" content=\"index, follow, max-snippet:-1, max-image-preview:large, max-video-preview:-1\" \/>\n<link rel=\"canonical\" href=\"https:\/\/newsestlyonnais.fr\/site\/2019\/09\/23\/sytral-la-securite-est-une-priorite\/\" \/>\n<meta property=\"og:locale\" content=\"fr_FR\" \/>\n<meta property=\"og:type\" content=\"article\" \/>\n<meta property=\"og:title\" content=\"SYTRAL | La s\u00e9curit\u00e9 est une priorit\u00e9 - News Est Lyonnais\" \/>\n<meta property=\"og:description\" content=\"SYTRAL | La s\u00e9curit\u00e9 est une priorit\u00e9\" \/>\n<meta property=\"og:url\" content=\"https:\/\/newsestlyonnais.fr\/site\/2019\/09\/23\/sytral-la-securite-est-une-priorite\/\" \/>\n<meta property=\"og:site_name\" content=\"News Est Lyonnais\" \/>\n<meta property=\"article:author\" content=\"https:\/\/www.facebook.com\/pascal.oberson.1?fref=ts\" \/>\n<meta property=\"article:published_time\" content=\"2019-09-23T17:40:14+00:00\" \/>\n<meta property=\"article:modified_time\" content=\"2020-05-20T06:04:04+00:00\" \/>\n<meta property=\"og:image\" content=\"https:\/\/i2.wp.com\/newsestlyonnais.fr\/site\/wp-content\/uploads\/2017\/04\/NewsEstLyonnais-Flash-Info.png?fit=1000%2C750&ssl=1\" \/>\n\t<meta property=\"og:image:width\" content=\"1000\" \/>\n\t<meta property=\"og:image:height\" content=\"750\" \/>\n\t<meta property=\"og:image:type\" content=\"image\/png\" \/>\n<meta name=\"author\" content=\"R\u00e9dac. NEWS\" \/>\n<meta name=\"twitter:card\" content=\"summary_large_image\" \/>\n<meta name=\"twitter:label1\" content=\"\u00c9crit par\" \/>\n\t<meta name=\"twitter:data1\" content=\"R\u00e9dac. NEWS\" \/>\n\t<meta name=\"twitter:label2\" content=\"Dur\u00e9e de lecture estim\u00e9e\" \/>\n\t<meta name=\"twitter:data2\" content=\"4 minutes\" \/>\n<script type=\"application\/ld+json\" class=\"yoast-schema-graph\">{\"@context\":\"https:\/\/schema.org\",\"@graph\":[{\"@type\":\"Article\",\"@id\":\"https:\/\/newsestlyonnais.fr\/site\/2019\/09\/23\/sytral-la-securite-est-une-priorite\/#article\",\"isPartOf\":{\"@id\":\"https:\/\/newsestlyonnais.fr\/site\/2019\/09\/23\/sytral-la-securite-est-une-priorite\/\"},\"author\":{\"name\":\"R\u00e9dac. NEWS\",\"@id\":\"https:\/\/newsestlyonnais.fr\/site\/#\/schema\/person\/3230d5615f390bb808365d673001e887\"},\"headline\":\"SYTRAL | La s\u00e9curit\u00e9 est une priorit\u00e9\",\"datePublished\":\"2019-09-23T17:40:14+00:00\",\"dateModified\":\"2020-05-20T06:04:04+00:00\",\"mainEntityOfPage\":{\"@id\":\"https:\/\/newsestlyonnais.fr\/site\/2019\/09\/23\/sytral-la-securite-est-une-priorite\/\"},\"wordCount\":840,\"commentCount\":0,\"publisher\":{\"@id\":\"https:\/\/newsestlyonnais.fr\/site\/#organization\"},\"image\":{\"@id\":\"https:\/\/newsestlyonnais.fr\/site\/2019\/09\/23\/sytral-la-securite-est-une-priorite\/#primaryimage\"},\"thumbnailUrl\":\"https:\/\/newsestlyonnais.fr\/site\/wp-content\/uploads\/2017\/04\/NewsEstLyonnais-Flash-Info.png\",\"keywords\":[\"SYTRAL\"],\"articleSection\":[\"Br\u00e8ves de l'Est lyonnais\",\"Secours | S\u00e9curit\u00e9\",\"Transports | Circulation\"],\"inLanguage\":\"fr-FR\",\"potentialAction\":[{\"@type\":\"CommentAction\",\"name\":\"Comment\",\"target\":[\"https:\/\/newsestlyonnais.fr\/site\/2019\/09\/23\/sytral-la-securite-est-une-priorite\/#respond\"]}]},{\"@type\":\"WebPage\",\"@id\":\"https:\/\/newsestlyonnais.fr\/site\/2019\/09\/23\/sytral-la-securite-est-une-priorite\/\",\"url\":\"https:\/\/newsestlyonnais.fr\/site\/2019\/09\/23\/sytral-la-securite-est-une-priorite\/\",\"name\":\"SYTRAL | La s\u00e9curit\u00e9 est une priorit\u00e9 - News Est Lyonnais\",\"isPartOf\":{\"@id\":\"https:\/\/newsestlyonnais.fr\/site\/#website\"},\"primaryImageOfPage\":{\"@id\":\"https:\/\/newsestlyonnais.fr\/site\/2019\/09\/23\/sytral-la-securite-est-une-priorite\/#primaryimage\"},\"image\":{\"@id\":\"https:\/\/newsestlyonnais.fr\/site\/2019\/09\/23\/sytral-la-securite-est-une-priorite\/#primaryimage\"},\"thumbnailUrl\":\"https:\/\/newsestlyonnais.fr\/site\/wp-content\/uploads\/2017\/04\/NewsEstLyonnais-Flash-Info.png\",\"datePublished\":\"2019-09-23T17:40:14+00:00\",\"dateModified\":\"2020-05-20T06:04:04+00:00\",\"description\":\"SYTRAL | La s\u00e9curit\u00e9 est une priorit\u00e9\",\"breadcrumb\":{\"@id\":\"https:\/\/newsestlyonnais.fr\/site\/2019\/09\/23\/sytral-la-securite-est-une-priorite\/#breadcrumb\"},\"inLanguage\":\"fr-FR\",\"potentialAction\":[{\"@type\":\"ReadAction\",\"target\":[\"https:\/\/newsestlyonnais.fr\/site\/2019\/09\/23\/sytral-la-securite-est-une-priorite\/\"]}]},{\"@type\":\"ImageObject\",\"inLanguage\":\"fr-FR\",\"@id\":\"https:\/\/newsestlyonnais.fr\/site\/2019\/09\/23\/sytral-la-securite-est-une-priorite\/#primaryimage\",\"url\":\"https:\/\/newsestlyonnais.fr\/site\/wp-content\/uploads\/2017\/04\/NewsEstLyonnais-Flash-Info.png\",\"contentUrl\":\"https:\/\/newsestlyonnais.fr\/site\/wp-content\/uploads\/2017\/04\/NewsEstLyonnais-Flash-Info.png\",\"width\":1000,\"height\":750,\"caption\":\"NewsEstLyonnais-Flash-Info\"},{\"@type\":\"BreadcrumbList\",\"@id\":\"https:\/\/newsestlyonnais.fr\/site\/2019\/09\/23\/sytral-la-securite-est-une-priorite\/#breadcrumb\",\"itemListElement\":[{\"@type\":\"ListItem\",\"position\":1,\"name\":\"Accueil\",\"item\":\"https:\/\/newsestlyonnais.fr\/site\/\"},{\"@type\":\"ListItem\",\"position\":2,\"name\":\"SYTRAL | La s\u00e9curit\u00e9 est une priorit\u00e9\"}]},{\"@type\":\"WebSite\",\"@id\":\"https:\/\/newsestlyonnais.fr\/site\/#website\",\"url\":\"https:\/\/newsestlyonnais.fr\/site\/\",\"name\":\"News Est Lyonnais\",\"description\":\"L&#039;actualit\u00e9 au plus pr\u00e8s\",\"publisher\":{\"@id\":\"https:\/\/newsestlyonnais.fr\/site\/#organization\"},\"potentialAction\":[{\"@type\":\"SearchAction\",\"target\":{\"@type\":\"EntryPoint\",\"urlTemplate\":\"https:\/\/newsestlyonnais.fr\/site\/?s={search_term_string}\"},\"query-input\":{\"@type\":\"PropertyValueSpecification\",\"valueRequired\":true,\"valueName\":\"search_term_string\"}}],\"inLanguage\":\"fr-FR\"},{\"@type\":\"Organization\",\"@id\":\"https:\/\/newsestlyonnais.fr\/site\/#organization\",\"name\":\"News EST LYONNAIS\",\"url\":\"https:\/\/newsestlyonnais.fr\/site\/\",\"logo\":{\"@type\":\"ImageObject\",\"inLanguage\":\"fr-FR\",\"@id\":\"https:\/\/newsestlyonnais.fr\/site\/#\/schema\/logo\/image\/\",\"url\":\"\",\"contentUrl\":\"\",\"caption\":\"News EST LYONNAIS\"},\"image\":{\"@id\":\"https:\/\/newsestlyonnais.fr\/site\/#\/schema\/logo\/image\/\"}},{\"@type\":\"Person\",\"@id\":\"https:\/\/newsestlyonnais.fr\/site\/#\/schema\/person\/3230d5615f390bb808365d673001e887\",\"name\":\"R\u00e9dac. NEWS\",\"sameAs\":[\"http:\/\/www.newsestlyonnais.fr\",\"https:\/\/www.facebook.com\/pascal.oberson.1?fref=ts\",\"https:\/\/fr.linkedin.com\/in\/pascal-oberson-b17045113\"],\"url\":\"https:\/\/newsestlyonnais.fr\/site\/author\/nel\/\"}]}<\/script>\n<!-- \/ Yoast SEO plugin. -->","yoast_head_json":{"title":"SYTRAL | La s\u00e9curit\u00e9 est une priorit\u00e9 - News Est Lyonnais","description":"SYTRAL | La s\u00e9curit\u00e9 est une priorit\u00e9","robots":{"index":"index","follow":"follow","max-snippet":"max-snippet:-1","max-image-preview":"max-image-preview:large","max-video-preview":"max-video-preview:-1"},"canonical":"https:\/\/newsestlyonnais.fr\/site\/2019\/09\/23\/sytral-la-securite-est-une-priorite\/","og_locale":"fr_FR","og_type":"article","og_title":"SYTRAL | La s\u00e9curit\u00e9 est une priorit\u00e9 - News Est Lyonnais","og_description":"SYTRAL | La s\u00e9curit\u00e9 est une priorit\u00e9","og_url":"https:\/\/newsestlyonnais.fr\/site\/2019\/09\/23\/sytral-la-securite-est-une-priorite\/","og_site_name":"News Est Lyonnais","article_author":"https:\/\/www.facebook.com\/pascal.oberson.1?fref=ts","article_published_time":"2019-09-23T17:40:14+00:00","article_modified_time":"2020-05-20T06:04:04+00:00","og_image":[{"width":1000,"height":750,"url":"https:\/\/i2.wp.com\/newsestlyonnais.fr\/site\/wp-content\/uploads\/2017\/04\/NewsEstLyonnais-Flash-Info.png?fit=1000%2C750&ssl=1","type":"image\/png"}],"author":"R\u00e9dac. NEWS","twitter_card":"summary_large_image","twitter_misc":{"\u00c9crit par":"R\u00e9dac. NEWS","Dur\u00e9e de lecture estim\u00e9e":"4 minutes"},"schema":{"@context":"https:\/\/schema.org","@graph":[{"@type":"Article","@id":"https:\/\/newsestlyonnais.fr\/site\/2019\/09\/23\/sytral-la-securite-est-une-priorite\/#article","isPartOf":{"@id":"https:\/\/newsestlyonnais.fr\/site\/2019\/09\/23\/sytral-la-securite-est-une-priorite\/"},"author":{"name":"R\u00e9dac. NEWS","@id":"https:\/\/newsestlyonnais.fr\/site\/#\/schema\/person\/3230d5615f390bb808365d673001e887"},"headline":"SYTRAL | La s\u00e9curit\u00e9 est une priorit\u00e9","datePublished":"2019-09-23T17:40:14+00:00","dateModified":"2020-05-20T06:04:04+00:00","mainEntityOfPage":{"@id":"https:\/\/newsestlyonnais.fr\/site\/2019\/09\/23\/sytral-la-securite-est-une-priorite\/"},"wordCount":840,"commentCount":0,"publisher":{"@id":"https:\/\/newsestlyonnais.fr\/site\/#organization"},"image":{"@id":"https:\/\/newsestlyonnais.fr\/site\/2019\/09\/23\/sytral-la-securite-est-une-priorite\/#primaryimage"},"thumbnailUrl":"https:\/\/newsestlyonnais.fr\/site\/wp-content\/uploads\/2017\/04\/NewsEstLyonnais-Flash-Info.png","keywords":["SYTRAL"],"articleSection":["Br\u00e8ves de l'Est lyonnais","Secours | S\u00e9curit\u00e9","Transports | Circulation"],"inLanguage":"fr-FR","potentialAction":[{"@type":"CommentAction","name":"Comment","target":["https:\/\/newsestlyonnais.fr\/site\/2019\/09\/23\/sytral-la-securite-est-une-priorite\/#respond"]}]},{"@type":"WebPage","@id":"https:\/\/newsestlyonnais.fr\/site\/2019\/09\/23\/sytral-la-securite-est-une-priorite\/","url":"https:\/\/newsestlyonnais.fr\/site\/2019\/09\/23\/sytral-la-securite-est-une-priorite\/","name":"SYTRAL | La s\u00e9curit\u00e9 est une priorit\u00e9 - News Est Lyonnais","isPartOf":{"@id":"https:\/\/newsestlyonnais.fr\/site\/#website"},"primaryImageOfPage":{"@id":"https:\/\/newsestlyonnais.fr\/site\/2019\/09\/23\/sytral-la-securite-est-une-priorite\/#primaryimage"},"image":{"@id":"https:\/\/newsestlyonnais.fr\/site\/2019\/09\/23\/sytral-la-securite-est-une-priorite\/#primaryimage"},"thumbnailUrl":"https:\/\/newsestlyonnais.fr\/site\/wp-content\/uploads\/2017\/04\/NewsEstLyonnais-Flash-Info.png","datePublished":"2019-09-23T17:40:14+00:00","dateModified":"2020-05-20T06:04:04+00:00","description":"SYTRAL | La s\u00e9curit\u00e9 est une priorit\u00e9","breadcrumb":{"@id":"https:\/\/newsestlyonnais.fr\/site\/2019\/09\/23\/sytral-la-securite-est-une-priorite\/#breadcrumb"},"inLanguage":"fr-FR","potentialAction":[{"@type":"ReadAction","target":["https:\/\/newsestlyonnais.fr\/site\/2019\/09\/23\/sytral-la-securite-est-une-priorite\/"]}]},{"@type":"ImageObject","inLanguage":"fr-FR","@id":"https:\/\/newsestlyonnais.fr\/site\/2019\/09\/23\/sytral-la-securite-est-une-priorite\/#primaryimage","url":"https:\/\/newsestlyonnais.fr\/site\/wp-content\/uploads\/2017\/04\/NewsEstLyonnais-Flash-Info.png","contentUrl":"https:\/\/newsestlyonnais.fr\/site\/wp-content\/uploads\/2017\/04\/NewsEstLyonnais-Flash-Info.png","width":1000,"height":750,"caption":"NewsEstLyonnais-Flash-Info"},{"@type":"BreadcrumbList","@id":"https:\/\/newsestlyonnais.fr\/site\/2019\/09\/23\/sytral-la-securite-est-une-priorite\/#breadcrumb","itemListElement":[{"@type":"ListItem","position":1,"name":"Accueil","item":"https:\/\/newsestlyonnais.fr\/site\/"},{"@type":"ListItem","position":2,"name":"SYTRAL | La s\u00e9curit\u00e9 est une priorit\u00e9"}]},{"@type":"WebSite","@id":"https:\/\/newsestlyonnais.fr\/site\/#website","url":"https:\/\/newsestlyonnais.fr\/site\/","name":"News Est Lyonnais","description":"L&#039;actualit\u00e9 au plus pr\u00e8s","publisher":{"@id":"https:\/\/newsestlyonnais.fr\/site\/#organization"},"potentialAction":[{"@type":"SearchAction","target":{"@type":"EntryPoint","urlTemplate":"https:\/\/newsestlyonnais.fr\/site\/?s={search_term_string}"},"query-input":{"@type":"PropertyValueSpecification","valueRequired":true,"valueName":"search_term_string"}}],"inLanguage":"fr-FR"},{"@type":"Organization","@id":"https:\/\/newsestlyonnais.fr\/site\/#organization","name":"News EST LYONNAIS","url":"https:\/\/newsestlyonnais.fr\/site\/","logo":{"@type":"ImageObject","inLanguage":"fr-FR","@id":"https:\/\/newsestlyonnais.fr\/site\/#\/schema\/logo\/image\/","url":"","contentUrl":"","caption":"News EST LYONNAIS"},"image":{"@id":"https:\/\/newsestlyonnais.fr\/site\/#\/schema\/logo\/image\/"}},{"@type":"Person","@id":"https:\/\/newsestlyonnais.fr\/site\/#\/schema\/person\/3230d5615f390bb808365d673001e887","name":"R\u00e9dac. NEWS","sameAs":["http:\/\/www.newsestlyonnais.fr","https:\/\/www.facebook.com\/pascal.oberson.1?fref=ts","https:\/\/fr.linkedin.com\/in\/pascal-oberson-b17045113"],"url":"https:\/\/newsestlyonnais.fr\/site\/author\/nel\/"}]}},"_links":{"self":[{"href":"https:\/\/newsestlyonnais.fr\/site\/wp-json\/wp\/v2\/posts\/84061","targetHints":{"allow":["GET"]}}],"collection":[{"href":"https:\/\/newsestlyonnais.fr\/site\/wp-json\/wp\/v2\/posts"}],"about":[{"href":"https:\/\/newsestlyonnais.fr\/site\/wp-json\/wp\/v2\/types\/post"}],"author":[{"embeddable":true,"href":"https:\/\/newsestlyonnais.fr\/site\/wp-json\/wp\/v2\/users\/4"}],"replies":[{"embeddable":true,"href":"https:\/\/newsestlyonnais.fr\/site\/wp-json\/wp\/v2\/comments?post=84061"}],"version-history":[{"count":0,"href":"https:\/\/newsestlyonnais.fr\/site\/wp-json\/wp\/v2\/posts\/84061\/revisions"}],"wp:featuredmedia":[{"embeddable":true,"href":"https:\/\/newsestlyonnais.fr\/site\/wp-json\/wp\/v2\/media\/25760"}],"wp:attachment":[{"href":"https:\/\/newsestlyonnais.fr\/site\/wp-json\/wp\/v2\/media?parent=84061"}],"wp:term":[{"taxonomy":"category","embeddable":true,"href":"https:\/\/newsestlyonnais.fr\/site\/wp-json\/wp\/v2\/categories?post=84061"},{"taxonomy":"post_tag","embeddable":true,"href":"https:\/\/newsestlyonnais.fr\/site\/wp-json\/wp\/v2\/tags?post=84061"}],"curies":[{"name":"wp","href":"https:\/\/api.w.org\/{rel}","templated":true}]}}