{"id":84139,"date":"2019-09-25T07:12:12","date_gmt":"2019-09-25T06:12:12","guid":{"rendered":"http:\/\/newsestlyonnais.fr\/site\/?p=84139"},"modified":"2019-09-25T14:06:24","modified_gmt":"2019-09-25T13:06:24","slug":"bron-le-bouliste-mickael-charvet-vainqueur-a-tignieu","status":"publish","type":"post","link":"https:\/\/newsestlyonnais.fr\/site\/2019\/09\/25\/bron-le-bouliste-mickael-charvet-vainqueur-a-tignieu\/","title":{"rendered":"BRON | Le bouliste Micka\u00ebl Charvet vainqueur \u00e0 Tignieu"},"content":{"rendered":"<p>Ainsi apr\u00e8s son succ\u00e8s d\u00e9but septembre sur les jeux de l&rsquo;ALBEU \u00e0 Lyon 8\u00b0 c&rsquo;est en terre is\u00e9roise, qu&rsquo;il s&rsquo;est impos\u00e9 dimanche lors du concours en 64 simples toutes divisions \u00e0 Tignieu.<\/p>\n<p>Ceci suite \u00e0 l&rsquo;excellent parcours r\u00e9alis\u00e9 et qui l&rsquo;a vu successivement battre le champion de France en titre M1, Fr\u00e9d\u00e9ric Marsens (St Vulbas) en 1\/2 finale, puis Damien Didier (Valencin) en finale.<\/p>\n","protected":false},"excerpt":{"rendered":"<p>En cette p\u00e9riode de rentr\u00e9e sportive, le bouliste brondillant enchaine les bons r\u00e9sultats dans des concours de haut niveau.<\/p>\n","protected":false},"author":4,"featured_media":84141,"comment_status":"open","ping_status":"open","sticky":false,"template":"","format":"standard","meta":{"footnotes":""},"categories":[2977,1341,19,2],"tags":[2013,2072,3043],"class_list":["post-84139","post","type-post","status-publish","format-standard","has-post-thumbnail","hentry","category-boules-petanque-sports","category-boules-lyonnaises","category-bron","category-sports","tag-boules-lyonnaises","tag-bron","tag-mickael-charvet"],"yoast_head":"<!-- This site is optimized with the Yoast SEO plugin v27.2 - https:\/\/yoast.com\/product\/yoast-seo-wordpress\/ -->\n<title>BRON | Le bouliste Micka\u00ebl Charvet vainqueur \u00e0 Tignieu - News Est Lyonnais<\/title>\n<meta name=\"description\" content=\"BRON | Le bouliste Micka\u00ebl Charvet vainqueur \u00e0 Tignieu\" \/>\n<meta name=\"robots\" content=\"index, follow, max-snippet:-1, max-image-preview:large, max-video-preview:-1\" \/>\n<link rel=\"canonical\" href=\"https:\/\/newsestlyonnais.fr\/site\/2019\/09\/25\/bron-le-bouliste-mickael-charvet-vainqueur-a-tignieu\/\" \/>\n<meta property=\"og:locale\" content=\"fr_FR\" \/>\n<meta property=\"og:type\" content=\"article\" \/>\n<meta property=\"og:title\" content=\"BRON | Le bouliste Micka\u00ebl Charvet vainqueur \u00e0 Tignieu - News Est Lyonnais\" \/>\n<meta property=\"og:description\" content=\"BRON | Le bouliste Micka\u00ebl Charvet vainqueur \u00e0 Tignieu\" \/>\n<meta property=\"og:url\" content=\"https:\/\/newsestlyonnais.fr\/site\/2019\/09\/25\/bron-le-bouliste-mickael-charvet-vainqueur-a-tignieu\/\" \/>\n<meta property=\"og:site_name\" content=\"News Est Lyonnais\" \/>\n<meta property=\"article:author\" content=\"https:\/\/www.facebook.com\/pascal.oberson.1?fref=ts\" \/>\n<meta property=\"article:published_time\" content=\"2019-09-25T06:12:12+00:00\" \/>\n<meta property=\"article:modified_time\" content=\"2019-09-25T13:06:24+00:00\" \/>\n<meta property=\"og:image\" content=\"https:\/\/i2.wp.com\/newsestlyonnais.fr\/site\/wp-content\/uploads\/2019\/09\/IMG-bis-0adeaa4e890eccb515b00c3af1add6ad-V.jpg?fit=192%2C288&ssl=1\" \/>\n\t<meta property=\"og:image:width\" content=\"192\" \/>\n\t<meta property=\"og:image:height\" content=\"288\" \/>\n\t<meta property=\"og:image:type\" content=\"image\/jpeg\" \/>\n<meta name=\"author\" content=\"R\u00e9dac. NEWS\" \/>\n<meta name=\"twitter:card\" content=\"summary_large_image\" \/>\n<meta name=\"twitter:label1\" content=\"\u00c9crit par\" \/>\n\t<meta name=\"twitter:data1\" content=\"R\u00e9dac. NEWS\" \/>\n<script type=\"application\/ld+json\" class=\"yoast-schema-graph\">{\"@context\":\"https:\/\/schema.org\",\"@graph\":[{\"@type\":\"Article\",\"@id\":\"https:\/\/newsestlyonnais.fr\/site\/2019\/09\/25\/bron-le-bouliste-mickael-charvet-vainqueur-a-tignieu\/#article\",\"isPartOf\":{\"@id\":\"https:\/\/newsestlyonnais.fr\/site\/2019\/09\/25\/bron-le-bouliste-mickael-charvet-vainqueur-a-tignieu\/\"},\"author\":{\"name\":\"R\u00e9dac. NEWS\",\"@id\":\"https:\/\/newsestlyonnais.fr\/site\/#\/schema\/person\/3230d5615f390bb808365d673001e887\"},\"headline\":\"BRON | Le bouliste Micka\u00ebl Charvet vainqueur \u00e0 Tignieu\",\"datePublished\":\"2019-09-25T06:12:12+00:00\",\"dateModified\":\"2019-09-25T13:06:24+00:00\",\"mainEntityOfPage\":{\"@id\":\"https:\/\/newsestlyonnais.fr\/site\/2019\/09\/25\/bron-le-bouliste-mickael-charvet-vainqueur-a-tignieu\/\"},\"wordCount\":79,\"commentCount\":0,\"publisher\":{\"@id\":\"https:\/\/newsestlyonnais.fr\/site\/#organization\"},\"image\":{\"@id\":\"https:\/\/newsestlyonnais.fr\/site\/2019\/09\/25\/bron-le-bouliste-mickael-charvet-vainqueur-a-tignieu\/#primaryimage\"},\"thumbnailUrl\":\"https:\/\/newsestlyonnais.fr\/site\/wp-content\/uploads\/2019\/09\/IMG-bis-0adeaa4e890eccb515b00c3af1add6ad-V.jpg\",\"keywords\":[\"BOULES LYONNAISES\",\"BRON\",\"Micka\u00ebl Charvet\"],\"articleSection\":[\"Boules | P\u00e9tanque\",\"Boules Lyonnaises\",\"Bron\",\"Sports\"],\"inLanguage\":\"fr-FR\",\"potentialAction\":[{\"@type\":\"CommentAction\",\"name\":\"Comment\",\"target\":[\"https:\/\/newsestlyonnais.fr\/site\/2019\/09\/25\/bron-le-bouliste-mickael-charvet-vainqueur-a-tignieu\/#respond\"]}]},{\"@type\":\"WebPage\",\"@id\":\"https:\/\/newsestlyonnais.fr\/site\/2019\/09\/25\/bron-le-bouliste-mickael-charvet-vainqueur-a-tignieu\/\",\"url\":\"https:\/\/newsestlyonnais.fr\/site\/2019\/09\/25\/bron-le-bouliste-mickael-charvet-vainqueur-a-tignieu\/\",\"name\":\"BRON | Le bouliste Micka\u00ebl Charvet vainqueur \u00e0 Tignieu - News Est Lyonnais\",\"isPartOf\":{\"@id\":\"https:\/\/newsestlyonnais.fr\/site\/#website\"},\"primaryImageOfPage\":{\"@id\":\"https:\/\/newsestlyonnais.fr\/site\/2019\/09\/25\/bron-le-bouliste-mickael-charvet-vainqueur-a-tignieu\/#primaryimage\"},\"image\":{\"@id\":\"https:\/\/newsestlyonnais.fr\/site\/2019\/09\/25\/bron-le-bouliste-mickael-charvet-vainqueur-a-tignieu\/#primaryimage\"},\"thumbnailUrl\":\"https:\/\/newsestlyonnais.fr\/site\/wp-content\/uploads\/2019\/09\/IMG-bis-0adeaa4e890eccb515b00c3af1add6ad-V.jpg\",\"datePublished\":\"2019-09-25T06:12:12+00:00\",\"dateModified\":\"2019-09-25T13:06:24+00:00\",\"description\":\"BRON | Le bouliste Micka\u00ebl Charvet vainqueur \u00e0 Tignieu\",\"breadcrumb\":{\"@id\":\"https:\/\/newsestlyonnais.fr\/site\/2019\/09\/25\/bron-le-bouliste-mickael-charvet-vainqueur-a-tignieu\/#breadcrumb\"},\"inLanguage\":\"fr-FR\",\"potentialAction\":[{\"@type\":\"ReadAction\",\"target\":[\"https:\/\/newsestlyonnais.fr\/site\/2019\/09\/25\/bron-le-bouliste-mickael-charvet-vainqueur-a-tignieu\/\"]}]},{\"@type\":\"ImageObject\",\"inLanguage\":\"fr-FR\",\"@id\":\"https:\/\/newsestlyonnais.fr\/site\/2019\/09\/25\/bron-le-bouliste-mickael-charvet-vainqueur-a-tignieu\/#primaryimage\",\"url\":\"https:\/\/newsestlyonnais.fr\/site\/wp-content\/uploads\/2019\/09\/IMG-bis-0adeaa4e890eccb515b00c3af1add6ad-V.jpg\",\"contentUrl\":\"https:\/\/newsestlyonnais.fr\/site\/wp-content\/uploads\/2019\/09\/IMG-bis-0adeaa4e890eccb515b00c3af1add6ad-V.jpg\",\"width\":192,\"height\":288},{\"@type\":\"BreadcrumbList\",\"@id\":\"https:\/\/newsestlyonnais.fr\/site\/2019\/09\/25\/bron-le-bouliste-mickael-charvet-vainqueur-a-tignieu\/#breadcrumb\",\"itemListElement\":[{\"@type\":\"ListItem\",\"position\":1,\"name\":\"Accueil\",\"item\":\"https:\/\/newsestlyonnais.fr\/site\/\"},{\"@type\":\"ListItem\",\"position\":2,\"name\":\"BRON | Le bouliste Micka\u00ebl Charvet vainqueur \u00e0 Tignieu\"}]},{\"@type\":\"WebSite\",\"@id\":\"https:\/\/newsestlyonnais.fr\/site\/#website\",\"url\":\"https:\/\/newsestlyonnais.fr\/site\/\",\"name\":\"News Est Lyonnais\",\"description\":\"L&#039;actualit\u00e9 au plus pr\u00e8s\",\"publisher\":{\"@id\":\"https:\/\/newsestlyonnais.fr\/site\/#organization\"},\"potentialAction\":[{\"@type\":\"SearchAction\",\"target\":{\"@type\":\"EntryPoint\",\"urlTemplate\":\"https:\/\/newsestlyonnais.fr\/site\/?s={search_term_string}\"},\"query-input\":{\"@type\":\"PropertyValueSpecification\",\"valueRequired\":true,\"valueName\":\"search_term_string\"}}],\"inLanguage\":\"fr-FR\"},{\"@type\":\"Organization\",\"@id\":\"https:\/\/newsestlyonnais.fr\/site\/#organization\",\"name\":\"News EST LYONNAIS\",\"url\":\"https:\/\/newsestlyonnais.fr\/site\/\",\"logo\":{\"@type\":\"ImageObject\",\"inLanguage\":\"fr-FR\",\"@id\":\"https:\/\/newsestlyonnais.fr\/site\/#\/schema\/logo\/image\/\",\"url\":\"\",\"contentUrl\":\"\",\"caption\":\"News EST LYONNAIS\"},\"image\":{\"@id\":\"https:\/\/newsestlyonnais.fr\/site\/#\/schema\/logo\/image\/\"}},{\"@type\":\"Person\",\"@id\":\"https:\/\/newsestlyonnais.fr\/site\/#\/schema\/person\/3230d5615f390bb808365d673001e887\",\"name\":\"R\u00e9dac. NEWS\",\"sameAs\":[\"http:\/\/www.newsestlyonnais.fr\",\"https:\/\/www.facebook.com\/pascal.oberson.1?fref=ts\",\"https:\/\/fr.linkedin.com\/in\/pascal-oberson-b17045113\"],\"url\":\"https:\/\/newsestlyonnais.fr\/site\/author\/nel\/\"}]}<\/script>\n<!-- \/ Yoast SEO plugin. -->","yoast_head_json":{"title":"BRON | Le bouliste Micka\u00ebl Charvet vainqueur \u00e0 Tignieu - News Est Lyonnais","description":"BRON | Le bouliste Micka\u00ebl Charvet vainqueur \u00e0 Tignieu","robots":{"index":"index","follow":"follow","max-snippet":"max-snippet:-1","max-image-preview":"max-image-preview:large","max-video-preview":"max-video-preview:-1"},"canonical":"https:\/\/newsestlyonnais.fr\/site\/2019\/09\/25\/bron-le-bouliste-mickael-charvet-vainqueur-a-tignieu\/","og_locale":"fr_FR","og_type":"article","og_title":"BRON | Le bouliste Micka\u00ebl Charvet vainqueur \u00e0 Tignieu - News Est Lyonnais","og_description":"BRON | Le bouliste Micka\u00ebl Charvet vainqueur \u00e0 Tignieu","og_url":"https:\/\/newsestlyonnais.fr\/site\/2019\/09\/25\/bron-le-bouliste-mickael-charvet-vainqueur-a-tignieu\/","og_site_name":"News Est Lyonnais","article_author":"https:\/\/www.facebook.com\/pascal.oberson.1?fref=ts","article_published_time":"2019-09-25T06:12:12+00:00","article_modified_time":"2019-09-25T13:06:24+00:00","og_image":[{"width":192,"height":288,"url":"https:\/\/i2.wp.com\/newsestlyonnais.fr\/site\/wp-content\/uploads\/2019\/09\/IMG-bis-0adeaa4e890eccb515b00c3af1add6ad-V.jpg?fit=192%2C288&ssl=1","type":"image\/jpeg"}],"author":"R\u00e9dac. NEWS","twitter_card":"summary_large_image","twitter_misc":{"\u00c9crit par":"R\u00e9dac. NEWS"},"schema":{"@context":"https:\/\/schema.org","@graph":[{"@type":"Article","@id":"https:\/\/newsestlyonnais.fr\/site\/2019\/09\/25\/bron-le-bouliste-mickael-charvet-vainqueur-a-tignieu\/#article","isPartOf":{"@id":"https:\/\/newsestlyonnais.fr\/site\/2019\/09\/25\/bron-le-bouliste-mickael-charvet-vainqueur-a-tignieu\/"},"author":{"name":"R\u00e9dac. NEWS","@id":"https:\/\/newsestlyonnais.fr\/site\/#\/schema\/person\/3230d5615f390bb808365d673001e887"},"headline":"BRON | Le bouliste Micka\u00ebl Charvet vainqueur \u00e0 Tignieu","datePublished":"2019-09-25T06:12:12+00:00","dateModified":"2019-09-25T13:06:24+00:00","mainEntityOfPage":{"@id":"https:\/\/newsestlyonnais.fr\/site\/2019\/09\/25\/bron-le-bouliste-mickael-charvet-vainqueur-a-tignieu\/"},"wordCount":79,"commentCount":0,"publisher":{"@id":"https:\/\/newsestlyonnais.fr\/site\/#organization"},"image":{"@id":"https:\/\/newsestlyonnais.fr\/site\/2019\/09\/25\/bron-le-bouliste-mickael-charvet-vainqueur-a-tignieu\/#primaryimage"},"thumbnailUrl":"https:\/\/newsestlyonnais.fr\/site\/wp-content\/uploads\/2019\/09\/IMG-bis-0adeaa4e890eccb515b00c3af1add6ad-V.jpg","keywords":["BOULES LYONNAISES","BRON","Micka\u00ebl Charvet"],"articleSection":["Boules | P\u00e9tanque","Boules Lyonnaises","Bron","Sports"],"inLanguage":"fr-FR","potentialAction":[{"@type":"CommentAction","name":"Comment","target":["https:\/\/newsestlyonnais.fr\/site\/2019\/09\/25\/bron-le-bouliste-mickael-charvet-vainqueur-a-tignieu\/#respond"]}]},{"@type":"WebPage","@id":"https:\/\/newsestlyonnais.fr\/site\/2019\/09\/25\/bron-le-bouliste-mickael-charvet-vainqueur-a-tignieu\/","url":"https:\/\/newsestlyonnais.fr\/site\/2019\/09\/25\/bron-le-bouliste-mickael-charvet-vainqueur-a-tignieu\/","name":"BRON | Le bouliste Micka\u00ebl Charvet vainqueur \u00e0 Tignieu - News Est Lyonnais","isPartOf":{"@id":"https:\/\/newsestlyonnais.fr\/site\/#website"},"primaryImageOfPage":{"@id":"https:\/\/newsestlyonnais.fr\/site\/2019\/09\/25\/bron-le-bouliste-mickael-charvet-vainqueur-a-tignieu\/#primaryimage"},"image":{"@id":"https:\/\/newsestlyonnais.fr\/site\/2019\/09\/25\/bron-le-bouliste-mickael-charvet-vainqueur-a-tignieu\/#primaryimage"},"thumbnailUrl":"https:\/\/newsestlyonnais.fr\/site\/wp-content\/uploads\/2019\/09\/IMG-bis-0adeaa4e890eccb515b00c3af1add6ad-V.jpg","datePublished":"2019-09-25T06:12:12+00:00","dateModified":"2019-09-25T13:06:24+00:00","description":"BRON | Le bouliste Micka\u00ebl Charvet vainqueur \u00e0 Tignieu","breadcrumb":{"@id":"https:\/\/newsestlyonnais.fr\/site\/2019\/09\/25\/bron-le-bouliste-mickael-charvet-vainqueur-a-tignieu\/#breadcrumb"},"inLanguage":"fr-FR","potentialAction":[{"@type":"ReadAction","target":["https:\/\/newsestlyonnais.fr\/site\/2019\/09\/25\/bron-le-bouliste-mickael-charvet-vainqueur-a-tignieu\/"]}]},{"@type":"ImageObject","inLanguage":"fr-FR","@id":"https:\/\/newsestlyonnais.fr\/site\/2019\/09\/25\/bron-le-bouliste-mickael-charvet-vainqueur-a-tignieu\/#primaryimage","url":"https:\/\/newsestlyonnais.fr\/site\/wp-content\/uploads\/2019\/09\/IMG-bis-0adeaa4e890eccb515b00c3af1add6ad-V.jpg","contentUrl":"https:\/\/newsestlyonnais.fr\/site\/wp-content\/uploads\/2019\/09\/IMG-bis-0adeaa4e890eccb515b00c3af1add6ad-V.jpg","width":192,"height":288},{"@type":"BreadcrumbList","@id":"https:\/\/newsestlyonnais.fr\/site\/2019\/09\/25\/bron-le-bouliste-mickael-charvet-vainqueur-a-tignieu\/#breadcrumb","itemListElement":[{"@type":"ListItem","position":1,"name":"Accueil","item":"https:\/\/newsestlyonnais.fr\/site\/"},{"@type":"ListItem","position":2,"name":"BRON | Le bouliste Micka\u00ebl Charvet vainqueur \u00e0 Tignieu"}]},{"@type":"WebSite","@id":"https:\/\/newsestlyonnais.fr\/site\/#website","url":"https:\/\/newsestlyonnais.fr\/site\/","name":"News Est Lyonnais","description":"L&#039;actualit\u00e9 au plus pr\u00e8s","publisher":{"@id":"https:\/\/newsestlyonnais.fr\/site\/#organization"},"potentialAction":[{"@type":"SearchAction","target":{"@type":"EntryPoint","urlTemplate":"https:\/\/newsestlyonnais.fr\/site\/?s={search_term_string}"},"query-input":{"@type":"PropertyValueSpecification","valueRequired":true,"valueName":"search_term_string"}}],"inLanguage":"fr-FR"},{"@type":"Organization","@id":"https:\/\/newsestlyonnais.fr\/site\/#organization","name":"News EST LYONNAIS","url":"https:\/\/newsestlyonnais.fr\/site\/","logo":{"@type":"ImageObject","inLanguage":"fr-FR","@id":"https:\/\/newsestlyonnais.fr\/site\/#\/schema\/logo\/image\/","url":"","contentUrl":"","caption":"News EST LYONNAIS"},"image":{"@id":"https:\/\/newsestlyonnais.fr\/site\/#\/schema\/logo\/image\/"}},{"@type":"Person","@id":"https:\/\/newsestlyonnais.fr\/site\/#\/schema\/person\/3230d5615f390bb808365d673001e887","name":"R\u00e9dac. NEWS","sameAs":["http:\/\/www.newsestlyonnais.fr","https:\/\/www.facebook.com\/pascal.oberson.1?fref=ts","https:\/\/fr.linkedin.com\/in\/pascal-oberson-b17045113"],"url":"https:\/\/newsestlyonnais.fr\/site\/author\/nel\/"}]}},"_links":{"self":[{"href":"https:\/\/newsestlyonnais.fr\/site\/wp-json\/wp\/v2\/posts\/84139","targetHints":{"allow":["GET"]}}],"collection":[{"href":"https:\/\/newsestlyonnais.fr\/site\/wp-json\/wp\/v2\/posts"}],"about":[{"href":"https:\/\/newsestlyonnais.fr\/site\/wp-json\/wp\/v2\/types\/post"}],"author":[{"embeddable":true,"href":"https:\/\/newsestlyonnais.fr\/site\/wp-json\/wp\/v2\/users\/4"}],"replies":[{"embeddable":true,"href":"https:\/\/newsestlyonnais.fr\/site\/wp-json\/wp\/v2\/comments?post=84139"}],"version-history":[{"count":0,"href":"https:\/\/newsestlyonnais.fr\/site\/wp-json\/wp\/v2\/posts\/84139\/revisions"}],"wp:featuredmedia":[{"embeddable":true,"href":"https:\/\/newsestlyonnais.fr\/site\/wp-json\/wp\/v2\/media\/84141"}],"wp:attachment":[{"href":"https:\/\/newsestlyonnais.fr\/site\/wp-json\/wp\/v2\/media?parent=84139"}],"wp:term":[{"taxonomy":"category","embeddable":true,"href":"https:\/\/newsestlyonnais.fr\/site\/wp-json\/wp\/v2\/categories?post=84139"},{"taxonomy":"post_tag","embeddable":true,"href":"https:\/\/newsestlyonnais.fr\/site\/wp-json\/wp\/v2\/tags?post=84139"}],"curies":[{"name":"wp","href":"https:\/\/api.w.org\/{rel}","templated":true}]}}