{"id":84295,"date":"2019-09-27T05:01:16","date_gmt":"2019-09-27T04:01:16","guid":{"rendered":"http:\/\/newsestlyonnais.fr\/site\/?p=84295"},"modified":"2019-09-27T05:01:16","modified_gmt":"2019-09-27T04:01:16","slug":"bron-une-decouverte-darbres-remarquables-au-fort","status":"publish","type":"post","link":"https:\/\/newsestlyonnais.fr\/site\/2019\/09\/27\/bron-une-decouverte-darbres-remarquables-au-fort\/","title":{"rendered":"BRON | Une d\u00e9couverte d&rsquo;arbres remarquables au Fort"},"content":{"rendered":"<p><span style=\"color: #444444;font-family: Arial;font-size: small\">Ceci \u00e0 l\u2019heure du changement climatique et organis\u00e9e en lien avec le Service des Espaces verts de la Ville et dans le cadre de la <b>Quinzaine de l&rsquo;\u00e9cocitoyennet\u00e9, du 21 septembre au 5 octobre.<\/b><\/span><\/p>\n<p><span style=\"color: #444444;font-family: Arial;font-size: small\">D&rsquo;ores et d\u00e9j\u00e0, comme un avant-go\u00fbt de cette promenade originale, venez d\u00e9couvrir le patrimoine v\u00e9g\u00e9tal du Fort de Bron sur : <a href=\"https:\/\/www.ville-bron.fr\/bienvenue-bron\/decouvrir-bron\/les-chemins-des-savoirs\/le-circuit-du-fort-de-bron\">https:\/\/www.ville-bron.fr\/bienvenue-bron\/decouvrir-bron\/les-chemins-des-savoirs\/le-circuit-du-fort-de-bron<\/a><br \/>\n<\/span><\/p>\n<p><span style=\"color: #000000\"><strong><span style=\"font-family: Arial;font-size: small\">Samedi 28 septembre, \u00e0 10 heures, au d\u00e9part du Fort de Bron (acc\u00e8s Chemin Vieux).<\/span><\/strong><\/span><\/p>\n","protected":false},"excerpt":{"rendered":"<p>Samedi matin, les conseillers de quartier proposeront une balade autour des arbres remarquables, sur l\u2019histoire, la vie et l\u2019\u00e9volution d\u2019un parc en ville. <\/p>\n","protected":false},"author":4,"featured_media":0,"comment_status":"open","ping_status":"open","sticky":false,"template":"","format":"standard","meta":{"footnotes":""},"categories":[2217,19,3010],"tags":[3048,2072,3049],"class_list":["post-84295","post","type-post","status-publish","format-standard","hentry","category-breves-de-lest-lyonnais","category-bron","category-nature-environnement-culture-et-loisirs","tag-ballade","tag-bron","tag-fort-bron"],"yoast_head":"<!-- This site is optimized with the Yoast SEO plugin v27.2 - https:\/\/yoast.com\/product\/yoast-seo-wordpress\/ -->\n<title>BRON | Une d\u00e9couverte d&#039;arbres remarquables au Fort - News Est Lyonnais<\/title>\n<meta name=\"description\" content=\"BRON | Une d\u00e9couverte d&#039;arbres remarquables au Fort\" \/>\n<meta name=\"robots\" content=\"index, follow, max-snippet:-1, max-image-preview:large, max-video-preview:-1\" \/>\n<link rel=\"canonical\" href=\"https:\/\/newsestlyonnais.fr\/site\/2019\/09\/27\/bron-une-decouverte-darbres-remarquables-au-fort\/\" \/>\n<meta property=\"og:locale\" content=\"fr_FR\" \/>\n<meta property=\"og:type\" content=\"article\" \/>\n<meta property=\"og:title\" content=\"BRON | Une d\u00e9couverte d&#039;arbres remarquables au Fort - News Est Lyonnais\" \/>\n<meta property=\"og:description\" content=\"BRON | Une d\u00e9couverte d&#039;arbres remarquables au Fort\" \/>\n<meta property=\"og:url\" content=\"https:\/\/newsestlyonnais.fr\/site\/2019\/09\/27\/bron-une-decouverte-darbres-remarquables-au-fort\/\" \/>\n<meta property=\"og:site_name\" content=\"News Est Lyonnais\" \/>\n<meta property=\"article:author\" content=\"https:\/\/www.facebook.com\/pascal.oberson.1?fref=ts\" \/>\n<meta property=\"article:published_time\" content=\"2019-09-27T04:01:16+00:00\" \/>\n<meta name=\"author\" content=\"R\u00e9dac. NEWS\" \/>\n<meta name=\"twitter:card\" content=\"summary_large_image\" \/>\n<meta name=\"twitter:label1\" content=\"\u00c9crit par\" \/>\n\t<meta name=\"twitter:data1\" content=\"R\u00e9dac. NEWS\" \/>\n<script type=\"application\/ld+json\" class=\"yoast-schema-graph\">{\"@context\":\"https:\/\/schema.org\",\"@graph\":[{\"@type\":\"Article\",\"@id\":\"https:\/\/newsestlyonnais.fr\/site\/2019\/09\/27\/bron-une-decouverte-darbres-remarquables-au-fort\/#article\",\"isPartOf\":{\"@id\":\"https:\/\/newsestlyonnais.fr\/site\/2019\/09\/27\/bron-une-decouverte-darbres-remarquables-au-fort\/\"},\"author\":{\"name\":\"R\u00e9dac. NEWS\",\"@id\":\"https:\/\/newsestlyonnais.fr\/site\/#\/schema\/person\/3230d5615f390bb808365d673001e887\"},\"headline\":\"BRON | Une d\u00e9couverte d&rsquo;arbres remarquables au Fort\",\"datePublished\":\"2019-09-27T04:01:16+00:00\",\"mainEntityOfPage\":{\"@id\":\"https:\/\/newsestlyonnais.fr\/site\/2019\/09\/27\/bron-une-decouverte-darbres-remarquables-au-fort\/\"},\"wordCount\":91,\"commentCount\":0,\"publisher\":{\"@id\":\"https:\/\/newsestlyonnais.fr\/site\/#organization\"},\"keywords\":[\"BALLADE\",\"BRON\",\"FORT BRON\"],\"articleSection\":[\"Br\u00e8ves de l'Est lyonnais\",\"Bron\",\"Nature | Environnement | Chasse\"],\"inLanguage\":\"fr-FR\",\"potentialAction\":[{\"@type\":\"CommentAction\",\"name\":\"Comment\",\"target\":[\"https:\/\/newsestlyonnais.fr\/site\/2019\/09\/27\/bron-une-decouverte-darbres-remarquables-au-fort\/#respond\"]}]},{\"@type\":\"WebPage\",\"@id\":\"https:\/\/newsestlyonnais.fr\/site\/2019\/09\/27\/bron-une-decouverte-darbres-remarquables-au-fort\/\",\"url\":\"https:\/\/newsestlyonnais.fr\/site\/2019\/09\/27\/bron-une-decouverte-darbres-remarquables-au-fort\/\",\"name\":\"BRON | Une d\u00e9couverte d'arbres remarquables au Fort - News Est Lyonnais\",\"isPartOf\":{\"@id\":\"https:\/\/newsestlyonnais.fr\/site\/#website\"},\"datePublished\":\"2019-09-27T04:01:16+00:00\",\"description\":\"BRON | Une d\u00e9couverte d'arbres remarquables au Fort\",\"breadcrumb\":{\"@id\":\"https:\/\/newsestlyonnais.fr\/site\/2019\/09\/27\/bron-une-decouverte-darbres-remarquables-au-fort\/#breadcrumb\"},\"inLanguage\":\"fr-FR\",\"potentialAction\":[{\"@type\":\"ReadAction\",\"target\":[\"https:\/\/newsestlyonnais.fr\/site\/2019\/09\/27\/bron-une-decouverte-darbres-remarquables-au-fort\/\"]}]},{\"@type\":\"BreadcrumbList\",\"@id\":\"https:\/\/newsestlyonnais.fr\/site\/2019\/09\/27\/bron-une-decouverte-darbres-remarquables-au-fort\/#breadcrumb\",\"itemListElement\":[{\"@type\":\"ListItem\",\"position\":1,\"name\":\"Accueil\",\"item\":\"https:\/\/newsestlyonnais.fr\/site\/\"},{\"@type\":\"ListItem\",\"position\":2,\"name\":\"BRON | Une d\u00e9couverte d&rsquo;arbres remarquables au Fort\"}]},{\"@type\":\"WebSite\",\"@id\":\"https:\/\/newsestlyonnais.fr\/site\/#website\",\"url\":\"https:\/\/newsestlyonnais.fr\/site\/\",\"name\":\"News Est Lyonnais\",\"description\":\"L&#039;actualit\u00e9 au plus pr\u00e8s\",\"publisher\":{\"@id\":\"https:\/\/newsestlyonnais.fr\/site\/#organization\"},\"potentialAction\":[{\"@type\":\"SearchAction\",\"target\":{\"@type\":\"EntryPoint\",\"urlTemplate\":\"https:\/\/newsestlyonnais.fr\/site\/?s={search_term_string}\"},\"query-input\":{\"@type\":\"PropertyValueSpecification\",\"valueRequired\":true,\"valueName\":\"search_term_string\"}}],\"inLanguage\":\"fr-FR\"},{\"@type\":\"Organization\",\"@id\":\"https:\/\/newsestlyonnais.fr\/site\/#organization\",\"name\":\"News EST LYONNAIS\",\"url\":\"https:\/\/newsestlyonnais.fr\/site\/\",\"logo\":{\"@type\":\"ImageObject\",\"inLanguage\":\"fr-FR\",\"@id\":\"https:\/\/newsestlyonnais.fr\/site\/#\/schema\/logo\/image\/\",\"url\":\"\",\"contentUrl\":\"\",\"caption\":\"News EST LYONNAIS\"},\"image\":{\"@id\":\"https:\/\/newsestlyonnais.fr\/site\/#\/schema\/logo\/image\/\"}},{\"@type\":\"Person\",\"@id\":\"https:\/\/newsestlyonnais.fr\/site\/#\/schema\/person\/3230d5615f390bb808365d673001e887\",\"name\":\"R\u00e9dac. NEWS\",\"sameAs\":[\"http:\/\/www.newsestlyonnais.fr\",\"https:\/\/www.facebook.com\/pascal.oberson.1?fref=ts\",\"https:\/\/fr.linkedin.com\/in\/pascal-oberson-b17045113\"],\"url\":\"https:\/\/newsestlyonnais.fr\/site\/author\/nel\/\"}]}<\/script>\n<!-- \/ Yoast SEO plugin. -->","yoast_head_json":{"title":"BRON | Une d\u00e9couverte d'arbres remarquables au Fort - News Est Lyonnais","description":"BRON | Une d\u00e9couverte d'arbres remarquables au Fort","robots":{"index":"index","follow":"follow","max-snippet":"max-snippet:-1","max-image-preview":"max-image-preview:large","max-video-preview":"max-video-preview:-1"},"canonical":"https:\/\/newsestlyonnais.fr\/site\/2019\/09\/27\/bron-une-decouverte-darbres-remarquables-au-fort\/","og_locale":"fr_FR","og_type":"article","og_title":"BRON | Une d\u00e9couverte d'arbres remarquables au Fort - News Est Lyonnais","og_description":"BRON | Une d\u00e9couverte d'arbres remarquables au Fort","og_url":"https:\/\/newsestlyonnais.fr\/site\/2019\/09\/27\/bron-une-decouverte-darbres-remarquables-au-fort\/","og_site_name":"News Est Lyonnais","article_author":"https:\/\/www.facebook.com\/pascal.oberson.1?fref=ts","article_published_time":"2019-09-27T04:01:16+00:00","author":"R\u00e9dac. NEWS","twitter_card":"summary_large_image","twitter_misc":{"\u00c9crit par":"R\u00e9dac. NEWS"},"schema":{"@context":"https:\/\/schema.org","@graph":[{"@type":"Article","@id":"https:\/\/newsestlyonnais.fr\/site\/2019\/09\/27\/bron-une-decouverte-darbres-remarquables-au-fort\/#article","isPartOf":{"@id":"https:\/\/newsestlyonnais.fr\/site\/2019\/09\/27\/bron-une-decouverte-darbres-remarquables-au-fort\/"},"author":{"name":"R\u00e9dac. NEWS","@id":"https:\/\/newsestlyonnais.fr\/site\/#\/schema\/person\/3230d5615f390bb808365d673001e887"},"headline":"BRON | Une d\u00e9couverte d&rsquo;arbres remarquables au Fort","datePublished":"2019-09-27T04:01:16+00:00","mainEntityOfPage":{"@id":"https:\/\/newsestlyonnais.fr\/site\/2019\/09\/27\/bron-une-decouverte-darbres-remarquables-au-fort\/"},"wordCount":91,"commentCount":0,"publisher":{"@id":"https:\/\/newsestlyonnais.fr\/site\/#organization"},"keywords":["BALLADE","BRON","FORT BRON"],"articleSection":["Br\u00e8ves de l'Est lyonnais","Bron","Nature | Environnement | Chasse"],"inLanguage":"fr-FR","potentialAction":[{"@type":"CommentAction","name":"Comment","target":["https:\/\/newsestlyonnais.fr\/site\/2019\/09\/27\/bron-une-decouverte-darbres-remarquables-au-fort\/#respond"]}]},{"@type":"WebPage","@id":"https:\/\/newsestlyonnais.fr\/site\/2019\/09\/27\/bron-une-decouverte-darbres-remarquables-au-fort\/","url":"https:\/\/newsestlyonnais.fr\/site\/2019\/09\/27\/bron-une-decouverte-darbres-remarquables-au-fort\/","name":"BRON | Une d\u00e9couverte d'arbres remarquables au Fort - News Est Lyonnais","isPartOf":{"@id":"https:\/\/newsestlyonnais.fr\/site\/#website"},"datePublished":"2019-09-27T04:01:16+00:00","description":"BRON | Une d\u00e9couverte d'arbres remarquables au Fort","breadcrumb":{"@id":"https:\/\/newsestlyonnais.fr\/site\/2019\/09\/27\/bron-une-decouverte-darbres-remarquables-au-fort\/#breadcrumb"},"inLanguage":"fr-FR","potentialAction":[{"@type":"ReadAction","target":["https:\/\/newsestlyonnais.fr\/site\/2019\/09\/27\/bron-une-decouverte-darbres-remarquables-au-fort\/"]}]},{"@type":"BreadcrumbList","@id":"https:\/\/newsestlyonnais.fr\/site\/2019\/09\/27\/bron-une-decouverte-darbres-remarquables-au-fort\/#breadcrumb","itemListElement":[{"@type":"ListItem","position":1,"name":"Accueil","item":"https:\/\/newsestlyonnais.fr\/site\/"},{"@type":"ListItem","position":2,"name":"BRON | Une d\u00e9couverte d&rsquo;arbres remarquables au Fort"}]},{"@type":"WebSite","@id":"https:\/\/newsestlyonnais.fr\/site\/#website","url":"https:\/\/newsestlyonnais.fr\/site\/","name":"News Est Lyonnais","description":"L&#039;actualit\u00e9 au plus pr\u00e8s","publisher":{"@id":"https:\/\/newsestlyonnais.fr\/site\/#organization"},"potentialAction":[{"@type":"SearchAction","target":{"@type":"EntryPoint","urlTemplate":"https:\/\/newsestlyonnais.fr\/site\/?s={search_term_string}"},"query-input":{"@type":"PropertyValueSpecification","valueRequired":true,"valueName":"search_term_string"}}],"inLanguage":"fr-FR"},{"@type":"Organization","@id":"https:\/\/newsestlyonnais.fr\/site\/#organization","name":"News EST LYONNAIS","url":"https:\/\/newsestlyonnais.fr\/site\/","logo":{"@type":"ImageObject","inLanguage":"fr-FR","@id":"https:\/\/newsestlyonnais.fr\/site\/#\/schema\/logo\/image\/","url":"","contentUrl":"","caption":"News EST LYONNAIS"},"image":{"@id":"https:\/\/newsestlyonnais.fr\/site\/#\/schema\/logo\/image\/"}},{"@type":"Person","@id":"https:\/\/newsestlyonnais.fr\/site\/#\/schema\/person\/3230d5615f390bb808365d673001e887","name":"R\u00e9dac. NEWS","sameAs":["http:\/\/www.newsestlyonnais.fr","https:\/\/www.facebook.com\/pascal.oberson.1?fref=ts","https:\/\/fr.linkedin.com\/in\/pascal-oberson-b17045113"],"url":"https:\/\/newsestlyonnais.fr\/site\/author\/nel\/"}]}},"_links":{"self":[{"href":"https:\/\/newsestlyonnais.fr\/site\/wp-json\/wp\/v2\/posts\/84295","targetHints":{"allow":["GET"]}}],"collection":[{"href":"https:\/\/newsestlyonnais.fr\/site\/wp-json\/wp\/v2\/posts"}],"about":[{"href":"https:\/\/newsestlyonnais.fr\/site\/wp-json\/wp\/v2\/types\/post"}],"author":[{"embeddable":true,"href":"https:\/\/newsestlyonnais.fr\/site\/wp-json\/wp\/v2\/users\/4"}],"replies":[{"embeddable":true,"href":"https:\/\/newsestlyonnais.fr\/site\/wp-json\/wp\/v2\/comments?post=84295"}],"version-history":[{"count":0,"href":"https:\/\/newsestlyonnais.fr\/site\/wp-json\/wp\/v2\/posts\/84295\/revisions"}],"wp:attachment":[{"href":"https:\/\/newsestlyonnais.fr\/site\/wp-json\/wp\/v2\/media?parent=84295"}],"wp:term":[{"taxonomy":"category","embeddable":true,"href":"https:\/\/newsestlyonnais.fr\/site\/wp-json\/wp\/v2\/categories?post=84295"},{"taxonomy":"post_tag","embeddable":true,"href":"https:\/\/newsestlyonnais.fr\/site\/wp-json\/wp\/v2\/tags?post=84295"}],"curies":[{"name":"wp","href":"https:\/\/api.w.org\/{rel}","templated":true}]}}