{"id":84731,"date":"2019-10-02T17:06:00","date_gmt":"2019-10-02T16:06:00","guid":{"rendered":"http:\/\/newsestlyonnais.fr\/site\/?p=84731"},"modified":"2020-10-26T07:15:50","modified_gmt":"2020-10-26T06:15:50","slug":"basket-lyon-asvel-feminin-devient-ldlc-asvel-feminin","status":"publish","type":"post","link":"https:\/\/newsestlyonnais.fr\/site\/2019\/10\/02\/basket-lyon-asvel-feminin-devient-ldlc-asvel-feminin\/","title":{"rendered":"BASKET | Lyon Asvel f\u00e9minin devient LDLC Asvel f\u00e9minin"},"content":{"rendered":"<p>La r\u00e9daction de <a href=\"http:\/\/newsestlyonnais.fr\">http:\/\/newsestlyonnais.fr<\/a> \u00e9tait pr\u00e9sente lors de cette conf\u00e9rence d\u00e9roul\u00e9e en pr\u00e9sence de <strong>Tony Parker<\/strong> (Pr\u00e9sident LDLC ASVEL F\u00e9minin) fraichement d\u00e9barqu\u00e9 des Etats-Unis, <strong>Laurent De La Clergerie<\/strong> (Pr\u00e9sident Fondateur Groupe LDLC), <strong>Marie-Sophie Obama<\/strong> (Pr\u00e9sidente d\u00e9l\u00e9gu\u00e9e LDLC ASVEL F\u00e9minin), <strong>Th\u00e9r\u00e8se Rabatel<\/strong> (Adjointe au Maire de la Ville de Lyon), <strong>Valery Demory<\/strong> (Entra\u00eeneur LDLC ASVEL F\u00e9minin) &amp; <strong>Paoline Salagnac<\/strong> (capitaine de l&rsquo;\u00e9quipe).<\/p>\n<p>Une c\u00e9r\u00e9monie d\u00e9roul\u00e9e en deux temps avec pr\u00e9sentation de ce nouveau partenariat entre un club champion de France et le leader du e-commerce informatique et high-tech avec un naming de 4 ans. Et l&rsquo;occasion de d\u00e9voiler le nouveau logo et visuel du club sur lesquels ne figurent plus le lion mais qui apparait encore sur les maillots.<\/p>\n<p>Le plan sportif a ensuite \u00e9t\u00e9 abord\u00e9 \u00e0 l&rsquo;or\u00e9e d&rsquo;une saison 2019\/2020 qui s&rsquo;annonce prometteuse. Les diff\u00e9rents intervenants ont pu \u00e0 leur fa\u00e7on afficher les ambitions d&rsquo;un club qui monte en puissance.<\/p>\n<p>\u00a0\u00bb Avec ce titre, on est en avance sur les objectifs. C&rsquo;est un groupe incroyable qui est all\u00e9 jusqu&rsquo;au bout. On a gard\u00e9 presque toute l&rsquo;\u00e9quipe et seulement rajouter 2 joueuses (les 2 internationales fran\u00e7aises H\u00e9l\u00e9na Ciak &amp; Marine Johannes). On va essayer de garder ce titre, de voir grand en Euroligue et d&rsquo;attraper un Final Four. \u00a0\u00bb <strong>a confi\u00e9 le pr\u00e9sident Tony Parker.<\/strong><\/p>\n<p>\u00a0\u00bb <strong>Pour le coach Valery Demory<\/strong> : \u00a0\u00bb il va falloir oublier ce titre et d\u00e8s samedi contre Bourges lors du match des champions. On a un temps d&rsquo;avance en dehors du terrain et on va essayer de l&rsquo;avoir aussi sur le terrain !\u00a0\u00bb.<\/p>\n<p>Quand \u00e0 la <strong>capitaine Paoline Salagnac<\/strong> \u00a0\u00bb on compte jouer notre carte \u00e0 fond et il faut garder ce que l&rsquo;on a v\u00e9cu. Il faut s&rsquo;en impr\u00e9gner pour revivre ces \u00e9motions mais on sait qu&rsquo;on sera encore plus attendu !\u00a0\u00bb<\/p>\n<p>________________________________________________________________________________<\/p>\n<p><span style=\"text-decoration: underline\"><em><strong>NOTA<\/strong><\/em><\/span> : le dimanche 3 novembre, les 2 \u00e9quipes (f\u00e9minine et masculine) du club \u00e9volueront \u00e0 domicile et une belle journ\u00e9e s&rsquo;annonce en perspective !<\/p>\n<p>________________________________________________________________________________<\/p>\n<p><span style=\"text-decoration: underline\"><em><strong>PHOTO A LA UNE<\/strong><\/em><\/span> : Marie-Sophie Obama, Laurent De La Clergerie &amp; Tony Parker lors de l&rsquo;annonce de ce partenariat.<\/p>\n<p>________________________________________________________________________________<\/p>\n<ul>\n<li><em><strong>Toute l&rsquo;ACTU du club sur :\u00a0<a href=\"http:\/\/lyonasvelfeminin.com\">http:\/\/lyonasvelfeminin.com<\/a> <\/strong><\/em><\/li>\n<\/ul>\n<div id='gallery-1' class='gallery galleryid-84731 gallery-columns-3 gallery-size-thumbnail'><figure class='gallery-item'>\n\t\t\t<div class='gallery-icon landscape'>\n\t\t\t\t<a href='https:\/\/newsestlyonnais.fr\/site\/2019\/10\/02\/basket-lyon-asvel-feminin-devient-ldlc-asvel-feminin\/newsestlyonnais-ldlc-asvel-01\/'><img loading=\"lazy\" decoding=\"async\" width=\"150\" height=\"113\" src=\"https:\/\/newsestlyonnais.fr\/site\/wp-content\/uploads\/2019\/10\/NEWSESTLYONNAIS-LDLC-ASVEL-01-250x188.jpg\" class=\"attachment-thumbnail size-thumbnail\" alt=\"\" aria-describedby=\"gallery-1-84736\" srcset=\"https:\/\/newsestlyonnais.fr\/site\/wp-content\/uploads\/2019\/10\/NEWSESTLYONNAIS-LDLC-ASVEL-01-250x188.jpg 250w, https:\/\/newsestlyonnais.fr\/site\/wp-content\/uploads\/2019\/10\/NEWSESTLYONNAIS-LDLC-ASVEL-01-400x300.jpg 400w, https:\/\/newsestlyonnais.fr\/site\/wp-content\/uploads\/2019\/10\/NEWSESTLYONNAIS-LDLC-ASVEL-01-768x576.jpg 768w, https:\/\/newsestlyonnais.fr\/site\/wp-content\/uploads\/2019\/10\/NEWSESTLYONNAIS-LDLC-ASVEL-01-650x488.jpg 650w, https:\/\/newsestlyonnais.fr\/site\/wp-content\/uploads\/2019\/10\/NEWSESTLYONNAIS-LDLC-ASVEL-01-150x113.jpg 150w, https:\/\/newsestlyonnais.fr\/site\/wp-content\/uploads\/2019\/10\/NEWSESTLYONNAIS-LDLC-ASVEL-01-50x38.jpg 50w, https:\/\/newsestlyonnais.fr\/site\/wp-content\/uploads\/2019\/10\/NEWSESTLYONNAIS-LDLC-ASVEL-01-100x75.jpg 100w, https:\/\/newsestlyonnais.fr\/site\/wp-content\/uploads\/2019\/10\/NEWSESTLYONNAIS-LDLC-ASVEL-01-200x150.jpg 200w, https:\/\/newsestlyonnais.fr\/site\/wp-content\/uploads\/2019\/10\/NEWSESTLYONNAIS-LDLC-ASVEL-01-300x225.jpg 300w, https:\/\/newsestlyonnais.fr\/site\/wp-content\/uploads\/2019\/10\/NEWSESTLYONNAIS-LDLC-ASVEL-01-350x263.jpg 350w, https:\/\/newsestlyonnais.fr\/site\/wp-content\/uploads\/2019\/10\/NEWSESTLYONNAIS-LDLC-ASVEL-01-450x338.jpg 450w, https:\/\/newsestlyonnais.fr\/site\/wp-content\/uploads\/2019\/10\/NEWSESTLYONNAIS-LDLC-ASVEL-01-500x375.jpg 500w, https:\/\/newsestlyonnais.fr\/site\/wp-content\/uploads\/2019\/10\/NEWSESTLYONNAIS-LDLC-ASVEL-01-550x413.jpg 550w, https:\/\/newsestlyonnais.fr\/site\/wp-content\/uploads\/2019\/10\/NEWSESTLYONNAIS-LDLC-ASVEL-01-800x600.jpg 800w, https:\/\/newsestlyonnais.fr\/site\/wp-content\/uploads\/2019\/10\/NEWSESTLYONNAIS-LDLC-ASVEL-01-1200x900.jpg 1200w, https:\/\/newsestlyonnais.fr\/site\/wp-content\/uploads\/2019\/10\/NEWSESTLYONNAIS-LDLC-ASVEL-01-1600x1200.jpg 1600w, https:\/\/newsestlyonnais.fr\/site\/wp-content\/uploads\/2019\/10\/NEWSESTLYONNAIS-LDLC-ASVEL-01-2000x1500.jpg 2000w, https:\/\/newsestlyonnais.fr\/site\/wp-content\/uploads\/2019\/10\/NEWSESTLYONNAIS-LDLC-ASVEL-01-1320x990.jpg 1320w, https:\/\/newsestlyonnais.fr\/site\/wp-content\/uploads\/2019\/10\/NEWSESTLYONNAIS-LDLC-ASVEL-01.jpg 2048w\" sizes=\"auto, (max-width: 150px) 100vw, 150px\" \/><\/a>\n\t\t\t<\/div>\n\t\t\t\t<figcaption class='wp-caption-text gallery-caption' id='gallery-1-84736'>\n\t\t\t\tLe nouveau maillot d\u00e9voil\u00e9 en exclusivit\u00e9 ! \n\t\t\t\t<\/figcaption><\/figure><figure class='gallery-item'>\n\t\t\t<div class='gallery-icon landscape'>\n\t\t\t\t<a href='https:\/\/newsestlyonnais.fr\/site\/2019\/10\/02\/basket-lyon-asvel-feminin-devient-ldlc-asvel-feminin\/p1400521\/'><img loading=\"lazy\" decoding=\"async\" width=\"150\" height=\"113\" src=\"https:\/\/newsestlyonnais.fr\/site\/wp-content\/uploads\/2019\/10\/P1400521-250x188.jpg\" class=\"attachment-thumbnail size-thumbnail\" alt=\"\" srcset=\"https:\/\/newsestlyonnais.fr\/site\/wp-content\/uploads\/2019\/10\/P1400521-250x188.jpg 250w, https:\/\/newsestlyonnais.fr\/site\/wp-content\/uploads\/2019\/10\/P1400521-400x300.jpg 400w, https:\/\/newsestlyonnais.fr\/site\/wp-content\/uploads\/2019\/10\/P1400521-768x576.jpg 768w, https:\/\/newsestlyonnais.fr\/site\/wp-content\/uploads\/2019\/10\/P1400521-650x488.jpg 650w, https:\/\/newsestlyonnais.fr\/site\/wp-content\/uploads\/2019\/10\/P1400521-150x113.jpg 150w, https:\/\/newsestlyonnais.fr\/site\/wp-content\/uploads\/2019\/10\/P1400521-50x38.jpg 50w, https:\/\/newsestlyonnais.fr\/site\/wp-content\/uploads\/2019\/10\/P1400521-100x75.jpg 100w, https:\/\/newsestlyonnais.fr\/site\/wp-content\/uploads\/2019\/10\/P1400521-200x150.jpg 200w, https:\/\/newsestlyonnais.fr\/site\/wp-content\/uploads\/2019\/10\/P1400521-300x225.jpg 300w, https:\/\/newsestlyonnais.fr\/site\/wp-content\/uploads\/2019\/10\/P1400521-350x263.jpg 350w, https:\/\/newsestlyonnais.fr\/site\/wp-content\/uploads\/2019\/10\/P1400521-450x338.jpg 450w, https:\/\/newsestlyonnais.fr\/site\/wp-content\/uploads\/2019\/10\/P1400521-500x375.jpg 500w, https:\/\/newsestlyonnais.fr\/site\/wp-content\/uploads\/2019\/10\/P1400521-550x413.jpg 550w, https:\/\/newsestlyonnais.fr\/site\/wp-content\/uploads\/2019\/10\/P1400521-800x600.jpg 800w, https:\/\/newsestlyonnais.fr\/site\/wp-content\/uploads\/2019\/10\/P1400521-1200x900.jpg 1200w, https:\/\/newsestlyonnais.fr\/site\/wp-content\/uploads\/2019\/10\/P1400521-1600x1200.jpg 1600w, https:\/\/newsestlyonnais.fr\/site\/wp-content\/uploads\/2019\/10\/P1400521-2000x1500.jpg 2000w, https:\/\/newsestlyonnais.fr\/site\/wp-content\/uploads\/2019\/10\/P1400521-1320x990.jpg 1320w, https:\/\/newsestlyonnais.fr\/site\/wp-content\/uploads\/2019\/10\/P1400521.jpg 2048w\" sizes=\"auto, (max-width: 150px) 100vw, 150px\" \/><\/a>\n\t\t\t<\/div><\/figure><figure class='gallery-item'>\n\t\t\t<div class='gallery-icon landscape'>\n\t\t\t\t<a href='https:\/\/newsestlyonnais.fr\/site\/2019\/10\/02\/basket-lyon-asvel-feminin-devient-ldlc-asvel-feminin\/newsestlyonnais-ldlc-asvel-10\/'><img loading=\"lazy\" decoding=\"async\" width=\"150\" height=\"113\" src=\"https:\/\/newsestlyonnais.fr\/site\/wp-content\/uploads\/2019\/10\/NEWSESTLYONNAIS-LDLC-ASVEL-10-250x188.jpg\" class=\"attachment-thumbnail size-thumbnail\" alt=\"\" aria-describedby=\"gallery-1-84741\" srcset=\"https:\/\/newsestlyonnais.fr\/site\/wp-content\/uploads\/2019\/10\/NEWSESTLYONNAIS-LDLC-ASVEL-10-250x188.jpg 250w, https:\/\/newsestlyonnais.fr\/site\/wp-content\/uploads\/2019\/10\/NEWSESTLYONNAIS-LDLC-ASVEL-10-400x300.jpg 400w, https:\/\/newsestlyonnais.fr\/site\/wp-content\/uploads\/2019\/10\/NEWSESTLYONNAIS-LDLC-ASVEL-10-768x576.jpg 768w, https:\/\/newsestlyonnais.fr\/site\/wp-content\/uploads\/2019\/10\/NEWSESTLYONNAIS-LDLC-ASVEL-10-650x488.jpg 650w, https:\/\/newsestlyonnais.fr\/site\/wp-content\/uploads\/2019\/10\/NEWSESTLYONNAIS-LDLC-ASVEL-10-150x113.jpg 150w, https:\/\/newsestlyonnais.fr\/site\/wp-content\/uploads\/2019\/10\/NEWSESTLYONNAIS-LDLC-ASVEL-10-50x38.jpg 50w, https:\/\/newsestlyonnais.fr\/site\/wp-content\/uploads\/2019\/10\/NEWSESTLYONNAIS-LDLC-ASVEL-10-100x75.jpg 100w, https:\/\/newsestlyonnais.fr\/site\/wp-content\/uploads\/2019\/10\/NEWSESTLYONNAIS-LDLC-ASVEL-10-200x150.jpg 200w, https:\/\/newsestlyonnais.fr\/site\/wp-content\/uploads\/2019\/10\/NEWSESTLYONNAIS-LDLC-ASVEL-10-300x225.jpg 300w, https:\/\/newsestlyonnais.fr\/site\/wp-content\/uploads\/2019\/10\/NEWSESTLYONNAIS-LDLC-ASVEL-10-350x263.jpg 350w, https:\/\/newsestlyonnais.fr\/site\/wp-content\/uploads\/2019\/10\/NEWSESTLYONNAIS-LDLC-ASVEL-10-450x338.jpg 450w, https:\/\/newsestlyonnais.fr\/site\/wp-content\/uploads\/2019\/10\/NEWSESTLYONNAIS-LDLC-ASVEL-10-500x375.jpg 500w, https:\/\/newsestlyonnais.fr\/site\/wp-content\/uploads\/2019\/10\/NEWSESTLYONNAIS-LDLC-ASVEL-10-550x413.jpg 550w, https:\/\/newsestlyonnais.fr\/site\/wp-content\/uploads\/2019\/10\/NEWSESTLYONNAIS-LDLC-ASVEL-10-800x600.jpg 800w, https:\/\/newsestlyonnais.fr\/site\/wp-content\/uploads\/2019\/10\/NEWSESTLYONNAIS-LDLC-ASVEL-10-1200x900.jpg 1200w, https:\/\/newsestlyonnais.fr\/site\/wp-content\/uploads\/2019\/10\/NEWSESTLYONNAIS-LDLC-ASVEL-10-1600x1200.jpg 1600w, https:\/\/newsestlyonnais.fr\/site\/wp-content\/uploads\/2019\/10\/NEWSESTLYONNAIS-LDLC-ASVEL-10-2000x1500.jpg 2000w, https:\/\/newsestlyonnais.fr\/site\/wp-content\/uploads\/2019\/10\/NEWSESTLYONNAIS-LDLC-ASVEL-10-1320x990.jpg 1320w, https:\/\/newsestlyonnais.fr\/site\/wp-content\/uploads\/2019\/10\/NEWSESTLYONNAIS-LDLC-ASVEL-10.jpg 2048w\" sizes=\"auto, (max-width: 150px) 100vw, 150px\" \/><\/a>\n\t\t\t<\/div>\n\t\t\t\t<figcaption class='wp-caption-text gallery-caption' id='gallery-1-84741'>\n\t\t\t\tValery Demory (entraineur) et Marie-Sophie Obama (pr\u00e9sidente d\u00e9l\u00e9gu\u00e9e)\n\t\t\t\t<\/figcaption><\/figure><figure class='gallery-item'>\n\t\t\t<div class='gallery-icon landscape'>\n\t\t\t\t<a href='https:\/\/newsestlyonnais.fr\/site\/2019\/10\/02\/basket-lyon-asvel-feminin-devient-ldlc-asvel-feminin\/newsestlyonnais-ldlc-asvel-05\/'><img loading=\"lazy\" decoding=\"async\" width=\"150\" height=\"113\" src=\"https:\/\/newsestlyonnais.fr\/site\/wp-content\/uploads\/2019\/10\/NEWSESTLYONNAIS-LDLC-ASVEL-05-250x188.jpg\" class=\"attachment-thumbnail size-thumbnail\" alt=\"\" aria-describedby=\"gallery-1-84738\" srcset=\"https:\/\/newsestlyonnais.fr\/site\/wp-content\/uploads\/2019\/10\/NEWSESTLYONNAIS-LDLC-ASVEL-05-250x188.jpg 250w, https:\/\/newsestlyonnais.fr\/site\/wp-content\/uploads\/2019\/10\/NEWSESTLYONNAIS-LDLC-ASVEL-05-400x300.jpg 400w, https:\/\/newsestlyonnais.fr\/site\/wp-content\/uploads\/2019\/10\/NEWSESTLYONNAIS-LDLC-ASVEL-05-768x576.jpg 768w, https:\/\/newsestlyonnais.fr\/site\/wp-content\/uploads\/2019\/10\/NEWSESTLYONNAIS-LDLC-ASVEL-05-650x488.jpg 650w, https:\/\/newsestlyonnais.fr\/site\/wp-content\/uploads\/2019\/10\/NEWSESTLYONNAIS-LDLC-ASVEL-05-150x113.jpg 150w, https:\/\/newsestlyonnais.fr\/site\/wp-content\/uploads\/2019\/10\/NEWSESTLYONNAIS-LDLC-ASVEL-05-50x38.jpg 50w, https:\/\/newsestlyonnais.fr\/site\/wp-content\/uploads\/2019\/10\/NEWSESTLYONNAIS-LDLC-ASVEL-05-100x75.jpg 100w, https:\/\/newsestlyonnais.fr\/site\/wp-content\/uploads\/2019\/10\/NEWSESTLYONNAIS-LDLC-ASVEL-05-200x150.jpg 200w, https:\/\/newsestlyonnais.fr\/site\/wp-content\/uploads\/2019\/10\/NEWSESTLYONNAIS-LDLC-ASVEL-05-300x225.jpg 300w, https:\/\/newsestlyonnais.fr\/site\/wp-content\/uploads\/2019\/10\/NEWSESTLYONNAIS-LDLC-ASVEL-05-350x263.jpg 350w, https:\/\/newsestlyonnais.fr\/site\/wp-content\/uploads\/2019\/10\/NEWSESTLYONNAIS-LDLC-ASVEL-05-450x338.jpg 450w, https:\/\/newsestlyonnais.fr\/site\/wp-content\/uploads\/2019\/10\/NEWSESTLYONNAIS-LDLC-ASVEL-05-500x375.jpg 500w, https:\/\/newsestlyonnais.fr\/site\/wp-content\/uploads\/2019\/10\/NEWSESTLYONNAIS-LDLC-ASVEL-05-550x413.jpg 550w, https:\/\/newsestlyonnais.fr\/site\/wp-content\/uploads\/2019\/10\/NEWSESTLYONNAIS-LDLC-ASVEL-05-800x600.jpg 800w, https:\/\/newsestlyonnais.fr\/site\/wp-content\/uploads\/2019\/10\/NEWSESTLYONNAIS-LDLC-ASVEL-05-1200x900.jpg 1200w, https:\/\/newsestlyonnais.fr\/site\/wp-content\/uploads\/2019\/10\/NEWSESTLYONNAIS-LDLC-ASVEL-05-1600x1200.jpg 1600w, https:\/\/newsestlyonnais.fr\/site\/wp-content\/uploads\/2019\/10\/NEWSESTLYONNAIS-LDLC-ASVEL-05-2000x1500.jpg 2000w, https:\/\/newsestlyonnais.fr\/site\/wp-content\/uploads\/2019\/10\/NEWSESTLYONNAIS-LDLC-ASVEL-05-1320x990.jpg 1320w, https:\/\/newsestlyonnais.fr\/site\/wp-content\/uploads\/2019\/10\/NEWSESTLYONNAIS-LDLC-ASVEL-05.jpg 2048w\" sizes=\"auto, (max-width: 150px) 100vw, 150px\" \/><\/a>\n\t\t\t<\/div>\n\t\t\t\t<figcaption class='wp-caption-text gallery-caption' id='gallery-1-84738'>\n\t\t\t\tLe pr\u00e9sident Tony Parker pr\u00e9sent \u00e0 cette conf\u00e9rence de presse\n\t\t\t\t<\/figcaption><\/figure><figure class='gallery-item'>\n\t\t\t<div class='gallery-icon landscape'>\n\t\t\t\t<a href='https:\/\/newsestlyonnais.fr\/site\/2019\/10\/02\/basket-lyon-asvel-feminin-devient-ldlc-asvel-feminin\/newsestlyonnais-ldlc-asvel-06\/'><img loading=\"lazy\" decoding=\"async\" width=\"150\" height=\"113\" src=\"https:\/\/newsestlyonnais.fr\/site\/wp-content\/uploads\/2019\/10\/NEWSESTLYONNAIS-LDLC-ASVEL-06-250x188.jpg\" class=\"attachment-thumbnail size-thumbnail\" alt=\"\" aria-describedby=\"gallery-1-84739\" srcset=\"https:\/\/newsestlyonnais.fr\/site\/wp-content\/uploads\/2019\/10\/NEWSESTLYONNAIS-LDLC-ASVEL-06-250x188.jpg 250w, https:\/\/newsestlyonnais.fr\/site\/wp-content\/uploads\/2019\/10\/NEWSESTLYONNAIS-LDLC-ASVEL-06-400x300.jpg 400w, https:\/\/newsestlyonnais.fr\/site\/wp-content\/uploads\/2019\/10\/NEWSESTLYONNAIS-LDLC-ASVEL-06-768x576.jpg 768w, https:\/\/newsestlyonnais.fr\/site\/wp-content\/uploads\/2019\/10\/NEWSESTLYONNAIS-LDLC-ASVEL-06-650x488.jpg 650w, https:\/\/newsestlyonnais.fr\/site\/wp-content\/uploads\/2019\/10\/NEWSESTLYONNAIS-LDLC-ASVEL-06-150x113.jpg 150w, https:\/\/newsestlyonnais.fr\/site\/wp-content\/uploads\/2019\/10\/NEWSESTLYONNAIS-LDLC-ASVEL-06-50x38.jpg 50w, https:\/\/newsestlyonnais.fr\/site\/wp-content\/uploads\/2019\/10\/NEWSESTLYONNAIS-LDLC-ASVEL-06-100x75.jpg 100w, https:\/\/newsestlyonnais.fr\/site\/wp-content\/uploads\/2019\/10\/NEWSESTLYONNAIS-LDLC-ASVEL-06-200x150.jpg 200w, https:\/\/newsestlyonnais.fr\/site\/wp-content\/uploads\/2019\/10\/NEWSESTLYONNAIS-LDLC-ASVEL-06-300x225.jpg 300w, https:\/\/newsestlyonnais.fr\/site\/wp-content\/uploads\/2019\/10\/NEWSESTLYONNAIS-LDLC-ASVEL-06-350x263.jpg 350w, https:\/\/newsestlyonnais.fr\/site\/wp-content\/uploads\/2019\/10\/NEWSESTLYONNAIS-LDLC-ASVEL-06-450x338.jpg 450w, https:\/\/newsestlyonnais.fr\/site\/wp-content\/uploads\/2019\/10\/NEWSESTLYONNAIS-LDLC-ASVEL-06-500x375.jpg 500w, https:\/\/newsestlyonnais.fr\/site\/wp-content\/uploads\/2019\/10\/NEWSESTLYONNAIS-LDLC-ASVEL-06-550x413.jpg 550w, https:\/\/newsestlyonnais.fr\/site\/wp-content\/uploads\/2019\/10\/NEWSESTLYONNAIS-LDLC-ASVEL-06-800x600.jpg 800w, https:\/\/newsestlyonnais.fr\/site\/wp-content\/uploads\/2019\/10\/NEWSESTLYONNAIS-LDLC-ASVEL-06-1200x900.jpg 1200w, https:\/\/newsestlyonnais.fr\/site\/wp-content\/uploads\/2019\/10\/NEWSESTLYONNAIS-LDLC-ASVEL-06-1600x1200.jpg 1600w, https:\/\/newsestlyonnais.fr\/site\/wp-content\/uploads\/2019\/10\/NEWSESTLYONNAIS-LDLC-ASVEL-06-2000x1500.jpg 2000w, https:\/\/newsestlyonnais.fr\/site\/wp-content\/uploads\/2019\/10\/NEWSESTLYONNAIS-LDLC-ASVEL-06-1320x990.jpg 1320w, https:\/\/newsestlyonnais.fr\/site\/wp-content\/uploads\/2019\/10\/NEWSESTLYONNAIS-LDLC-ASVEL-06.jpg 2048w\" sizes=\"auto, (max-width: 150px) 100vw, 150px\" \/><\/a>\n\t\t\t<\/div>\n\t\t\t\t<figcaption class='wp-caption-text gallery-caption' id='gallery-1-84739'>\n\t\t\t\tLa capitaine Paoline Salagnac a exprim\u00e9 ses impressions de d\u00e9but de saison\n\t\t\t\t<\/figcaption><\/figure><figure class='gallery-item'>\n\t\t\t<div class='gallery-icon landscape'>\n\t\t\t\t<a href='https:\/\/newsestlyonnais.fr\/site\/2019\/10\/02\/basket-lyon-asvel-feminin-devient-ldlc-asvel-feminin\/newsestlyonnais-ldlc-asvel-04\/'><img loading=\"lazy\" decoding=\"async\" width=\"150\" height=\"113\" src=\"https:\/\/newsestlyonnais.fr\/site\/wp-content\/uploads\/2019\/10\/NEWSESTLYONNAIS-LDLC-ASVEL-04-250x188.jpg\" class=\"attachment-thumbnail size-thumbnail\" alt=\"\" aria-describedby=\"gallery-1-84737\" srcset=\"https:\/\/newsestlyonnais.fr\/site\/wp-content\/uploads\/2019\/10\/NEWSESTLYONNAIS-LDLC-ASVEL-04-250x188.jpg 250w, https:\/\/newsestlyonnais.fr\/site\/wp-content\/uploads\/2019\/10\/NEWSESTLYONNAIS-LDLC-ASVEL-04-400x300.jpg 400w, https:\/\/newsestlyonnais.fr\/site\/wp-content\/uploads\/2019\/10\/NEWSESTLYONNAIS-LDLC-ASVEL-04-768x576.jpg 768w, https:\/\/newsestlyonnais.fr\/site\/wp-content\/uploads\/2019\/10\/NEWSESTLYONNAIS-LDLC-ASVEL-04-650x488.jpg 650w, https:\/\/newsestlyonnais.fr\/site\/wp-content\/uploads\/2019\/10\/NEWSESTLYONNAIS-LDLC-ASVEL-04-150x113.jpg 150w, https:\/\/newsestlyonnais.fr\/site\/wp-content\/uploads\/2019\/10\/NEWSESTLYONNAIS-LDLC-ASVEL-04-50x38.jpg 50w, https:\/\/newsestlyonnais.fr\/site\/wp-content\/uploads\/2019\/10\/NEWSESTLYONNAIS-LDLC-ASVEL-04-100x75.jpg 100w, https:\/\/newsestlyonnais.fr\/site\/wp-content\/uploads\/2019\/10\/NEWSESTLYONNAIS-LDLC-ASVEL-04-200x150.jpg 200w, https:\/\/newsestlyonnais.fr\/site\/wp-content\/uploads\/2019\/10\/NEWSESTLYONNAIS-LDLC-ASVEL-04-300x225.jpg 300w, https:\/\/newsestlyonnais.fr\/site\/wp-content\/uploads\/2019\/10\/NEWSESTLYONNAIS-LDLC-ASVEL-04-350x263.jpg 350w, https:\/\/newsestlyonnais.fr\/site\/wp-content\/uploads\/2019\/10\/NEWSESTLYONNAIS-LDLC-ASVEL-04-450x338.jpg 450w, https:\/\/newsestlyonnais.fr\/site\/wp-content\/uploads\/2019\/10\/NEWSESTLYONNAIS-LDLC-ASVEL-04-500x375.jpg 500w, https:\/\/newsestlyonnais.fr\/site\/wp-content\/uploads\/2019\/10\/NEWSESTLYONNAIS-LDLC-ASVEL-04-550x413.jpg 550w, https:\/\/newsestlyonnais.fr\/site\/wp-content\/uploads\/2019\/10\/NEWSESTLYONNAIS-LDLC-ASVEL-04-800x600.jpg 800w, https:\/\/newsestlyonnais.fr\/site\/wp-content\/uploads\/2019\/10\/NEWSESTLYONNAIS-LDLC-ASVEL-04-1200x900.jpg 1200w, https:\/\/newsestlyonnais.fr\/site\/wp-content\/uploads\/2019\/10\/NEWSESTLYONNAIS-LDLC-ASVEL-04-1600x1200.jpg 1600w, https:\/\/newsestlyonnais.fr\/site\/wp-content\/uploads\/2019\/10\/NEWSESTLYONNAIS-LDLC-ASVEL-04-2000x1500.jpg 2000w, https:\/\/newsestlyonnais.fr\/site\/wp-content\/uploads\/2019\/10\/NEWSESTLYONNAIS-LDLC-ASVEL-04-1320x990.jpg 1320w, https:\/\/newsestlyonnais.fr\/site\/wp-content\/uploads\/2019\/10\/NEWSESTLYONNAIS-LDLC-ASVEL-04.jpg 2048w\" sizes=\"auto, (max-width: 150px) 100vw, 150px\" \/><\/a>\n\t\t\t<\/div>\n\t\t\t\t<figcaption class='wp-caption-text gallery-caption' id='gallery-1-84737'>\n\t\t\t\tUne conf\u00e9rence tenue \u00e0 la salle Mado Bonnet, fief du club champion de France\n\t\t\t\t<\/figcaption><\/figure>\n\t\t<\/div>\n\n<p>:<\/p>\n<p>:<\/p>\n","protected":false},"excerpt":{"rendered":"<p>L&rsquo;officialisation de ce partenariat a \u00e9t\u00e9 annonc\u00e9e ce mercredi en d\u00e9but d&rsquo;apr\u00e8s-midi lors de la conf\u00e9rence de presse tenue \u00e0 la salle Mado Bonnet. <\/p>\n","protected":false},"author":4,"featured_media":84733,"comment_status":"open","ping_status":"open","sticky":false,"template":"","format":"standard","meta":{"footnotes":""},"categories":[1357,2975,3421,1625,2],"tags":[2060,3072,3068,2077,2109,3071,3070,3069],"class_list":["post-84731","post","type-post","status-publish","format-standard","has-post-thumbnail","hentry","category-basket","category-basket-hand-volley-sports","category-feminin-actu-au","category-lyon","category-sports","tag-basket","tag-laurent-de-la-clergerie","tag-ldlc-asvel-feminin","tag-lyon","tag-lyon-asvel-feminin","tag-marie-sophie-obama","tag-paoline-salagnac","tag-tony-parker"],"yoast_head":"<!-- This site is optimized with the Yoast SEO plugin v27.2 - https:\/\/yoast.com\/product\/yoast-seo-wordpress\/ -->\n<title>BASKET | Lyon Asvel f\u00e9minin devient LDLC Asvel f\u00e9minin - News Est Lyonnais<\/title>\n<meta name=\"description\" content=\"BASKET | Lyon Asvel f\u00e9minin devient LDLC Asvel f\u00e9minin\" \/>\n<meta name=\"robots\" content=\"index, follow, max-snippet:-1, max-image-preview:large, max-video-preview:-1\" \/>\n<link rel=\"canonical\" href=\"https:\/\/newsestlyonnais.fr\/site\/2019\/10\/02\/basket-lyon-asvel-feminin-devient-ldlc-asvel-feminin\/\" \/>\n<meta property=\"og:locale\" content=\"fr_FR\" \/>\n<meta property=\"og:type\" content=\"article\" \/>\n<meta property=\"og:title\" content=\"BASKET | Lyon Asvel f\u00e9minin devient LDLC Asvel f\u00e9minin - News Est Lyonnais\" \/>\n<meta property=\"og:description\" content=\"BASKET | Lyon Asvel f\u00e9minin devient LDLC Asvel f\u00e9minin\" \/>\n<meta property=\"og:url\" content=\"https:\/\/newsestlyonnais.fr\/site\/2019\/10\/02\/basket-lyon-asvel-feminin-devient-ldlc-asvel-feminin\/\" \/>\n<meta property=\"og:site_name\" content=\"News Est Lyonnais\" \/>\n<meta property=\"article:author\" content=\"https:\/\/www.facebook.com\/pascal.oberson.1?fref=ts\" \/>\n<meta property=\"article:published_time\" content=\"2019-10-02T16:06:00+00:00\" \/>\n<meta property=\"article:modified_time\" content=\"2020-10-26T06:15:50+00:00\" \/>\n<meta property=\"og:image\" content=\"https:\/\/i2.wp.com\/newsestlyonnais.fr\/site\/wp-content\/uploads\/2019\/10\/NEWSESTLYONNAIS-LDLC-ASVEL-02..jpg?fit=1200%2C800&ssl=1\" \/>\n\t<meta property=\"og:image:width\" content=\"1200\" \/>\n\t<meta property=\"og:image:height\" content=\"800\" \/>\n\t<meta property=\"og:image:type\" content=\"image\/jpeg\" \/>\n<meta name=\"author\" content=\"R\u00e9dac. NEWS\" \/>\n<meta name=\"twitter:card\" content=\"summary_large_image\" \/>\n<meta name=\"twitter:label1\" content=\"\u00c9crit par\" \/>\n\t<meta name=\"twitter:data1\" content=\"R\u00e9dac. NEWS\" \/>\n\t<meta name=\"twitter:label2\" content=\"Dur\u00e9e de lecture estim\u00e9e\" \/>\n\t<meta name=\"twitter:data2\" content=\"2 minutes\" \/>\n<script type=\"application\/ld+json\" class=\"yoast-schema-graph\">{\"@context\":\"https:\/\/schema.org\",\"@graph\":[{\"@type\":\"Article\",\"@id\":\"https:\/\/newsestlyonnais.fr\/site\/2019\/10\/02\/basket-lyon-asvel-feminin-devient-ldlc-asvel-feminin\/#article\",\"isPartOf\":{\"@id\":\"https:\/\/newsestlyonnais.fr\/site\/2019\/10\/02\/basket-lyon-asvel-feminin-devient-ldlc-asvel-feminin\/\"},\"author\":{\"name\":\"R\u00e9dac. NEWS\",\"@id\":\"https:\/\/newsestlyonnais.fr\/site\/#\/schema\/person\/3230d5615f390bb808365d673001e887\"},\"headline\":\"BASKET | Lyon Asvel f\u00e9minin devient LDLC Asvel f\u00e9minin\",\"datePublished\":\"2019-10-02T16:06:00+00:00\",\"dateModified\":\"2020-10-26T06:15:50+00:00\",\"mainEntityOfPage\":{\"@id\":\"https:\/\/newsestlyonnais.fr\/site\/2019\/10\/02\/basket-lyon-asvel-feminin-devient-ldlc-asvel-feminin\/\"},\"wordCount\":400,\"commentCount\":0,\"publisher\":{\"@id\":\"https:\/\/newsestlyonnais.fr\/site\/#organization\"},\"image\":{\"@id\":\"https:\/\/newsestlyonnais.fr\/site\/2019\/10\/02\/basket-lyon-asvel-feminin-devient-ldlc-asvel-feminin\/#primaryimage\"},\"thumbnailUrl\":\"https:\/\/newsestlyonnais.fr\/site\/wp-content\/uploads\/2019\/10\/NEWSESTLYONNAIS-LDLC-ASVEL-02..jpg\",\"keywords\":[\"BASKET\",\"Laurent De La Clergerie\",\"LDLC Asvel f\u00e9minin\",\"LYON\",\"LYON ASVEL FEMININ\",\"Marie-Sophie Obama\",\"Paoline Salagnac\",\"Tony Parker\"],\"articleSection\":[\"Basket\",\"Basket | Hand | Volley\",\"F\u00e9minin (Actu au)\",\"Lyon\",\"Sports\"],\"inLanguage\":\"fr-FR\",\"potentialAction\":[{\"@type\":\"CommentAction\",\"name\":\"Comment\",\"target\":[\"https:\/\/newsestlyonnais.fr\/site\/2019\/10\/02\/basket-lyon-asvel-feminin-devient-ldlc-asvel-feminin\/#respond\"]}]},{\"@type\":\"WebPage\",\"@id\":\"https:\/\/newsestlyonnais.fr\/site\/2019\/10\/02\/basket-lyon-asvel-feminin-devient-ldlc-asvel-feminin\/\",\"url\":\"https:\/\/newsestlyonnais.fr\/site\/2019\/10\/02\/basket-lyon-asvel-feminin-devient-ldlc-asvel-feminin\/\",\"name\":\"BASKET | Lyon Asvel f\u00e9minin devient LDLC Asvel f\u00e9minin - News Est Lyonnais\",\"isPartOf\":{\"@id\":\"https:\/\/newsestlyonnais.fr\/site\/#website\"},\"primaryImageOfPage\":{\"@id\":\"https:\/\/newsestlyonnais.fr\/site\/2019\/10\/02\/basket-lyon-asvel-feminin-devient-ldlc-asvel-feminin\/#primaryimage\"},\"image\":{\"@id\":\"https:\/\/newsestlyonnais.fr\/site\/2019\/10\/02\/basket-lyon-asvel-feminin-devient-ldlc-asvel-feminin\/#primaryimage\"},\"thumbnailUrl\":\"https:\/\/newsestlyonnais.fr\/site\/wp-content\/uploads\/2019\/10\/NEWSESTLYONNAIS-LDLC-ASVEL-02..jpg\",\"datePublished\":\"2019-10-02T16:06:00+00:00\",\"dateModified\":\"2020-10-26T06:15:50+00:00\",\"description\":\"BASKET | Lyon Asvel f\u00e9minin devient LDLC Asvel f\u00e9minin\",\"breadcrumb\":{\"@id\":\"https:\/\/newsestlyonnais.fr\/site\/2019\/10\/02\/basket-lyon-asvel-feminin-devient-ldlc-asvel-feminin\/#breadcrumb\"},\"inLanguage\":\"fr-FR\",\"potentialAction\":[{\"@type\":\"ReadAction\",\"target\":[\"https:\/\/newsestlyonnais.fr\/site\/2019\/10\/02\/basket-lyon-asvel-feminin-devient-ldlc-asvel-feminin\/\"]}]},{\"@type\":\"ImageObject\",\"inLanguage\":\"fr-FR\",\"@id\":\"https:\/\/newsestlyonnais.fr\/site\/2019\/10\/02\/basket-lyon-asvel-feminin-devient-ldlc-asvel-feminin\/#primaryimage\",\"url\":\"https:\/\/newsestlyonnais.fr\/site\/wp-content\/uploads\/2019\/10\/NEWSESTLYONNAIS-LDLC-ASVEL-02..jpg\",\"contentUrl\":\"https:\/\/newsestlyonnais.fr\/site\/wp-content\/uploads\/2019\/10\/NEWSESTLYONNAIS-LDLC-ASVEL-02..jpg\",\"width\":1200,\"height\":800},{\"@type\":\"BreadcrumbList\",\"@id\":\"https:\/\/newsestlyonnais.fr\/site\/2019\/10\/02\/basket-lyon-asvel-feminin-devient-ldlc-asvel-feminin\/#breadcrumb\",\"itemListElement\":[{\"@type\":\"ListItem\",\"position\":1,\"name\":\"Accueil\",\"item\":\"https:\/\/newsestlyonnais.fr\/site\/\"},{\"@type\":\"ListItem\",\"position\":2,\"name\":\"BASKET | Lyon Asvel f\u00e9minin devient LDLC Asvel f\u00e9minin\"}]},{\"@type\":\"WebSite\",\"@id\":\"https:\/\/newsestlyonnais.fr\/site\/#website\",\"url\":\"https:\/\/newsestlyonnais.fr\/site\/\",\"name\":\"News Est Lyonnais\",\"description\":\"L&#039;actualit\u00e9 au plus pr\u00e8s\",\"publisher\":{\"@id\":\"https:\/\/newsestlyonnais.fr\/site\/#organization\"},\"potentialAction\":[{\"@type\":\"SearchAction\",\"target\":{\"@type\":\"EntryPoint\",\"urlTemplate\":\"https:\/\/newsestlyonnais.fr\/site\/?s={search_term_string}\"},\"query-input\":{\"@type\":\"PropertyValueSpecification\",\"valueRequired\":true,\"valueName\":\"search_term_string\"}}],\"inLanguage\":\"fr-FR\"},{\"@type\":\"Organization\",\"@id\":\"https:\/\/newsestlyonnais.fr\/site\/#organization\",\"name\":\"News EST LYONNAIS\",\"url\":\"https:\/\/newsestlyonnais.fr\/site\/\",\"logo\":{\"@type\":\"ImageObject\",\"inLanguage\":\"fr-FR\",\"@id\":\"https:\/\/newsestlyonnais.fr\/site\/#\/schema\/logo\/image\/\",\"url\":\"\",\"contentUrl\":\"\",\"caption\":\"News EST LYONNAIS\"},\"image\":{\"@id\":\"https:\/\/newsestlyonnais.fr\/site\/#\/schema\/logo\/image\/\"}},{\"@type\":\"Person\",\"@id\":\"https:\/\/newsestlyonnais.fr\/site\/#\/schema\/person\/3230d5615f390bb808365d673001e887\",\"name\":\"R\u00e9dac. NEWS\",\"sameAs\":[\"http:\/\/www.newsestlyonnais.fr\",\"https:\/\/www.facebook.com\/pascal.oberson.1?fref=ts\",\"https:\/\/fr.linkedin.com\/in\/pascal-oberson-b17045113\"],\"url\":\"https:\/\/newsestlyonnais.fr\/site\/author\/nel\/\"}]}<\/script>\n<!-- \/ Yoast SEO plugin. -->","yoast_head_json":{"title":"BASKET | Lyon Asvel f\u00e9minin devient LDLC Asvel f\u00e9minin - News Est Lyonnais","description":"BASKET | Lyon Asvel f\u00e9minin devient LDLC Asvel f\u00e9minin","robots":{"index":"index","follow":"follow","max-snippet":"max-snippet:-1","max-image-preview":"max-image-preview:large","max-video-preview":"max-video-preview:-1"},"canonical":"https:\/\/newsestlyonnais.fr\/site\/2019\/10\/02\/basket-lyon-asvel-feminin-devient-ldlc-asvel-feminin\/","og_locale":"fr_FR","og_type":"article","og_title":"BASKET | Lyon Asvel f\u00e9minin devient LDLC Asvel f\u00e9minin - News Est Lyonnais","og_description":"BASKET | Lyon Asvel f\u00e9minin devient LDLC Asvel f\u00e9minin","og_url":"https:\/\/newsestlyonnais.fr\/site\/2019\/10\/02\/basket-lyon-asvel-feminin-devient-ldlc-asvel-feminin\/","og_site_name":"News Est Lyonnais","article_author":"https:\/\/www.facebook.com\/pascal.oberson.1?fref=ts","article_published_time":"2019-10-02T16:06:00+00:00","article_modified_time":"2020-10-26T06:15:50+00:00","og_image":[{"width":1200,"height":800,"url":"https:\/\/i2.wp.com\/newsestlyonnais.fr\/site\/wp-content\/uploads\/2019\/10\/NEWSESTLYONNAIS-LDLC-ASVEL-02..jpg?fit=1200%2C800&ssl=1","type":"image\/jpeg"}],"author":"R\u00e9dac. NEWS","twitter_card":"summary_large_image","twitter_misc":{"\u00c9crit par":"R\u00e9dac. NEWS","Dur\u00e9e de lecture estim\u00e9e":"2 minutes"},"schema":{"@context":"https:\/\/schema.org","@graph":[{"@type":"Article","@id":"https:\/\/newsestlyonnais.fr\/site\/2019\/10\/02\/basket-lyon-asvel-feminin-devient-ldlc-asvel-feminin\/#article","isPartOf":{"@id":"https:\/\/newsestlyonnais.fr\/site\/2019\/10\/02\/basket-lyon-asvel-feminin-devient-ldlc-asvel-feminin\/"},"author":{"name":"R\u00e9dac. NEWS","@id":"https:\/\/newsestlyonnais.fr\/site\/#\/schema\/person\/3230d5615f390bb808365d673001e887"},"headline":"BASKET | Lyon Asvel f\u00e9minin devient LDLC Asvel f\u00e9minin","datePublished":"2019-10-02T16:06:00+00:00","dateModified":"2020-10-26T06:15:50+00:00","mainEntityOfPage":{"@id":"https:\/\/newsestlyonnais.fr\/site\/2019\/10\/02\/basket-lyon-asvel-feminin-devient-ldlc-asvel-feminin\/"},"wordCount":400,"commentCount":0,"publisher":{"@id":"https:\/\/newsestlyonnais.fr\/site\/#organization"},"image":{"@id":"https:\/\/newsestlyonnais.fr\/site\/2019\/10\/02\/basket-lyon-asvel-feminin-devient-ldlc-asvel-feminin\/#primaryimage"},"thumbnailUrl":"https:\/\/newsestlyonnais.fr\/site\/wp-content\/uploads\/2019\/10\/NEWSESTLYONNAIS-LDLC-ASVEL-02..jpg","keywords":["BASKET","Laurent De La Clergerie","LDLC Asvel f\u00e9minin","LYON","LYON ASVEL FEMININ","Marie-Sophie Obama","Paoline Salagnac","Tony Parker"],"articleSection":["Basket","Basket | Hand | Volley","F\u00e9minin (Actu au)","Lyon","Sports"],"inLanguage":"fr-FR","potentialAction":[{"@type":"CommentAction","name":"Comment","target":["https:\/\/newsestlyonnais.fr\/site\/2019\/10\/02\/basket-lyon-asvel-feminin-devient-ldlc-asvel-feminin\/#respond"]}]},{"@type":"WebPage","@id":"https:\/\/newsestlyonnais.fr\/site\/2019\/10\/02\/basket-lyon-asvel-feminin-devient-ldlc-asvel-feminin\/","url":"https:\/\/newsestlyonnais.fr\/site\/2019\/10\/02\/basket-lyon-asvel-feminin-devient-ldlc-asvel-feminin\/","name":"BASKET | Lyon Asvel f\u00e9minin devient LDLC Asvel f\u00e9minin - News Est Lyonnais","isPartOf":{"@id":"https:\/\/newsestlyonnais.fr\/site\/#website"},"primaryImageOfPage":{"@id":"https:\/\/newsestlyonnais.fr\/site\/2019\/10\/02\/basket-lyon-asvel-feminin-devient-ldlc-asvel-feminin\/#primaryimage"},"image":{"@id":"https:\/\/newsestlyonnais.fr\/site\/2019\/10\/02\/basket-lyon-asvel-feminin-devient-ldlc-asvel-feminin\/#primaryimage"},"thumbnailUrl":"https:\/\/newsestlyonnais.fr\/site\/wp-content\/uploads\/2019\/10\/NEWSESTLYONNAIS-LDLC-ASVEL-02..jpg","datePublished":"2019-10-02T16:06:00+00:00","dateModified":"2020-10-26T06:15:50+00:00","description":"BASKET | Lyon Asvel f\u00e9minin devient LDLC Asvel f\u00e9minin","breadcrumb":{"@id":"https:\/\/newsestlyonnais.fr\/site\/2019\/10\/02\/basket-lyon-asvel-feminin-devient-ldlc-asvel-feminin\/#breadcrumb"},"inLanguage":"fr-FR","potentialAction":[{"@type":"ReadAction","target":["https:\/\/newsestlyonnais.fr\/site\/2019\/10\/02\/basket-lyon-asvel-feminin-devient-ldlc-asvel-feminin\/"]}]},{"@type":"ImageObject","inLanguage":"fr-FR","@id":"https:\/\/newsestlyonnais.fr\/site\/2019\/10\/02\/basket-lyon-asvel-feminin-devient-ldlc-asvel-feminin\/#primaryimage","url":"https:\/\/newsestlyonnais.fr\/site\/wp-content\/uploads\/2019\/10\/NEWSESTLYONNAIS-LDLC-ASVEL-02..jpg","contentUrl":"https:\/\/newsestlyonnais.fr\/site\/wp-content\/uploads\/2019\/10\/NEWSESTLYONNAIS-LDLC-ASVEL-02..jpg","width":1200,"height":800},{"@type":"BreadcrumbList","@id":"https:\/\/newsestlyonnais.fr\/site\/2019\/10\/02\/basket-lyon-asvel-feminin-devient-ldlc-asvel-feminin\/#breadcrumb","itemListElement":[{"@type":"ListItem","position":1,"name":"Accueil","item":"https:\/\/newsestlyonnais.fr\/site\/"},{"@type":"ListItem","position":2,"name":"BASKET | Lyon Asvel f\u00e9minin devient LDLC Asvel f\u00e9minin"}]},{"@type":"WebSite","@id":"https:\/\/newsestlyonnais.fr\/site\/#website","url":"https:\/\/newsestlyonnais.fr\/site\/","name":"News Est Lyonnais","description":"L&#039;actualit\u00e9 au plus pr\u00e8s","publisher":{"@id":"https:\/\/newsestlyonnais.fr\/site\/#organization"},"potentialAction":[{"@type":"SearchAction","target":{"@type":"EntryPoint","urlTemplate":"https:\/\/newsestlyonnais.fr\/site\/?s={search_term_string}"},"query-input":{"@type":"PropertyValueSpecification","valueRequired":true,"valueName":"search_term_string"}}],"inLanguage":"fr-FR"},{"@type":"Organization","@id":"https:\/\/newsestlyonnais.fr\/site\/#organization","name":"News EST LYONNAIS","url":"https:\/\/newsestlyonnais.fr\/site\/","logo":{"@type":"ImageObject","inLanguage":"fr-FR","@id":"https:\/\/newsestlyonnais.fr\/site\/#\/schema\/logo\/image\/","url":"","contentUrl":"","caption":"News EST LYONNAIS"},"image":{"@id":"https:\/\/newsestlyonnais.fr\/site\/#\/schema\/logo\/image\/"}},{"@type":"Person","@id":"https:\/\/newsestlyonnais.fr\/site\/#\/schema\/person\/3230d5615f390bb808365d673001e887","name":"R\u00e9dac. NEWS","sameAs":["http:\/\/www.newsestlyonnais.fr","https:\/\/www.facebook.com\/pascal.oberson.1?fref=ts","https:\/\/fr.linkedin.com\/in\/pascal-oberson-b17045113"],"url":"https:\/\/newsestlyonnais.fr\/site\/author\/nel\/"}]}},"_links":{"self":[{"href":"https:\/\/newsestlyonnais.fr\/site\/wp-json\/wp\/v2\/posts\/84731","targetHints":{"allow":["GET"]}}],"collection":[{"href":"https:\/\/newsestlyonnais.fr\/site\/wp-json\/wp\/v2\/posts"}],"about":[{"href":"https:\/\/newsestlyonnais.fr\/site\/wp-json\/wp\/v2\/types\/post"}],"author":[{"embeddable":true,"href":"https:\/\/newsestlyonnais.fr\/site\/wp-json\/wp\/v2\/users\/4"}],"replies":[{"embeddable":true,"href":"https:\/\/newsestlyonnais.fr\/site\/wp-json\/wp\/v2\/comments?post=84731"}],"version-history":[{"count":0,"href":"https:\/\/newsestlyonnais.fr\/site\/wp-json\/wp\/v2\/posts\/84731\/revisions"}],"wp:featuredmedia":[{"embeddable":true,"href":"https:\/\/newsestlyonnais.fr\/site\/wp-json\/wp\/v2\/media\/84733"}],"wp:attachment":[{"href":"https:\/\/newsestlyonnais.fr\/site\/wp-json\/wp\/v2\/media?parent=84731"}],"wp:term":[{"taxonomy":"category","embeddable":true,"href":"https:\/\/newsestlyonnais.fr\/site\/wp-json\/wp\/v2\/categories?post=84731"},{"taxonomy":"post_tag","embeddable":true,"href":"https:\/\/newsestlyonnais.fr\/site\/wp-json\/wp\/v2\/tags?post=84731"}],"curies":[{"name":"wp","href":"https:\/\/api.w.org\/{rel}","templated":true}]}}