{"id":85243,"date":"2019-10-09T13:07:28","date_gmt":"2019-10-09T12:07:28","guid":{"rendered":"http:\/\/newsestlyonnais.fr\/site\/?p=85243"},"modified":"2019-10-10T06:22:07","modified_gmt":"2019-10-10T05:22:07","slug":"venissieux-les-manifestations-au-19-octobre","status":"publish","type":"post","link":"https:\/\/newsestlyonnais.fr\/site\/2019\/10\/09\/venissieux-les-manifestations-au-19-octobre\/","title":{"rendered":"VENISSIEUX | Les manifestations au 19 octobre"},"content":{"rendered":"<ul>\n<li><strong>Vendredi 11 octobre \u00e0 partir de 17 h : Animations ouvertes<\/strong> \u00e0 tous dans le cadre de la 22\u00b0 \u00e9dition de la Semaine du go\u00fbt. (M\u00e9diath\u00e8que Lucie-Aubrac, 2\/4 avenue Marcel-Hou\u00ebl).<\/li>\n<li><strong>Samedi 12 octobre \u00e0 9 h : Visite de territoire<\/strong> des quartiers Parilly et Jules-Guesde. (Place Grandcl\u00e9ment, sortie m\u00e9tro face \u00e0 la Maison de la M\u00e9tropole).<\/li>\n<li><strong>Lundi 14 octobre \u00e0 18 h 30 : Conseil municipal<\/strong>. (H\u00f4tel de Ville).<\/li>\n<li><strong>Mardi 15 octobre \u00e0 18 h : Assembl\u00e9e g\u00e9n\u00e9rale<\/strong> du conseil de quartier Parilly. (Salle Jeanne-Labourbe, 6 rue Jeanne-Labourbe).<\/li>\n<li><strong>Mercredi 16 octobre \u00e0 18 h : Assembl\u00e9e g\u00e9n\u00e9rale<\/strong> du conseil de quartier Jules-Guesde. (Restaurant du Groupe scolaire Jules-Guesde, 55 rue Joann\u00e8s-Vallet).<\/li>\n<li><strong>Jeudi 17 octobre \u00e0 17 h 30 : Comm\u00e9moration du 17 octobre 1961. <\/strong>(Parc Louis-Dupic).<\/li>\n<li><strong>Samedi 19 octobre \u00e0 9 h : Visite de territoire<\/strong> des quartiers Max-Barel\/ Charr\u00e9ard et Louis-Pasteur\/Monery. (1 rue Max-Barel).<\/li>\n<\/ul>\n<p><strong>Retrouvez l\u2019ACTU de la commune sur : <a href=\"https:\/\/www.ville-venissieux.fr\" target=\"_blank\" rel=\"noreferrer noopener\">https:\/\/www.ville-venissieux.fr<\/a><\/strong><\/p>\n","protected":false},"excerpt":{"rendered":"<p>Plusieurs \u00e9v\u00e8nements sont programm\u00e9s sur la commune d&rsquo;ici les prochains jours.<\/p>\n","protected":false},"author":4,"featured_media":85249,"comment_status":"open","ping_status":"open","sticky":false,"template":"","format":"standard","meta":{"footnotes":""},"categories":[1298],"tags":[1991,2059,2067],"class_list":["post-85243","post","type-post","status-publish","format-standard","has-post-thumbnail","hentry","category-venissieux","tag-agenda","tag-manifestations","tag-venissieux"],"yoast_head":"<!-- This site is optimized with the Yoast SEO plugin v27.2 - https:\/\/yoast.com\/product\/yoast-seo-wordpress\/ -->\n<title>VENISSIEUX | Les manifestations au 19 octobre - News Est Lyonnais<\/title>\n<meta name=\"description\" content=\"VENISSIEUX | Les manifestations au 19 octobre\" \/>\n<meta name=\"robots\" content=\"index, follow, max-snippet:-1, max-image-preview:large, max-video-preview:-1\" \/>\n<link rel=\"canonical\" href=\"https:\/\/newsestlyonnais.fr\/site\/2019\/10\/09\/venissieux-les-manifestations-au-19-octobre\/\" \/>\n<meta property=\"og:locale\" content=\"fr_FR\" \/>\n<meta property=\"og:type\" content=\"article\" \/>\n<meta property=\"og:title\" content=\"VENISSIEUX | Les manifestations au 19 octobre - News Est Lyonnais\" \/>\n<meta property=\"og:description\" content=\"VENISSIEUX | Les manifestations au 19 octobre\" \/>\n<meta property=\"og:url\" content=\"https:\/\/newsestlyonnais.fr\/site\/2019\/10\/09\/venissieux-les-manifestations-au-19-octobre\/\" \/>\n<meta property=\"og:site_name\" content=\"News Est Lyonnais\" \/>\n<meta property=\"article:author\" content=\"https:\/\/www.facebook.com\/pascal.oberson.1?fref=ts\" \/>\n<meta property=\"article:published_time\" content=\"2019-10-09T12:07:28+00:00\" \/>\n<meta property=\"article:modified_time\" content=\"2019-10-10T05:22:07+00:00\" \/>\n<meta property=\"og:image\" content=\"https:\/\/i0.wp.com\/newsestlyonnais.fr\/site\/wp-content\/uploads\/2019\/10\/NEWSESTLYONNAIS-PANNEAU-VENISSIEUX-.jpg?fit=1200%2C800&ssl=1\" \/>\n\t<meta property=\"og:image:width\" content=\"1200\" \/>\n\t<meta property=\"og:image:height\" content=\"800\" \/>\n\t<meta property=\"og:image:type\" content=\"image\/jpeg\" \/>\n<meta name=\"author\" content=\"R\u00e9dac. NEWS\" \/>\n<meta name=\"twitter:card\" content=\"summary_large_image\" \/>\n<meta name=\"twitter:label1\" content=\"\u00c9crit par\" \/>\n\t<meta name=\"twitter:data1\" content=\"R\u00e9dac. NEWS\" \/>\n\t<meta name=\"twitter:label2\" content=\"Dur\u00e9e de lecture estim\u00e9e\" \/>\n\t<meta name=\"twitter:data2\" content=\"1 minute\" \/>\n<script type=\"application\/ld+json\" class=\"yoast-schema-graph\">{\"@context\":\"https:\/\/schema.org\",\"@graph\":[{\"@type\":\"Article\",\"@id\":\"https:\/\/newsestlyonnais.fr\/site\/2019\/10\/09\/venissieux-les-manifestations-au-19-octobre\/#article\",\"isPartOf\":{\"@id\":\"https:\/\/newsestlyonnais.fr\/site\/2019\/10\/09\/venissieux-les-manifestations-au-19-octobre\/\"},\"author\":{\"name\":\"R\u00e9dac. NEWS\",\"@id\":\"https:\/\/newsestlyonnais.fr\/site\/#\/schema\/person\/3230d5615f390bb808365d673001e887\"},\"headline\":\"VENISSIEUX | Les manifestations au 19 octobre\",\"datePublished\":\"2019-10-09T12:07:28+00:00\",\"dateModified\":\"2019-10-10T05:22:07+00:00\",\"mainEntityOfPage\":{\"@id\":\"https:\/\/newsestlyonnais.fr\/site\/2019\/10\/09\/venissieux-les-manifestations-au-19-octobre\/\"},\"wordCount\":139,\"commentCount\":0,\"publisher\":{\"@id\":\"https:\/\/newsestlyonnais.fr\/site\/#organization\"},\"image\":{\"@id\":\"https:\/\/newsestlyonnais.fr\/site\/2019\/10\/09\/venissieux-les-manifestations-au-19-octobre\/#primaryimage\"},\"thumbnailUrl\":\"https:\/\/newsestlyonnais.fr\/site\/wp-content\/uploads\/2019\/10\/NEWSESTLYONNAIS-PANNEAU-VENISSIEUX-.jpg\",\"keywords\":[\"AGENDA\",\"MANIFESTATIONS\",\"VENISSIEUX\"],\"articleSection\":[\"V\u00e9nissieux\"],\"inLanguage\":\"fr-FR\",\"potentialAction\":[{\"@type\":\"CommentAction\",\"name\":\"Comment\",\"target\":[\"https:\/\/newsestlyonnais.fr\/site\/2019\/10\/09\/venissieux-les-manifestations-au-19-octobre\/#respond\"]}]},{\"@type\":\"WebPage\",\"@id\":\"https:\/\/newsestlyonnais.fr\/site\/2019\/10\/09\/venissieux-les-manifestations-au-19-octobre\/\",\"url\":\"https:\/\/newsestlyonnais.fr\/site\/2019\/10\/09\/venissieux-les-manifestations-au-19-octobre\/\",\"name\":\"VENISSIEUX | Les manifestations au 19 octobre - News Est Lyonnais\",\"isPartOf\":{\"@id\":\"https:\/\/newsestlyonnais.fr\/site\/#website\"},\"primaryImageOfPage\":{\"@id\":\"https:\/\/newsestlyonnais.fr\/site\/2019\/10\/09\/venissieux-les-manifestations-au-19-octobre\/#primaryimage\"},\"image\":{\"@id\":\"https:\/\/newsestlyonnais.fr\/site\/2019\/10\/09\/venissieux-les-manifestations-au-19-octobre\/#primaryimage\"},\"thumbnailUrl\":\"https:\/\/newsestlyonnais.fr\/site\/wp-content\/uploads\/2019\/10\/NEWSESTLYONNAIS-PANNEAU-VENISSIEUX-.jpg\",\"datePublished\":\"2019-10-09T12:07:28+00:00\",\"dateModified\":\"2019-10-10T05:22:07+00:00\",\"description\":\"VENISSIEUX | Les manifestations au 19 octobre\",\"breadcrumb\":{\"@id\":\"https:\/\/newsestlyonnais.fr\/site\/2019\/10\/09\/venissieux-les-manifestations-au-19-octobre\/#breadcrumb\"},\"inLanguage\":\"fr-FR\",\"potentialAction\":[{\"@type\":\"ReadAction\",\"target\":[\"https:\/\/newsestlyonnais.fr\/site\/2019\/10\/09\/venissieux-les-manifestations-au-19-octobre\/\"]}]},{\"@type\":\"ImageObject\",\"inLanguage\":\"fr-FR\",\"@id\":\"https:\/\/newsestlyonnais.fr\/site\/2019\/10\/09\/venissieux-les-manifestations-au-19-octobre\/#primaryimage\",\"url\":\"https:\/\/newsestlyonnais.fr\/site\/wp-content\/uploads\/2019\/10\/NEWSESTLYONNAIS-PANNEAU-VENISSIEUX-.jpg\",\"contentUrl\":\"https:\/\/newsestlyonnais.fr\/site\/wp-content\/uploads\/2019\/10\/NEWSESTLYONNAIS-PANNEAU-VENISSIEUX-.jpg\",\"width\":1200,\"height\":800},{\"@type\":\"BreadcrumbList\",\"@id\":\"https:\/\/newsestlyonnais.fr\/site\/2019\/10\/09\/venissieux-les-manifestations-au-19-octobre\/#breadcrumb\",\"itemListElement\":[{\"@type\":\"ListItem\",\"position\":1,\"name\":\"Accueil\",\"item\":\"https:\/\/newsestlyonnais.fr\/site\/\"},{\"@type\":\"ListItem\",\"position\":2,\"name\":\"VENISSIEUX | Les manifestations au 19 octobre\"}]},{\"@type\":\"WebSite\",\"@id\":\"https:\/\/newsestlyonnais.fr\/site\/#website\",\"url\":\"https:\/\/newsestlyonnais.fr\/site\/\",\"name\":\"News Est Lyonnais\",\"description\":\"L&#039;actualit\u00e9 au plus pr\u00e8s\",\"publisher\":{\"@id\":\"https:\/\/newsestlyonnais.fr\/site\/#organization\"},\"potentialAction\":[{\"@type\":\"SearchAction\",\"target\":{\"@type\":\"EntryPoint\",\"urlTemplate\":\"https:\/\/newsestlyonnais.fr\/site\/?s={search_term_string}\"},\"query-input\":{\"@type\":\"PropertyValueSpecification\",\"valueRequired\":true,\"valueName\":\"search_term_string\"}}],\"inLanguage\":\"fr-FR\"},{\"@type\":\"Organization\",\"@id\":\"https:\/\/newsestlyonnais.fr\/site\/#organization\",\"name\":\"News EST LYONNAIS\",\"url\":\"https:\/\/newsestlyonnais.fr\/site\/\",\"logo\":{\"@type\":\"ImageObject\",\"inLanguage\":\"fr-FR\",\"@id\":\"https:\/\/newsestlyonnais.fr\/site\/#\/schema\/logo\/image\/\",\"url\":\"\",\"contentUrl\":\"\",\"caption\":\"News EST LYONNAIS\"},\"image\":{\"@id\":\"https:\/\/newsestlyonnais.fr\/site\/#\/schema\/logo\/image\/\"}},{\"@type\":\"Person\",\"@id\":\"https:\/\/newsestlyonnais.fr\/site\/#\/schema\/person\/3230d5615f390bb808365d673001e887\",\"name\":\"R\u00e9dac. NEWS\",\"sameAs\":[\"http:\/\/www.newsestlyonnais.fr\",\"https:\/\/www.facebook.com\/pascal.oberson.1?fref=ts\",\"https:\/\/fr.linkedin.com\/in\/pascal-oberson-b17045113\"],\"url\":\"https:\/\/newsestlyonnais.fr\/site\/author\/nel\/\"}]}<\/script>\n<!-- \/ Yoast SEO plugin. -->","yoast_head_json":{"title":"VENISSIEUX | Les manifestations au 19 octobre - News Est Lyonnais","description":"VENISSIEUX | Les manifestations au 19 octobre","robots":{"index":"index","follow":"follow","max-snippet":"max-snippet:-1","max-image-preview":"max-image-preview:large","max-video-preview":"max-video-preview:-1"},"canonical":"https:\/\/newsestlyonnais.fr\/site\/2019\/10\/09\/venissieux-les-manifestations-au-19-octobre\/","og_locale":"fr_FR","og_type":"article","og_title":"VENISSIEUX | Les manifestations au 19 octobre - News Est Lyonnais","og_description":"VENISSIEUX | Les manifestations au 19 octobre","og_url":"https:\/\/newsestlyonnais.fr\/site\/2019\/10\/09\/venissieux-les-manifestations-au-19-octobre\/","og_site_name":"News Est Lyonnais","article_author":"https:\/\/www.facebook.com\/pascal.oberson.1?fref=ts","article_published_time":"2019-10-09T12:07:28+00:00","article_modified_time":"2019-10-10T05:22:07+00:00","og_image":[{"width":1200,"height":800,"url":"https:\/\/i0.wp.com\/newsestlyonnais.fr\/site\/wp-content\/uploads\/2019\/10\/NEWSESTLYONNAIS-PANNEAU-VENISSIEUX-.jpg?fit=1200%2C800&ssl=1","type":"image\/jpeg"}],"author":"R\u00e9dac. NEWS","twitter_card":"summary_large_image","twitter_misc":{"\u00c9crit par":"R\u00e9dac. NEWS","Dur\u00e9e de lecture estim\u00e9e":"1 minute"},"schema":{"@context":"https:\/\/schema.org","@graph":[{"@type":"Article","@id":"https:\/\/newsestlyonnais.fr\/site\/2019\/10\/09\/venissieux-les-manifestations-au-19-octobre\/#article","isPartOf":{"@id":"https:\/\/newsestlyonnais.fr\/site\/2019\/10\/09\/venissieux-les-manifestations-au-19-octobre\/"},"author":{"name":"R\u00e9dac. NEWS","@id":"https:\/\/newsestlyonnais.fr\/site\/#\/schema\/person\/3230d5615f390bb808365d673001e887"},"headline":"VENISSIEUX | Les manifestations au 19 octobre","datePublished":"2019-10-09T12:07:28+00:00","dateModified":"2019-10-10T05:22:07+00:00","mainEntityOfPage":{"@id":"https:\/\/newsestlyonnais.fr\/site\/2019\/10\/09\/venissieux-les-manifestations-au-19-octobre\/"},"wordCount":139,"commentCount":0,"publisher":{"@id":"https:\/\/newsestlyonnais.fr\/site\/#organization"},"image":{"@id":"https:\/\/newsestlyonnais.fr\/site\/2019\/10\/09\/venissieux-les-manifestations-au-19-octobre\/#primaryimage"},"thumbnailUrl":"https:\/\/newsestlyonnais.fr\/site\/wp-content\/uploads\/2019\/10\/NEWSESTLYONNAIS-PANNEAU-VENISSIEUX-.jpg","keywords":["AGENDA","MANIFESTATIONS","VENISSIEUX"],"articleSection":["V\u00e9nissieux"],"inLanguage":"fr-FR","potentialAction":[{"@type":"CommentAction","name":"Comment","target":["https:\/\/newsestlyonnais.fr\/site\/2019\/10\/09\/venissieux-les-manifestations-au-19-octobre\/#respond"]}]},{"@type":"WebPage","@id":"https:\/\/newsestlyonnais.fr\/site\/2019\/10\/09\/venissieux-les-manifestations-au-19-octobre\/","url":"https:\/\/newsestlyonnais.fr\/site\/2019\/10\/09\/venissieux-les-manifestations-au-19-octobre\/","name":"VENISSIEUX | Les manifestations au 19 octobre - News Est Lyonnais","isPartOf":{"@id":"https:\/\/newsestlyonnais.fr\/site\/#website"},"primaryImageOfPage":{"@id":"https:\/\/newsestlyonnais.fr\/site\/2019\/10\/09\/venissieux-les-manifestations-au-19-octobre\/#primaryimage"},"image":{"@id":"https:\/\/newsestlyonnais.fr\/site\/2019\/10\/09\/venissieux-les-manifestations-au-19-octobre\/#primaryimage"},"thumbnailUrl":"https:\/\/newsestlyonnais.fr\/site\/wp-content\/uploads\/2019\/10\/NEWSESTLYONNAIS-PANNEAU-VENISSIEUX-.jpg","datePublished":"2019-10-09T12:07:28+00:00","dateModified":"2019-10-10T05:22:07+00:00","description":"VENISSIEUX | Les manifestations au 19 octobre","breadcrumb":{"@id":"https:\/\/newsestlyonnais.fr\/site\/2019\/10\/09\/venissieux-les-manifestations-au-19-octobre\/#breadcrumb"},"inLanguage":"fr-FR","potentialAction":[{"@type":"ReadAction","target":["https:\/\/newsestlyonnais.fr\/site\/2019\/10\/09\/venissieux-les-manifestations-au-19-octobre\/"]}]},{"@type":"ImageObject","inLanguage":"fr-FR","@id":"https:\/\/newsestlyonnais.fr\/site\/2019\/10\/09\/venissieux-les-manifestations-au-19-octobre\/#primaryimage","url":"https:\/\/newsestlyonnais.fr\/site\/wp-content\/uploads\/2019\/10\/NEWSESTLYONNAIS-PANNEAU-VENISSIEUX-.jpg","contentUrl":"https:\/\/newsestlyonnais.fr\/site\/wp-content\/uploads\/2019\/10\/NEWSESTLYONNAIS-PANNEAU-VENISSIEUX-.jpg","width":1200,"height":800},{"@type":"BreadcrumbList","@id":"https:\/\/newsestlyonnais.fr\/site\/2019\/10\/09\/venissieux-les-manifestations-au-19-octobre\/#breadcrumb","itemListElement":[{"@type":"ListItem","position":1,"name":"Accueil","item":"https:\/\/newsestlyonnais.fr\/site\/"},{"@type":"ListItem","position":2,"name":"VENISSIEUX | Les manifestations au 19 octobre"}]},{"@type":"WebSite","@id":"https:\/\/newsestlyonnais.fr\/site\/#website","url":"https:\/\/newsestlyonnais.fr\/site\/","name":"News Est Lyonnais","description":"L&#039;actualit\u00e9 au plus pr\u00e8s","publisher":{"@id":"https:\/\/newsestlyonnais.fr\/site\/#organization"},"potentialAction":[{"@type":"SearchAction","target":{"@type":"EntryPoint","urlTemplate":"https:\/\/newsestlyonnais.fr\/site\/?s={search_term_string}"},"query-input":{"@type":"PropertyValueSpecification","valueRequired":true,"valueName":"search_term_string"}}],"inLanguage":"fr-FR"},{"@type":"Organization","@id":"https:\/\/newsestlyonnais.fr\/site\/#organization","name":"News EST LYONNAIS","url":"https:\/\/newsestlyonnais.fr\/site\/","logo":{"@type":"ImageObject","inLanguage":"fr-FR","@id":"https:\/\/newsestlyonnais.fr\/site\/#\/schema\/logo\/image\/","url":"","contentUrl":"","caption":"News EST LYONNAIS"},"image":{"@id":"https:\/\/newsestlyonnais.fr\/site\/#\/schema\/logo\/image\/"}},{"@type":"Person","@id":"https:\/\/newsestlyonnais.fr\/site\/#\/schema\/person\/3230d5615f390bb808365d673001e887","name":"R\u00e9dac. NEWS","sameAs":["http:\/\/www.newsestlyonnais.fr","https:\/\/www.facebook.com\/pascal.oberson.1?fref=ts","https:\/\/fr.linkedin.com\/in\/pascal-oberson-b17045113"],"url":"https:\/\/newsestlyonnais.fr\/site\/author\/nel\/"}]}},"_links":{"self":[{"href":"https:\/\/newsestlyonnais.fr\/site\/wp-json\/wp\/v2\/posts\/85243","targetHints":{"allow":["GET"]}}],"collection":[{"href":"https:\/\/newsestlyonnais.fr\/site\/wp-json\/wp\/v2\/posts"}],"about":[{"href":"https:\/\/newsestlyonnais.fr\/site\/wp-json\/wp\/v2\/types\/post"}],"author":[{"embeddable":true,"href":"https:\/\/newsestlyonnais.fr\/site\/wp-json\/wp\/v2\/users\/4"}],"replies":[{"embeddable":true,"href":"https:\/\/newsestlyonnais.fr\/site\/wp-json\/wp\/v2\/comments?post=85243"}],"version-history":[{"count":0,"href":"https:\/\/newsestlyonnais.fr\/site\/wp-json\/wp\/v2\/posts\/85243\/revisions"}],"wp:featuredmedia":[{"embeddable":true,"href":"https:\/\/newsestlyonnais.fr\/site\/wp-json\/wp\/v2\/media\/85249"}],"wp:attachment":[{"href":"https:\/\/newsestlyonnais.fr\/site\/wp-json\/wp\/v2\/media?parent=85243"}],"wp:term":[{"taxonomy":"category","embeddable":true,"href":"https:\/\/newsestlyonnais.fr\/site\/wp-json\/wp\/v2\/categories?post=85243"},{"taxonomy":"post_tag","embeddable":true,"href":"https:\/\/newsestlyonnais.fr\/site\/wp-json\/wp\/v2\/tags?post=85243"}],"curies":[{"name":"wp","href":"https:\/\/api.w.org\/{rel}","templated":true}]}}