{"id":85354,"date":"2019-10-11T06:05:22","date_gmt":"2019-10-11T05:05:22","guid":{"rendered":"http:\/\/newsestlyonnais.fr\/site\/?p=85354"},"modified":"2019-10-19T13:55:33","modified_gmt":"2019-10-19T12:55:33","slug":"genas-le-point-sur-les-travaux-du-pole-de-loisirs-de-la-fraternite","status":"publish","type":"post","link":"https:\/\/newsestlyonnais.fr\/site\/2019\/10\/11\/genas-le-point-sur-les-travaux-du-pole-de-loisirs-de-la-fraternite\/","title":{"rendered":"GENAS | Le point sur les travaux du p\u00f4le de loisirs de la Fraternit\u00e9"},"content":{"rendered":"<div>\n<p>Dernier point fait en cette mi-octobre sur les derni\u00e8res phases du chantier.<\/p>\n<p><strong><span style=\"text-decoration: underline\">Parkings utilisables partiellement<\/span> : <\/strong>Afin de proc\u00e9der \u00e0 la plantation des gazons dans les parkings, le stationnement sera maintenu partiellement dans le parking Nord jusque fin novembre. Ainsi, le stationnement est <strong>ferm\u00e9<\/strong> <strong>au public<\/strong> sur le <strong>rive Sud depuis le 1\u00b0 et jusqu\u2019au 28 octobre<\/strong>, et sur le <strong>rive Nord du 28 octobre au 28 novembre<\/strong>. Quant au parking des jeunes, il a \u00e9t\u00e9 ferm\u00e9 uniquement le <strong>jeudi\u00a010 octobre <\/strong>pour la pose de la signalisation au sol.<\/p>\n<p>Pour m\u00e9moire, le parking cr\u00e9\u00e9 au Sud du complexe restera ferm\u00e9 jusqu\u2019\u00e0 la fin des travaux, pour des raisons de s\u00e9curit\u00e9 aux abords du chantier, celui-ci constituant l\u2019itin\u00e9rance des engins de chantier.<\/p>\n<p><span style=\"text-decoration: underline\"><strong>Phasage des travaux jusqu\u2019\u00e0 la fin du chantier <\/strong><\/span>: Les travaux se poursuivent plus rapidement que pr\u00e9vu et seront termin\u00e9s d\u2019ici \u00e0 mi-d\u00e9cembre :<\/p>\n<ul>\n<li><strong>Phase 3<\/strong> : <strong>jusqu\u2019au 28 novembre<\/strong> : finalisation des parkings (plantations, signalisation, pose de mobiliers.<\/li>\n<li><strong>Phase 4<\/strong> : <strong>du 7 au 18 octobre<\/strong> : travaux de construction de la buvette, r\u00e9alisation des terrains de p\u00e9tanque, fin de la pose des rev\u00eatement en b\u00e9ton, r\u00e9glage de la terre v\u00e9g\u00e9talis\u00e9e.<\/li>\n<li><strong>Phase 5<\/strong> : <strong>jusqu\u2019au 12 d\u00e9cembre<\/strong> : pose des assises en bois, r\u00e9alisation de l\u2019aire de fitness, fin des plantations.<\/li>\n<li><strong>R\u00e9ception <\/strong>: ajustement et finalisation des rev\u00eatements,\u00a0 <strong>jusqu\u2019\u00e0 mi-d\u00e9cembre.<\/strong><\/li>\n<\/ul>\n<p><strong>Pour tout renseignement : 06 21 60 23 79<\/strong><\/p>\n<p><strong>Contact ou inscription \u00e0 la newsletter : <a href=\"mailto:grands.projets@ville-genas.fr\">projets@ville-genas.fr<\/a><\/strong><\/p>\n<ul>\n<li><strong>PHOTO A LA UNE<\/strong> : La situation du chantier en juin 2019.<\/li>\n<\/ul>\n<p>&nbsp;<\/p>\n<\/div>\n<div>\n<div><\/div>\n<\/div>\n<div><\/div>\n<div><\/div>\n<div><\/div>\n","protected":false},"excerpt":{"rendered":"<p>Le service grands projets de la Ville de Genas informe r\u00e9guli\u00e8rement sur le chantier des abords du complexe sportif M. Gonzales.<\/p>\n","protected":false},"author":4,"featured_media":85362,"comment_status":"open","ping_status":"open","sticky":false,"template":"","format":"standard","meta":{"footnotes":""},"categories":[1598,172],"tags":[2005,2127],"class_list":["post-85354","post","type-post","status-publish","format-standard","has-post-thumbnail","hentry","category-genas","category-travaux-amenagements","tag-genas","tag-travaux"],"yoast_head":"<!-- This site is optimized with the Yoast SEO plugin v27.2 - https:\/\/yoast.com\/product\/yoast-seo-wordpress\/ -->\n<title>GENAS | Le point sur les travaux du p\u00f4le de loisirs de la Fraternit\u00e9 - News Est Lyonnais<\/title>\n<meta name=\"description\" content=\"GENAS | Le point sur les travaux du p\u00f4le de loisirs de la Fraternit\u00e9\" \/>\n<meta name=\"robots\" content=\"index, follow, max-snippet:-1, max-image-preview:large, max-video-preview:-1\" \/>\n<link rel=\"canonical\" href=\"https:\/\/newsestlyonnais.fr\/site\/2019\/10\/11\/genas-le-point-sur-les-travaux-du-pole-de-loisirs-de-la-fraternite\/\" \/>\n<meta property=\"og:locale\" content=\"fr_FR\" \/>\n<meta property=\"og:type\" content=\"article\" \/>\n<meta property=\"og:title\" content=\"GENAS | Le point sur les travaux du p\u00f4le de loisirs de la Fraternit\u00e9 - News Est Lyonnais\" \/>\n<meta property=\"og:description\" content=\"GENAS | Le point sur les travaux du p\u00f4le de loisirs de la Fraternit\u00e9\" \/>\n<meta property=\"og:url\" content=\"https:\/\/newsestlyonnais.fr\/site\/2019\/10\/11\/genas-le-point-sur-les-travaux-du-pole-de-loisirs-de-la-fraternite\/\" \/>\n<meta property=\"og:site_name\" content=\"News Est Lyonnais\" \/>\n<meta property=\"article:author\" content=\"https:\/\/www.facebook.com\/pascal.oberson.1?fref=ts\" \/>\n<meta property=\"article:published_time\" content=\"2019-10-11T05:05:22+00:00\" \/>\n<meta property=\"article:modified_time\" content=\"2019-10-19T12:55:33+00:00\" \/>\n<meta property=\"og:image\" content=\"https:\/\/i1.wp.com\/newsestlyonnais.fr\/site\/wp-content\/uploads\/2019\/10\/NEWSESTLYONNAIS-TRAVX-GENAS-FRAT.jpg?fit=1200%2C800&ssl=1\" \/>\n\t<meta property=\"og:image:width\" content=\"1200\" \/>\n\t<meta property=\"og:image:height\" content=\"800\" \/>\n\t<meta property=\"og:image:type\" content=\"image\/jpeg\" \/>\n<meta name=\"author\" content=\"R\u00e9dac. NEWS\" \/>\n<meta name=\"twitter:card\" content=\"summary_large_image\" \/>\n<meta name=\"twitter:label1\" content=\"\u00c9crit par\" \/>\n\t<meta name=\"twitter:data1\" content=\"R\u00e9dac. NEWS\" \/>\n\t<meta name=\"twitter:label2\" content=\"Dur\u00e9e de lecture estim\u00e9e\" \/>\n\t<meta name=\"twitter:data2\" content=\"1 minute\" \/>\n<script type=\"application\/ld+json\" class=\"yoast-schema-graph\">{\"@context\":\"https:\/\/schema.org\",\"@graph\":[{\"@type\":\"Article\",\"@id\":\"https:\/\/newsestlyonnais.fr\/site\/2019\/10\/11\/genas-le-point-sur-les-travaux-du-pole-de-loisirs-de-la-fraternite\/#article\",\"isPartOf\":{\"@id\":\"https:\/\/newsestlyonnais.fr\/site\/2019\/10\/11\/genas-le-point-sur-les-travaux-du-pole-de-loisirs-de-la-fraternite\/\"},\"author\":{\"name\":\"R\u00e9dac. NEWS\",\"@id\":\"https:\/\/newsestlyonnais.fr\/site\/#\/schema\/person\/3230d5615f390bb808365d673001e887\"},\"headline\":\"GENAS | Le point sur les travaux du p\u00f4le de loisirs de la Fraternit\u00e9\",\"datePublished\":\"2019-10-11T05:05:22+00:00\",\"dateModified\":\"2019-10-19T12:55:33+00:00\",\"mainEntityOfPage\":{\"@id\":\"https:\/\/newsestlyonnais.fr\/site\/2019\/10\/11\/genas-le-point-sur-les-travaux-du-pole-de-loisirs-de-la-fraternite\/\"},\"wordCount\":262,\"commentCount\":0,\"publisher\":{\"@id\":\"https:\/\/newsestlyonnais.fr\/site\/#organization\"},\"image\":{\"@id\":\"https:\/\/newsestlyonnais.fr\/site\/2019\/10\/11\/genas-le-point-sur-les-travaux-du-pole-de-loisirs-de-la-fraternite\/#primaryimage\"},\"thumbnailUrl\":\"https:\/\/newsestlyonnais.fr\/site\/wp-content\/uploads\/2019\/10\/NEWSESTLYONNAIS-TRAVX-GENAS-FRAT.jpg\",\"keywords\":[\"GENAS\",\"TRAVAUX\"],\"articleSection\":[\"Genas\",\"Travaux | Am\u00e9nagements\"],\"inLanguage\":\"fr-FR\",\"potentialAction\":[{\"@type\":\"CommentAction\",\"name\":\"Comment\",\"target\":[\"https:\/\/newsestlyonnais.fr\/site\/2019\/10\/11\/genas-le-point-sur-les-travaux-du-pole-de-loisirs-de-la-fraternite\/#respond\"]}]},{\"@type\":\"WebPage\",\"@id\":\"https:\/\/newsestlyonnais.fr\/site\/2019\/10\/11\/genas-le-point-sur-les-travaux-du-pole-de-loisirs-de-la-fraternite\/\",\"url\":\"https:\/\/newsestlyonnais.fr\/site\/2019\/10\/11\/genas-le-point-sur-les-travaux-du-pole-de-loisirs-de-la-fraternite\/\",\"name\":\"GENAS | Le point sur les travaux du p\u00f4le de loisirs de la Fraternit\u00e9 - News Est Lyonnais\",\"isPartOf\":{\"@id\":\"https:\/\/newsestlyonnais.fr\/site\/#website\"},\"primaryImageOfPage\":{\"@id\":\"https:\/\/newsestlyonnais.fr\/site\/2019\/10\/11\/genas-le-point-sur-les-travaux-du-pole-de-loisirs-de-la-fraternite\/#primaryimage\"},\"image\":{\"@id\":\"https:\/\/newsestlyonnais.fr\/site\/2019\/10\/11\/genas-le-point-sur-les-travaux-du-pole-de-loisirs-de-la-fraternite\/#primaryimage\"},\"thumbnailUrl\":\"https:\/\/newsestlyonnais.fr\/site\/wp-content\/uploads\/2019\/10\/NEWSESTLYONNAIS-TRAVX-GENAS-FRAT.jpg\",\"datePublished\":\"2019-10-11T05:05:22+00:00\",\"dateModified\":\"2019-10-19T12:55:33+00:00\",\"description\":\"GENAS | Le point sur les travaux du p\u00f4le de loisirs de la Fraternit\u00e9\",\"breadcrumb\":{\"@id\":\"https:\/\/newsestlyonnais.fr\/site\/2019\/10\/11\/genas-le-point-sur-les-travaux-du-pole-de-loisirs-de-la-fraternite\/#breadcrumb\"},\"inLanguage\":\"fr-FR\",\"potentialAction\":[{\"@type\":\"ReadAction\",\"target\":[\"https:\/\/newsestlyonnais.fr\/site\/2019\/10\/11\/genas-le-point-sur-les-travaux-du-pole-de-loisirs-de-la-fraternite\/\"]}]},{\"@type\":\"ImageObject\",\"inLanguage\":\"fr-FR\",\"@id\":\"https:\/\/newsestlyonnais.fr\/site\/2019\/10\/11\/genas-le-point-sur-les-travaux-du-pole-de-loisirs-de-la-fraternite\/#primaryimage\",\"url\":\"https:\/\/newsestlyonnais.fr\/site\/wp-content\/uploads\/2019\/10\/NEWSESTLYONNAIS-TRAVX-GENAS-FRAT.jpg\",\"contentUrl\":\"https:\/\/newsestlyonnais.fr\/site\/wp-content\/uploads\/2019\/10\/NEWSESTLYONNAIS-TRAVX-GENAS-FRAT.jpg\",\"width\":1200,\"height\":800},{\"@type\":\"BreadcrumbList\",\"@id\":\"https:\/\/newsestlyonnais.fr\/site\/2019\/10\/11\/genas-le-point-sur-les-travaux-du-pole-de-loisirs-de-la-fraternite\/#breadcrumb\",\"itemListElement\":[{\"@type\":\"ListItem\",\"position\":1,\"name\":\"Accueil\",\"item\":\"https:\/\/newsestlyonnais.fr\/site\/\"},{\"@type\":\"ListItem\",\"position\":2,\"name\":\"GENAS | Le point sur les travaux du p\u00f4le de loisirs de la Fraternit\u00e9\"}]},{\"@type\":\"WebSite\",\"@id\":\"https:\/\/newsestlyonnais.fr\/site\/#website\",\"url\":\"https:\/\/newsestlyonnais.fr\/site\/\",\"name\":\"News Est Lyonnais\",\"description\":\"L&#039;actualit\u00e9 au plus pr\u00e8s\",\"publisher\":{\"@id\":\"https:\/\/newsestlyonnais.fr\/site\/#organization\"},\"potentialAction\":[{\"@type\":\"SearchAction\",\"target\":{\"@type\":\"EntryPoint\",\"urlTemplate\":\"https:\/\/newsestlyonnais.fr\/site\/?s={search_term_string}\"},\"query-input\":{\"@type\":\"PropertyValueSpecification\",\"valueRequired\":true,\"valueName\":\"search_term_string\"}}],\"inLanguage\":\"fr-FR\"},{\"@type\":\"Organization\",\"@id\":\"https:\/\/newsestlyonnais.fr\/site\/#organization\",\"name\":\"News EST LYONNAIS\",\"url\":\"https:\/\/newsestlyonnais.fr\/site\/\",\"logo\":{\"@type\":\"ImageObject\",\"inLanguage\":\"fr-FR\",\"@id\":\"https:\/\/newsestlyonnais.fr\/site\/#\/schema\/logo\/image\/\",\"url\":\"\",\"contentUrl\":\"\",\"caption\":\"News EST LYONNAIS\"},\"image\":{\"@id\":\"https:\/\/newsestlyonnais.fr\/site\/#\/schema\/logo\/image\/\"}},{\"@type\":\"Person\",\"@id\":\"https:\/\/newsestlyonnais.fr\/site\/#\/schema\/person\/3230d5615f390bb808365d673001e887\",\"name\":\"R\u00e9dac. NEWS\",\"sameAs\":[\"http:\/\/www.newsestlyonnais.fr\",\"https:\/\/www.facebook.com\/pascal.oberson.1?fref=ts\",\"https:\/\/fr.linkedin.com\/in\/pascal-oberson-b17045113\"],\"url\":\"https:\/\/newsestlyonnais.fr\/site\/author\/nel\/\"}]}<\/script>\n<!-- \/ Yoast SEO plugin. -->","yoast_head_json":{"title":"GENAS | Le point sur les travaux du p\u00f4le de loisirs de la Fraternit\u00e9 - News Est Lyonnais","description":"GENAS | Le point sur les travaux du p\u00f4le de loisirs de la Fraternit\u00e9","robots":{"index":"index","follow":"follow","max-snippet":"max-snippet:-1","max-image-preview":"max-image-preview:large","max-video-preview":"max-video-preview:-1"},"canonical":"https:\/\/newsestlyonnais.fr\/site\/2019\/10\/11\/genas-le-point-sur-les-travaux-du-pole-de-loisirs-de-la-fraternite\/","og_locale":"fr_FR","og_type":"article","og_title":"GENAS | Le point sur les travaux du p\u00f4le de loisirs de la Fraternit\u00e9 - News Est Lyonnais","og_description":"GENAS | Le point sur les travaux du p\u00f4le de loisirs de la Fraternit\u00e9","og_url":"https:\/\/newsestlyonnais.fr\/site\/2019\/10\/11\/genas-le-point-sur-les-travaux-du-pole-de-loisirs-de-la-fraternite\/","og_site_name":"News Est Lyonnais","article_author":"https:\/\/www.facebook.com\/pascal.oberson.1?fref=ts","article_published_time":"2019-10-11T05:05:22+00:00","article_modified_time":"2019-10-19T12:55:33+00:00","og_image":[{"width":1200,"height":800,"url":"https:\/\/i1.wp.com\/newsestlyonnais.fr\/site\/wp-content\/uploads\/2019\/10\/NEWSESTLYONNAIS-TRAVX-GENAS-FRAT.jpg?fit=1200%2C800&ssl=1","type":"image\/jpeg"}],"author":"R\u00e9dac. NEWS","twitter_card":"summary_large_image","twitter_misc":{"\u00c9crit par":"R\u00e9dac. NEWS","Dur\u00e9e de lecture estim\u00e9e":"1 minute"},"schema":{"@context":"https:\/\/schema.org","@graph":[{"@type":"Article","@id":"https:\/\/newsestlyonnais.fr\/site\/2019\/10\/11\/genas-le-point-sur-les-travaux-du-pole-de-loisirs-de-la-fraternite\/#article","isPartOf":{"@id":"https:\/\/newsestlyonnais.fr\/site\/2019\/10\/11\/genas-le-point-sur-les-travaux-du-pole-de-loisirs-de-la-fraternite\/"},"author":{"name":"R\u00e9dac. NEWS","@id":"https:\/\/newsestlyonnais.fr\/site\/#\/schema\/person\/3230d5615f390bb808365d673001e887"},"headline":"GENAS | Le point sur les travaux du p\u00f4le de loisirs de la Fraternit\u00e9","datePublished":"2019-10-11T05:05:22+00:00","dateModified":"2019-10-19T12:55:33+00:00","mainEntityOfPage":{"@id":"https:\/\/newsestlyonnais.fr\/site\/2019\/10\/11\/genas-le-point-sur-les-travaux-du-pole-de-loisirs-de-la-fraternite\/"},"wordCount":262,"commentCount":0,"publisher":{"@id":"https:\/\/newsestlyonnais.fr\/site\/#organization"},"image":{"@id":"https:\/\/newsestlyonnais.fr\/site\/2019\/10\/11\/genas-le-point-sur-les-travaux-du-pole-de-loisirs-de-la-fraternite\/#primaryimage"},"thumbnailUrl":"https:\/\/newsestlyonnais.fr\/site\/wp-content\/uploads\/2019\/10\/NEWSESTLYONNAIS-TRAVX-GENAS-FRAT.jpg","keywords":["GENAS","TRAVAUX"],"articleSection":["Genas","Travaux | Am\u00e9nagements"],"inLanguage":"fr-FR","potentialAction":[{"@type":"CommentAction","name":"Comment","target":["https:\/\/newsestlyonnais.fr\/site\/2019\/10\/11\/genas-le-point-sur-les-travaux-du-pole-de-loisirs-de-la-fraternite\/#respond"]}]},{"@type":"WebPage","@id":"https:\/\/newsestlyonnais.fr\/site\/2019\/10\/11\/genas-le-point-sur-les-travaux-du-pole-de-loisirs-de-la-fraternite\/","url":"https:\/\/newsestlyonnais.fr\/site\/2019\/10\/11\/genas-le-point-sur-les-travaux-du-pole-de-loisirs-de-la-fraternite\/","name":"GENAS | Le point sur les travaux du p\u00f4le de loisirs de la Fraternit\u00e9 - News Est Lyonnais","isPartOf":{"@id":"https:\/\/newsestlyonnais.fr\/site\/#website"},"primaryImageOfPage":{"@id":"https:\/\/newsestlyonnais.fr\/site\/2019\/10\/11\/genas-le-point-sur-les-travaux-du-pole-de-loisirs-de-la-fraternite\/#primaryimage"},"image":{"@id":"https:\/\/newsestlyonnais.fr\/site\/2019\/10\/11\/genas-le-point-sur-les-travaux-du-pole-de-loisirs-de-la-fraternite\/#primaryimage"},"thumbnailUrl":"https:\/\/newsestlyonnais.fr\/site\/wp-content\/uploads\/2019\/10\/NEWSESTLYONNAIS-TRAVX-GENAS-FRAT.jpg","datePublished":"2019-10-11T05:05:22+00:00","dateModified":"2019-10-19T12:55:33+00:00","description":"GENAS | Le point sur les travaux du p\u00f4le de loisirs de la Fraternit\u00e9","breadcrumb":{"@id":"https:\/\/newsestlyonnais.fr\/site\/2019\/10\/11\/genas-le-point-sur-les-travaux-du-pole-de-loisirs-de-la-fraternite\/#breadcrumb"},"inLanguage":"fr-FR","potentialAction":[{"@type":"ReadAction","target":["https:\/\/newsestlyonnais.fr\/site\/2019\/10\/11\/genas-le-point-sur-les-travaux-du-pole-de-loisirs-de-la-fraternite\/"]}]},{"@type":"ImageObject","inLanguage":"fr-FR","@id":"https:\/\/newsestlyonnais.fr\/site\/2019\/10\/11\/genas-le-point-sur-les-travaux-du-pole-de-loisirs-de-la-fraternite\/#primaryimage","url":"https:\/\/newsestlyonnais.fr\/site\/wp-content\/uploads\/2019\/10\/NEWSESTLYONNAIS-TRAVX-GENAS-FRAT.jpg","contentUrl":"https:\/\/newsestlyonnais.fr\/site\/wp-content\/uploads\/2019\/10\/NEWSESTLYONNAIS-TRAVX-GENAS-FRAT.jpg","width":1200,"height":800},{"@type":"BreadcrumbList","@id":"https:\/\/newsestlyonnais.fr\/site\/2019\/10\/11\/genas-le-point-sur-les-travaux-du-pole-de-loisirs-de-la-fraternite\/#breadcrumb","itemListElement":[{"@type":"ListItem","position":1,"name":"Accueil","item":"https:\/\/newsestlyonnais.fr\/site\/"},{"@type":"ListItem","position":2,"name":"GENAS | Le point sur les travaux du p\u00f4le de loisirs de la Fraternit\u00e9"}]},{"@type":"WebSite","@id":"https:\/\/newsestlyonnais.fr\/site\/#website","url":"https:\/\/newsestlyonnais.fr\/site\/","name":"News Est Lyonnais","description":"L&#039;actualit\u00e9 au plus pr\u00e8s","publisher":{"@id":"https:\/\/newsestlyonnais.fr\/site\/#organization"},"potentialAction":[{"@type":"SearchAction","target":{"@type":"EntryPoint","urlTemplate":"https:\/\/newsestlyonnais.fr\/site\/?s={search_term_string}"},"query-input":{"@type":"PropertyValueSpecification","valueRequired":true,"valueName":"search_term_string"}}],"inLanguage":"fr-FR"},{"@type":"Organization","@id":"https:\/\/newsestlyonnais.fr\/site\/#organization","name":"News EST LYONNAIS","url":"https:\/\/newsestlyonnais.fr\/site\/","logo":{"@type":"ImageObject","inLanguage":"fr-FR","@id":"https:\/\/newsestlyonnais.fr\/site\/#\/schema\/logo\/image\/","url":"","contentUrl":"","caption":"News EST LYONNAIS"},"image":{"@id":"https:\/\/newsestlyonnais.fr\/site\/#\/schema\/logo\/image\/"}},{"@type":"Person","@id":"https:\/\/newsestlyonnais.fr\/site\/#\/schema\/person\/3230d5615f390bb808365d673001e887","name":"R\u00e9dac. NEWS","sameAs":["http:\/\/www.newsestlyonnais.fr","https:\/\/www.facebook.com\/pascal.oberson.1?fref=ts","https:\/\/fr.linkedin.com\/in\/pascal-oberson-b17045113"],"url":"https:\/\/newsestlyonnais.fr\/site\/author\/nel\/"}]}},"_links":{"self":[{"href":"https:\/\/newsestlyonnais.fr\/site\/wp-json\/wp\/v2\/posts\/85354","targetHints":{"allow":["GET"]}}],"collection":[{"href":"https:\/\/newsestlyonnais.fr\/site\/wp-json\/wp\/v2\/posts"}],"about":[{"href":"https:\/\/newsestlyonnais.fr\/site\/wp-json\/wp\/v2\/types\/post"}],"author":[{"embeddable":true,"href":"https:\/\/newsestlyonnais.fr\/site\/wp-json\/wp\/v2\/users\/4"}],"replies":[{"embeddable":true,"href":"https:\/\/newsestlyonnais.fr\/site\/wp-json\/wp\/v2\/comments?post=85354"}],"version-history":[{"count":0,"href":"https:\/\/newsestlyonnais.fr\/site\/wp-json\/wp\/v2\/posts\/85354\/revisions"}],"wp:featuredmedia":[{"embeddable":true,"href":"https:\/\/newsestlyonnais.fr\/site\/wp-json\/wp\/v2\/media\/85362"}],"wp:attachment":[{"href":"https:\/\/newsestlyonnais.fr\/site\/wp-json\/wp\/v2\/media?parent=85354"}],"wp:term":[{"taxonomy":"category","embeddable":true,"href":"https:\/\/newsestlyonnais.fr\/site\/wp-json\/wp\/v2\/categories?post=85354"},{"taxonomy":"post_tag","embeddable":true,"href":"https:\/\/newsestlyonnais.fr\/site\/wp-json\/wp\/v2\/tags?post=85354"}],"curies":[{"name":"wp","href":"https:\/\/api.w.org\/{rel}","templated":true}]}}