{"id":85425,"date":"2019-10-12T07:17:19","date_gmt":"2019-10-12T06:17:19","guid":{"rendered":"http:\/\/newsestlyonnais.fr\/site\/?p=85425"},"modified":"2019-10-15T15:26:29","modified_gmt":"2019-10-15T14:26:29","slug":"meyzieu-le-tournoi-jeunes-de-tennis-demarre-ce-samedi","status":"publish","type":"post","link":"https:\/\/newsestlyonnais.fr\/site\/2019\/10\/12\/meyzieu-le-tournoi-jeunes-de-tennis-demarre-ce-samedi\/","title":{"rendered":"MEYZIEU | Le tournoi jeunes de tennis d\u00e9marre ce samedi"},"content":{"rendered":"<div dir=\"ltr\">\n<div>\n<p>Une comp\u00e9tition qui devrait connaitre un beau succ\u00e8s populaire au vu du nombre de joueurs d\u00e9j\u00e0 inscrits (165) dont une quinzaine sont membres du club organisateur majolan. 39 jeunes gar\u00e7ons sont notamment inscrits en 15\/16 ans et 25 en 14 ans.<\/p>\n<p>Supervis\u00e9 par la juge-arbitre Marie-Isabelle Ponsson, ce tournoi s&rsquo;\u00e9talera sur 3 semaines pour s&rsquo;achever le samedi 2 novembre prochain.<\/p>\n<p>Pas moins de 16 rencontres sont d&rsquo;ores et d\u00e9j\u00e0 programm\u00e9es (de 12 h 30 \u00e0 17 h 30) dans diff\u00e9rents tableaux, \u00e0 l&rsquo;occasion de cette journ\u00e9e de lancement.<\/p>\n<p><strong><em>NOTA : Vous retrouverez <u>au quotidien (tous les matins)<\/u> sur <a href=\"https:\/\/newsestlyonnais.fr\">https:\/\/newsestlyonnais.fr<\/a>\u00a0<u> les r\u00e9sultats<\/u> complets de la veille suite \u00e0 partenariat mis en place avec Meyzieu Tennis depuis plusieurs ann\u00e9es.<\/em><\/strong><\/p>\n<p>&#8211;\u00a0 <strong>Toute l&rsquo;ACTU de Meyzieu Tennis est sur : <a href=\"http:\/\/www.meyzieutennis.com\">http:\/\/www.meyzieutennis.com<\/a><\/strong><\/p>\n<p>&nbsp;<\/p>\n<\/div>\n<div><\/div>\n<\/div>\n","protected":false},"excerpt":{"rendered":"<p>Premiers coups de raquette du traditionnel tournoi de Meyzieu Tennis qui rassemble filles et gar\u00e7ons (11\/16 ans) ce midi sur les courts des Servizi\u00e8res.<\/p>\n","protected":false},"author":4,"featured_media":66025,"comment_status":"open","ping_status":"open","sticky":false,"template":"","format":"standard","meta":{"footnotes":""},"categories":[24,2992,2991],"tags":[2081,2548,2049],"class_list":["post-85425","post","type-post","status-publish","format-standard","has-post-thumbnail","hentry","category-meyzieu","category-tennis-padel","category-tennis-tennis-table-sports","tag-meyzieu","tag-meyzieu-tennis","tag-tennis"],"yoast_head":"<!-- This site is optimized with the Yoast SEO plugin v27.2 - https:\/\/yoast.com\/product\/yoast-seo-wordpress\/ -->\n<title>MEYZIEU | Le tournoi jeunes de tennis d\u00e9marre ce samedi - News Est Lyonnais<\/title>\n<meta name=\"description\" content=\"MEYZIEU | Le tournoi jeunes de tennis d\u00e9marre ce samedi\" \/>\n<meta name=\"robots\" content=\"index, follow, max-snippet:-1, max-image-preview:large, max-video-preview:-1\" \/>\n<link rel=\"canonical\" href=\"https:\/\/newsestlyonnais.fr\/site\/2019\/10\/12\/meyzieu-le-tournoi-jeunes-de-tennis-demarre-ce-samedi\/\" \/>\n<meta property=\"og:locale\" content=\"fr_FR\" \/>\n<meta property=\"og:type\" content=\"article\" \/>\n<meta property=\"og:title\" content=\"MEYZIEU | Le tournoi jeunes de tennis d\u00e9marre ce samedi - News Est Lyonnais\" \/>\n<meta property=\"og:description\" content=\"MEYZIEU | Le tournoi jeunes de tennis d\u00e9marre ce samedi\" \/>\n<meta property=\"og:url\" content=\"https:\/\/newsestlyonnais.fr\/site\/2019\/10\/12\/meyzieu-le-tournoi-jeunes-de-tennis-demarre-ce-samedi\/\" \/>\n<meta property=\"og:site_name\" content=\"News Est Lyonnais\" \/>\n<meta property=\"article:author\" content=\"https:\/\/www.facebook.com\/pascal.oberson.1?fref=ts\" \/>\n<meta property=\"article:published_time\" content=\"2019-10-12T06:17:19+00:00\" \/>\n<meta property=\"article:modified_time\" content=\"2019-10-15T14:26:29+00:00\" \/>\n<meta property=\"og:image\" content=\"https:\/\/i2.wp.com\/newsestlyonnais.fr\/site\/wp-content\/uploads\/2019\/02\/NEWSESTLYONNAIS-TENNIS-DIVERS.jpg?fit=178%2C120&ssl=1\" \/>\n\t<meta property=\"og:image:width\" content=\"178\" \/>\n\t<meta property=\"og:image:height\" content=\"120\" \/>\n\t<meta property=\"og:image:type\" content=\"image\/jpeg\" \/>\n<meta name=\"author\" content=\"R\u00e9dac. NEWS\" \/>\n<meta name=\"twitter:card\" content=\"summary_large_image\" \/>\n<meta name=\"twitter:label1\" content=\"\u00c9crit par\" \/>\n\t<meta name=\"twitter:data1\" content=\"R\u00e9dac. NEWS\" \/>\n\t<meta name=\"twitter:label2\" content=\"Dur\u00e9e de lecture estim\u00e9e\" \/>\n\t<meta name=\"twitter:data2\" content=\"1 minute\" \/>\n<script type=\"application\/ld+json\" class=\"yoast-schema-graph\">{\"@context\":\"https:\/\/schema.org\",\"@graph\":[{\"@type\":\"Article\",\"@id\":\"https:\/\/newsestlyonnais.fr\/site\/2019\/10\/12\/meyzieu-le-tournoi-jeunes-de-tennis-demarre-ce-samedi\/#article\",\"isPartOf\":{\"@id\":\"https:\/\/newsestlyonnais.fr\/site\/2019\/10\/12\/meyzieu-le-tournoi-jeunes-de-tennis-demarre-ce-samedi\/\"},\"author\":{\"name\":\"R\u00e9dac. NEWS\",\"@id\":\"https:\/\/newsestlyonnais.fr\/site\/#\/schema\/person\/3230d5615f390bb808365d673001e887\"},\"headline\":\"MEYZIEU | Le tournoi jeunes de tennis d\u00e9marre ce samedi\",\"datePublished\":\"2019-10-12T06:17:19+00:00\",\"dateModified\":\"2019-10-15T14:26:29+00:00\",\"mainEntityOfPage\":{\"@id\":\"https:\/\/newsestlyonnais.fr\/site\/2019\/10\/12\/meyzieu-le-tournoi-jeunes-de-tennis-demarre-ce-samedi\/\"},\"wordCount\":141,\"commentCount\":0,\"publisher\":{\"@id\":\"https:\/\/newsestlyonnais.fr\/site\/#organization\"},\"image\":{\"@id\":\"https:\/\/newsestlyonnais.fr\/site\/2019\/10\/12\/meyzieu-le-tournoi-jeunes-de-tennis-demarre-ce-samedi\/#primaryimage\"},\"thumbnailUrl\":\"https:\/\/newsestlyonnais.fr\/site\/wp-content\/uploads\/2019\/02\/NEWSESTLYONNAIS-TENNIS-DIVERS.jpg\",\"keywords\":[\"MEYZIEU\",\"MEYZIEU TENNIS\",\"TENNIS\"],\"articleSection\":[\"Meyzieu\",\"Tennis | Padel\",\"Tennis | Tennis de table\"],\"inLanguage\":\"fr-FR\",\"potentialAction\":[{\"@type\":\"CommentAction\",\"name\":\"Comment\",\"target\":[\"https:\/\/newsestlyonnais.fr\/site\/2019\/10\/12\/meyzieu-le-tournoi-jeunes-de-tennis-demarre-ce-samedi\/#respond\"]}]},{\"@type\":\"WebPage\",\"@id\":\"https:\/\/newsestlyonnais.fr\/site\/2019\/10\/12\/meyzieu-le-tournoi-jeunes-de-tennis-demarre-ce-samedi\/\",\"url\":\"https:\/\/newsestlyonnais.fr\/site\/2019\/10\/12\/meyzieu-le-tournoi-jeunes-de-tennis-demarre-ce-samedi\/\",\"name\":\"MEYZIEU | Le tournoi jeunes de tennis d\u00e9marre ce samedi - News Est Lyonnais\",\"isPartOf\":{\"@id\":\"https:\/\/newsestlyonnais.fr\/site\/#website\"},\"primaryImageOfPage\":{\"@id\":\"https:\/\/newsestlyonnais.fr\/site\/2019\/10\/12\/meyzieu-le-tournoi-jeunes-de-tennis-demarre-ce-samedi\/#primaryimage\"},\"image\":{\"@id\":\"https:\/\/newsestlyonnais.fr\/site\/2019\/10\/12\/meyzieu-le-tournoi-jeunes-de-tennis-demarre-ce-samedi\/#primaryimage\"},\"thumbnailUrl\":\"https:\/\/newsestlyonnais.fr\/site\/wp-content\/uploads\/2019\/02\/NEWSESTLYONNAIS-TENNIS-DIVERS.jpg\",\"datePublished\":\"2019-10-12T06:17:19+00:00\",\"dateModified\":\"2019-10-15T14:26:29+00:00\",\"description\":\"MEYZIEU | Le tournoi jeunes de tennis d\u00e9marre ce samedi\",\"breadcrumb\":{\"@id\":\"https:\/\/newsestlyonnais.fr\/site\/2019\/10\/12\/meyzieu-le-tournoi-jeunes-de-tennis-demarre-ce-samedi\/#breadcrumb\"},\"inLanguage\":\"fr-FR\",\"potentialAction\":[{\"@type\":\"ReadAction\",\"target\":[\"https:\/\/newsestlyonnais.fr\/site\/2019\/10\/12\/meyzieu-le-tournoi-jeunes-de-tennis-demarre-ce-samedi\/\"]}]},{\"@type\":\"ImageObject\",\"inLanguage\":\"fr-FR\",\"@id\":\"https:\/\/newsestlyonnais.fr\/site\/2019\/10\/12\/meyzieu-le-tournoi-jeunes-de-tennis-demarre-ce-samedi\/#primaryimage\",\"url\":\"https:\/\/newsestlyonnais.fr\/site\/wp-content\/uploads\/2019\/02\/NEWSESTLYONNAIS-TENNIS-DIVERS.jpg\",\"contentUrl\":\"https:\/\/newsestlyonnais.fr\/site\/wp-content\/uploads\/2019\/02\/NEWSESTLYONNAIS-TENNIS-DIVERS.jpg\",\"width\":178,\"height\":120,\"caption\":\"NEWSESTLYONNAIS TENNIS DIVERS\"},{\"@type\":\"BreadcrumbList\",\"@id\":\"https:\/\/newsestlyonnais.fr\/site\/2019\/10\/12\/meyzieu-le-tournoi-jeunes-de-tennis-demarre-ce-samedi\/#breadcrumb\",\"itemListElement\":[{\"@type\":\"ListItem\",\"position\":1,\"name\":\"Accueil\",\"item\":\"https:\/\/newsestlyonnais.fr\/site\/\"},{\"@type\":\"ListItem\",\"position\":2,\"name\":\"MEYZIEU | Le tournoi jeunes de tennis d\u00e9marre ce samedi\"}]},{\"@type\":\"WebSite\",\"@id\":\"https:\/\/newsestlyonnais.fr\/site\/#website\",\"url\":\"https:\/\/newsestlyonnais.fr\/site\/\",\"name\":\"News Est Lyonnais\",\"description\":\"L&#039;actualit\u00e9 au plus pr\u00e8s\",\"publisher\":{\"@id\":\"https:\/\/newsestlyonnais.fr\/site\/#organization\"},\"potentialAction\":[{\"@type\":\"SearchAction\",\"target\":{\"@type\":\"EntryPoint\",\"urlTemplate\":\"https:\/\/newsestlyonnais.fr\/site\/?s={search_term_string}\"},\"query-input\":{\"@type\":\"PropertyValueSpecification\",\"valueRequired\":true,\"valueName\":\"search_term_string\"}}],\"inLanguage\":\"fr-FR\"},{\"@type\":\"Organization\",\"@id\":\"https:\/\/newsestlyonnais.fr\/site\/#organization\",\"name\":\"News EST LYONNAIS\",\"url\":\"https:\/\/newsestlyonnais.fr\/site\/\",\"logo\":{\"@type\":\"ImageObject\",\"inLanguage\":\"fr-FR\",\"@id\":\"https:\/\/newsestlyonnais.fr\/site\/#\/schema\/logo\/image\/\",\"url\":\"\",\"contentUrl\":\"\",\"caption\":\"News EST LYONNAIS\"},\"image\":{\"@id\":\"https:\/\/newsestlyonnais.fr\/site\/#\/schema\/logo\/image\/\"}},{\"@type\":\"Person\",\"@id\":\"https:\/\/newsestlyonnais.fr\/site\/#\/schema\/person\/3230d5615f390bb808365d673001e887\",\"name\":\"R\u00e9dac. NEWS\",\"sameAs\":[\"http:\/\/www.newsestlyonnais.fr\",\"https:\/\/www.facebook.com\/pascal.oberson.1?fref=ts\",\"https:\/\/fr.linkedin.com\/in\/pascal-oberson-b17045113\"],\"url\":\"https:\/\/newsestlyonnais.fr\/site\/author\/nel\/\"}]}<\/script>\n<!-- \/ Yoast SEO plugin. -->","yoast_head_json":{"title":"MEYZIEU | Le tournoi jeunes de tennis d\u00e9marre ce samedi - News Est Lyonnais","description":"MEYZIEU | Le tournoi jeunes de tennis d\u00e9marre ce samedi","robots":{"index":"index","follow":"follow","max-snippet":"max-snippet:-1","max-image-preview":"max-image-preview:large","max-video-preview":"max-video-preview:-1"},"canonical":"https:\/\/newsestlyonnais.fr\/site\/2019\/10\/12\/meyzieu-le-tournoi-jeunes-de-tennis-demarre-ce-samedi\/","og_locale":"fr_FR","og_type":"article","og_title":"MEYZIEU | Le tournoi jeunes de tennis d\u00e9marre ce samedi - News Est Lyonnais","og_description":"MEYZIEU | Le tournoi jeunes de tennis d\u00e9marre ce samedi","og_url":"https:\/\/newsestlyonnais.fr\/site\/2019\/10\/12\/meyzieu-le-tournoi-jeunes-de-tennis-demarre-ce-samedi\/","og_site_name":"News Est Lyonnais","article_author":"https:\/\/www.facebook.com\/pascal.oberson.1?fref=ts","article_published_time":"2019-10-12T06:17:19+00:00","article_modified_time":"2019-10-15T14:26:29+00:00","og_image":[{"width":178,"height":120,"url":"https:\/\/i2.wp.com\/newsestlyonnais.fr\/site\/wp-content\/uploads\/2019\/02\/NEWSESTLYONNAIS-TENNIS-DIVERS.jpg?fit=178%2C120&ssl=1","type":"image\/jpeg"}],"author":"R\u00e9dac. NEWS","twitter_card":"summary_large_image","twitter_misc":{"\u00c9crit par":"R\u00e9dac. NEWS","Dur\u00e9e de lecture estim\u00e9e":"1 minute"},"schema":{"@context":"https:\/\/schema.org","@graph":[{"@type":"Article","@id":"https:\/\/newsestlyonnais.fr\/site\/2019\/10\/12\/meyzieu-le-tournoi-jeunes-de-tennis-demarre-ce-samedi\/#article","isPartOf":{"@id":"https:\/\/newsestlyonnais.fr\/site\/2019\/10\/12\/meyzieu-le-tournoi-jeunes-de-tennis-demarre-ce-samedi\/"},"author":{"name":"R\u00e9dac. NEWS","@id":"https:\/\/newsestlyonnais.fr\/site\/#\/schema\/person\/3230d5615f390bb808365d673001e887"},"headline":"MEYZIEU | Le tournoi jeunes de tennis d\u00e9marre ce samedi","datePublished":"2019-10-12T06:17:19+00:00","dateModified":"2019-10-15T14:26:29+00:00","mainEntityOfPage":{"@id":"https:\/\/newsestlyonnais.fr\/site\/2019\/10\/12\/meyzieu-le-tournoi-jeunes-de-tennis-demarre-ce-samedi\/"},"wordCount":141,"commentCount":0,"publisher":{"@id":"https:\/\/newsestlyonnais.fr\/site\/#organization"},"image":{"@id":"https:\/\/newsestlyonnais.fr\/site\/2019\/10\/12\/meyzieu-le-tournoi-jeunes-de-tennis-demarre-ce-samedi\/#primaryimage"},"thumbnailUrl":"https:\/\/newsestlyonnais.fr\/site\/wp-content\/uploads\/2019\/02\/NEWSESTLYONNAIS-TENNIS-DIVERS.jpg","keywords":["MEYZIEU","MEYZIEU TENNIS","TENNIS"],"articleSection":["Meyzieu","Tennis | Padel","Tennis | Tennis de table"],"inLanguage":"fr-FR","potentialAction":[{"@type":"CommentAction","name":"Comment","target":["https:\/\/newsestlyonnais.fr\/site\/2019\/10\/12\/meyzieu-le-tournoi-jeunes-de-tennis-demarre-ce-samedi\/#respond"]}]},{"@type":"WebPage","@id":"https:\/\/newsestlyonnais.fr\/site\/2019\/10\/12\/meyzieu-le-tournoi-jeunes-de-tennis-demarre-ce-samedi\/","url":"https:\/\/newsestlyonnais.fr\/site\/2019\/10\/12\/meyzieu-le-tournoi-jeunes-de-tennis-demarre-ce-samedi\/","name":"MEYZIEU | Le tournoi jeunes de tennis d\u00e9marre ce samedi - News Est Lyonnais","isPartOf":{"@id":"https:\/\/newsestlyonnais.fr\/site\/#website"},"primaryImageOfPage":{"@id":"https:\/\/newsestlyonnais.fr\/site\/2019\/10\/12\/meyzieu-le-tournoi-jeunes-de-tennis-demarre-ce-samedi\/#primaryimage"},"image":{"@id":"https:\/\/newsestlyonnais.fr\/site\/2019\/10\/12\/meyzieu-le-tournoi-jeunes-de-tennis-demarre-ce-samedi\/#primaryimage"},"thumbnailUrl":"https:\/\/newsestlyonnais.fr\/site\/wp-content\/uploads\/2019\/02\/NEWSESTLYONNAIS-TENNIS-DIVERS.jpg","datePublished":"2019-10-12T06:17:19+00:00","dateModified":"2019-10-15T14:26:29+00:00","description":"MEYZIEU | Le tournoi jeunes de tennis d\u00e9marre ce samedi","breadcrumb":{"@id":"https:\/\/newsestlyonnais.fr\/site\/2019\/10\/12\/meyzieu-le-tournoi-jeunes-de-tennis-demarre-ce-samedi\/#breadcrumb"},"inLanguage":"fr-FR","potentialAction":[{"@type":"ReadAction","target":["https:\/\/newsestlyonnais.fr\/site\/2019\/10\/12\/meyzieu-le-tournoi-jeunes-de-tennis-demarre-ce-samedi\/"]}]},{"@type":"ImageObject","inLanguage":"fr-FR","@id":"https:\/\/newsestlyonnais.fr\/site\/2019\/10\/12\/meyzieu-le-tournoi-jeunes-de-tennis-demarre-ce-samedi\/#primaryimage","url":"https:\/\/newsestlyonnais.fr\/site\/wp-content\/uploads\/2019\/02\/NEWSESTLYONNAIS-TENNIS-DIVERS.jpg","contentUrl":"https:\/\/newsestlyonnais.fr\/site\/wp-content\/uploads\/2019\/02\/NEWSESTLYONNAIS-TENNIS-DIVERS.jpg","width":178,"height":120,"caption":"NEWSESTLYONNAIS TENNIS DIVERS"},{"@type":"BreadcrumbList","@id":"https:\/\/newsestlyonnais.fr\/site\/2019\/10\/12\/meyzieu-le-tournoi-jeunes-de-tennis-demarre-ce-samedi\/#breadcrumb","itemListElement":[{"@type":"ListItem","position":1,"name":"Accueil","item":"https:\/\/newsestlyonnais.fr\/site\/"},{"@type":"ListItem","position":2,"name":"MEYZIEU | Le tournoi jeunes de tennis d\u00e9marre ce samedi"}]},{"@type":"WebSite","@id":"https:\/\/newsestlyonnais.fr\/site\/#website","url":"https:\/\/newsestlyonnais.fr\/site\/","name":"News Est Lyonnais","description":"L&#039;actualit\u00e9 au plus pr\u00e8s","publisher":{"@id":"https:\/\/newsestlyonnais.fr\/site\/#organization"},"potentialAction":[{"@type":"SearchAction","target":{"@type":"EntryPoint","urlTemplate":"https:\/\/newsestlyonnais.fr\/site\/?s={search_term_string}"},"query-input":{"@type":"PropertyValueSpecification","valueRequired":true,"valueName":"search_term_string"}}],"inLanguage":"fr-FR"},{"@type":"Organization","@id":"https:\/\/newsestlyonnais.fr\/site\/#organization","name":"News EST LYONNAIS","url":"https:\/\/newsestlyonnais.fr\/site\/","logo":{"@type":"ImageObject","inLanguage":"fr-FR","@id":"https:\/\/newsestlyonnais.fr\/site\/#\/schema\/logo\/image\/","url":"","contentUrl":"","caption":"News EST LYONNAIS"},"image":{"@id":"https:\/\/newsestlyonnais.fr\/site\/#\/schema\/logo\/image\/"}},{"@type":"Person","@id":"https:\/\/newsestlyonnais.fr\/site\/#\/schema\/person\/3230d5615f390bb808365d673001e887","name":"R\u00e9dac. NEWS","sameAs":["http:\/\/www.newsestlyonnais.fr","https:\/\/www.facebook.com\/pascal.oberson.1?fref=ts","https:\/\/fr.linkedin.com\/in\/pascal-oberson-b17045113"],"url":"https:\/\/newsestlyonnais.fr\/site\/author\/nel\/"}]}},"_links":{"self":[{"href":"https:\/\/newsestlyonnais.fr\/site\/wp-json\/wp\/v2\/posts\/85425","targetHints":{"allow":["GET"]}}],"collection":[{"href":"https:\/\/newsestlyonnais.fr\/site\/wp-json\/wp\/v2\/posts"}],"about":[{"href":"https:\/\/newsestlyonnais.fr\/site\/wp-json\/wp\/v2\/types\/post"}],"author":[{"embeddable":true,"href":"https:\/\/newsestlyonnais.fr\/site\/wp-json\/wp\/v2\/users\/4"}],"replies":[{"embeddable":true,"href":"https:\/\/newsestlyonnais.fr\/site\/wp-json\/wp\/v2\/comments?post=85425"}],"version-history":[{"count":0,"href":"https:\/\/newsestlyonnais.fr\/site\/wp-json\/wp\/v2\/posts\/85425\/revisions"}],"wp:featuredmedia":[{"embeddable":true,"href":"https:\/\/newsestlyonnais.fr\/site\/wp-json\/wp\/v2\/media\/66025"}],"wp:attachment":[{"href":"https:\/\/newsestlyonnais.fr\/site\/wp-json\/wp\/v2\/media?parent=85425"}],"wp:term":[{"taxonomy":"category","embeddable":true,"href":"https:\/\/newsestlyonnais.fr\/site\/wp-json\/wp\/v2\/categories?post=85425"},{"taxonomy":"post_tag","embeddable":true,"href":"https:\/\/newsestlyonnais.fr\/site\/wp-json\/wp\/v2\/tags?post=85425"}],"curies":[{"name":"wp","href":"https:\/\/api.w.org\/{rel}","templated":true}]}}