{"id":85814,"date":"2019-10-15T15:21:25","date_gmt":"2019-10-15T14:21:25","guid":{"rendered":"http:\/\/newsestlyonnais.fr\/site\/?p=85814"},"modified":"2020-11-16T09:34:20","modified_gmt":"2020-11-16T08:34:20","slug":"saint-bonnet-de-mure-les-prochains-evenements-2","status":"publish","type":"post","link":"https:\/\/newsestlyonnais.fr\/site\/2019\/10\/15\/saint-bonnet-de-mure-les-prochains-evenements-2\/","title":{"rendered":"SAINT-BONNET-DE-MURE | Les prochains \u00e9v\u00e8nements"},"content":{"rendered":"<ul>\n<li><strong> Du samedi 19 octobre au dimanche 3 novembre de 14 h \u00e0 18 h: \u201cExposition de peintures\u201d<\/strong> de G\u00e9rard Rieffel : peintures \u00e0 l\u2019huile, aquarelles et gouaches. (Salle d\u2019exposition, cour de la Ferme, \u00e0 proximit\u00e9 de l\u2019H\u00f4tel de ville). Entr\u00e9e libre.<\/li>\n<li><strong>Samedi 19 octobre : Tournoi de football<\/strong> \/Gendarmerie. (2 halles des sports) <strong>&amp; 6\u00b0 Challenge Murois<\/strong> \/ \u00c9toile Cycliste Muroise (ECM). (\u00e0 Saint Bonnet de Mure et Saint Laurent de Mure).<\/li>\n<li><strong>Vendredi 1\u00b0 novembre \u00e0 11 h 30 : C\u00e9r\u00e9monie d\u00e9p\u00f4t de gerbe<\/strong> \/ Mairie. (Monument aux morts du cimeti\u00e8re).<\/li>\n<li><strong>Du vendredi 1\u00b0 au dimanche 3 novembre :<\/strong> <strong>Interclubs<\/strong> \/ Judo Club Murois. (Halle des sports n\u00b01).<\/li>\n<li><strong>Du samedi 9 novembre au samedi 21 d\u00e9cembre<\/strong> <strong>de 14 h \u00e0 18 h: Exposition \u201cAlphonse Bertillon et la photo anthropo -m\u00e9trique\u201d<\/strong>. Mairie \/ Mus\u00e9e de la Photographie. (Salle d\u2019exposition, cour de la Ferme). <strong>Conf\u00e9rence le 9 novembre \u00e0 18 h 30<\/strong> (salle de la Chemin\u00e9e). Entr\u00e9e libre.<\/li>\n<li><strong>Samedi 9 novembre : Interclubs<\/strong> \/ Acad\u00e9mie de Kung-Fu du Tigre Blanc. (Halle des sports n\u00b01) <strong>&amp; Repas dansant<\/strong> \/ P\u00e9tanque Muroise. (Halle des sports n\u00b01).<\/li>\n<li><strong>Lundi 11 novembre \u00e0 9 h 15 : C\u00e9r\u00e9monie Armistice du 11 novembre 1918<\/strong> \/ Mairie. (Monument aux morts du parc du Ch\u00e2teau).<\/li>\n<li><strong>Dimanche 17 novembre \u00e0 partir de 13 h 30 : Loto<\/strong> \/ Sou des \u00c9coles. (Halle des sports n\u00b01).<\/li>\n<li><strong>Vendredi 22 novembre \u00e0 19 h : Soir\u00e9e des nouveaux arrivants<\/strong> \/ Mairie. (Charpenterie).<\/li>\n<li><strong>Dimanche 24 novembre : Vente d\u2019hu\u00eetres<\/strong> \/ Fever Cheerdance Murois. (Salle Ferlet).<\/li>\n<li><strong>Samedi 30 novembre &amp; dimanche 1\u00b0 d\u00e9cembre :\u00a0 Vide-grenier<\/strong> \/ CALM. (Charpenterie).<\/li>\n<li><strong>Dimanche 1\u00b0 d\u00e9cembre : Interclubs<\/strong> \/ Judo Club Murois. (Halle des sports n\u00b01).<\/li>\n<li><strong>Vendredi 6 d\u00e9cembre : Vente de sapins<\/strong> \/ Sou des \u00c9coles. (Salle de la Chemin\u00e9e) <strong>&amp; Randonn\u00e9e T\u00e9l\u00e9thon<\/strong> \/ CALM et repas (Charpenterie).<\/li>\n<li><strong>Samedi 7 d\u00e9cembre : Troph\u00e9es de No\u00ebl<\/strong> \/ Acad\u00e9mie de Kung-Fu du Tigre Blanc. (Halle des sports n\u00b01).<\/li>\n<li><strong>Dimanche 8 d\u00e9cembre \u00e0 partir de 18 h : F\u00eate des Lumi\u00e8res<\/strong> \/ Mairie. Rendez-vous en Mairie pour la traditionnelle distribution de friandises et b\u00e2tonnets lumineux aux enfants, suivie du d\u00e9fil\u00e9 aux flambeaux des sapeurs-pompiers, de l\u2019embrasement de l\u2019H\u00f4tel de ville et de la d\u00e9gustation de marrons grill\u00e9s,chocolat et vin chauds.<\/li>\n<li><strong>Samedi 14 et dimanche 15 d\u00e9cembre<\/strong> : <strong>March\u00e9 de No\u00ebl gastronomique<\/strong>. \/ Mairie. Nombreux stands de produits de saison et pr\u00e9sence du P\u00e8re-No\u00ebl pour les enfants. <strong>Samedi de 10 h \u00e0 19 h &amp; dimanche de 10 h \u00e0 17 h<\/strong>. (places Bonin et Ferlet).<\/li>\n<li><strong>Samedi 14 d\u00e9cembre : Gala de No\u00ebl<\/strong> \/ GRS. (Halle des sports n\u00b01) <strong>&amp; Repas Sainte Barb<\/strong>e \/ Amicale des sapeurs-pompiers. (Charpenterie).<\/li>\n<li><strong>Samedi 21 d\u00e9cembre \u00e0 17 h 30 : Saison culturelle 2019<\/strong> \u201cArthur et ses amis\u201dspectacle de No\u00ebl &#8211; jeunepublic. \/ Mairie. (Halle des sports n\u00b01). Tarif : 5 euros. Ouverture de la billetterie \u00e0 Mure Info Citoyen, en Mairie (du 18 novembre au 19 d\u00e9cembre ou sur place en fonction des places disponibles). Contact : 04 78 40 95 55 -mureinfocitoyen@saintbonnetdemure.com. &amp;<\/li>\n<li><strong>Samedi 21 d\u00e9cembre : Concert \u201cLes M\u00fbres du son\u201d<\/strong> \/ Top Gones Music. (Charpenterie).<\/li>\n<li><strong>Dimanche 22 d\u00e9cembre : Vente d\u2019hu\u00eetres<\/strong> \/ Moto Club Murois. (Salle Ferlet).<\/li>\n<\/ul>\n<p><strong>Toute l\u2019ACTU de la commune sur <\/strong><em>: <strong><a href=\"http:\/\/www.saintbonnetdemure.com\" target=\"_blank\" rel=\"noreferrer noopener\">http:\/\/www.saintbonnetdemure.com<\/a><\/strong> <\/em><\/p>\n<div id='gallery-1' class='gallery galleryid-85814 gallery-columns-3 gallery-size-thumbnail'><figure class='gallery-item'>\n\t\t\t<div class='gallery-icon portrait'>\n\t\t\t\t<a href='https:\/\/newsestlyonnais.fr\/site\/2019\/10\/15\/saint-bonnet-de-mure-les-prochains-evenements-2\/newsestlyonanis-sou-ecoles-st-bonnet2019-2\/'><img loading=\"lazy\" decoding=\"async\" width=\"106\" height=\"150\" src=\"https:\/\/newsestlyonnais.fr\/site\/wp-content\/uploads\/2019\/10\/NEWSESTLYONANIS-SOU-ECOLES-ST-BONNET2019-1-250x353.jpg\" class=\"attachment-thumbnail size-thumbnail\" alt=\"\" aria-describedby=\"gallery-1-85830\" srcset=\"https:\/\/newsestlyonnais.fr\/site\/wp-content\/uploads\/2019\/10\/NEWSESTLYONANIS-SOU-ECOLES-ST-BONNET2019-1-250x353.jpg 250w, https:\/\/newsestlyonnais.fr\/site\/wp-content\/uploads\/2019\/10\/NEWSESTLYONANIS-SOU-ECOLES-ST-BONNET2019-1-400x566.jpg 400w, https:\/\/newsestlyonnais.fr\/site\/wp-content\/uploads\/2019\/10\/NEWSESTLYONANIS-SOU-ECOLES-ST-BONNET2019-1-768x1086.jpg 768w, https:\/\/newsestlyonnais.fr\/site\/wp-content\/uploads\/2019\/10\/NEWSESTLYONANIS-SOU-ECOLES-ST-BONNET2019-1-650x919.jpg 650w, https:\/\/newsestlyonnais.fr\/site\/wp-content\/uploads\/2019\/10\/NEWSESTLYONANIS-SOU-ECOLES-ST-BONNET2019-1-150x212.jpg 150w, https:\/\/newsestlyonnais.fr\/site\/wp-content\/uploads\/2019\/10\/NEWSESTLYONANIS-SOU-ECOLES-ST-BONNET2019-1-50x71.jpg 50w, https:\/\/newsestlyonnais.fr\/site\/wp-content\/uploads\/2019\/10\/NEWSESTLYONANIS-SOU-ECOLES-ST-BONNET2019-1-100x141.jpg 100w, https:\/\/newsestlyonnais.fr\/site\/wp-content\/uploads\/2019\/10\/NEWSESTLYONANIS-SOU-ECOLES-ST-BONNET2019-1-200x283.jpg 200w, https:\/\/newsestlyonnais.fr\/site\/wp-content\/uploads\/2019\/10\/NEWSESTLYONANIS-SOU-ECOLES-ST-BONNET2019-1-300x424.jpg 300w, https:\/\/newsestlyonnais.fr\/site\/wp-content\/uploads\/2019\/10\/NEWSESTLYONANIS-SOU-ECOLES-ST-BONNET2019-1-350x495.jpg 350w, https:\/\/newsestlyonnais.fr\/site\/wp-content\/uploads\/2019\/10\/NEWSESTLYONANIS-SOU-ECOLES-ST-BONNET2019-1-450x636.jpg 450w, https:\/\/newsestlyonnais.fr\/site\/wp-content\/uploads\/2019\/10\/NEWSESTLYONANIS-SOU-ECOLES-ST-BONNET2019-1-500x707.jpg 500w, https:\/\/newsestlyonnais.fr\/site\/wp-content\/uploads\/2019\/10\/NEWSESTLYONANIS-SOU-ECOLES-ST-BONNET2019-1-550x778.jpg 550w, https:\/\/newsestlyonnais.fr\/site\/wp-content\/uploads\/2019\/10\/NEWSESTLYONANIS-SOU-ECOLES-ST-BONNET2019-1-800x1131.jpg 800w, https:\/\/newsestlyonnais.fr\/site\/wp-content\/uploads\/2019\/10\/NEWSESTLYONANIS-SOU-ECOLES-ST-BONNET2019-1-1200x1697.jpg 1200w, https:\/\/newsestlyonnais.fr\/site\/wp-content\/uploads\/2019\/10\/NEWSESTLYONANIS-SOU-ECOLES-ST-BONNET2019-1-1600x2262.jpg 1600w, https:\/\/newsestlyonnais.fr\/site\/wp-content\/uploads\/2019\/10\/NEWSESTLYONANIS-SOU-ECOLES-ST-BONNET2019-1-1320x1866.jpg 1320w, https:\/\/newsestlyonnais.fr\/site\/wp-content\/uploads\/2019\/10\/NEWSESTLYONANIS-SOU-ECOLES-ST-BONNET2019-1.jpg 1754w\" sizes=\"auto, (max-width: 106px) 100vw, 106px\" \/><\/a>\n\t\t\t<\/div>\n\t\t\t\t<figcaption class='wp-caption-text gallery-caption' id='gallery-1-85830'>\n\t\t\t\tLOTO DU SOU DES ECOLES\n\t\t\t\t<\/figcaption><\/figure><figure class='gallery-item'>\n\t\t\t<div class='gallery-icon landscape'>\n\t\t\t\t<a href='https:\/\/newsestlyonnais.fr\/site\/2019\/10\/15\/saint-bonnet-de-mure-les-prochains-evenements-2\/newsestlyonnais-aff-huitres-2019\/'><img loading=\"lazy\" decoding=\"async\" width=\"150\" height=\"100\" src=\"https:\/\/newsestlyonnais.fr\/site\/wp-content\/uploads\/2019\/10\/NEWSESTLYONNAIS-Aff.Huitres-2019--250x167.jpg\" class=\"attachment-thumbnail size-thumbnail\" alt=\"\" aria-describedby=\"gallery-1-88975\" srcset=\"https:\/\/newsestlyonnais.fr\/site\/wp-content\/uploads\/2019\/10\/NEWSESTLYONNAIS-Aff.Huitres-2019--250x167.jpg 250w, https:\/\/newsestlyonnais.fr\/site\/wp-content\/uploads\/2019\/10\/NEWSESTLYONNAIS-Aff.Huitres-2019--400x267.jpg 400w, https:\/\/newsestlyonnais.fr\/site\/wp-content\/uploads\/2019\/10\/NEWSESTLYONNAIS-Aff.Huitres-2019--768x512.jpg 768w, https:\/\/newsestlyonnais.fr\/site\/wp-content\/uploads\/2019\/10\/NEWSESTLYONNAIS-Aff.Huitres-2019--650x433.jpg 650w, https:\/\/newsestlyonnais.fr\/site\/wp-content\/uploads\/2019\/10\/NEWSESTLYONNAIS-Aff.Huitres-2019--150x100.jpg 150w, https:\/\/newsestlyonnais.fr\/site\/wp-content\/uploads\/2019\/10\/NEWSESTLYONNAIS-Aff.Huitres-2019--50x33.jpg 50w, https:\/\/newsestlyonnais.fr\/site\/wp-content\/uploads\/2019\/10\/NEWSESTLYONNAIS-Aff.Huitres-2019--100x67.jpg 100w, https:\/\/newsestlyonnais.fr\/site\/wp-content\/uploads\/2019\/10\/NEWSESTLYONNAIS-Aff.Huitres-2019--200x133.jpg 200w, https:\/\/newsestlyonnais.fr\/site\/wp-content\/uploads\/2019\/10\/NEWSESTLYONNAIS-Aff.Huitres-2019--300x200.jpg 300w, https:\/\/newsestlyonnais.fr\/site\/wp-content\/uploads\/2019\/10\/NEWSESTLYONNAIS-Aff.Huitres-2019--350x233.jpg 350w, https:\/\/newsestlyonnais.fr\/site\/wp-content\/uploads\/2019\/10\/NEWSESTLYONNAIS-Aff.Huitres-2019--450x300.jpg 450w, https:\/\/newsestlyonnais.fr\/site\/wp-content\/uploads\/2019\/10\/NEWSESTLYONNAIS-Aff.Huitres-2019--500x333.jpg 500w, https:\/\/newsestlyonnais.fr\/site\/wp-content\/uploads\/2019\/10\/NEWSESTLYONNAIS-Aff.Huitres-2019--550x367.jpg 550w, https:\/\/newsestlyonnais.fr\/site\/wp-content\/uploads\/2019\/10\/NEWSESTLYONNAIS-Aff.Huitres-2019--800x533.jpg 800w, https:\/\/newsestlyonnais.fr\/site\/wp-content\/uploads\/2019\/10\/NEWSESTLYONNAIS-Aff.Huitres-2019-.jpg 1200w\" sizes=\"auto, (max-width: 150px) 100vw, 150px\" \/><\/a>\n\t\t\t<\/div>\n\t\t\t\t<figcaption class='wp-caption-text gallery-caption' id='gallery-1-88975'>\n\t\t\t\t       Vente d&rsquo;Huitres\n\t\t\t\t<\/figcaption><\/figure>\n\t\t<\/div>\n\n","protected":false},"excerpt":{"rendered":"<p>De nombreux \u00e9v\u00e8nements sont programm\u00e9s sur la commune d&rsquo;ici la fin d&rsquo;ann\u00e9e.<\/p>\n","protected":false},"author":4,"featured_media":85817,"comment_status":"open","ping_status":"open","sticky":false,"template":"","format":"standard","meta":{"footnotes":""},"categories":[270,1282],"tags":[1991,2167],"class_list":["post-85814","post","type-post","status-publish","format-standard","has-post-thumbnail","hentry","category-cte-de-communes-c-c-e-l","category-st-bonnet-st-laurent-de-mure","tag-agenda","tag-saint-bonnet-de-mure"],"yoast_head":"<!-- This site is optimized with the Yoast SEO plugin v27.2 - https:\/\/yoast.com\/product\/yoast-seo-wordpress\/ -->\n<title>SAINT-BONNET-DE-MURE | Les prochains \u00e9v\u00e8nements - News Est Lyonnais<\/title>\n<meta name=\"description\" content=\"SAINT-BONNET-DE-MURE | Les prochains \u00e9v\u00e8nements\" \/>\n<meta name=\"robots\" content=\"index, follow, max-snippet:-1, max-image-preview:large, max-video-preview:-1\" \/>\n<link rel=\"canonical\" href=\"https:\/\/newsestlyonnais.fr\/site\/2019\/10\/15\/saint-bonnet-de-mure-les-prochains-evenements-2\/\" \/>\n<meta property=\"og:locale\" content=\"fr_FR\" \/>\n<meta property=\"og:type\" content=\"article\" \/>\n<meta property=\"og:title\" content=\"SAINT-BONNET-DE-MURE | Les prochains \u00e9v\u00e8nements - News Est Lyonnais\" \/>\n<meta property=\"og:description\" content=\"SAINT-BONNET-DE-MURE | Les prochains \u00e9v\u00e8nements\" \/>\n<meta property=\"og:url\" content=\"https:\/\/newsestlyonnais.fr\/site\/2019\/10\/15\/saint-bonnet-de-mure-les-prochains-evenements-2\/\" \/>\n<meta property=\"og:site_name\" content=\"News Est Lyonnais\" \/>\n<meta property=\"article:author\" content=\"https:\/\/www.facebook.com\/pascal.oberson.1?fref=ts\" \/>\n<meta property=\"article:published_time\" content=\"2019-10-15T14:21:25+00:00\" \/>\n<meta property=\"article:modified_time\" content=\"2020-11-16T08:34:20+00:00\" \/>\n<meta property=\"og:image\" content=\"https:\/\/i2.wp.com\/newsestlyonnais.fr\/site\/wp-content\/uploads\/2019\/10\/NEWSESTLYONNAIS-MAIRIE-ST-BONNET-MURE.jpg?fit=1200%2C800&ssl=1\" \/>\n\t<meta property=\"og:image:width\" content=\"1200\" \/>\n\t<meta property=\"og:image:height\" content=\"800\" \/>\n\t<meta property=\"og:image:type\" content=\"image\/jpeg\" \/>\n<meta name=\"author\" content=\"R\u00e9dac. NEWS\" \/>\n<meta name=\"twitter:card\" content=\"summary_large_image\" \/>\n<meta name=\"twitter:label1\" content=\"\u00c9crit par\" \/>\n\t<meta name=\"twitter:data1\" content=\"R\u00e9dac. NEWS\" \/>\n\t<meta name=\"twitter:label2\" content=\"Dur\u00e9e de lecture estim\u00e9e\" \/>\n\t<meta name=\"twitter:data2\" content=\"2 minutes\" \/>\n<script type=\"application\/ld+json\" class=\"yoast-schema-graph\">{\"@context\":\"https:\/\/schema.org\",\"@graph\":[{\"@type\":\"Article\",\"@id\":\"https:\/\/newsestlyonnais.fr\/site\/2019\/10\/15\/saint-bonnet-de-mure-les-prochains-evenements-2\/#article\",\"isPartOf\":{\"@id\":\"https:\/\/newsestlyonnais.fr\/site\/2019\/10\/15\/saint-bonnet-de-mure-les-prochains-evenements-2\/\"},\"author\":{\"name\":\"R\u00e9dac. NEWS\",\"@id\":\"https:\/\/newsestlyonnais.fr\/site\/#\/schema\/person\/3230d5615f390bb808365d673001e887\"},\"headline\":\"SAINT-BONNET-DE-MURE | Les prochains \u00e9v\u00e8nements\",\"datePublished\":\"2019-10-15T14:21:25+00:00\",\"dateModified\":\"2020-11-16T08:34:20+00:00\",\"mainEntityOfPage\":{\"@id\":\"https:\/\/newsestlyonnais.fr\/site\/2019\/10\/15\/saint-bonnet-de-mure-les-prochains-evenements-2\/\"},\"wordCount\":491,\"commentCount\":0,\"publisher\":{\"@id\":\"https:\/\/newsestlyonnais.fr\/site\/#organization\"},\"image\":{\"@id\":\"https:\/\/newsestlyonnais.fr\/site\/2019\/10\/15\/saint-bonnet-de-mure-les-prochains-evenements-2\/#primaryimage\"},\"thumbnailUrl\":\"https:\/\/newsestlyonnais.fr\/site\/wp-content\/uploads\/2019\/10\/NEWSESTLYONNAIS-MAIRIE-ST-BONNET-MURE.jpg\",\"keywords\":[\"AGENDA\",\"SAINT BONNET DE MURE\"],\"articleSection\":[\"CCEL | Communes\",\"St Bonnet | St Laurent de Mure\"],\"inLanguage\":\"fr-FR\",\"potentialAction\":[{\"@type\":\"CommentAction\",\"name\":\"Comment\",\"target\":[\"https:\/\/newsestlyonnais.fr\/site\/2019\/10\/15\/saint-bonnet-de-mure-les-prochains-evenements-2\/#respond\"]}]},{\"@type\":\"WebPage\",\"@id\":\"https:\/\/newsestlyonnais.fr\/site\/2019\/10\/15\/saint-bonnet-de-mure-les-prochains-evenements-2\/\",\"url\":\"https:\/\/newsestlyonnais.fr\/site\/2019\/10\/15\/saint-bonnet-de-mure-les-prochains-evenements-2\/\",\"name\":\"SAINT-BONNET-DE-MURE | Les prochains \u00e9v\u00e8nements - News Est Lyonnais\",\"isPartOf\":{\"@id\":\"https:\/\/newsestlyonnais.fr\/site\/#website\"},\"primaryImageOfPage\":{\"@id\":\"https:\/\/newsestlyonnais.fr\/site\/2019\/10\/15\/saint-bonnet-de-mure-les-prochains-evenements-2\/#primaryimage\"},\"image\":{\"@id\":\"https:\/\/newsestlyonnais.fr\/site\/2019\/10\/15\/saint-bonnet-de-mure-les-prochains-evenements-2\/#primaryimage\"},\"thumbnailUrl\":\"https:\/\/newsestlyonnais.fr\/site\/wp-content\/uploads\/2019\/10\/NEWSESTLYONNAIS-MAIRIE-ST-BONNET-MURE.jpg\",\"datePublished\":\"2019-10-15T14:21:25+00:00\",\"dateModified\":\"2020-11-16T08:34:20+00:00\",\"description\":\"SAINT-BONNET-DE-MURE | Les prochains \u00e9v\u00e8nements\",\"breadcrumb\":{\"@id\":\"https:\/\/newsestlyonnais.fr\/site\/2019\/10\/15\/saint-bonnet-de-mure-les-prochains-evenements-2\/#breadcrumb\"},\"inLanguage\":\"fr-FR\",\"potentialAction\":[{\"@type\":\"ReadAction\",\"target\":[\"https:\/\/newsestlyonnais.fr\/site\/2019\/10\/15\/saint-bonnet-de-mure-les-prochains-evenements-2\/\"]}]},{\"@type\":\"ImageObject\",\"inLanguage\":\"fr-FR\",\"@id\":\"https:\/\/newsestlyonnais.fr\/site\/2019\/10\/15\/saint-bonnet-de-mure-les-prochains-evenements-2\/#primaryimage\",\"url\":\"https:\/\/newsestlyonnais.fr\/site\/wp-content\/uploads\/2019\/10\/NEWSESTLYONNAIS-MAIRIE-ST-BONNET-MURE.jpg\",\"contentUrl\":\"https:\/\/newsestlyonnais.fr\/site\/wp-content\/uploads\/2019\/10\/NEWSESTLYONNAIS-MAIRIE-ST-BONNET-MURE.jpg\",\"width\":1200,\"height\":800},{\"@type\":\"BreadcrumbList\",\"@id\":\"https:\/\/newsestlyonnais.fr\/site\/2019\/10\/15\/saint-bonnet-de-mure-les-prochains-evenements-2\/#breadcrumb\",\"itemListElement\":[{\"@type\":\"ListItem\",\"position\":1,\"name\":\"Accueil\",\"item\":\"https:\/\/newsestlyonnais.fr\/site\/\"},{\"@type\":\"ListItem\",\"position\":2,\"name\":\"SAINT-BONNET-DE-MURE | Les prochains \u00e9v\u00e8nements\"}]},{\"@type\":\"WebSite\",\"@id\":\"https:\/\/newsestlyonnais.fr\/site\/#website\",\"url\":\"https:\/\/newsestlyonnais.fr\/site\/\",\"name\":\"News Est Lyonnais\",\"description\":\"L&#039;actualit\u00e9 au plus pr\u00e8s\",\"publisher\":{\"@id\":\"https:\/\/newsestlyonnais.fr\/site\/#organization\"},\"potentialAction\":[{\"@type\":\"SearchAction\",\"target\":{\"@type\":\"EntryPoint\",\"urlTemplate\":\"https:\/\/newsestlyonnais.fr\/site\/?s={search_term_string}\"},\"query-input\":{\"@type\":\"PropertyValueSpecification\",\"valueRequired\":true,\"valueName\":\"search_term_string\"}}],\"inLanguage\":\"fr-FR\"},{\"@type\":\"Organization\",\"@id\":\"https:\/\/newsestlyonnais.fr\/site\/#organization\",\"name\":\"News EST LYONNAIS\",\"url\":\"https:\/\/newsestlyonnais.fr\/site\/\",\"logo\":{\"@type\":\"ImageObject\",\"inLanguage\":\"fr-FR\",\"@id\":\"https:\/\/newsestlyonnais.fr\/site\/#\/schema\/logo\/image\/\",\"url\":\"\",\"contentUrl\":\"\",\"caption\":\"News EST LYONNAIS\"},\"image\":{\"@id\":\"https:\/\/newsestlyonnais.fr\/site\/#\/schema\/logo\/image\/\"}},{\"@type\":\"Person\",\"@id\":\"https:\/\/newsestlyonnais.fr\/site\/#\/schema\/person\/3230d5615f390bb808365d673001e887\",\"name\":\"R\u00e9dac. NEWS\",\"sameAs\":[\"http:\/\/www.newsestlyonnais.fr\",\"https:\/\/www.facebook.com\/pascal.oberson.1?fref=ts\",\"https:\/\/fr.linkedin.com\/in\/pascal-oberson-b17045113\"],\"url\":\"https:\/\/newsestlyonnais.fr\/site\/author\/nel\/\"}]}<\/script>\n<!-- \/ Yoast SEO plugin. -->","yoast_head_json":{"title":"SAINT-BONNET-DE-MURE | Les prochains \u00e9v\u00e8nements - News Est Lyonnais","description":"SAINT-BONNET-DE-MURE | Les prochains \u00e9v\u00e8nements","robots":{"index":"index","follow":"follow","max-snippet":"max-snippet:-1","max-image-preview":"max-image-preview:large","max-video-preview":"max-video-preview:-1"},"canonical":"https:\/\/newsestlyonnais.fr\/site\/2019\/10\/15\/saint-bonnet-de-mure-les-prochains-evenements-2\/","og_locale":"fr_FR","og_type":"article","og_title":"SAINT-BONNET-DE-MURE | Les prochains \u00e9v\u00e8nements - News Est Lyonnais","og_description":"SAINT-BONNET-DE-MURE | Les prochains \u00e9v\u00e8nements","og_url":"https:\/\/newsestlyonnais.fr\/site\/2019\/10\/15\/saint-bonnet-de-mure-les-prochains-evenements-2\/","og_site_name":"News Est Lyonnais","article_author":"https:\/\/www.facebook.com\/pascal.oberson.1?fref=ts","article_published_time":"2019-10-15T14:21:25+00:00","article_modified_time":"2020-11-16T08:34:20+00:00","og_image":[{"width":1200,"height":800,"url":"https:\/\/i2.wp.com\/newsestlyonnais.fr\/site\/wp-content\/uploads\/2019\/10\/NEWSESTLYONNAIS-MAIRIE-ST-BONNET-MURE.jpg?fit=1200%2C800&ssl=1","type":"image\/jpeg"}],"author":"R\u00e9dac. NEWS","twitter_card":"summary_large_image","twitter_misc":{"\u00c9crit par":"R\u00e9dac. NEWS","Dur\u00e9e de lecture estim\u00e9e":"2 minutes"},"schema":{"@context":"https:\/\/schema.org","@graph":[{"@type":"Article","@id":"https:\/\/newsestlyonnais.fr\/site\/2019\/10\/15\/saint-bonnet-de-mure-les-prochains-evenements-2\/#article","isPartOf":{"@id":"https:\/\/newsestlyonnais.fr\/site\/2019\/10\/15\/saint-bonnet-de-mure-les-prochains-evenements-2\/"},"author":{"name":"R\u00e9dac. NEWS","@id":"https:\/\/newsestlyonnais.fr\/site\/#\/schema\/person\/3230d5615f390bb808365d673001e887"},"headline":"SAINT-BONNET-DE-MURE | Les prochains \u00e9v\u00e8nements","datePublished":"2019-10-15T14:21:25+00:00","dateModified":"2020-11-16T08:34:20+00:00","mainEntityOfPage":{"@id":"https:\/\/newsestlyonnais.fr\/site\/2019\/10\/15\/saint-bonnet-de-mure-les-prochains-evenements-2\/"},"wordCount":491,"commentCount":0,"publisher":{"@id":"https:\/\/newsestlyonnais.fr\/site\/#organization"},"image":{"@id":"https:\/\/newsestlyonnais.fr\/site\/2019\/10\/15\/saint-bonnet-de-mure-les-prochains-evenements-2\/#primaryimage"},"thumbnailUrl":"https:\/\/newsestlyonnais.fr\/site\/wp-content\/uploads\/2019\/10\/NEWSESTLYONNAIS-MAIRIE-ST-BONNET-MURE.jpg","keywords":["AGENDA","SAINT BONNET DE MURE"],"articleSection":["CCEL | Communes","St Bonnet | St Laurent de Mure"],"inLanguage":"fr-FR","potentialAction":[{"@type":"CommentAction","name":"Comment","target":["https:\/\/newsestlyonnais.fr\/site\/2019\/10\/15\/saint-bonnet-de-mure-les-prochains-evenements-2\/#respond"]}]},{"@type":"WebPage","@id":"https:\/\/newsestlyonnais.fr\/site\/2019\/10\/15\/saint-bonnet-de-mure-les-prochains-evenements-2\/","url":"https:\/\/newsestlyonnais.fr\/site\/2019\/10\/15\/saint-bonnet-de-mure-les-prochains-evenements-2\/","name":"SAINT-BONNET-DE-MURE | Les prochains \u00e9v\u00e8nements - News Est Lyonnais","isPartOf":{"@id":"https:\/\/newsestlyonnais.fr\/site\/#website"},"primaryImageOfPage":{"@id":"https:\/\/newsestlyonnais.fr\/site\/2019\/10\/15\/saint-bonnet-de-mure-les-prochains-evenements-2\/#primaryimage"},"image":{"@id":"https:\/\/newsestlyonnais.fr\/site\/2019\/10\/15\/saint-bonnet-de-mure-les-prochains-evenements-2\/#primaryimage"},"thumbnailUrl":"https:\/\/newsestlyonnais.fr\/site\/wp-content\/uploads\/2019\/10\/NEWSESTLYONNAIS-MAIRIE-ST-BONNET-MURE.jpg","datePublished":"2019-10-15T14:21:25+00:00","dateModified":"2020-11-16T08:34:20+00:00","description":"SAINT-BONNET-DE-MURE | Les prochains \u00e9v\u00e8nements","breadcrumb":{"@id":"https:\/\/newsestlyonnais.fr\/site\/2019\/10\/15\/saint-bonnet-de-mure-les-prochains-evenements-2\/#breadcrumb"},"inLanguage":"fr-FR","potentialAction":[{"@type":"ReadAction","target":["https:\/\/newsestlyonnais.fr\/site\/2019\/10\/15\/saint-bonnet-de-mure-les-prochains-evenements-2\/"]}]},{"@type":"ImageObject","inLanguage":"fr-FR","@id":"https:\/\/newsestlyonnais.fr\/site\/2019\/10\/15\/saint-bonnet-de-mure-les-prochains-evenements-2\/#primaryimage","url":"https:\/\/newsestlyonnais.fr\/site\/wp-content\/uploads\/2019\/10\/NEWSESTLYONNAIS-MAIRIE-ST-BONNET-MURE.jpg","contentUrl":"https:\/\/newsestlyonnais.fr\/site\/wp-content\/uploads\/2019\/10\/NEWSESTLYONNAIS-MAIRIE-ST-BONNET-MURE.jpg","width":1200,"height":800},{"@type":"BreadcrumbList","@id":"https:\/\/newsestlyonnais.fr\/site\/2019\/10\/15\/saint-bonnet-de-mure-les-prochains-evenements-2\/#breadcrumb","itemListElement":[{"@type":"ListItem","position":1,"name":"Accueil","item":"https:\/\/newsestlyonnais.fr\/site\/"},{"@type":"ListItem","position":2,"name":"SAINT-BONNET-DE-MURE | Les prochains \u00e9v\u00e8nements"}]},{"@type":"WebSite","@id":"https:\/\/newsestlyonnais.fr\/site\/#website","url":"https:\/\/newsestlyonnais.fr\/site\/","name":"News Est Lyonnais","description":"L&#039;actualit\u00e9 au plus pr\u00e8s","publisher":{"@id":"https:\/\/newsestlyonnais.fr\/site\/#organization"},"potentialAction":[{"@type":"SearchAction","target":{"@type":"EntryPoint","urlTemplate":"https:\/\/newsestlyonnais.fr\/site\/?s={search_term_string}"},"query-input":{"@type":"PropertyValueSpecification","valueRequired":true,"valueName":"search_term_string"}}],"inLanguage":"fr-FR"},{"@type":"Organization","@id":"https:\/\/newsestlyonnais.fr\/site\/#organization","name":"News EST LYONNAIS","url":"https:\/\/newsestlyonnais.fr\/site\/","logo":{"@type":"ImageObject","inLanguage":"fr-FR","@id":"https:\/\/newsestlyonnais.fr\/site\/#\/schema\/logo\/image\/","url":"","contentUrl":"","caption":"News EST LYONNAIS"},"image":{"@id":"https:\/\/newsestlyonnais.fr\/site\/#\/schema\/logo\/image\/"}},{"@type":"Person","@id":"https:\/\/newsestlyonnais.fr\/site\/#\/schema\/person\/3230d5615f390bb808365d673001e887","name":"R\u00e9dac. NEWS","sameAs":["http:\/\/www.newsestlyonnais.fr","https:\/\/www.facebook.com\/pascal.oberson.1?fref=ts","https:\/\/fr.linkedin.com\/in\/pascal-oberson-b17045113"],"url":"https:\/\/newsestlyonnais.fr\/site\/author\/nel\/"}]}},"_links":{"self":[{"href":"https:\/\/newsestlyonnais.fr\/site\/wp-json\/wp\/v2\/posts\/85814","targetHints":{"allow":["GET"]}}],"collection":[{"href":"https:\/\/newsestlyonnais.fr\/site\/wp-json\/wp\/v2\/posts"}],"about":[{"href":"https:\/\/newsestlyonnais.fr\/site\/wp-json\/wp\/v2\/types\/post"}],"author":[{"embeddable":true,"href":"https:\/\/newsestlyonnais.fr\/site\/wp-json\/wp\/v2\/users\/4"}],"replies":[{"embeddable":true,"href":"https:\/\/newsestlyonnais.fr\/site\/wp-json\/wp\/v2\/comments?post=85814"}],"version-history":[{"count":0,"href":"https:\/\/newsestlyonnais.fr\/site\/wp-json\/wp\/v2\/posts\/85814\/revisions"}],"wp:featuredmedia":[{"embeddable":true,"href":"https:\/\/newsestlyonnais.fr\/site\/wp-json\/wp\/v2\/media\/85817"}],"wp:attachment":[{"href":"https:\/\/newsestlyonnais.fr\/site\/wp-json\/wp\/v2\/media?parent=85814"}],"wp:term":[{"taxonomy":"category","embeddable":true,"href":"https:\/\/newsestlyonnais.fr\/site\/wp-json\/wp\/v2\/categories?post=85814"},{"taxonomy":"post_tag","embeddable":true,"href":"https:\/\/newsestlyonnais.fr\/site\/wp-json\/wp\/v2\/tags?post=85814"}],"curies":[{"name":"wp","href":"https:\/\/api.w.org\/{rel}","templated":true}]}}