{"id":86152,"date":"2019-12-30T09:53:56","date_gmt":"2019-12-30T08:53:56","guid":{"rendered":"http:\/\/newsestlyonnais.fr\/site\/?p=86152"},"modified":"2020-11-15T07:34:54","modified_gmt":"2020-11-15T06:34:54","slug":"genas-venez-feter-le-nouvel-an-avec-le-comite-des-fetes","status":"publish","type":"post","link":"https:\/\/newsestlyonnais.fr\/site\/2019\/12\/30\/genas-venez-feter-le-nouvel-an-avec-le-comite-des-fetes\/","title":{"rendered":"GENAS | Venez f\u00eater le Nouvel an avec le Comit\u00e9 des F\u00eates"},"content":{"rendered":"<div>\n<p>Le traditionnel R\u00e9veillon de la Saint-Sylvestre est organis\u00e9 par la dynamique \u00e9quipe de b\u00e9n\u00e9voles du Comit\u00e9 des F\u00eates en partenariat avec la Ville de Genas.<\/p>\n<p>Ce passage \u00e0 la nouvelle ann\u00e9e sera c\u00e9l\u00e9br\u00e9 dans le cadre d\u2019une soir\u00e9e dansante anim\u00e9e par FC MUSIC, un DJ qui fait un vrai travail de professionnel, comprenant un menu copieux concoct\u00e9 par le traiteur Herv\u00e9 Heyraud, accompagn\u00e9 de vins (ros\u00e9, rouge, blanc) d\u2019un trou normand, ainsi que d\u2019une gratin\u00e9e \u00e0 l\u2019oignon.<\/p>\n<ul>\n<li>Tarifs : adultes : 80 \u20ac &amp; enfants (- 13 ans) : 25 \u20ac.<\/li>\n<\/ul>\n<p><strong>N\u2019oubliez pas de r\u00e9server vite ! avec la billetterie en ligne<\/strong> : <a href=\"https:\/\/www.helloasso.com\/associations\/comite-des-fetes-genas\/evenements\/reveillon-saint-sylvestre-2019-1\">https:\/\/www.helloasso.com\/associations\/comite-des-fetes-genas\/evenements\/reveillon-saint-sylvestre-2019-1<\/a><\/p>\n<ul>\n<li><strong>Tarifs<\/strong> : adultes : 80 \u20ac &amp; enfants (- 13 ans) : 25 \u20ac.<\/li>\n<li><b>Renseignements \/ R\u00e9servations \/ Inscriptions : <\/b>Tous les dimanches matins (9 h 30 \u00e0 12 h), \u00e0 la permanence du Comit\u00e9 des F\u00eates, 3, rue Jacques Brel (face au march\u00e9 couvert) \u00e0 Genas.<\/li>\n<li>\u00a0Plus d&rsquo;infos : <a href=\"https:\/\/fr-fr.facebook.com\/cdfgenas.fr\/\"><span style=\"font-family: Times New Roman;color: #0000ff;font-size: medium\">https:\/\/fr-fr.facebook.com\/cdfgenas.fr\/<\/span><\/a><span style=\"font-size: medium\"> Portable 07 72 38 96 17 <\/span><a href=\"http:\/\/www.cdf-genas.fr\/\"><span style=\"font-family: Times New Roman;color: #0000ff;font-size: medium\">http:\/\/www.cdf-genas.fr\/<\/span><\/a><\/li>\n<\/ul>\n<p>* L&rsquo;abus d&rsquo;alcool est dangereux pour la sant\u00e9, \u00e0 consommer avec mod\u00e9ration !<\/p>\n<ul>\n<li><em>Mardi 31 d\u00e9cembre 2019 \u00e0 partir de 20 h, Salle Jacques Anquetil , 2 rue de la Fraternit\u00e9.<\/em><\/li>\n<\/ul>\n<div id='gallery-1' class='gallery galleryid-86152 gallery-columns-3 gallery-size-thumbnail'><figure class='gallery-item'>\n\t\t\t<div class='gallery-icon portrait'>\n\t\t\t\t<a href='https:\/\/newsestlyonnais.fr\/site\/2019\/12\/30\/genas-venez-feter-le-nouvel-an-avec-le-comite-des-fetes\/newsestlyonnais-cfd-genas-reveillon-2019\/'><img loading=\"lazy\" decoding=\"async\" width=\"106\" height=\"150\" src=\"https:\/\/newsestlyonnais.fr\/site\/wp-content\/uploads\/2019\/10\/NEWSESTLYONNAIS-CFD-GENAS-REVEILLON-2019-250x354.jpg\" class=\"attachment-thumbnail size-thumbnail\" alt=\"\" aria-describedby=\"gallery-1-86155\" srcset=\"https:\/\/newsestlyonnais.fr\/site\/wp-content\/uploads\/2019\/10\/NEWSESTLYONNAIS-CFD-GENAS-REVEILLON-2019-250x354.jpg 250w, https:\/\/newsestlyonnais.fr\/site\/wp-content\/uploads\/2019\/10\/NEWSESTLYONNAIS-CFD-GENAS-REVEILLON-2019-150x212.jpg 150w, https:\/\/newsestlyonnais.fr\/site\/wp-content\/uploads\/2019\/10\/NEWSESTLYONNAIS-CFD-GENAS-REVEILLON-2019-50x71.jpg 50w, https:\/\/newsestlyonnais.fr\/site\/wp-content\/uploads\/2019\/10\/NEWSESTLYONNAIS-CFD-GENAS-REVEILLON-2019-100x142.jpg 100w, https:\/\/newsestlyonnais.fr\/site\/wp-content\/uploads\/2019\/10\/NEWSESTLYONNAIS-CFD-GENAS-REVEILLON-2019-200x283.jpg 200w, https:\/\/newsestlyonnais.fr\/site\/wp-content\/uploads\/2019\/10\/NEWSESTLYONNAIS-CFD-GENAS-REVEILLON-2019-300x425.jpg 300w, https:\/\/newsestlyonnais.fr\/site\/wp-content\/uploads\/2019\/10\/NEWSESTLYONNAIS-CFD-GENAS-REVEILLON-2019-350x496.jpg 350w, https:\/\/newsestlyonnais.fr\/site\/wp-content\/uploads\/2019\/10\/NEWSESTLYONNAIS-CFD-GENAS-REVEILLON-2019.jpg 353w\" sizes=\"auto, (max-width: 106px) 100vw, 106px\" \/><\/a>\n\t\t\t<\/div>\n\t\t\t\t<figcaption class='wp-caption-text gallery-caption' id='gallery-1-86155'>\n\t\t\t\tLa dynamique \u00e9quipe du Comit\u00e9 des F\u00eates  \n\t\t\t\t<\/figcaption><\/figure><figure class='gallery-item'>\n\t\t\t<div class='gallery-icon landscape'>\n\t\t\t\t<a href='https:\/\/newsestlyonnais.fr\/site\/2019\/12\/30\/genas-venez-feter-le-nouvel-an-avec-le-comite-des-fetes\/newsestlyonnais-cdf-2019-2020-2\/'><img loading=\"lazy\" decoding=\"async\" width=\"150\" height=\"96\" src=\"https:\/\/newsestlyonnais.fr\/site\/wp-content\/uploads\/2019\/10\/NEWSESTLYONNAIS-CDF-2019-2020-1-250x160.jpg\" class=\"attachment-thumbnail size-thumbnail\" alt=\"\" srcset=\"https:\/\/newsestlyonnais.fr\/site\/wp-content\/uploads\/2019\/10\/NEWSESTLYONNAIS-CDF-2019-2020-1-250x160.jpg 250w, https:\/\/newsestlyonnais.fr\/site\/wp-content\/uploads\/2019\/10\/NEWSESTLYONNAIS-CDF-2019-2020-1-400x256.jpg 400w, https:\/\/newsestlyonnais.fr\/site\/wp-content\/uploads\/2019\/10\/NEWSESTLYONNAIS-CDF-2019-2020-1-150x96.jpg 150w, https:\/\/newsestlyonnais.fr\/site\/wp-content\/uploads\/2019\/10\/NEWSESTLYONNAIS-CDF-2019-2020-1-50x32.jpg 50w, https:\/\/newsestlyonnais.fr\/site\/wp-content\/uploads\/2019\/10\/NEWSESTLYONNAIS-CDF-2019-2020-1-100x64.jpg 100w, https:\/\/newsestlyonnais.fr\/site\/wp-content\/uploads\/2019\/10\/NEWSESTLYONNAIS-CDF-2019-2020-1-200x128.jpg 200w, https:\/\/newsestlyonnais.fr\/site\/wp-content\/uploads\/2019\/10\/NEWSESTLYONNAIS-CDF-2019-2020-1-300x192.jpg 300w, https:\/\/newsestlyonnais.fr\/site\/wp-content\/uploads\/2019\/10\/NEWSESTLYONNAIS-CDF-2019-2020-1-350x224.jpg 350w, https:\/\/newsestlyonnais.fr\/site\/wp-content\/uploads\/2019\/10\/NEWSESTLYONNAIS-CDF-2019-2020-1-450x288.jpg 450w, https:\/\/newsestlyonnais.fr\/site\/wp-content\/uploads\/2019\/10\/NEWSESTLYONNAIS-CDF-2019-2020-1.jpg 500w\" sizes=\"auto, (max-width: 150px) 100vw, 150px\" \/><\/a>\n\t\t\t<\/div><\/figure><figure class='gallery-item'>\n\t\t\t<div class='gallery-icon portrait'>\n\t\t\t\t<a href='https:\/\/newsestlyonnais.fr\/site\/2019\/12\/30\/genas-venez-feter-le-nouvel-an-avec-le-comite-des-fetes\/newsestlyonnais-reveillon-2019-2020-2\/'><img loading=\"lazy\" decoding=\"async\" width=\"113\" height=\"150\" src=\"https:\/\/newsestlyonnais.fr\/site\/wp-content\/uploads\/2019\/10\/NEWSESTLYONNAIS-REVEILLON-2019-2020-1-250x333.jpg\" class=\"attachment-thumbnail size-thumbnail\" alt=\"\" aria-describedby=\"gallery-1-86156\" srcset=\"https:\/\/newsestlyonnais.fr\/site\/wp-content\/uploads\/2019\/10\/NEWSESTLYONNAIS-REVEILLON-2019-2020-1-250x333.jpg 250w, https:\/\/newsestlyonnais.fr\/site\/wp-content\/uploads\/2019\/10\/NEWSESTLYONNAIS-REVEILLON-2019-2020-1-150x200.jpg 150w, https:\/\/newsestlyonnais.fr\/site\/wp-content\/uploads\/2019\/10\/NEWSESTLYONNAIS-REVEILLON-2019-2020-1-50x67.jpg 50w, https:\/\/newsestlyonnais.fr\/site\/wp-content\/uploads\/2019\/10\/NEWSESTLYONNAIS-REVEILLON-2019-2020-1-100x133.jpg 100w, https:\/\/newsestlyonnais.fr\/site\/wp-content\/uploads\/2019\/10\/NEWSESTLYONNAIS-REVEILLON-2019-2020-1-200x267.jpg 200w, https:\/\/newsestlyonnais.fr\/site\/wp-content\/uploads\/2019\/10\/NEWSESTLYONNAIS-REVEILLON-2019-2020-1-300x400.jpg 300w, https:\/\/newsestlyonnais.fr\/site\/wp-content\/uploads\/2019\/10\/NEWSESTLYONNAIS-REVEILLON-2019-2020-1-350x467.jpg 350w, https:\/\/newsestlyonnais.fr\/site\/wp-content\/uploads\/2019\/10\/NEWSESTLYONNAIS-REVEILLON-2019-2020-1.jpg 375w\" sizes=\"auto, (max-width: 113px) 100vw, 113px\" \/><\/a>\n\t\t\t<\/div>\n\t\t\t\t<figcaption class='wp-caption-text gallery-caption' id='gallery-1-86156'>\n\t\t\t\t   REVEILLON JOUR AN \n\t\t\t\t<\/figcaption><\/figure>\n\t\t<\/div>\n\n<\/div>\n","protected":false},"excerpt":{"rendered":"<p>Pour r\u00e9veillonnez et terminez l&rsquo;ann\u00e9e de la plus conviviale des mani\u00e8res, il est d\u00e9j\u00e0 temps de pr\u00e9voir sa soir\u00e9e ! <\/p>\n","protected":false},"author":4,"featured_media":89400,"comment_status":"open","ping_status":"open","sticky":false,"template":"","format":"standard","meta":{"footnotes":""},"categories":[270,3437,1598,3330],"tags":[2551,2005,2481],"class_list":["post-86152","post","type-post","status-publish","format-standard","has-post-thumbnail","hentry","category-cte-de-communes-c-c-e-l","category-comite-fetes-sou-des-ecoles-classes","category-genas","category-mode-spectacle","tag-comite-des-fetes","tag-genas","tag-reveillon"],"yoast_head":"<!-- This site is optimized with the Yoast SEO plugin v27.2 - https:\/\/yoast.com\/product\/yoast-seo-wordpress\/ -->\n<title>GENAS | Venez f\u00eater le Nouvel an avec le Comit\u00e9 des F\u00eates - News Est Lyonnais<\/title>\n<meta name=\"description\" content=\"GENAS | Venez F\u00eater le Nouvel an avec le Comit\u00e9 des F\u00eates\" \/>\n<meta name=\"robots\" content=\"index, follow, max-snippet:-1, max-image-preview:large, max-video-preview:-1\" \/>\n<link rel=\"canonical\" href=\"https:\/\/newsestlyonnais.fr\/site\/2019\/12\/30\/genas-venez-feter-le-nouvel-an-avec-le-comite-des-fetes\/\" \/>\n<meta property=\"og:locale\" content=\"fr_FR\" \/>\n<meta property=\"og:type\" content=\"article\" \/>\n<meta property=\"og:title\" content=\"GENAS | Venez f\u00eater le Nouvel an avec le Comit\u00e9 des F\u00eates - News Est Lyonnais\" \/>\n<meta property=\"og:description\" content=\"GENAS | Venez F\u00eater le Nouvel an avec le Comit\u00e9 des F\u00eates\" \/>\n<meta property=\"og:url\" content=\"https:\/\/newsestlyonnais.fr\/site\/2019\/12\/30\/genas-venez-feter-le-nouvel-an-avec-le-comite-des-fetes\/\" \/>\n<meta property=\"og:site_name\" content=\"News Est Lyonnais\" \/>\n<meta property=\"article:author\" content=\"https:\/\/www.facebook.com\/pascal.oberson.1?fref=ts\" \/>\n<meta property=\"article:published_time\" content=\"2019-12-30T08:53:56+00:00\" \/>\n<meta property=\"article:modified_time\" content=\"2020-11-15T06:34:54+00:00\" \/>\n<meta property=\"og:image\" content=\"https:\/\/i2.wp.com\/newsestlyonnais.fr\/site\/wp-content\/uploads\/2019\/11\/NEWSESTLYONNAIS-CTE-FETES-BEUAJOLAIS.jpg?fit=1200%2C800&ssl=1\" \/>\n\t<meta property=\"og:image:width\" content=\"1200\" \/>\n\t<meta property=\"og:image:height\" content=\"800\" \/>\n\t<meta property=\"og:image:type\" content=\"image\/jpeg\" \/>\n<meta name=\"author\" content=\"R\u00e9dac. NEWS\" \/>\n<meta name=\"twitter:card\" content=\"summary_large_image\" \/>\n<meta name=\"twitter:label1\" content=\"\u00c9crit par\" \/>\n\t<meta name=\"twitter:data1\" content=\"R\u00e9dac. NEWS\" \/>\n\t<meta name=\"twitter:label2\" content=\"Dur\u00e9e de lecture estim\u00e9e\" \/>\n\t<meta name=\"twitter:data2\" content=\"1 minute\" \/>\n<script type=\"application\/ld+json\" class=\"yoast-schema-graph\">{\"@context\":\"https:\/\/schema.org\",\"@graph\":[{\"@type\":\"Article\",\"@id\":\"https:\/\/newsestlyonnais.fr\/site\/2019\/12\/30\/genas-venez-feter-le-nouvel-an-avec-le-comite-des-fetes\/#article\",\"isPartOf\":{\"@id\":\"https:\/\/newsestlyonnais.fr\/site\/2019\/12\/30\/genas-venez-feter-le-nouvel-an-avec-le-comite-des-fetes\/\"},\"author\":{\"name\":\"R\u00e9dac. NEWS\",\"@id\":\"https:\/\/newsestlyonnais.fr\/site\/#\/schema\/person\/3230d5615f390bb808365d673001e887\"},\"headline\":\"GENAS | Venez f\u00eater le Nouvel an avec le Comit\u00e9 des F\u00eates\",\"datePublished\":\"2019-12-30T08:53:56+00:00\",\"dateModified\":\"2020-11-15T06:34:54+00:00\",\"mainEntityOfPage\":{\"@id\":\"https:\/\/newsestlyonnais.fr\/site\/2019\/12\/30\/genas-venez-feter-le-nouvel-an-avec-le-comite-des-fetes\/\"},\"wordCount\":204,\"commentCount\":0,\"publisher\":{\"@id\":\"https:\/\/newsestlyonnais.fr\/site\/#organization\"},\"image\":{\"@id\":\"https:\/\/newsestlyonnais.fr\/site\/2019\/12\/30\/genas-venez-feter-le-nouvel-an-avec-le-comite-des-fetes\/#primaryimage\"},\"thumbnailUrl\":\"https:\/\/newsestlyonnais.fr\/site\/wp-content\/uploads\/2019\/11\/NEWSESTLYONNAIS-CTE-FETES-BEUAJOLAIS.jpg\",\"keywords\":[\"COMITE DES FETES\",\"GENAS\",\"REVEILLON\"],\"articleSection\":[\"CCEL | Communes\",\"Comit\u00e9 F\u00eates | Sou des Ecoles | Classes\",\"Genas\",\"Mode | Spectacle\"],\"inLanguage\":\"fr-FR\",\"potentialAction\":[{\"@type\":\"CommentAction\",\"name\":\"Comment\",\"target\":[\"https:\/\/newsestlyonnais.fr\/site\/2019\/12\/30\/genas-venez-feter-le-nouvel-an-avec-le-comite-des-fetes\/#respond\"]}]},{\"@type\":\"WebPage\",\"@id\":\"https:\/\/newsestlyonnais.fr\/site\/2019\/12\/30\/genas-venez-feter-le-nouvel-an-avec-le-comite-des-fetes\/\",\"url\":\"https:\/\/newsestlyonnais.fr\/site\/2019\/12\/30\/genas-venez-feter-le-nouvel-an-avec-le-comite-des-fetes\/\",\"name\":\"GENAS | Venez f\u00eater le Nouvel an avec le Comit\u00e9 des F\u00eates - News Est Lyonnais\",\"isPartOf\":{\"@id\":\"https:\/\/newsestlyonnais.fr\/site\/#website\"},\"primaryImageOfPage\":{\"@id\":\"https:\/\/newsestlyonnais.fr\/site\/2019\/12\/30\/genas-venez-feter-le-nouvel-an-avec-le-comite-des-fetes\/#primaryimage\"},\"image\":{\"@id\":\"https:\/\/newsestlyonnais.fr\/site\/2019\/12\/30\/genas-venez-feter-le-nouvel-an-avec-le-comite-des-fetes\/#primaryimage\"},\"thumbnailUrl\":\"https:\/\/newsestlyonnais.fr\/site\/wp-content\/uploads\/2019\/11\/NEWSESTLYONNAIS-CTE-FETES-BEUAJOLAIS.jpg\",\"datePublished\":\"2019-12-30T08:53:56+00:00\",\"dateModified\":\"2020-11-15T06:34:54+00:00\",\"description\":\"GENAS | Venez F\u00eater le Nouvel an avec le Comit\u00e9 des F\u00eates\",\"breadcrumb\":{\"@id\":\"https:\/\/newsestlyonnais.fr\/site\/2019\/12\/30\/genas-venez-feter-le-nouvel-an-avec-le-comite-des-fetes\/#breadcrumb\"},\"inLanguage\":\"fr-FR\",\"potentialAction\":[{\"@type\":\"ReadAction\",\"target\":[\"https:\/\/newsestlyonnais.fr\/site\/2019\/12\/30\/genas-venez-feter-le-nouvel-an-avec-le-comite-des-fetes\/\"]}]},{\"@type\":\"ImageObject\",\"inLanguage\":\"fr-FR\",\"@id\":\"https:\/\/newsestlyonnais.fr\/site\/2019\/12\/30\/genas-venez-feter-le-nouvel-an-avec-le-comite-des-fetes\/#primaryimage\",\"url\":\"https:\/\/newsestlyonnais.fr\/site\/wp-content\/uploads\/2019\/11\/NEWSESTLYONNAIS-CTE-FETES-BEUAJOLAIS.jpg\",\"contentUrl\":\"https:\/\/newsestlyonnais.fr\/site\/wp-content\/uploads\/2019\/11\/NEWSESTLYONNAIS-CTE-FETES-BEUAJOLAIS.jpg\",\"width\":1200,\"height\":800},{\"@type\":\"BreadcrumbList\",\"@id\":\"https:\/\/newsestlyonnais.fr\/site\/2019\/12\/30\/genas-venez-feter-le-nouvel-an-avec-le-comite-des-fetes\/#breadcrumb\",\"itemListElement\":[{\"@type\":\"ListItem\",\"position\":1,\"name\":\"Accueil\",\"item\":\"https:\/\/newsestlyonnais.fr\/site\/\"},{\"@type\":\"ListItem\",\"position\":2,\"name\":\"GENAS | Venez f\u00eater le Nouvel an avec le Comit\u00e9 des F\u00eates\"}]},{\"@type\":\"WebSite\",\"@id\":\"https:\/\/newsestlyonnais.fr\/site\/#website\",\"url\":\"https:\/\/newsestlyonnais.fr\/site\/\",\"name\":\"News Est Lyonnais\",\"description\":\"L&#039;actualit\u00e9 au plus pr\u00e8s\",\"publisher\":{\"@id\":\"https:\/\/newsestlyonnais.fr\/site\/#organization\"},\"potentialAction\":[{\"@type\":\"SearchAction\",\"target\":{\"@type\":\"EntryPoint\",\"urlTemplate\":\"https:\/\/newsestlyonnais.fr\/site\/?s={search_term_string}\"},\"query-input\":{\"@type\":\"PropertyValueSpecification\",\"valueRequired\":true,\"valueName\":\"search_term_string\"}}],\"inLanguage\":\"fr-FR\"},{\"@type\":\"Organization\",\"@id\":\"https:\/\/newsestlyonnais.fr\/site\/#organization\",\"name\":\"News EST LYONNAIS\",\"url\":\"https:\/\/newsestlyonnais.fr\/site\/\",\"logo\":{\"@type\":\"ImageObject\",\"inLanguage\":\"fr-FR\",\"@id\":\"https:\/\/newsestlyonnais.fr\/site\/#\/schema\/logo\/image\/\",\"url\":\"\",\"contentUrl\":\"\",\"caption\":\"News EST LYONNAIS\"},\"image\":{\"@id\":\"https:\/\/newsestlyonnais.fr\/site\/#\/schema\/logo\/image\/\"}},{\"@type\":\"Person\",\"@id\":\"https:\/\/newsestlyonnais.fr\/site\/#\/schema\/person\/3230d5615f390bb808365d673001e887\",\"name\":\"R\u00e9dac. NEWS\",\"sameAs\":[\"http:\/\/www.newsestlyonnais.fr\",\"https:\/\/www.facebook.com\/pascal.oberson.1?fref=ts\",\"https:\/\/fr.linkedin.com\/in\/pascal-oberson-b17045113\"],\"url\":\"https:\/\/newsestlyonnais.fr\/site\/author\/nel\/\"}]}<\/script>\n<!-- \/ Yoast SEO plugin. -->","yoast_head_json":{"title":"GENAS | Venez f\u00eater le Nouvel an avec le Comit\u00e9 des F\u00eates - News Est Lyonnais","description":"GENAS | Venez F\u00eater le Nouvel an avec le Comit\u00e9 des F\u00eates","robots":{"index":"index","follow":"follow","max-snippet":"max-snippet:-1","max-image-preview":"max-image-preview:large","max-video-preview":"max-video-preview:-1"},"canonical":"https:\/\/newsestlyonnais.fr\/site\/2019\/12\/30\/genas-venez-feter-le-nouvel-an-avec-le-comite-des-fetes\/","og_locale":"fr_FR","og_type":"article","og_title":"GENAS | Venez f\u00eater le Nouvel an avec le Comit\u00e9 des F\u00eates - News Est Lyonnais","og_description":"GENAS | Venez F\u00eater le Nouvel an avec le Comit\u00e9 des F\u00eates","og_url":"https:\/\/newsestlyonnais.fr\/site\/2019\/12\/30\/genas-venez-feter-le-nouvel-an-avec-le-comite-des-fetes\/","og_site_name":"News Est Lyonnais","article_author":"https:\/\/www.facebook.com\/pascal.oberson.1?fref=ts","article_published_time":"2019-12-30T08:53:56+00:00","article_modified_time":"2020-11-15T06:34:54+00:00","og_image":[{"width":1200,"height":800,"url":"https:\/\/i2.wp.com\/newsestlyonnais.fr\/site\/wp-content\/uploads\/2019\/11\/NEWSESTLYONNAIS-CTE-FETES-BEUAJOLAIS.jpg?fit=1200%2C800&ssl=1","type":"image\/jpeg"}],"author":"R\u00e9dac. NEWS","twitter_card":"summary_large_image","twitter_misc":{"\u00c9crit par":"R\u00e9dac. NEWS","Dur\u00e9e de lecture estim\u00e9e":"1 minute"},"schema":{"@context":"https:\/\/schema.org","@graph":[{"@type":"Article","@id":"https:\/\/newsestlyonnais.fr\/site\/2019\/12\/30\/genas-venez-feter-le-nouvel-an-avec-le-comite-des-fetes\/#article","isPartOf":{"@id":"https:\/\/newsestlyonnais.fr\/site\/2019\/12\/30\/genas-venez-feter-le-nouvel-an-avec-le-comite-des-fetes\/"},"author":{"name":"R\u00e9dac. NEWS","@id":"https:\/\/newsestlyonnais.fr\/site\/#\/schema\/person\/3230d5615f390bb808365d673001e887"},"headline":"GENAS | Venez f\u00eater le Nouvel an avec le Comit\u00e9 des F\u00eates","datePublished":"2019-12-30T08:53:56+00:00","dateModified":"2020-11-15T06:34:54+00:00","mainEntityOfPage":{"@id":"https:\/\/newsestlyonnais.fr\/site\/2019\/12\/30\/genas-venez-feter-le-nouvel-an-avec-le-comite-des-fetes\/"},"wordCount":204,"commentCount":0,"publisher":{"@id":"https:\/\/newsestlyonnais.fr\/site\/#organization"},"image":{"@id":"https:\/\/newsestlyonnais.fr\/site\/2019\/12\/30\/genas-venez-feter-le-nouvel-an-avec-le-comite-des-fetes\/#primaryimage"},"thumbnailUrl":"https:\/\/newsestlyonnais.fr\/site\/wp-content\/uploads\/2019\/11\/NEWSESTLYONNAIS-CTE-FETES-BEUAJOLAIS.jpg","keywords":["COMITE DES FETES","GENAS","REVEILLON"],"articleSection":["CCEL | Communes","Comit\u00e9 F\u00eates | Sou des Ecoles | Classes","Genas","Mode | Spectacle"],"inLanguage":"fr-FR","potentialAction":[{"@type":"CommentAction","name":"Comment","target":["https:\/\/newsestlyonnais.fr\/site\/2019\/12\/30\/genas-venez-feter-le-nouvel-an-avec-le-comite-des-fetes\/#respond"]}]},{"@type":"WebPage","@id":"https:\/\/newsestlyonnais.fr\/site\/2019\/12\/30\/genas-venez-feter-le-nouvel-an-avec-le-comite-des-fetes\/","url":"https:\/\/newsestlyonnais.fr\/site\/2019\/12\/30\/genas-venez-feter-le-nouvel-an-avec-le-comite-des-fetes\/","name":"GENAS | Venez f\u00eater le Nouvel an avec le Comit\u00e9 des F\u00eates - News Est Lyonnais","isPartOf":{"@id":"https:\/\/newsestlyonnais.fr\/site\/#website"},"primaryImageOfPage":{"@id":"https:\/\/newsestlyonnais.fr\/site\/2019\/12\/30\/genas-venez-feter-le-nouvel-an-avec-le-comite-des-fetes\/#primaryimage"},"image":{"@id":"https:\/\/newsestlyonnais.fr\/site\/2019\/12\/30\/genas-venez-feter-le-nouvel-an-avec-le-comite-des-fetes\/#primaryimage"},"thumbnailUrl":"https:\/\/newsestlyonnais.fr\/site\/wp-content\/uploads\/2019\/11\/NEWSESTLYONNAIS-CTE-FETES-BEUAJOLAIS.jpg","datePublished":"2019-12-30T08:53:56+00:00","dateModified":"2020-11-15T06:34:54+00:00","description":"GENAS | Venez F\u00eater le Nouvel an avec le Comit\u00e9 des F\u00eates","breadcrumb":{"@id":"https:\/\/newsestlyonnais.fr\/site\/2019\/12\/30\/genas-venez-feter-le-nouvel-an-avec-le-comite-des-fetes\/#breadcrumb"},"inLanguage":"fr-FR","potentialAction":[{"@type":"ReadAction","target":["https:\/\/newsestlyonnais.fr\/site\/2019\/12\/30\/genas-venez-feter-le-nouvel-an-avec-le-comite-des-fetes\/"]}]},{"@type":"ImageObject","inLanguage":"fr-FR","@id":"https:\/\/newsestlyonnais.fr\/site\/2019\/12\/30\/genas-venez-feter-le-nouvel-an-avec-le-comite-des-fetes\/#primaryimage","url":"https:\/\/newsestlyonnais.fr\/site\/wp-content\/uploads\/2019\/11\/NEWSESTLYONNAIS-CTE-FETES-BEUAJOLAIS.jpg","contentUrl":"https:\/\/newsestlyonnais.fr\/site\/wp-content\/uploads\/2019\/11\/NEWSESTLYONNAIS-CTE-FETES-BEUAJOLAIS.jpg","width":1200,"height":800},{"@type":"BreadcrumbList","@id":"https:\/\/newsestlyonnais.fr\/site\/2019\/12\/30\/genas-venez-feter-le-nouvel-an-avec-le-comite-des-fetes\/#breadcrumb","itemListElement":[{"@type":"ListItem","position":1,"name":"Accueil","item":"https:\/\/newsestlyonnais.fr\/site\/"},{"@type":"ListItem","position":2,"name":"GENAS | Venez f\u00eater le Nouvel an avec le Comit\u00e9 des F\u00eates"}]},{"@type":"WebSite","@id":"https:\/\/newsestlyonnais.fr\/site\/#website","url":"https:\/\/newsestlyonnais.fr\/site\/","name":"News Est Lyonnais","description":"L&#039;actualit\u00e9 au plus pr\u00e8s","publisher":{"@id":"https:\/\/newsestlyonnais.fr\/site\/#organization"},"potentialAction":[{"@type":"SearchAction","target":{"@type":"EntryPoint","urlTemplate":"https:\/\/newsestlyonnais.fr\/site\/?s={search_term_string}"},"query-input":{"@type":"PropertyValueSpecification","valueRequired":true,"valueName":"search_term_string"}}],"inLanguage":"fr-FR"},{"@type":"Organization","@id":"https:\/\/newsestlyonnais.fr\/site\/#organization","name":"News EST LYONNAIS","url":"https:\/\/newsestlyonnais.fr\/site\/","logo":{"@type":"ImageObject","inLanguage":"fr-FR","@id":"https:\/\/newsestlyonnais.fr\/site\/#\/schema\/logo\/image\/","url":"","contentUrl":"","caption":"News EST LYONNAIS"},"image":{"@id":"https:\/\/newsestlyonnais.fr\/site\/#\/schema\/logo\/image\/"}},{"@type":"Person","@id":"https:\/\/newsestlyonnais.fr\/site\/#\/schema\/person\/3230d5615f390bb808365d673001e887","name":"R\u00e9dac. NEWS","sameAs":["http:\/\/www.newsestlyonnais.fr","https:\/\/www.facebook.com\/pascal.oberson.1?fref=ts","https:\/\/fr.linkedin.com\/in\/pascal-oberson-b17045113"],"url":"https:\/\/newsestlyonnais.fr\/site\/author\/nel\/"}]}},"_links":{"self":[{"href":"https:\/\/newsestlyonnais.fr\/site\/wp-json\/wp\/v2\/posts\/86152","targetHints":{"allow":["GET"]}}],"collection":[{"href":"https:\/\/newsestlyonnais.fr\/site\/wp-json\/wp\/v2\/posts"}],"about":[{"href":"https:\/\/newsestlyonnais.fr\/site\/wp-json\/wp\/v2\/types\/post"}],"author":[{"embeddable":true,"href":"https:\/\/newsestlyonnais.fr\/site\/wp-json\/wp\/v2\/users\/4"}],"replies":[{"embeddable":true,"href":"https:\/\/newsestlyonnais.fr\/site\/wp-json\/wp\/v2\/comments?post=86152"}],"version-history":[{"count":0,"href":"https:\/\/newsestlyonnais.fr\/site\/wp-json\/wp\/v2\/posts\/86152\/revisions"}],"wp:featuredmedia":[{"embeddable":true,"href":"https:\/\/newsestlyonnais.fr\/site\/wp-json\/wp\/v2\/media\/89400"}],"wp:attachment":[{"href":"https:\/\/newsestlyonnais.fr\/site\/wp-json\/wp\/v2\/media?parent=86152"}],"wp:term":[{"taxonomy":"category","embeddable":true,"href":"https:\/\/newsestlyonnais.fr\/site\/wp-json\/wp\/v2\/categories?post=86152"},{"taxonomy":"post_tag","embeddable":true,"href":"https:\/\/newsestlyonnais.fr\/site\/wp-json\/wp\/v2\/tags?post=86152"}],"curies":[{"name":"wp","href":"https:\/\/api.w.org\/{rel}","templated":true}]}}