{"id":86353,"date":"2019-10-21T12:04:36","date_gmt":"2019-10-21T11:04:36","guid":{"rendered":"http:\/\/newsestlyonnais.fr\/site\/?p=86353"},"modified":"2020-05-23T18:05:56","modified_gmt":"2020-05-23T17:05:56","slug":"genas-la-ville-obtient-3-subventions-du-departement","status":"publish","type":"post","link":"https:\/\/newsestlyonnais.fr\/site\/2019\/10\/21\/genas-la-ville-obtient-3-subventions-du-departement\/","title":{"rendered":"GENAS | La Ville obtient 3 subventions du D\u00e9partement"},"content":{"rendered":"<p>Celui-ci a \u00e9t\u00e9 lanc\u00e9 dans le cadre du Partenariat territorial.<\/p>\n<p>Trois dossiers pr\u00e9sent\u00e9s par la Ville de Genas ont \u00e9t\u00e9 valid\u00e9s lors de cette s\u00e9ance, il s\u2019agit :<\/p>\n<ul>\n<li>du futur th\u00e9\u00e2tre de verdure qui obtient ainsi une subvention de 45.000 euros.<\/li>\n<li>de la r\u00e9habilitation de la ferme de Gandil (17.375 euros).<\/li>\n<li>des sentiers du patrimoine \u00abLes Genadines \u00bb (10.000 euros). (photo \u00e0 la une).<\/li>\n<\/ul>\n<p>_________________________________________________________________________<\/p>\n<p><strong>NOTA<\/strong> : Pour rappel, en 2018, 2 dossiers genassiens avaient \u00e9galement \u00e9t\u00e9 subventionn\u00e9s par le D\u00e9partement du Rh\u00f4ne, \u00e0 savoir le r\u00e9am\u00e9nagement du complexe sportif Marcel Gonzal\u00e8s (50.000 euros) et les abords de la salle Le Gen\u00eat (43.000 euros).<\/p>\n<p>Le Partenariat territorial est un dispositif mis en place en 2017 par le D\u00e9partement. Il fixe les modalit\u00e9s relatives \u00e0 la politique contractuelle d\u2019aide du D\u00e9partement aux communes. Pour cela, il s\u2019appuie sur le p\u00e9rim\u00e8tre issu de la loi de modernisation de l\u2019action publique territoriale et d\u2019affirmation des m\u00e9tropoles (dite loi MAPTAM) et sur la loi portant nouvelle organisation territoriale de la R\u00e9publique (dite loi NOTRe), respectivement promulgu\u00e9es en 2014 et 2015.<\/p>\n<p>&nbsp;<\/p>\n","protected":false},"excerpt":{"rendered":"<p>Lors de son assembl\u00e9e d\u00e9partementale du 11 octobre, le D\u00e9partement du Rh\u00f4ne a pr\u00e9sent\u00e9 le bilan de l\u2019appel \u00e0 projet<br \/>\n2019. <\/p>\n","protected":false},"author":4,"featured_media":86361,"comment_status":"open","ping_status":"open","sticky":false,"template":"","format":"standard","meta":{"footnotes":""},"categories":[1598,3348],"tags":[2005,3102],"class_list":["post-86353","post","type-post","status-publish","format-standard","has-post-thumbnail","hentry","category-genas","category-histoire-patrimoine","tag-genas","tag-subvention"],"yoast_head":"<!-- This site is optimized with the Yoast SEO plugin v27.2 - https:\/\/yoast.com\/product\/yoast-seo-wordpress\/ -->\n<title>GENAS | La Ville obtient 3 subventions du D\u00e9partement - News Est Lyonnais<\/title>\n<meta name=\"description\" content=\"GENAS | La Ville obtient 3 subventions du D\u00e9partement\" \/>\n<meta name=\"robots\" content=\"index, follow, max-snippet:-1, max-image-preview:large, max-video-preview:-1\" \/>\n<link rel=\"canonical\" href=\"https:\/\/newsestlyonnais.fr\/site\/2019\/10\/21\/genas-la-ville-obtient-3-subventions-du-departement\/\" \/>\n<meta property=\"og:locale\" content=\"fr_FR\" \/>\n<meta property=\"og:type\" content=\"article\" \/>\n<meta property=\"og:title\" content=\"GENAS | La Ville obtient 3 subventions du D\u00e9partement - News Est Lyonnais\" \/>\n<meta property=\"og:description\" content=\"GENAS | La Ville obtient 3 subventions du D\u00e9partement\" \/>\n<meta property=\"og:url\" content=\"https:\/\/newsestlyonnais.fr\/site\/2019\/10\/21\/genas-la-ville-obtient-3-subventions-du-departement\/\" \/>\n<meta property=\"og:site_name\" content=\"News Est Lyonnais\" \/>\n<meta property=\"article:author\" content=\"https:\/\/www.facebook.com\/pascal.oberson.1?fref=ts\" \/>\n<meta property=\"article:published_time\" content=\"2019-10-21T11:04:36+00:00\" \/>\n<meta property=\"article:modified_time\" content=\"2020-05-23T17:05:56+00:00\" \/>\n<meta property=\"og:image\" content=\"https:\/\/i1.wp.com\/newsestlyonnais.fr\/site\/wp-content\/uploads\/2019\/10\/NEWSESTLYONANIS-GENADINES-GENAS.jpg?fit=1200%2C800&ssl=1\" \/>\n\t<meta property=\"og:image:width\" content=\"1200\" \/>\n\t<meta property=\"og:image:height\" content=\"800\" \/>\n\t<meta property=\"og:image:type\" content=\"image\/jpeg\" \/>\n<meta name=\"author\" content=\"R\u00e9dac. NEWS\" \/>\n<meta name=\"twitter:card\" content=\"summary_large_image\" \/>\n<meta name=\"twitter:label1\" content=\"\u00c9crit par\" \/>\n\t<meta name=\"twitter:data1\" content=\"R\u00e9dac. NEWS\" \/>\n\t<meta name=\"twitter:label2\" content=\"Dur\u00e9e de lecture estim\u00e9e\" \/>\n\t<meta name=\"twitter:data2\" content=\"1 minute\" \/>\n<script type=\"application\/ld+json\" class=\"yoast-schema-graph\">{\"@context\":\"https:\/\/schema.org\",\"@graph\":[{\"@type\":\"Article\",\"@id\":\"https:\/\/newsestlyonnais.fr\/site\/2019\/10\/21\/genas-la-ville-obtient-3-subventions-du-departement\/#article\",\"isPartOf\":{\"@id\":\"https:\/\/newsestlyonnais.fr\/site\/2019\/10\/21\/genas-la-ville-obtient-3-subventions-du-departement\/\"},\"author\":{\"name\":\"R\u00e9dac. NEWS\",\"@id\":\"https:\/\/newsestlyonnais.fr\/site\/#\/schema\/person\/3230d5615f390bb808365d673001e887\"},\"headline\":\"GENAS | La Ville obtient 3 subventions du D\u00e9partement\",\"datePublished\":\"2019-10-21T11:04:36+00:00\",\"dateModified\":\"2020-05-23T17:05:56+00:00\",\"mainEntityOfPage\":{\"@id\":\"https:\/\/newsestlyonnais.fr\/site\/2019\/10\/21\/genas-la-ville-obtient-3-subventions-du-departement\/\"},\"wordCount\":194,\"commentCount\":0,\"publisher\":{\"@id\":\"https:\/\/newsestlyonnais.fr\/site\/#organization\"},\"image\":{\"@id\":\"https:\/\/newsestlyonnais.fr\/site\/2019\/10\/21\/genas-la-ville-obtient-3-subventions-du-departement\/#primaryimage\"},\"thumbnailUrl\":\"https:\/\/newsestlyonnais.fr\/site\/wp-content\/uploads\/2019\/10\/NEWSESTLYONANIS-GENADINES-GENAS.jpg\",\"keywords\":[\"GENAS\",\"SUBVENTION\"],\"articleSection\":[\"Genas\",\"Histoire | Patrimoine\"],\"inLanguage\":\"fr-FR\",\"potentialAction\":[{\"@type\":\"CommentAction\",\"name\":\"Comment\",\"target\":[\"https:\/\/newsestlyonnais.fr\/site\/2019\/10\/21\/genas-la-ville-obtient-3-subventions-du-departement\/#respond\"]}]},{\"@type\":\"WebPage\",\"@id\":\"https:\/\/newsestlyonnais.fr\/site\/2019\/10\/21\/genas-la-ville-obtient-3-subventions-du-departement\/\",\"url\":\"https:\/\/newsestlyonnais.fr\/site\/2019\/10\/21\/genas-la-ville-obtient-3-subventions-du-departement\/\",\"name\":\"GENAS | La Ville obtient 3 subventions du D\u00e9partement - News Est Lyonnais\",\"isPartOf\":{\"@id\":\"https:\/\/newsestlyonnais.fr\/site\/#website\"},\"primaryImageOfPage\":{\"@id\":\"https:\/\/newsestlyonnais.fr\/site\/2019\/10\/21\/genas-la-ville-obtient-3-subventions-du-departement\/#primaryimage\"},\"image\":{\"@id\":\"https:\/\/newsestlyonnais.fr\/site\/2019\/10\/21\/genas-la-ville-obtient-3-subventions-du-departement\/#primaryimage\"},\"thumbnailUrl\":\"https:\/\/newsestlyonnais.fr\/site\/wp-content\/uploads\/2019\/10\/NEWSESTLYONANIS-GENADINES-GENAS.jpg\",\"datePublished\":\"2019-10-21T11:04:36+00:00\",\"dateModified\":\"2020-05-23T17:05:56+00:00\",\"description\":\"GENAS | La Ville obtient 3 subventions du D\u00e9partement\",\"breadcrumb\":{\"@id\":\"https:\/\/newsestlyonnais.fr\/site\/2019\/10\/21\/genas-la-ville-obtient-3-subventions-du-departement\/#breadcrumb\"},\"inLanguage\":\"fr-FR\",\"potentialAction\":[{\"@type\":\"ReadAction\",\"target\":[\"https:\/\/newsestlyonnais.fr\/site\/2019\/10\/21\/genas-la-ville-obtient-3-subventions-du-departement\/\"]}]},{\"@type\":\"ImageObject\",\"inLanguage\":\"fr-FR\",\"@id\":\"https:\/\/newsestlyonnais.fr\/site\/2019\/10\/21\/genas-la-ville-obtient-3-subventions-du-departement\/#primaryimage\",\"url\":\"https:\/\/newsestlyonnais.fr\/site\/wp-content\/uploads\/2019\/10\/NEWSESTLYONANIS-GENADINES-GENAS.jpg\",\"contentUrl\":\"https:\/\/newsestlyonnais.fr\/site\/wp-content\/uploads\/2019\/10\/NEWSESTLYONANIS-GENADINES-GENAS.jpg\",\"width\":1200,\"height\":800},{\"@type\":\"BreadcrumbList\",\"@id\":\"https:\/\/newsestlyonnais.fr\/site\/2019\/10\/21\/genas-la-ville-obtient-3-subventions-du-departement\/#breadcrumb\",\"itemListElement\":[{\"@type\":\"ListItem\",\"position\":1,\"name\":\"Accueil\",\"item\":\"https:\/\/newsestlyonnais.fr\/site\/\"},{\"@type\":\"ListItem\",\"position\":2,\"name\":\"GENAS | La Ville obtient 3 subventions du D\u00e9partement\"}]},{\"@type\":\"WebSite\",\"@id\":\"https:\/\/newsestlyonnais.fr\/site\/#website\",\"url\":\"https:\/\/newsestlyonnais.fr\/site\/\",\"name\":\"News Est Lyonnais\",\"description\":\"L&#039;actualit\u00e9 au plus pr\u00e8s\",\"publisher\":{\"@id\":\"https:\/\/newsestlyonnais.fr\/site\/#organization\"},\"potentialAction\":[{\"@type\":\"SearchAction\",\"target\":{\"@type\":\"EntryPoint\",\"urlTemplate\":\"https:\/\/newsestlyonnais.fr\/site\/?s={search_term_string}\"},\"query-input\":{\"@type\":\"PropertyValueSpecification\",\"valueRequired\":true,\"valueName\":\"search_term_string\"}}],\"inLanguage\":\"fr-FR\"},{\"@type\":\"Organization\",\"@id\":\"https:\/\/newsestlyonnais.fr\/site\/#organization\",\"name\":\"News EST LYONNAIS\",\"url\":\"https:\/\/newsestlyonnais.fr\/site\/\",\"logo\":{\"@type\":\"ImageObject\",\"inLanguage\":\"fr-FR\",\"@id\":\"https:\/\/newsestlyonnais.fr\/site\/#\/schema\/logo\/image\/\",\"url\":\"\",\"contentUrl\":\"\",\"caption\":\"News EST LYONNAIS\"},\"image\":{\"@id\":\"https:\/\/newsestlyonnais.fr\/site\/#\/schema\/logo\/image\/\"}},{\"@type\":\"Person\",\"@id\":\"https:\/\/newsestlyonnais.fr\/site\/#\/schema\/person\/3230d5615f390bb808365d673001e887\",\"name\":\"R\u00e9dac. NEWS\",\"sameAs\":[\"http:\/\/www.newsestlyonnais.fr\",\"https:\/\/www.facebook.com\/pascal.oberson.1?fref=ts\",\"https:\/\/fr.linkedin.com\/in\/pascal-oberson-b17045113\"],\"url\":\"https:\/\/newsestlyonnais.fr\/site\/author\/nel\/\"}]}<\/script>\n<!-- \/ Yoast SEO plugin. -->","yoast_head_json":{"title":"GENAS | La Ville obtient 3 subventions du D\u00e9partement - News Est Lyonnais","description":"GENAS | La Ville obtient 3 subventions du D\u00e9partement","robots":{"index":"index","follow":"follow","max-snippet":"max-snippet:-1","max-image-preview":"max-image-preview:large","max-video-preview":"max-video-preview:-1"},"canonical":"https:\/\/newsestlyonnais.fr\/site\/2019\/10\/21\/genas-la-ville-obtient-3-subventions-du-departement\/","og_locale":"fr_FR","og_type":"article","og_title":"GENAS | La Ville obtient 3 subventions du D\u00e9partement - News Est Lyonnais","og_description":"GENAS | La Ville obtient 3 subventions du D\u00e9partement","og_url":"https:\/\/newsestlyonnais.fr\/site\/2019\/10\/21\/genas-la-ville-obtient-3-subventions-du-departement\/","og_site_name":"News Est Lyonnais","article_author":"https:\/\/www.facebook.com\/pascal.oberson.1?fref=ts","article_published_time":"2019-10-21T11:04:36+00:00","article_modified_time":"2020-05-23T17:05:56+00:00","og_image":[{"width":1200,"height":800,"url":"https:\/\/i1.wp.com\/newsestlyonnais.fr\/site\/wp-content\/uploads\/2019\/10\/NEWSESTLYONANIS-GENADINES-GENAS.jpg?fit=1200%2C800&ssl=1","type":"image\/jpeg"}],"author":"R\u00e9dac. NEWS","twitter_card":"summary_large_image","twitter_misc":{"\u00c9crit par":"R\u00e9dac. NEWS","Dur\u00e9e de lecture estim\u00e9e":"1 minute"},"schema":{"@context":"https:\/\/schema.org","@graph":[{"@type":"Article","@id":"https:\/\/newsestlyonnais.fr\/site\/2019\/10\/21\/genas-la-ville-obtient-3-subventions-du-departement\/#article","isPartOf":{"@id":"https:\/\/newsestlyonnais.fr\/site\/2019\/10\/21\/genas-la-ville-obtient-3-subventions-du-departement\/"},"author":{"name":"R\u00e9dac. NEWS","@id":"https:\/\/newsestlyonnais.fr\/site\/#\/schema\/person\/3230d5615f390bb808365d673001e887"},"headline":"GENAS | La Ville obtient 3 subventions du D\u00e9partement","datePublished":"2019-10-21T11:04:36+00:00","dateModified":"2020-05-23T17:05:56+00:00","mainEntityOfPage":{"@id":"https:\/\/newsestlyonnais.fr\/site\/2019\/10\/21\/genas-la-ville-obtient-3-subventions-du-departement\/"},"wordCount":194,"commentCount":0,"publisher":{"@id":"https:\/\/newsestlyonnais.fr\/site\/#organization"},"image":{"@id":"https:\/\/newsestlyonnais.fr\/site\/2019\/10\/21\/genas-la-ville-obtient-3-subventions-du-departement\/#primaryimage"},"thumbnailUrl":"https:\/\/newsestlyonnais.fr\/site\/wp-content\/uploads\/2019\/10\/NEWSESTLYONANIS-GENADINES-GENAS.jpg","keywords":["GENAS","SUBVENTION"],"articleSection":["Genas","Histoire | Patrimoine"],"inLanguage":"fr-FR","potentialAction":[{"@type":"CommentAction","name":"Comment","target":["https:\/\/newsestlyonnais.fr\/site\/2019\/10\/21\/genas-la-ville-obtient-3-subventions-du-departement\/#respond"]}]},{"@type":"WebPage","@id":"https:\/\/newsestlyonnais.fr\/site\/2019\/10\/21\/genas-la-ville-obtient-3-subventions-du-departement\/","url":"https:\/\/newsestlyonnais.fr\/site\/2019\/10\/21\/genas-la-ville-obtient-3-subventions-du-departement\/","name":"GENAS | La Ville obtient 3 subventions du D\u00e9partement - News Est Lyonnais","isPartOf":{"@id":"https:\/\/newsestlyonnais.fr\/site\/#website"},"primaryImageOfPage":{"@id":"https:\/\/newsestlyonnais.fr\/site\/2019\/10\/21\/genas-la-ville-obtient-3-subventions-du-departement\/#primaryimage"},"image":{"@id":"https:\/\/newsestlyonnais.fr\/site\/2019\/10\/21\/genas-la-ville-obtient-3-subventions-du-departement\/#primaryimage"},"thumbnailUrl":"https:\/\/newsestlyonnais.fr\/site\/wp-content\/uploads\/2019\/10\/NEWSESTLYONANIS-GENADINES-GENAS.jpg","datePublished":"2019-10-21T11:04:36+00:00","dateModified":"2020-05-23T17:05:56+00:00","description":"GENAS | La Ville obtient 3 subventions du D\u00e9partement","breadcrumb":{"@id":"https:\/\/newsestlyonnais.fr\/site\/2019\/10\/21\/genas-la-ville-obtient-3-subventions-du-departement\/#breadcrumb"},"inLanguage":"fr-FR","potentialAction":[{"@type":"ReadAction","target":["https:\/\/newsestlyonnais.fr\/site\/2019\/10\/21\/genas-la-ville-obtient-3-subventions-du-departement\/"]}]},{"@type":"ImageObject","inLanguage":"fr-FR","@id":"https:\/\/newsestlyonnais.fr\/site\/2019\/10\/21\/genas-la-ville-obtient-3-subventions-du-departement\/#primaryimage","url":"https:\/\/newsestlyonnais.fr\/site\/wp-content\/uploads\/2019\/10\/NEWSESTLYONANIS-GENADINES-GENAS.jpg","contentUrl":"https:\/\/newsestlyonnais.fr\/site\/wp-content\/uploads\/2019\/10\/NEWSESTLYONANIS-GENADINES-GENAS.jpg","width":1200,"height":800},{"@type":"BreadcrumbList","@id":"https:\/\/newsestlyonnais.fr\/site\/2019\/10\/21\/genas-la-ville-obtient-3-subventions-du-departement\/#breadcrumb","itemListElement":[{"@type":"ListItem","position":1,"name":"Accueil","item":"https:\/\/newsestlyonnais.fr\/site\/"},{"@type":"ListItem","position":2,"name":"GENAS | La Ville obtient 3 subventions du D\u00e9partement"}]},{"@type":"WebSite","@id":"https:\/\/newsestlyonnais.fr\/site\/#website","url":"https:\/\/newsestlyonnais.fr\/site\/","name":"News Est Lyonnais","description":"L&#039;actualit\u00e9 au plus pr\u00e8s","publisher":{"@id":"https:\/\/newsestlyonnais.fr\/site\/#organization"},"potentialAction":[{"@type":"SearchAction","target":{"@type":"EntryPoint","urlTemplate":"https:\/\/newsestlyonnais.fr\/site\/?s={search_term_string}"},"query-input":{"@type":"PropertyValueSpecification","valueRequired":true,"valueName":"search_term_string"}}],"inLanguage":"fr-FR"},{"@type":"Organization","@id":"https:\/\/newsestlyonnais.fr\/site\/#organization","name":"News EST LYONNAIS","url":"https:\/\/newsestlyonnais.fr\/site\/","logo":{"@type":"ImageObject","inLanguage":"fr-FR","@id":"https:\/\/newsestlyonnais.fr\/site\/#\/schema\/logo\/image\/","url":"","contentUrl":"","caption":"News EST LYONNAIS"},"image":{"@id":"https:\/\/newsestlyonnais.fr\/site\/#\/schema\/logo\/image\/"}},{"@type":"Person","@id":"https:\/\/newsestlyonnais.fr\/site\/#\/schema\/person\/3230d5615f390bb808365d673001e887","name":"R\u00e9dac. NEWS","sameAs":["http:\/\/www.newsestlyonnais.fr","https:\/\/www.facebook.com\/pascal.oberson.1?fref=ts","https:\/\/fr.linkedin.com\/in\/pascal-oberson-b17045113"],"url":"https:\/\/newsestlyonnais.fr\/site\/author\/nel\/"}]}},"_links":{"self":[{"href":"https:\/\/newsestlyonnais.fr\/site\/wp-json\/wp\/v2\/posts\/86353","targetHints":{"allow":["GET"]}}],"collection":[{"href":"https:\/\/newsestlyonnais.fr\/site\/wp-json\/wp\/v2\/posts"}],"about":[{"href":"https:\/\/newsestlyonnais.fr\/site\/wp-json\/wp\/v2\/types\/post"}],"author":[{"embeddable":true,"href":"https:\/\/newsestlyonnais.fr\/site\/wp-json\/wp\/v2\/users\/4"}],"replies":[{"embeddable":true,"href":"https:\/\/newsestlyonnais.fr\/site\/wp-json\/wp\/v2\/comments?post=86353"}],"version-history":[{"count":0,"href":"https:\/\/newsestlyonnais.fr\/site\/wp-json\/wp\/v2\/posts\/86353\/revisions"}],"wp:featuredmedia":[{"embeddable":true,"href":"https:\/\/newsestlyonnais.fr\/site\/wp-json\/wp\/v2\/media\/86361"}],"wp:attachment":[{"href":"https:\/\/newsestlyonnais.fr\/site\/wp-json\/wp\/v2\/media?parent=86353"}],"wp:term":[{"taxonomy":"category","embeddable":true,"href":"https:\/\/newsestlyonnais.fr\/site\/wp-json\/wp\/v2\/categories?post=86353"},{"taxonomy":"post_tag","embeddable":true,"href":"https:\/\/newsestlyonnais.fr\/site\/wp-json\/wp\/v2\/tags?post=86353"}],"curies":[{"name":"wp","href":"https:\/\/api.w.org\/{rel}","templated":true}]}}