{"id":86434,"date":"2019-10-22T11:40:40","date_gmt":"2019-10-22T10:40:40","guid":{"rendered":"http:\/\/newsestlyonnais.fr\/site\/?p=86434"},"modified":"2020-03-26T16:35:09","modified_gmt":"2020-03-26T15:35:09","slug":"saint-priest-plus-de-260-participants-au-bike-and-run-et-cross-duathlon","status":"publish","type":"post","link":"https:\/\/newsestlyonnais.fr\/site\/2019\/10\/22\/saint-priest-plus-de-260-participants-au-bike-and-run-et-cross-duathlon\/","title":{"rendered":"SAINT-PRIEST | Plus de 260 participants au bike and run et cross duathlon"},"content":{"rendered":"<p>Dimanche dernier, l\u2019ensemble des soci\u00e9taires du club de St Priest Triathlon avait d\u00e9laiss\u00e9 trifonction et running pour passer du c\u00f4t\u00e9 organisateur.<\/p>\n<p>Fr\u00e9d\u00e9ric Journet &amp; Emilie Herry en charge de l\u2019organisation de ces \u00e9preuves au sein du club san-priod sont ravis du d\u00e9roul\u00e9 de la journ\u00e9e et satisfaits du nombre de participants enregistr\u00e9s. Ceci malgr\u00e9 une m\u00e9t\u00e9o qui s\u2019annon\u00e7ait incertaine jusqu\u2019au dernier moment et dont les fortes pr\u00e9cipitations de la veille ont compliqu\u00e9 la t\u00e2che des baliseurs.<\/p>\n<p>Mais avec <strong>50 bin\u00f4mes \u00e0 l\u2019arriv\u00e9e du Bike and Run<\/strong> S, <strong>27 sur le format XS<\/strong>, <strong>20 pour la course des 10-13 an<\/strong>s, ce ne sont pas moins de <strong>20 autres bin\u00f4mes sur la course des 6-9 ans<\/strong> et <strong>31 concurrents sur le cross duathlon<\/strong> qui ont compos\u00e9 les classements du jour, au grand satisfecit de cette nouvelle \u00e9quipe organisatrice.<\/p>\n<p>L\u2019inscription au programme de la course des 6-9 ans a \u00e9t\u00e9 particuli\u00e8rement appr\u00e9ci\u00e9e par les clubs pr\u00e9sents. Ainsi toutes les jeunes cat\u00e9gories d\u2019\u00e2ge pouvaient prendre le d\u00e9part d\u2019une \u00e9preuve officielle FFTRI sur cette journ\u00e9e d\u00e9di\u00e9e aux sports encha\u00een\u00e9s.<br \/>\n<strong>Quant au cross duathlon, cette 1\u00b0 \u00e9dition a permis au club de consolider son savoir-faire en mati\u00e8re d\u2019organisation. <\/strong>Parmi les nouveaut\u00e9s, la pr\u00e9sence d\u2019un food-truck toute la journ\u00e9e afin que les concurrents qui cumulaient les \u00e9preuves puissent se restaurer.<\/p>\n<p>________________________________________________________________________________<\/p>\n<p>\u00a0\u00bb Fort de ce succ\u00e8s, et b\u00e9n\u00e9ficiant par ailleurs de l\u2019appui de plusieurs partenaires dont la Ville de Saint-Priest et le magasin <a href=\"https:\/\/www.terrederunning.com\/magasin\/decines.html\">Terre de Running D\u00e9cine<\/a>s, le club du St Priest Triathlon peut d\u2019ores et d\u00e9j\u00e0 annoncer qu\u2019une <strong>nouvelle \u00e9dition de ses \u00e9preuves aura lieu le dimanche 18 octobre 2020.<\/strong> L\u2019\u00e9quipe d\u2019organisation est d\u00e9j\u00e0 au travail ! \u00a0\u00bb confiait \u00e0 l&rsquo;issue de la journ\u00e9e, Stephan Doulcet, pr\u00e9sident du club organisateur.<\/p>\n<p>________________________________________________________________________________<\/p>\n<p><em><strong>Tous les r\u00e9sultats<\/strong> <\/em>: <a href=\"https:\/\/chronospheres.fr\/evenements\/detail\/BIKE-RUN-et-Cross-Duathlon-de-ST-PRIEST-2019-362\">https:\/\/chronospheres.fr\/evenements\/detail\/BIKE-RUN-et-Cross-Duathlon-de-ST-PRIEST-2019-362<\/a><\/p>\n<div id='gallery-1' class='gallery galleryid-86434 gallery-columns-3 gallery-size-thumbnail'><figure class='gallery-item'>\n\t\t\t<div class='gallery-icon portrait'>\n\t\t\t\t<a href='https:\/\/newsestlyonnais.fr\/site\/2019\/07\/17\/saint-priest-un-semestre-bien-riche-pour-le-club-de-triathlon\/newsestlyonnais-tri-st-priest-03\/'><img loading=\"lazy\" decoding=\"async\" width=\"150\" height=\"150\" src=\"https:\/\/newsestlyonnais.fr\/site\/wp-content\/uploads\/2019\/07\/NEWSESTLYONNAIS-TRI-ST-PRIEST-03-150x150.jpg\" class=\"attachment-thumbnail size-thumbnail\" alt=\"\" aria-describedby=\"gallery-1-80254\" \/><\/a>\n\t\t\t<\/div>\n\t\t\t\t<figcaption class='wp-caption-text gallery-caption' id='gallery-1-80254'>\n\t\t\t\tBike and Run du 20 Octobre prochain \n\t\t\t\t<\/figcaption><\/figure><figure class='gallery-item'>\n\t\t\t<div class='gallery-icon landscape'>\n\t\t\t\t<a href='https:\/\/newsestlyonnais.fr\/site\/2019\/10\/22\/saint-priest-plus-de-260-participants-au-bike-and-run-et-cross-duathlon\/newsestlyonnais-bike-run-st-priest-2019b\/'><img loading=\"lazy\" decoding=\"async\" width=\"150\" height=\"100\" src=\"https:\/\/newsestlyonnais.fr\/site\/wp-content\/uploads\/2019\/10\/NEWSESTLYONNAIS-BIKE-RUN-ST-PRIEST-2019B-250x167.jpg\" class=\"attachment-thumbnail size-thumbnail\" alt=\"\" srcset=\"https:\/\/newsestlyonnais.fr\/site\/wp-content\/uploads\/2019\/10\/NEWSESTLYONNAIS-BIKE-RUN-ST-PRIEST-2019B-250x167.jpg 250w, https:\/\/newsestlyonnais.fr\/site\/wp-content\/uploads\/2019\/10\/NEWSESTLYONNAIS-BIKE-RUN-ST-PRIEST-2019B-400x267.jpg 400w, https:\/\/newsestlyonnais.fr\/site\/wp-content\/uploads\/2019\/10\/NEWSESTLYONNAIS-BIKE-RUN-ST-PRIEST-2019B-768x512.jpg 768w, https:\/\/newsestlyonnais.fr\/site\/wp-content\/uploads\/2019\/10\/NEWSESTLYONNAIS-BIKE-RUN-ST-PRIEST-2019B-650x434.jpg 650w, https:\/\/newsestlyonnais.fr\/site\/wp-content\/uploads\/2019\/10\/NEWSESTLYONNAIS-BIKE-RUN-ST-PRIEST-2019B-150x100.jpg 150w, https:\/\/newsestlyonnais.fr\/site\/wp-content\/uploads\/2019\/10\/NEWSESTLYONNAIS-BIKE-RUN-ST-PRIEST-2019B-50x33.jpg 50w, https:\/\/newsestlyonnais.fr\/site\/wp-content\/uploads\/2019\/10\/NEWSESTLYONNAIS-BIKE-RUN-ST-PRIEST-2019B-100x67.jpg 100w, https:\/\/newsestlyonnais.fr\/site\/wp-content\/uploads\/2019\/10\/NEWSESTLYONNAIS-BIKE-RUN-ST-PRIEST-2019B-200x133.jpg 200w, https:\/\/newsestlyonnais.fr\/site\/wp-content\/uploads\/2019\/10\/NEWSESTLYONNAIS-BIKE-RUN-ST-PRIEST-2019B-300x200.jpg 300w, https:\/\/newsestlyonnais.fr\/site\/wp-content\/uploads\/2019\/10\/NEWSESTLYONNAIS-BIKE-RUN-ST-PRIEST-2019B-350x233.jpg 350w, https:\/\/newsestlyonnais.fr\/site\/wp-content\/uploads\/2019\/10\/NEWSESTLYONNAIS-BIKE-RUN-ST-PRIEST-2019B-450x300.jpg 450w, https:\/\/newsestlyonnais.fr\/site\/wp-content\/uploads\/2019\/10\/NEWSESTLYONNAIS-BIKE-RUN-ST-PRIEST-2019B-500x333.jpg 500w, https:\/\/newsestlyonnais.fr\/site\/wp-content\/uploads\/2019\/10\/NEWSESTLYONNAIS-BIKE-RUN-ST-PRIEST-2019B-550x367.jpg 550w, https:\/\/newsestlyonnais.fr\/site\/wp-content\/uploads\/2019\/10\/NEWSESTLYONNAIS-BIKE-RUN-ST-PRIEST-2019B-800x534.jpg 800w, https:\/\/newsestlyonnais.fr\/site\/wp-content\/uploads\/2019\/10\/NEWSESTLYONNAIS-BIKE-RUN-ST-PRIEST-2019B.jpg 1135w\" sizes=\"auto, (max-width: 150px) 100vw, 150px\" \/><\/a>\n\t\t\t<\/div><\/figure><figure class='gallery-item'>\n\t\t\t<div class='gallery-icon landscape'>\n\t\t\t\t<a href='https:\/\/newsestlyonnais.fr\/site\/2019\/10\/22\/saint-priest-plus-de-260-participants-au-bike-and-run-et-cross-duathlon\/newsestlyonnais-bike-run-st-priest-2019c\/'><img loading=\"lazy\" decoding=\"async\" width=\"150\" height=\"100\" src=\"https:\/\/newsestlyonnais.fr\/site\/wp-content\/uploads\/2019\/10\/NEWSESTLYONNAIS-BIKE-RUN-ST-PRIEST-2019C-250x167.jpg\" class=\"attachment-thumbnail size-thumbnail\" alt=\"\" srcset=\"https:\/\/newsestlyonnais.fr\/site\/wp-content\/uploads\/2019\/10\/NEWSESTLYONNAIS-BIKE-RUN-ST-PRIEST-2019C-250x167.jpg 250w, https:\/\/newsestlyonnais.fr\/site\/wp-content\/uploads\/2019\/10\/NEWSESTLYONNAIS-BIKE-RUN-ST-PRIEST-2019C-400x267.jpg 400w, https:\/\/newsestlyonnais.fr\/site\/wp-content\/uploads\/2019\/10\/NEWSESTLYONNAIS-BIKE-RUN-ST-PRIEST-2019C-150x100.jpg 150w, https:\/\/newsestlyonnais.fr\/site\/wp-content\/uploads\/2019\/10\/NEWSESTLYONNAIS-BIKE-RUN-ST-PRIEST-2019C-50x33.jpg 50w, https:\/\/newsestlyonnais.fr\/site\/wp-content\/uploads\/2019\/10\/NEWSESTLYONNAIS-BIKE-RUN-ST-PRIEST-2019C-100x67.jpg 100w, https:\/\/newsestlyonnais.fr\/site\/wp-content\/uploads\/2019\/10\/NEWSESTLYONNAIS-BIKE-RUN-ST-PRIEST-2019C-200x133.jpg 200w, https:\/\/newsestlyonnais.fr\/site\/wp-content\/uploads\/2019\/10\/NEWSESTLYONNAIS-BIKE-RUN-ST-PRIEST-2019C-300x200.jpg 300w, https:\/\/newsestlyonnais.fr\/site\/wp-content\/uploads\/2019\/10\/NEWSESTLYONNAIS-BIKE-RUN-ST-PRIEST-2019C-350x234.jpg 350w, https:\/\/newsestlyonnais.fr\/site\/wp-content\/uploads\/2019\/10\/NEWSESTLYONNAIS-BIKE-RUN-ST-PRIEST-2019C-450x300.jpg 450w, https:\/\/newsestlyonnais.fr\/site\/wp-content\/uploads\/2019\/10\/NEWSESTLYONNAIS-BIKE-RUN-ST-PRIEST-2019C.jpg 493w\" sizes=\"auto, (max-width: 150px) 100vw, 150px\" \/><\/a>\n\t\t\t<\/div><\/figure><figure class='gallery-item'>\n\t\t\t<div class='gallery-icon portrait'>\n\t\t\t\t<a href='https:\/\/newsestlyonnais.fr\/site\/2019\/10\/22\/saint-priest-plus-de-260-participants-au-bike-and-run-et-cross-duathlon\/newsestlyonnais-bike-run-st-priest-2019e\/'><img loading=\"lazy\" decoding=\"async\" width=\"100\" height=\"150\" src=\"https:\/\/newsestlyonnais.fr\/site\/wp-content\/uploads\/2019\/10\/NEWSESTLYONNAIS-BIKE-RUN-ST-PRIEST-2019E-250x375.jpg\" class=\"attachment-thumbnail size-thumbnail\" alt=\"\" srcset=\"https:\/\/newsestlyonnais.fr\/site\/wp-content\/uploads\/2019\/10\/NEWSESTLYONNAIS-BIKE-RUN-ST-PRIEST-2019E-250x375.jpg 250w, https:\/\/newsestlyonnais.fr\/site\/wp-content\/uploads\/2019\/10\/NEWSESTLYONNAIS-BIKE-RUN-ST-PRIEST-2019E-400x600.jpg 400w, https:\/\/newsestlyonnais.fr\/site\/wp-content\/uploads\/2019\/10\/NEWSESTLYONNAIS-BIKE-RUN-ST-PRIEST-2019E-150x225.jpg 150w, https:\/\/newsestlyonnais.fr\/site\/wp-content\/uploads\/2019\/10\/NEWSESTLYONNAIS-BIKE-RUN-ST-PRIEST-2019E-50x75.jpg 50w, https:\/\/newsestlyonnais.fr\/site\/wp-content\/uploads\/2019\/10\/NEWSESTLYONNAIS-BIKE-RUN-ST-PRIEST-2019E-100x150.jpg 100w, https:\/\/newsestlyonnais.fr\/site\/wp-content\/uploads\/2019\/10\/NEWSESTLYONNAIS-BIKE-RUN-ST-PRIEST-2019E-200x300.jpg 200w, https:\/\/newsestlyonnais.fr\/site\/wp-content\/uploads\/2019\/10\/NEWSESTLYONNAIS-BIKE-RUN-ST-PRIEST-2019E-300x450.jpg 300w, https:\/\/newsestlyonnais.fr\/site\/wp-content\/uploads\/2019\/10\/NEWSESTLYONNAIS-BIKE-RUN-ST-PRIEST-2019E-350x525.jpg 350w, https:\/\/newsestlyonnais.fr\/site\/wp-content\/uploads\/2019\/10\/NEWSESTLYONNAIS-BIKE-RUN-ST-PRIEST-2019E-450x675.jpg 450w, https:\/\/newsestlyonnais.fr\/site\/wp-content\/uploads\/2019\/10\/NEWSESTLYONNAIS-BIKE-RUN-ST-PRIEST-2019E-500x750.jpg 500w, https:\/\/newsestlyonnais.fr\/site\/wp-content\/uploads\/2019\/10\/NEWSESTLYONNAIS-BIKE-RUN-ST-PRIEST-2019E.jpg 505w\" sizes=\"auto, (max-width: 100px) 100vw, 100px\" \/><\/a>\n\t\t\t<\/div><\/figure><figure class='gallery-item'>\n\t\t\t<div class='gallery-icon portrait'>\n\t\t\t\t<a href='https:\/\/newsestlyonnais.fr\/site\/2019\/10\/22\/saint-priest-plus-de-260-participants-au-bike-and-run-et-cross-duathlon\/newsestlyonnais-bike-run-st-priest-2019g\/'><img loading=\"lazy\" decoding=\"async\" width=\"100\" height=\"150\" src=\"https:\/\/newsestlyonnais.fr\/site\/wp-content\/uploads\/2019\/10\/NEWSESTLYONNAIS-BIKE-RUN-ST-PRIEST-2019G-250x375.jpg\" class=\"attachment-thumbnail size-thumbnail\" alt=\"\" srcset=\"https:\/\/newsestlyonnais.fr\/site\/wp-content\/uploads\/2019\/10\/NEWSESTLYONNAIS-BIKE-RUN-ST-PRIEST-2019G-250x375.jpg 250w, https:\/\/newsestlyonnais.fr\/site\/wp-content\/uploads\/2019\/10\/NEWSESTLYONNAIS-BIKE-RUN-ST-PRIEST-2019G-400x600.jpg 400w, https:\/\/newsestlyonnais.fr\/site\/wp-content\/uploads\/2019\/10\/NEWSESTLYONNAIS-BIKE-RUN-ST-PRIEST-2019G-150x225.jpg 150w, https:\/\/newsestlyonnais.fr\/site\/wp-content\/uploads\/2019\/10\/NEWSESTLYONNAIS-BIKE-RUN-ST-PRIEST-2019G-50x75.jpg 50w, https:\/\/newsestlyonnais.fr\/site\/wp-content\/uploads\/2019\/10\/NEWSESTLYONNAIS-BIKE-RUN-ST-PRIEST-2019G-100x150.jpg 100w, https:\/\/newsestlyonnais.fr\/site\/wp-content\/uploads\/2019\/10\/NEWSESTLYONNAIS-BIKE-RUN-ST-PRIEST-2019G-200x300.jpg 200w, https:\/\/newsestlyonnais.fr\/site\/wp-content\/uploads\/2019\/10\/NEWSESTLYONNAIS-BIKE-RUN-ST-PRIEST-2019G-300x450.jpg 300w, https:\/\/newsestlyonnais.fr\/site\/wp-content\/uploads\/2019\/10\/NEWSESTLYONNAIS-BIKE-RUN-ST-PRIEST-2019G-350x525.jpg 350w, https:\/\/newsestlyonnais.fr\/site\/wp-content\/uploads\/2019\/10\/NEWSESTLYONNAIS-BIKE-RUN-ST-PRIEST-2019G-450x675.jpg 450w, https:\/\/newsestlyonnais.fr\/site\/wp-content\/uploads\/2019\/10\/NEWSESTLYONNAIS-BIKE-RUN-ST-PRIEST-2019G-500x750.jpg 500w, https:\/\/newsestlyonnais.fr\/site\/wp-content\/uploads\/2019\/10\/NEWSESTLYONNAIS-BIKE-RUN-ST-PRIEST-2019G.jpg 505w\" sizes=\"auto, (max-width: 100px) 100vw, 100px\" \/><\/a>\n\t\t\t<\/div><\/figure><figure class='gallery-item'>\n\t\t\t<div class='gallery-icon portrait'>\n\t\t\t\t<a href='https:\/\/newsestlyonnais.fr\/site\/2019\/10\/22\/saint-priest-plus-de-260-participants-au-bike-and-run-et-cross-duathlon\/newsestlyonnais-bike-run-st-priest-2019h\/'><img loading=\"lazy\" decoding=\"async\" width=\"100\" height=\"150\" src=\"https:\/\/newsestlyonnais.fr\/site\/wp-content\/uploads\/2019\/10\/NEWSESTLYONNAIS-BIKE-RUN-ST-PRIEST-2019H-250x375.jpg\" class=\"attachment-thumbnail size-thumbnail\" alt=\"\" srcset=\"https:\/\/newsestlyonnais.fr\/site\/wp-content\/uploads\/2019\/10\/NEWSESTLYONNAIS-BIKE-RUN-ST-PRIEST-2019H-250x375.jpg 250w, https:\/\/newsestlyonnais.fr\/site\/wp-content\/uploads\/2019\/10\/NEWSESTLYONNAIS-BIKE-RUN-ST-PRIEST-2019H-400x600.jpg 400w, https:\/\/newsestlyonnais.fr\/site\/wp-content\/uploads\/2019\/10\/NEWSESTLYONNAIS-BIKE-RUN-ST-PRIEST-2019H-150x225.jpg 150w, https:\/\/newsestlyonnais.fr\/site\/wp-content\/uploads\/2019\/10\/NEWSESTLYONNAIS-BIKE-RUN-ST-PRIEST-2019H-50x75.jpg 50w, https:\/\/newsestlyonnais.fr\/site\/wp-content\/uploads\/2019\/10\/NEWSESTLYONNAIS-BIKE-RUN-ST-PRIEST-2019H-100x150.jpg 100w, https:\/\/newsestlyonnais.fr\/site\/wp-content\/uploads\/2019\/10\/NEWSESTLYONNAIS-BIKE-RUN-ST-PRIEST-2019H-200x300.jpg 200w, https:\/\/newsestlyonnais.fr\/site\/wp-content\/uploads\/2019\/10\/NEWSESTLYONNAIS-BIKE-RUN-ST-PRIEST-2019H-300x450.jpg 300w, https:\/\/newsestlyonnais.fr\/site\/wp-content\/uploads\/2019\/10\/NEWSESTLYONNAIS-BIKE-RUN-ST-PRIEST-2019H-350x525.jpg 350w, https:\/\/newsestlyonnais.fr\/site\/wp-content\/uploads\/2019\/10\/NEWSESTLYONNAIS-BIKE-RUN-ST-PRIEST-2019H-450x675.jpg 450w, https:\/\/newsestlyonnais.fr\/site\/wp-content\/uploads\/2019\/10\/NEWSESTLYONNAIS-BIKE-RUN-ST-PRIEST-2019H-500x750.jpg 500w, https:\/\/newsestlyonnais.fr\/site\/wp-content\/uploads\/2019\/10\/NEWSESTLYONNAIS-BIKE-RUN-ST-PRIEST-2019H.jpg 505w\" sizes=\"auto, (max-width: 100px) 100vw, 100px\" \/><\/a>\n\t\t\t<\/div><\/figure><figure class='gallery-item'>\n\t\t\t<div class='gallery-icon landscape'>\n\t\t\t\t<a href='https:\/\/newsestlyonnais.fr\/site\/2019\/10\/22\/saint-priest-plus-de-260-participants-au-bike-and-run-et-cross-duathlon\/newsestlyonnais-bike-run-st-priest-2019f\/'><img loading=\"lazy\" decoding=\"async\" width=\"150\" height=\"100\" src=\"https:\/\/newsestlyonnais.fr\/site\/wp-content\/uploads\/2019\/10\/NEWSESTLYONNAIS-BIKE-RUN-ST-PRIEST-2019F-250x167.jpg\" class=\"attachment-thumbnail size-thumbnail\" alt=\"\" aria-describedby=\"gallery-1-86453\" srcset=\"https:\/\/newsestlyonnais.fr\/site\/wp-content\/uploads\/2019\/10\/NEWSESTLYONNAIS-BIKE-RUN-ST-PRIEST-2019F-250x167.jpg 250w, https:\/\/newsestlyonnais.fr\/site\/wp-content\/uploads\/2019\/10\/NEWSESTLYONNAIS-BIKE-RUN-ST-PRIEST-2019F-400x267.jpg 400w, https:\/\/newsestlyonnais.fr\/site\/wp-content\/uploads\/2019\/10\/NEWSESTLYONNAIS-BIKE-RUN-ST-PRIEST-2019F-768x512.jpg 768w, https:\/\/newsestlyonnais.fr\/site\/wp-content\/uploads\/2019\/10\/NEWSESTLYONNAIS-BIKE-RUN-ST-PRIEST-2019F-650x434.jpg 650w, https:\/\/newsestlyonnais.fr\/site\/wp-content\/uploads\/2019\/10\/NEWSESTLYONNAIS-BIKE-RUN-ST-PRIEST-2019F-150x100.jpg 150w, https:\/\/newsestlyonnais.fr\/site\/wp-content\/uploads\/2019\/10\/NEWSESTLYONNAIS-BIKE-RUN-ST-PRIEST-2019F-50x33.jpg 50w, https:\/\/newsestlyonnais.fr\/site\/wp-content\/uploads\/2019\/10\/NEWSESTLYONNAIS-BIKE-RUN-ST-PRIEST-2019F-100x67.jpg 100w, https:\/\/newsestlyonnais.fr\/site\/wp-content\/uploads\/2019\/10\/NEWSESTLYONNAIS-BIKE-RUN-ST-PRIEST-2019F-200x133.jpg 200w, https:\/\/newsestlyonnais.fr\/site\/wp-content\/uploads\/2019\/10\/NEWSESTLYONNAIS-BIKE-RUN-ST-PRIEST-2019F-300x200.jpg 300w, https:\/\/newsestlyonnais.fr\/site\/wp-content\/uploads\/2019\/10\/NEWSESTLYONNAIS-BIKE-RUN-ST-PRIEST-2019F-350x233.jpg 350w, https:\/\/newsestlyonnais.fr\/site\/wp-content\/uploads\/2019\/10\/NEWSESTLYONNAIS-BIKE-RUN-ST-PRIEST-2019F-450x300.jpg 450w, https:\/\/newsestlyonnais.fr\/site\/wp-content\/uploads\/2019\/10\/NEWSESTLYONNAIS-BIKE-RUN-ST-PRIEST-2019F-500x333.jpg 500w, https:\/\/newsestlyonnais.fr\/site\/wp-content\/uploads\/2019\/10\/NEWSESTLYONNAIS-BIKE-RUN-ST-PRIEST-2019F-550x367.jpg 550w, https:\/\/newsestlyonnais.fr\/site\/wp-content\/uploads\/2019\/10\/NEWSESTLYONNAIS-BIKE-RUN-ST-PRIEST-2019F-800x534.jpg 800w, https:\/\/newsestlyonnais.fr\/site\/wp-content\/uploads\/2019\/10\/NEWSESTLYONNAIS-BIKE-RUN-ST-PRIEST-2019F.jpg 1135w\" sizes=\"auto, (max-width: 150px) 100vw, 150px\" \/><\/a>\n\t\t\t<\/div>\n\t\t\t\t<figcaption class='wp-caption-text gallery-caption' id='gallery-1-86453'>\n\t\t\t\tLe podium mixte du bike and run S \n\t\t\t\t<\/figcaption><\/figure><figure class='gallery-item'>\n\t\t\t<div class='gallery-icon portrait'>\n\t\t\t\t<a href='https:\/\/newsestlyonnais.fr\/site\/2019\/10\/22\/saint-priest-plus-de-260-participants-au-bike-and-run-et-cross-duathlon\/newsestlyonnais-bike-run-st-priest-2019d\/'><img loading=\"lazy\" decoding=\"async\" width=\"100\" height=\"150\" src=\"https:\/\/newsestlyonnais.fr\/site\/wp-content\/uploads\/2019\/10\/NEWSESTLYONNAIS-BIKE-RUN-ST-PRIEST-2019D-250x375.jpg\" class=\"attachment-thumbnail size-thumbnail\" alt=\"\" aria-describedby=\"gallery-1-86451\" srcset=\"https:\/\/newsestlyonnais.fr\/site\/wp-content\/uploads\/2019\/10\/NEWSESTLYONNAIS-BIKE-RUN-ST-PRIEST-2019D-250x375.jpg 250w, https:\/\/newsestlyonnais.fr\/site\/wp-content\/uploads\/2019\/10\/NEWSESTLYONNAIS-BIKE-RUN-ST-PRIEST-2019D-400x600.jpg 400w, https:\/\/newsestlyonnais.fr\/site\/wp-content\/uploads\/2019\/10\/NEWSESTLYONNAIS-BIKE-RUN-ST-PRIEST-2019D-150x225.jpg 150w, https:\/\/newsestlyonnais.fr\/site\/wp-content\/uploads\/2019\/10\/NEWSESTLYONNAIS-BIKE-RUN-ST-PRIEST-2019D-50x75.jpg 50w, https:\/\/newsestlyonnais.fr\/site\/wp-content\/uploads\/2019\/10\/NEWSESTLYONNAIS-BIKE-RUN-ST-PRIEST-2019D-100x150.jpg 100w, https:\/\/newsestlyonnais.fr\/site\/wp-content\/uploads\/2019\/10\/NEWSESTLYONNAIS-BIKE-RUN-ST-PRIEST-2019D-200x300.jpg 200w, https:\/\/newsestlyonnais.fr\/site\/wp-content\/uploads\/2019\/10\/NEWSESTLYONNAIS-BIKE-RUN-ST-PRIEST-2019D-300x450.jpg 300w, https:\/\/newsestlyonnais.fr\/site\/wp-content\/uploads\/2019\/10\/NEWSESTLYONNAIS-BIKE-RUN-ST-PRIEST-2019D-350x525.jpg 350w, https:\/\/newsestlyonnais.fr\/site\/wp-content\/uploads\/2019\/10\/NEWSESTLYONNAIS-BIKE-RUN-ST-PRIEST-2019D-450x675.jpg 450w, https:\/\/newsestlyonnais.fr\/site\/wp-content\/uploads\/2019\/10\/NEWSESTLYONNAIS-BIKE-RUN-ST-PRIEST-2019D-500x750.jpg 500w, https:\/\/newsestlyonnais.fr\/site\/wp-content\/uploads\/2019\/10\/NEWSESTLYONNAIS-BIKE-RUN-ST-PRIEST-2019D.jpg 505w\" sizes=\"auto, (max-width: 100px) 100vw, 100px\" \/><\/a>\n\t\t\t<\/div>\n\t\t\t\t<figcaption class='wp-caption-text gallery-caption' id='gallery-1-86451'>\n\t\t\t\tLe podium du cross duathlon\n\t\t\t\t<\/figcaption><\/figure><figure class='gallery-item'>\n\t\t\t<div class='gallery-icon landscape'>\n\t\t\t\t<a href='https:\/\/newsestlyonnais.fr\/site\/2019\/10\/22\/saint-priest-plus-de-260-participants-au-bike-and-run-et-cross-duathlon\/newsestlyonnais-bike-run-st-priest-2019i\/'><img loading=\"lazy\" decoding=\"async\" width=\"150\" height=\"100\" src=\"https:\/\/newsestlyonnais.fr\/site\/wp-content\/uploads\/2019\/10\/NEWSESTLYONNAIS-BIKE-RUN-ST-PRIEST-2019i-250x167.jpg\" class=\"attachment-thumbnail size-thumbnail\" alt=\"\" srcset=\"https:\/\/newsestlyonnais.fr\/site\/wp-content\/uploads\/2019\/10\/NEWSESTLYONNAIS-BIKE-RUN-ST-PRIEST-2019i-250x167.jpg 250w, https:\/\/newsestlyonnais.fr\/site\/wp-content\/uploads\/2019\/10\/NEWSESTLYONNAIS-BIKE-RUN-ST-PRIEST-2019i-400x267.jpg 400w, https:\/\/newsestlyonnais.fr\/site\/wp-content\/uploads\/2019\/10\/NEWSESTLYONNAIS-BIKE-RUN-ST-PRIEST-2019i-768x512.jpg 768w, https:\/\/newsestlyonnais.fr\/site\/wp-content\/uploads\/2019\/10\/NEWSESTLYONNAIS-BIKE-RUN-ST-PRIEST-2019i-650x434.jpg 650w, https:\/\/newsestlyonnais.fr\/site\/wp-content\/uploads\/2019\/10\/NEWSESTLYONNAIS-BIKE-RUN-ST-PRIEST-2019i-150x100.jpg 150w, https:\/\/newsestlyonnais.fr\/site\/wp-content\/uploads\/2019\/10\/NEWSESTLYONNAIS-BIKE-RUN-ST-PRIEST-2019i-50x33.jpg 50w, https:\/\/newsestlyonnais.fr\/site\/wp-content\/uploads\/2019\/10\/NEWSESTLYONNAIS-BIKE-RUN-ST-PRIEST-2019i-100x67.jpg 100w, https:\/\/newsestlyonnais.fr\/site\/wp-content\/uploads\/2019\/10\/NEWSESTLYONNAIS-BIKE-RUN-ST-PRIEST-2019i-200x133.jpg 200w, https:\/\/newsestlyonnais.fr\/site\/wp-content\/uploads\/2019\/10\/NEWSESTLYONNAIS-BIKE-RUN-ST-PRIEST-2019i-300x200.jpg 300w, https:\/\/newsestlyonnais.fr\/site\/wp-content\/uploads\/2019\/10\/NEWSESTLYONNAIS-BIKE-RUN-ST-PRIEST-2019i-350x233.jpg 350w, https:\/\/newsestlyonnais.fr\/site\/wp-content\/uploads\/2019\/10\/NEWSESTLYONNAIS-BIKE-RUN-ST-PRIEST-2019i-450x300.jpg 450w, https:\/\/newsestlyonnais.fr\/site\/wp-content\/uploads\/2019\/10\/NEWSESTLYONNAIS-BIKE-RUN-ST-PRIEST-2019i-500x333.jpg 500w, https:\/\/newsestlyonnais.fr\/site\/wp-content\/uploads\/2019\/10\/NEWSESTLYONNAIS-BIKE-RUN-ST-PRIEST-2019i-550x367.jpg 550w, https:\/\/newsestlyonnais.fr\/site\/wp-content\/uploads\/2019\/10\/NEWSESTLYONNAIS-BIKE-RUN-ST-PRIEST-2019i-800x534.jpg 800w, https:\/\/newsestlyonnais.fr\/site\/wp-content\/uploads\/2019\/10\/NEWSESTLYONNAIS-BIKE-RUN-ST-PRIEST-2019i.jpg 1135w\" sizes=\"auto, (max-width: 150px) 100vw, 150px\" \/><\/a>\n\t\t\t<\/div><\/figure><figure class='gallery-item'>\n\t\t\t<div class='gallery-icon landscape'>\n\t\t\t\t<a href='https:\/\/newsestlyonnais.fr\/site\/2019\/10\/22\/saint-priest-plus-de-260-participants-au-bike-and-run-et-cross-duathlon\/newsestlyonnais-bike-run-st-priest-2019-j\/'><img loading=\"lazy\" decoding=\"async\" width=\"150\" height=\"100\" src=\"https:\/\/newsestlyonnais.fr\/site\/wp-content\/uploads\/2019\/10\/NEWSESTLYONNAIS-BIKE-RUN-ST-PRIEST-2019-J-250x167.jpg\" class=\"attachment-thumbnail size-thumbnail\" alt=\"\" srcset=\"https:\/\/newsestlyonnais.fr\/site\/wp-content\/uploads\/2019\/10\/NEWSESTLYONNAIS-BIKE-RUN-ST-PRIEST-2019-J-250x167.jpg 250w, https:\/\/newsestlyonnais.fr\/site\/wp-content\/uploads\/2019\/10\/NEWSESTLYONNAIS-BIKE-RUN-ST-PRIEST-2019-J-400x267.jpg 400w, https:\/\/newsestlyonnais.fr\/site\/wp-content\/uploads\/2019\/10\/NEWSESTLYONNAIS-BIKE-RUN-ST-PRIEST-2019-J-768x512.jpg 768w, https:\/\/newsestlyonnais.fr\/site\/wp-content\/uploads\/2019\/10\/NEWSESTLYONNAIS-BIKE-RUN-ST-PRIEST-2019-J-650x434.jpg 650w, https:\/\/newsestlyonnais.fr\/site\/wp-content\/uploads\/2019\/10\/NEWSESTLYONNAIS-BIKE-RUN-ST-PRIEST-2019-J-150x100.jpg 150w, https:\/\/newsestlyonnais.fr\/site\/wp-content\/uploads\/2019\/10\/NEWSESTLYONNAIS-BIKE-RUN-ST-PRIEST-2019-J-50x33.jpg 50w, https:\/\/newsestlyonnais.fr\/site\/wp-content\/uploads\/2019\/10\/NEWSESTLYONNAIS-BIKE-RUN-ST-PRIEST-2019-J-100x67.jpg 100w, https:\/\/newsestlyonnais.fr\/site\/wp-content\/uploads\/2019\/10\/NEWSESTLYONNAIS-BIKE-RUN-ST-PRIEST-2019-J-200x133.jpg 200w, https:\/\/newsestlyonnais.fr\/site\/wp-content\/uploads\/2019\/10\/NEWSESTLYONNAIS-BIKE-RUN-ST-PRIEST-2019-J-300x200.jpg 300w, https:\/\/newsestlyonnais.fr\/site\/wp-content\/uploads\/2019\/10\/NEWSESTLYONNAIS-BIKE-RUN-ST-PRIEST-2019-J-350x233.jpg 350w, https:\/\/newsestlyonnais.fr\/site\/wp-content\/uploads\/2019\/10\/NEWSESTLYONNAIS-BIKE-RUN-ST-PRIEST-2019-J-450x300.jpg 450w, https:\/\/newsestlyonnais.fr\/site\/wp-content\/uploads\/2019\/10\/NEWSESTLYONNAIS-BIKE-RUN-ST-PRIEST-2019-J-500x333.jpg 500w, https:\/\/newsestlyonnais.fr\/site\/wp-content\/uploads\/2019\/10\/NEWSESTLYONNAIS-BIKE-RUN-ST-PRIEST-2019-J-550x367.jpg 550w, https:\/\/newsestlyonnais.fr\/site\/wp-content\/uploads\/2019\/10\/NEWSESTLYONNAIS-BIKE-RUN-ST-PRIEST-2019-J-800x534.jpg 800w, https:\/\/newsestlyonnais.fr\/site\/wp-content\/uploads\/2019\/10\/NEWSESTLYONNAIS-BIKE-RUN-ST-PRIEST-2019-J.jpg 1135w\" sizes=\"auto, (max-width: 150px) 100vw, 150px\" \/><\/a>\n\t\t\t<\/div><\/figure><figure class='gallery-item'>\n\t\t\t<div class='gallery-icon portrait'>\n\t\t\t\t<a href='https:\/\/newsestlyonnais.fr\/site\/2019\/10\/22\/saint-priest-plus-de-260-participants-au-bike-and-run-et-cross-duathlon\/newsestlyonnais-bike-run-st-priest-2019-k\/'><img loading=\"lazy\" decoding=\"async\" width=\"100\" height=\"150\" src=\"https:\/\/newsestlyonnais.fr\/site\/wp-content\/uploads\/2019\/10\/NEWSESTLYONNAIS-BIKE-RUN-ST-PRIEST-2019-K-250x375.jpg\" class=\"attachment-thumbnail size-thumbnail\" alt=\"\" aria-describedby=\"gallery-1-86459\" srcset=\"https:\/\/newsestlyonnais.fr\/site\/wp-content\/uploads\/2019\/10\/NEWSESTLYONNAIS-BIKE-RUN-ST-PRIEST-2019-K-250x375.jpg 250w, https:\/\/newsestlyonnais.fr\/site\/wp-content\/uploads\/2019\/10\/NEWSESTLYONNAIS-BIKE-RUN-ST-PRIEST-2019-K-400x600.jpg 400w, https:\/\/newsestlyonnais.fr\/site\/wp-content\/uploads\/2019\/10\/NEWSESTLYONNAIS-BIKE-RUN-ST-PRIEST-2019-K-150x225.jpg 150w, https:\/\/newsestlyonnais.fr\/site\/wp-content\/uploads\/2019\/10\/NEWSESTLYONNAIS-BIKE-RUN-ST-PRIEST-2019-K-50x75.jpg 50w, https:\/\/newsestlyonnais.fr\/site\/wp-content\/uploads\/2019\/10\/NEWSESTLYONNAIS-BIKE-RUN-ST-PRIEST-2019-K-100x150.jpg 100w, https:\/\/newsestlyonnais.fr\/site\/wp-content\/uploads\/2019\/10\/NEWSESTLYONNAIS-BIKE-RUN-ST-PRIEST-2019-K-200x300.jpg 200w, https:\/\/newsestlyonnais.fr\/site\/wp-content\/uploads\/2019\/10\/NEWSESTLYONNAIS-BIKE-RUN-ST-PRIEST-2019-K-300x450.jpg 300w, https:\/\/newsestlyonnais.fr\/site\/wp-content\/uploads\/2019\/10\/NEWSESTLYONNAIS-BIKE-RUN-ST-PRIEST-2019-K-350x525.jpg 350w, https:\/\/newsestlyonnais.fr\/site\/wp-content\/uploads\/2019\/10\/NEWSESTLYONNAIS-BIKE-RUN-ST-PRIEST-2019-K-450x675.jpg 450w, https:\/\/newsestlyonnais.fr\/site\/wp-content\/uploads\/2019\/10\/NEWSESTLYONNAIS-BIKE-RUN-ST-PRIEST-2019-K-500x750.jpg 500w, https:\/\/newsestlyonnais.fr\/site\/wp-content\/uploads\/2019\/10\/NEWSESTLYONNAIS-BIKE-RUN-ST-PRIEST-2019-K.jpg 505w\" sizes=\"auto, (max-width: 100px) 100vw, 100px\" \/><\/a>\n\t\t\t<\/div>\n\t\t\t\t<figcaption class='wp-caption-text gallery-caption' id='gallery-1-86459'>\n\t\t\t\tTeddy Coutant (Terre Running D\u00e9cines)\n\t\t\t\t<\/figcaption><\/figure><figure class='gallery-item'>\n\t\t\t<div class='gallery-icon portrait'>\n\t\t\t\t<a href='https:\/\/newsestlyonnais.fr\/site\/2019\/10\/22\/saint-priest-plus-de-260-participants-au-bike-and-run-et-cross-duathlon\/newsestlyonnais-bike-run-st-priest-2019-l\/'><img loading=\"lazy\" decoding=\"async\" width=\"100\" height=\"150\" src=\"https:\/\/newsestlyonnais.fr\/site\/wp-content\/uploads\/2019\/10\/NEWSESTLYONNAIS-BIKE-RUN-ST-PRIEST-2019-L-250x375.jpg\" class=\"attachment-thumbnail size-thumbnail\" alt=\"\" aria-describedby=\"gallery-1-86460\" srcset=\"https:\/\/newsestlyonnais.fr\/site\/wp-content\/uploads\/2019\/10\/NEWSESTLYONNAIS-BIKE-RUN-ST-PRIEST-2019-L-250x375.jpg 250w, https:\/\/newsestlyonnais.fr\/site\/wp-content\/uploads\/2019\/10\/NEWSESTLYONNAIS-BIKE-RUN-ST-PRIEST-2019-L-400x600.jpg 400w, https:\/\/newsestlyonnais.fr\/site\/wp-content\/uploads\/2019\/10\/NEWSESTLYONNAIS-BIKE-RUN-ST-PRIEST-2019-L-150x225.jpg 150w, https:\/\/newsestlyonnais.fr\/site\/wp-content\/uploads\/2019\/10\/NEWSESTLYONNAIS-BIKE-RUN-ST-PRIEST-2019-L-50x75.jpg 50w, https:\/\/newsestlyonnais.fr\/site\/wp-content\/uploads\/2019\/10\/NEWSESTLYONNAIS-BIKE-RUN-ST-PRIEST-2019-L-100x150.jpg 100w, https:\/\/newsestlyonnais.fr\/site\/wp-content\/uploads\/2019\/10\/NEWSESTLYONNAIS-BIKE-RUN-ST-PRIEST-2019-L-200x300.jpg 200w, https:\/\/newsestlyonnais.fr\/site\/wp-content\/uploads\/2019\/10\/NEWSESTLYONNAIS-BIKE-RUN-ST-PRIEST-2019-L-300x450.jpg 300w, https:\/\/newsestlyonnais.fr\/site\/wp-content\/uploads\/2019\/10\/NEWSESTLYONNAIS-BIKE-RUN-ST-PRIEST-2019-L-350x525.jpg 350w, https:\/\/newsestlyonnais.fr\/site\/wp-content\/uploads\/2019\/10\/NEWSESTLYONNAIS-BIKE-RUN-ST-PRIEST-2019-L-450x675.jpg 450w, https:\/\/newsestlyonnais.fr\/site\/wp-content\/uploads\/2019\/10\/NEWSESTLYONNAIS-BIKE-RUN-ST-PRIEST-2019-L-500x750.jpg 500w, https:\/\/newsestlyonnais.fr\/site\/wp-content\/uploads\/2019\/10\/NEWSESTLYONNAIS-BIKE-RUN-ST-PRIEST-2019-L.jpg 505w\" sizes=\"auto, (max-width: 100px) 100vw, 100px\" \/><\/a>\n\t\t\t<\/div>\n\t\t\t\t<figcaption class='wp-caption-text gallery-caption' id='gallery-1-86460'>\n\t\t\t\tL\u00e9a Jacquin (Terre Running D\u00e9cines)\n\t\t\t\t<\/figcaption><\/figure><figure class='gallery-item'>\n\t\t\t<div class='gallery-icon portrait'>\n\t\t\t\t<a href='https:\/\/newsestlyonnais.fr\/site\/2019\/10\/22\/saint-priest-plus-de-260-participants-au-bike-and-run-et-cross-duathlon\/newsestlyonnais-bike-run-st-priest-2019-m\/'><img loading=\"lazy\" decoding=\"async\" width=\"100\" height=\"150\" src=\"https:\/\/newsestlyonnais.fr\/site\/wp-content\/uploads\/2019\/10\/NEWSESTLYONNAIS-BIKE-RUN-ST-PRIEST-2019-M-250x375.jpg\" class=\"attachment-thumbnail size-thumbnail\" alt=\"\" srcset=\"https:\/\/newsestlyonnais.fr\/site\/wp-content\/uploads\/2019\/10\/NEWSESTLYONNAIS-BIKE-RUN-ST-PRIEST-2019-M-250x375.jpg 250w, https:\/\/newsestlyonnais.fr\/site\/wp-content\/uploads\/2019\/10\/NEWSESTLYONNAIS-BIKE-RUN-ST-PRIEST-2019-M-400x600.jpg 400w, https:\/\/newsestlyonnais.fr\/site\/wp-content\/uploads\/2019\/10\/NEWSESTLYONNAIS-BIKE-RUN-ST-PRIEST-2019-M-150x225.jpg 150w, https:\/\/newsestlyonnais.fr\/site\/wp-content\/uploads\/2019\/10\/NEWSESTLYONNAIS-BIKE-RUN-ST-PRIEST-2019-M-50x75.jpg 50w, https:\/\/newsestlyonnais.fr\/site\/wp-content\/uploads\/2019\/10\/NEWSESTLYONNAIS-BIKE-RUN-ST-PRIEST-2019-M-100x150.jpg 100w, https:\/\/newsestlyonnais.fr\/site\/wp-content\/uploads\/2019\/10\/NEWSESTLYONNAIS-BIKE-RUN-ST-PRIEST-2019-M-200x300.jpg 200w, https:\/\/newsestlyonnais.fr\/site\/wp-content\/uploads\/2019\/10\/NEWSESTLYONNAIS-BIKE-RUN-ST-PRIEST-2019-M-300x450.jpg 300w, https:\/\/newsestlyonnais.fr\/site\/wp-content\/uploads\/2019\/10\/NEWSESTLYONNAIS-BIKE-RUN-ST-PRIEST-2019-M-350x525.jpg 350w, https:\/\/newsestlyonnais.fr\/site\/wp-content\/uploads\/2019\/10\/NEWSESTLYONNAIS-BIKE-RUN-ST-PRIEST-2019-M-450x675.jpg 450w, https:\/\/newsestlyonnais.fr\/site\/wp-content\/uploads\/2019\/10\/NEWSESTLYONNAIS-BIKE-RUN-ST-PRIEST-2019-M-500x750.jpg 500w, https:\/\/newsestlyonnais.fr\/site\/wp-content\/uploads\/2019\/10\/NEWSESTLYONNAIS-BIKE-RUN-ST-PRIEST-2019-M.jpg 505w\" sizes=\"auto, (max-width: 100px) 100vw, 100px\" \/><\/a>\n\t\t\t<\/div><\/figure>\n\t\t<\/div>\n\n","protected":false},"excerpt":{"rendered":"<p>Aux 3 courses organis\u00e9es depuis 2 \u00e9ditions, 2 \u00e9preuves ont \u00e9t\u00e9 cr\u00e9\u00e9es, un bike and run (6-9 ans) et un cross duathlon S l\u2019apr\u00e8s-midi.<\/p>\n","protected":false},"author":4,"featured_media":86436,"comment_status":"open","ping_status":"open","sticky":false,"template":"","format":"standard","meta":{"footnotes":""},"categories":[2968,2988,1296,2,2990],"tags":[],"class_list":["post-86434","post","type-post","status-publish","format-standard","has-post-thumbnail","hentry","category-athle-course-pied-marche","category-natation-triathlon","category-sain-priest","category-sports","category-triathlon"],"yoast_head":"<!-- This site is optimized with the Yoast SEO plugin v27.2 - https:\/\/yoast.com\/product\/yoast-seo-wordpress\/ -->\n<title>SAINT-PRIEST | Plus de 260 participants au bike and run et cross duathlon - News Est Lyonnais<\/title>\n<meta name=\"description\" content=\"saint-priest-plus-de-260-participants-au-bike-and-run-et-cross-duathlon\" \/>\n<meta name=\"robots\" content=\"index, follow, max-snippet:-1, max-image-preview:large, max-video-preview:-1\" \/>\n<link rel=\"canonical\" href=\"https:\/\/newsestlyonnais.fr\/site\/2019\/10\/22\/saint-priest-plus-de-260-participants-au-bike-and-run-et-cross-duathlon\/\" \/>\n<meta property=\"og:locale\" content=\"fr_FR\" \/>\n<meta property=\"og:type\" content=\"article\" \/>\n<meta property=\"og:title\" content=\"SAINT-PRIEST | Plus de 260 participants au bike and run et cross duathlon - News Est Lyonnais\" \/>\n<meta property=\"og:description\" content=\"saint-priest-plus-de-260-participants-au-bike-and-run-et-cross-duathlon\" \/>\n<meta property=\"og:url\" content=\"https:\/\/newsestlyonnais.fr\/site\/2019\/10\/22\/saint-priest-plus-de-260-participants-au-bike-and-run-et-cross-duathlon\/\" \/>\n<meta property=\"og:site_name\" content=\"News Est Lyonnais\" \/>\n<meta property=\"article:author\" content=\"https:\/\/www.facebook.com\/pascal.oberson.1?fref=ts\" \/>\n<meta property=\"article:published_time\" content=\"2019-10-22T10:40:40+00:00\" \/>\n<meta property=\"article:modified_time\" content=\"2020-03-26T15:35:09+00:00\" \/>\n<meta property=\"og:image\" content=\"https:\/\/i0.wp.com\/newsestlyonnais.fr\/site\/wp-content\/uploads\/2019\/10\/NEWSESTLYONNAIS-BIKE-RUN-ST-PRIEST-2019A.jpg?fit=1135%2C757&ssl=1\" \/>\n\t<meta property=\"og:image:width\" content=\"1135\" \/>\n\t<meta property=\"og:image:height\" content=\"757\" \/>\n\t<meta property=\"og:image:type\" content=\"image\/jpeg\" \/>\n<meta name=\"author\" content=\"R\u00e9dac. NEWS\" \/>\n<meta name=\"twitter:card\" content=\"summary_large_image\" \/>\n<meta name=\"twitter:label1\" content=\"\u00c9crit par\" \/>\n\t<meta name=\"twitter:data1\" content=\"R\u00e9dac. NEWS\" \/>\n\t<meta name=\"twitter:label2\" content=\"Dur\u00e9e de lecture estim\u00e9e\" \/>\n\t<meta name=\"twitter:data2\" content=\"2 minutes\" \/>\n<script type=\"application\/ld+json\" class=\"yoast-schema-graph\">{\"@context\":\"https:\/\/schema.org\",\"@graph\":[{\"@type\":\"Article\",\"@id\":\"https:\/\/newsestlyonnais.fr\/site\/2019\/10\/22\/saint-priest-plus-de-260-participants-au-bike-and-run-et-cross-duathlon\/#article\",\"isPartOf\":{\"@id\":\"https:\/\/newsestlyonnais.fr\/site\/2019\/10\/22\/saint-priest-plus-de-260-participants-au-bike-and-run-et-cross-duathlon\/\"},\"author\":{\"name\":\"R\u00e9dac. NEWS\",\"@id\":\"https:\/\/newsestlyonnais.fr\/site\/#\/schema\/person\/3230d5615f390bb808365d673001e887\"},\"headline\":\"SAINT-PRIEST | Plus de 260 participants au bike and run et cross duathlon\",\"datePublished\":\"2019-10-22T10:40:40+00:00\",\"dateModified\":\"2020-03-26T15:35:09+00:00\",\"mainEntityOfPage\":{\"@id\":\"https:\/\/newsestlyonnais.fr\/site\/2019\/10\/22\/saint-priest-plus-de-260-participants-au-bike-and-run-et-cross-duathlon\/\"},\"wordCount\":351,\"commentCount\":0,\"publisher\":{\"@id\":\"https:\/\/newsestlyonnais.fr\/site\/#organization\"},\"image\":{\"@id\":\"https:\/\/newsestlyonnais.fr\/site\/2019\/10\/22\/saint-priest-plus-de-260-participants-au-bike-and-run-et-cross-duathlon\/#primaryimage\"},\"thumbnailUrl\":\"https:\/\/newsestlyonnais.fr\/site\/wp-content\/uploads\/2019\/10\/NEWSESTLYONNAIS-BIKE-RUN-ST-PRIEST-2019A.jpg\",\"articleSection\":[\"Athl\u00e9 | Course pied | Marche\",\"Natation | Triathlon\",\"Saint-Priest\",\"Sports\",\"Triathlon\"],\"inLanguage\":\"fr-FR\",\"potentialAction\":[{\"@type\":\"CommentAction\",\"name\":\"Comment\",\"target\":[\"https:\/\/newsestlyonnais.fr\/site\/2019\/10\/22\/saint-priest-plus-de-260-participants-au-bike-and-run-et-cross-duathlon\/#respond\"]}]},{\"@type\":\"WebPage\",\"@id\":\"https:\/\/newsestlyonnais.fr\/site\/2019\/10\/22\/saint-priest-plus-de-260-participants-au-bike-and-run-et-cross-duathlon\/\",\"url\":\"https:\/\/newsestlyonnais.fr\/site\/2019\/10\/22\/saint-priest-plus-de-260-participants-au-bike-and-run-et-cross-duathlon\/\",\"name\":\"SAINT-PRIEST | Plus de 260 participants au bike and run et cross duathlon - News Est Lyonnais\",\"isPartOf\":{\"@id\":\"https:\/\/newsestlyonnais.fr\/site\/#website\"},\"primaryImageOfPage\":{\"@id\":\"https:\/\/newsestlyonnais.fr\/site\/2019\/10\/22\/saint-priest-plus-de-260-participants-au-bike-and-run-et-cross-duathlon\/#primaryimage\"},\"image\":{\"@id\":\"https:\/\/newsestlyonnais.fr\/site\/2019\/10\/22\/saint-priest-plus-de-260-participants-au-bike-and-run-et-cross-duathlon\/#primaryimage\"},\"thumbnailUrl\":\"https:\/\/newsestlyonnais.fr\/site\/wp-content\/uploads\/2019\/10\/NEWSESTLYONNAIS-BIKE-RUN-ST-PRIEST-2019A.jpg\",\"datePublished\":\"2019-10-22T10:40:40+00:00\",\"dateModified\":\"2020-03-26T15:35:09+00:00\",\"description\":\"saint-priest-plus-de-260-participants-au-bike-and-run-et-cross-duathlon\",\"breadcrumb\":{\"@id\":\"https:\/\/newsestlyonnais.fr\/site\/2019\/10\/22\/saint-priest-plus-de-260-participants-au-bike-and-run-et-cross-duathlon\/#breadcrumb\"},\"inLanguage\":\"fr-FR\",\"potentialAction\":[{\"@type\":\"ReadAction\",\"target\":[\"https:\/\/newsestlyonnais.fr\/site\/2019\/10\/22\/saint-priest-plus-de-260-participants-au-bike-and-run-et-cross-duathlon\/\"]}]},{\"@type\":\"ImageObject\",\"inLanguage\":\"fr-FR\",\"@id\":\"https:\/\/newsestlyonnais.fr\/site\/2019\/10\/22\/saint-priest-plus-de-260-participants-au-bike-and-run-et-cross-duathlon\/#primaryimage\",\"url\":\"https:\/\/newsestlyonnais.fr\/site\/wp-content\/uploads\/2019\/10\/NEWSESTLYONNAIS-BIKE-RUN-ST-PRIEST-2019A.jpg\",\"contentUrl\":\"https:\/\/newsestlyonnais.fr\/site\/wp-content\/uploads\/2019\/10\/NEWSESTLYONNAIS-BIKE-RUN-ST-PRIEST-2019A.jpg\",\"width\":1135,\"height\":757},{\"@type\":\"BreadcrumbList\",\"@id\":\"https:\/\/newsestlyonnais.fr\/site\/2019\/10\/22\/saint-priest-plus-de-260-participants-au-bike-and-run-et-cross-duathlon\/#breadcrumb\",\"itemListElement\":[{\"@type\":\"ListItem\",\"position\":1,\"name\":\"Accueil\",\"item\":\"https:\/\/newsestlyonnais.fr\/site\/\"},{\"@type\":\"ListItem\",\"position\":2,\"name\":\"SAINT-PRIEST | Plus de 260 participants au bike and run et cross duathlon\"}]},{\"@type\":\"WebSite\",\"@id\":\"https:\/\/newsestlyonnais.fr\/site\/#website\",\"url\":\"https:\/\/newsestlyonnais.fr\/site\/\",\"name\":\"News Est Lyonnais\",\"description\":\"L&#039;actualit\u00e9 au plus pr\u00e8s\",\"publisher\":{\"@id\":\"https:\/\/newsestlyonnais.fr\/site\/#organization\"},\"potentialAction\":[{\"@type\":\"SearchAction\",\"target\":{\"@type\":\"EntryPoint\",\"urlTemplate\":\"https:\/\/newsestlyonnais.fr\/site\/?s={search_term_string}\"},\"query-input\":{\"@type\":\"PropertyValueSpecification\",\"valueRequired\":true,\"valueName\":\"search_term_string\"}}],\"inLanguage\":\"fr-FR\"},{\"@type\":\"Organization\",\"@id\":\"https:\/\/newsestlyonnais.fr\/site\/#organization\",\"name\":\"News EST LYONNAIS\",\"url\":\"https:\/\/newsestlyonnais.fr\/site\/\",\"logo\":{\"@type\":\"ImageObject\",\"inLanguage\":\"fr-FR\",\"@id\":\"https:\/\/newsestlyonnais.fr\/site\/#\/schema\/logo\/image\/\",\"url\":\"\",\"contentUrl\":\"\",\"caption\":\"News EST LYONNAIS\"},\"image\":{\"@id\":\"https:\/\/newsestlyonnais.fr\/site\/#\/schema\/logo\/image\/\"}},{\"@type\":\"Person\",\"@id\":\"https:\/\/newsestlyonnais.fr\/site\/#\/schema\/person\/3230d5615f390bb808365d673001e887\",\"name\":\"R\u00e9dac. NEWS\",\"sameAs\":[\"http:\/\/www.newsestlyonnais.fr\",\"https:\/\/www.facebook.com\/pascal.oberson.1?fref=ts\",\"https:\/\/fr.linkedin.com\/in\/pascal-oberson-b17045113\"],\"url\":\"https:\/\/newsestlyonnais.fr\/site\/author\/nel\/\"}]}<\/script>\n<!-- \/ Yoast SEO plugin. -->","yoast_head_json":{"title":"SAINT-PRIEST | Plus de 260 participants au bike and run et cross duathlon - News Est Lyonnais","description":"saint-priest-plus-de-260-participants-au-bike-and-run-et-cross-duathlon","robots":{"index":"index","follow":"follow","max-snippet":"max-snippet:-1","max-image-preview":"max-image-preview:large","max-video-preview":"max-video-preview:-1"},"canonical":"https:\/\/newsestlyonnais.fr\/site\/2019\/10\/22\/saint-priest-plus-de-260-participants-au-bike-and-run-et-cross-duathlon\/","og_locale":"fr_FR","og_type":"article","og_title":"SAINT-PRIEST | Plus de 260 participants au bike and run et cross duathlon - News Est Lyonnais","og_description":"saint-priest-plus-de-260-participants-au-bike-and-run-et-cross-duathlon","og_url":"https:\/\/newsestlyonnais.fr\/site\/2019\/10\/22\/saint-priest-plus-de-260-participants-au-bike-and-run-et-cross-duathlon\/","og_site_name":"News Est Lyonnais","article_author":"https:\/\/www.facebook.com\/pascal.oberson.1?fref=ts","article_published_time":"2019-10-22T10:40:40+00:00","article_modified_time":"2020-03-26T15:35:09+00:00","og_image":[{"width":1135,"height":757,"url":"https:\/\/i0.wp.com\/newsestlyonnais.fr\/site\/wp-content\/uploads\/2019\/10\/NEWSESTLYONNAIS-BIKE-RUN-ST-PRIEST-2019A.jpg?fit=1135%2C757&ssl=1","type":"image\/jpeg"}],"author":"R\u00e9dac. NEWS","twitter_card":"summary_large_image","twitter_misc":{"\u00c9crit par":"R\u00e9dac. NEWS","Dur\u00e9e de lecture estim\u00e9e":"2 minutes"},"schema":{"@context":"https:\/\/schema.org","@graph":[{"@type":"Article","@id":"https:\/\/newsestlyonnais.fr\/site\/2019\/10\/22\/saint-priest-plus-de-260-participants-au-bike-and-run-et-cross-duathlon\/#article","isPartOf":{"@id":"https:\/\/newsestlyonnais.fr\/site\/2019\/10\/22\/saint-priest-plus-de-260-participants-au-bike-and-run-et-cross-duathlon\/"},"author":{"name":"R\u00e9dac. NEWS","@id":"https:\/\/newsestlyonnais.fr\/site\/#\/schema\/person\/3230d5615f390bb808365d673001e887"},"headline":"SAINT-PRIEST | Plus de 260 participants au bike and run et cross duathlon","datePublished":"2019-10-22T10:40:40+00:00","dateModified":"2020-03-26T15:35:09+00:00","mainEntityOfPage":{"@id":"https:\/\/newsestlyonnais.fr\/site\/2019\/10\/22\/saint-priest-plus-de-260-participants-au-bike-and-run-et-cross-duathlon\/"},"wordCount":351,"commentCount":0,"publisher":{"@id":"https:\/\/newsestlyonnais.fr\/site\/#organization"},"image":{"@id":"https:\/\/newsestlyonnais.fr\/site\/2019\/10\/22\/saint-priest-plus-de-260-participants-au-bike-and-run-et-cross-duathlon\/#primaryimage"},"thumbnailUrl":"https:\/\/newsestlyonnais.fr\/site\/wp-content\/uploads\/2019\/10\/NEWSESTLYONNAIS-BIKE-RUN-ST-PRIEST-2019A.jpg","articleSection":["Athl\u00e9 | Course pied | Marche","Natation | Triathlon","Saint-Priest","Sports","Triathlon"],"inLanguage":"fr-FR","potentialAction":[{"@type":"CommentAction","name":"Comment","target":["https:\/\/newsestlyonnais.fr\/site\/2019\/10\/22\/saint-priest-plus-de-260-participants-au-bike-and-run-et-cross-duathlon\/#respond"]}]},{"@type":"WebPage","@id":"https:\/\/newsestlyonnais.fr\/site\/2019\/10\/22\/saint-priest-plus-de-260-participants-au-bike-and-run-et-cross-duathlon\/","url":"https:\/\/newsestlyonnais.fr\/site\/2019\/10\/22\/saint-priest-plus-de-260-participants-au-bike-and-run-et-cross-duathlon\/","name":"SAINT-PRIEST | Plus de 260 participants au bike and run et cross duathlon - News Est Lyonnais","isPartOf":{"@id":"https:\/\/newsestlyonnais.fr\/site\/#website"},"primaryImageOfPage":{"@id":"https:\/\/newsestlyonnais.fr\/site\/2019\/10\/22\/saint-priest-plus-de-260-participants-au-bike-and-run-et-cross-duathlon\/#primaryimage"},"image":{"@id":"https:\/\/newsestlyonnais.fr\/site\/2019\/10\/22\/saint-priest-plus-de-260-participants-au-bike-and-run-et-cross-duathlon\/#primaryimage"},"thumbnailUrl":"https:\/\/newsestlyonnais.fr\/site\/wp-content\/uploads\/2019\/10\/NEWSESTLYONNAIS-BIKE-RUN-ST-PRIEST-2019A.jpg","datePublished":"2019-10-22T10:40:40+00:00","dateModified":"2020-03-26T15:35:09+00:00","description":"saint-priest-plus-de-260-participants-au-bike-and-run-et-cross-duathlon","breadcrumb":{"@id":"https:\/\/newsestlyonnais.fr\/site\/2019\/10\/22\/saint-priest-plus-de-260-participants-au-bike-and-run-et-cross-duathlon\/#breadcrumb"},"inLanguage":"fr-FR","potentialAction":[{"@type":"ReadAction","target":["https:\/\/newsestlyonnais.fr\/site\/2019\/10\/22\/saint-priest-plus-de-260-participants-au-bike-and-run-et-cross-duathlon\/"]}]},{"@type":"ImageObject","inLanguage":"fr-FR","@id":"https:\/\/newsestlyonnais.fr\/site\/2019\/10\/22\/saint-priest-plus-de-260-participants-au-bike-and-run-et-cross-duathlon\/#primaryimage","url":"https:\/\/newsestlyonnais.fr\/site\/wp-content\/uploads\/2019\/10\/NEWSESTLYONNAIS-BIKE-RUN-ST-PRIEST-2019A.jpg","contentUrl":"https:\/\/newsestlyonnais.fr\/site\/wp-content\/uploads\/2019\/10\/NEWSESTLYONNAIS-BIKE-RUN-ST-PRIEST-2019A.jpg","width":1135,"height":757},{"@type":"BreadcrumbList","@id":"https:\/\/newsestlyonnais.fr\/site\/2019\/10\/22\/saint-priest-plus-de-260-participants-au-bike-and-run-et-cross-duathlon\/#breadcrumb","itemListElement":[{"@type":"ListItem","position":1,"name":"Accueil","item":"https:\/\/newsestlyonnais.fr\/site\/"},{"@type":"ListItem","position":2,"name":"SAINT-PRIEST | Plus de 260 participants au bike and run et cross duathlon"}]},{"@type":"WebSite","@id":"https:\/\/newsestlyonnais.fr\/site\/#website","url":"https:\/\/newsestlyonnais.fr\/site\/","name":"News Est Lyonnais","description":"L&#039;actualit\u00e9 au plus pr\u00e8s","publisher":{"@id":"https:\/\/newsestlyonnais.fr\/site\/#organization"},"potentialAction":[{"@type":"SearchAction","target":{"@type":"EntryPoint","urlTemplate":"https:\/\/newsestlyonnais.fr\/site\/?s={search_term_string}"},"query-input":{"@type":"PropertyValueSpecification","valueRequired":true,"valueName":"search_term_string"}}],"inLanguage":"fr-FR"},{"@type":"Organization","@id":"https:\/\/newsestlyonnais.fr\/site\/#organization","name":"News EST LYONNAIS","url":"https:\/\/newsestlyonnais.fr\/site\/","logo":{"@type":"ImageObject","inLanguage":"fr-FR","@id":"https:\/\/newsestlyonnais.fr\/site\/#\/schema\/logo\/image\/","url":"","contentUrl":"","caption":"News EST LYONNAIS"},"image":{"@id":"https:\/\/newsestlyonnais.fr\/site\/#\/schema\/logo\/image\/"}},{"@type":"Person","@id":"https:\/\/newsestlyonnais.fr\/site\/#\/schema\/person\/3230d5615f390bb808365d673001e887","name":"R\u00e9dac. NEWS","sameAs":["http:\/\/www.newsestlyonnais.fr","https:\/\/www.facebook.com\/pascal.oberson.1?fref=ts","https:\/\/fr.linkedin.com\/in\/pascal-oberson-b17045113"],"url":"https:\/\/newsestlyonnais.fr\/site\/author\/nel\/"}]}},"_links":{"self":[{"href":"https:\/\/newsestlyonnais.fr\/site\/wp-json\/wp\/v2\/posts\/86434","targetHints":{"allow":["GET"]}}],"collection":[{"href":"https:\/\/newsestlyonnais.fr\/site\/wp-json\/wp\/v2\/posts"}],"about":[{"href":"https:\/\/newsestlyonnais.fr\/site\/wp-json\/wp\/v2\/types\/post"}],"author":[{"embeddable":true,"href":"https:\/\/newsestlyonnais.fr\/site\/wp-json\/wp\/v2\/users\/4"}],"replies":[{"embeddable":true,"href":"https:\/\/newsestlyonnais.fr\/site\/wp-json\/wp\/v2\/comments?post=86434"}],"version-history":[{"count":0,"href":"https:\/\/newsestlyonnais.fr\/site\/wp-json\/wp\/v2\/posts\/86434\/revisions"}],"wp:featuredmedia":[{"embeddable":true,"href":"https:\/\/newsestlyonnais.fr\/site\/wp-json\/wp\/v2\/media\/86436"}],"wp:attachment":[{"href":"https:\/\/newsestlyonnais.fr\/site\/wp-json\/wp\/v2\/media?parent=86434"}],"wp:term":[{"taxonomy":"category","embeddable":true,"href":"https:\/\/newsestlyonnais.fr\/site\/wp-json\/wp\/v2\/categories?post=86434"},{"taxonomy":"post_tag","embeddable":true,"href":"https:\/\/newsestlyonnais.fr\/site\/wp-json\/wp\/v2\/tags?post=86434"}],"curies":[{"name":"wp","href":"https:\/\/api.w.org\/{rel}","templated":true}]}}