{"id":86566,"date":"2019-10-23T15:16:02","date_gmt":"2019-10-23T14:16:02","guid":{"rendered":"http:\/\/newsestlyonnais.fr\/site\/?p=86566"},"modified":"2020-11-19T09:01:59","modified_gmt":"2020-11-19T08:01:59","slug":"venissieux-les-manifestations-au-11-novembre","status":"publish","type":"post","link":"https:\/\/newsestlyonnais.fr\/site\/2019\/10\/23\/venissieux-les-manifestations-au-11-novembre\/","title":{"rendered":"VENISSIEUX | Les manifestations au 11 novembre"},"content":{"rendered":"<ul>\n<li><strong>Samedi 26 octobre \u00e0 <\/strong><strong>9 h : Visite de territoire<\/strong> des quartiers Moulin-\u00e0-Vent\/Joliot-Curie. (Place Ennemond-Romand).<\/li>\n<li><strong>Mardi 29 octobre \u00e0 <\/strong><strong>18 h : Assembl\u00e9e g\u00e9n\u00e9rale<\/strong> du conseil de quartier Moulin-\u00e0-Vent. (Restaurant du groupe scolaire Moulin-\u00e0-Vent, 39 rue Professeur Roux).<\/li>\n<li><strong>Mercredi 30 octobre \u00e0 <\/strong><strong>18 h : Assembl\u00e9e g\u00e9n\u00e9rale<\/strong> du conseil de quartier Joliot-Curie. (Salle polyvalente du groupe scolaire Joliot-Curie, 5 rue Roger-Salengro).<\/li>\n<li>\u00a0<strong>Mardi 5 novembre \u00e0 <\/strong><strong>17 h :<\/strong>\u00a0<strong>Visite de territoire<\/strong> des quartiers Jean-Moulin\/Charles-Perrault. (3 avenue Jean-Moulin).<\/li>\n<li><strong>Mercredi 6 novembre \u00e0 <\/strong><strong>18 h :<\/strong>\u00a0<strong>Assembl\u00e9e g\u00e9n\u00e9rale<\/strong> du conseil de quartier Jean-Moulin. (Restaurant du groupe scolaire Jean-Moulin, 10 rue Vladimir-Komarov).<\/li>\n<li>\u00a0<strong>Jeudi 7 novembre \u00e0 <\/strong><strong>18 h :<\/strong>\u00a0<strong>Assembl\u00e9e g\u00e9n\u00e9rale<\/strong> du conseil de quartier Charles-Perrault. (Salle polyvalente du groupe scolaire Charles-Perrault, 1 rue de la D\u00e9mocratie).<\/li>\n<li>\u00a0<strong>Vendredi 8 novembre \u00e0 <\/strong><strong>17 h :<\/strong>\u00a0<strong>Visite de territoire<\/strong> des quartiers Anatole-France\/Saint-Exup\u00e9ry. (avenue Jean-Cagne).<\/li>\n<li><strong>Lundi 11 novembre \u00e0 <\/strong><strong>11 h : Comm\u00e9moration<\/strong> de l\u2019Armistice du 11 novembre 1918. (Ancien cimeti\u00e8re, 8 Rue Catherine de Chaponay).<\/li>\n<\/ul>\n<p><strong>Retrouvez l\u2019ACTU de la commune sur : <a href=\"https:\/\/www.ville-venissieux.fr\" target=\"_blank\" rel=\"noreferrer noopener\">https:\/\/www.ville-venissieux.fr<\/a><\/strong><\/p>\n","protected":false},"excerpt":{"rendered":"<p>Plusieurs \u00e9v\u00e8nements sont programm\u00e9s sur la commune d&rsquo;ici les prochains jours.<\/p>\n","protected":false},"author":4,"featured_media":86573,"comment_status":"open","ping_status":"open","sticky":false,"template":"","format":"standard","meta":{"footnotes":""},"categories":[1298],"tags":[1991,2067],"class_list":["post-86566","post","type-post","status-publish","format-standard","has-post-thumbnail","hentry","category-venissieux","tag-agenda","tag-venissieux"],"yoast_head":"<!-- This site is optimized with the Yoast SEO plugin v27.2 - https:\/\/yoast.com\/product\/yoast-seo-wordpress\/ -->\n<title>VENISSIEUX | Les manifestations au 11 novembre - News Est Lyonnais<\/title>\n<meta name=\"description\" content=\"VENISSIEUX | Les manifestations au 11 novembre\" \/>\n<meta name=\"robots\" content=\"index, follow, max-snippet:-1, max-image-preview:large, max-video-preview:-1\" \/>\n<link rel=\"canonical\" href=\"https:\/\/newsestlyonnais.fr\/site\/2019\/10\/23\/venissieux-les-manifestations-au-11-novembre\/\" \/>\n<meta property=\"og:locale\" content=\"fr_FR\" \/>\n<meta property=\"og:type\" content=\"article\" \/>\n<meta property=\"og:title\" content=\"VENISSIEUX | Les manifestations au 11 novembre - News Est Lyonnais\" \/>\n<meta property=\"og:description\" content=\"VENISSIEUX | Les manifestations au 11 novembre\" \/>\n<meta property=\"og:url\" content=\"https:\/\/newsestlyonnais.fr\/site\/2019\/10\/23\/venissieux-les-manifestations-au-11-novembre\/\" \/>\n<meta property=\"og:site_name\" content=\"News Est Lyonnais\" \/>\n<meta property=\"article:author\" content=\"https:\/\/www.facebook.com\/pascal.oberson.1?fref=ts\" \/>\n<meta property=\"article:published_time\" content=\"2019-10-23T14:16:02+00:00\" \/>\n<meta property=\"article:modified_time\" content=\"2020-11-19T08:01:59+00:00\" \/>\n<meta property=\"og:image\" content=\"https:\/\/i2.wp.com\/newsestlyonnais.fr\/site\/wp-content\/uploads\/2019\/10\/NEWSESTLYONNAIS-PAN-VX.jpg?fit=1200%2C800&ssl=1\" \/>\n\t<meta property=\"og:image:width\" content=\"1200\" \/>\n\t<meta property=\"og:image:height\" content=\"800\" \/>\n\t<meta property=\"og:image:type\" content=\"image\/jpeg\" \/>\n<meta name=\"author\" content=\"R\u00e9dac. NEWS\" \/>\n<meta name=\"twitter:card\" content=\"summary_large_image\" \/>\n<meta name=\"twitter:label1\" content=\"\u00c9crit par\" \/>\n\t<meta name=\"twitter:data1\" content=\"R\u00e9dac. NEWS\" \/>\n\t<meta name=\"twitter:label2\" content=\"Dur\u00e9e de lecture estim\u00e9e\" \/>\n\t<meta name=\"twitter:data2\" content=\"1 minute\" \/>\n<script type=\"application\/ld+json\" class=\"yoast-schema-graph\">{\"@context\":\"https:\/\/schema.org\",\"@graph\":[{\"@type\":\"Article\",\"@id\":\"https:\/\/newsestlyonnais.fr\/site\/2019\/10\/23\/venissieux-les-manifestations-au-11-novembre\/#article\",\"isPartOf\":{\"@id\":\"https:\/\/newsestlyonnais.fr\/site\/2019\/10\/23\/venissieux-les-manifestations-au-11-novembre\/\"},\"author\":{\"name\":\"R\u00e9dac. NEWS\",\"@id\":\"https:\/\/newsestlyonnais.fr\/site\/#\/schema\/person\/3230d5615f390bb808365d673001e887\"},\"headline\":\"VENISSIEUX | Les manifestations au 11 novembre\",\"datePublished\":\"2019-10-23T14:16:02+00:00\",\"dateModified\":\"2020-11-19T08:01:59+00:00\",\"mainEntityOfPage\":{\"@id\":\"https:\/\/newsestlyonnais.fr\/site\/2019\/10\/23\/venissieux-les-manifestations-au-11-novembre\/\"},\"wordCount\":159,\"commentCount\":0,\"publisher\":{\"@id\":\"https:\/\/newsestlyonnais.fr\/site\/#organization\"},\"image\":{\"@id\":\"https:\/\/newsestlyonnais.fr\/site\/2019\/10\/23\/venissieux-les-manifestations-au-11-novembre\/#primaryimage\"},\"thumbnailUrl\":\"https:\/\/newsestlyonnais.fr\/site\/wp-content\/uploads\/2019\/10\/NEWSESTLYONNAIS-PAN-VX.jpg\",\"keywords\":[\"AGENDA\",\"VENISSIEUX\"],\"articleSection\":[\"V\u00e9nissieux\"],\"inLanguage\":\"fr-FR\",\"potentialAction\":[{\"@type\":\"CommentAction\",\"name\":\"Comment\",\"target\":[\"https:\/\/newsestlyonnais.fr\/site\/2019\/10\/23\/venissieux-les-manifestations-au-11-novembre\/#respond\"]}]},{\"@type\":\"WebPage\",\"@id\":\"https:\/\/newsestlyonnais.fr\/site\/2019\/10\/23\/venissieux-les-manifestations-au-11-novembre\/\",\"url\":\"https:\/\/newsestlyonnais.fr\/site\/2019\/10\/23\/venissieux-les-manifestations-au-11-novembre\/\",\"name\":\"VENISSIEUX | Les manifestations au 11 novembre - News Est Lyonnais\",\"isPartOf\":{\"@id\":\"https:\/\/newsestlyonnais.fr\/site\/#website\"},\"primaryImageOfPage\":{\"@id\":\"https:\/\/newsestlyonnais.fr\/site\/2019\/10\/23\/venissieux-les-manifestations-au-11-novembre\/#primaryimage\"},\"image\":{\"@id\":\"https:\/\/newsestlyonnais.fr\/site\/2019\/10\/23\/venissieux-les-manifestations-au-11-novembre\/#primaryimage\"},\"thumbnailUrl\":\"https:\/\/newsestlyonnais.fr\/site\/wp-content\/uploads\/2019\/10\/NEWSESTLYONNAIS-PAN-VX.jpg\",\"datePublished\":\"2019-10-23T14:16:02+00:00\",\"dateModified\":\"2020-11-19T08:01:59+00:00\",\"description\":\"VENISSIEUX | Les manifestations au 11 novembre\",\"breadcrumb\":{\"@id\":\"https:\/\/newsestlyonnais.fr\/site\/2019\/10\/23\/venissieux-les-manifestations-au-11-novembre\/#breadcrumb\"},\"inLanguage\":\"fr-FR\",\"potentialAction\":[{\"@type\":\"ReadAction\",\"target\":[\"https:\/\/newsestlyonnais.fr\/site\/2019\/10\/23\/venissieux-les-manifestations-au-11-novembre\/\"]}]},{\"@type\":\"ImageObject\",\"inLanguage\":\"fr-FR\",\"@id\":\"https:\/\/newsestlyonnais.fr\/site\/2019\/10\/23\/venissieux-les-manifestations-au-11-novembre\/#primaryimage\",\"url\":\"https:\/\/newsestlyonnais.fr\/site\/wp-content\/uploads\/2019\/10\/NEWSESTLYONNAIS-PAN-VX.jpg\",\"contentUrl\":\"https:\/\/newsestlyonnais.fr\/site\/wp-content\/uploads\/2019\/10\/NEWSESTLYONNAIS-PAN-VX.jpg\",\"width\":1200,\"height\":800},{\"@type\":\"BreadcrumbList\",\"@id\":\"https:\/\/newsestlyonnais.fr\/site\/2019\/10\/23\/venissieux-les-manifestations-au-11-novembre\/#breadcrumb\",\"itemListElement\":[{\"@type\":\"ListItem\",\"position\":1,\"name\":\"Accueil\",\"item\":\"https:\/\/newsestlyonnais.fr\/site\/\"},{\"@type\":\"ListItem\",\"position\":2,\"name\":\"VENISSIEUX | Les manifestations au 11 novembre\"}]},{\"@type\":\"WebSite\",\"@id\":\"https:\/\/newsestlyonnais.fr\/site\/#website\",\"url\":\"https:\/\/newsestlyonnais.fr\/site\/\",\"name\":\"News Est Lyonnais\",\"description\":\"L&#039;actualit\u00e9 au plus pr\u00e8s\",\"publisher\":{\"@id\":\"https:\/\/newsestlyonnais.fr\/site\/#organization\"},\"potentialAction\":[{\"@type\":\"SearchAction\",\"target\":{\"@type\":\"EntryPoint\",\"urlTemplate\":\"https:\/\/newsestlyonnais.fr\/site\/?s={search_term_string}\"},\"query-input\":{\"@type\":\"PropertyValueSpecification\",\"valueRequired\":true,\"valueName\":\"search_term_string\"}}],\"inLanguage\":\"fr-FR\"},{\"@type\":\"Organization\",\"@id\":\"https:\/\/newsestlyonnais.fr\/site\/#organization\",\"name\":\"News EST LYONNAIS\",\"url\":\"https:\/\/newsestlyonnais.fr\/site\/\",\"logo\":{\"@type\":\"ImageObject\",\"inLanguage\":\"fr-FR\",\"@id\":\"https:\/\/newsestlyonnais.fr\/site\/#\/schema\/logo\/image\/\",\"url\":\"\",\"contentUrl\":\"\",\"caption\":\"News EST LYONNAIS\"},\"image\":{\"@id\":\"https:\/\/newsestlyonnais.fr\/site\/#\/schema\/logo\/image\/\"}},{\"@type\":\"Person\",\"@id\":\"https:\/\/newsestlyonnais.fr\/site\/#\/schema\/person\/3230d5615f390bb808365d673001e887\",\"name\":\"R\u00e9dac. NEWS\",\"sameAs\":[\"http:\/\/www.newsestlyonnais.fr\",\"https:\/\/www.facebook.com\/pascal.oberson.1?fref=ts\",\"https:\/\/fr.linkedin.com\/in\/pascal-oberson-b17045113\"],\"url\":\"https:\/\/newsestlyonnais.fr\/site\/author\/nel\/\"}]}<\/script>\n<!-- \/ Yoast SEO plugin. -->","yoast_head_json":{"title":"VENISSIEUX | Les manifestations au 11 novembre - News Est Lyonnais","description":"VENISSIEUX | Les manifestations au 11 novembre","robots":{"index":"index","follow":"follow","max-snippet":"max-snippet:-1","max-image-preview":"max-image-preview:large","max-video-preview":"max-video-preview:-1"},"canonical":"https:\/\/newsestlyonnais.fr\/site\/2019\/10\/23\/venissieux-les-manifestations-au-11-novembre\/","og_locale":"fr_FR","og_type":"article","og_title":"VENISSIEUX | Les manifestations au 11 novembre - News Est Lyonnais","og_description":"VENISSIEUX | Les manifestations au 11 novembre","og_url":"https:\/\/newsestlyonnais.fr\/site\/2019\/10\/23\/venissieux-les-manifestations-au-11-novembre\/","og_site_name":"News Est Lyonnais","article_author":"https:\/\/www.facebook.com\/pascal.oberson.1?fref=ts","article_published_time":"2019-10-23T14:16:02+00:00","article_modified_time":"2020-11-19T08:01:59+00:00","og_image":[{"width":1200,"height":800,"url":"https:\/\/i2.wp.com\/newsestlyonnais.fr\/site\/wp-content\/uploads\/2019\/10\/NEWSESTLYONNAIS-PAN-VX.jpg?fit=1200%2C800&ssl=1","type":"image\/jpeg"}],"author":"R\u00e9dac. NEWS","twitter_card":"summary_large_image","twitter_misc":{"\u00c9crit par":"R\u00e9dac. NEWS","Dur\u00e9e de lecture estim\u00e9e":"1 minute"},"schema":{"@context":"https:\/\/schema.org","@graph":[{"@type":"Article","@id":"https:\/\/newsestlyonnais.fr\/site\/2019\/10\/23\/venissieux-les-manifestations-au-11-novembre\/#article","isPartOf":{"@id":"https:\/\/newsestlyonnais.fr\/site\/2019\/10\/23\/venissieux-les-manifestations-au-11-novembre\/"},"author":{"name":"R\u00e9dac. NEWS","@id":"https:\/\/newsestlyonnais.fr\/site\/#\/schema\/person\/3230d5615f390bb808365d673001e887"},"headline":"VENISSIEUX | Les manifestations au 11 novembre","datePublished":"2019-10-23T14:16:02+00:00","dateModified":"2020-11-19T08:01:59+00:00","mainEntityOfPage":{"@id":"https:\/\/newsestlyonnais.fr\/site\/2019\/10\/23\/venissieux-les-manifestations-au-11-novembre\/"},"wordCount":159,"commentCount":0,"publisher":{"@id":"https:\/\/newsestlyonnais.fr\/site\/#organization"},"image":{"@id":"https:\/\/newsestlyonnais.fr\/site\/2019\/10\/23\/venissieux-les-manifestations-au-11-novembre\/#primaryimage"},"thumbnailUrl":"https:\/\/newsestlyonnais.fr\/site\/wp-content\/uploads\/2019\/10\/NEWSESTLYONNAIS-PAN-VX.jpg","keywords":["AGENDA","VENISSIEUX"],"articleSection":["V\u00e9nissieux"],"inLanguage":"fr-FR","potentialAction":[{"@type":"CommentAction","name":"Comment","target":["https:\/\/newsestlyonnais.fr\/site\/2019\/10\/23\/venissieux-les-manifestations-au-11-novembre\/#respond"]}]},{"@type":"WebPage","@id":"https:\/\/newsestlyonnais.fr\/site\/2019\/10\/23\/venissieux-les-manifestations-au-11-novembre\/","url":"https:\/\/newsestlyonnais.fr\/site\/2019\/10\/23\/venissieux-les-manifestations-au-11-novembre\/","name":"VENISSIEUX | Les manifestations au 11 novembre - News Est Lyonnais","isPartOf":{"@id":"https:\/\/newsestlyonnais.fr\/site\/#website"},"primaryImageOfPage":{"@id":"https:\/\/newsestlyonnais.fr\/site\/2019\/10\/23\/venissieux-les-manifestations-au-11-novembre\/#primaryimage"},"image":{"@id":"https:\/\/newsestlyonnais.fr\/site\/2019\/10\/23\/venissieux-les-manifestations-au-11-novembre\/#primaryimage"},"thumbnailUrl":"https:\/\/newsestlyonnais.fr\/site\/wp-content\/uploads\/2019\/10\/NEWSESTLYONNAIS-PAN-VX.jpg","datePublished":"2019-10-23T14:16:02+00:00","dateModified":"2020-11-19T08:01:59+00:00","description":"VENISSIEUX | Les manifestations au 11 novembre","breadcrumb":{"@id":"https:\/\/newsestlyonnais.fr\/site\/2019\/10\/23\/venissieux-les-manifestations-au-11-novembre\/#breadcrumb"},"inLanguage":"fr-FR","potentialAction":[{"@type":"ReadAction","target":["https:\/\/newsestlyonnais.fr\/site\/2019\/10\/23\/venissieux-les-manifestations-au-11-novembre\/"]}]},{"@type":"ImageObject","inLanguage":"fr-FR","@id":"https:\/\/newsestlyonnais.fr\/site\/2019\/10\/23\/venissieux-les-manifestations-au-11-novembre\/#primaryimage","url":"https:\/\/newsestlyonnais.fr\/site\/wp-content\/uploads\/2019\/10\/NEWSESTLYONNAIS-PAN-VX.jpg","contentUrl":"https:\/\/newsestlyonnais.fr\/site\/wp-content\/uploads\/2019\/10\/NEWSESTLYONNAIS-PAN-VX.jpg","width":1200,"height":800},{"@type":"BreadcrumbList","@id":"https:\/\/newsestlyonnais.fr\/site\/2019\/10\/23\/venissieux-les-manifestations-au-11-novembre\/#breadcrumb","itemListElement":[{"@type":"ListItem","position":1,"name":"Accueil","item":"https:\/\/newsestlyonnais.fr\/site\/"},{"@type":"ListItem","position":2,"name":"VENISSIEUX | Les manifestations au 11 novembre"}]},{"@type":"WebSite","@id":"https:\/\/newsestlyonnais.fr\/site\/#website","url":"https:\/\/newsestlyonnais.fr\/site\/","name":"News Est Lyonnais","description":"L&#039;actualit\u00e9 au plus pr\u00e8s","publisher":{"@id":"https:\/\/newsestlyonnais.fr\/site\/#organization"},"potentialAction":[{"@type":"SearchAction","target":{"@type":"EntryPoint","urlTemplate":"https:\/\/newsestlyonnais.fr\/site\/?s={search_term_string}"},"query-input":{"@type":"PropertyValueSpecification","valueRequired":true,"valueName":"search_term_string"}}],"inLanguage":"fr-FR"},{"@type":"Organization","@id":"https:\/\/newsestlyonnais.fr\/site\/#organization","name":"News EST LYONNAIS","url":"https:\/\/newsestlyonnais.fr\/site\/","logo":{"@type":"ImageObject","inLanguage":"fr-FR","@id":"https:\/\/newsestlyonnais.fr\/site\/#\/schema\/logo\/image\/","url":"","contentUrl":"","caption":"News EST LYONNAIS"},"image":{"@id":"https:\/\/newsestlyonnais.fr\/site\/#\/schema\/logo\/image\/"}},{"@type":"Person","@id":"https:\/\/newsestlyonnais.fr\/site\/#\/schema\/person\/3230d5615f390bb808365d673001e887","name":"R\u00e9dac. NEWS","sameAs":["http:\/\/www.newsestlyonnais.fr","https:\/\/www.facebook.com\/pascal.oberson.1?fref=ts","https:\/\/fr.linkedin.com\/in\/pascal-oberson-b17045113"],"url":"https:\/\/newsestlyonnais.fr\/site\/author\/nel\/"}]}},"_links":{"self":[{"href":"https:\/\/newsestlyonnais.fr\/site\/wp-json\/wp\/v2\/posts\/86566","targetHints":{"allow":["GET"]}}],"collection":[{"href":"https:\/\/newsestlyonnais.fr\/site\/wp-json\/wp\/v2\/posts"}],"about":[{"href":"https:\/\/newsestlyonnais.fr\/site\/wp-json\/wp\/v2\/types\/post"}],"author":[{"embeddable":true,"href":"https:\/\/newsestlyonnais.fr\/site\/wp-json\/wp\/v2\/users\/4"}],"replies":[{"embeddable":true,"href":"https:\/\/newsestlyonnais.fr\/site\/wp-json\/wp\/v2\/comments?post=86566"}],"version-history":[{"count":0,"href":"https:\/\/newsestlyonnais.fr\/site\/wp-json\/wp\/v2\/posts\/86566\/revisions"}],"wp:featuredmedia":[{"embeddable":true,"href":"https:\/\/newsestlyonnais.fr\/site\/wp-json\/wp\/v2\/media\/86573"}],"wp:attachment":[{"href":"https:\/\/newsestlyonnais.fr\/site\/wp-json\/wp\/v2\/media?parent=86566"}],"wp:term":[{"taxonomy":"category","embeddable":true,"href":"https:\/\/newsestlyonnais.fr\/site\/wp-json\/wp\/v2\/categories?post=86566"},{"taxonomy":"post_tag","embeddable":true,"href":"https:\/\/newsestlyonnais.fr\/site\/wp-json\/wp\/v2\/tags?post=86566"}],"curies":[{"name":"wp","href":"https:\/\/api.w.org\/{rel}","templated":true}]}}