{"id":86574,"date":"2019-10-22T16:16:57","date_gmt":"2019-10-22T15:16:57","guid":{"rendered":"http:\/\/newsestlyonnais.fr\/site\/?p=86574"},"modified":"2019-10-25T13:46:38","modified_gmt":"2019-10-25T12:46:38","slug":"transports-suite-incendie-reprise-progressive-du-trafic","status":"publish","type":"post","link":"https:\/\/newsestlyonnais.fr\/site\/2019\/10\/22\/transports-suite-incendie-reprise-progressive-du-trafic\/","title":{"rendered":"TRANSPORTS | Suite incendie, reprise progressive du trafic"},"content":{"rendered":"<p>Ce mardi soir, un incendie s\u2019est d\u00e9clar\u00e9 \u00e0 20 h 15, dans un multitubulaire (tuyaux regroupant les multiples c\u00e2bles \u00e9lectriques permettant le fonctionnement du tramway) \u00e0 Meyzieu, engendrant d\u2019importants d\u00e9g\u00e2ts sur les c\u00e2bles \u00e9lectriques.<\/p>\n<p>Apr\u00e8s de nombreuses v\u00e9rifications, essais et marches \u00e0 blanc effectu\u00e9s au cours de l\u2019apr\u00e8s-midi, <strong>le trafic de la ligne T3 reprend progressivement \u00e0 partir de 16 h 45. <\/strong><\/p>\n<p><strong>La ligne T4 a repris progressivement sur l\u2019int\u00e9gralit\u00e9 de son parcours peu avant 16 h 30.<\/strong><\/p>\n<p>Par mesure de s\u00e9curit\u00e9, <strong>la ligne T3 circule \u00e0 vitesse r\u00e9duite<\/strong> dans le secteur Meyzieu jusqu\u2019\u00e0 fin de service c\u2019est pourquoi des retards sont \u00e0 pr\u00e9voir. Des travaux seront entrepris dans la nuit pour une <strong>reprise en circulation normale demain matin, jeudi 24 octobre.<\/strong><\/p>\n<p>Les \u00e9quipes de maintenance et d\u2019exploitation TCL se sont mobilis\u00e9es depuis ce mardi 22 octobre 20 h 15, <strong>pour faire<\/strong> <strong>face \u00e0 un cas de figure exceptionnel.<\/strong><\/p>\n<p><strong>NOTA<\/strong> : Chaque jour, plus de 52.000 voyages sont comptabilis\u00e9s sur la seule ligne de tramway T3.<\/p>\n","protected":false},"excerpt":{"rendered":"<p>Ce mardi soir, un incendie s\u2019est d\u00e9clar\u00e9 \u00e0 20 h 15, dans un multitubulaire (tuyaux regroupant les multiples c\u00e2bles \u00e9lectriques permettant le fonctionnement du tramway) \u00e0 Meyzieu, engendrant d\u2019importants d\u00e9g\u00e2ts sur les c\u00e2bles \u00e9lectriques. Apr\u00e8s de nombreuses v\u00e9rifications, essais et marches \u00e0 blanc effectu\u00e9s au cours de l\u2019apr\u00e8s-midi, le trafic de la ligne T3 reprend [&hellip;]<\/p>\n","protected":false},"author":4,"featured_media":85628,"comment_status":"open","ping_status":"open","sticky":false,"template":"","format":"standard","meta":{"footnotes":""},"categories":[2217,1625,24,13,28,29],"tags":[],"class_list":["post-86574","post","type-post","status-publish","format-standard","has-post-thumbnail","hentry","category-breves-de-lest-lyonnais","category-lyon","category-meyzieu","category-transports-circulation","category-vaulx-en-velin","category-villeurbanne"],"yoast_head":"<!-- This site is optimized with the Yoast SEO plugin v27.2 - https:\/\/yoast.com\/product\/yoast-seo-wordpress\/ -->\n<title>TRANSPORTS | Suite incendie, reprise progressive du trafic - News Est Lyonnais<\/title>\n<meta name=\"description\" content=\"TRANSPORTS | Suite incendie, reprise progressive du trafic\" \/>\n<meta name=\"robots\" content=\"index, follow, max-snippet:-1, max-image-preview:large, max-video-preview:-1\" \/>\n<link rel=\"canonical\" href=\"https:\/\/newsestlyonnais.fr\/site\/2019\/10\/22\/transports-suite-incendie-reprise-progressive-du-trafic\/\" \/>\n<meta property=\"og:locale\" content=\"fr_FR\" \/>\n<meta property=\"og:type\" content=\"article\" \/>\n<meta property=\"og:title\" content=\"TRANSPORTS | Suite incendie, reprise progressive du trafic - News Est Lyonnais\" \/>\n<meta property=\"og:description\" content=\"TRANSPORTS | Suite incendie, reprise progressive du trafic\" \/>\n<meta property=\"og:url\" content=\"https:\/\/newsestlyonnais.fr\/site\/2019\/10\/22\/transports-suite-incendie-reprise-progressive-du-trafic\/\" \/>\n<meta property=\"og:site_name\" content=\"News Est Lyonnais\" \/>\n<meta property=\"article:author\" content=\"https:\/\/www.facebook.com\/pascal.oberson.1?fref=ts\" \/>\n<meta property=\"article:published_time\" content=\"2019-10-22T15:16:57+00:00\" \/>\n<meta property=\"article:modified_time\" content=\"2019-10-25T12:46:38+00:00\" \/>\n<meta property=\"og:image\" content=\"https:\/\/i0.wp.com\/newsestlyonnais.fr\/site\/wp-content\/uploads\/2019\/10\/NEWSESTLYONNAIS-TRAM-T2.jpg?fit=1200%2C800&ssl=1\" \/>\n\t<meta property=\"og:image:width\" content=\"1200\" \/>\n\t<meta property=\"og:image:height\" content=\"800\" \/>\n\t<meta property=\"og:image:type\" content=\"image\/jpeg\" \/>\n<meta name=\"author\" content=\"R\u00e9dac. NEWS\" \/>\n<meta name=\"twitter:card\" content=\"summary_large_image\" \/>\n<meta name=\"twitter:label1\" content=\"\u00c9crit par\" \/>\n\t<meta name=\"twitter:data1\" content=\"R\u00e9dac. NEWS\" \/>\n\t<meta name=\"twitter:label2\" content=\"Dur\u00e9e de lecture estim\u00e9e\" \/>\n\t<meta name=\"twitter:data2\" content=\"1 minute\" \/>\n<script type=\"application\/ld+json\" class=\"yoast-schema-graph\">{\"@context\":\"https:\/\/schema.org\",\"@graph\":[{\"@type\":\"Article\",\"@id\":\"https:\/\/newsestlyonnais.fr\/site\/2019\/10\/22\/transports-suite-incendie-reprise-progressive-du-trafic\/#article\",\"isPartOf\":{\"@id\":\"https:\/\/newsestlyonnais.fr\/site\/2019\/10\/22\/transports-suite-incendie-reprise-progressive-du-trafic\/\"},\"author\":{\"name\":\"R\u00e9dac. NEWS\",\"@id\":\"https:\/\/newsestlyonnais.fr\/site\/#\/schema\/person\/3230d5615f390bb808365d673001e887\"},\"headline\":\"TRANSPORTS | Suite incendie, reprise progressive du trafic\",\"datePublished\":\"2019-10-22T15:16:57+00:00\",\"dateModified\":\"2019-10-25T12:46:38+00:00\",\"mainEntityOfPage\":{\"@id\":\"https:\/\/newsestlyonnais.fr\/site\/2019\/10\/22\/transports-suite-incendie-reprise-progressive-du-trafic\/\"},\"wordCount\":175,\"commentCount\":0,\"publisher\":{\"@id\":\"https:\/\/newsestlyonnais.fr\/site\/#organization\"},\"image\":{\"@id\":\"https:\/\/newsestlyonnais.fr\/site\/2019\/10\/22\/transports-suite-incendie-reprise-progressive-du-trafic\/#primaryimage\"},\"thumbnailUrl\":\"https:\/\/newsestlyonnais.fr\/site\/wp-content\/uploads\/2019\/10\/NEWSESTLYONNAIS-TRAM-T2.jpg\",\"articleSection\":[\"Br\u00e8ves de l'Est lyonnais\",\"Lyon\",\"Meyzieu\",\"Transports | Circulation\",\"Vaulx-en-Velin\",\"Villeurbanne\"],\"inLanguage\":\"fr-FR\",\"potentialAction\":[{\"@type\":\"CommentAction\",\"name\":\"Comment\",\"target\":[\"https:\/\/newsestlyonnais.fr\/site\/2019\/10\/22\/transports-suite-incendie-reprise-progressive-du-trafic\/#respond\"]}]},{\"@type\":\"WebPage\",\"@id\":\"https:\/\/newsestlyonnais.fr\/site\/2019\/10\/22\/transports-suite-incendie-reprise-progressive-du-trafic\/\",\"url\":\"https:\/\/newsestlyonnais.fr\/site\/2019\/10\/22\/transports-suite-incendie-reprise-progressive-du-trafic\/\",\"name\":\"TRANSPORTS | Suite incendie, reprise progressive du trafic - News Est Lyonnais\",\"isPartOf\":{\"@id\":\"https:\/\/newsestlyonnais.fr\/site\/#website\"},\"primaryImageOfPage\":{\"@id\":\"https:\/\/newsestlyonnais.fr\/site\/2019\/10\/22\/transports-suite-incendie-reprise-progressive-du-trafic\/#primaryimage\"},\"image\":{\"@id\":\"https:\/\/newsestlyonnais.fr\/site\/2019\/10\/22\/transports-suite-incendie-reprise-progressive-du-trafic\/#primaryimage\"},\"thumbnailUrl\":\"https:\/\/newsestlyonnais.fr\/site\/wp-content\/uploads\/2019\/10\/NEWSESTLYONNAIS-TRAM-T2.jpg\",\"datePublished\":\"2019-10-22T15:16:57+00:00\",\"dateModified\":\"2019-10-25T12:46:38+00:00\",\"description\":\"TRANSPORTS | Suite incendie, reprise progressive du trafic\",\"breadcrumb\":{\"@id\":\"https:\/\/newsestlyonnais.fr\/site\/2019\/10\/22\/transports-suite-incendie-reprise-progressive-du-trafic\/#breadcrumb\"},\"inLanguage\":\"fr-FR\",\"potentialAction\":[{\"@type\":\"ReadAction\",\"target\":[\"https:\/\/newsestlyonnais.fr\/site\/2019\/10\/22\/transports-suite-incendie-reprise-progressive-du-trafic\/\"]}]},{\"@type\":\"ImageObject\",\"inLanguage\":\"fr-FR\",\"@id\":\"https:\/\/newsestlyonnais.fr\/site\/2019\/10\/22\/transports-suite-incendie-reprise-progressive-du-trafic\/#primaryimage\",\"url\":\"https:\/\/newsestlyonnais.fr\/site\/wp-content\/uploads\/2019\/10\/NEWSESTLYONNAIS-TRAM-T2.jpg\",\"contentUrl\":\"https:\/\/newsestlyonnais.fr\/site\/wp-content\/uploads\/2019\/10\/NEWSESTLYONNAIS-TRAM-T2.jpg\",\"width\":1200,\"height\":800},{\"@type\":\"BreadcrumbList\",\"@id\":\"https:\/\/newsestlyonnais.fr\/site\/2019\/10\/22\/transports-suite-incendie-reprise-progressive-du-trafic\/#breadcrumb\",\"itemListElement\":[{\"@type\":\"ListItem\",\"position\":1,\"name\":\"Accueil\",\"item\":\"https:\/\/newsestlyonnais.fr\/site\/\"},{\"@type\":\"ListItem\",\"position\":2,\"name\":\"TRANSPORTS | Suite incendie, reprise progressive du trafic\"}]},{\"@type\":\"WebSite\",\"@id\":\"https:\/\/newsestlyonnais.fr\/site\/#website\",\"url\":\"https:\/\/newsestlyonnais.fr\/site\/\",\"name\":\"News Est Lyonnais\",\"description\":\"L&#039;actualit\u00e9 au plus pr\u00e8s\",\"publisher\":{\"@id\":\"https:\/\/newsestlyonnais.fr\/site\/#organization\"},\"potentialAction\":[{\"@type\":\"SearchAction\",\"target\":{\"@type\":\"EntryPoint\",\"urlTemplate\":\"https:\/\/newsestlyonnais.fr\/site\/?s={search_term_string}\"},\"query-input\":{\"@type\":\"PropertyValueSpecification\",\"valueRequired\":true,\"valueName\":\"search_term_string\"}}],\"inLanguage\":\"fr-FR\"},{\"@type\":\"Organization\",\"@id\":\"https:\/\/newsestlyonnais.fr\/site\/#organization\",\"name\":\"News EST LYONNAIS\",\"url\":\"https:\/\/newsestlyonnais.fr\/site\/\",\"logo\":{\"@type\":\"ImageObject\",\"inLanguage\":\"fr-FR\",\"@id\":\"https:\/\/newsestlyonnais.fr\/site\/#\/schema\/logo\/image\/\",\"url\":\"\",\"contentUrl\":\"\",\"caption\":\"News EST LYONNAIS\"},\"image\":{\"@id\":\"https:\/\/newsestlyonnais.fr\/site\/#\/schema\/logo\/image\/\"}},{\"@type\":\"Person\",\"@id\":\"https:\/\/newsestlyonnais.fr\/site\/#\/schema\/person\/3230d5615f390bb808365d673001e887\",\"name\":\"R\u00e9dac. NEWS\",\"sameAs\":[\"http:\/\/www.newsestlyonnais.fr\",\"https:\/\/www.facebook.com\/pascal.oberson.1?fref=ts\",\"https:\/\/fr.linkedin.com\/in\/pascal-oberson-b17045113\"],\"url\":\"https:\/\/newsestlyonnais.fr\/site\/author\/nel\/\"}]}<\/script>\n<!-- \/ Yoast SEO plugin. -->","yoast_head_json":{"title":"TRANSPORTS | Suite incendie, reprise progressive du trafic - News Est Lyonnais","description":"TRANSPORTS | Suite incendie, reprise progressive du trafic","robots":{"index":"index","follow":"follow","max-snippet":"max-snippet:-1","max-image-preview":"max-image-preview:large","max-video-preview":"max-video-preview:-1"},"canonical":"https:\/\/newsestlyonnais.fr\/site\/2019\/10\/22\/transports-suite-incendie-reprise-progressive-du-trafic\/","og_locale":"fr_FR","og_type":"article","og_title":"TRANSPORTS | Suite incendie, reprise progressive du trafic - News Est Lyonnais","og_description":"TRANSPORTS | Suite incendie, reprise progressive du trafic","og_url":"https:\/\/newsestlyonnais.fr\/site\/2019\/10\/22\/transports-suite-incendie-reprise-progressive-du-trafic\/","og_site_name":"News Est Lyonnais","article_author":"https:\/\/www.facebook.com\/pascal.oberson.1?fref=ts","article_published_time":"2019-10-22T15:16:57+00:00","article_modified_time":"2019-10-25T12:46:38+00:00","og_image":[{"width":1200,"height":800,"url":"https:\/\/i0.wp.com\/newsestlyonnais.fr\/site\/wp-content\/uploads\/2019\/10\/NEWSESTLYONNAIS-TRAM-T2.jpg?fit=1200%2C800&ssl=1","type":"image\/jpeg"}],"author":"R\u00e9dac. NEWS","twitter_card":"summary_large_image","twitter_misc":{"\u00c9crit par":"R\u00e9dac. NEWS","Dur\u00e9e de lecture estim\u00e9e":"1 minute"},"schema":{"@context":"https:\/\/schema.org","@graph":[{"@type":"Article","@id":"https:\/\/newsestlyonnais.fr\/site\/2019\/10\/22\/transports-suite-incendie-reprise-progressive-du-trafic\/#article","isPartOf":{"@id":"https:\/\/newsestlyonnais.fr\/site\/2019\/10\/22\/transports-suite-incendie-reprise-progressive-du-trafic\/"},"author":{"name":"R\u00e9dac. NEWS","@id":"https:\/\/newsestlyonnais.fr\/site\/#\/schema\/person\/3230d5615f390bb808365d673001e887"},"headline":"TRANSPORTS | Suite incendie, reprise progressive du trafic","datePublished":"2019-10-22T15:16:57+00:00","dateModified":"2019-10-25T12:46:38+00:00","mainEntityOfPage":{"@id":"https:\/\/newsestlyonnais.fr\/site\/2019\/10\/22\/transports-suite-incendie-reprise-progressive-du-trafic\/"},"wordCount":175,"commentCount":0,"publisher":{"@id":"https:\/\/newsestlyonnais.fr\/site\/#organization"},"image":{"@id":"https:\/\/newsestlyonnais.fr\/site\/2019\/10\/22\/transports-suite-incendie-reprise-progressive-du-trafic\/#primaryimage"},"thumbnailUrl":"https:\/\/newsestlyonnais.fr\/site\/wp-content\/uploads\/2019\/10\/NEWSESTLYONNAIS-TRAM-T2.jpg","articleSection":["Br\u00e8ves de l'Est lyonnais","Lyon","Meyzieu","Transports | Circulation","Vaulx-en-Velin","Villeurbanne"],"inLanguage":"fr-FR","potentialAction":[{"@type":"CommentAction","name":"Comment","target":["https:\/\/newsestlyonnais.fr\/site\/2019\/10\/22\/transports-suite-incendie-reprise-progressive-du-trafic\/#respond"]}]},{"@type":"WebPage","@id":"https:\/\/newsestlyonnais.fr\/site\/2019\/10\/22\/transports-suite-incendie-reprise-progressive-du-trafic\/","url":"https:\/\/newsestlyonnais.fr\/site\/2019\/10\/22\/transports-suite-incendie-reprise-progressive-du-trafic\/","name":"TRANSPORTS | Suite incendie, reprise progressive du trafic - News Est Lyonnais","isPartOf":{"@id":"https:\/\/newsestlyonnais.fr\/site\/#website"},"primaryImageOfPage":{"@id":"https:\/\/newsestlyonnais.fr\/site\/2019\/10\/22\/transports-suite-incendie-reprise-progressive-du-trafic\/#primaryimage"},"image":{"@id":"https:\/\/newsestlyonnais.fr\/site\/2019\/10\/22\/transports-suite-incendie-reprise-progressive-du-trafic\/#primaryimage"},"thumbnailUrl":"https:\/\/newsestlyonnais.fr\/site\/wp-content\/uploads\/2019\/10\/NEWSESTLYONNAIS-TRAM-T2.jpg","datePublished":"2019-10-22T15:16:57+00:00","dateModified":"2019-10-25T12:46:38+00:00","description":"TRANSPORTS | Suite incendie, reprise progressive du trafic","breadcrumb":{"@id":"https:\/\/newsestlyonnais.fr\/site\/2019\/10\/22\/transports-suite-incendie-reprise-progressive-du-trafic\/#breadcrumb"},"inLanguage":"fr-FR","potentialAction":[{"@type":"ReadAction","target":["https:\/\/newsestlyonnais.fr\/site\/2019\/10\/22\/transports-suite-incendie-reprise-progressive-du-trafic\/"]}]},{"@type":"ImageObject","inLanguage":"fr-FR","@id":"https:\/\/newsestlyonnais.fr\/site\/2019\/10\/22\/transports-suite-incendie-reprise-progressive-du-trafic\/#primaryimage","url":"https:\/\/newsestlyonnais.fr\/site\/wp-content\/uploads\/2019\/10\/NEWSESTLYONNAIS-TRAM-T2.jpg","contentUrl":"https:\/\/newsestlyonnais.fr\/site\/wp-content\/uploads\/2019\/10\/NEWSESTLYONNAIS-TRAM-T2.jpg","width":1200,"height":800},{"@type":"BreadcrumbList","@id":"https:\/\/newsestlyonnais.fr\/site\/2019\/10\/22\/transports-suite-incendie-reprise-progressive-du-trafic\/#breadcrumb","itemListElement":[{"@type":"ListItem","position":1,"name":"Accueil","item":"https:\/\/newsestlyonnais.fr\/site\/"},{"@type":"ListItem","position":2,"name":"TRANSPORTS | Suite incendie, reprise progressive du trafic"}]},{"@type":"WebSite","@id":"https:\/\/newsestlyonnais.fr\/site\/#website","url":"https:\/\/newsestlyonnais.fr\/site\/","name":"News Est Lyonnais","description":"L&#039;actualit\u00e9 au plus pr\u00e8s","publisher":{"@id":"https:\/\/newsestlyonnais.fr\/site\/#organization"},"potentialAction":[{"@type":"SearchAction","target":{"@type":"EntryPoint","urlTemplate":"https:\/\/newsestlyonnais.fr\/site\/?s={search_term_string}"},"query-input":{"@type":"PropertyValueSpecification","valueRequired":true,"valueName":"search_term_string"}}],"inLanguage":"fr-FR"},{"@type":"Organization","@id":"https:\/\/newsestlyonnais.fr\/site\/#organization","name":"News EST LYONNAIS","url":"https:\/\/newsestlyonnais.fr\/site\/","logo":{"@type":"ImageObject","inLanguage":"fr-FR","@id":"https:\/\/newsestlyonnais.fr\/site\/#\/schema\/logo\/image\/","url":"","contentUrl":"","caption":"News EST LYONNAIS"},"image":{"@id":"https:\/\/newsestlyonnais.fr\/site\/#\/schema\/logo\/image\/"}},{"@type":"Person","@id":"https:\/\/newsestlyonnais.fr\/site\/#\/schema\/person\/3230d5615f390bb808365d673001e887","name":"R\u00e9dac. NEWS","sameAs":["http:\/\/www.newsestlyonnais.fr","https:\/\/www.facebook.com\/pascal.oberson.1?fref=ts","https:\/\/fr.linkedin.com\/in\/pascal-oberson-b17045113"],"url":"https:\/\/newsestlyonnais.fr\/site\/author\/nel\/"}]}},"_links":{"self":[{"href":"https:\/\/newsestlyonnais.fr\/site\/wp-json\/wp\/v2\/posts\/86574","targetHints":{"allow":["GET"]}}],"collection":[{"href":"https:\/\/newsestlyonnais.fr\/site\/wp-json\/wp\/v2\/posts"}],"about":[{"href":"https:\/\/newsestlyonnais.fr\/site\/wp-json\/wp\/v2\/types\/post"}],"author":[{"embeddable":true,"href":"https:\/\/newsestlyonnais.fr\/site\/wp-json\/wp\/v2\/users\/4"}],"replies":[{"embeddable":true,"href":"https:\/\/newsestlyonnais.fr\/site\/wp-json\/wp\/v2\/comments?post=86574"}],"version-history":[{"count":0,"href":"https:\/\/newsestlyonnais.fr\/site\/wp-json\/wp\/v2\/posts\/86574\/revisions"}],"wp:featuredmedia":[{"embeddable":true,"href":"https:\/\/newsestlyonnais.fr\/site\/wp-json\/wp\/v2\/media\/85628"}],"wp:attachment":[{"href":"https:\/\/newsestlyonnais.fr\/site\/wp-json\/wp\/v2\/media?parent=86574"}],"wp:term":[{"taxonomy":"category","embeddable":true,"href":"https:\/\/newsestlyonnais.fr\/site\/wp-json\/wp\/v2\/categories?post=86574"},{"taxonomy":"post_tag","embeddable":true,"href":"https:\/\/newsestlyonnais.fr\/site\/wp-json\/wp\/v2\/tags?post=86574"}],"curies":[{"name":"wp","href":"https:\/\/api.w.org\/{rel}","templated":true}]}}