{"id":86581,"date":"2019-10-23T13:37:26","date_gmt":"2019-10-23T12:37:26","guid":{"rendered":"http:\/\/newsestlyonnais.fr\/site\/?p=86581"},"modified":"2020-11-19T09:02:20","modified_gmt":"2020-11-19T08:02:20","slug":"lyon-8-lasul-tt-accueille-un-candidat-a-la-presidence-de-la-fede","status":"publish","type":"post","link":"https:\/\/newsestlyonnais.fr\/site\/2019\/10\/23\/lyon-8-lasul-tt-accueille-un-candidat-a-la-presidence-de-la-fede\/","title":{"rendered":"LYON 8 | L&rsquo;ASUL TT accueille un candidat \u00e0 la pr\u00e9sidence de la F\u00e9d\u00e9"},"content":{"rendered":"<div class=\"moz-forward-container\">\n<p>L&rsquo;olympiade 2016-2020 touche bient\u00f4t \u00e0 sa fin, 2020-2024 approche \u00e0 grand pas et les instances sportives doivent renouveler leur gouvernance.<\/p>\n<p>\u00a0\u00bb Dans ce contexte, je viens vous pr\u00e9senter ce jour la candidature de Gilles ERB \u00e0 la pr\u00e9sidence de la F\u00e9d\u00e9ration Fran\u00e7aise de Tennis de Table. J&rsquo;ai l&rsquo;honneur de recevoir dans mon club l&rsquo;\u00e9tape lyonnaise de son tour de France des r\u00e9gions. La d\u00e9marche de Gilles est singuli\u00e8re, rassembleuse et chaleureuse. C&rsquo;est pour cela que j&rsquo;ai le plaisir de vous convier \u00e0 ce temps d&rsquo;\u00e9change entre le candidat et les clubs et Comit\u00e9s D\u00e9partementaux de la ligue Auvergne-Rh\u00f4ne-Alpes de tennis de table \u00a0\u00bb <strong>confie Sylvain Ferri\u00e8re, pr\u00e9sident ASUL Tennis de Table.<\/strong><\/p>\n<p><strong>Gilles ERB se pr\u00e9sente<\/strong> : \u00a0\u00bb Je suis n\u00e9 \u00e0 Strasbourg. J\u2019ai 51 ans, mari\u00e9 et papa d\u2019une fille de 22 ans.<br \/>\nMon parcours de joueur est \u00e0 l\u2019origine de la naissance d\u2019une passion.<br \/>\nJe suis un enfant du tennis de table dans le sens o\u00f9 j\u2019ai toujours jou\u00e9 au tennis de table aussi loin que je me<br \/>\nsouvienne. Au cours de ma jeunesse, les stages de ligue occupaient toutes mes vacances. Class\u00e9 25, j\u2019ai modestement<br \/>\napport\u00e9 ma contribution \u00e0 l\u2019Apig, \u00e0 l\u2019AU Schiltigheim puis en nationale 3 au club de Brumath (1983 \u00e0 1990), \u00e0 l\u2019ASPTT,avant de porter les couleurs de l\u2019AS Mantaise en nationale 1 (1991 \u00e0 1994).<br \/>\nMon parcours d\u2019entra\u00eeneur a contribu\u00e9 \u00e0 l\u2019affirmation d\u2019une comp\u00e9tence. J\u2019ai rapidement pris go\u00fbt \u00e0 l\u2019encadrement. J\u2019ai fait mes classes au sein de l\u2019\u00e9quipe technique r\u00e9gionale qui m\u2019a fait confiance pour manager les \u00e9quipes d\u2019Alsace aux championnats de France des r\u00e9gions. Apr\u00e8s avoir v\u00e9cu 2 ans en r\u00e9gion parisienne et obtenu le BEES 2\u00e8me degr\u00e9, j\u2019ai cr\u00e9\u00e9 en 1994 une section sportive \u00e0 Haguenau qui sera rapidement labellis\u00e9e p\u00f4le espoir Alsace en r\u00e9f\u00e9rence \u00e0 la route du haut niveau. J\u2019ai d\u00e9velopp\u00e9 ce centre d\u2019entra\u00eenement en \u00e9toffant le staff, en accroissant le budget, en dynamisant l\u2019entra\u00eenement par des stages en France et \u00e0 l\u2019\u00e9tranger (Allemagne, Su\u00e8de, Chine). Les r\u00e9sultats ont \u00e9t\u00e9 au rendez-vous avec de nombreuses m\u00e9dailles nationales et internationales jeunes.<br \/>\nMes exp\u00e9riences associatives sont un engagement sur la dur\u00e9e .<br \/>\nJe me suis d\u2019abord impliqu\u00e9 en tant que b\u00e9n\u00e9vole au sein du comit\u00e9 d\u00e9partemental du Bas-Rhin pour lequel j\u2019ai \u00e9t\u00e9<br \/>\n\u00e9lu vice-pr\u00e9sident. J\u2019ai ensuite \u00e9t\u00e9 \u00e9lu au comit\u00e9 directeur de la ligue d\u2019Alsace en 1996 en tant que pr\u00e9sident de la<br \/>\ncommission technique r\u00e9gionale. Cet engagement m\u2019a conduit \u00e0 la vice-pr\u00e9sidence de la ligue d\u2019Alsace jusqu\u2019en 2012 \u00ab\u00a0.<\/p>\n<p><em><strong>Plus d&rsquo;infos sur : <a class=\"moz-txt-link-freetext\" href=\"https:\/\/gilleserb-tt.fr\" target=\"_blank\" rel=\"noopener noreferrer\">https:\/\/gilleserb-tt.fr<\/a><\/strong><\/em><\/p>\n<ul>\n<li><strong>Vendredi 25 octobre 2019 \u00e0 19 h 30 \/ Gymnase de l&rsquo;Espace 101 \/ 16 rue commandant P\u00e9gout \u00e0 Lyon 8.<\/strong><\/li>\n<\/ul>\n<p>&nbsp;<\/p>\n<\/div>\n","protected":false},"excerpt":{"rendered":"<p>Le club pr\u00e9sid\u00e9 par Sylvain Ferri\u00e8re recevra ce soir Gilles ERB pour l&rsquo;\u00e9tape lyonnaise de son tour de France des r\u00e9gions.<\/p>\n","protected":false},"author":4,"featured_media":86803,"comment_status":"open","ping_status":"open","sticky":false,"template":"","format":"standard","meta":{"footnotes":""},"categories":[3016,1625,2992,2991],"tags":[3114,3115],"class_list":["post-86581","post","type-post","status-publish","format-standard","has-post-thumbnail","hentry","category-institutions-trophees-jo","category-lyon","category-tennis-padel","category-tennis-tennis-table-sports","tag-asul-lyon-tt","tag-gilles-erb"],"yoast_head":"<!-- This site is optimized with the Yoast SEO plugin v27.2 - https:\/\/yoast.com\/product\/yoast-seo-wordpress\/ -->\n<title>LYON 8 | L&#039;ASUL TT accueille un candidat \u00e0 la pr\u00e9sidence de la F\u00e9d\u00e9 - News Est Lyonnais<\/title>\n<meta name=\"description\" content=\"LYON 8 | L&#039;ASUL TT accueille un candidat \u00e0 la pr\u00e9sidence de la F\u00e9d\u00e9\" \/>\n<meta name=\"robots\" content=\"index, follow, max-snippet:-1, max-image-preview:large, max-video-preview:-1\" \/>\n<link rel=\"canonical\" href=\"https:\/\/newsestlyonnais.fr\/site\/2019\/10\/23\/lyon-8-lasul-tt-accueille-un-candidat-a-la-presidence-de-la-fede\/\" \/>\n<meta property=\"og:locale\" content=\"fr_FR\" \/>\n<meta property=\"og:type\" content=\"article\" \/>\n<meta property=\"og:title\" content=\"LYON 8 | L&#039;ASUL TT accueille un candidat \u00e0 la pr\u00e9sidence de la F\u00e9d\u00e9 - News Est Lyonnais\" \/>\n<meta property=\"og:description\" content=\"LYON 8 | L&#039;ASUL TT accueille un candidat \u00e0 la pr\u00e9sidence de la F\u00e9d\u00e9\" \/>\n<meta property=\"og:url\" content=\"https:\/\/newsestlyonnais.fr\/site\/2019\/10\/23\/lyon-8-lasul-tt-accueille-un-candidat-a-la-presidence-de-la-fede\/\" \/>\n<meta property=\"og:site_name\" content=\"News Est Lyonnais\" \/>\n<meta property=\"article:author\" content=\"https:\/\/www.facebook.com\/pascal.oberson.1?fref=ts\" \/>\n<meta property=\"article:published_time\" content=\"2019-10-23T12:37:26+00:00\" \/>\n<meta property=\"article:modified_time\" content=\"2020-11-19T08:02:20+00:00\" \/>\n<meta property=\"og:image\" content=\"https:\/\/i2.wp.com\/newsestlyonnais.fr\/site\/wp-content\/uploads\/2019\/10\/NEWSESTLYONNAIS-ASUL-TT-ERB.jpg?fit=480%2C360&ssl=1\" \/>\n\t<meta property=\"og:image:width\" content=\"480\" \/>\n\t<meta property=\"og:image:height\" content=\"360\" \/>\n\t<meta property=\"og:image:type\" content=\"image\/jpeg\" \/>\n<meta name=\"author\" content=\"R\u00e9dac. NEWS\" \/>\n<meta name=\"twitter:card\" content=\"summary_large_image\" \/>\n<meta name=\"twitter:label1\" content=\"\u00c9crit par\" \/>\n\t<meta name=\"twitter:data1\" content=\"R\u00e9dac. NEWS\" \/>\n\t<meta name=\"twitter:label2\" content=\"Dur\u00e9e de lecture estim\u00e9e\" \/>\n\t<meta name=\"twitter:data2\" content=\"2 minutes\" \/>\n<script type=\"application\/ld+json\" class=\"yoast-schema-graph\">{\"@context\":\"https:\/\/schema.org\",\"@graph\":[{\"@type\":\"Article\",\"@id\":\"https:\/\/newsestlyonnais.fr\/site\/2019\/10\/23\/lyon-8-lasul-tt-accueille-un-candidat-a-la-presidence-de-la-fede\/#article\",\"isPartOf\":{\"@id\":\"https:\/\/newsestlyonnais.fr\/site\/2019\/10\/23\/lyon-8-lasul-tt-accueille-un-candidat-a-la-presidence-de-la-fede\/\"},\"author\":{\"name\":\"R\u00e9dac. NEWS\",\"@id\":\"https:\/\/newsestlyonnais.fr\/site\/#\/schema\/person\/3230d5615f390bb808365d673001e887\"},\"headline\":\"LYON 8 | L&rsquo;ASUL TT accueille un candidat \u00e0 la pr\u00e9sidence de la F\u00e9d\u00e9\",\"datePublished\":\"2019-10-23T12:37:26+00:00\",\"dateModified\":\"2020-11-19T08:02:20+00:00\",\"mainEntityOfPage\":{\"@id\":\"https:\/\/newsestlyonnais.fr\/site\/2019\/10\/23\/lyon-8-lasul-tt-accueille-un-candidat-a-la-presidence-de-la-fede\/\"},\"wordCount\":487,\"commentCount\":0,\"publisher\":{\"@id\":\"https:\/\/newsestlyonnais.fr\/site\/#organization\"},\"image\":{\"@id\":\"https:\/\/newsestlyonnais.fr\/site\/2019\/10\/23\/lyon-8-lasul-tt-accueille-un-candidat-a-la-presidence-de-la-fede\/#primaryimage\"},\"thumbnailUrl\":\"https:\/\/newsestlyonnais.fr\/site\/wp-content\/uploads\/2019\/10\/NEWSESTLYONNAIS-ASUL-TT-ERB.jpg\",\"keywords\":[\"ASUL LYON TT\",\"Gilles ERB\"],\"articleSection\":[\"Institutions | Troph\u00e9es | J.O.\",\"Lyon\",\"Tennis | Padel\",\"Tennis | Tennis de table\"],\"inLanguage\":\"fr-FR\",\"potentialAction\":[{\"@type\":\"CommentAction\",\"name\":\"Comment\",\"target\":[\"https:\/\/newsestlyonnais.fr\/site\/2019\/10\/23\/lyon-8-lasul-tt-accueille-un-candidat-a-la-presidence-de-la-fede\/#respond\"]}]},{\"@type\":\"WebPage\",\"@id\":\"https:\/\/newsestlyonnais.fr\/site\/2019\/10\/23\/lyon-8-lasul-tt-accueille-un-candidat-a-la-presidence-de-la-fede\/\",\"url\":\"https:\/\/newsestlyonnais.fr\/site\/2019\/10\/23\/lyon-8-lasul-tt-accueille-un-candidat-a-la-presidence-de-la-fede\/\",\"name\":\"LYON 8 | L'ASUL TT accueille un candidat \u00e0 la pr\u00e9sidence de la F\u00e9d\u00e9 - News Est Lyonnais\",\"isPartOf\":{\"@id\":\"https:\/\/newsestlyonnais.fr\/site\/#website\"},\"primaryImageOfPage\":{\"@id\":\"https:\/\/newsestlyonnais.fr\/site\/2019\/10\/23\/lyon-8-lasul-tt-accueille-un-candidat-a-la-presidence-de-la-fede\/#primaryimage\"},\"image\":{\"@id\":\"https:\/\/newsestlyonnais.fr\/site\/2019\/10\/23\/lyon-8-lasul-tt-accueille-un-candidat-a-la-presidence-de-la-fede\/#primaryimage\"},\"thumbnailUrl\":\"https:\/\/newsestlyonnais.fr\/site\/wp-content\/uploads\/2019\/10\/NEWSESTLYONNAIS-ASUL-TT-ERB.jpg\",\"datePublished\":\"2019-10-23T12:37:26+00:00\",\"dateModified\":\"2020-11-19T08:02:20+00:00\",\"description\":\"LYON 8 | L'ASUL TT accueille un candidat \u00e0 la pr\u00e9sidence de la F\u00e9d\u00e9\",\"breadcrumb\":{\"@id\":\"https:\/\/newsestlyonnais.fr\/site\/2019\/10\/23\/lyon-8-lasul-tt-accueille-un-candidat-a-la-presidence-de-la-fede\/#breadcrumb\"},\"inLanguage\":\"fr-FR\",\"potentialAction\":[{\"@type\":\"ReadAction\",\"target\":[\"https:\/\/newsestlyonnais.fr\/site\/2019\/10\/23\/lyon-8-lasul-tt-accueille-un-candidat-a-la-presidence-de-la-fede\/\"]}]},{\"@type\":\"ImageObject\",\"inLanguage\":\"fr-FR\",\"@id\":\"https:\/\/newsestlyonnais.fr\/site\/2019\/10\/23\/lyon-8-lasul-tt-accueille-un-candidat-a-la-presidence-de-la-fede\/#primaryimage\",\"url\":\"https:\/\/newsestlyonnais.fr\/site\/wp-content\/uploads\/2019\/10\/NEWSESTLYONNAIS-ASUL-TT-ERB.jpg\",\"contentUrl\":\"https:\/\/newsestlyonnais.fr\/site\/wp-content\/uploads\/2019\/10\/NEWSESTLYONNAIS-ASUL-TT-ERB.jpg\",\"width\":480,\"height\":360},{\"@type\":\"BreadcrumbList\",\"@id\":\"https:\/\/newsestlyonnais.fr\/site\/2019\/10\/23\/lyon-8-lasul-tt-accueille-un-candidat-a-la-presidence-de-la-fede\/#breadcrumb\",\"itemListElement\":[{\"@type\":\"ListItem\",\"position\":1,\"name\":\"Accueil\",\"item\":\"https:\/\/newsestlyonnais.fr\/site\/\"},{\"@type\":\"ListItem\",\"position\":2,\"name\":\"LYON 8 | L&rsquo;ASUL TT accueille un candidat \u00e0 la pr\u00e9sidence de la F\u00e9d\u00e9\"}]},{\"@type\":\"WebSite\",\"@id\":\"https:\/\/newsestlyonnais.fr\/site\/#website\",\"url\":\"https:\/\/newsestlyonnais.fr\/site\/\",\"name\":\"News Est Lyonnais\",\"description\":\"L&#039;actualit\u00e9 au plus pr\u00e8s\",\"publisher\":{\"@id\":\"https:\/\/newsestlyonnais.fr\/site\/#organization\"},\"potentialAction\":[{\"@type\":\"SearchAction\",\"target\":{\"@type\":\"EntryPoint\",\"urlTemplate\":\"https:\/\/newsestlyonnais.fr\/site\/?s={search_term_string}\"},\"query-input\":{\"@type\":\"PropertyValueSpecification\",\"valueRequired\":true,\"valueName\":\"search_term_string\"}}],\"inLanguage\":\"fr-FR\"},{\"@type\":\"Organization\",\"@id\":\"https:\/\/newsestlyonnais.fr\/site\/#organization\",\"name\":\"News EST LYONNAIS\",\"url\":\"https:\/\/newsestlyonnais.fr\/site\/\",\"logo\":{\"@type\":\"ImageObject\",\"inLanguage\":\"fr-FR\",\"@id\":\"https:\/\/newsestlyonnais.fr\/site\/#\/schema\/logo\/image\/\",\"url\":\"\",\"contentUrl\":\"\",\"caption\":\"News EST LYONNAIS\"},\"image\":{\"@id\":\"https:\/\/newsestlyonnais.fr\/site\/#\/schema\/logo\/image\/\"}},{\"@type\":\"Person\",\"@id\":\"https:\/\/newsestlyonnais.fr\/site\/#\/schema\/person\/3230d5615f390bb808365d673001e887\",\"name\":\"R\u00e9dac. NEWS\",\"sameAs\":[\"http:\/\/www.newsestlyonnais.fr\",\"https:\/\/www.facebook.com\/pascal.oberson.1?fref=ts\",\"https:\/\/fr.linkedin.com\/in\/pascal-oberson-b17045113\"],\"url\":\"https:\/\/newsestlyonnais.fr\/site\/author\/nel\/\"}]}<\/script>\n<!-- \/ Yoast SEO plugin. -->","yoast_head_json":{"title":"LYON 8 | L'ASUL TT accueille un candidat \u00e0 la pr\u00e9sidence de la F\u00e9d\u00e9 - News Est Lyonnais","description":"LYON 8 | L'ASUL TT accueille un candidat \u00e0 la pr\u00e9sidence de la F\u00e9d\u00e9","robots":{"index":"index","follow":"follow","max-snippet":"max-snippet:-1","max-image-preview":"max-image-preview:large","max-video-preview":"max-video-preview:-1"},"canonical":"https:\/\/newsestlyonnais.fr\/site\/2019\/10\/23\/lyon-8-lasul-tt-accueille-un-candidat-a-la-presidence-de-la-fede\/","og_locale":"fr_FR","og_type":"article","og_title":"LYON 8 | L'ASUL TT accueille un candidat \u00e0 la pr\u00e9sidence de la F\u00e9d\u00e9 - News Est Lyonnais","og_description":"LYON 8 | L'ASUL TT accueille un candidat \u00e0 la pr\u00e9sidence de la F\u00e9d\u00e9","og_url":"https:\/\/newsestlyonnais.fr\/site\/2019\/10\/23\/lyon-8-lasul-tt-accueille-un-candidat-a-la-presidence-de-la-fede\/","og_site_name":"News Est Lyonnais","article_author":"https:\/\/www.facebook.com\/pascal.oberson.1?fref=ts","article_published_time":"2019-10-23T12:37:26+00:00","article_modified_time":"2020-11-19T08:02:20+00:00","og_image":[{"width":480,"height":360,"url":"https:\/\/i2.wp.com\/newsestlyonnais.fr\/site\/wp-content\/uploads\/2019\/10\/NEWSESTLYONNAIS-ASUL-TT-ERB.jpg?fit=480%2C360&ssl=1","type":"image\/jpeg"}],"author":"R\u00e9dac. NEWS","twitter_card":"summary_large_image","twitter_misc":{"\u00c9crit par":"R\u00e9dac. NEWS","Dur\u00e9e de lecture estim\u00e9e":"2 minutes"},"schema":{"@context":"https:\/\/schema.org","@graph":[{"@type":"Article","@id":"https:\/\/newsestlyonnais.fr\/site\/2019\/10\/23\/lyon-8-lasul-tt-accueille-un-candidat-a-la-presidence-de-la-fede\/#article","isPartOf":{"@id":"https:\/\/newsestlyonnais.fr\/site\/2019\/10\/23\/lyon-8-lasul-tt-accueille-un-candidat-a-la-presidence-de-la-fede\/"},"author":{"name":"R\u00e9dac. NEWS","@id":"https:\/\/newsestlyonnais.fr\/site\/#\/schema\/person\/3230d5615f390bb808365d673001e887"},"headline":"LYON 8 | L&rsquo;ASUL TT accueille un candidat \u00e0 la pr\u00e9sidence de la F\u00e9d\u00e9","datePublished":"2019-10-23T12:37:26+00:00","dateModified":"2020-11-19T08:02:20+00:00","mainEntityOfPage":{"@id":"https:\/\/newsestlyonnais.fr\/site\/2019\/10\/23\/lyon-8-lasul-tt-accueille-un-candidat-a-la-presidence-de-la-fede\/"},"wordCount":487,"commentCount":0,"publisher":{"@id":"https:\/\/newsestlyonnais.fr\/site\/#organization"},"image":{"@id":"https:\/\/newsestlyonnais.fr\/site\/2019\/10\/23\/lyon-8-lasul-tt-accueille-un-candidat-a-la-presidence-de-la-fede\/#primaryimage"},"thumbnailUrl":"https:\/\/newsestlyonnais.fr\/site\/wp-content\/uploads\/2019\/10\/NEWSESTLYONNAIS-ASUL-TT-ERB.jpg","keywords":["ASUL LYON TT","Gilles ERB"],"articleSection":["Institutions | Troph\u00e9es | J.O.","Lyon","Tennis | Padel","Tennis | Tennis de table"],"inLanguage":"fr-FR","potentialAction":[{"@type":"CommentAction","name":"Comment","target":["https:\/\/newsestlyonnais.fr\/site\/2019\/10\/23\/lyon-8-lasul-tt-accueille-un-candidat-a-la-presidence-de-la-fede\/#respond"]}]},{"@type":"WebPage","@id":"https:\/\/newsestlyonnais.fr\/site\/2019\/10\/23\/lyon-8-lasul-tt-accueille-un-candidat-a-la-presidence-de-la-fede\/","url":"https:\/\/newsestlyonnais.fr\/site\/2019\/10\/23\/lyon-8-lasul-tt-accueille-un-candidat-a-la-presidence-de-la-fede\/","name":"LYON 8 | L'ASUL TT accueille un candidat \u00e0 la pr\u00e9sidence de la F\u00e9d\u00e9 - News Est Lyonnais","isPartOf":{"@id":"https:\/\/newsestlyonnais.fr\/site\/#website"},"primaryImageOfPage":{"@id":"https:\/\/newsestlyonnais.fr\/site\/2019\/10\/23\/lyon-8-lasul-tt-accueille-un-candidat-a-la-presidence-de-la-fede\/#primaryimage"},"image":{"@id":"https:\/\/newsestlyonnais.fr\/site\/2019\/10\/23\/lyon-8-lasul-tt-accueille-un-candidat-a-la-presidence-de-la-fede\/#primaryimage"},"thumbnailUrl":"https:\/\/newsestlyonnais.fr\/site\/wp-content\/uploads\/2019\/10\/NEWSESTLYONNAIS-ASUL-TT-ERB.jpg","datePublished":"2019-10-23T12:37:26+00:00","dateModified":"2020-11-19T08:02:20+00:00","description":"LYON 8 | L'ASUL TT accueille un candidat \u00e0 la pr\u00e9sidence de la F\u00e9d\u00e9","breadcrumb":{"@id":"https:\/\/newsestlyonnais.fr\/site\/2019\/10\/23\/lyon-8-lasul-tt-accueille-un-candidat-a-la-presidence-de-la-fede\/#breadcrumb"},"inLanguage":"fr-FR","potentialAction":[{"@type":"ReadAction","target":["https:\/\/newsestlyonnais.fr\/site\/2019\/10\/23\/lyon-8-lasul-tt-accueille-un-candidat-a-la-presidence-de-la-fede\/"]}]},{"@type":"ImageObject","inLanguage":"fr-FR","@id":"https:\/\/newsestlyonnais.fr\/site\/2019\/10\/23\/lyon-8-lasul-tt-accueille-un-candidat-a-la-presidence-de-la-fede\/#primaryimage","url":"https:\/\/newsestlyonnais.fr\/site\/wp-content\/uploads\/2019\/10\/NEWSESTLYONNAIS-ASUL-TT-ERB.jpg","contentUrl":"https:\/\/newsestlyonnais.fr\/site\/wp-content\/uploads\/2019\/10\/NEWSESTLYONNAIS-ASUL-TT-ERB.jpg","width":480,"height":360},{"@type":"BreadcrumbList","@id":"https:\/\/newsestlyonnais.fr\/site\/2019\/10\/23\/lyon-8-lasul-tt-accueille-un-candidat-a-la-presidence-de-la-fede\/#breadcrumb","itemListElement":[{"@type":"ListItem","position":1,"name":"Accueil","item":"https:\/\/newsestlyonnais.fr\/site\/"},{"@type":"ListItem","position":2,"name":"LYON 8 | L&rsquo;ASUL TT accueille un candidat \u00e0 la pr\u00e9sidence de la F\u00e9d\u00e9"}]},{"@type":"WebSite","@id":"https:\/\/newsestlyonnais.fr\/site\/#website","url":"https:\/\/newsestlyonnais.fr\/site\/","name":"News Est Lyonnais","description":"L&#039;actualit\u00e9 au plus pr\u00e8s","publisher":{"@id":"https:\/\/newsestlyonnais.fr\/site\/#organization"},"potentialAction":[{"@type":"SearchAction","target":{"@type":"EntryPoint","urlTemplate":"https:\/\/newsestlyonnais.fr\/site\/?s={search_term_string}"},"query-input":{"@type":"PropertyValueSpecification","valueRequired":true,"valueName":"search_term_string"}}],"inLanguage":"fr-FR"},{"@type":"Organization","@id":"https:\/\/newsestlyonnais.fr\/site\/#organization","name":"News EST LYONNAIS","url":"https:\/\/newsestlyonnais.fr\/site\/","logo":{"@type":"ImageObject","inLanguage":"fr-FR","@id":"https:\/\/newsestlyonnais.fr\/site\/#\/schema\/logo\/image\/","url":"","contentUrl":"","caption":"News EST LYONNAIS"},"image":{"@id":"https:\/\/newsestlyonnais.fr\/site\/#\/schema\/logo\/image\/"}},{"@type":"Person","@id":"https:\/\/newsestlyonnais.fr\/site\/#\/schema\/person\/3230d5615f390bb808365d673001e887","name":"R\u00e9dac. NEWS","sameAs":["http:\/\/www.newsestlyonnais.fr","https:\/\/www.facebook.com\/pascal.oberson.1?fref=ts","https:\/\/fr.linkedin.com\/in\/pascal-oberson-b17045113"],"url":"https:\/\/newsestlyonnais.fr\/site\/author\/nel\/"}]}},"_links":{"self":[{"href":"https:\/\/newsestlyonnais.fr\/site\/wp-json\/wp\/v2\/posts\/86581","targetHints":{"allow":["GET"]}}],"collection":[{"href":"https:\/\/newsestlyonnais.fr\/site\/wp-json\/wp\/v2\/posts"}],"about":[{"href":"https:\/\/newsestlyonnais.fr\/site\/wp-json\/wp\/v2\/types\/post"}],"author":[{"embeddable":true,"href":"https:\/\/newsestlyonnais.fr\/site\/wp-json\/wp\/v2\/users\/4"}],"replies":[{"embeddable":true,"href":"https:\/\/newsestlyonnais.fr\/site\/wp-json\/wp\/v2\/comments?post=86581"}],"version-history":[{"count":0,"href":"https:\/\/newsestlyonnais.fr\/site\/wp-json\/wp\/v2\/posts\/86581\/revisions"}],"wp:featuredmedia":[{"embeddable":true,"href":"https:\/\/newsestlyonnais.fr\/site\/wp-json\/wp\/v2\/media\/86803"}],"wp:attachment":[{"href":"https:\/\/newsestlyonnais.fr\/site\/wp-json\/wp\/v2\/media?parent=86581"}],"wp:term":[{"taxonomy":"category","embeddable":true,"href":"https:\/\/newsestlyonnais.fr\/site\/wp-json\/wp\/v2\/categories?post=86581"},{"taxonomy":"post_tag","embeddable":true,"href":"https:\/\/newsestlyonnais.fr\/site\/wp-json\/wp\/v2\/tags?post=86581"}],"curies":[{"name":"wp","href":"https:\/\/api.w.org\/{rel}","templated":true}]}}