{"id":86984,"date":"2019-10-28T16:31:33","date_gmt":"2019-10-28T15:31:33","guid":{"rendered":"http:\/\/newsestlyonnais.fr\/site\/?p=86984"},"modified":"2022-07-04T12:47:52","modified_gmt":"2022-07-04T11:47:52","slug":"est-lyonnais-le-boeuf-a-carreaux-viande-de-qualite-a-domicile-en-circuit-court","status":"publish","type":"post","link":"https:\/\/newsestlyonnais.fr\/site\/2019\/10\/28\/est-lyonnais-le-boeuf-a-carreaux-viande-de-qualite-a-domicile-en-circuit-court\/","title":{"rendered":"EST LYONNAIS | \u00a0\u00bb Le Boeuf \u00e0 Carreaux \u00a0\u00bb &gt; viande de qualit\u00e9 \u00e0 domicile en circuit court"},"content":{"rendered":"<p>A 45 ans et apr\u00e8s avoir \u00e9t\u00e9 contr\u00f4leur de gestion durant 17 ans dans le domaine du transport, il a souhait\u00e9 donn\u00e9 un nouveau sens \u00e0 sa carri\u00e8re professionnelle. A la suite d&rsquo;un n\u00e9cessaire bilan de comp\u00e9tence, il a pass\u00e9 un CAP de boucher en alternance. Apr\u00e8s avoir bien r\u00e9fl\u00e9chi, constat\u00e9 qu&rsquo;il adorait avant tout le contact avec la client\u00e8le et bien suivi par la C.C.I, il a fait son choix : proposer de la vente de viande de qualit\u00e9 sur internet.<\/p>\n<p>Virage \u00e0 180 degr\u00e9s donc pour cet \u00e9picurien qui avoue volontiers : aimer bien manger, boire du bon vin et le contact avec les gens. Un m\u00e9lange de tous ces \u00e9l\u00e9ments qui lui a permis d&rsquo;aboutir \u00e0 ce leitmotiv : \u00ab\u00a0<strong>donner un sens \u00e0 ce que je fais et besoin de vendre quelque chose que j&rsquo;aime ! \u00ab\u00a0. <\/strong>Issu d&rsquo;une famille d&rsquo;agriculteurs, avec des cousins \u00e9leveurs et en tenant compte de ses propres pr\u00e9rogatives, sa voie \u00e9tait toute trac\u00e9e. Jean-No\u00ebl Vernay ouvre en mai 2019, \u00a0\u00bb Le Boeuf \u00e0 Carreaux \u00a0\u00bb apr\u00e8s avoir trouv\u00e9 <strong>3 producteurs en agriculture raisonn\u00e9e<\/strong> \u00a0\u00bb qui font du bon travail et ont de la bonne viande, de tout type sauf de l&rsquo;agneau \u00a0\u00bb : <strong>Ferme Bertholet<\/strong> \u00e0 la Fouillouse (Loire) : petite production d&rsquo;\u00e9levage sur paille de boeufs, veaux et porcs. <strong>Volailles Vey<\/strong> \u00e0 Polignac (Hte Loire) : volaillers fermiers et certifi\u00e9s \u00ab\u00a0Label rouge\u00a0\u00bb. Gamme de volailles (poulets, pintades, dindes, chapons). <strong>Maison Fanton<\/strong> \u00e0 Rontalon (Rh\u00f4ne) : maison familiale sp\u00e9cialis\u00e9e en saucisserie (saucissons \u00e0 cuire, saucisses de Toulouse, diots).<\/p>\n<p>Son choix a \u00e9t\u00e9 fait en fonction d&rsquo;<strong>une charte qu&rsquo;il a lui-m\u00eame \u00e9tabli en 3 points<\/strong> : &#8211; l&rsquo;encouragement des producteurs (pas de n\u00e9gociation de prix). &#8211; le soin et respect de l&rsquo;animal (pas d&rsquo;\u00e9levage en batterie). &#8211; l&rsquo;aspect environnemental (trouver des \u00e9leveurs \u00e0 moins de 100 kilom\u00e8tres).<\/p>\n<p>&#8212;&#8212;&#8212;&#8212;&#8212;&#8212;&#8212;&#8212;&#8212;&#8212;&#8212;&#8212;&#8212;&#8212;&#8212;&#8212;&#8212;&#8212;&#8212;&#8212;&#8212;&#8212;&#8212;&#8212;&#8212;&#8212;&#8212;&#8212;&#8212;&#8212;&#8212;&#8212;&#8212;&#8212;&#8212;&#8212;&#8212;&#8212;&#8212;&#8212;&#8212;&#8212;&#8212;&#8212;&#8212;&#8211;<\/p>\n<p><span style=\"text-decoration: underline;\"><strong><em>Sa devise : \u00a0\u00bb je suis boucher, je vous livre \u00e0 domicile, faites moi confiance !<\/em><\/strong><\/span><strong><em> \u00a0\u00bb\u00a0 <\/em><\/strong><em>\u00a0\u00bb <\/em>J&rsquo;ai senti qu&rsquo;il y avait un manque dans ce domaine notamment dans l&rsquo;Est Lyonnais et me suis lanc\u00e9 dans ce projet qui est de pouvoir manger de la viande de bonne qualit\u00e9 sans se ruiner. Les gens courent tout le temps, l&rsquo;id\u00e9e \u00e9tait de pouvoir me fournir en choisissant les morceaux de viande en circuit court et faire de la vente \u00e0 domicile \u00ab\u00a0.<\/p>\n<p>&#8212;&#8212;&#8212;&#8212;&#8212;&#8212;&#8212;&#8212;&#8212;&#8212;&#8212;&#8212;&#8212;&#8212;&#8212;&#8212;&#8212;&#8212;&#8212;&#8212;&#8212;&#8212;&#8212;&#8212;&#8212;&#8212;&#8212;&#8212;&#8212;&#8212;&#8212;&#8212;&#8212;&#8212;&#8212;&#8212;&#8212;&#8212;&#8212;&#8212;&#8212;&#8212;&#8212;&#8212;&#8212;&#8211;<\/p>\n<p>Depuis 5 mois, son activit\u00e9 s&rsquo;adresse aux particuliers de <strong>7 communes de l&rsquo;Est Lyonnais<\/strong> (Chassieu, Genas, Jonage, Meyzieu, Pusignan, St Bonnet &amp; St Laurent de Mure) mais il est \u00e9galement ouvert \u00e0 toute demande sur les autres villes des alentours. Ses projets ne manquent pas pour d\u00e9velopper sa structure : de la recherche de comit\u00e9s d&rsquo;entreprises int\u00e9ress\u00e9es par une distribution mensuelle de marchandises \u00e0 la sortie du bureau ou d&rsquo;associations \u00e0 qui il pourrait mettre \u00e0 disposition des solutions de conservation et stockage de frais le jour de f\u00eate ou kermesse. :<\/p>\n<blockquote><p>D\u00e8s octobre 2018 et en pleine p\u00e9riode de r\u00e9flexion et d&rsquo;\u00e9tude de march\u00e9, Jean-No\u00ebl Vernay a int\u00e9gr\u00e9 l&rsquo;espace de Coworking <a href=\"http:\/\/chlorofeel-coworking.fr\">ChloroFEEL<\/a> bas\u00e9 \u00e0 Meyzieu. \u00a0\u00bb C&rsquo;est toujours int\u00e9ressant pour nous d&rsquo;accueillir des cr\u00e9ateurs d&rsquo;entreprises. Cela cr\u00e9e une dynamique au sein de l&rsquo;espace et montre la richesse des activit\u00e9s possibles en co-working.\u00a0\u00bb confient <strong>Sandrine Rabilloud &amp; Sacharanin Herlidou,<\/strong> responsables de ce lieu de travail et de liens.<\/p><\/blockquote>\n<p>&#8212;&#8212;&#8212;&#8212;&#8212;&#8212;&#8212;&#8212;&#8212;&#8212;&#8212;&#8212;&#8212;&#8212;&#8212;&#8212;&#8212;&#8212;&#8212;&#8212;&#8212;&#8212;&#8212;&#8212;&#8212;&#8212;&#8212;&#8212;&#8212;&#8212;&#8212;&#8212;&#8212;&#8212;&#8212;&#8212;&#8212;&#8212;&#8212;&#8212;&#8212;&#8212;&#8212;&#8212;&#8212;&#8211;<\/p>\n<p><strong>NOTA<\/strong> : les commandes sont \u00e0 faire sur le site avant le lundi soir et la livraison \u00e0 domicile est fix\u00e9e au jeudi soir (en dehors des heures de bureau).<\/p>\n<p>&#8212;&#8212;&#8212;&#8212;&#8212;&#8212;&#8212;&#8212;&#8212;&#8212;&#8212;&#8212;&#8212;&#8212;&#8212;&#8212;&#8212;&#8212;&#8212;&#8212;&#8212;&#8212;&#8212;&#8212;&#8212;&#8212;&#8212;&#8212;&#8212;&#8212;&#8212;&#8212;&#8212;&#8212;&#8212;&#8212;&#8212;&#8212;&#8212;&#8212;&#8212;&#8212;&#8212;&#8212;&#8212;&#8211;<\/p>\n<ul>\n<li>Retrouvez <em><strong>Le Boeuf \u00e0 Carreaux<\/strong> <\/em>sur :<span style=\"color: #000080;\">\u00a0<a style=\"color: #000080;\" href=\"https:\/\/lbac.pro\">https:\/\/lbac.pro<\/a><\/span> &amp; sur : <span style=\"color: #000080;\"><a style=\"color: #000080;\" href=\"https:\/\/www.facebook.com\/Le-Boeuf-%C3%A0-Carreaux-352295682163529\/\">https:\/\/www.facebook.com\/Le-Boeuf-%C3%A0-Carreaux-352295682163529\/<\/a><\/span><\/li>\n<li>Contacts : 06.32.00.38.98 ou jeano@lbac.pro<\/li>\n<\/ul>\n<p>&#8212;&#8212;&#8212;&#8212;&#8212;&#8212;&#8212;&#8212;&#8212;&#8212;&#8212;&#8212;&#8212;&#8212;&#8212;&#8212;&#8212;&#8212;&#8212;&#8212;&#8212;&#8212;&#8212;&#8212;&#8212;&#8212;&#8212;&#8212;&#8212;&#8212;&#8212;&#8212;&#8212;&#8212;&#8212;&#8212;&#8212;&#8212;&#8212;&#8212;&#8212;&#8212;&#8212;&#8212;&#8212;&#8211;<\/p>\n<div id='gallery-1' class='gallery galleryid-86984 gallery-columns-3 gallery-size-thumbnail'><figure class='gallery-item'>\n\t\t\t<div class='gallery-icon landscape'>\n\t\t\t\t<a href='https:\/\/newsestlyonnais.fr\/site\/2019\/10\/28\/est-lyonnais-le-boeuf-a-carreaux-viande-de-qualite-a-domicile-en-circuit-court\/newsestlyonnais-jn-vernay-02\/'><img loading=\"lazy\" decoding=\"async\" width=\"150\" height=\"100\" src=\"https:\/\/newsestlyonnais.fr\/site\/wp-content\/uploads\/2019\/10\/NEWSESTLYONNAIS-JN-VERNAY-02-250x167.jpg\" class=\"attachment-thumbnail size-thumbnail\" alt=\"\" aria-describedby=\"gallery-1-86988\" srcset=\"https:\/\/newsestlyonnais.fr\/site\/wp-content\/uploads\/2019\/10\/NEWSESTLYONNAIS-JN-VERNAY-02-250x167.jpg 250w, https:\/\/newsestlyonnais.fr\/site\/wp-content\/uploads\/2019\/10\/NEWSESTLYONNAIS-JN-VERNAY-02-400x267.jpg 400w, https:\/\/newsestlyonnais.fr\/site\/wp-content\/uploads\/2019\/10\/NEWSESTLYONNAIS-JN-VERNAY-02-768x512.jpg 768w, https:\/\/newsestlyonnais.fr\/site\/wp-content\/uploads\/2019\/10\/NEWSESTLYONNAIS-JN-VERNAY-02-650x433.jpg 650w, https:\/\/newsestlyonnais.fr\/site\/wp-content\/uploads\/2019\/10\/NEWSESTLYONNAIS-JN-VERNAY-02-150x100.jpg 150w, https:\/\/newsestlyonnais.fr\/site\/wp-content\/uploads\/2019\/10\/NEWSESTLYONNAIS-JN-VERNAY-02-50x33.jpg 50w, https:\/\/newsestlyonnais.fr\/site\/wp-content\/uploads\/2019\/10\/NEWSESTLYONNAIS-JN-VERNAY-02-100x67.jpg 100w, https:\/\/newsestlyonnais.fr\/site\/wp-content\/uploads\/2019\/10\/NEWSESTLYONNAIS-JN-VERNAY-02-200x133.jpg 200w, https:\/\/newsestlyonnais.fr\/site\/wp-content\/uploads\/2019\/10\/NEWSESTLYONNAIS-JN-VERNAY-02-300x200.jpg 300w, https:\/\/newsestlyonnais.fr\/site\/wp-content\/uploads\/2019\/10\/NEWSESTLYONNAIS-JN-VERNAY-02-350x233.jpg 350w, https:\/\/newsestlyonnais.fr\/site\/wp-content\/uploads\/2019\/10\/NEWSESTLYONNAIS-JN-VERNAY-02-450x300.jpg 450w, https:\/\/newsestlyonnais.fr\/site\/wp-content\/uploads\/2019\/10\/NEWSESTLYONNAIS-JN-VERNAY-02-500x333.jpg 500w, https:\/\/newsestlyonnais.fr\/site\/wp-content\/uploads\/2019\/10\/NEWSESTLYONNAIS-JN-VERNAY-02-550x367.jpg 550w, https:\/\/newsestlyonnais.fr\/site\/wp-content\/uploads\/2019\/10\/NEWSESTLYONNAIS-JN-VERNAY-02-800x533.jpg 800w, https:\/\/newsestlyonnais.fr\/site\/wp-content\/uploads\/2019\/10\/NEWSESTLYONNAIS-JN-VERNAY-02.jpg 1200w\" sizes=\"auto, (max-width: 150px) 100vw, 150px\" \/><\/a>\n\t\t\t<\/div>\n\t\t\t\t<figcaption class='wp-caption-text gallery-caption' id='gallery-1-86988'>\n\t\t\t\tJN Vernay propose aux associations une mise \u00e0 disposition de glaci\u00e8res.\n\t\t\t\t<\/figcaption><\/figure><figure class='gallery-item'>\n\t\t\t<div class='gallery-icon landscape'>\n\t\t\t\t<a href='https:\/\/newsestlyonnais.fr\/site\/2019\/10\/28\/est-lyonnais-le-boeuf-a-carreaux-viande-de-qualite-a-domicile-en-circuit-court\/newsestlyonnais-chlorofeel-boeuf-cx\/'><img loading=\"lazy\" decoding=\"async\" width=\"150\" height=\"100\" src=\"https:\/\/newsestlyonnais.fr\/site\/wp-content\/uploads\/2019\/10\/NEWSESTLYONNAIS-CHLOROFEEL-BOEUF-CX-250x167.jpg\" class=\"attachment-thumbnail size-thumbnail\" alt=\"\" aria-describedby=\"gallery-1-86990\" srcset=\"https:\/\/newsestlyonnais.fr\/site\/wp-content\/uploads\/2019\/10\/NEWSESTLYONNAIS-CHLOROFEEL-BOEUF-CX-250x167.jpg 250w, https:\/\/newsestlyonnais.fr\/site\/wp-content\/uploads\/2019\/10\/NEWSESTLYONNAIS-CHLOROFEEL-BOEUF-CX-400x267.jpg 400w, https:\/\/newsestlyonnais.fr\/site\/wp-content\/uploads\/2019\/10\/NEWSESTLYONNAIS-CHLOROFEEL-BOEUF-CX-768x512.jpg 768w, https:\/\/newsestlyonnais.fr\/site\/wp-content\/uploads\/2019\/10\/NEWSESTLYONNAIS-CHLOROFEEL-BOEUF-CX-650x433.jpg 650w, https:\/\/newsestlyonnais.fr\/site\/wp-content\/uploads\/2019\/10\/NEWSESTLYONNAIS-CHLOROFEEL-BOEUF-CX-150x100.jpg 150w, https:\/\/newsestlyonnais.fr\/site\/wp-content\/uploads\/2019\/10\/NEWSESTLYONNAIS-CHLOROFEEL-BOEUF-CX-50x33.jpg 50w, https:\/\/newsestlyonnais.fr\/site\/wp-content\/uploads\/2019\/10\/NEWSESTLYONNAIS-CHLOROFEEL-BOEUF-CX-100x67.jpg 100w, https:\/\/newsestlyonnais.fr\/site\/wp-content\/uploads\/2019\/10\/NEWSESTLYONNAIS-CHLOROFEEL-BOEUF-CX-200x133.jpg 200w, https:\/\/newsestlyonnais.fr\/site\/wp-content\/uploads\/2019\/10\/NEWSESTLYONNAIS-CHLOROFEEL-BOEUF-CX-300x200.jpg 300w, https:\/\/newsestlyonnais.fr\/site\/wp-content\/uploads\/2019\/10\/NEWSESTLYONNAIS-CHLOROFEEL-BOEUF-CX-350x233.jpg 350w, https:\/\/newsestlyonnais.fr\/site\/wp-content\/uploads\/2019\/10\/NEWSESTLYONNAIS-CHLOROFEEL-BOEUF-CX-450x300.jpg 450w, https:\/\/newsestlyonnais.fr\/site\/wp-content\/uploads\/2019\/10\/NEWSESTLYONNAIS-CHLOROFEEL-BOEUF-CX-500x333.jpg 500w, https:\/\/newsestlyonnais.fr\/site\/wp-content\/uploads\/2019\/10\/NEWSESTLYONNAIS-CHLOROFEEL-BOEUF-CX-550x367.jpg 550w, https:\/\/newsestlyonnais.fr\/site\/wp-content\/uploads\/2019\/10\/NEWSESTLYONNAIS-CHLOROFEEL-BOEUF-CX-800x533.jpg 800w, https:\/\/newsestlyonnais.fr\/site\/wp-content\/uploads\/2019\/10\/NEWSESTLYONNAIS-CHLOROFEEL-BOEUF-CX.jpg 1200w\" sizes=\"auto, (max-width: 150px) 100vw, 150px\" \/><\/a>\n\t\t\t<\/div>\n\t\t\t\t<figcaption class='wp-caption-text gallery-caption' id='gallery-1-86990'>\n\t\t\t\tJN Vernay a rejoint l&rsquo;espace de coworking \u00ab\u00a0ChloroFEEL\u00a0\u00bb\n\t\t\t\t<\/figcaption><\/figure><figure class='gallery-item'>\n\t\t\t<div class='gallery-icon landscape'>\n\t\t\t\t<a href='https:\/\/newsestlyonnais.fr\/site\/2019\/10\/28\/est-lyonnais-le-boeuf-a-carreaux-viande-de-qualite-a-domicile-en-circuit-court\/58619843_386780195381744_5027048766570496000_n\/'><img loading=\"lazy\" decoding=\"async\" width=\"150\" height=\"150\" src=\"https:\/\/newsestlyonnais.fr\/site\/wp-content\/uploads\/2019\/10\/58619843_386780195381744_5027048766570496000_n-250x250.jpg\" class=\"attachment-thumbnail size-thumbnail\" alt=\"\" srcset=\"https:\/\/newsestlyonnais.fr\/site\/wp-content\/uploads\/2019\/10\/58619843_386780195381744_5027048766570496000_n-250x250.jpg 250w, https:\/\/newsestlyonnais.fr\/site\/wp-content\/uploads\/2019\/10\/58619843_386780195381744_5027048766570496000_n-150x150.jpg 150w, https:\/\/newsestlyonnais.fr\/site\/wp-content\/uploads\/2019\/10\/58619843_386780195381744_5027048766570496000_n-50x50.jpg 50w, https:\/\/newsestlyonnais.fr\/site\/wp-content\/uploads\/2019\/10\/58619843_386780195381744_5027048766570496000_n-100x100.jpg 100w, https:\/\/newsestlyonnais.fr\/site\/wp-content\/uploads\/2019\/10\/58619843_386780195381744_5027048766570496000_n-200x200.jpg 200w, https:\/\/newsestlyonnais.fr\/site\/wp-content\/uploads\/2019\/10\/58619843_386780195381744_5027048766570496000_n-300x300.jpg 300w, https:\/\/newsestlyonnais.fr\/site\/wp-content\/uploads\/2019\/10\/58619843_386780195381744_5027048766570496000_n-350x350.jpg 350w, https:\/\/newsestlyonnais.fr\/site\/wp-content\/uploads\/2019\/10\/58619843_386780195381744_5027048766570496000_n.jpg 362w\" sizes=\"auto, (max-width: 150px) 100vw, 150px\" \/><\/a>\n\t\t\t<\/div><\/figure>\n\t\t<\/div>\n\n","protected":false},"excerpt":{"rendered":"<p>En reconversion pro, Jean No\u00ebl Vernay opte pour de la vente de viande de qualit\u00e9 sur internet livr\u00e9e lui-m\u00eame.<\/p>\n","protected":false},"author":4,"featured_media":86987,"comment_status":"open","ping_status":"open","sticky":false,"template":"","format":"standard","meta":{"footnotes":""},"categories":[2970,270,3424,1598,1303,1279,1625,24,1282],"tags":[],"class_list":["post-86984","post","type-post","status-publish","format-standard","has-post-thumbnail","hentry","category-artisans-commerces-economie","category-cte-de-communes-c-c-e-l","category-cuisine-gastronomie","category-genas","category-jonage","category-jons-pusignan","category-lyon","category-meyzieu","category-st-bonnet-st-laurent-de-mure"],"yoast_head":"<!-- This site is optimized with the Yoast SEO plugin v27.2 - https:\/\/yoast.com\/product\/yoast-seo-wordpress\/ -->\n<title>EST LYONNAIS | &quot; Le Boeuf \u00e0 Carreaux &quot; &gt; viande de qualit\u00e9 \u00e0 domicile en circuit court - News Est Lyonnais<\/title>\n<meta name=\"description\" content=\"EST LYONNAIS | &quot; Le Boeuf \u00e0 Carreaux &quot; &gt; viande de qualit\u00e9 \u00e0 domicile en circuit court\" \/>\n<meta name=\"robots\" content=\"index, follow, max-snippet:-1, max-image-preview:large, max-video-preview:-1\" \/>\n<link rel=\"canonical\" href=\"https:\/\/newsestlyonnais.fr\/site\/2019\/10\/28\/est-lyonnais-le-boeuf-a-carreaux-viande-de-qualite-a-domicile-en-circuit-court\/\" \/>\n<meta property=\"og:locale\" content=\"fr_FR\" \/>\n<meta property=\"og:type\" content=\"article\" \/>\n<meta property=\"og:title\" content=\"EST LYONNAIS | &quot; Le Boeuf \u00e0 Carreaux &quot; &gt; viande de qualit\u00e9 \u00e0 domicile en circuit court - News Est Lyonnais\" \/>\n<meta property=\"og:description\" content=\"EST LYONNAIS | &quot; Le Boeuf \u00e0 Carreaux &quot; &gt; viande de qualit\u00e9 \u00e0 domicile en circuit court\" \/>\n<meta property=\"og:url\" content=\"https:\/\/newsestlyonnais.fr\/site\/2019\/10\/28\/est-lyonnais-le-boeuf-a-carreaux-viande-de-qualite-a-domicile-en-circuit-court\/\" \/>\n<meta property=\"og:site_name\" content=\"News Est Lyonnais\" \/>\n<meta property=\"article:author\" content=\"https:\/\/www.facebook.com\/pascal.oberson.1?fref=ts\" \/>\n<meta property=\"article:published_time\" content=\"2019-10-28T15:31:33+00:00\" \/>\n<meta property=\"article:modified_time\" content=\"2022-07-04T11:47:52+00:00\" \/>\n<meta property=\"og:image\" content=\"https:\/\/newsestlyonnais.fr\/site\/wp-content\/uploads\/2019\/10\/NEWSESTLYONNAIS-JN-VERNAY-01.jpg\" \/>\n\t<meta property=\"og:image:width\" content=\"1200\" \/>\n\t<meta property=\"og:image:height\" content=\"800\" \/>\n\t<meta property=\"og:image:type\" content=\"image\/jpeg\" \/>\n<meta name=\"author\" content=\"R\u00e9dac. NEWS\" \/>\n<meta name=\"twitter:card\" content=\"summary_large_image\" \/>\n<meta name=\"twitter:label1\" content=\"\u00c9crit par\" \/>\n\t<meta name=\"twitter:data1\" content=\"R\u00e9dac. NEWS\" \/>\n\t<meta name=\"twitter:label2\" content=\"Dur\u00e9e de lecture estim\u00e9e\" \/>\n\t<meta name=\"twitter:data2\" content=\"3 minutes\" \/>\n<script type=\"application\/ld+json\" class=\"yoast-schema-graph\">{\"@context\":\"https:\/\/schema.org\",\"@graph\":[{\"@type\":\"Article\",\"@id\":\"https:\/\/newsestlyonnais.fr\/site\/2019\/10\/28\/est-lyonnais-le-boeuf-a-carreaux-viande-de-qualite-a-domicile-en-circuit-court\/#article\",\"isPartOf\":{\"@id\":\"https:\/\/newsestlyonnais.fr\/site\/2019\/10\/28\/est-lyonnais-le-boeuf-a-carreaux-viande-de-qualite-a-domicile-en-circuit-court\/\"},\"author\":{\"name\":\"R\u00e9dac. NEWS\",\"@id\":\"https:\/\/newsestlyonnais.fr\/site\/#\/schema\/person\/3230d5615f390bb808365d673001e887\"},\"headline\":\"EST LYONNAIS | \u00a0\u00bb Le Boeuf \u00e0 Carreaux \u00a0\u00bb &gt; viande de qualit\u00e9 \u00e0 domicile en circuit court\",\"datePublished\":\"2019-10-28T15:31:33+00:00\",\"dateModified\":\"2022-07-04T11:47:52+00:00\",\"mainEntityOfPage\":{\"@id\":\"https:\/\/newsestlyonnais.fr\/site\/2019\/10\/28\/est-lyonnais-le-boeuf-a-carreaux-viande-de-qualite-a-domicile-en-circuit-court\/\"},\"wordCount\":636,\"commentCount\":1,\"publisher\":{\"@id\":\"https:\/\/newsestlyonnais.fr\/site\/#organization\"},\"image\":{\"@id\":\"https:\/\/newsestlyonnais.fr\/site\/2019\/10\/28\/est-lyonnais-le-boeuf-a-carreaux-viande-de-qualite-a-domicile-en-circuit-court\/#primaryimage\"},\"thumbnailUrl\":\"https:\/\/newsestlyonnais.fr\/site\/wp-content\/uploads\/2019\/10\/NEWSESTLYONNAIS-JN-VERNAY-01.jpg\",\"articleSection\":[\"Artisans | Commerces\",\"CCEL | Communes\",\"Cuisine | Gastronomie\",\"Genas\",\"Jonage\",\"Jons | Pusignan\",\"Lyon\",\"Meyzieu\",\"St Bonnet | St Laurent de Mure\"],\"inLanguage\":\"fr-FR\",\"potentialAction\":[{\"@type\":\"CommentAction\",\"name\":\"Comment\",\"target\":[\"https:\/\/newsestlyonnais.fr\/site\/2019\/10\/28\/est-lyonnais-le-boeuf-a-carreaux-viande-de-qualite-a-domicile-en-circuit-court\/#respond\"]}]},{\"@type\":\"WebPage\",\"@id\":\"https:\/\/newsestlyonnais.fr\/site\/2019\/10\/28\/est-lyonnais-le-boeuf-a-carreaux-viande-de-qualite-a-domicile-en-circuit-court\/\",\"url\":\"https:\/\/newsestlyonnais.fr\/site\/2019\/10\/28\/est-lyonnais-le-boeuf-a-carreaux-viande-de-qualite-a-domicile-en-circuit-court\/\",\"name\":\"EST LYONNAIS | \\\" Le Boeuf \u00e0 Carreaux \\\" &gt; viande de qualit\u00e9 \u00e0 domicile en circuit court - News Est Lyonnais\",\"isPartOf\":{\"@id\":\"https:\/\/newsestlyonnais.fr\/site\/#website\"},\"primaryImageOfPage\":{\"@id\":\"https:\/\/newsestlyonnais.fr\/site\/2019\/10\/28\/est-lyonnais-le-boeuf-a-carreaux-viande-de-qualite-a-domicile-en-circuit-court\/#primaryimage\"},\"image\":{\"@id\":\"https:\/\/newsestlyonnais.fr\/site\/2019\/10\/28\/est-lyonnais-le-boeuf-a-carreaux-viande-de-qualite-a-domicile-en-circuit-court\/#primaryimage\"},\"thumbnailUrl\":\"https:\/\/newsestlyonnais.fr\/site\/wp-content\/uploads\/2019\/10\/NEWSESTLYONNAIS-JN-VERNAY-01.jpg\",\"datePublished\":\"2019-10-28T15:31:33+00:00\",\"dateModified\":\"2022-07-04T11:47:52+00:00\",\"description\":\"EST LYONNAIS | \\\" Le Boeuf \u00e0 Carreaux \\\" > viande de qualit\u00e9 \u00e0 domicile en circuit court\",\"breadcrumb\":{\"@id\":\"https:\/\/newsestlyonnais.fr\/site\/2019\/10\/28\/est-lyonnais-le-boeuf-a-carreaux-viande-de-qualite-a-domicile-en-circuit-court\/#breadcrumb\"},\"inLanguage\":\"fr-FR\",\"potentialAction\":[{\"@type\":\"ReadAction\",\"target\":[\"https:\/\/newsestlyonnais.fr\/site\/2019\/10\/28\/est-lyonnais-le-boeuf-a-carreaux-viande-de-qualite-a-domicile-en-circuit-court\/\"]}]},{\"@type\":\"ImageObject\",\"inLanguage\":\"fr-FR\",\"@id\":\"https:\/\/newsestlyonnais.fr\/site\/2019\/10\/28\/est-lyonnais-le-boeuf-a-carreaux-viande-de-qualite-a-domicile-en-circuit-court\/#primaryimage\",\"url\":\"https:\/\/newsestlyonnais.fr\/site\/wp-content\/uploads\/2019\/10\/NEWSESTLYONNAIS-JN-VERNAY-01.jpg\",\"contentUrl\":\"https:\/\/newsestlyonnais.fr\/site\/wp-content\/uploads\/2019\/10\/NEWSESTLYONNAIS-JN-VERNAY-01.jpg\",\"width\":1200,\"height\":800},{\"@type\":\"BreadcrumbList\",\"@id\":\"https:\/\/newsestlyonnais.fr\/site\/2019\/10\/28\/est-lyonnais-le-boeuf-a-carreaux-viande-de-qualite-a-domicile-en-circuit-court\/#breadcrumb\",\"itemListElement\":[{\"@type\":\"ListItem\",\"position\":1,\"name\":\"Accueil\",\"item\":\"https:\/\/newsestlyonnais.fr\/site\/\"},{\"@type\":\"ListItem\",\"position\":2,\"name\":\"EST LYONNAIS | \u00a0\u00bb Le Boeuf \u00e0 Carreaux \u00a0\u00bb &gt; viande de qualit\u00e9 \u00e0 domicile en circuit court\"}]},{\"@type\":\"WebSite\",\"@id\":\"https:\/\/newsestlyonnais.fr\/site\/#website\",\"url\":\"https:\/\/newsestlyonnais.fr\/site\/\",\"name\":\"News Est Lyonnais\",\"description\":\"L&#039;actualit\u00e9 au plus pr\u00e8s\",\"publisher\":{\"@id\":\"https:\/\/newsestlyonnais.fr\/site\/#organization\"},\"potentialAction\":[{\"@type\":\"SearchAction\",\"target\":{\"@type\":\"EntryPoint\",\"urlTemplate\":\"https:\/\/newsestlyonnais.fr\/site\/?s={search_term_string}\"},\"query-input\":{\"@type\":\"PropertyValueSpecification\",\"valueRequired\":true,\"valueName\":\"search_term_string\"}}],\"inLanguage\":\"fr-FR\"},{\"@type\":\"Organization\",\"@id\":\"https:\/\/newsestlyonnais.fr\/site\/#organization\",\"name\":\"News EST LYONNAIS\",\"url\":\"https:\/\/newsestlyonnais.fr\/site\/\",\"logo\":{\"@type\":\"ImageObject\",\"inLanguage\":\"fr-FR\",\"@id\":\"https:\/\/newsestlyonnais.fr\/site\/#\/schema\/logo\/image\/\",\"url\":\"\",\"contentUrl\":\"\",\"caption\":\"News EST LYONNAIS\"},\"image\":{\"@id\":\"https:\/\/newsestlyonnais.fr\/site\/#\/schema\/logo\/image\/\"}},{\"@type\":\"Person\",\"@id\":\"https:\/\/newsestlyonnais.fr\/site\/#\/schema\/person\/3230d5615f390bb808365d673001e887\",\"name\":\"R\u00e9dac. NEWS\",\"sameAs\":[\"http:\/\/www.newsestlyonnais.fr\",\"https:\/\/www.facebook.com\/pascal.oberson.1?fref=ts\",\"https:\/\/fr.linkedin.com\/in\/pascal-oberson-b17045113\"],\"url\":\"https:\/\/newsestlyonnais.fr\/site\/author\/nel\/\"}]}<\/script>\n<!-- \/ Yoast SEO plugin. -->","yoast_head_json":{"title":"EST LYONNAIS | \" Le Boeuf \u00e0 Carreaux \" &gt; viande de qualit\u00e9 \u00e0 domicile en circuit court - News Est Lyonnais","description":"EST LYONNAIS | \" Le Boeuf \u00e0 Carreaux \" > viande de qualit\u00e9 \u00e0 domicile en circuit court","robots":{"index":"index","follow":"follow","max-snippet":"max-snippet:-1","max-image-preview":"max-image-preview:large","max-video-preview":"max-video-preview:-1"},"canonical":"https:\/\/newsestlyonnais.fr\/site\/2019\/10\/28\/est-lyonnais-le-boeuf-a-carreaux-viande-de-qualite-a-domicile-en-circuit-court\/","og_locale":"fr_FR","og_type":"article","og_title":"EST LYONNAIS | \" Le Boeuf \u00e0 Carreaux \" &gt; viande de qualit\u00e9 \u00e0 domicile en circuit court - News Est Lyonnais","og_description":"EST LYONNAIS | \" Le Boeuf \u00e0 Carreaux \" > viande de qualit\u00e9 \u00e0 domicile en circuit court","og_url":"https:\/\/newsestlyonnais.fr\/site\/2019\/10\/28\/est-lyonnais-le-boeuf-a-carreaux-viande-de-qualite-a-domicile-en-circuit-court\/","og_site_name":"News Est Lyonnais","article_author":"https:\/\/www.facebook.com\/pascal.oberson.1?fref=ts","article_published_time":"2019-10-28T15:31:33+00:00","article_modified_time":"2022-07-04T11:47:52+00:00","og_image":[{"width":1200,"height":800,"url":"https:\/\/newsestlyonnais.fr\/site\/wp-content\/uploads\/2019\/10\/NEWSESTLYONNAIS-JN-VERNAY-01.jpg","type":"image\/jpeg"}],"author":"R\u00e9dac. NEWS","twitter_card":"summary_large_image","twitter_misc":{"\u00c9crit par":"R\u00e9dac. NEWS","Dur\u00e9e de lecture estim\u00e9e":"3 minutes"},"schema":{"@context":"https:\/\/schema.org","@graph":[{"@type":"Article","@id":"https:\/\/newsestlyonnais.fr\/site\/2019\/10\/28\/est-lyonnais-le-boeuf-a-carreaux-viande-de-qualite-a-domicile-en-circuit-court\/#article","isPartOf":{"@id":"https:\/\/newsestlyonnais.fr\/site\/2019\/10\/28\/est-lyonnais-le-boeuf-a-carreaux-viande-de-qualite-a-domicile-en-circuit-court\/"},"author":{"name":"R\u00e9dac. NEWS","@id":"https:\/\/newsestlyonnais.fr\/site\/#\/schema\/person\/3230d5615f390bb808365d673001e887"},"headline":"EST LYONNAIS | \u00a0\u00bb Le Boeuf \u00e0 Carreaux \u00a0\u00bb &gt; viande de qualit\u00e9 \u00e0 domicile en circuit court","datePublished":"2019-10-28T15:31:33+00:00","dateModified":"2022-07-04T11:47:52+00:00","mainEntityOfPage":{"@id":"https:\/\/newsestlyonnais.fr\/site\/2019\/10\/28\/est-lyonnais-le-boeuf-a-carreaux-viande-de-qualite-a-domicile-en-circuit-court\/"},"wordCount":636,"commentCount":1,"publisher":{"@id":"https:\/\/newsestlyonnais.fr\/site\/#organization"},"image":{"@id":"https:\/\/newsestlyonnais.fr\/site\/2019\/10\/28\/est-lyonnais-le-boeuf-a-carreaux-viande-de-qualite-a-domicile-en-circuit-court\/#primaryimage"},"thumbnailUrl":"https:\/\/newsestlyonnais.fr\/site\/wp-content\/uploads\/2019\/10\/NEWSESTLYONNAIS-JN-VERNAY-01.jpg","articleSection":["Artisans | Commerces","CCEL | Communes","Cuisine | Gastronomie","Genas","Jonage","Jons | Pusignan","Lyon","Meyzieu","St Bonnet | St Laurent de Mure"],"inLanguage":"fr-FR","potentialAction":[{"@type":"CommentAction","name":"Comment","target":["https:\/\/newsestlyonnais.fr\/site\/2019\/10\/28\/est-lyonnais-le-boeuf-a-carreaux-viande-de-qualite-a-domicile-en-circuit-court\/#respond"]}]},{"@type":"WebPage","@id":"https:\/\/newsestlyonnais.fr\/site\/2019\/10\/28\/est-lyonnais-le-boeuf-a-carreaux-viande-de-qualite-a-domicile-en-circuit-court\/","url":"https:\/\/newsestlyonnais.fr\/site\/2019\/10\/28\/est-lyonnais-le-boeuf-a-carreaux-viande-de-qualite-a-domicile-en-circuit-court\/","name":"EST LYONNAIS | \" Le Boeuf \u00e0 Carreaux \" &gt; viande de qualit\u00e9 \u00e0 domicile en circuit court - News Est Lyonnais","isPartOf":{"@id":"https:\/\/newsestlyonnais.fr\/site\/#website"},"primaryImageOfPage":{"@id":"https:\/\/newsestlyonnais.fr\/site\/2019\/10\/28\/est-lyonnais-le-boeuf-a-carreaux-viande-de-qualite-a-domicile-en-circuit-court\/#primaryimage"},"image":{"@id":"https:\/\/newsestlyonnais.fr\/site\/2019\/10\/28\/est-lyonnais-le-boeuf-a-carreaux-viande-de-qualite-a-domicile-en-circuit-court\/#primaryimage"},"thumbnailUrl":"https:\/\/newsestlyonnais.fr\/site\/wp-content\/uploads\/2019\/10\/NEWSESTLYONNAIS-JN-VERNAY-01.jpg","datePublished":"2019-10-28T15:31:33+00:00","dateModified":"2022-07-04T11:47:52+00:00","description":"EST LYONNAIS | \" Le Boeuf \u00e0 Carreaux \" > viande de qualit\u00e9 \u00e0 domicile en circuit court","breadcrumb":{"@id":"https:\/\/newsestlyonnais.fr\/site\/2019\/10\/28\/est-lyonnais-le-boeuf-a-carreaux-viande-de-qualite-a-domicile-en-circuit-court\/#breadcrumb"},"inLanguage":"fr-FR","potentialAction":[{"@type":"ReadAction","target":["https:\/\/newsestlyonnais.fr\/site\/2019\/10\/28\/est-lyonnais-le-boeuf-a-carreaux-viande-de-qualite-a-domicile-en-circuit-court\/"]}]},{"@type":"ImageObject","inLanguage":"fr-FR","@id":"https:\/\/newsestlyonnais.fr\/site\/2019\/10\/28\/est-lyonnais-le-boeuf-a-carreaux-viande-de-qualite-a-domicile-en-circuit-court\/#primaryimage","url":"https:\/\/newsestlyonnais.fr\/site\/wp-content\/uploads\/2019\/10\/NEWSESTLYONNAIS-JN-VERNAY-01.jpg","contentUrl":"https:\/\/newsestlyonnais.fr\/site\/wp-content\/uploads\/2019\/10\/NEWSESTLYONNAIS-JN-VERNAY-01.jpg","width":1200,"height":800},{"@type":"BreadcrumbList","@id":"https:\/\/newsestlyonnais.fr\/site\/2019\/10\/28\/est-lyonnais-le-boeuf-a-carreaux-viande-de-qualite-a-domicile-en-circuit-court\/#breadcrumb","itemListElement":[{"@type":"ListItem","position":1,"name":"Accueil","item":"https:\/\/newsestlyonnais.fr\/site\/"},{"@type":"ListItem","position":2,"name":"EST LYONNAIS | \u00a0\u00bb Le Boeuf \u00e0 Carreaux \u00a0\u00bb &gt; viande de qualit\u00e9 \u00e0 domicile en circuit court"}]},{"@type":"WebSite","@id":"https:\/\/newsestlyonnais.fr\/site\/#website","url":"https:\/\/newsestlyonnais.fr\/site\/","name":"News Est Lyonnais","description":"L&#039;actualit\u00e9 au plus pr\u00e8s","publisher":{"@id":"https:\/\/newsestlyonnais.fr\/site\/#organization"},"potentialAction":[{"@type":"SearchAction","target":{"@type":"EntryPoint","urlTemplate":"https:\/\/newsestlyonnais.fr\/site\/?s={search_term_string}"},"query-input":{"@type":"PropertyValueSpecification","valueRequired":true,"valueName":"search_term_string"}}],"inLanguage":"fr-FR"},{"@type":"Organization","@id":"https:\/\/newsestlyonnais.fr\/site\/#organization","name":"News EST LYONNAIS","url":"https:\/\/newsestlyonnais.fr\/site\/","logo":{"@type":"ImageObject","inLanguage":"fr-FR","@id":"https:\/\/newsestlyonnais.fr\/site\/#\/schema\/logo\/image\/","url":"","contentUrl":"","caption":"News EST LYONNAIS"},"image":{"@id":"https:\/\/newsestlyonnais.fr\/site\/#\/schema\/logo\/image\/"}},{"@type":"Person","@id":"https:\/\/newsestlyonnais.fr\/site\/#\/schema\/person\/3230d5615f390bb808365d673001e887","name":"R\u00e9dac. NEWS","sameAs":["http:\/\/www.newsestlyonnais.fr","https:\/\/www.facebook.com\/pascal.oberson.1?fref=ts","https:\/\/fr.linkedin.com\/in\/pascal-oberson-b17045113"],"url":"https:\/\/newsestlyonnais.fr\/site\/author\/nel\/"}]}},"_links":{"self":[{"href":"https:\/\/newsestlyonnais.fr\/site\/wp-json\/wp\/v2\/posts\/86984","targetHints":{"allow":["GET"]}}],"collection":[{"href":"https:\/\/newsestlyonnais.fr\/site\/wp-json\/wp\/v2\/posts"}],"about":[{"href":"https:\/\/newsestlyonnais.fr\/site\/wp-json\/wp\/v2\/types\/post"}],"author":[{"embeddable":true,"href":"https:\/\/newsestlyonnais.fr\/site\/wp-json\/wp\/v2\/users\/4"}],"replies":[{"embeddable":true,"href":"https:\/\/newsestlyonnais.fr\/site\/wp-json\/wp\/v2\/comments?post=86984"}],"version-history":[{"count":0,"href":"https:\/\/newsestlyonnais.fr\/site\/wp-json\/wp\/v2\/posts\/86984\/revisions"}],"wp:featuredmedia":[{"embeddable":true,"href":"https:\/\/newsestlyonnais.fr\/site\/wp-json\/wp\/v2\/media\/86987"}],"wp:attachment":[{"href":"https:\/\/newsestlyonnais.fr\/site\/wp-json\/wp\/v2\/media?parent=86984"}],"wp:term":[{"taxonomy":"category","embeddable":true,"href":"https:\/\/newsestlyonnais.fr\/site\/wp-json\/wp\/v2\/categories?post=86984"},{"taxonomy":"post_tag","embeddable":true,"href":"https:\/\/newsestlyonnais.fr\/site\/wp-json\/wp\/v2\/tags?post=86984"}],"curies":[{"name":"wp","href":"https:\/\/api.w.org\/{rel}","templated":true}]}}