{"id":87428,"date":"2019-11-01T09:35:43","date_gmt":"2019-11-01T08:35:43","guid":{"rendered":"http:\/\/newsestlyonnais.fr\/site\/?p=87428"},"modified":"2022-07-10T19:37:24","modified_gmt":"2022-07-10T18:37:24","slug":"meyzieu-le-tournoi-jeunes-de-tennis-sacheve-ce-samedi","status":"publish","type":"post","link":"https:\/\/newsestlyonnais.fr\/site\/2019\/11\/01\/meyzieu-le-tournoi-jeunes-de-tennis-sacheve-ce-samedi\/","title":{"rendered":"MEYZIEU | Le tournoi de tennis s&rsquo;ach\u00e8ve samedi"},"content":{"rendered":"<div class=\"entry-body\">\n<p><span class=\"gras italique\">Marie Isabelle Ponsson<\/span>, juge-arbitre de la comp\u00e9tition et l&rsquo;\u00e9quipe d&rsquo;organisation de Meyzieu Tennis ont en effet recens\u00e9 la pr\u00e9sence de 32 joueuses et 132 joueurs soit un total de <strong>164 participant(e)s<\/strong> contre 140 en 2018.<\/p>\n<p>Une douzaine de membres du club majolan (dont 2 f\u00e9minines) disputent ce tournoi programm\u00e9 en 9 tableaux : 3 f\u00e9minins (11\/12, 13\/14 &amp; 15\/16) &amp; 6 masculins (11, 12, 13, 14, 15\/16 &amp; 17\/18).<\/p>\n<p><strong><em>Un tournoi dont les finales sont pr\u00e9vues ce samedi \u00e0 partir de 6 heures.<\/em><\/strong><\/p>\n<hr \/>\n<p><span style=\"background-color: #000000; color: #ffffff;\">Cinq rencontres \u00e9taient programm\u00e9es lors de la journ\u00e9e de jeudi, dans divers tableaux f\u00e9minins et masculins.<\/span><\/p>\n<p><em><strong><span style=\"text-decoration: underline;\">Filles<\/span> :<\/strong><\/em><\/p>\n<ul>\n<li><em><strong>SD 14 : Clara Suffet <\/strong><\/em>(TC La Pape, 15\/4) bat Tiffanie Chiffe (TC Tr\u00e9voux, 30)\u00a0\u00a0 \u00a0 5\/7, 6\/3, 7\/5. <strong><br \/>\n<\/strong><\/li>\n<li><strong>SD 16 : Alix Clergue <\/strong>(FCL, 15\/2) bat Margaux Vella (AT Tignieu-Jameyzieu, 15\/2)\u00a0\u00a0\u00a0\u00a0 4\/6, 6\/3, 6\/1.<strong><br \/>\n<\/strong><\/li>\n<\/ul>\n<p><span style=\"text-decoration: underline;\"><em><strong>Gar\u00e7ons<\/strong><\/em><\/span> :<\/p>\n<ul>\n<li><strong>SM 11 : L<\/strong><strong>enny Zanet-Laurent <\/strong>(TC Corbas, 30) bat Alessio Latocca (RC Montluel, 30\/2)\u00a0\u00a0 6\/3, 7\/5.<\/li>\n<li><strong>SM 12 : <\/strong><strong><strong>Tristan Vezinet <\/strong><\/strong>(Meyzieu Tennis, 30\/1) bat Benjamin Liu (FCL, 30)\u00a0 3\/6, 6\/0, 6\/4.<\/li>\n<li><strong>SM 16 : <\/strong><strong>Julien Juenet <\/strong>(Beynost Tennis, 15\/3) bat Thomas Bonnanfant (TC Genas, 15\/3) \u00a0 6\/1, 6\/0.<\/li>\n<\/ul>\n<p><span style=\"background-color: #000000; color: #ffffff;\"><strong>NOTA<\/strong><\/span> : 7 rencontres sont programm\u00e9es ce vendredi dans divers tableaux masculins.<\/p>\n<hr \/>\n<ul>\n<li><strong><em>Toute l\u2019ACTU de Meyzieu Tennis est sur :<\/em> <a href=\"http:\/\/www.meyzieutennis.com\">http:\/\/www.meyzieutennis.com<\/a><\/strong><\/li>\n<\/ul>\n<\/div>\n","protected":false},"excerpt":{"rendered":"<p>Une comp\u00e9tition r\u00e9serv\u00e9e aux 11\/18 ans qui touche \u00e0 sa fin et aura connu une participation sup\u00e9rieure \u00e0 l&rsquo;\u00e9dition 2018.<\/p>\n","protected":false},"author":4,"featured_media":76390,"comment_status":"open","ping_status":"open","sticky":false,"template":"","format":"standard","meta":{"footnotes":""},"categories":[24,2992,2991],"tags":[2081,2548,2049],"class_list":["post-87428","post","type-post","status-publish","format-standard","has-post-thumbnail","hentry","category-meyzieu","category-tennis-padel","category-tennis-tennis-table-sports","tag-meyzieu","tag-meyzieu-tennis","tag-tennis"],"yoast_head":"<!-- This site is optimized with the Yoast SEO plugin v27.2 - https:\/\/yoast.com\/product\/yoast-seo-wordpress\/ -->\n<title>MEYZIEU | Le tournoi de tennis s&#039;ach\u00e8ve samedi - News Est Lyonnais<\/title>\n<meta name=\"robots\" content=\"index, follow, max-snippet:-1, max-image-preview:large, max-video-preview:-1\" \/>\n<link rel=\"canonical\" href=\"https:\/\/newsestlyonnais.fr\/site\/2019\/11\/01\/meyzieu-le-tournoi-jeunes-de-tennis-sacheve-ce-samedi\/\" \/>\n<meta property=\"og:locale\" content=\"fr_FR\" \/>\n<meta property=\"og:type\" content=\"article\" \/>\n<meta property=\"og:title\" content=\"MEYZIEU | Le tournoi de tennis s&#039;ach\u00e8ve samedi - News Est Lyonnais\" \/>\n<meta property=\"og:description\" content=\"Une comp\u00e9tition r\u00e9serv\u00e9e aux 11\/18 ans qui touche \u00e0 sa fin et aura connu une participation sup\u00e9rieure \u00e0 l&#039;\u00e9dition 2018.\" \/>\n<meta property=\"og:url\" content=\"https:\/\/newsestlyonnais.fr\/site\/2019\/11\/01\/meyzieu-le-tournoi-jeunes-de-tennis-sacheve-ce-samedi\/\" \/>\n<meta property=\"og:site_name\" content=\"News Est Lyonnais\" \/>\n<meta property=\"article:author\" content=\"https:\/\/www.facebook.com\/pascal.oberson.1?fref=ts\" \/>\n<meta property=\"article:published_time\" content=\"2019-11-01T08:35:43+00:00\" \/>\n<meta property=\"article:modified_time\" content=\"2022-07-10T18:37:24+00:00\" \/>\n<meta property=\"og:image\" content=\"https:\/\/newsestlyonnais.fr\/site\/wp-content\/uploads\/2019\/06\/NEWSESTLYONNAIS-LOGO-TENNIS.png\" \/>\n\t<meta property=\"og:image:width\" content=\"1000\" \/>\n\t<meta property=\"og:image:height\" content=\"750\" \/>\n\t<meta property=\"og:image:type\" content=\"image\/png\" \/>\n<meta name=\"author\" content=\"R\u00e9dac. NEWS\" \/>\n<meta name=\"twitter:card\" content=\"summary_large_image\" \/>\n<meta name=\"twitter:label1\" content=\"\u00c9crit par\" \/>\n\t<meta name=\"twitter:data1\" content=\"R\u00e9dac. NEWS\" \/>\n\t<meta name=\"twitter:label2\" content=\"Dur\u00e9e de lecture estim\u00e9e\" \/>\n\t<meta name=\"twitter:data2\" content=\"2 minutes\" \/>\n<script type=\"application\/ld+json\" class=\"yoast-schema-graph\">{\"@context\":\"https:\/\/schema.org\",\"@graph\":[{\"@type\":\"Article\",\"@id\":\"https:\/\/newsestlyonnais.fr\/site\/2019\/11\/01\/meyzieu-le-tournoi-jeunes-de-tennis-sacheve-ce-samedi\/#article\",\"isPartOf\":{\"@id\":\"https:\/\/newsestlyonnais.fr\/site\/2019\/11\/01\/meyzieu-le-tournoi-jeunes-de-tennis-sacheve-ce-samedi\/\"},\"author\":{\"name\":\"R\u00e9dac. NEWS\",\"@id\":\"https:\/\/newsestlyonnais.fr\/site\/#\/schema\/person\/3230d5615f390bb808365d673001e887\"},\"headline\":\"MEYZIEU | Le tournoi de tennis s&rsquo;ach\u00e8ve samedi\",\"datePublished\":\"2019-11-01T08:35:43+00:00\",\"dateModified\":\"2022-07-10T18:37:24+00:00\",\"mainEntityOfPage\":{\"@id\":\"https:\/\/newsestlyonnais.fr\/site\/2019\/11\/01\/meyzieu-le-tournoi-jeunes-de-tennis-sacheve-ce-samedi\/\"},\"wordCount\":176,\"commentCount\":0,\"publisher\":{\"@id\":\"https:\/\/newsestlyonnais.fr\/site\/#organization\"},\"image\":{\"@id\":\"https:\/\/newsestlyonnais.fr\/site\/2019\/11\/01\/meyzieu-le-tournoi-jeunes-de-tennis-sacheve-ce-samedi\/#primaryimage\"},\"thumbnailUrl\":\"https:\/\/newsestlyonnais.fr\/site\/wp-content\/uploads\/2019\/06\/NEWSESTLYONNAIS-LOGO-TENNIS.png\",\"keywords\":[\"MEYZIEU\",\"MEYZIEU TENNIS\",\"TENNIS\"],\"articleSection\":[\"Meyzieu\",\"Tennis | Padel\",\"Tennis | Tennis de table\"],\"inLanguage\":\"fr-FR\",\"potentialAction\":[{\"@type\":\"CommentAction\",\"name\":\"Comment\",\"target\":[\"https:\/\/newsestlyonnais.fr\/site\/2019\/11\/01\/meyzieu-le-tournoi-jeunes-de-tennis-sacheve-ce-samedi\/#respond\"]}]},{\"@type\":\"WebPage\",\"@id\":\"https:\/\/newsestlyonnais.fr\/site\/2019\/11\/01\/meyzieu-le-tournoi-jeunes-de-tennis-sacheve-ce-samedi\/\",\"url\":\"https:\/\/newsestlyonnais.fr\/site\/2019\/11\/01\/meyzieu-le-tournoi-jeunes-de-tennis-sacheve-ce-samedi\/\",\"name\":\"MEYZIEU | Le tournoi de tennis s'ach\u00e8ve samedi - News Est Lyonnais\",\"isPartOf\":{\"@id\":\"https:\/\/newsestlyonnais.fr\/site\/#website\"},\"primaryImageOfPage\":{\"@id\":\"https:\/\/newsestlyonnais.fr\/site\/2019\/11\/01\/meyzieu-le-tournoi-jeunes-de-tennis-sacheve-ce-samedi\/#primaryimage\"},\"image\":{\"@id\":\"https:\/\/newsestlyonnais.fr\/site\/2019\/11\/01\/meyzieu-le-tournoi-jeunes-de-tennis-sacheve-ce-samedi\/#primaryimage\"},\"thumbnailUrl\":\"https:\/\/newsestlyonnais.fr\/site\/wp-content\/uploads\/2019\/06\/NEWSESTLYONNAIS-LOGO-TENNIS.png\",\"datePublished\":\"2019-11-01T08:35:43+00:00\",\"dateModified\":\"2022-07-10T18:37:24+00:00\",\"breadcrumb\":{\"@id\":\"https:\/\/newsestlyonnais.fr\/site\/2019\/11\/01\/meyzieu-le-tournoi-jeunes-de-tennis-sacheve-ce-samedi\/#breadcrumb\"},\"inLanguage\":\"fr-FR\",\"potentialAction\":[{\"@type\":\"ReadAction\",\"target\":[\"https:\/\/newsestlyonnais.fr\/site\/2019\/11\/01\/meyzieu-le-tournoi-jeunes-de-tennis-sacheve-ce-samedi\/\"]}]},{\"@type\":\"ImageObject\",\"inLanguage\":\"fr-FR\",\"@id\":\"https:\/\/newsestlyonnais.fr\/site\/2019\/11\/01\/meyzieu-le-tournoi-jeunes-de-tennis-sacheve-ce-samedi\/#primaryimage\",\"url\":\"https:\/\/newsestlyonnais.fr\/site\/wp-content\/uploads\/2019\/06\/NEWSESTLYONNAIS-LOGO-TENNIS.png\",\"contentUrl\":\"https:\/\/newsestlyonnais.fr\/site\/wp-content\/uploads\/2019\/06\/NEWSESTLYONNAIS-LOGO-TENNIS.png\",\"width\":1000,\"height\":750},{\"@type\":\"BreadcrumbList\",\"@id\":\"https:\/\/newsestlyonnais.fr\/site\/2019\/11\/01\/meyzieu-le-tournoi-jeunes-de-tennis-sacheve-ce-samedi\/#breadcrumb\",\"itemListElement\":[{\"@type\":\"ListItem\",\"position\":1,\"name\":\"Accueil\",\"item\":\"https:\/\/newsestlyonnais.fr\/site\/\"},{\"@type\":\"ListItem\",\"position\":2,\"name\":\"MEYZIEU | Le tournoi de tennis s&rsquo;ach\u00e8ve samedi\"}]},{\"@type\":\"WebSite\",\"@id\":\"https:\/\/newsestlyonnais.fr\/site\/#website\",\"url\":\"https:\/\/newsestlyonnais.fr\/site\/\",\"name\":\"News Est Lyonnais\",\"description\":\"L&#039;actualit\u00e9 au plus pr\u00e8s\",\"publisher\":{\"@id\":\"https:\/\/newsestlyonnais.fr\/site\/#organization\"},\"potentialAction\":[{\"@type\":\"SearchAction\",\"target\":{\"@type\":\"EntryPoint\",\"urlTemplate\":\"https:\/\/newsestlyonnais.fr\/site\/?s={search_term_string}\"},\"query-input\":{\"@type\":\"PropertyValueSpecification\",\"valueRequired\":true,\"valueName\":\"search_term_string\"}}],\"inLanguage\":\"fr-FR\"},{\"@type\":\"Organization\",\"@id\":\"https:\/\/newsestlyonnais.fr\/site\/#organization\",\"name\":\"News EST LYONNAIS\",\"url\":\"https:\/\/newsestlyonnais.fr\/site\/\",\"logo\":{\"@type\":\"ImageObject\",\"inLanguage\":\"fr-FR\",\"@id\":\"https:\/\/newsestlyonnais.fr\/site\/#\/schema\/logo\/image\/\",\"url\":\"\",\"contentUrl\":\"\",\"caption\":\"News EST LYONNAIS\"},\"image\":{\"@id\":\"https:\/\/newsestlyonnais.fr\/site\/#\/schema\/logo\/image\/\"}},{\"@type\":\"Person\",\"@id\":\"https:\/\/newsestlyonnais.fr\/site\/#\/schema\/person\/3230d5615f390bb808365d673001e887\",\"name\":\"R\u00e9dac. NEWS\",\"sameAs\":[\"http:\/\/www.newsestlyonnais.fr\",\"https:\/\/www.facebook.com\/pascal.oberson.1?fref=ts\",\"https:\/\/fr.linkedin.com\/in\/pascal-oberson-b17045113\"],\"url\":\"https:\/\/newsestlyonnais.fr\/site\/author\/nel\/\"}]}<\/script>\n<!-- \/ Yoast SEO plugin. -->","yoast_head_json":{"title":"MEYZIEU | Le tournoi de tennis s'ach\u00e8ve samedi - News Est Lyonnais","robots":{"index":"index","follow":"follow","max-snippet":"max-snippet:-1","max-image-preview":"max-image-preview:large","max-video-preview":"max-video-preview:-1"},"canonical":"https:\/\/newsestlyonnais.fr\/site\/2019\/11\/01\/meyzieu-le-tournoi-jeunes-de-tennis-sacheve-ce-samedi\/","og_locale":"fr_FR","og_type":"article","og_title":"MEYZIEU | Le tournoi de tennis s'ach\u00e8ve samedi - News Est Lyonnais","og_description":"Une comp\u00e9tition r\u00e9serv\u00e9e aux 11\/18 ans qui touche \u00e0 sa fin et aura connu une participation sup\u00e9rieure \u00e0 l'\u00e9dition 2018.","og_url":"https:\/\/newsestlyonnais.fr\/site\/2019\/11\/01\/meyzieu-le-tournoi-jeunes-de-tennis-sacheve-ce-samedi\/","og_site_name":"News Est Lyonnais","article_author":"https:\/\/www.facebook.com\/pascal.oberson.1?fref=ts","article_published_time":"2019-11-01T08:35:43+00:00","article_modified_time":"2022-07-10T18:37:24+00:00","og_image":[{"width":1000,"height":750,"url":"https:\/\/newsestlyonnais.fr\/site\/wp-content\/uploads\/2019\/06\/NEWSESTLYONNAIS-LOGO-TENNIS.png","type":"image\/png"}],"author":"R\u00e9dac. NEWS","twitter_card":"summary_large_image","twitter_misc":{"\u00c9crit par":"R\u00e9dac. NEWS","Dur\u00e9e de lecture estim\u00e9e":"2 minutes"},"schema":{"@context":"https:\/\/schema.org","@graph":[{"@type":"Article","@id":"https:\/\/newsestlyonnais.fr\/site\/2019\/11\/01\/meyzieu-le-tournoi-jeunes-de-tennis-sacheve-ce-samedi\/#article","isPartOf":{"@id":"https:\/\/newsestlyonnais.fr\/site\/2019\/11\/01\/meyzieu-le-tournoi-jeunes-de-tennis-sacheve-ce-samedi\/"},"author":{"name":"R\u00e9dac. NEWS","@id":"https:\/\/newsestlyonnais.fr\/site\/#\/schema\/person\/3230d5615f390bb808365d673001e887"},"headline":"MEYZIEU | Le tournoi de tennis s&rsquo;ach\u00e8ve samedi","datePublished":"2019-11-01T08:35:43+00:00","dateModified":"2022-07-10T18:37:24+00:00","mainEntityOfPage":{"@id":"https:\/\/newsestlyonnais.fr\/site\/2019\/11\/01\/meyzieu-le-tournoi-jeunes-de-tennis-sacheve-ce-samedi\/"},"wordCount":176,"commentCount":0,"publisher":{"@id":"https:\/\/newsestlyonnais.fr\/site\/#organization"},"image":{"@id":"https:\/\/newsestlyonnais.fr\/site\/2019\/11\/01\/meyzieu-le-tournoi-jeunes-de-tennis-sacheve-ce-samedi\/#primaryimage"},"thumbnailUrl":"https:\/\/newsestlyonnais.fr\/site\/wp-content\/uploads\/2019\/06\/NEWSESTLYONNAIS-LOGO-TENNIS.png","keywords":["MEYZIEU","MEYZIEU TENNIS","TENNIS"],"articleSection":["Meyzieu","Tennis | Padel","Tennis | Tennis de table"],"inLanguage":"fr-FR","potentialAction":[{"@type":"CommentAction","name":"Comment","target":["https:\/\/newsestlyonnais.fr\/site\/2019\/11\/01\/meyzieu-le-tournoi-jeunes-de-tennis-sacheve-ce-samedi\/#respond"]}]},{"@type":"WebPage","@id":"https:\/\/newsestlyonnais.fr\/site\/2019\/11\/01\/meyzieu-le-tournoi-jeunes-de-tennis-sacheve-ce-samedi\/","url":"https:\/\/newsestlyonnais.fr\/site\/2019\/11\/01\/meyzieu-le-tournoi-jeunes-de-tennis-sacheve-ce-samedi\/","name":"MEYZIEU | Le tournoi de tennis s'ach\u00e8ve samedi - News Est Lyonnais","isPartOf":{"@id":"https:\/\/newsestlyonnais.fr\/site\/#website"},"primaryImageOfPage":{"@id":"https:\/\/newsestlyonnais.fr\/site\/2019\/11\/01\/meyzieu-le-tournoi-jeunes-de-tennis-sacheve-ce-samedi\/#primaryimage"},"image":{"@id":"https:\/\/newsestlyonnais.fr\/site\/2019\/11\/01\/meyzieu-le-tournoi-jeunes-de-tennis-sacheve-ce-samedi\/#primaryimage"},"thumbnailUrl":"https:\/\/newsestlyonnais.fr\/site\/wp-content\/uploads\/2019\/06\/NEWSESTLYONNAIS-LOGO-TENNIS.png","datePublished":"2019-11-01T08:35:43+00:00","dateModified":"2022-07-10T18:37:24+00:00","breadcrumb":{"@id":"https:\/\/newsestlyonnais.fr\/site\/2019\/11\/01\/meyzieu-le-tournoi-jeunes-de-tennis-sacheve-ce-samedi\/#breadcrumb"},"inLanguage":"fr-FR","potentialAction":[{"@type":"ReadAction","target":["https:\/\/newsestlyonnais.fr\/site\/2019\/11\/01\/meyzieu-le-tournoi-jeunes-de-tennis-sacheve-ce-samedi\/"]}]},{"@type":"ImageObject","inLanguage":"fr-FR","@id":"https:\/\/newsestlyonnais.fr\/site\/2019\/11\/01\/meyzieu-le-tournoi-jeunes-de-tennis-sacheve-ce-samedi\/#primaryimage","url":"https:\/\/newsestlyonnais.fr\/site\/wp-content\/uploads\/2019\/06\/NEWSESTLYONNAIS-LOGO-TENNIS.png","contentUrl":"https:\/\/newsestlyonnais.fr\/site\/wp-content\/uploads\/2019\/06\/NEWSESTLYONNAIS-LOGO-TENNIS.png","width":1000,"height":750},{"@type":"BreadcrumbList","@id":"https:\/\/newsestlyonnais.fr\/site\/2019\/11\/01\/meyzieu-le-tournoi-jeunes-de-tennis-sacheve-ce-samedi\/#breadcrumb","itemListElement":[{"@type":"ListItem","position":1,"name":"Accueil","item":"https:\/\/newsestlyonnais.fr\/site\/"},{"@type":"ListItem","position":2,"name":"MEYZIEU | Le tournoi de tennis s&rsquo;ach\u00e8ve samedi"}]},{"@type":"WebSite","@id":"https:\/\/newsestlyonnais.fr\/site\/#website","url":"https:\/\/newsestlyonnais.fr\/site\/","name":"News Est Lyonnais","description":"L&#039;actualit\u00e9 au plus pr\u00e8s","publisher":{"@id":"https:\/\/newsestlyonnais.fr\/site\/#organization"},"potentialAction":[{"@type":"SearchAction","target":{"@type":"EntryPoint","urlTemplate":"https:\/\/newsestlyonnais.fr\/site\/?s={search_term_string}"},"query-input":{"@type":"PropertyValueSpecification","valueRequired":true,"valueName":"search_term_string"}}],"inLanguage":"fr-FR"},{"@type":"Organization","@id":"https:\/\/newsestlyonnais.fr\/site\/#organization","name":"News EST LYONNAIS","url":"https:\/\/newsestlyonnais.fr\/site\/","logo":{"@type":"ImageObject","inLanguage":"fr-FR","@id":"https:\/\/newsestlyonnais.fr\/site\/#\/schema\/logo\/image\/","url":"","contentUrl":"","caption":"News EST LYONNAIS"},"image":{"@id":"https:\/\/newsestlyonnais.fr\/site\/#\/schema\/logo\/image\/"}},{"@type":"Person","@id":"https:\/\/newsestlyonnais.fr\/site\/#\/schema\/person\/3230d5615f390bb808365d673001e887","name":"R\u00e9dac. NEWS","sameAs":["http:\/\/www.newsestlyonnais.fr","https:\/\/www.facebook.com\/pascal.oberson.1?fref=ts","https:\/\/fr.linkedin.com\/in\/pascal-oberson-b17045113"],"url":"https:\/\/newsestlyonnais.fr\/site\/author\/nel\/"}]}},"_links":{"self":[{"href":"https:\/\/newsestlyonnais.fr\/site\/wp-json\/wp\/v2\/posts\/87428","targetHints":{"allow":["GET"]}}],"collection":[{"href":"https:\/\/newsestlyonnais.fr\/site\/wp-json\/wp\/v2\/posts"}],"about":[{"href":"https:\/\/newsestlyonnais.fr\/site\/wp-json\/wp\/v2\/types\/post"}],"author":[{"embeddable":true,"href":"https:\/\/newsestlyonnais.fr\/site\/wp-json\/wp\/v2\/users\/4"}],"replies":[{"embeddable":true,"href":"https:\/\/newsestlyonnais.fr\/site\/wp-json\/wp\/v2\/comments?post=87428"}],"version-history":[{"count":0,"href":"https:\/\/newsestlyonnais.fr\/site\/wp-json\/wp\/v2\/posts\/87428\/revisions"}],"wp:featuredmedia":[{"embeddable":true,"href":"https:\/\/newsestlyonnais.fr\/site\/wp-json\/wp\/v2\/media\/76390"}],"wp:attachment":[{"href":"https:\/\/newsestlyonnais.fr\/site\/wp-json\/wp\/v2\/media?parent=87428"}],"wp:term":[{"taxonomy":"category","embeddable":true,"href":"https:\/\/newsestlyonnais.fr\/site\/wp-json\/wp\/v2\/categories?post=87428"},{"taxonomy":"post_tag","embeddable":true,"href":"https:\/\/newsestlyonnais.fr\/site\/wp-json\/wp\/v2\/tags?post=87428"}],"curies":[{"name":"wp","href":"https:\/\/api.w.org\/{rel}","templated":true}]}}