{"id":87600,"date":"2019-11-03T09:46:08","date_gmt":"2019-11-03T08:46:08","guid":{"rendered":"http:\/\/newsestlyonnais.fr\/site\/?p=87600"},"modified":"2019-11-05T15:33:05","modified_gmt":"2019-11-05T14:33:05","slug":"decines-les-evenements-de-novembre","status":"publish","type":"post","link":"https:\/\/newsestlyonnais.fr\/site\/2019\/11\/03\/decines-les-evenements-de-novembre\/","title":{"rendered":"DECINES | Les \u00e9v\u00e8nements de novembre"},"content":{"rendered":"<ul>\n<li><strong>jusqu&rsquo;au 15 novembre : Le Mois de la Sant\u00e9 2019<\/strong>. Plus d&rsquo;infos sur : <a href=\"https:\/\/www.decines-charpieu.fr\/evenement\/1850\/217-actualite.htm\">https:\/\/www.decines-charpieu.fr\/evenement\/1850\/217-actualite.htm<\/a><\/li>\n<li><strong>jusqu&rsquo;au 31 janvier 2020 : Permanences vaccinales<\/strong>. (Centre de Sant\u00e9 DECINES SANT\u00c9 PLUS, 32, rue de la R\u00e9publique). Plus d&rsquo;infos sur : <a href=\"https:\/\/www.decines-charpieu.fr\/TPL_CODE\/TPL_EVENEMENTLISTE\/217-actualite.htm?Find=1&amp;EVT_ALAUNE=1&amp;EvntOnly=1&amp;ip=1&amp;op=EVP_DATEDEBUT+asc&amp;cp=3c1606d336e68878d808&amp;mp=10#p\">https:\/\/www.decines-charpieu.fr<\/a><\/li>\n<li><strong>s<\/strong><span class=\"date\"><strong>amedi 9 novembre<\/strong> <strong>de 9 h 30 \u00e0 12 h<\/strong>:\u00a0 <strong>B<\/strong><span class=\"description\"><strong>apt\u00eame de plong\u00e9e<\/strong> \/ <\/span>Neptune Club &amp; service des sports. (C<span class=\"description\">entre aquatique Camille Muffat). <\/span><\/span><\/li>\n<li><strong>samedi 9 au dimanche 10 novembre : Foire aux livres de D\u00e9cines<\/strong> \/ association Biblioth\u00e8que et D\u00e9veloppement. (Salle des f\u00eates de la Mairie de D\u00e9cines, place Roger Salengro).<\/li>\n<li><strong>lundi 11 novembre : Comm\u00e9moration de l&rsquo;armistice du 11 novembre 1918 \u00e0 10 h<\/strong> place Henri Barbusse puis cimeti\u00e8re communal.<\/li>\n<li><strong>jeudi 14 novembre<\/strong> : <span class=\"titre\"><strong>Concours de boules lyonnaises v\u00e9t\u00e9rans<\/strong> \/ <span class=\"description\">Club Bouliste D\u00e9cinois. Une partie le matin et deux parties l&rsquo;apr\u00e8s midi, en 13 points ou 2 heures. (Boulodrome 30 rue Paul Bert).<\/span><\/span><\/li>\n<li><strong>vendredi 15 novembre \u00e0 19 h : <span class=\"titre\">Inauguration des Halles D\u00e9cinoises.<\/span><\/strong><span class=\"titre\"> (<\/span><span class=\"description\">35 rue Marat) <\/span><strong><span class=\"description\">&amp;\u00a0<\/span><\/strong><strong>\u00e0 20 h<\/strong> : <strong>Conf\u00e9rence-concert de <span class=\"description\">musique populaire br\u00e9silienne. <\/span><\/strong>(Maison des soci\u00e9t\u00e9s, 5 rue Antoine Lumi\u00e8re).<\/li>\n<li><strong>samedi 16 novembre 2019 \u00e0 20 h 30<\/strong> : <strong>Concert-Spectacle <\/strong>en hommage \u00e0 Charles AZNAVOUR. (Salle des f\u00eates de la Mairie de D\u00e9cines, place Roger Salengro).<\/li>\n<li><span class=\"titre\"><strong><span class=\"date\">dimanche 17 novembre<\/span> \u00e0 14 h : Grand Loto<\/strong> \/ Anciens sapeurs Pompiers. (Salle des f\u00eates de la Mairie de D\u00e9cines, place Roger Salengro). <\/span><\/li>\n<li><strong>dimanche 24 novembre de 9 h \u00e0 16 h : Championnat r\u00e9gional d&rsquo;aviron \/ <\/strong>Aviron D\u00e9cinois. (Base 52 rue de la Fraternit\u00e9).<\/li>\n<li><strong>samedi 30 novembre de 9 h \u00e0 15 h : Bourse aux jouets et d\u00e9co de No\u00ebl. <\/strong>(Centre social Dolto, 1 rue P\u00e9goud).<\/li>\n<\/ul>\n<p><strong>Toute l\u2019ACTU de la commune est sur : <a href=\"https:\/\/www.decines.fr\">https:\/\/www.decines.fr<\/a><\/strong><\/p>\n<div id='gallery-1' class='gallery galleryid-87600 gallery-columns-3 gallery-size-thumbnail'><figure class='gallery-item'>\n\t\t\t<div class='gallery-icon portrait'>\n\t\t\t\t<a href='https:\/\/newsestlyonnais.fr\/site\/newsestlyonnais-conc-boules-decines\/'><img loading=\"lazy\" decoding=\"async\" width=\"105\" height=\"150\" src=\"https:\/\/newsestlyonnais.fr\/site\/wp-content\/uploads\/2019\/10\/NEWSESTLYONNAIS-CONC-BOULES-DECINES-250x356.jpg\" class=\"attachment-thumbnail size-thumbnail\" alt=\"\" aria-describedby=\"gallery-1-85983\" srcset=\"https:\/\/newsestlyonnais.fr\/site\/wp-content\/uploads\/2019\/10\/NEWSESTLYONNAIS-CONC-BOULES-DECINES-250x356.jpg 250w, https:\/\/newsestlyonnais.fr\/site\/wp-content\/uploads\/2019\/10\/NEWSESTLYONNAIS-CONC-BOULES-DECINES-400x569.jpg 400w, https:\/\/newsestlyonnais.fr\/site\/wp-content\/uploads\/2019\/10\/NEWSESTLYONNAIS-CONC-BOULES-DECINES-650x924.jpg 650w, https:\/\/newsestlyonnais.fr\/site\/wp-content\/uploads\/2019\/10\/NEWSESTLYONNAIS-CONC-BOULES-DECINES-150x213.jpg 150w, https:\/\/newsestlyonnais.fr\/site\/wp-content\/uploads\/2019\/10\/NEWSESTLYONNAIS-CONC-BOULES-DECINES-50x71.jpg 50w, https:\/\/newsestlyonnais.fr\/site\/wp-content\/uploads\/2019\/10\/NEWSESTLYONNAIS-CONC-BOULES-DECINES-100x142.jpg 100w, https:\/\/newsestlyonnais.fr\/site\/wp-content\/uploads\/2019\/10\/NEWSESTLYONNAIS-CONC-BOULES-DECINES-200x284.jpg 200w, https:\/\/newsestlyonnais.fr\/site\/wp-content\/uploads\/2019\/10\/NEWSESTLYONNAIS-CONC-BOULES-DECINES-300x427.jpg 300w, https:\/\/newsestlyonnais.fr\/site\/wp-content\/uploads\/2019\/10\/NEWSESTLYONNAIS-CONC-BOULES-DECINES-350x498.jpg 350w, https:\/\/newsestlyonnais.fr\/site\/wp-content\/uploads\/2019\/10\/NEWSESTLYONNAIS-CONC-BOULES-DECINES-450x640.jpg 450w, https:\/\/newsestlyonnais.fr\/site\/wp-content\/uploads\/2019\/10\/NEWSESTLYONNAIS-CONC-BOULES-DECINES-500x711.jpg 500w, https:\/\/newsestlyonnais.fr\/site\/wp-content\/uploads\/2019\/10\/NEWSESTLYONNAIS-CONC-BOULES-DECINES-550x782.jpg 550w, https:\/\/newsestlyonnais.fr\/site\/wp-content\/uploads\/2019\/10\/NEWSESTLYONNAIS-CONC-BOULES-DECINES.jpg 675w\" sizes=\"auto, (max-width: 105px) 100vw, 105px\" \/><\/a>\n\t\t\t<\/div>\n\t\t\t\t<figcaption class='wp-caption-text gallery-caption' id='gallery-1-85983'>\n\t\t\t\tConcours de boules \n\t\t\t\t<\/figcaption><\/figure><figure class='gallery-item'>\n\t\t\t<div class='gallery-icon landscape'>\n\t\t\t\t<a href='https:\/\/newsestlyonnais.fr\/site\/newsestlyonnais-inau-halle-decines\/'><img loading=\"lazy\" decoding=\"async\" width=\"150\" height=\"79\" src=\"https:\/\/newsestlyonnais.fr\/site\/wp-content\/uploads\/2019\/10\/NEWSESTLYONNAIS-INAU-HALLE-DECINES-250x131.jpg\" class=\"attachment-thumbnail size-thumbnail\" alt=\"\" aria-describedby=\"gallery-1-86870\" srcset=\"https:\/\/newsestlyonnais.fr\/site\/wp-content\/uploads\/2019\/10\/NEWSESTLYONNAIS-INAU-HALLE-DECINES-250x131.jpg 250w, https:\/\/newsestlyonnais.fr\/site\/wp-content\/uploads\/2019\/10\/NEWSESTLYONNAIS-INAU-HALLE-DECINES-400x210.jpg 400w, https:\/\/newsestlyonnais.fr\/site\/wp-content\/uploads\/2019\/10\/NEWSESTLYONNAIS-INAU-HALLE-DECINES-768x403.jpg 768w, https:\/\/newsestlyonnais.fr\/site\/wp-content\/uploads\/2019\/10\/NEWSESTLYONNAIS-INAU-HALLE-DECINES-650x341.jpg 650w, https:\/\/newsestlyonnais.fr\/site\/wp-content\/uploads\/2019\/10\/NEWSESTLYONNAIS-INAU-HALLE-DECINES-150x79.jpg 150w, https:\/\/newsestlyonnais.fr\/site\/wp-content\/uploads\/2019\/10\/NEWSESTLYONNAIS-INAU-HALLE-DECINES-50x26.jpg 50w, https:\/\/newsestlyonnais.fr\/site\/wp-content\/uploads\/2019\/10\/NEWSESTLYONNAIS-INAU-HALLE-DECINES-100x53.jpg 100w, https:\/\/newsestlyonnais.fr\/site\/wp-content\/uploads\/2019\/10\/NEWSESTLYONNAIS-INAU-HALLE-DECINES-200x105.jpg 200w, https:\/\/newsestlyonnais.fr\/site\/wp-content\/uploads\/2019\/10\/NEWSESTLYONNAIS-INAU-HALLE-DECINES-300x158.jpg 300w, https:\/\/newsestlyonnais.fr\/site\/wp-content\/uploads\/2019\/10\/NEWSESTLYONNAIS-INAU-HALLE-DECINES-350x184.jpg 350w, https:\/\/newsestlyonnais.fr\/site\/wp-content\/uploads\/2019\/10\/NEWSESTLYONNAIS-INAU-HALLE-DECINES-450x236.jpg 450w, https:\/\/newsestlyonnais.fr\/site\/wp-content\/uploads\/2019\/10\/NEWSESTLYONNAIS-INAU-HALLE-DECINES-500x263.jpg 500w, https:\/\/newsestlyonnais.fr\/site\/wp-content\/uploads\/2019\/10\/NEWSESTLYONNAIS-INAU-HALLE-DECINES-550x289.jpg 550w, https:\/\/newsestlyonnais.fr\/site\/wp-content\/uploads\/2019\/10\/NEWSESTLYONNAIS-INAU-HALLE-DECINES-800x420.jpg 800w, https:\/\/newsestlyonnais.fr\/site\/wp-content\/uploads\/2019\/10\/NEWSESTLYONNAIS-INAU-HALLE-DECINES.jpg 960w\" sizes=\"auto, (max-width: 150px) 100vw, 150px\" \/><\/a>\n\t\t\t<\/div>\n\t\t\t\t<figcaption class='wp-caption-text gallery-caption' id='gallery-1-86870'>\n\t\t\t\tInauguration halles d\u00e9cinoises\n\t\t\t\t<\/figcaption><\/figure><figure class='gallery-item'>\n\t\t\t<div class='gallery-icon portrait'>\n\t\t\t\t<a href='https:\/\/newsestlyonnais.fr\/site\/2019\/11\/03\/decines-les-evenements-de-novembre\/newsestlyonnais-conc-aznavour\/'><img loading=\"lazy\" decoding=\"async\" width=\"105\" height=\"150\" src=\"https:\/\/newsestlyonnais.fr\/site\/wp-content\/uploads\/2019\/11\/NEWSESTLYONNAIS-CONC-AZNAVOUR-250x356.jpg\" class=\"attachment-thumbnail size-thumbnail\" alt=\"\" aria-describedby=\"gallery-1-87626\" srcset=\"https:\/\/newsestlyonnais.fr\/site\/wp-content\/uploads\/2019\/11\/NEWSESTLYONNAIS-CONC-AZNAVOUR-250x356.jpg 250w, https:\/\/newsestlyonnais.fr\/site\/wp-content\/uploads\/2019\/11\/NEWSESTLYONNAIS-CONC-AZNAVOUR-400x569.jpg 400w, https:\/\/newsestlyonnais.fr\/site\/wp-content\/uploads\/2019\/11\/NEWSESTLYONNAIS-CONC-AZNAVOUR-150x213.jpg 150w, https:\/\/newsestlyonnais.fr\/site\/wp-content\/uploads\/2019\/11\/NEWSESTLYONNAIS-CONC-AZNAVOUR-50x71.jpg 50w, https:\/\/newsestlyonnais.fr\/site\/wp-content\/uploads\/2019\/11\/NEWSESTLYONNAIS-CONC-AZNAVOUR-100x142.jpg 100w, https:\/\/newsestlyonnais.fr\/site\/wp-content\/uploads\/2019\/11\/NEWSESTLYONNAIS-CONC-AZNAVOUR-200x284.jpg 200w, https:\/\/newsestlyonnais.fr\/site\/wp-content\/uploads\/2019\/11\/NEWSESTLYONNAIS-CONC-AZNAVOUR-300x427.jpg 300w, https:\/\/newsestlyonnais.fr\/site\/wp-content\/uploads\/2019\/11\/NEWSESTLYONNAIS-CONC-AZNAVOUR-350x498.jpg 350w, https:\/\/newsestlyonnais.fr\/site\/wp-content\/uploads\/2019\/11\/NEWSESTLYONNAIS-CONC-AZNAVOUR-450x640.jpg 450w, https:\/\/newsestlyonnais.fr\/site\/wp-content\/uploads\/2019\/11\/NEWSESTLYONNAIS-CONC-AZNAVOUR-500x711.jpg 500w, https:\/\/newsestlyonnais.fr\/site\/wp-content\/uploads\/2019\/11\/NEWSESTLYONNAIS-CONC-AZNAVOUR-550x782.jpg 550w, https:\/\/newsestlyonnais.fr\/site\/wp-content\/uploads\/2019\/11\/NEWSESTLYONNAIS-CONC-AZNAVOUR.jpg 637w\" sizes=\"auto, (max-width: 105px) 100vw, 105px\" \/><\/a>\n\t\t\t<\/div>\n\t\t\t\t<figcaption class='wp-caption-text gallery-caption' id='gallery-1-87626'>\n\t\t\t\tConcert en hommage \u00e0 Aznavour\n\t\t\t\t<\/figcaption><\/figure><figure class='gallery-item'>\n\t\t\t<div class='gallery-icon portrait'>\n\t\t\t\t<a href='https:\/\/newsestlyonnais.fr\/site\/newsestlyonnais-aviron-decines-champ\/'><img loading=\"lazy\" decoding=\"async\" width=\"106\" height=\"150\" src=\"https:\/\/newsestlyonnais.fr\/site\/wp-content\/uploads\/2019\/10\/NEWSESTLYONNAIS-AVIRON-DECINES-CHAMP-250x354.jpg\" class=\"attachment-thumbnail size-thumbnail\" alt=\"\" aria-describedby=\"gallery-1-85307\" srcset=\"https:\/\/newsestlyonnais.fr\/site\/wp-content\/uploads\/2019\/10\/NEWSESTLYONNAIS-AVIRON-DECINES-CHAMP-250x354.jpg 250w, https:\/\/newsestlyonnais.fr\/site\/wp-content\/uploads\/2019\/10\/NEWSESTLYONNAIS-AVIRON-DECINES-CHAMP-400x566.jpg 400w, https:\/\/newsestlyonnais.fr\/site\/wp-content\/uploads\/2019\/10\/NEWSESTLYONNAIS-AVIRON-DECINES-CHAMP-650x920.jpg 650w, https:\/\/newsestlyonnais.fr\/site\/wp-content\/uploads\/2019\/10\/NEWSESTLYONNAIS-AVIRON-DECINES-CHAMP-150x212.jpg 150w, https:\/\/newsestlyonnais.fr\/site\/wp-content\/uploads\/2019\/10\/NEWSESTLYONNAIS-AVIRON-DECINES-CHAMP-50x71.jpg 50w, https:\/\/newsestlyonnais.fr\/site\/wp-content\/uploads\/2019\/10\/NEWSESTLYONNAIS-AVIRON-DECINES-CHAMP-100x142.jpg 100w, https:\/\/newsestlyonnais.fr\/site\/wp-content\/uploads\/2019\/10\/NEWSESTLYONNAIS-AVIRON-DECINES-CHAMP-200x283.jpg 200w, https:\/\/newsestlyonnais.fr\/site\/wp-content\/uploads\/2019\/10\/NEWSESTLYONNAIS-AVIRON-DECINES-CHAMP-300x425.jpg 300w, https:\/\/newsestlyonnais.fr\/site\/wp-content\/uploads\/2019\/10\/NEWSESTLYONNAIS-AVIRON-DECINES-CHAMP-350x496.jpg 350w, https:\/\/newsestlyonnais.fr\/site\/wp-content\/uploads\/2019\/10\/NEWSESTLYONNAIS-AVIRON-DECINES-CHAMP-450x637.jpg 450w, https:\/\/newsestlyonnais.fr\/site\/wp-content\/uploads\/2019\/10\/NEWSESTLYONNAIS-AVIRON-DECINES-CHAMP-500x708.jpg 500w, https:\/\/newsestlyonnais.fr\/site\/wp-content\/uploads\/2019\/10\/NEWSESTLYONNAIS-AVIRON-DECINES-CHAMP-550x779.jpg 550w, https:\/\/newsestlyonnais.fr\/site\/wp-content\/uploads\/2019\/10\/NEWSESTLYONNAIS-AVIRON-DECINES-CHAMP.jpg 678w\" sizes=\"auto, (max-width: 106px) 100vw, 106px\" \/><\/a>\n\t\t\t<\/div>\n\t\t\t\t<figcaption class='wp-caption-text gallery-caption' id='gallery-1-85307'>\n\t\t\t\tChampionnat r\u00e9gional d&rsquo;aviron\n\t\t\t\t<\/figcaption><\/figure><figure class='gallery-item'>\n\t\t\t<div class='gallery-icon portrait'>\n\t\t\t\t<a href='https:\/\/newsestlyonnais.fr\/site\/2019\/11\/03\/decines-les-evenements-de-novembre\/newsestlyonnais-perm-vacc\/'><img loading=\"lazy\" decoding=\"async\" width=\"86\" height=\"150\" src=\"https:\/\/newsestlyonnais.fr\/site\/wp-content\/uploads\/2019\/11\/NEWSESTLYONNAIS-Perm.-vacc.-.jpg\" class=\"attachment-thumbnail size-thumbnail\" alt=\"\" aria-describedby=\"gallery-1-87628\" srcset=\"https:\/\/newsestlyonnais.fr\/site\/wp-content\/uploads\/2019\/11\/NEWSESTLYONNAIS-Perm.-vacc.-.jpg 240w, https:\/\/newsestlyonnais.fr\/site\/wp-content\/uploads\/2019\/11\/NEWSESTLYONNAIS-Perm.-vacc.--150x263.jpg 150w, https:\/\/newsestlyonnais.fr\/site\/wp-content\/uploads\/2019\/11\/NEWSESTLYONNAIS-Perm.-vacc.--50x88.jpg 50w, https:\/\/newsestlyonnais.fr\/site\/wp-content\/uploads\/2019\/11\/NEWSESTLYONNAIS-Perm.-vacc.--100x175.jpg 100w, https:\/\/newsestlyonnais.fr\/site\/wp-content\/uploads\/2019\/11\/NEWSESTLYONNAIS-Perm.-vacc.--200x350.jpg 200w\" sizes=\"auto, (max-width: 86px) 100vw, 86px\" \/><\/a>\n\t\t\t<\/div>\n\t\t\t\t<figcaption class='wp-caption-text gallery-caption' id='gallery-1-87628'>\n\t\t\t\tPermanences vaccinales\n\t\t\t\t<\/figcaption><\/figure>\n\t\t<\/div>\n\n","protected":false},"excerpt":{"rendered":"<p>De nombreuses manifestations culturelles, associatives et sportives sont pr\u00e9vues sur la commune tout au long du mois. <\/p>\n","protected":false},"author":4,"featured_media":85476,"comment_status":"open","ping_status":"open","sticky":false,"template":"","format":"standard","meta":{"footnotes":""},"categories":[30,21],"tags":[1991,2116],"class_list":["post-87600","post","type-post","status-publish","format-standard","has-post-thumbnail","hentry","category-a-la-une","category-decines-charpieu","tag-agenda","tag-decines"],"yoast_head":"<!-- This site is optimized with the Yoast SEO plugin v27.2 - https:\/\/yoast.com\/product\/yoast-seo-wordpress\/ -->\n<title>DECINES | Les \u00e9v\u00e8nements de novembre - News Est Lyonnais<\/title>\n<meta name=\"description\" content=\"DECINES | Les \u00e9v\u00e8nements de novembre\" \/>\n<meta name=\"robots\" content=\"index, follow, max-snippet:-1, max-image-preview:large, max-video-preview:-1\" \/>\n<link rel=\"canonical\" href=\"https:\/\/newsestlyonnais.fr\/site\/2019\/11\/03\/decines-les-evenements-de-novembre\/\" \/>\n<meta property=\"og:locale\" content=\"fr_FR\" \/>\n<meta property=\"og:type\" content=\"article\" \/>\n<meta property=\"og:title\" content=\"DECINES | Les \u00e9v\u00e8nements de novembre - News Est Lyonnais\" \/>\n<meta property=\"og:description\" content=\"DECINES | Les \u00e9v\u00e8nements de novembre\" \/>\n<meta property=\"og:url\" content=\"https:\/\/newsestlyonnais.fr\/site\/2019\/11\/03\/decines-les-evenements-de-novembre\/\" \/>\n<meta property=\"og:site_name\" content=\"News Est Lyonnais\" \/>\n<meta property=\"article:author\" content=\"https:\/\/www.facebook.com\/pascal.oberson.1?fref=ts\" \/>\n<meta property=\"article:published_time\" content=\"2019-11-03T08:46:08+00:00\" \/>\n<meta property=\"article:modified_time\" content=\"2019-11-05T14:33:05+00:00\" \/>\n<meta property=\"og:image\" content=\"https:\/\/i2.wp.com\/newsestlyonnais.fr\/site\/wp-content\/uploads\/2019\/10\/NEWSESTLYONNAIS-MAIRIE-DECINES.jpg?fit=1200%2C800&ssl=1\" \/>\n\t<meta property=\"og:image:width\" content=\"1200\" \/>\n\t<meta property=\"og:image:height\" content=\"800\" \/>\n\t<meta property=\"og:image:type\" content=\"image\/jpeg\" \/>\n<meta name=\"author\" content=\"R\u00e9dac. NEWS\" \/>\n<meta name=\"twitter:card\" content=\"summary_large_image\" \/>\n<meta name=\"twitter:label1\" content=\"\u00c9crit par\" \/>\n\t<meta name=\"twitter:data1\" content=\"R\u00e9dac. NEWS\" \/>\n\t<meta name=\"twitter:label2\" content=\"Dur\u00e9e de lecture estim\u00e9e\" \/>\n\t<meta name=\"twitter:data2\" content=\"1 minute\" \/>\n<script type=\"application\/ld+json\" class=\"yoast-schema-graph\">{\"@context\":\"https:\/\/schema.org\",\"@graph\":[{\"@type\":\"Article\",\"@id\":\"https:\/\/newsestlyonnais.fr\/site\/2019\/11\/03\/decines-les-evenements-de-novembre\/#article\",\"isPartOf\":{\"@id\":\"https:\/\/newsestlyonnais.fr\/site\/2019\/11\/03\/decines-les-evenements-de-novembre\/\"},\"author\":{\"name\":\"R\u00e9dac. NEWS\",\"@id\":\"https:\/\/newsestlyonnais.fr\/site\/#\/schema\/person\/3230d5615f390bb808365d673001e887\"},\"headline\":\"DECINES | Les \u00e9v\u00e8nements de novembre\",\"datePublished\":\"2019-11-03T08:46:08+00:00\",\"dateModified\":\"2019-11-05T14:33:05+00:00\",\"mainEntityOfPage\":{\"@id\":\"https:\/\/newsestlyonnais.fr\/site\/2019\/11\/03\/decines-les-evenements-de-novembre\/\"},\"wordCount\":273,\"commentCount\":0,\"publisher\":{\"@id\":\"https:\/\/newsestlyonnais.fr\/site\/#organization\"},\"image\":{\"@id\":\"https:\/\/newsestlyonnais.fr\/site\/2019\/11\/03\/decines-les-evenements-de-novembre\/#primaryimage\"},\"thumbnailUrl\":\"https:\/\/newsestlyonnais.fr\/site\/wp-content\/uploads\/2019\/10\/NEWSESTLYONNAIS-MAIRIE-DECINES.jpg\",\"keywords\":[\"AGENDA\",\"DECINES\"],\"articleSection\":[\"\u00e0 la une\",\"D\u00e9cines-Charpieu\"],\"inLanguage\":\"fr-FR\",\"potentialAction\":[{\"@type\":\"CommentAction\",\"name\":\"Comment\",\"target\":[\"https:\/\/newsestlyonnais.fr\/site\/2019\/11\/03\/decines-les-evenements-de-novembre\/#respond\"]}]},{\"@type\":\"WebPage\",\"@id\":\"https:\/\/newsestlyonnais.fr\/site\/2019\/11\/03\/decines-les-evenements-de-novembre\/\",\"url\":\"https:\/\/newsestlyonnais.fr\/site\/2019\/11\/03\/decines-les-evenements-de-novembre\/\",\"name\":\"DECINES | Les \u00e9v\u00e8nements de novembre - News Est Lyonnais\",\"isPartOf\":{\"@id\":\"https:\/\/newsestlyonnais.fr\/site\/#website\"},\"primaryImageOfPage\":{\"@id\":\"https:\/\/newsestlyonnais.fr\/site\/2019\/11\/03\/decines-les-evenements-de-novembre\/#primaryimage\"},\"image\":{\"@id\":\"https:\/\/newsestlyonnais.fr\/site\/2019\/11\/03\/decines-les-evenements-de-novembre\/#primaryimage\"},\"thumbnailUrl\":\"https:\/\/newsestlyonnais.fr\/site\/wp-content\/uploads\/2019\/10\/NEWSESTLYONNAIS-MAIRIE-DECINES.jpg\",\"datePublished\":\"2019-11-03T08:46:08+00:00\",\"dateModified\":\"2019-11-05T14:33:05+00:00\",\"description\":\"DECINES | Les \u00e9v\u00e8nements de novembre\",\"breadcrumb\":{\"@id\":\"https:\/\/newsestlyonnais.fr\/site\/2019\/11\/03\/decines-les-evenements-de-novembre\/#breadcrumb\"},\"inLanguage\":\"fr-FR\",\"potentialAction\":[{\"@type\":\"ReadAction\",\"target\":[\"https:\/\/newsestlyonnais.fr\/site\/2019\/11\/03\/decines-les-evenements-de-novembre\/\"]}]},{\"@type\":\"ImageObject\",\"inLanguage\":\"fr-FR\",\"@id\":\"https:\/\/newsestlyonnais.fr\/site\/2019\/11\/03\/decines-les-evenements-de-novembre\/#primaryimage\",\"url\":\"https:\/\/newsestlyonnais.fr\/site\/wp-content\/uploads\/2019\/10\/NEWSESTLYONNAIS-MAIRIE-DECINES.jpg\",\"contentUrl\":\"https:\/\/newsestlyonnais.fr\/site\/wp-content\/uploads\/2019\/10\/NEWSESTLYONNAIS-MAIRIE-DECINES.jpg\",\"width\":1200,\"height\":800},{\"@type\":\"BreadcrumbList\",\"@id\":\"https:\/\/newsestlyonnais.fr\/site\/2019\/11\/03\/decines-les-evenements-de-novembre\/#breadcrumb\",\"itemListElement\":[{\"@type\":\"ListItem\",\"position\":1,\"name\":\"Accueil\",\"item\":\"https:\/\/newsestlyonnais.fr\/site\/\"},{\"@type\":\"ListItem\",\"position\":2,\"name\":\"DECINES | Les \u00e9v\u00e8nements de novembre\"}]},{\"@type\":\"WebSite\",\"@id\":\"https:\/\/newsestlyonnais.fr\/site\/#website\",\"url\":\"https:\/\/newsestlyonnais.fr\/site\/\",\"name\":\"News Est Lyonnais\",\"description\":\"L&#039;actualit\u00e9 au plus pr\u00e8s\",\"publisher\":{\"@id\":\"https:\/\/newsestlyonnais.fr\/site\/#organization\"},\"potentialAction\":[{\"@type\":\"SearchAction\",\"target\":{\"@type\":\"EntryPoint\",\"urlTemplate\":\"https:\/\/newsestlyonnais.fr\/site\/?s={search_term_string}\"},\"query-input\":{\"@type\":\"PropertyValueSpecification\",\"valueRequired\":true,\"valueName\":\"search_term_string\"}}],\"inLanguage\":\"fr-FR\"},{\"@type\":\"Organization\",\"@id\":\"https:\/\/newsestlyonnais.fr\/site\/#organization\",\"name\":\"News EST LYONNAIS\",\"url\":\"https:\/\/newsestlyonnais.fr\/site\/\",\"logo\":{\"@type\":\"ImageObject\",\"inLanguage\":\"fr-FR\",\"@id\":\"https:\/\/newsestlyonnais.fr\/site\/#\/schema\/logo\/image\/\",\"url\":\"\",\"contentUrl\":\"\",\"caption\":\"News EST LYONNAIS\"},\"image\":{\"@id\":\"https:\/\/newsestlyonnais.fr\/site\/#\/schema\/logo\/image\/\"}},{\"@type\":\"Person\",\"@id\":\"https:\/\/newsestlyonnais.fr\/site\/#\/schema\/person\/3230d5615f390bb808365d673001e887\",\"name\":\"R\u00e9dac. NEWS\",\"sameAs\":[\"http:\/\/www.newsestlyonnais.fr\",\"https:\/\/www.facebook.com\/pascal.oberson.1?fref=ts\",\"https:\/\/fr.linkedin.com\/in\/pascal-oberson-b17045113\"],\"url\":\"https:\/\/newsestlyonnais.fr\/site\/author\/nel\/\"}]}<\/script>\n<!-- \/ Yoast SEO plugin. -->","yoast_head_json":{"title":"DECINES | Les \u00e9v\u00e8nements de novembre - News Est Lyonnais","description":"DECINES | Les \u00e9v\u00e8nements de novembre","robots":{"index":"index","follow":"follow","max-snippet":"max-snippet:-1","max-image-preview":"max-image-preview:large","max-video-preview":"max-video-preview:-1"},"canonical":"https:\/\/newsestlyonnais.fr\/site\/2019\/11\/03\/decines-les-evenements-de-novembre\/","og_locale":"fr_FR","og_type":"article","og_title":"DECINES | Les \u00e9v\u00e8nements de novembre - News Est Lyonnais","og_description":"DECINES | Les \u00e9v\u00e8nements de novembre","og_url":"https:\/\/newsestlyonnais.fr\/site\/2019\/11\/03\/decines-les-evenements-de-novembre\/","og_site_name":"News Est Lyonnais","article_author":"https:\/\/www.facebook.com\/pascal.oberson.1?fref=ts","article_published_time":"2019-11-03T08:46:08+00:00","article_modified_time":"2019-11-05T14:33:05+00:00","og_image":[{"width":1200,"height":800,"url":"https:\/\/i2.wp.com\/newsestlyonnais.fr\/site\/wp-content\/uploads\/2019\/10\/NEWSESTLYONNAIS-MAIRIE-DECINES.jpg?fit=1200%2C800&ssl=1","type":"image\/jpeg"}],"author":"R\u00e9dac. NEWS","twitter_card":"summary_large_image","twitter_misc":{"\u00c9crit par":"R\u00e9dac. NEWS","Dur\u00e9e de lecture estim\u00e9e":"1 minute"},"schema":{"@context":"https:\/\/schema.org","@graph":[{"@type":"Article","@id":"https:\/\/newsestlyonnais.fr\/site\/2019\/11\/03\/decines-les-evenements-de-novembre\/#article","isPartOf":{"@id":"https:\/\/newsestlyonnais.fr\/site\/2019\/11\/03\/decines-les-evenements-de-novembre\/"},"author":{"name":"R\u00e9dac. NEWS","@id":"https:\/\/newsestlyonnais.fr\/site\/#\/schema\/person\/3230d5615f390bb808365d673001e887"},"headline":"DECINES | Les \u00e9v\u00e8nements de novembre","datePublished":"2019-11-03T08:46:08+00:00","dateModified":"2019-11-05T14:33:05+00:00","mainEntityOfPage":{"@id":"https:\/\/newsestlyonnais.fr\/site\/2019\/11\/03\/decines-les-evenements-de-novembre\/"},"wordCount":273,"commentCount":0,"publisher":{"@id":"https:\/\/newsestlyonnais.fr\/site\/#organization"},"image":{"@id":"https:\/\/newsestlyonnais.fr\/site\/2019\/11\/03\/decines-les-evenements-de-novembre\/#primaryimage"},"thumbnailUrl":"https:\/\/newsestlyonnais.fr\/site\/wp-content\/uploads\/2019\/10\/NEWSESTLYONNAIS-MAIRIE-DECINES.jpg","keywords":["AGENDA","DECINES"],"articleSection":["\u00e0 la une","D\u00e9cines-Charpieu"],"inLanguage":"fr-FR","potentialAction":[{"@type":"CommentAction","name":"Comment","target":["https:\/\/newsestlyonnais.fr\/site\/2019\/11\/03\/decines-les-evenements-de-novembre\/#respond"]}]},{"@type":"WebPage","@id":"https:\/\/newsestlyonnais.fr\/site\/2019\/11\/03\/decines-les-evenements-de-novembre\/","url":"https:\/\/newsestlyonnais.fr\/site\/2019\/11\/03\/decines-les-evenements-de-novembre\/","name":"DECINES | Les \u00e9v\u00e8nements de novembre - News Est Lyonnais","isPartOf":{"@id":"https:\/\/newsestlyonnais.fr\/site\/#website"},"primaryImageOfPage":{"@id":"https:\/\/newsestlyonnais.fr\/site\/2019\/11\/03\/decines-les-evenements-de-novembre\/#primaryimage"},"image":{"@id":"https:\/\/newsestlyonnais.fr\/site\/2019\/11\/03\/decines-les-evenements-de-novembre\/#primaryimage"},"thumbnailUrl":"https:\/\/newsestlyonnais.fr\/site\/wp-content\/uploads\/2019\/10\/NEWSESTLYONNAIS-MAIRIE-DECINES.jpg","datePublished":"2019-11-03T08:46:08+00:00","dateModified":"2019-11-05T14:33:05+00:00","description":"DECINES | Les \u00e9v\u00e8nements de novembre","breadcrumb":{"@id":"https:\/\/newsestlyonnais.fr\/site\/2019\/11\/03\/decines-les-evenements-de-novembre\/#breadcrumb"},"inLanguage":"fr-FR","potentialAction":[{"@type":"ReadAction","target":["https:\/\/newsestlyonnais.fr\/site\/2019\/11\/03\/decines-les-evenements-de-novembre\/"]}]},{"@type":"ImageObject","inLanguage":"fr-FR","@id":"https:\/\/newsestlyonnais.fr\/site\/2019\/11\/03\/decines-les-evenements-de-novembre\/#primaryimage","url":"https:\/\/newsestlyonnais.fr\/site\/wp-content\/uploads\/2019\/10\/NEWSESTLYONNAIS-MAIRIE-DECINES.jpg","contentUrl":"https:\/\/newsestlyonnais.fr\/site\/wp-content\/uploads\/2019\/10\/NEWSESTLYONNAIS-MAIRIE-DECINES.jpg","width":1200,"height":800},{"@type":"BreadcrumbList","@id":"https:\/\/newsestlyonnais.fr\/site\/2019\/11\/03\/decines-les-evenements-de-novembre\/#breadcrumb","itemListElement":[{"@type":"ListItem","position":1,"name":"Accueil","item":"https:\/\/newsestlyonnais.fr\/site\/"},{"@type":"ListItem","position":2,"name":"DECINES | Les \u00e9v\u00e8nements de novembre"}]},{"@type":"WebSite","@id":"https:\/\/newsestlyonnais.fr\/site\/#website","url":"https:\/\/newsestlyonnais.fr\/site\/","name":"News Est Lyonnais","description":"L&#039;actualit\u00e9 au plus pr\u00e8s","publisher":{"@id":"https:\/\/newsestlyonnais.fr\/site\/#organization"},"potentialAction":[{"@type":"SearchAction","target":{"@type":"EntryPoint","urlTemplate":"https:\/\/newsestlyonnais.fr\/site\/?s={search_term_string}"},"query-input":{"@type":"PropertyValueSpecification","valueRequired":true,"valueName":"search_term_string"}}],"inLanguage":"fr-FR"},{"@type":"Organization","@id":"https:\/\/newsestlyonnais.fr\/site\/#organization","name":"News EST LYONNAIS","url":"https:\/\/newsestlyonnais.fr\/site\/","logo":{"@type":"ImageObject","inLanguage":"fr-FR","@id":"https:\/\/newsestlyonnais.fr\/site\/#\/schema\/logo\/image\/","url":"","contentUrl":"","caption":"News EST LYONNAIS"},"image":{"@id":"https:\/\/newsestlyonnais.fr\/site\/#\/schema\/logo\/image\/"}},{"@type":"Person","@id":"https:\/\/newsestlyonnais.fr\/site\/#\/schema\/person\/3230d5615f390bb808365d673001e887","name":"R\u00e9dac. NEWS","sameAs":["http:\/\/www.newsestlyonnais.fr","https:\/\/www.facebook.com\/pascal.oberson.1?fref=ts","https:\/\/fr.linkedin.com\/in\/pascal-oberson-b17045113"],"url":"https:\/\/newsestlyonnais.fr\/site\/author\/nel\/"}]}},"_links":{"self":[{"href":"https:\/\/newsestlyonnais.fr\/site\/wp-json\/wp\/v2\/posts\/87600","targetHints":{"allow":["GET"]}}],"collection":[{"href":"https:\/\/newsestlyonnais.fr\/site\/wp-json\/wp\/v2\/posts"}],"about":[{"href":"https:\/\/newsestlyonnais.fr\/site\/wp-json\/wp\/v2\/types\/post"}],"author":[{"embeddable":true,"href":"https:\/\/newsestlyonnais.fr\/site\/wp-json\/wp\/v2\/users\/4"}],"replies":[{"embeddable":true,"href":"https:\/\/newsestlyonnais.fr\/site\/wp-json\/wp\/v2\/comments?post=87600"}],"version-history":[{"count":0,"href":"https:\/\/newsestlyonnais.fr\/site\/wp-json\/wp\/v2\/posts\/87600\/revisions"}],"wp:featuredmedia":[{"embeddable":true,"href":"https:\/\/newsestlyonnais.fr\/site\/wp-json\/wp\/v2\/media\/85476"}],"wp:attachment":[{"href":"https:\/\/newsestlyonnais.fr\/site\/wp-json\/wp\/v2\/media?parent=87600"}],"wp:term":[{"taxonomy":"category","embeddable":true,"href":"https:\/\/newsestlyonnais.fr\/site\/wp-json\/wp\/v2\/categories?post=87600"},{"taxonomy":"post_tag","embeddable":true,"href":"https:\/\/newsestlyonnais.fr\/site\/wp-json\/wp\/v2\/tags?post=87600"}],"curies":[{"name":"wp","href":"https:\/\/api.w.org\/{rel}","templated":true}]}}