{"id":88213,"date":"2019-11-11T18:11:58","date_gmt":"2019-11-11T17:11:58","guid":{"rendered":"http:\/\/newsestlyonnais.fr\/site\/?p=88213"},"modified":"2019-11-12T20:47:24","modified_gmt":"2019-11-12T19:47:24","slug":"bron-lyon-8-diplome-federal-et-recompense-pour-le-volley-bron-lyon-lumiere","status":"publish","type":"post","link":"https:\/\/newsestlyonnais.fr\/site\/2019\/11\/11\/bron-lyon-8-diplome-federal-et-recompense-pour-le-volley-bron-lyon-lumiere\/","title":{"rendered":"BRON-LYON 8 | Dipl\u00f4me et r\u00e9compense pour le Volley Bron @ Lyon Lumi\u00e8re"},"content":{"rendered":"<p>Le club s&rsquo;est vu d\u00e9cerner par la F\u00e9d\u00e9ration Fran\u00e7aise de Volley le <strong>dipl\u00f4me de club formateur performance 2019<\/strong>, soit le plus haut niveau sur trois existants (label futur, label excellence, label performance).<\/p>\n<p>\u00a0\u00bb Il vient r\u00e9compenser le travail de longue haleine effectu\u00e9 aupr\u00e8s des jeunes. Tout un ensemble de crit\u00e8res a ainsi \u00e9t\u00e9 pris en compte : nos bons r\u00e9sultats de la saison 2018\/2019, le niveau de dipl\u00f4mes des encadrants, les participations aux phases finales de Coupe de France (M11 &amp; M15) ainsi que la pr\u00e9sence en s\u00e9lection rh\u00f4danienne, Ligue ARA et en P\u00f4le Espoir Masculin de certains joueurs et joueuses. La saison pass\u00e9e nous comptions 161 jeunes adh\u00e9rents (de M7 \u00e0 M20) soit 40 % de notre effectif total. Cette ann\u00e9e, nous serons sur la m\u00eame lign\u00e9e ! \u00a0\u00bb confie la co-pr\u00e9sidente Anne-Marie Aubert\u00a0\u00bb.<\/p>\n<p>Le Vb@ll (premier club de la Ligue Auvergne Rh\u00f4ne-Alpes en nombre d&rsquo;adh\u00e9rents) a d&rsquo;autre part \u00e9t\u00e9 r\u00e9compens\u00e9 vendredi dernier lors de la soir\u00e9e des b\u00e9n\u00e9voles et r\u00e9compenses sportives de Lyon 8. Ceci pour la participation lors de la saison derni\u00e8re de son \u00e9quipe M11 aux finales du championnat de France. (<em><strong>PHOTO A LA UNE<\/strong><\/em>).<\/p>\n<p><strong>NOTA<\/strong> : le club organisera le <strong>vendredi 6 d\u00e9cembre un tournoi caritatif<\/strong> organis\u00e9 en partenariat avec l&rsquo;AFM-agir T\u00e9l\u00e9thon. L&rsquo;ensemble du montant des inscriptions et du b\u00e9n\u00e9fice d\u00e9gag\u00e9 par la buvette sera revers\u00e9 \u00e0 cette association. Pour info, en 2018, le club avait r\u00e9uni plus de 150 personnes pour ce tournoi et collect\u00e9 plus de 1.000 euros.<\/p>\n<ul>\n<li><em><strong>Toute l&rsquo;ACTU du club sur : <a href=\"https:\/\/www.vball-leclub.org\">https:\/\/www.vball-leclub.org<\/a><\/strong><\/em><\/li>\n<\/ul>\n<div id='gallery-1' class='gallery galleryid-88213 gallery-columns-3 gallery-size-thumbnail'><figure class='gallery-item'>\n\t\t\t<div class='gallery-icon landscape'>\n\t\t\t\t<a href='https:\/\/newsestlyonnais.fr\/site\/2019\/11\/11\/bron-lyon-8-diplome-federal-et-recompense-pour-le-volley-bron-lyon-lumiere\/volley-bron-lyon-lumiere_label\/'><img loading=\"lazy\" decoding=\"async\" width=\"150\" height=\"100\" src=\"https:\/\/newsestlyonnais.fr\/site\/wp-content\/uploads\/2019\/11\/Volley-Bron-Lyon-Lumi\u00e8re_LABEL-250x167.jpg\" class=\"attachment-thumbnail size-thumbnail\" alt=\"\" aria-describedby=\"gallery-1-88218\" srcset=\"https:\/\/newsestlyonnais.fr\/site\/wp-content\/uploads\/2019\/11\/Volley-Bron-Lyon-Lumi\u00e8re_LABEL-250x167.jpg 250w, https:\/\/newsestlyonnais.fr\/site\/wp-content\/uploads\/2019\/11\/Volley-Bron-Lyon-Lumi\u00e8re_LABEL-400x267.jpg 400w, https:\/\/newsestlyonnais.fr\/site\/wp-content\/uploads\/2019\/11\/Volley-Bron-Lyon-Lumi\u00e8re_LABEL-768x512.jpg 768w, https:\/\/newsestlyonnais.fr\/site\/wp-content\/uploads\/2019\/11\/Volley-Bron-Lyon-Lumi\u00e8re_LABEL-650x433.jpg 650w, https:\/\/newsestlyonnais.fr\/site\/wp-content\/uploads\/2019\/11\/Volley-Bron-Lyon-Lumi\u00e8re_LABEL-150x100.jpg 150w, https:\/\/newsestlyonnais.fr\/site\/wp-content\/uploads\/2019\/11\/Volley-Bron-Lyon-Lumi\u00e8re_LABEL-50x33.jpg 50w, https:\/\/newsestlyonnais.fr\/site\/wp-content\/uploads\/2019\/11\/Volley-Bron-Lyon-Lumi\u00e8re_LABEL-100x67.jpg 100w, https:\/\/newsestlyonnais.fr\/site\/wp-content\/uploads\/2019\/11\/Volley-Bron-Lyon-Lumi\u00e8re_LABEL-200x133.jpg 200w, https:\/\/newsestlyonnais.fr\/site\/wp-content\/uploads\/2019\/11\/Volley-Bron-Lyon-Lumi\u00e8re_LABEL-300x200.jpg 300w, https:\/\/newsestlyonnais.fr\/site\/wp-content\/uploads\/2019\/11\/Volley-Bron-Lyon-Lumi\u00e8re_LABEL-350x233.jpg 350w, https:\/\/newsestlyonnais.fr\/site\/wp-content\/uploads\/2019\/11\/Volley-Bron-Lyon-Lumi\u00e8re_LABEL-450x300.jpg 450w, https:\/\/newsestlyonnais.fr\/site\/wp-content\/uploads\/2019\/11\/Volley-Bron-Lyon-Lumi\u00e8re_LABEL-500x333.jpg 500w, https:\/\/newsestlyonnais.fr\/site\/wp-content\/uploads\/2019\/11\/Volley-Bron-Lyon-Lumi\u00e8re_LABEL-550x367.jpg 550w, https:\/\/newsestlyonnais.fr\/site\/wp-content\/uploads\/2019\/11\/Volley-Bron-Lyon-Lumi\u00e8re_LABEL-800x533.jpg 800w, https:\/\/newsestlyonnais.fr\/site\/wp-content\/uploads\/2019\/11\/Volley-Bron-Lyon-Lumi\u00e8re_LABEL.jpg 1200w\" sizes=\"auto, (max-width: 150px) 100vw, 150px\" \/><\/a>\n\t\t\t<\/div>\n\t\t\t\t<figcaption class='wp-caption-text gallery-caption' id='gallery-1-88218'>\n\t\t\t\tLe dipl\u00f4me f\u00e9d\u00e9ral d\u00e9croch\u00e9\n\t\t\t\t<\/figcaption><\/figure><figure class='gallery-item'>\n\t\t\t<div class='gallery-icon portrait'>\n\t\t\t\t<a href='https:\/\/newsestlyonnais.fr\/site\/2019\/11\/11\/bron-lyon-8-diplome-federal-et-recompense-pour-le-volley-bron-lyon-lumiere\/palmares-2018_19-1\/'><img loading=\"lazy\" decoding=\"async\" width=\"100\" height=\"150\" src=\"https:\/\/newsestlyonnais.fr\/site\/wp-content\/uploads\/2019\/11\/Palmar\u00e8s-2018_19-1-250x375.png\" class=\"attachment-thumbnail size-thumbnail\" alt=\"\" aria-describedby=\"gallery-1-88217\" srcset=\"https:\/\/newsestlyonnais.fr\/site\/wp-content\/uploads\/2019\/11\/Palmar\u00e8s-2018_19-1-250x375.png 250w, https:\/\/newsestlyonnais.fr\/site\/wp-content\/uploads\/2019\/11\/Palmar\u00e8s-2018_19-1-400x600.png 400w, https:\/\/newsestlyonnais.fr\/site\/wp-content\/uploads\/2019\/11\/Palmar\u00e8s-2018_19-1-768x1152.png 768w, https:\/\/newsestlyonnais.fr\/site\/wp-content\/uploads\/2019\/11\/Palmar\u00e8s-2018_19-1-650x975.png 650w, https:\/\/newsestlyonnais.fr\/site\/wp-content\/uploads\/2019\/11\/Palmar\u00e8s-2018_19-1-150x225.png 150w, https:\/\/newsestlyonnais.fr\/site\/wp-content\/uploads\/2019\/11\/Palmar\u00e8s-2018_19-1-50x75.png 50w, https:\/\/newsestlyonnais.fr\/site\/wp-content\/uploads\/2019\/11\/Palmar\u00e8s-2018_19-1-100x150.png 100w, https:\/\/newsestlyonnais.fr\/site\/wp-content\/uploads\/2019\/11\/Palmar\u00e8s-2018_19-1-200x300.png 200w, https:\/\/newsestlyonnais.fr\/site\/wp-content\/uploads\/2019\/11\/Palmar\u00e8s-2018_19-1-300x450.png 300w, https:\/\/newsestlyonnais.fr\/site\/wp-content\/uploads\/2019\/11\/Palmar\u00e8s-2018_19-1-350x525.png 350w, https:\/\/newsestlyonnais.fr\/site\/wp-content\/uploads\/2019\/11\/Palmar\u00e8s-2018_19-1-450x675.png 450w, https:\/\/newsestlyonnais.fr\/site\/wp-content\/uploads\/2019\/11\/Palmar\u00e8s-2018_19-1-500x750.png 500w, https:\/\/newsestlyonnais.fr\/site\/wp-content\/uploads\/2019\/11\/Palmar\u00e8s-2018_19-1-550x825.png 550w, https:\/\/newsestlyonnais.fr\/site\/wp-content\/uploads\/2019\/11\/Palmar\u00e8s-2018_19-1.png 800w\" sizes=\"auto, (max-width: 100px) 100vw, 100px\" \/><\/a>\n\t\t\t<\/div>\n\t\t\t\t<figcaption class='wp-caption-text gallery-caption' id='gallery-1-88217'>\n\t\t\t\tL&rsquo;excellent palmar\u00e8s pour 2018\/2019\n\t\t\t\t<\/figcaption><\/figure><figure class='gallery-item'>\n\t\t\t<div class='gallery-icon portrait'>\n\t\t\t\t<a href='https:\/\/newsestlyonnais.fr\/site\/affiche-telethon-1\/'><img loading=\"lazy\" decoding=\"async\" width=\"100\" height=\"150\" src=\"https:\/\/newsestlyonnais.fr\/site\/wp-content\/uploads\/2019\/11\/Affiche-T\u00e9l\u00e9thon-1-250x375.png\" class=\"attachment-thumbnail size-thumbnail\" alt=\"\" aria-describedby=\"gallery-1-88216\" srcset=\"https:\/\/newsestlyonnais.fr\/site\/wp-content\/uploads\/2019\/11\/Affiche-T\u00e9l\u00e9thon-1-250x375.png 250w, https:\/\/newsestlyonnais.fr\/site\/wp-content\/uploads\/2019\/11\/Affiche-T\u00e9l\u00e9thon-1-400x600.png 400w, https:\/\/newsestlyonnais.fr\/site\/wp-content\/uploads\/2019\/11\/Affiche-T\u00e9l\u00e9thon-1-768x1152.png 768w, https:\/\/newsestlyonnais.fr\/site\/wp-content\/uploads\/2019\/11\/Affiche-T\u00e9l\u00e9thon-1-650x975.png 650w, https:\/\/newsestlyonnais.fr\/site\/wp-content\/uploads\/2019\/11\/Affiche-T\u00e9l\u00e9thon-1-150x225.png 150w, https:\/\/newsestlyonnais.fr\/site\/wp-content\/uploads\/2019\/11\/Affiche-T\u00e9l\u00e9thon-1-50x75.png 50w, https:\/\/newsestlyonnais.fr\/site\/wp-content\/uploads\/2019\/11\/Affiche-T\u00e9l\u00e9thon-1-100x150.png 100w, https:\/\/newsestlyonnais.fr\/site\/wp-content\/uploads\/2019\/11\/Affiche-T\u00e9l\u00e9thon-1-200x300.png 200w, https:\/\/newsestlyonnais.fr\/site\/wp-content\/uploads\/2019\/11\/Affiche-T\u00e9l\u00e9thon-1-300x450.png 300w, https:\/\/newsestlyonnais.fr\/site\/wp-content\/uploads\/2019\/11\/Affiche-T\u00e9l\u00e9thon-1-350x525.png 350w, https:\/\/newsestlyonnais.fr\/site\/wp-content\/uploads\/2019\/11\/Affiche-T\u00e9l\u00e9thon-1-450x675.png 450w, https:\/\/newsestlyonnais.fr\/site\/wp-content\/uploads\/2019\/11\/Affiche-T\u00e9l\u00e9thon-1-500x750.png 500w, https:\/\/newsestlyonnais.fr\/site\/wp-content\/uploads\/2019\/11\/Affiche-T\u00e9l\u00e9thon-1-550x825.png 550w, https:\/\/newsestlyonnais.fr\/site\/wp-content\/uploads\/2019\/11\/Affiche-T\u00e9l\u00e9thon-1.png 800w\" sizes=\"auto, (max-width: 100px) 100vw, 100px\" \/><\/a>\n\t\t\t<\/div>\n\t\t\t\t<figcaption class='wp-caption-text gallery-caption' id='gallery-1-88216'>\n\t\t\t\tTournoi au profit du T\u00e9l\u00e9thon \n\t\t\t\t<\/figcaption><\/figure>\n\t\t<\/div>\n\n","protected":false},"excerpt":{"rendered":"<p>Les reconnaissances se succ\u00e8dent en ce d\u00e9but de saison pour le club co-pr\u00e9sid\u00e9 par Anne-Marie Aubert et Sylvie Mi\u00e8ge.<\/p>\n","protected":false},"author":4,"featured_media":88221,"comment_status":"open","ping_status":"open","sticky":false,"template":"","format":"standard","meta":{"footnotes":""},"categories":[2975,19,18,2,2976],"tags":[2072,1990,2129,2507],"class_list":["post-88213","post","type-post","status-publish","format-standard","has-post-thumbnail","hentry","category-basket-hand-volley-sports","category-bron","category-sante-bien-etre-solidarite","category-sports","category-volley-sports","tag-bron","tag-lyon-8e","tag-telethon","tag-volley"],"yoast_head":"<!-- This site is optimized with the Yoast SEO plugin v27.2 - https:\/\/yoast.com\/product\/yoast-seo-wordpress\/ -->\n<title>BRON-LYON 8 | Dipl\u00f4me et r\u00e9compense pour le Volley Bron @ Lyon Lumi\u00e8re - News Est Lyonnais<\/title>\n<meta name=\"description\" content=\"BRON-LYON 8 | Dipl\u00f4me f\u00e9d\u00e9ral et r\u00e9compense pour le Volley Bron @ Lyon Lumi\u00e8re\" \/>\n<meta name=\"robots\" content=\"index, follow, max-snippet:-1, max-image-preview:large, max-video-preview:-1\" \/>\n<link rel=\"canonical\" href=\"https:\/\/newsestlyonnais.fr\/site\/2019\/11\/11\/bron-lyon-8-diplome-federal-et-recompense-pour-le-volley-bron-lyon-lumiere\/\" \/>\n<meta property=\"og:locale\" content=\"fr_FR\" \/>\n<meta property=\"og:type\" content=\"article\" \/>\n<meta property=\"og:title\" content=\"BRON-LYON 8 | Dipl\u00f4me et r\u00e9compense pour le Volley Bron @ Lyon Lumi\u00e8re - News Est Lyonnais\" \/>\n<meta property=\"og:description\" content=\"BRON-LYON 8 | Dipl\u00f4me f\u00e9d\u00e9ral et r\u00e9compense pour le Volley Bron @ Lyon Lumi\u00e8re\" \/>\n<meta property=\"og:url\" content=\"https:\/\/newsestlyonnais.fr\/site\/2019\/11\/11\/bron-lyon-8-diplome-federal-et-recompense-pour-le-volley-bron-lyon-lumiere\/\" \/>\n<meta property=\"og:site_name\" content=\"News Est Lyonnais\" \/>\n<meta property=\"article:author\" content=\"https:\/\/www.facebook.com\/pascal.oberson.1?fref=ts\" \/>\n<meta property=\"article:published_time\" content=\"2019-11-11T17:11:58+00:00\" \/>\n<meta property=\"article:modified_time\" content=\"2019-11-12T19:47:24+00:00\" \/>\n<meta property=\"og:image\" content=\"https:\/\/i2.wp.com\/newsestlyonnais.fr\/site\/wp-content\/uploads\/2019\/11\/NEWSESTLYONANIS-BRON-VOL-01.jpg?fit=1200%2C800&ssl=1\" \/>\n\t<meta property=\"og:image:width\" content=\"1200\" \/>\n\t<meta property=\"og:image:height\" content=\"800\" \/>\n\t<meta property=\"og:image:type\" content=\"image\/jpeg\" \/>\n<meta name=\"author\" content=\"R\u00e9dac. NEWS\" \/>\n<meta name=\"twitter:card\" content=\"summary_large_image\" \/>\n<meta name=\"twitter:label1\" content=\"\u00c9crit par\" \/>\n\t<meta name=\"twitter:data1\" content=\"R\u00e9dac. NEWS\" \/>\n\t<meta name=\"twitter:label2\" content=\"Dur\u00e9e de lecture estim\u00e9e\" \/>\n\t<meta name=\"twitter:data2\" content=\"1 minute\" \/>\n<script type=\"application\/ld+json\" class=\"yoast-schema-graph\">{\"@context\":\"https:\/\/schema.org\",\"@graph\":[{\"@type\":\"Article\",\"@id\":\"https:\/\/newsestlyonnais.fr\/site\/2019\/11\/11\/bron-lyon-8-diplome-federal-et-recompense-pour-le-volley-bron-lyon-lumiere\/#article\",\"isPartOf\":{\"@id\":\"https:\/\/newsestlyonnais.fr\/site\/2019\/11\/11\/bron-lyon-8-diplome-federal-et-recompense-pour-le-volley-bron-lyon-lumiere\/\"},\"author\":{\"name\":\"R\u00e9dac. NEWS\",\"@id\":\"https:\/\/newsestlyonnais.fr\/site\/#\/schema\/person\/3230d5615f390bb808365d673001e887\"},\"headline\":\"BRON-LYON 8 | Dipl\u00f4me et r\u00e9compense pour le Volley Bron @ Lyon Lumi\u00e8re\",\"datePublished\":\"2019-11-11T17:11:58+00:00\",\"dateModified\":\"2019-11-12T19:47:24+00:00\",\"mainEntityOfPage\":{\"@id\":\"https:\/\/newsestlyonnais.fr\/site\/2019\/11\/11\/bron-lyon-8-diplome-federal-et-recompense-pour-le-volley-bron-lyon-lumiere\/\"},\"wordCount\":296,\"commentCount\":0,\"publisher\":{\"@id\":\"https:\/\/newsestlyonnais.fr\/site\/#organization\"},\"image\":{\"@id\":\"https:\/\/newsestlyonnais.fr\/site\/2019\/11\/11\/bron-lyon-8-diplome-federal-et-recompense-pour-le-volley-bron-lyon-lumiere\/#primaryimage\"},\"thumbnailUrl\":\"https:\/\/newsestlyonnais.fr\/site\/wp-content\/uploads\/2019\/11\/NEWSESTLYONANIS-BRON-VOL-01.jpg\",\"keywords\":[\"BRON\",\"Lyon 8e\",\"TELETHON\",\"VOLLEY\"],\"articleSection\":[\"Basket | Hand | Volley\",\"Bron\",\"Sant\u00e9 | Bien Etre | Solidarit\u00e9\",\"Sports\",\"Volley\"],\"inLanguage\":\"fr-FR\",\"potentialAction\":[{\"@type\":\"CommentAction\",\"name\":\"Comment\",\"target\":[\"https:\/\/newsestlyonnais.fr\/site\/2019\/11\/11\/bron-lyon-8-diplome-federal-et-recompense-pour-le-volley-bron-lyon-lumiere\/#respond\"]}]},{\"@type\":\"WebPage\",\"@id\":\"https:\/\/newsestlyonnais.fr\/site\/2019\/11\/11\/bron-lyon-8-diplome-federal-et-recompense-pour-le-volley-bron-lyon-lumiere\/\",\"url\":\"https:\/\/newsestlyonnais.fr\/site\/2019\/11\/11\/bron-lyon-8-diplome-federal-et-recompense-pour-le-volley-bron-lyon-lumiere\/\",\"name\":\"BRON-LYON 8 | Dipl\u00f4me et r\u00e9compense pour le Volley Bron @ Lyon Lumi\u00e8re - News Est Lyonnais\",\"isPartOf\":{\"@id\":\"https:\/\/newsestlyonnais.fr\/site\/#website\"},\"primaryImageOfPage\":{\"@id\":\"https:\/\/newsestlyonnais.fr\/site\/2019\/11\/11\/bron-lyon-8-diplome-federal-et-recompense-pour-le-volley-bron-lyon-lumiere\/#primaryimage\"},\"image\":{\"@id\":\"https:\/\/newsestlyonnais.fr\/site\/2019\/11\/11\/bron-lyon-8-diplome-federal-et-recompense-pour-le-volley-bron-lyon-lumiere\/#primaryimage\"},\"thumbnailUrl\":\"https:\/\/newsestlyonnais.fr\/site\/wp-content\/uploads\/2019\/11\/NEWSESTLYONANIS-BRON-VOL-01.jpg\",\"datePublished\":\"2019-11-11T17:11:58+00:00\",\"dateModified\":\"2019-11-12T19:47:24+00:00\",\"description\":\"BRON-LYON 8 | Dipl\u00f4me f\u00e9d\u00e9ral et r\u00e9compense pour le Volley Bron @ Lyon Lumi\u00e8re\",\"breadcrumb\":{\"@id\":\"https:\/\/newsestlyonnais.fr\/site\/2019\/11\/11\/bron-lyon-8-diplome-federal-et-recompense-pour-le-volley-bron-lyon-lumiere\/#breadcrumb\"},\"inLanguage\":\"fr-FR\",\"potentialAction\":[{\"@type\":\"ReadAction\",\"target\":[\"https:\/\/newsestlyonnais.fr\/site\/2019\/11\/11\/bron-lyon-8-diplome-federal-et-recompense-pour-le-volley-bron-lyon-lumiere\/\"]}]},{\"@type\":\"ImageObject\",\"inLanguage\":\"fr-FR\",\"@id\":\"https:\/\/newsestlyonnais.fr\/site\/2019\/11\/11\/bron-lyon-8-diplome-federal-et-recompense-pour-le-volley-bron-lyon-lumiere\/#primaryimage\",\"url\":\"https:\/\/newsestlyonnais.fr\/site\/wp-content\/uploads\/2019\/11\/NEWSESTLYONANIS-BRON-VOL-01.jpg\",\"contentUrl\":\"https:\/\/newsestlyonnais.fr\/site\/wp-content\/uploads\/2019\/11\/NEWSESTLYONANIS-BRON-VOL-01.jpg\",\"width\":1200,\"height\":800,\"caption\":\"Le Volley Bron @Lyon Lumi\u00e8re\"},{\"@type\":\"BreadcrumbList\",\"@id\":\"https:\/\/newsestlyonnais.fr\/site\/2019\/11\/11\/bron-lyon-8-diplome-federal-et-recompense-pour-le-volley-bron-lyon-lumiere\/#breadcrumb\",\"itemListElement\":[{\"@type\":\"ListItem\",\"position\":1,\"name\":\"Accueil\",\"item\":\"https:\/\/newsestlyonnais.fr\/site\/\"},{\"@type\":\"ListItem\",\"position\":2,\"name\":\"BRON-LYON 8 | Dipl\u00f4me et r\u00e9compense pour le Volley Bron @ Lyon Lumi\u00e8re\"}]},{\"@type\":\"WebSite\",\"@id\":\"https:\/\/newsestlyonnais.fr\/site\/#website\",\"url\":\"https:\/\/newsestlyonnais.fr\/site\/\",\"name\":\"News Est Lyonnais\",\"description\":\"L&#039;actualit\u00e9 au plus pr\u00e8s\",\"publisher\":{\"@id\":\"https:\/\/newsestlyonnais.fr\/site\/#organization\"},\"potentialAction\":[{\"@type\":\"SearchAction\",\"target\":{\"@type\":\"EntryPoint\",\"urlTemplate\":\"https:\/\/newsestlyonnais.fr\/site\/?s={search_term_string}\"},\"query-input\":{\"@type\":\"PropertyValueSpecification\",\"valueRequired\":true,\"valueName\":\"search_term_string\"}}],\"inLanguage\":\"fr-FR\"},{\"@type\":\"Organization\",\"@id\":\"https:\/\/newsestlyonnais.fr\/site\/#organization\",\"name\":\"News EST LYONNAIS\",\"url\":\"https:\/\/newsestlyonnais.fr\/site\/\",\"logo\":{\"@type\":\"ImageObject\",\"inLanguage\":\"fr-FR\",\"@id\":\"https:\/\/newsestlyonnais.fr\/site\/#\/schema\/logo\/image\/\",\"url\":\"\",\"contentUrl\":\"\",\"caption\":\"News EST LYONNAIS\"},\"image\":{\"@id\":\"https:\/\/newsestlyonnais.fr\/site\/#\/schema\/logo\/image\/\"}},{\"@type\":\"Person\",\"@id\":\"https:\/\/newsestlyonnais.fr\/site\/#\/schema\/person\/3230d5615f390bb808365d673001e887\",\"name\":\"R\u00e9dac. NEWS\",\"sameAs\":[\"http:\/\/www.newsestlyonnais.fr\",\"https:\/\/www.facebook.com\/pascal.oberson.1?fref=ts\",\"https:\/\/fr.linkedin.com\/in\/pascal-oberson-b17045113\"],\"url\":\"https:\/\/newsestlyonnais.fr\/site\/author\/nel\/\"}]}<\/script>\n<!-- \/ Yoast SEO plugin. -->","yoast_head_json":{"title":"BRON-LYON 8 | Dipl\u00f4me et r\u00e9compense pour le Volley Bron @ Lyon Lumi\u00e8re - News Est Lyonnais","description":"BRON-LYON 8 | Dipl\u00f4me f\u00e9d\u00e9ral et r\u00e9compense pour le Volley Bron @ Lyon Lumi\u00e8re","robots":{"index":"index","follow":"follow","max-snippet":"max-snippet:-1","max-image-preview":"max-image-preview:large","max-video-preview":"max-video-preview:-1"},"canonical":"https:\/\/newsestlyonnais.fr\/site\/2019\/11\/11\/bron-lyon-8-diplome-federal-et-recompense-pour-le-volley-bron-lyon-lumiere\/","og_locale":"fr_FR","og_type":"article","og_title":"BRON-LYON 8 | Dipl\u00f4me et r\u00e9compense pour le Volley Bron @ Lyon Lumi\u00e8re - News Est Lyonnais","og_description":"BRON-LYON 8 | Dipl\u00f4me f\u00e9d\u00e9ral et r\u00e9compense pour le Volley Bron @ Lyon Lumi\u00e8re","og_url":"https:\/\/newsestlyonnais.fr\/site\/2019\/11\/11\/bron-lyon-8-diplome-federal-et-recompense-pour-le-volley-bron-lyon-lumiere\/","og_site_name":"News Est Lyonnais","article_author":"https:\/\/www.facebook.com\/pascal.oberson.1?fref=ts","article_published_time":"2019-11-11T17:11:58+00:00","article_modified_time":"2019-11-12T19:47:24+00:00","og_image":[{"width":1200,"height":800,"url":"https:\/\/i2.wp.com\/newsestlyonnais.fr\/site\/wp-content\/uploads\/2019\/11\/NEWSESTLYONANIS-BRON-VOL-01.jpg?fit=1200%2C800&ssl=1","type":"image\/jpeg"}],"author":"R\u00e9dac. NEWS","twitter_card":"summary_large_image","twitter_misc":{"\u00c9crit par":"R\u00e9dac. NEWS","Dur\u00e9e de lecture estim\u00e9e":"1 minute"},"schema":{"@context":"https:\/\/schema.org","@graph":[{"@type":"Article","@id":"https:\/\/newsestlyonnais.fr\/site\/2019\/11\/11\/bron-lyon-8-diplome-federal-et-recompense-pour-le-volley-bron-lyon-lumiere\/#article","isPartOf":{"@id":"https:\/\/newsestlyonnais.fr\/site\/2019\/11\/11\/bron-lyon-8-diplome-federal-et-recompense-pour-le-volley-bron-lyon-lumiere\/"},"author":{"name":"R\u00e9dac. NEWS","@id":"https:\/\/newsestlyonnais.fr\/site\/#\/schema\/person\/3230d5615f390bb808365d673001e887"},"headline":"BRON-LYON 8 | Dipl\u00f4me et r\u00e9compense pour le Volley Bron @ Lyon Lumi\u00e8re","datePublished":"2019-11-11T17:11:58+00:00","dateModified":"2019-11-12T19:47:24+00:00","mainEntityOfPage":{"@id":"https:\/\/newsestlyonnais.fr\/site\/2019\/11\/11\/bron-lyon-8-diplome-federal-et-recompense-pour-le-volley-bron-lyon-lumiere\/"},"wordCount":296,"commentCount":0,"publisher":{"@id":"https:\/\/newsestlyonnais.fr\/site\/#organization"},"image":{"@id":"https:\/\/newsestlyonnais.fr\/site\/2019\/11\/11\/bron-lyon-8-diplome-federal-et-recompense-pour-le-volley-bron-lyon-lumiere\/#primaryimage"},"thumbnailUrl":"https:\/\/newsestlyonnais.fr\/site\/wp-content\/uploads\/2019\/11\/NEWSESTLYONANIS-BRON-VOL-01.jpg","keywords":["BRON","Lyon 8e","TELETHON","VOLLEY"],"articleSection":["Basket | Hand | Volley","Bron","Sant\u00e9 | Bien Etre | Solidarit\u00e9","Sports","Volley"],"inLanguage":"fr-FR","potentialAction":[{"@type":"CommentAction","name":"Comment","target":["https:\/\/newsestlyonnais.fr\/site\/2019\/11\/11\/bron-lyon-8-diplome-federal-et-recompense-pour-le-volley-bron-lyon-lumiere\/#respond"]}]},{"@type":"WebPage","@id":"https:\/\/newsestlyonnais.fr\/site\/2019\/11\/11\/bron-lyon-8-diplome-federal-et-recompense-pour-le-volley-bron-lyon-lumiere\/","url":"https:\/\/newsestlyonnais.fr\/site\/2019\/11\/11\/bron-lyon-8-diplome-federal-et-recompense-pour-le-volley-bron-lyon-lumiere\/","name":"BRON-LYON 8 | Dipl\u00f4me et r\u00e9compense pour le Volley Bron @ Lyon Lumi\u00e8re - News Est Lyonnais","isPartOf":{"@id":"https:\/\/newsestlyonnais.fr\/site\/#website"},"primaryImageOfPage":{"@id":"https:\/\/newsestlyonnais.fr\/site\/2019\/11\/11\/bron-lyon-8-diplome-federal-et-recompense-pour-le-volley-bron-lyon-lumiere\/#primaryimage"},"image":{"@id":"https:\/\/newsestlyonnais.fr\/site\/2019\/11\/11\/bron-lyon-8-diplome-federal-et-recompense-pour-le-volley-bron-lyon-lumiere\/#primaryimage"},"thumbnailUrl":"https:\/\/newsestlyonnais.fr\/site\/wp-content\/uploads\/2019\/11\/NEWSESTLYONANIS-BRON-VOL-01.jpg","datePublished":"2019-11-11T17:11:58+00:00","dateModified":"2019-11-12T19:47:24+00:00","description":"BRON-LYON 8 | Dipl\u00f4me f\u00e9d\u00e9ral et r\u00e9compense pour le Volley Bron @ Lyon Lumi\u00e8re","breadcrumb":{"@id":"https:\/\/newsestlyonnais.fr\/site\/2019\/11\/11\/bron-lyon-8-diplome-federal-et-recompense-pour-le-volley-bron-lyon-lumiere\/#breadcrumb"},"inLanguage":"fr-FR","potentialAction":[{"@type":"ReadAction","target":["https:\/\/newsestlyonnais.fr\/site\/2019\/11\/11\/bron-lyon-8-diplome-federal-et-recompense-pour-le-volley-bron-lyon-lumiere\/"]}]},{"@type":"ImageObject","inLanguage":"fr-FR","@id":"https:\/\/newsestlyonnais.fr\/site\/2019\/11\/11\/bron-lyon-8-diplome-federal-et-recompense-pour-le-volley-bron-lyon-lumiere\/#primaryimage","url":"https:\/\/newsestlyonnais.fr\/site\/wp-content\/uploads\/2019\/11\/NEWSESTLYONANIS-BRON-VOL-01.jpg","contentUrl":"https:\/\/newsestlyonnais.fr\/site\/wp-content\/uploads\/2019\/11\/NEWSESTLYONANIS-BRON-VOL-01.jpg","width":1200,"height":800,"caption":"Le Volley Bron @Lyon Lumi\u00e8re"},{"@type":"BreadcrumbList","@id":"https:\/\/newsestlyonnais.fr\/site\/2019\/11\/11\/bron-lyon-8-diplome-federal-et-recompense-pour-le-volley-bron-lyon-lumiere\/#breadcrumb","itemListElement":[{"@type":"ListItem","position":1,"name":"Accueil","item":"https:\/\/newsestlyonnais.fr\/site\/"},{"@type":"ListItem","position":2,"name":"BRON-LYON 8 | Dipl\u00f4me et r\u00e9compense pour le Volley Bron @ Lyon Lumi\u00e8re"}]},{"@type":"WebSite","@id":"https:\/\/newsestlyonnais.fr\/site\/#website","url":"https:\/\/newsestlyonnais.fr\/site\/","name":"News Est Lyonnais","description":"L&#039;actualit\u00e9 au plus pr\u00e8s","publisher":{"@id":"https:\/\/newsestlyonnais.fr\/site\/#organization"},"potentialAction":[{"@type":"SearchAction","target":{"@type":"EntryPoint","urlTemplate":"https:\/\/newsestlyonnais.fr\/site\/?s={search_term_string}"},"query-input":{"@type":"PropertyValueSpecification","valueRequired":true,"valueName":"search_term_string"}}],"inLanguage":"fr-FR"},{"@type":"Organization","@id":"https:\/\/newsestlyonnais.fr\/site\/#organization","name":"News EST LYONNAIS","url":"https:\/\/newsestlyonnais.fr\/site\/","logo":{"@type":"ImageObject","inLanguage":"fr-FR","@id":"https:\/\/newsestlyonnais.fr\/site\/#\/schema\/logo\/image\/","url":"","contentUrl":"","caption":"News EST LYONNAIS"},"image":{"@id":"https:\/\/newsestlyonnais.fr\/site\/#\/schema\/logo\/image\/"}},{"@type":"Person","@id":"https:\/\/newsestlyonnais.fr\/site\/#\/schema\/person\/3230d5615f390bb808365d673001e887","name":"R\u00e9dac. NEWS","sameAs":["http:\/\/www.newsestlyonnais.fr","https:\/\/www.facebook.com\/pascal.oberson.1?fref=ts","https:\/\/fr.linkedin.com\/in\/pascal-oberson-b17045113"],"url":"https:\/\/newsestlyonnais.fr\/site\/author\/nel\/"}]}},"_links":{"self":[{"href":"https:\/\/newsestlyonnais.fr\/site\/wp-json\/wp\/v2\/posts\/88213","targetHints":{"allow":["GET"]}}],"collection":[{"href":"https:\/\/newsestlyonnais.fr\/site\/wp-json\/wp\/v2\/posts"}],"about":[{"href":"https:\/\/newsestlyonnais.fr\/site\/wp-json\/wp\/v2\/types\/post"}],"author":[{"embeddable":true,"href":"https:\/\/newsestlyonnais.fr\/site\/wp-json\/wp\/v2\/users\/4"}],"replies":[{"embeddable":true,"href":"https:\/\/newsestlyonnais.fr\/site\/wp-json\/wp\/v2\/comments?post=88213"}],"version-history":[{"count":0,"href":"https:\/\/newsestlyonnais.fr\/site\/wp-json\/wp\/v2\/posts\/88213\/revisions"}],"wp:featuredmedia":[{"embeddable":true,"href":"https:\/\/newsestlyonnais.fr\/site\/wp-json\/wp\/v2\/media\/88221"}],"wp:attachment":[{"href":"https:\/\/newsestlyonnais.fr\/site\/wp-json\/wp\/v2\/media?parent=88213"}],"wp:term":[{"taxonomy":"category","embeddable":true,"href":"https:\/\/newsestlyonnais.fr\/site\/wp-json\/wp\/v2\/categories?post=88213"},{"taxonomy":"post_tag","embeddable":true,"href":"https:\/\/newsestlyonnais.fr\/site\/wp-json\/wp\/v2\/tags?post=88213"}],"curies":[{"name":"wp","href":"https:\/\/api.w.org\/{rel}","templated":true}]}}