{"id":88638,"date":"2019-11-14T13:41:43","date_gmt":"2019-11-14T12:41:43","guid":{"rendered":"http:\/\/newsestlyonnais.fr\/site\/?p=88638"},"modified":"2019-11-19T18:21:44","modified_gmt":"2019-11-19T17:21:44","slug":"transports-perturbations-a-prevoir-sur-les-lignes-de-bus-du-reseau-tcl-ce-jeudi","status":"publish","type":"post","link":"https:\/\/newsestlyonnais.fr\/site\/2019\/11\/14\/transports-perturbations-a-prevoir-sur-les-lignes-de-bus-du-reseau-tcl-ce-jeudi\/","title":{"rendered":"TRANSPORTS | Perturbations \u00e0 pr\u00e9voir sur lignes bus du r\u00e9seau TCL ce jeudi"},"content":{"rendered":"<p>En lien avec M\u00e9t\u00e9o France, la M\u00e9tropole de Lyon et la Pr\u00e9fecture, les agents TCL anticipent les risques de verglas et de chutes de neige. Chaque secteur fait l\u2019objet d\u2019un bulletin m\u00e9t\u00e9orologique d\u00e9taill\u00e9 permettant d\u2019enclencher des op\u00e9rations de pr\u00e9vention et de surveillance des lignes pour assurer la s\u00e9curit\u00e9 de tous.<\/p>\n<p>Les services de la M\u00e9tropole de Lyon assurent le salage et le d\u00e9neigement des voies emprunt\u00e9es par les bus. <strong>Les lignes majeures (C1, C2, C3, etc), transportant le plus de voyageurs sont trait\u00e9es en priorit\u00e9.<\/strong><br \/>\n<span style=\"text-decoration: underline\">Pour conna\u00eetre l\u2019\u00e9tat du trafic en temps r\u00e9el :<\/span><\/p>\n<ul>\n<li>All\u00f4 TCL au 04.26.10.12.12<\/li>\n<li>sur : <a href=\"http:\/\/www.tcl.fr\">http:\/\/www.tcl.fr<\/a><\/li>\n<li>sur appli TCL<\/li>\n<\/ul>\n","protected":false},"excerpt":{"rendered":"<p>Ceci en raison des chutes de neige annonc\u00e9es d\u00e8s le milieu d\u2019apr\u00e8s-midi ainsi que le risque de conditions de circulation difficiles dans l\u2019agglom\u00e9ration lyonnaise. <\/p>\n","protected":false},"author":4,"featured_media":85310,"comment_status":"open","ping_status":"open","sticky":false,"template":"","format":"standard","meta":{"footnotes":""},"categories":[13],"tags":[2051,2050],"class_list":["post-88638","post","type-post","status-publish","format-standard","has-post-thumbnail","hentry","category-transports-circulation","tag-tcl","tag-transports"],"yoast_head":"<!-- This site is optimized with the Yoast SEO plugin v27.2 - https:\/\/yoast.com\/product\/yoast-seo-wordpress\/ -->\n<title>TRANSPORTS | Perturbations \u00e0 pr\u00e9voir sur lignes bus du r\u00e9seau TCL ce jeudi - News Est Lyonnais<\/title>\n<meta name=\"description\" content=\"TRANSPORTS | Perturbations \u00e0 pr\u00e9voir sur les lignes de bus du r\u00e9seau TCL ce jeudi\" \/>\n<meta name=\"robots\" content=\"index, follow, max-snippet:-1, max-image-preview:large, max-video-preview:-1\" \/>\n<link rel=\"canonical\" href=\"https:\/\/newsestlyonnais.fr\/site\/2019\/11\/14\/transports-perturbations-a-prevoir-sur-les-lignes-de-bus-du-reseau-tcl-ce-jeudi\/\" \/>\n<meta property=\"og:locale\" content=\"fr_FR\" \/>\n<meta property=\"og:type\" content=\"article\" \/>\n<meta property=\"og:title\" content=\"TRANSPORTS | Perturbations \u00e0 pr\u00e9voir sur lignes bus du r\u00e9seau TCL ce jeudi - News Est Lyonnais\" \/>\n<meta property=\"og:description\" content=\"TRANSPORTS | Perturbations \u00e0 pr\u00e9voir sur les lignes de bus du r\u00e9seau TCL ce jeudi\" \/>\n<meta property=\"og:url\" content=\"https:\/\/newsestlyonnais.fr\/site\/2019\/11\/14\/transports-perturbations-a-prevoir-sur-les-lignes-de-bus-du-reseau-tcl-ce-jeudi\/\" \/>\n<meta property=\"og:site_name\" content=\"News Est Lyonnais\" \/>\n<meta property=\"article:author\" content=\"https:\/\/www.facebook.com\/pascal.oberson.1?fref=ts\" \/>\n<meta property=\"article:published_time\" content=\"2019-11-14T12:41:43+00:00\" \/>\n<meta property=\"article:modified_time\" content=\"2019-11-19T17:21:44+00:00\" \/>\n<meta property=\"og:image\" content=\"https:\/\/i2.wp.com\/newsestlyonnais.fr\/site\/wp-content\/uploads\/2019\/10\/NEWSESTLYONNAIS-FOND-NOIR.jpg?fit=960%2C640&ssl=1\" \/>\n\t<meta property=\"og:image:width\" content=\"960\" \/>\n\t<meta property=\"og:image:height\" content=\"640\" \/>\n\t<meta property=\"og:image:type\" content=\"image\/jpeg\" \/>\n<meta name=\"author\" content=\"R\u00e9dac. NEWS\" \/>\n<meta name=\"twitter:card\" content=\"summary_large_image\" \/>\n<meta name=\"twitter:label1\" content=\"\u00c9crit par\" \/>\n\t<meta name=\"twitter:data1\" content=\"R\u00e9dac. NEWS\" \/>\n\t<meta name=\"twitter:label2\" content=\"Dur\u00e9e de lecture estim\u00e9e\" \/>\n\t<meta name=\"twitter:data2\" content=\"1 minute\" \/>\n<script type=\"application\/ld+json\" class=\"yoast-schema-graph\">{\"@context\":\"https:\/\/schema.org\",\"@graph\":[{\"@type\":\"Article\",\"@id\":\"https:\/\/newsestlyonnais.fr\/site\/2019\/11\/14\/transports-perturbations-a-prevoir-sur-les-lignes-de-bus-du-reseau-tcl-ce-jeudi\/#article\",\"isPartOf\":{\"@id\":\"https:\/\/newsestlyonnais.fr\/site\/2019\/11\/14\/transports-perturbations-a-prevoir-sur-les-lignes-de-bus-du-reseau-tcl-ce-jeudi\/\"},\"author\":{\"name\":\"R\u00e9dac. NEWS\",\"@id\":\"https:\/\/newsestlyonnais.fr\/site\/#\/schema\/person\/3230d5615f390bb808365d673001e887\"},\"headline\":\"TRANSPORTS | Perturbations \u00e0 pr\u00e9voir sur lignes bus du r\u00e9seau TCL ce jeudi\",\"datePublished\":\"2019-11-14T12:41:43+00:00\",\"dateModified\":\"2019-11-19T17:21:44+00:00\",\"mainEntityOfPage\":{\"@id\":\"https:\/\/newsestlyonnais.fr\/site\/2019\/11\/14\/transports-perturbations-a-prevoir-sur-les-lignes-de-bus-du-reseau-tcl-ce-jeudi\/\"},\"wordCount\":137,\"commentCount\":0,\"publisher\":{\"@id\":\"https:\/\/newsestlyonnais.fr\/site\/#organization\"},\"image\":{\"@id\":\"https:\/\/newsestlyonnais.fr\/site\/2019\/11\/14\/transports-perturbations-a-prevoir-sur-les-lignes-de-bus-du-reseau-tcl-ce-jeudi\/#primaryimage\"},\"thumbnailUrl\":\"https:\/\/newsestlyonnais.fr\/site\/wp-content\/uploads\/2019\/10\/NEWSESTLYONNAIS-FOND-NOIR.jpg\",\"keywords\":[\"TCL\",\"TRANSPORTS\"],\"articleSection\":[\"Transports | Circulation\"],\"inLanguage\":\"fr-FR\",\"potentialAction\":[{\"@type\":\"CommentAction\",\"name\":\"Comment\",\"target\":[\"https:\/\/newsestlyonnais.fr\/site\/2019\/11\/14\/transports-perturbations-a-prevoir-sur-les-lignes-de-bus-du-reseau-tcl-ce-jeudi\/#respond\"]}]},{\"@type\":\"WebPage\",\"@id\":\"https:\/\/newsestlyonnais.fr\/site\/2019\/11\/14\/transports-perturbations-a-prevoir-sur-les-lignes-de-bus-du-reseau-tcl-ce-jeudi\/\",\"url\":\"https:\/\/newsestlyonnais.fr\/site\/2019\/11\/14\/transports-perturbations-a-prevoir-sur-les-lignes-de-bus-du-reseau-tcl-ce-jeudi\/\",\"name\":\"TRANSPORTS | Perturbations \u00e0 pr\u00e9voir sur lignes bus du r\u00e9seau TCL ce jeudi - News Est Lyonnais\",\"isPartOf\":{\"@id\":\"https:\/\/newsestlyonnais.fr\/site\/#website\"},\"primaryImageOfPage\":{\"@id\":\"https:\/\/newsestlyonnais.fr\/site\/2019\/11\/14\/transports-perturbations-a-prevoir-sur-les-lignes-de-bus-du-reseau-tcl-ce-jeudi\/#primaryimage\"},\"image\":{\"@id\":\"https:\/\/newsestlyonnais.fr\/site\/2019\/11\/14\/transports-perturbations-a-prevoir-sur-les-lignes-de-bus-du-reseau-tcl-ce-jeudi\/#primaryimage\"},\"thumbnailUrl\":\"https:\/\/newsestlyonnais.fr\/site\/wp-content\/uploads\/2019\/10\/NEWSESTLYONNAIS-FOND-NOIR.jpg\",\"datePublished\":\"2019-11-14T12:41:43+00:00\",\"dateModified\":\"2019-11-19T17:21:44+00:00\",\"description\":\"TRANSPORTS | Perturbations \u00e0 pr\u00e9voir sur les lignes de bus du r\u00e9seau TCL ce jeudi\",\"breadcrumb\":{\"@id\":\"https:\/\/newsestlyonnais.fr\/site\/2019\/11\/14\/transports-perturbations-a-prevoir-sur-les-lignes-de-bus-du-reseau-tcl-ce-jeudi\/#breadcrumb\"},\"inLanguage\":\"fr-FR\",\"potentialAction\":[{\"@type\":\"ReadAction\",\"target\":[\"https:\/\/newsestlyonnais.fr\/site\/2019\/11\/14\/transports-perturbations-a-prevoir-sur-les-lignes-de-bus-du-reseau-tcl-ce-jeudi\/\"]}]},{\"@type\":\"ImageObject\",\"inLanguage\":\"fr-FR\",\"@id\":\"https:\/\/newsestlyonnais.fr\/site\/2019\/11\/14\/transports-perturbations-a-prevoir-sur-les-lignes-de-bus-du-reseau-tcl-ce-jeudi\/#primaryimage\",\"url\":\"https:\/\/newsestlyonnais.fr\/site\/wp-content\/uploads\/2019\/10\/NEWSESTLYONNAIS-FOND-NOIR.jpg\",\"contentUrl\":\"https:\/\/newsestlyonnais.fr\/site\/wp-content\/uploads\/2019\/10\/NEWSESTLYONNAIS-FOND-NOIR.jpg\",\"width\":960,\"height\":640},{\"@type\":\"BreadcrumbList\",\"@id\":\"https:\/\/newsestlyonnais.fr\/site\/2019\/11\/14\/transports-perturbations-a-prevoir-sur-les-lignes-de-bus-du-reseau-tcl-ce-jeudi\/#breadcrumb\",\"itemListElement\":[{\"@type\":\"ListItem\",\"position\":1,\"name\":\"Accueil\",\"item\":\"https:\/\/newsestlyonnais.fr\/site\/\"},{\"@type\":\"ListItem\",\"position\":2,\"name\":\"TRANSPORTS | Perturbations \u00e0 pr\u00e9voir sur lignes bus du r\u00e9seau TCL ce jeudi\"}]},{\"@type\":\"WebSite\",\"@id\":\"https:\/\/newsestlyonnais.fr\/site\/#website\",\"url\":\"https:\/\/newsestlyonnais.fr\/site\/\",\"name\":\"News Est Lyonnais\",\"description\":\"L&#039;actualit\u00e9 au plus pr\u00e8s\",\"publisher\":{\"@id\":\"https:\/\/newsestlyonnais.fr\/site\/#organization\"},\"potentialAction\":[{\"@type\":\"SearchAction\",\"target\":{\"@type\":\"EntryPoint\",\"urlTemplate\":\"https:\/\/newsestlyonnais.fr\/site\/?s={search_term_string}\"},\"query-input\":{\"@type\":\"PropertyValueSpecification\",\"valueRequired\":true,\"valueName\":\"search_term_string\"}}],\"inLanguage\":\"fr-FR\"},{\"@type\":\"Organization\",\"@id\":\"https:\/\/newsestlyonnais.fr\/site\/#organization\",\"name\":\"News EST LYONNAIS\",\"url\":\"https:\/\/newsestlyonnais.fr\/site\/\",\"logo\":{\"@type\":\"ImageObject\",\"inLanguage\":\"fr-FR\",\"@id\":\"https:\/\/newsestlyonnais.fr\/site\/#\/schema\/logo\/image\/\",\"url\":\"\",\"contentUrl\":\"\",\"caption\":\"News EST LYONNAIS\"},\"image\":{\"@id\":\"https:\/\/newsestlyonnais.fr\/site\/#\/schema\/logo\/image\/\"}},{\"@type\":\"Person\",\"@id\":\"https:\/\/newsestlyonnais.fr\/site\/#\/schema\/person\/3230d5615f390bb808365d673001e887\",\"name\":\"R\u00e9dac. NEWS\",\"sameAs\":[\"http:\/\/www.newsestlyonnais.fr\",\"https:\/\/www.facebook.com\/pascal.oberson.1?fref=ts\",\"https:\/\/fr.linkedin.com\/in\/pascal-oberson-b17045113\"],\"url\":\"https:\/\/newsestlyonnais.fr\/site\/author\/nel\/\"}]}<\/script>\n<!-- \/ Yoast SEO plugin. -->","yoast_head_json":{"title":"TRANSPORTS | Perturbations \u00e0 pr\u00e9voir sur lignes bus du r\u00e9seau TCL ce jeudi - News Est Lyonnais","description":"TRANSPORTS | Perturbations \u00e0 pr\u00e9voir sur les lignes de bus du r\u00e9seau TCL ce jeudi","robots":{"index":"index","follow":"follow","max-snippet":"max-snippet:-1","max-image-preview":"max-image-preview:large","max-video-preview":"max-video-preview:-1"},"canonical":"https:\/\/newsestlyonnais.fr\/site\/2019\/11\/14\/transports-perturbations-a-prevoir-sur-les-lignes-de-bus-du-reseau-tcl-ce-jeudi\/","og_locale":"fr_FR","og_type":"article","og_title":"TRANSPORTS | Perturbations \u00e0 pr\u00e9voir sur lignes bus du r\u00e9seau TCL ce jeudi - News Est Lyonnais","og_description":"TRANSPORTS | Perturbations \u00e0 pr\u00e9voir sur les lignes de bus du r\u00e9seau TCL ce jeudi","og_url":"https:\/\/newsestlyonnais.fr\/site\/2019\/11\/14\/transports-perturbations-a-prevoir-sur-les-lignes-de-bus-du-reseau-tcl-ce-jeudi\/","og_site_name":"News Est Lyonnais","article_author":"https:\/\/www.facebook.com\/pascal.oberson.1?fref=ts","article_published_time":"2019-11-14T12:41:43+00:00","article_modified_time":"2019-11-19T17:21:44+00:00","og_image":[{"width":960,"height":640,"url":"https:\/\/i2.wp.com\/newsestlyonnais.fr\/site\/wp-content\/uploads\/2019\/10\/NEWSESTLYONNAIS-FOND-NOIR.jpg?fit=960%2C640&ssl=1","type":"image\/jpeg"}],"author":"R\u00e9dac. NEWS","twitter_card":"summary_large_image","twitter_misc":{"\u00c9crit par":"R\u00e9dac. NEWS","Dur\u00e9e de lecture estim\u00e9e":"1 minute"},"schema":{"@context":"https:\/\/schema.org","@graph":[{"@type":"Article","@id":"https:\/\/newsestlyonnais.fr\/site\/2019\/11\/14\/transports-perturbations-a-prevoir-sur-les-lignes-de-bus-du-reseau-tcl-ce-jeudi\/#article","isPartOf":{"@id":"https:\/\/newsestlyonnais.fr\/site\/2019\/11\/14\/transports-perturbations-a-prevoir-sur-les-lignes-de-bus-du-reseau-tcl-ce-jeudi\/"},"author":{"name":"R\u00e9dac. NEWS","@id":"https:\/\/newsestlyonnais.fr\/site\/#\/schema\/person\/3230d5615f390bb808365d673001e887"},"headline":"TRANSPORTS | Perturbations \u00e0 pr\u00e9voir sur lignes bus du r\u00e9seau TCL ce jeudi","datePublished":"2019-11-14T12:41:43+00:00","dateModified":"2019-11-19T17:21:44+00:00","mainEntityOfPage":{"@id":"https:\/\/newsestlyonnais.fr\/site\/2019\/11\/14\/transports-perturbations-a-prevoir-sur-les-lignes-de-bus-du-reseau-tcl-ce-jeudi\/"},"wordCount":137,"commentCount":0,"publisher":{"@id":"https:\/\/newsestlyonnais.fr\/site\/#organization"},"image":{"@id":"https:\/\/newsestlyonnais.fr\/site\/2019\/11\/14\/transports-perturbations-a-prevoir-sur-les-lignes-de-bus-du-reseau-tcl-ce-jeudi\/#primaryimage"},"thumbnailUrl":"https:\/\/newsestlyonnais.fr\/site\/wp-content\/uploads\/2019\/10\/NEWSESTLYONNAIS-FOND-NOIR.jpg","keywords":["TCL","TRANSPORTS"],"articleSection":["Transports | Circulation"],"inLanguage":"fr-FR","potentialAction":[{"@type":"CommentAction","name":"Comment","target":["https:\/\/newsestlyonnais.fr\/site\/2019\/11\/14\/transports-perturbations-a-prevoir-sur-les-lignes-de-bus-du-reseau-tcl-ce-jeudi\/#respond"]}]},{"@type":"WebPage","@id":"https:\/\/newsestlyonnais.fr\/site\/2019\/11\/14\/transports-perturbations-a-prevoir-sur-les-lignes-de-bus-du-reseau-tcl-ce-jeudi\/","url":"https:\/\/newsestlyonnais.fr\/site\/2019\/11\/14\/transports-perturbations-a-prevoir-sur-les-lignes-de-bus-du-reseau-tcl-ce-jeudi\/","name":"TRANSPORTS | Perturbations \u00e0 pr\u00e9voir sur lignes bus du r\u00e9seau TCL ce jeudi - News Est Lyonnais","isPartOf":{"@id":"https:\/\/newsestlyonnais.fr\/site\/#website"},"primaryImageOfPage":{"@id":"https:\/\/newsestlyonnais.fr\/site\/2019\/11\/14\/transports-perturbations-a-prevoir-sur-les-lignes-de-bus-du-reseau-tcl-ce-jeudi\/#primaryimage"},"image":{"@id":"https:\/\/newsestlyonnais.fr\/site\/2019\/11\/14\/transports-perturbations-a-prevoir-sur-les-lignes-de-bus-du-reseau-tcl-ce-jeudi\/#primaryimage"},"thumbnailUrl":"https:\/\/newsestlyonnais.fr\/site\/wp-content\/uploads\/2019\/10\/NEWSESTLYONNAIS-FOND-NOIR.jpg","datePublished":"2019-11-14T12:41:43+00:00","dateModified":"2019-11-19T17:21:44+00:00","description":"TRANSPORTS | Perturbations \u00e0 pr\u00e9voir sur les lignes de bus du r\u00e9seau TCL ce jeudi","breadcrumb":{"@id":"https:\/\/newsestlyonnais.fr\/site\/2019\/11\/14\/transports-perturbations-a-prevoir-sur-les-lignes-de-bus-du-reseau-tcl-ce-jeudi\/#breadcrumb"},"inLanguage":"fr-FR","potentialAction":[{"@type":"ReadAction","target":["https:\/\/newsestlyonnais.fr\/site\/2019\/11\/14\/transports-perturbations-a-prevoir-sur-les-lignes-de-bus-du-reseau-tcl-ce-jeudi\/"]}]},{"@type":"ImageObject","inLanguage":"fr-FR","@id":"https:\/\/newsestlyonnais.fr\/site\/2019\/11\/14\/transports-perturbations-a-prevoir-sur-les-lignes-de-bus-du-reseau-tcl-ce-jeudi\/#primaryimage","url":"https:\/\/newsestlyonnais.fr\/site\/wp-content\/uploads\/2019\/10\/NEWSESTLYONNAIS-FOND-NOIR.jpg","contentUrl":"https:\/\/newsestlyonnais.fr\/site\/wp-content\/uploads\/2019\/10\/NEWSESTLYONNAIS-FOND-NOIR.jpg","width":960,"height":640},{"@type":"BreadcrumbList","@id":"https:\/\/newsestlyonnais.fr\/site\/2019\/11\/14\/transports-perturbations-a-prevoir-sur-les-lignes-de-bus-du-reseau-tcl-ce-jeudi\/#breadcrumb","itemListElement":[{"@type":"ListItem","position":1,"name":"Accueil","item":"https:\/\/newsestlyonnais.fr\/site\/"},{"@type":"ListItem","position":2,"name":"TRANSPORTS | Perturbations \u00e0 pr\u00e9voir sur lignes bus du r\u00e9seau TCL ce jeudi"}]},{"@type":"WebSite","@id":"https:\/\/newsestlyonnais.fr\/site\/#website","url":"https:\/\/newsestlyonnais.fr\/site\/","name":"News Est Lyonnais","description":"L&#039;actualit\u00e9 au plus pr\u00e8s","publisher":{"@id":"https:\/\/newsestlyonnais.fr\/site\/#organization"},"potentialAction":[{"@type":"SearchAction","target":{"@type":"EntryPoint","urlTemplate":"https:\/\/newsestlyonnais.fr\/site\/?s={search_term_string}"},"query-input":{"@type":"PropertyValueSpecification","valueRequired":true,"valueName":"search_term_string"}}],"inLanguage":"fr-FR"},{"@type":"Organization","@id":"https:\/\/newsestlyonnais.fr\/site\/#organization","name":"News EST LYONNAIS","url":"https:\/\/newsestlyonnais.fr\/site\/","logo":{"@type":"ImageObject","inLanguage":"fr-FR","@id":"https:\/\/newsestlyonnais.fr\/site\/#\/schema\/logo\/image\/","url":"","contentUrl":"","caption":"News EST LYONNAIS"},"image":{"@id":"https:\/\/newsestlyonnais.fr\/site\/#\/schema\/logo\/image\/"}},{"@type":"Person","@id":"https:\/\/newsestlyonnais.fr\/site\/#\/schema\/person\/3230d5615f390bb808365d673001e887","name":"R\u00e9dac. NEWS","sameAs":["http:\/\/www.newsestlyonnais.fr","https:\/\/www.facebook.com\/pascal.oberson.1?fref=ts","https:\/\/fr.linkedin.com\/in\/pascal-oberson-b17045113"],"url":"https:\/\/newsestlyonnais.fr\/site\/author\/nel\/"}]}},"_links":{"self":[{"href":"https:\/\/newsestlyonnais.fr\/site\/wp-json\/wp\/v2\/posts\/88638","targetHints":{"allow":["GET"]}}],"collection":[{"href":"https:\/\/newsestlyonnais.fr\/site\/wp-json\/wp\/v2\/posts"}],"about":[{"href":"https:\/\/newsestlyonnais.fr\/site\/wp-json\/wp\/v2\/types\/post"}],"author":[{"embeddable":true,"href":"https:\/\/newsestlyonnais.fr\/site\/wp-json\/wp\/v2\/users\/4"}],"replies":[{"embeddable":true,"href":"https:\/\/newsestlyonnais.fr\/site\/wp-json\/wp\/v2\/comments?post=88638"}],"version-history":[{"count":0,"href":"https:\/\/newsestlyonnais.fr\/site\/wp-json\/wp\/v2\/posts\/88638\/revisions"}],"wp:featuredmedia":[{"embeddable":true,"href":"https:\/\/newsestlyonnais.fr\/site\/wp-json\/wp\/v2\/media\/85310"}],"wp:attachment":[{"href":"https:\/\/newsestlyonnais.fr\/site\/wp-json\/wp\/v2\/media?parent=88638"}],"wp:term":[{"taxonomy":"category","embeddable":true,"href":"https:\/\/newsestlyonnais.fr\/site\/wp-json\/wp\/v2\/categories?post=88638"},{"taxonomy":"post_tag","embeddable":true,"href":"https:\/\/newsestlyonnais.fr\/site\/wp-json\/wp\/v2\/tags?post=88638"}],"curies":[{"name":"wp","href":"https:\/\/api.w.org\/{rel}","templated":true}]}}