{"id":88696,"date":"2019-11-15T06:57:28","date_gmt":"2019-11-15T05:57:28","guid":{"rendered":"http:\/\/newsestlyonnais.fr\/site\/?p=88696"},"modified":"2019-11-15T06:57:28","modified_gmt":"2019-11-15T05:57:28","slug":"lyon-3-les-evenements-au-23-novembre","status":"publish","type":"post","link":"https:\/\/newsestlyonnais.fr\/site\/2019\/11\/15\/lyon-3-les-evenements-au-23-novembre\/","title":{"rendered":"LYON 3 | Les \u00e9v\u00e8nements au 23 novembre"},"content":{"rendered":"<ul>\n<li><strong><span style=\"text-decoration: underline\">Vendredi 15 novembre<\/span> \u00e0 18 h : Remise de dipl\u00f4mes au coll\u00e8ge Moli\u00e8re<\/strong> (33 avenue du ch\u00e2teau).<\/li>\n<li>\n<div data-canvas-width=\"128.45066666666668\"><strong><strong><span style=\"text-decoration: underline\">Samedi 16 novembre<\/span> de 9 h \u00e0 13 h : <\/strong>Collecte solidaire d\u2019appareils \u00e9lectriques<\/strong>. (Place Guichard) &amp; <strong>\u00e0 14 h : R\u00e9union Conseil Citoyen \u00abLe quartier demain : Parlons-en !<\/strong> Ateliers d\u2019 information, de d\u00e9bats et de concertation, ouverts \u00e0 tous les habitants, commer\u00e7ants, et acteurs du quartier (3 \u00b0 &amp; 7\u00b0 arrondissements) \/ Conseil Citoyen Moncey-Lyon 3e Voltaire-Guilloti\u00e8re en association avec le conseil de quartier Moncey-Pr\u00e9fecture-Mutualit\u00e9 et Guilloti\u00e8re, le collectif Ballanche et Sauvegarde et Embellissement de Lyon. (5 Rue Bonnefoi).<\/div>\n<\/li>\n<li><strong><span style=\"text-decoration: underline\">Lundi 18 novembre<\/span> \u00e0 18 h 30 : M\u00e9dailles de la reconnaissance<\/strong> par la chambre des m\u00e9tiers et artisanat. 2 m\u00e9daill\u00e9s sont issus du 3\u00b0 : P. Hiriart (p\u00e2tissier) et J\u00e9r\u00e9my Serre (boulanger). (H\u00f4tel de ville, Place de la com\u00e9die) &amp; <strong>\u00e0 18 h 30 : Vernissage de l\u2019exposition du Consulat de Roumanie<\/strong>. L\u2019exposition durera jusqu\u2019au 30 novembre. (Mairie du 3\u00b0, 215 rue Duguesclin).<\/li>\n<li><strong><span style=\"text-decoration: underline\">Mardi 19 novembre<\/span> \u00e0 9 h : S\u00e9ance pl\u00e9ni\u00e8re du Conseil local de sant\u00e9 mentale<\/strong> de Lyon 3\u00b0. (Mairie du 3\u00b0, 215 rue Duguesclin) <strong>&amp; \u00e0 18 h 30 : Premi\u00e8re du documentaire consacr\u00e9 \u00e0 la biblioth\u00e8que \u00e0 dom<\/strong> &#8211; \u00ab\u00a0LA BIBLIOTH\u00c8QUE \u00c0 DOMICILE\u00a0\u00bb. (Biblioth\u00e8que de la Part-Dieu, 30, Boulevard Vivier-Merle).<\/li>\n<li>\n<div data-canvas-width=\"138.7026666666667\"><strong><strong><strong><span style=\"text-decoration: underline\">Mercredi 20 novembre<\/span> \u00e0 14 h 30 : C\u00e9l\u00e9bration de la Convention internationale des droits de l\u2019enfant. \/ <\/strong><\/strong><\/strong>Barreau de Lyon. (Maison des avocats, 42 rue de Bonnel).<\/div>\n<\/li>\n<li>\n<div data-canvas-width=\"138.7026666666667\">\n<div data-canvas-width=\"115.10400000000001\"><strong><span style=\"text-decoration: underline\">Jeudi 21 novembre<\/span> \u00e0 18 h : Journ\u00e9e internationale pour l\u2019\u00e9limination des violences \u00e0 l\u2019\u00e9gard des femmes &#8211; atelier d\u00e9bat<\/strong> \/ Femmes solidaires, Filactions, et Viffil. (Mairie du 3\u00b0, 215 rue Duguesclin).<\/div>\n<\/div>\n<\/li>\n<li>\n<div data-canvas-width=\"55.59599999999999\"><strong><span style=\"text-decoration: underline\">Samedi 23 novembre<\/span> \u00e0 9 h 30 : Bourse aux jouets<\/strong> \/Association d&rsquo;assistantes maternelles Camalyon. (Maison des italiens, 82 Rue du Dauphin\u00e9).<\/div>\n<\/li>\n<\/ul>\n<p><strong>Retrouvez l\u2019ACTU du 3\u00b0 arrondissement sur<\/strong> : <a href=\"https:\/\/mairie3.lyon.fr\" target=\"_blank\" rel=\"noopener noreferrer\">https:\/\/mairie3.lyon.fr<\/a><\/p>\n<div data-canvas-width=\"128.45066666666668\">\n<div data-canvas-width=\"116.83466666666666\">\n<div data-canvas-width=\"373.89733333333345\"><\/div>\n<\/div>\n<div data-canvas-width=\"433.12133333333327\"><\/div>\n<\/div>\n","protected":false},"excerpt":{"rendered":"<p>Nombreux seront les \u00e9v\u00e8nements pr\u00e9vus sur cet arrondissement dans les prochains jours :<\/p>\n","protected":false},"author":4,"featured_media":8840,"comment_status":"open","ping_status":"open","sticky":false,"template":"","format":"standard","meta":{"footnotes":""},"categories":[30,1625],"tags":[1991,2077],"class_list":["post-88696","post","type-post","status-publish","format-standard","has-post-thumbnail","hentry","category-a-la-une","category-lyon","tag-agenda","tag-lyon"],"yoast_head":"<!-- This site is optimized with the Yoast SEO plugin v27.2 - https:\/\/yoast.com\/product\/yoast-seo-wordpress\/ -->\n<title>LYON 3 | Les \u00e9v\u00e8nements au 23 novembre - News Est Lyonnais<\/title>\n<meta name=\"description\" content=\"LYON 3 | Les \u00e9v\u00e8nements au 23 novembre\" \/>\n<meta name=\"robots\" content=\"index, follow, max-snippet:-1, max-image-preview:large, max-video-preview:-1\" \/>\n<link rel=\"canonical\" href=\"https:\/\/newsestlyonnais.fr\/site\/2019\/11\/15\/lyon-3-les-evenements-au-23-novembre\/\" \/>\n<meta property=\"og:locale\" content=\"fr_FR\" \/>\n<meta property=\"og:type\" content=\"article\" \/>\n<meta property=\"og:title\" content=\"LYON 3 | Les \u00e9v\u00e8nements au 23 novembre - News Est Lyonnais\" \/>\n<meta property=\"og:description\" content=\"LYON 3 | Les \u00e9v\u00e8nements au 23 novembre\" \/>\n<meta property=\"og:url\" content=\"https:\/\/newsestlyonnais.fr\/site\/2019\/11\/15\/lyon-3-les-evenements-au-23-novembre\/\" \/>\n<meta property=\"og:site_name\" content=\"News Est Lyonnais\" \/>\n<meta property=\"article:author\" content=\"https:\/\/www.facebook.com\/pascal.oberson.1?fref=ts\" \/>\n<meta property=\"article:published_time\" content=\"2019-11-15T05:57:28+00:00\" \/>\n<meta property=\"og:image\" content=\"https:\/\/i1.wp.com\/newsestlyonnais.fr\/site\/wp-content\/uploads\/2016\/06\/NEWSESTLYONNAIS-LYON-PANNEAUP1100180.jpg?fit=1000%2C750&ssl=1\" \/>\n\t<meta property=\"og:image:width\" content=\"1000\" \/>\n\t<meta property=\"og:image:height\" content=\"750\" \/>\n\t<meta property=\"og:image:type\" content=\"image\/jpeg\" \/>\n<meta name=\"author\" content=\"R\u00e9dac. NEWS\" \/>\n<meta name=\"twitter:card\" content=\"summary_large_image\" \/>\n<meta name=\"twitter:label1\" content=\"\u00c9crit par\" \/>\n\t<meta name=\"twitter:data1\" content=\"R\u00e9dac. NEWS\" \/>\n\t<meta name=\"twitter:label2\" content=\"Dur\u00e9e de lecture estim\u00e9e\" \/>\n\t<meta name=\"twitter:data2\" content=\"1 minute\" \/>\n<script type=\"application\/ld+json\" class=\"yoast-schema-graph\">{\"@context\":\"https:\/\/schema.org\",\"@graph\":[{\"@type\":\"Article\",\"@id\":\"https:\/\/newsestlyonnais.fr\/site\/2019\/11\/15\/lyon-3-les-evenements-au-23-novembre\/#article\",\"isPartOf\":{\"@id\":\"https:\/\/newsestlyonnais.fr\/site\/2019\/11\/15\/lyon-3-les-evenements-au-23-novembre\/\"},\"author\":{\"name\":\"R\u00e9dac. NEWS\",\"@id\":\"https:\/\/newsestlyonnais.fr\/site\/#\/schema\/person\/3230d5615f390bb808365d673001e887\"},\"headline\":\"LYON 3 | Les \u00e9v\u00e8nements au 23 novembre\",\"datePublished\":\"2019-11-15T05:57:28+00:00\",\"mainEntityOfPage\":{\"@id\":\"https:\/\/newsestlyonnais.fr\/site\/2019\/11\/15\/lyon-3-les-evenements-au-23-novembre\/\"},\"wordCount\":277,\"commentCount\":0,\"publisher\":{\"@id\":\"https:\/\/newsestlyonnais.fr\/site\/#organization\"},\"image\":{\"@id\":\"https:\/\/newsestlyonnais.fr\/site\/2019\/11\/15\/lyon-3-les-evenements-au-23-novembre\/#primaryimage\"},\"thumbnailUrl\":\"https:\/\/newsestlyonnais.fr\/site\/wp-content\/uploads\/2016\/06\/NEWSESTLYONNAIS-LYON-PANNEAUP1100180.jpg\",\"keywords\":[\"AGENDA\",\"LYON\"],\"articleSection\":[\"\u00e0 la une\",\"Lyon\"],\"inLanguage\":\"fr-FR\",\"potentialAction\":[{\"@type\":\"CommentAction\",\"name\":\"Comment\",\"target\":[\"https:\/\/newsestlyonnais.fr\/site\/2019\/11\/15\/lyon-3-les-evenements-au-23-novembre\/#respond\"]}]},{\"@type\":\"WebPage\",\"@id\":\"https:\/\/newsestlyonnais.fr\/site\/2019\/11\/15\/lyon-3-les-evenements-au-23-novembre\/\",\"url\":\"https:\/\/newsestlyonnais.fr\/site\/2019\/11\/15\/lyon-3-les-evenements-au-23-novembre\/\",\"name\":\"LYON 3 | Les \u00e9v\u00e8nements au 23 novembre - News Est Lyonnais\",\"isPartOf\":{\"@id\":\"https:\/\/newsestlyonnais.fr\/site\/#website\"},\"primaryImageOfPage\":{\"@id\":\"https:\/\/newsestlyonnais.fr\/site\/2019\/11\/15\/lyon-3-les-evenements-au-23-novembre\/#primaryimage\"},\"image\":{\"@id\":\"https:\/\/newsestlyonnais.fr\/site\/2019\/11\/15\/lyon-3-les-evenements-au-23-novembre\/#primaryimage\"},\"thumbnailUrl\":\"https:\/\/newsestlyonnais.fr\/site\/wp-content\/uploads\/2016\/06\/NEWSESTLYONNAIS-LYON-PANNEAUP1100180.jpg\",\"datePublished\":\"2019-11-15T05:57:28+00:00\",\"description\":\"LYON 3 | Les \u00e9v\u00e8nements au 23 novembre\",\"breadcrumb\":{\"@id\":\"https:\/\/newsestlyonnais.fr\/site\/2019\/11\/15\/lyon-3-les-evenements-au-23-novembre\/#breadcrumb\"},\"inLanguage\":\"fr-FR\",\"potentialAction\":[{\"@type\":\"ReadAction\",\"target\":[\"https:\/\/newsestlyonnais.fr\/site\/2019\/11\/15\/lyon-3-les-evenements-au-23-novembre\/\"]}]},{\"@type\":\"ImageObject\",\"inLanguage\":\"fr-FR\",\"@id\":\"https:\/\/newsestlyonnais.fr\/site\/2019\/11\/15\/lyon-3-les-evenements-au-23-novembre\/#primaryimage\",\"url\":\"https:\/\/newsestlyonnais.fr\/site\/wp-content\/uploads\/2016\/06\/NEWSESTLYONNAIS-LYON-PANNEAUP1100180.jpg\",\"contentUrl\":\"https:\/\/newsestlyonnais.fr\/site\/wp-content\/uploads\/2016\/06\/NEWSESTLYONNAIS-LYON-PANNEAUP1100180.jpg\",\"width\":1000,\"height\":750,\"caption\":\"NEWSESTLYONNAIS - LYON PANNEAU\"},{\"@type\":\"BreadcrumbList\",\"@id\":\"https:\/\/newsestlyonnais.fr\/site\/2019\/11\/15\/lyon-3-les-evenements-au-23-novembre\/#breadcrumb\",\"itemListElement\":[{\"@type\":\"ListItem\",\"position\":1,\"name\":\"Accueil\",\"item\":\"https:\/\/newsestlyonnais.fr\/site\/\"},{\"@type\":\"ListItem\",\"position\":2,\"name\":\"LYON 3 | Les \u00e9v\u00e8nements au 23 novembre\"}]},{\"@type\":\"WebSite\",\"@id\":\"https:\/\/newsestlyonnais.fr\/site\/#website\",\"url\":\"https:\/\/newsestlyonnais.fr\/site\/\",\"name\":\"News Est Lyonnais\",\"description\":\"L&#039;actualit\u00e9 au plus pr\u00e8s\",\"publisher\":{\"@id\":\"https:\/\/newsestlyonnais.fr\/site\/#organization\"},\"potentialAction\":[{\"@type\":\"SearchAction\",\"target\":{\"@type\":\"EntryPoint\",\"urlTemplate\":\"https:\/\/newsestlyonnais.fr\/site\/?s={search_term_string}\"},\"query-input\":{\"@type\":\"PropertyValueSpecification\",\"valueRequired\":true,\"valueName\":\"search_term_string\"}}],\"inLanguage\":\"fr-FR\"},{\"@type\":\"Organization\",\"@id\":\"https:\/\/newsestlyonnais.fr\/site\/#organization\",\"name\":\"News EST LYONNAIS\",\"url\":\"https:\/\/newsestlyonnais.fr\/site\/\",\"logo\":{\"@type\":\"ImageObject\",\"inLanguage\":\"fr-FR\",\"@id\":\"https:\/\/newsestlyonnais.fr\/site\/#\/schema\/logo\/image\/\",\"url\":\"\",\"contentUrl\":\"\",\"caption\":\"News EST LYONNAIS\"},\"image\":{\"@id\":\"https:\/\/newsestlyonnais.fr\/site\/#\/schema\/logo\/image\/\"}},{\"@type\":\"Person\",\"@id\":\"https:\/\/newsestlyonnais.fr\/site\/#\/schema\/person\/3230d5615f390bb808365d673001e887\",\"name\":\"R\u00e9dac. NEWS\",\"sameAs\":[\"http:\/\/www.newsestlyonnais.fr\",\"https:\/\/www.facebook.com\/pascal.oberson.1?fref=ts\",\"https:\/\/fr.linkedin.com\/in\/pascal-oberson-b17045113\"],\"url\":\"https:\/\/newsestlyonnais.fr\/site\/author\/nel\/\"}]}<\/script>\n<!-- \/ Yoast SEO plugin. -->","yoast_head_json":{"title":"LYON 3 | Les \u00e9v\u00e8nements au 23 novembre - News Est Lyonnais","description":"LYON 3 | Les \u00e9v\u00e8nements au 23 novembre","robots":{"index":"index","follow":"follow","max-snippet":"max-snippet:-1","max-image-preview":"max-image-preview:large","max-video-preview":"max-video-preview:-1"},"canonical":"https:\/\/newsestlyonnais.fr\/site\/2019\/11\/15\/lyon-3-les-evenements-au-23-novembre\/","og_locale":"fr_FR","og_type":"article","og_title":"LYON 3 | Les \u00e9v\u00e8nements au 23 novembre - News Est Lyonnais","og_description":"LYON 3 | Les \u00e9v\u00e8nements au 23 novembre","og_url":"https:\/\/newsestlyonnais.fr\/site\/2019\/11\/15\/lyon-3-les-evenements-au-23-novembre\/","og_site_name":"News Est Lyonnais","article_author":"https:\/\/www.facebook.com\/pascal.oberson.1?fref=ts","article_published_time":"2019-11-15T05:57:28+00:00","og_image":[{"width":1000,"height":750,"url":"https:\/\/i1.wp.com\/newsestlyonnais.fr\/site\/wp-content\/uploads\/2016\/06\/NEWSESTLYONNAIS-LYON-PANNEAUP1100180.jpg?fit=1000%2C750&ssl=1","type":"image\/jpeg"}],"author":"R\u00e9dac. NEWS","twitter_card":"summary_large_image","twitter_misc":{"\u00c9crit par":"R\u00e9dac. NEWS","Dur\u00e9e de lecture estim\u00e9e":"1 minute"},"schema":{"@context":"https:\/\/schema.org","@graph":[{"@type":"Article","@id":"https:\/\/newsestlyonnais.fr\/site\/2019\/11\/15\/lyon-3-les-evenements-au-23-novembre\/#article","isPartOf":{"@id":"https:\/\/newsestlyonnais.fr\/site\/2019\/11\/15\/lyon-3-les-evenements-au-23-novembre\/"},"author":{"name":"R\u00e9dac. NEWS","@id":"https:\/\/newsestlyonnais.fr\/site\/#\/schema\/person\/3230d5615f390bb808365d673001e887"},"headline":"LYON 3 | Les \u00e9v\u00e8nements au 23 novembre","datePublished":"2019-11-15T05:57:28+00:00","mainEntityOfPage":{"@id":"https:\/\/newsestlyonnais.fr\/site\/2019\/11\/15\/lyon-3-les-evenements-au-23-novembre\/"},"wordCount":277,"commentCount":0,"publisher":{"@id":"https:\/\/newsestlyonnais.fr\/site\/#organization"},"image":{"@id":"https:\/\/newsestlyonnais.fr\/site\/2019\/11\/15\/lyon-3-les-evenements-au-23-novembre\/#primaryimage"},"thumbnailUrl":"https:\/\/newsestlyonnais.fr\/site\/wp-content\/uploads\/2016\/06\/NEWSESTLYONNAIS-LYON-PANNEAUP1100180.jpg","keywords":["AGENDA","LYON"],"articleSection":["\u00e0 la une","Lyon"],"inLanguage":"fr-FR","potentialAction":[{"@type":"CommentAction","name":"Comment","target":["https:\/\/newsestlyonnais.fr\/site\/2019\/11\/15\/lyon-3-les-evenements-au-23-novembre\/#respond"]}]},{"@type":"WebPage","@id":"https:\/\/newsestlyonnais.fr\/site\/2019\/11\/15\/lyon-3-les-evenements-au-23-novembre\/","url":"https:\/\/newsestlyonnais.fr\/site\/2019\/11\/15\/lyon-3-les-evenements-au-23-novembre\/","name":"LYON 3 | Les \u00e9v\u00e8nements au 23 novembre - News Est Lyonnais","isPartOf":{"@id":"https:\/\/newsestlyonnais.fr\/site\/#website"},"primaryImageOfPage":{"@id":"https:\/\/newsestlyonnais.fr\/site\/2019\/11\/15\/lyon-3-les-evenements-au-23-novembre\/#primaryimage"},"image":{"@id":"https:\/\/newsestlyonnais.fr\/site\/2019\/11\/15\/lyon-3-les-evenements-au-23-novembre\/#primaryimage"},"thumbnailUrl":"https:\/\/newsestlyonnais.fr\/site\/wp-content\/uploads\/2016\/06\/NEWSESTLYONNAIS-LYON-PANNEAUP1100180.jpg","datePublished":"2019-11-15T05:57:28+00:00","description":"LYON 3 | Les \u00e9v\u00e8nements au 23 novembre","breadcrumb":{"@id":"https:\/\/newsestlyonnais.fr\/site\/2019\/11\/15\/lyon-3-les-evenements-au-23-novembre\/#breadcrumb"},"inLanguage":"fr-FR","potentialAction":[{"@type":"ReadAction","target":["https:\/\/newsestlyonnais.fr\/site\/2019\/11\/15\/lyon-3-les-evenements-au-23-novembre\/"]}]},{"@type":"ImageObject","inLanguage":"fr-FR","@id":"https:\/\/newsestlyonnais.fr\/site\/2019\/11\/15\/lyon-3-les-evenements-au-23-novembre\/#primaryimage","url":"https:\/\/newsestlyonnais.fr\/site\/wp-content\/uploads\/2016\/06\/NEWSESTLYONNAIS-LYON-PANNEAUP1100180.jpg","contentUrl":"https:\/\/newsestlyonnais.fr\/site\/wp-content\/uploads\/2016\/06\/NEWSESTLYONNAIS-LYON-PANNEAUP1100180.jpg","width":1000,"height":750,"caption":"NEWSESTLYONNAIS - LYON PANNEAU"},{"@type":"BreadcrumbList","@id":"https:\/\/newsestlyonnais.fr\/site\/2019\/11\/15\/lyon-3-les-evenements-au-23-novembre\/#breadcrumb","itemListElement":[{"@type":"ListItem","position":1,"name":"Accueil","item":"https:\/\/newsestlyonnais.fr\/site\/"},{"@type":"ListItem","position":2,"name":"LYON 3 | Les \u00e9v\u00e8nements au 23 novembre"}]},{"@type":"WebSite","@id":"https:\/\/newsestlyonnais.fr\/site\/#website","url":"https:\/\/newsestlyonnais.fr\/site\/","name":"News Est Lyonnais","description":"L&#039;actualit\u00e9 au plus pr\u00e8s","publisher":{"@id":"https:\/\/newsestlyonnais.fr\/site\/#organization"},"potentialAction":[{"@type":"SearchAction","target":{"@type":"EntryPoint","urlTemplate":"https:\/\/newsestlyonnais.fr\/site\/?s={search_term_string}"},"query-input":{"@type":"PropertyValueSpecification","valueRequired":true,"valueName":"search_term_string"}}],"inLanguage":"fr-FR"},{"@type":"Organization","@id":"https:\/\/newsestlyonnais.fr\/site\/#organization","name":"News EST LYONNAIS","url":"https:\/\/newsestlyonnais.fr\/site\/","logo":{"@type":"ImageObject","inLanguage":"fr-FR","@id":"https:\/\/newsestlyonnais.fr\/site\/#\/schema\/logo\/image\/","url":"","contentUrl":"","caption":"News EST LYONNAIS"},"image":{"@id":"https:\/\/newsestlyonnais.fr\/site\/#\/schema\/logo\/image\/"}},{"@type":"Person","@id":"https:\/\/newsestlyonnais.fr\/site\/#\/schema\/person\/3230d5615f390bb808365d673001e887","name":"R\u00e9dac. NEWS","sameAs":["http:\/\/www.newsestlyonnais.fr","https:\/\/www.facebook.com\/pascal.oberson.1?fref=ts","https:\/\/fr.linkedin.com\/in\/pascal-oberson-b17045113"],"url":"https:\/\/newsestlyonnais.fr\/site\/author\/nel\/"}]}},"_links":{"self":[{"href":"https:\/\/newsestlyonnais.fr\/site\/wp-json\/wp\/v2\/posts\/88696","targetHints":{"allow":["GET"]}}],"collection":[{"href":"https:\/\/newsestlyonnais.fr\/site\/wp-json\/wp\/v2\/posts"}],"about":[{"href":"https:\/\/newsestlyonnais.fr\/site\/wp-json\/wp\/v2\/types\/post"}],"author":[{"embeddable":true,"href":"https:\/\/newsestlyonnais.fr\/site\/wp-json\/wp\/v2\/users\/4"}],"replies":[{"embeddable":true,"href":"https:\/\/newsestlyonnais.fr\/site\/wp-json\/wp\/v2\/comments?post=88696"}],"version-history":[{"count":0,"href":"https:\/\/newsestlyonnais.fr\/site\/wp-json\/wp\/v2\/posts\/88696\/revisions"}],"wp:featuredmedia":[{"embeddable":true,"href":"https:\/\/newsestlyonnais.fr\/site\/wp-json\/wp\/v2\/media\/8840"}],"wp:attachment":[{"href":"https:\/\/newsestlyonnais.fr\/site\/wp-json\/wp\/v2\/media?parent=88696"}],"wp:term":[{"taxonomy":"category","embeddable":true,"href":"https:\/\/newsestlyonnais.fr\/site\/wp-json\/wp\/v2\/categories?post=88696"},{"taxonomy":"post_tag","embeddable":true,"href":"https:\/\/newsestlyonnais.fr\/site\/wp-json\/wp\/v2\/tags?post=88696"}],"curies":[{"name":"wp","href":"https:\/\/api.w.org\/{rel}","templated":true}]}}