{"id":88723,"date":"2019-11-15T09:13:11","date_gmt":"2019-11-15T08:13:11","guid":{"rendered":"http:\/\/newsestlyonnais.fr\/site\/?p=88723"},"modified":"2020-11-02T11:23:32","modified_gmt":"2020-11-02T10:23:32","slug":"vaulx-en-velin-le-nouveau-president-du-club-de-rugby-a-la-rencontre-des-jeunes","status":"publish","type":"post","link":"https:\/\/newsestlyonnais.fr\/site\/2019\/11\/15\/vaulx-en-velin-le-nouveau-president-du-club-de-rugby-a-la-rencontre-des-jeunes\/","title":{"rendered":"VAULX-EN-VELIN | Le nouveau pr\u00e9sident du club de rugby \u00e0 la rencontre des jeunes"},"content":{"rendered":"<p>Il remplace St\u00e9phane Thirion, d\u00e9missionnaire de la pr\u00e9sidence et qui reste au conseil d&rsquo;administration. Denis Kocak est directeur de la soci\u00e9t\u00e9 APS nettoyage situ\u00e9e \u00e0 Vaulx en Velin. Mercredi soir il s&rsquo;est rendu \u00e0 l&rsquo;entra\u00eenement des jeunes de l&rsquo;\u00e9cole de rugby du VVRL et des Lionnes qui se d\u00e9roulait au stade de l&rsquo;ENNA \u00e0 Villeurbanne.<\/p>\n<p>Le nouveau pr\u00e9sident conna\u00eet bien ces infrastructures o\u00f9 son fils est venu s&rsquo;entra\u00eener pendant trois saisons sous la conduite de Colin Niez (entra\u00eeneur des Lionnes et des U17 du club de VVRL). Il a \u00e9t\u00e9 tr\u00e8s heureux de retrouver les jeunes et leurs familles et a formul\u00e9 le souhait que \u00a0\u00bb 2020 apporte un terrain de Rugby \u00e0 Vaulx-en-Velin et qu&rsquo;il soit op\u00e9rationnel pour la nouvelle saison !\u00a0\u00bb<\/p>\n<p>Un voeu partag\u00e9 par beaucoup d&rsquo;adh\u00e9rents du Vaulx-en-Velin Rugby League.<\/p>\n<p><strong>NOTA<\/strong> : <span style=\"text-decoration: underline\">Composition du nouveau bureau du club<\/span> :<\/p>\n<ul>\n<li>Pr\u00e9sident : Denis Kocak<\/li>\n<li>Vice-Pr\u00e9sident : Jacques Cavezzan<\/li>\n<li>Secretaire : Ycene Sekmakdji<\/li>\n<li>Tr\u00e9sori\u00e8re : Fayina Moussa<\/li>\n<li>Membres : Elsa Bedu, Djamila Bouguerra, Mohamed El Ouali, Thierry Caillot &amp; St\u00e9phane Thirion<\/li>\n<\/ul>\n<p><span style=\"text-decoration: underline\"><em><strong>PHOTO A LA UNE<\/strong><\/em><\/span> : Jacques Cavezzan et Denis Kocak, un duo de poids pour p\u00e9renniser ce club de Rugby \u00e0 XIII<\/p>\n<div id='gallery-1' class='gallery galleryid-88723 gallery-columns-3 gallery-size-thumbnail'><figure class='gallery-item'>\n\t\t\t<div class='gallery-icon landscape'>\n\t\t\t\t<a href='https:\/\/newsestlyonnais.fr\/site\/2019\/11\/15\/vaulx-en-velin-le-nouveau-president-du-club-de-rugby-a-la-rencontre-des-jeunes\/olympus-digital-camera-134\/'><img loading=\"lazy\" decoding=\"async\" width=\"150\" height=\"112\" src=\"https:\/\/newsestlyonnais.fr\/site\/wp-content\/uploads\/2019\/11\/Le-bureau-directeur-autour-du-Pr\u00e9sident-Denis-Kocak-250x187.jpg\" class=\"attachment-thumbnail size-thumbnail\" alt=\"\" aria-describedby=\"gallery-1-88730\" srcset=\"https:\/\/newsestlyonnais.fr\/site\/wp-content\/uploads\/2019\/11\/Le-bureau-directeur-autour-du-Pr\u00e9sident-Denis-Kocak-250x187.jpg 250w, https:\/\/newsestlyonnais.fr\/site\/wp-content\/uploads\/2019\/11\/Le-bureau-directeur-autour-du-Pr\u00e9sident-Denis-Kocak-400x300.jpg 400w, https:\/\/newsestlyonnais.fr\/site\/wp-content\/uploads\/2019\/11\/Le-bureau-directeur-autour-du-Pr\u00e9sident-Denis-Kocak-768x576.jpg 768w, https:\/\/newsestlyonnais.fr\/site\/wp-content\/uploads\/2019\/11\/Le-bureau-directeur-autour-du-Pr\u00e9sident-Denis-Kocak-650x487.jpg 650w, https:\/\/newsestlyonnais.fr\/site\/wp-content\/uploads\/2019\/11\/Le-bureau-directeur-autour-du-Pr\u00e9sident-Denis-Kocak-150x112.jpg 150w, https:\/\/newsestlyonnais.fr\/site\/wp-content\/uploads\/2019\/11\/Le-bureau-directeur-autour-du-Pr\u00e9sident-Denis-Kocak-50x37.jpg 50w, https:\/\/newsestlyonnais.fr\/site\/wp-content\/uploads\/2019\/11\/Le-bureau-directeur-autour-du-Pr\u00e9sident-Denis-Kocak-100x75.jpg 100w, https:\/\/newsestlyonnais.fr\/site\/wp-content\/uploads\/2019\/11\/Le-bureau-directeur-autour-du-Pr\u00e9sident-Denis-Kocak-200x150.jpg 200w, https:\/\/newsestlyonnais.fr\/site\/wp-content\/uploads\/2019\/11\/Le-bureau-directeur-autour-du-Pr\u00e9sident-Denis-Kocak-300x225.jpg 300w, https:\/\/newsestlyonnais.fr\/site\/wp-content\/uploads\/2019\/11\/Le-bureau-directeur-autour-du-Pr\u00e9sident-Denis-Kocak-350x262.jpg 350w, https:\/\/newsestlyonnais.fr\/site\/wp-content\/uploads\/2019\/11\/Le-bureau-directeur-autour-du-Pr\u00e9sident-Denis-Kocak-450x337.jpg 450w, https:\/\/newsestlyonnais.fr\/site\/wp-content\/uploads\/2019\/11\/Le-bureau-directeur-autour-du-Pr\u00e9sident-Denis-Kocak-500x375.jpg 500w, https:\/\/newsestlyonnais.fr\/site\/wp-content\/uploads\/2019\/11\/Le-bureau-directeur-autour-du-Pr\u00e9sident-Denis-Kocak-550x412.jpg 550w, https:\/\/newsestlyonnais.fr\/site\/wp-content\/uploads\/2019\/11\/Le-bureau-directeur-autour-du-Pr\u00e9sident-Denis-Kocak-800x600.jpg 800w, https:\/\/newsestlyonnais.fr\/site\/wp-content\/uploads\/2019\/11\/Le-bureau-directeur-autour-du-Pr\u00e9sident-Denis-Kocak-1200x900.jpg 1200w, https:\/\/newsestlyonnais.fr\/site\/wp-content\/uploads\/2019\/11\/Le-bureau-directeur-autour-du-Pr\u00e9sident-Denis-Kocak-1320x990.jpg 1320w, https:\/\/newsestlyonnais.fr\/site\/wp-content\/uploads\/2019\/11\/Le-bureau-directeur-autour-du-Pr\u00e9sident-Denis-Kocak.jpg 1383w\" sizes=\"auto, (max-width: 150px) 100vw, 150px\" \/><\/a>\n\t\t\t<\/div>\n\t\t\t\t<figcaption class='wp-caption-text gallery-caption' id='gallery-1-88730'>\n\t\t\t\tLe bureau directeur autour du pr\u00e9sident Denis Kocak\n\t\t\t\t<\/figcaption><\/figure>\n\t\t<\/div>\n\n<p>&nbsp;<\/p>\n","protected":false},"excerpt":{"rendered":"<p>Lors de l&rsquo;assembl\u00e9e g\u00e9n\u00e9rale du Vaulx-en-Velin Rugby League, tenue le lundi 4 novembre, Denis Kocak a \u00e9t\u00e9 \u00e9lu \u00e0 la t\u00eate du club.<\/p>\n","protected":false},"author":4,"featured_media":88728,"comment_status":"open","ping_status":"open","sticky":false,"template":"","format":"standard","meta":{"footnotes":""},"categories":[2996,168,28],"tags":[2033,2006],"class_list":["post-88723","post","type-post","status-publish","format-standard","has-post-thumbnail","hentry","category-football-rugby","category-rugby-a-xiii","category-vaulx-en-velin","tag-rugby-a-xiii","tag-vaulx-en-velin"],"yoast_head":"<!-- This site is optimized with the Yoast SEO plugin v27.2 - https:\/\/yoast.com\/product\/yoast-seo-wordpress\/ -->\n<title>VAULX-EN-VELIN | Le nouveau pr\u00e9sident du club de rugby \u00e0 la rencontre des jeunes - News Est Lyonnais<\/title>\n<meta name=\"description\" content=\"VAULX-EN-VELIN | Le nouveau pr\u00e9sident du club de rugby \u00e0 la rencontre des jeunes\" \/>\n<meta name=\"robots\" content=\"index, follow, max-snippet:-1, max-image-preview:large, max-video-preview:-1\" \/>\n<link rel=\"canonical\" href=\"https:\/\/newsestlyonnais.fr\/site\/2019\/11\/15\/vaulx-en-velin-le-nouveau-president-du-club-de-rugby-a-la-rencontre-des-jeunes\/\" \/>\n<meta property=\"og:locale\" content=\"fr_FR\" \/>\n<meta property=\"og:type\" content=\"article\" \/>\n<meta property=\"og:title\" content=\"VAULX-EN-VELIN | Le nouveau pr\u00e9sident du club de rugby \u00e0 la rencontre des jeunes - News Est Lyonnais\" \/>\n<meta property=\"og:description\" content=\"VAULX-EN-VELIN | Le nouveau pr\u00e9sident du club de rugby \u00e0 la rencontre des jeunes\" \/>\n<meta property=\"og:url\" content=\"https:\/\/newsestlyonnais.fr\/site\/2019\/11\/15\/vaulx-en-velin-le-nouveau-president-du-club-de-rugby-a-la-rencontre-des-jeunes\/\" \/>\n<meta property=\"og:site_name\" content=\"News Est Lyonnais\" \/>\n<meta property=\"article:author\" content=\"https:\/\/www.facebook.com\/pascal.oberson.1?fref=ts\" \/>\n<meta property=\"article:published_time\" content=\"2019-11-15T08:13:11+00:00\" \/>\n<meta property=\"article:modified_time\" content=\"2020-11-02T10:23:32+00:00\" \/>\n<meta property=\"og:image\" content=\"https:\/\/i0.wp.com\/newsestlyonnais.fr\/site\/wp-content\/uploads\/2019\/11\/Jacques-et-Denis-un-duo-de-poids-pour-perenniser-le-Rugby-\u00e0-XIII-\u00e0-VVRL.jpg?fit=1037%2C1383&ssl=1\" \/>\n\t<meta property=\"og:image:width\" content=\"1037\" \/>\n\t<meta property=\"og:image:height\" content=\"1383\" \/>\n\t<meta property=\"og:image:type\" content=\"image\/jpeg\" \/>\n<meta name=\"author\" content=\"R\u00e9dac. NEWS\" \/>\n<meta name=\"twitter:card\" content=\"summary_large_image\" \/>\n<meta name=\"twitter:label1\" content=\"\u00c9crit par\" \/>\n\t<meta name=\"twitter:data1\" content=\"R\u00e9dac. NEWS\" \/>\n\t<meta name=\"twitter:label2\" content=\"Dur\u00e9e de lecture estim\u00e9e\" \/>\n\t<meta name=\"twitter:data2\" content=\"1 minute\" \/>\n<script type=\"application\/ld+json\" class=\"yoast-schema-graph\">{\"@context\":\"https:\/\/schema.org\",\"@graph\":[{\"@type\":\"Article\",\"@id\":\"https:\/\/newsestlyonnais.fr\/site\/2019\/11\/15\/vaulx-en-velin-le-nouveau-president-du-club-de-rugby-a-la-rencontre-des-jeunes\/#article\",\"isPartOf\":{\"@id\":\"https:\/\/newsestlyonnais.fr\/site\/2019\/11\/15\/vaulx-en-velin-le-nouveau-president-du-club-de-rugby-a-la-rencontre-des-jeunes\/\"},\"author\":{\"name\":\"R\u00e9dac. NEWS\",\"@id\":\"https:\/\/newsestlyonnais.fr\/site\/#\/schema\/person\/3230d5615f390bb808365d673001e887\"},\"headline\":\"VAULX-EN-VELIN | Le nouveau pr\u00e9sident du club de rugby \u00e0 la rencontre des jeunes\",\"datePublished\":\"2019-11-15T08:13:11+00:00\",\"dateModified\":\"2020-11-02T10:23:32+00:00\",\"mainEntityOfPage\":{\"@id\":\"https:\/\/newsestlyonnais.fr\/site\/2019\/11\/15\/vaulx-en-velin-le-nouveau-president-du-club-de-rugby-a-la-rencontre-des-jeunes\/\"},\"wordCount\":224,\"commentCount\":0,\"publisher\":{\"@id\":\"https:\/\/newsestlyonnais.fr\/site\/#organization\"},\"image\":{\"@id\":\"https:\/\/newsestlyonnais.fr\/site\/2019\/11\/15\/vaulx-en-velin-le-nouveau-president-du-club-de-rugby-a-la-rencontre-des-jeunes\/#primaryimage\"},\"thumbnailUrl\":\"https:\/\/newsestlyonnais.fr\/site\/wp-content\/uploads\/2019\/11\/Jacques-et-Denis-un-duo-de-poids-pour-perenniser-le-Rugby-\u00e0-XIII-\u00e0-VVRL.jpg\",\"keywords\":[\"RUGBY A XIII\",\"VAULX EN VELIN\"],\"articleSection\":[\"Foot | Rugby\",\"RUGBY \u00e0 XIII\",\"Vaulx-en-Velin\"],\"inLanguage\":\"fr-FR\",\"potentialAction\":[{\"@type\":\"CommentAction\",\"name\":\"Comment\",\"target\":[\"https:\/\/newsestlyonnais.fr\/site\/2019\/11\/15\/vaulx-en-velin-le-nouveau-president-du-club-de-rugby-a-la-rencontre-des-jeunes\/#respond\"]}]},{\"@type\":\"WebPage\",\"@id\":\"https:\/\/newsestlyonnais.fr\/site\/2019\/11\/15\/vaulx-en-velin-le-nouveau-president-du-club-de-rugby-a-la-rencontre-des-jeunes\/\",\"url\":\"https:\/\/newsestlyonnais.fr\/site\/2019\/11\/15\/vaulx-en-velin-le-nouveau-president-du-club-de-rugby-a-la-rencontre-des-jeunes\/\",\"name\":\"VAULX-EN-VELIN | Le nouveau pr\u00e9sident du club de rugby \u00e0 la rencontre des jeunes - News Est Lyonnais\",\"isPartOf\":{\"@id\":\"https:\/\/newsestlyonnais.fr\/site\/#website\"},\"primaryImageOfPage\":{\"@id\":\"https:\/\/newsestlyonnais.fr\/site\/2019\/11\/15\/vaulx-en-velin-le-nouveau-president-du-club-de-rugby-a-la-rencontre-des-jeunes\/#primaryimage\"},\"image\":{\"@id\":\"https:\/\/newsestlyonnais.fr\/site\/2019\/11\/15\/vaulx-en-velin-le-nouveau-president-du-club-de-rugby-a-la-rencontre-des-jeunes\/#primaryimage\"},\"thumbnailUrl\":\"https:\/\/newsestlyonnais.fr\/site\/wp-content\/uploads\/2019\/11\/Jacques-et-Denis-un-duo-de-poids-pour-perenniser-le-Rugby-\u00e0-XIII-\u00e0-VVRL.jpg\",\"datePublished\":\"2019-11-15T08:13:11+00:00\",\"dateModified\":\"2020-11-02T10:23:32+00:00\",\"description\":\"VAULX-EN-VELIN | Le nouveau pr\u00e9sident du club de rugby \u00e0 la rencontre des jeunes\",\"breadcrumb\":{\"@id\":\"https:\/\/newsestlyonnais.fr\/site\/2019\/11\/15\/vaulx-en-velin-le-nouveau-president-du-club-de-rugby-a-la-rencontre-des-jeunes\/#breadcrumb\"},\"inLanguage\":\"fr-FR\",\"potentialAction\":[{\"@type\":\"ReadAction\",\"target\":[\"https:\/\/newsestlyonnais.fr\/site\/2019\/11\/15\/vaulx-en-velin-le-nouveau-president-du-club-de-rugby-a-la-rencontre-des-jeunes\/\"]}]},{\"@type\":\"ImageObject\",\"inLanguage\":\"fr-FR\",\"@id\":\"https:\/\/newsestlyonnais.fr\/site\/2019\/11\/15\/vaulx-en-velin-le-nouveau-president-du-club-de-rugby-a-la-rencontre-des-jeunes\/#primaryimage\",\"url\":\"https:\/\/newsestlyonnais.fr\/site\/wp-content\/uploads\/2019\/11\/Jacques-et-Denis-un-duo-de-poids-pour-perenniser-le-Rugby-\u00e0-XIII-\u00e0-VVRL.jpg\",\"contentUrl\":\"https:\/\/newsestlyonnais.fr\/site\/wp-content\/uploads\/2019\/11\/Jacques-et-Denis-un-duo-de-poids-pour-perenniser-le-Rugby-\u00e0-XIII-\u00e0-VVRL.jpg\",\"width\":1037,\"height\":1383,\"caption\":\"OLYMPUS DIGITAL CAMERA\"},{\"@type\":\"BreadcrumbList\",\"@id\":\"https:\/\/newsestlyonnais.fr\/site\/2019\/11\/15\/vaulx-en-velin-le-nouveau-president-du-club-de-rugby-a-la-rencontre-des-jeunes\/#breadcrumb\",\"itemListElement\":[{\"@type\":\"ListItem\",\"position\":1,\"name\":\"Accueil\",\"item\":\"https:\/\/newsestlyonnais.fr\/site\/\"},{\"@type\":\"ListItem\",\"position\":2,\"name\":\"VAULX-EN-VELIN | Le nouveau pr\u00e9sident du club de rugby \u00e0 la rencontre des jeunes\"}]},{\"@type\":\"WebSite\",\"@id\":\"https:\/\/newsestlyonnais.fr\/site\/#website\",\"url\":\"https:\/\/newsestlyonnais.fr\/site\/\",\"name\":\"News Est Lyonnais\",\"description\":\"L&#039;actualit\u00e9 au plus pr\u00e8s\",\"publisher\":{\"@id\":\"https:\/\/newsestlyonnais.fr\/site\/#organization\"},\"potentialAction\":[{\"@type\":\"SearchAction\",\"target\":{\"@type\":\"EntryPoint\",\"urlTemplate\":\"https:\/\/newsestlyonnais.fr\/site\/?s={search_term_string}\"},\"query-input\":{\"@type\":\"PropertyValueSpecification\",\"valueRequired\":true,\"valueName\":\"search_term_string\"}}],\"inLanguage\":\"fr-FR\"},{\"@type\":\"Organization\",\"@id\":\"https:\/\/newsestlyonnais.fr\/site\/#organization\",\"name\":\"News EST LYONNAIS\",\"url\":\"https:\/\/newsestlyonnais.fr\/site\/\",\"logo\":{\"@type\":\"ImageObject\",\"inLanguage\":\"fr-FR\",\"@id\":\"https:\/\/newsestlyonnais.fr\/site\/#\/schema\/logo\/image\/\",\"url\":\"\",\"contentUrl\":\"\",\"caption\":\"News EST LYONNAIS\"},\"image\":{\"@id\":\"https:\/\/newsestlyonnais.fr\/site\/#\/schema\/logo\/image\/\"}},{\"@type\":\"Person\",\"@id\":\"https:\/\/newsestlyonnais.fr\/site\/#\/schema\/person\/3230d5615f390bb808365d673001e887\",\"name\":\"R\u00e9dac. NEWS\",\"sameAs\":[\"http:\/\/www.newsestlyonnais.fr\",\"https:\/\/www.facebook.com\/pascal.oberson.1?fref=ts\",\"https:\/\/fr.linkedin.com\/in\/pascal-oberson-b17045113\"],\"url\":\"https:\/\/newsestlyonnais.fr\/site\/author\/nel\/\"}]}<\/script>\n<!-- \/ Yoast SEO plugin. -->","yoast_head_json":{"title":"VAULX-EN-VELIN | Le nouveau pr\u00e9sident du club de rugby \u00e0 la rencontre des jeunes - News Est Lyonnais","description":"VAULX-EN-VELIN | Le nouveau pr\u00e9sident du club de rugby \u00e0 la rencontre des jeunes","robots":{"index":"index","follow":"follow","max-snippet":"max-snippet:-1","max-image-preview":"max-image-preview:large","max-video-preview":"max-video-preview:-1"},"canonical":"https:\/\/newsestlyonnais.fr\/site\/2019\/11\/15\/vaulx-en-velin-le-nouveau-president-du-club-de-rugby-a-la-rencontre-des-jeunes\/","og_locale":"fr_FR","og_type":"article","og_title":"VAULX-EN-VELIN | Le nouveau pr\u00e9sident du club de rugby \u00e0 la rencontre des jeunes - News Est Lyonnais","og_description":"VAULX-EN-VELIN | Le nouveau pr\u00e9sident du club de rugby \u00e0 la rencontre des jeunes","og_url":"https:\/\/newsestlyonnais.fr\/site\/2019\/11\/15\/vaulx-en-velin-le-nouveau-president-du-club-de-rugby-a-la-rencontre-des-jeunes\/","og_site_name":"News Est Lyonnais","article_author":"https:\/\/www.facebook.com\/pascal.oberson.1?fref=ts","article_published_time":"2019-11-15T08:13:11+00:00","article_modified_time":"2020-11-02T10:23:32+00:00","og_image":[{"width":1037,"height":1383,"url":"https:\/\/i0.wp.com\/newsestlyonnais.fr\/site\/wp-content\/uploads\/2019\/11\/Jacques-et-Denis-un-duo-de-poids-pour-perenniser-le-Rugby-\u00e0-XIII-\u00e0-VVRL.jpg?fit=1037%2C1383&ssl=1","type":"image\/jpeg"}],"author":"R\u00e9dac. NEWS","twitter_card":"summary_large_image","twitter_misc":{"\u00c9crit par":"R\u00e9dac. NEWS","Dur\u00e9e de lecture estim\u00e9e":"1 minute"},"schema":{"@context":"https:\/\/schema.org","@graph":[{"@type":"Article","@id":"https:\/\/newsestlyonnais.fr\/site\/2019\/11\/15\/vaulx-en-velin-le-nouveau-president-du-club-de-rugby-a-la-rencontre-des-jeunes\/#article","isPartOf":{"@id":"https:\/\/newsestlyonnais.fr\/site\/2019\/11\/15\/vaulx-en-velin-le-nouveau-president-du-club-de-rugby-a-la-rencontre-des-jeunes\/"},"author":{"name":"R\u00e9dac. NEWS","@id":"https:\/\/newsestlyonnais.fr\/site\/#\/schema\/person\/3230d5615f390bb808365d673001e887"},"headline":"VAULX-EN-VELIN | Le nouveau pr\u00e9sident du club de rugby \u00e0 la rencontre des jeunes","datePublished":"2019-11-15T08:13:11+00:00","dateModified":"2020-11-02T10:23:32+00:00","mainEntityOfPage":{"@id":"https:\/\/newsestlyonnais.fr\/site\/2019\/11\/15\/vaulx-en-velin-le-nouveau-president-du-club-de-rugby-a-la-rencontre-des-jeunes\/"},"wordCount":224,"commentCount":0,"publisher":{"@id":"https:\/\/newsestlyonnais.fr\/site\/#organization"},"image":{"@id":"https:\/\/newsestlyonnais.fr\/site\/2019\/11\/15\/vaulx-en-velin-le-nouveau-president-du-club-de-rugby-a-la-rencontre-des-jeunes\/#primaryimage"},"thumbnailUrl":"https:\/\/newsestlyonnais.fr\/site\/wp-content\/uploads\/2019\/11\/Jacques-et-Denis-un-duo-de-poids-pour-perenniser-le-Rugby-\u00e0-XIII-\u00e0-VVRL.jpg","keywords":["RUGBY A XIII","VAULX EN VELIN"],"articleSection":["Foot | Rugby","RUGBY \u00e0 XIII","Vaulx-en-Velin"],"inLanguage":"fr-FR","potentialAction":[{"@type":"CommentAction","name":"Comment","target":["https:\/\/newsestlyonnais.fr\/site\/2019\/11\/15\/vaulx-en-velin-le-nouveau-president-du-club-de-rugby-a-la-rencontre-des-jeunes\/#respond"]}]},{"@type":"WebPage","@id":"https:\/\/newsestlyonnais.fr\/site\/2019\/11\/15\/vaulx-en-velin-le-nouveau-president-du-club-de-rugby-a-la-rencontre-des-jeunes\/","url":"https:\/\/newsestlyonnais.fr\/site\/2019\/11\/15\/vaulx-en-velin-le-nouveau-president-du-club-de-rugby-a-la-rencontre-des-jeunes\/","name":"VAULX-EN-VELIN | Le nouveau pr\u00e9sident du club de rugby \u00e0 la rencontre des jeunes - News Est Lyonnais","isPartOf":{"@id":"https:\/\/newsestlyonnais.fr\/site\/#website"},"primaryImageOfPage":{"@id":"https:\/\/newsestlyonnais.fr\/site\/2019\/11\/15\/vaulx-en-velin-le-nouveau-president-du-club-de-rugby-a-la-rencontre-des-jeunes\/#primaryimage"},"image":{"@id":"https:\/\/newsestlyonnais.fr\/site\/2019\/11\/15\/vaulx-en-velin-le-nouveau-president-du-club-de-rugby-a-la-rencontre-des-jeunes\/#primaryimage"},"thumbnailUrl":"https:\/\/newsestlyonnais.fr\/site\/wp-content\/uploads\/2019\/11\/Jacques-et-Denis-un-duo-de-poids-pour-perenniser-le-Rugby-\u00e0-XIII-\u00e0-VVRL.jpg","datePublished":"2019-11-15T08:13:11+00:00","dateModified":"2020-11-02T10:23:32+00:00","description":"VAULX-EN-VELIN | Le nouveau pr\u00e9sident du club de rugby \u00e0 la rencontre des jeunes","breadcrumb":{"@id":"https:\/\/newsestlyonnais.fr\/site\/2019\/11\/15\/vaulx-en-velin-le-nouveau-president-du-club-de-rugby-a-la-rencontre-des-jeunes\/#breadcrumb"},"inLanguage":"fr-FR","potentialAction":[{"@type":"ReadAction","target":["https:\/\/newsestlyonnais.fr\/site\/2019\/11\/15\/vaulx-en-velin-le-nouveau-president-du-club-de-rugby-a-la-rencontre-des-jeunes\/"]}]},{"@type":"ImageObject","inLanguage":"fr-FR","@id":"https:\/\/newsestlyonnais.fr\/site\/2019\/11\/15\/vaulx-en-velin-le-nouveau-president-du-club-de-rugby-a-la-rencontre-des-jeunes\/#primaryimage","url":"https:\/\/newsestlyonnais.fr\/site\/wp-content\/uploads\/2019\/11\/Jacques-et-Denis-un-duo-de-poids-pour-perenniser-le-Rugby-\u00e0-XIII-\u00e0-VVRL.jpg","contentUrl":"https:\/\/newsestlyonnais.fr\/site\/wp-content\/uploads\/2019\/11\/Jacques-et-Denis-un-duo-de-poids-pour-perenniser-le-Rugby-\u00e0-XIII-\u00e0-VVRL.jpg","width":1037,"height":1383,"caption":"OLYMPUS DIGITAL CAMERA"},{"@type":"BreadcrumbList","@id":"https:\/\/newsestlyonnais.fr\/site\/2019\/11\/15\/vaulx-en-velin-le-nouveau-president-du-club-de-rugby-a-la-rencontre-des-jeunes\/#breadcrumb","itemListElement":[{"@type":"ListItem","position":1,"name":"Accueil","item":"https:\/\/newsestlyonnais.fr\/site\/"},{"@type":"ListItem","position":2,"name":"VAULX-EN-VELIN | Le nouveau pr\u00e9sident du club de rugby \u00e0 la rencontre des jeunes"}]},{"@type":"WebSite","@id":"https:\/\/newsestlyonnais.fr\/site\/#website","url":"https:\/\/newsestlyonnais.fr\/site\/","name":"News Est Lyonnais","description":"L&#039;actualit\u00e9 au plus pr\u00e8s","publisher":{"@id":"https:\/\/newsestlyonnais.fr\/site\/#organization"},"potentialAction":[{"@type":"SearchAction","target":{"@type":"EntryPoint","urlTemplate":"https:\/\/newsestlyonnais.fr\/site\/?s={search_term_string}"},"query-input":{"@type":"PropertyValueSpecification","valueRequired":true,"valueName":"search_term_string"}}],"inLanguage":"fr-FR"},{"@type":"Organization","@id":"https:\/\/newsestlyonnais.fr\/site\/#organization","name":"News EST LYONNAIS","url":"https:\/\/newsestlyonnais.fr\/site\/","logo":{"@type":"ImageObject","inLanguage":"fr-FR","@id":"https:\/\/newsestlyonnais.fr\/site\/#\/schema\/logo\/image\/","url":"","contentUrl":"","caption":"News EST LYONNAIS"},"image":{"@id":"https:\/\/newsestlyonnais.fr\/site\/#\/schema\/logo\/image\/"}},{"@type":"Person","@id":"https:\/\/newsestlyonnais.fr\/site\/#\/schema\/person\/3230d5615f390bb808365d673001e887","name":"R\u00e9dac. NEWS","sameAs":["http:\/\/www.newsestlyonnais.fr","https:\/\/www.facebook.com\/pascal.oberson.1?fref=ts","https:\/\/fr.linkedin.com\/in\/pascal-oberson-b17045113"],"url":"https:\/\/newsestlyonnais.fr\/site\/author\/nel\/"}]}},"_links":{"self":[{"href":"https:\/\/newsestlyonnais.fr\/site\/wp-json\/wp\/v2\/posts\/88723","targetHints":{"allow":["GET"]}}],"collection":[{"href":"https:\/\/newsestlyonnais.fr\/site\/wp-json\/wp\/v2\/posts"}],"about":[{"href":"https:\/\/newsestlyonnais.fr\/site\/wp-json\/wp\/v2\/types\/post"}],"author":[{"embeddable":true,"href":"https:\/\/newsestlyonnais.fr\/site\/wp-json\/wp\/v2\/users\/4"}],"replies":[{"embeddable":true,"href":"https:\/\/newsestlyonnais.fr\/site\/wp-json\/wp\/v2\/comments?post=88723"}],"version-history":[{"count":0,"href":"https:\/\/newsestlyonnais.fr\/site\/wp-json\/wp\/v2\/posts\/88723\/revisions"}],"wp:featuredmedia":[{"embeddable":true,"href":"https:\/\/newsestlyonnais.fr\/site\/wp-json\/wp\/v2\/media\/88728"}],"wp:attachment":[{"href":"https:\/\/newsestlyonnais.fr\/site\/wp-json\/wp\/v2\/media?parent=88723"}],"wp:term":[{"taxonomy":"category","embeddable":true,"href":"https:\/\/newsestlyonnais.fr\/site\/wp-json\/wp\/v2\/categories?post=88723"},{"taxonomy":"post_tag","embeddable":true,"href":"https:\/\/newsestlyonnais.fr\/site\/wp-json\/wp\/v2\/tags?post=88723"}],"curies":[{"name":"wp","href":"https:\/\/api.w.org\/{rel}","templated":true}]}}