{"id":88813,"date":"2019-11-17T15:48:34","date_gmt":"2019-11-17T14:48:34","guid":{"rendered":"http:\/\/newsestlyonnais.fr\/site\/?p=88813"},"modified":"2020-11-01T12:16:42","modified_gmt":"2020-11-01T11:16:42","slug":"balan-le-beau-geste-solidaire-de-lasc-balan-athle","status":"publish","type":"post","link":"https:\/\/newsestlyonnais.fr\/site\/2019\/11\/17\/balan-le-beau-geste-solidaire-de-lasc-balan-athle\/","title":{"rendered":"BALAN | Le beau geste solidaire de l&rsquo;ASC Balan Athl\u00e9"},"content":{"rendered":"<div>\n<p>Depuis l\u2019an dernier, le club pr\u00e9sid\u00e9 par Lionel Salmon s\u2019est engag\u00e9 \u00e0 reverser 1 euro par participant \u00e0 l\u2019association FRANCE ADOT 01 qui informe et sensibilise sur la cause du don d\u2019organes, de tissus et de moelle osseuse.<\/p>\n<p>En 2018, l\u2019ASC Balan avait pu reverser 200 euros et cette ann\u00e9e, gr\u00e2ce \u00e0 la g\u00e9n\u00e9rosit\u00e9 de ses partenaires et \u00e0 la fr\u00e9quentation en hausse du nombre de coureurs, la somme revers\u00e9e a \u00e9t\u00e9 de 1.100 euros, soit 3 euros par coureur,qui \u00e9taient au nombre de 365.<\/p>\n<p>La remise du cheque s\u2019est d\u00e9roul\u00e9e jeudi dernier au Parc des Sports de Balan en pr\u00e9sence d\u2019une partie du bureau de l\u2019ASC Balan Athl\u00e9tisme, de quelques athl\u00e8tes et de la pr\u00e9sidente de FRANCE ADOT 01, Mich\u00e8le Drot et son mari.<\/p>\n<p>&#8211;\u00a0 <strong><em>Retrouvez l\u2019ACTU de l\u2019ASC Balan Athl\u00e9 sur : <a href=\"http:\/\/ascbalan.athle.com\/\">http:\/\/ascbalan.athle.com<\/a><\/em><\/strong><\/p>\n<\/div>\n<div><\/div>\n<div><\/div>\n<div><img loading=\"lazy\" decoding=\"async\" class=\"aligncenter size-full wp-image-88817\" src=\"https:\/\/newsestlyonnais.fr\/site\/medias\/2019\/11\/NEWSESTLYONNAIS-SENTIER-LONES-2019.jpg\" alt=\"\" width=\"188\" height=\"250\" srcset=\"https:\/\/newsestlyonnais.fr\/site\/wp-content\/uploads\/2019\/11\/NEWSESTLYONNAIS-SENTIER-LONES-2019.jpg 188w, https:\/\/newsestlyonnais.fr\/site\/wp-content\/uploads\/2019\/11\/NEWSESTLYONNAIS-SENTIER-LONES-2019-150x199.jpg 150w, https:\/\/newsestlyonnais.fr\/site\/wp-content\/uploads\/2019\/11\/NEWSESTLYONNAIS-SENTIER-LONES-2019-50x66.jpg 50w, https:\/\/newsestlyonnais.fr\/site\/wp-content\/uploads\/2019\/11\/NEWSESTLYONNAIS-SENTIER-LONES-2019-100x133.jpg 100w\" sizes=\"auto, (max-width: 188px) 100vw, 188px\" \/><\/div>\n<div class=\"\"><\/div>\n<div class=\"\"><\/div>\n","protected":false},"excerpt":{"rendered":"<p>Le 15 septembre dernier, l&rsquo;ASC Balan Athl\u00e9 avait organis\u00e9 la 4\u00b0 \u00e9dition du Sentier des L\u00f4nes, course qui a attir\u00e9 365 coureurs. <\/p>\n","protected":false},"author":4,"featured_media":88819,"comment_status":"open","ping_status":"open","sticky":false,"template":"","format":"standard","meta":{"footnotes":""},"categories":[156,2968,18],"tags":[2514,2532,2283],"class_list":["post-88813","post","type-post","status-publish","format-standard","has-post-thumbnail","hentry","category-ain","category-athle-course-pied-marche","category-sante-bien-etre-solidarite","tag-asc-balan","tag-balan","tag-course-pedestre"],"yoast_head":"<!-- This site is optimized with the Yoast SEO plugin v27.2 - https:\/\/yoast.com\/product\/yoast-seo-wordpress\/ -->\n<title>BALAN | Le beau geste solidaire de l&#039;ASC Balan Athl\u00e9 - News Est Lyonnais<\/title>\n<meta name=\"description\" content=\"BALAN | Le beau geste solidaire de l&#039;ASC Balan Athl\u00e9\" \/>\n<meta name=\"robots\" content=\"index, follow, max-snippet:-1, max-image-preview:large, max-video-preview:-1\" \/>\n<link rel=\"canonical\" href=\"https:\/\/newsestlyonnais.fr\/site\/2019\/11\/17\/balan-le-beau-geste-solidaire-de-lasc-balan-athle\/\" \/>\n<meta property=\"og:locale\" content=\"fr_FR\" \/>\n<meta property=\"og:type\" content=\"article\" \/>\n<meta property=\"og:title\" content=\"BALAN | Le beau geste solidaire de l&#039;ASC Balan Athl\u00e9 - News Est Lyonnais\" \/>\n<meta property=\"og:description\" content=\"BALAN | Le beau geste solidaire de l&#039;ASC Balan Athl\u00e9\" \/>\n<meta property=\"og:url\" content=\"https:\/\/newsestlyonnais.fr\/site\/2019\/11\/17\/balan-le-beau-geste-solidaire-de-lasc-balan-athle\/\" \/>\n<meta property=\"og:site_name\" content=\"News Est Lyonnais\" \/>\n<meta property=\"article:author\" content=\"https:\/\/www.facebook.com\/pascal.oberson.1?fref=ts\" \/>\n<meta property=\"article:published_time\" content=\"2019-11-17T14:48:34+00:00\" \/>\n<meta property=\"article:modified_time\" content=\"2020-11-01T11:16:42+00:00\" \/>\n<meta property=\"og:image\" content=\"https:\/\/i1.wp.com\/newsestlyonnais.fr\/site\/wp-content\/uploads\/2019\/11\/NEWSESTLYONNAIS-BALAN-ASC-CHEQUE.jpeg?fit=1200%2C800&ssl=1\" \/>\n\t<meta property=\"og:image:width\" content=\"1200\" \/>\n\t<meta property=\"og:image:height\" content=\"800\" \/>\n\t<meta property=\"og:image:type\" content=\"image\/jpeg\" \/>\n<meta name=\"author\" content=\"R\u00e9dac. NEWS\" \/>\n<meta name=\"twitter:card\" content=\"summary_large_image\" \/>\n<meta name=\"twitter:label1\" content=\"\u00c9crit par\" \/>\n\t<meta name=\"twitter:data1\" content=\"R\u00e9dac. NEWS\" \/>\n\t<meta name=\"twitter:label2\" content=\"Dur\u00e9e de lecture estim\u00e9e\" \/>\n\t<meta name=\"twitter:data2\" content=\"1 minute\" \/>\n<script type=\"application\/ld+json\" class=\"yoast-schema-graph\">{\"@context\":\"https:\/\/schema.org\",\"@graph\":[{\"@type\":\"Article\",\"@id\":\"https:\/\/newsestlyonnais.fr\/site\/2019\/11\/17\/balan-le-beau-geste-solidaire-de-lasc-balan-athle\/#article\",\"isPartOf\":{\"@id\":\"https:\/\/newsestlyonnais.fr\/site\/2019\/11\/17\/balan-le-beau-geste-solidaire-de-lasc-balan-athle\/\"},\"author\":{\"name\":\"R\u00e9dac. NEWS\",\"@id\":\"https:\/\/newsestlyonnais.fr\/site\/#\/schema\/person\/3230d5615f390bb808365d673001e887\"},\"headline\":\"BALAN | Le beau geste solidaire de l&rsquo;ASC Balan Athl\u00e9\",\"datePublished\":\"2019-11-17T14:48:34+00:00\",\"dateModified\":\"2020-11-01T11:16:42+00:00\",\"mainEntityOfPage\":{\"@id\":\"https:\/\/newsestlyonnais.fr\/site\/2019\/11\/17\/balan-le-beau-geste-solidaire-de-lasc-balan-athle\/\"},\"wordCount\":160,\"commentCount\":0,\"publisher\":{\"@id\":\"https:\/\/newsestlyonnais.fr\/site\/#organization\"},\"image\":{\"@id\":\"https:\/\/newsestlyonnais.fr\/site\/2019\/11\/17\/balan-le-beau-geste-solidaire-de-lasc-balan-athle\/#primaryimage\"},\"thumbnailUrl\":\"https:\/\/newsestlyonnais.fr\/site\/wp-content\/uploads\/2019\/11\/NEWSESTLYONNAIS-BALAN-ASC-CHEQUE.jpeg\",\"keywords\":[\"ASC BALAN\",\"BALAN\",\"course p\u00e9destre\"],\"articleSection\":[\"Ain (01)\",\"Athl\u00e9 | Course pied | Marche\",\"Sant\u00e9 | Bien Etre | Solidarit\u00e9\"],\"inLanguage\":\"fr-FR\",\"potentialAction\":[{\"@type\":\"CommentAction\",\"name\":\"Comment\",\"target\":[\"https:\/\/newsestlyonnais.fr\/site\/2019\/11\/17\/balan-le-beau-geste-solidaire-de-lasc-balan-athle\/#respond\"]}]},{\"@type\":\"WebPage\",\"@id\":\"https:\/\/newsestlyonnais.fr\/site\/2019\/11\/17\/balan-le-beau-geste-solidaire-de-lasc-balan-athle\/\",\"url\":\"https:\/\/newsestlyonnais.fr\/site\/2019\/11\/17\/balan-le-beau-geste-solidaire-de-lasc-balan-athle\/\",\"name\":\"BALAN | Le beau geste solidaire de l'ASC Balan Athl\u00e9 - News Est Lyonnais\",\"isPartOf\":{\"@id\":\"https:\/\/newsestlyonnais.fr\/site\/#website\"},\"primaryImageOfPage\":{\"@id\":\"https:\/\/newsestlyonnais.fr\/site\/2019\/11\/17\/balan-le-beau-geste-solidaire-de-lasc-balan-athle\/#primaryimage\"},\"image\":{\"@id\":\"https:\/\/newsestlyonnais.fr\/site\/2019\/11\/17\/balan-le-beau-geste-solidaire-de-lasc-balan-athle\/#primaryimage\"},\"thumbnailUrl\":\"https:\/\/newsestlyonnais.fr\/site\/wp-content\/uploads\/2019\/11\/NEWSESTLYONNAIS-BALAN-ASC-CHEQUE.jpeg\",\"datePublished\":\"2019-11-17T14:48:34+00:00\",\"dateModified\":\"2020-11-01T11:16:42+00:00\",\"description\":\"BALAN | Le beau geste solidaire de l'ASC Balan Athl\u00e9\",\"breadcrumb\":{\"@id\":\"https:\/\/newsestlyonnais.fr\/site\/2019\/11\/17\/balan-le-beau-geste-solidaire-de-lasc-balan-athle\/#breadcrumb\"},\"inLanguage\":\"fr-FR\",\"potentialAction\":[{\"@type\":\"ReadAction\",\"target\":[\"https:\/\/newsestlyonnais.fr\/site\/2019\/11\/17\/balan-le-beau-geste-solidaire-de-lasc-balan-athle\/\"]}]},{\"@type\":\"ImageObject\",\"inLanguage\":\"fr-FR\",\"@id\":\"https:\/\/newsestlyonnais.fr\/site\/2019\/11\/17\/balan-le-beau-geste-solidaire-de-lasc-balan-athle\/#primaryimage\",\"url\":\"https:\/\/newsestlyonnais.fr\/site\/wp-content\/uploads\/2019\/11\/NEWSESTLYONNAIS-BALAN-ASC-CHEQUE.jpeg\",\"contentUrl\":\"https:\/\/newsestlyonnais.fr\/site\/wp-content\/uploads\/2019\/11\/NEWSESTLYONNAIS-BALAN-ASC-CHEQUE.jpeg\",\"width\":1200,\"height\":800},{\"@type\":\"BreadcrumbList\",\"@id\":\"https:\/\/newsestlyonnais.fr\/site\/2019\/11\/17\/balan-le-beau-geste-solidaire-de-lasc-balan-athle\/#breadcrumb\",\"itemListElement\":[{\"@type\":\"ListItem\",\"position\":1,\"name\":\"Accueil\",\"item\":\"https:\/\/newsestlyonnais.fr\/site\/\"},{\"@type\":\"ListItem\",\"position\":2,\"name\":\"BALAN | Le beau geste solidaire de l&rsquo;ASC Balan Athl\u00e9\"}]},{\"@type\":\"WebSite\",\"@id\":\"https:\/\/newsestlyonnais.fr\/site\/#website\",\"url\":\"https:\/\/newsestlyonnais.fr\/site\/\",\"name\":\"News Est Lyonnais\",\"description\":\"L&#039;actualit\u00e9 au plus pr\u00e8s\",\"publisher\":{\"@id\":\"https:\/\/newsestlyonnais.fr\/site\/#organization\"},\"potentialAction\":[{\"@type\":\"SearchAction\",\"target\":{\"@type\":\"EntryPoint\",\"urlTemplate\":\"https:\/\/newsestlyonnais.fr\/site\/?s={search_term_string}\"},\"query-input\":{\"@type\":\"PropertyValueSpecification\",\"valueRequired\":true,\"valueName\":\"search_term_string\"}}],\"inLanguage\":\"fr-FR\"},{\"@type\":\"Organization\",\"@id\":\"https:\/\/newsestlyonnais.fr\/site\/#organization\",\"name\":\"News EST LYONNAIS\",\"url\":\"https:\/\/newsestlyonnais.fr\/site\/\",\"logo\":{\"@type\":\"ImageObject\",\"inLanguage\":\"fr-FR\",\"@id\":\"https:\/\/newsestlyonnais.fr\/site\/#\/schema\/logo\/image\/\",\"url\":\"\",\"contentUrl\":\"\",\"caption\":\"News EST LYONNAIS\"},\"image\":{\"@id\":\"https:\/\/newsestlyonnais.fr\/site\/#\/schema\/logo\/image\/\"}},{\"@type\":\"Person\",\"@id\":\"https:\/\/newsestlyonnais.fr\/site\/#\/schema\/person\/3230d5615f390bb808365d673001e887\",\"name\":\"R\u00e9dac. NEWS\",\"sameAs\":[\"http:\/\/www.newsestlyonnais.fr\",\"https:\/\/www.facebook.com\/pascal.oberson.1?fref=ts\",\"https:\/\/fr.linkedin.com\/in\/pascal-oberson-b17045113\"],\"url\":\"https:\/\/newsestlyonnais.fr\/site\/author\/nel\/\"}]}<\/script>\n<!-- \/ Yoast SEO plugin. -->","yoast_head_json":{"title":"BALAN | Le beau geste solidaire de l'ASC Balan Athl\u00e9 - News Est Lyonnais","description":"BALAN | Le beau geste solidaire de l'ASC Balan Athl\u00e9","robots":{"index":"index","follow":"follow","max-snippet":"max-snippet:-1","max-image-preview":"max-image-preview:large","max-video-preview":"max-video-preview:-1"},"canonical":"https:\/\/newsestlyonnais.fr\/site\/2019\/11\/17\/balan-le-beau-geste-solidaire-de-lasc-balan-athle\/","og_locale":"fr_FR","og_type":"article","og_title":"BALAN | Le beau geste solidaire de l'ASC Balan Athl\u00e9 - News Est Lyonnais","og_description":"BALAN | Le beau geste solidaire de l'ASC Balan Athl\u00e9","og_url":"https:\/\/newsestlyonnais.fr\/site\/2019\/11\/17\/balan-le-beau-geste-solidaire-de-lasc-balan-athle\/","og_site_name":"News Est Lyonnais","article_author":"https:\/\/www.facebook.com\/pascal.oberson.1?fref=ts","article_published_time":"2019-11-17T14:48:34+00:00","article_modified_time":"2020-11-01T11:16:42+00:00","og_image":[{"width":1200,"height":800,"url":"https:\/\/i1.wp.com\/newsestlyonnais.fr\/site\/wp-content\/uploads\/2019\/11\/NEWSESTLYONNAIS-BALAN-ASC-CHEQUE.jpeg?fit=1200%2C800&ssl=1","type":"image\/jpeg"}],"author":"R\u00e9dac. NEWS","twitter_card":"summary_large_image","twitter_misc":{"\u00c9crit par":"R\u00e9dac. NEWS","Dur\u00e9e de lecture estim\u00e9e":"1 minute"},"schema":{"@context":"https:\/\/schema.org","@graph":[{"@type":"Article","@id":"https:\/\/newsestlyonnais.fr\/site\/2019\/11\/17\/balan-le-beau-geste-solidaire-de-lasc-balan-athle\/#article","isPartOf":{"@id":"https:\/\/newsestlyonnais.fr\/site\/2019\/11\/17\/balan-le-beau-geste-solidaire-de-lasc-balan-athle\/"},"author":{"name":"R\u00e9dac. NEWS","@id":"https:\/\/newsestlyonnais.fr\/site\/#\/schema\/person\/3230d5615f390bb808365d673001e887"},"headline":"BALAN | Le beau geste solidaire de l&rsquo;ASC Balan Athl\u00e9","datePublished":"2019-11-17T14:48:34+00:00","dateModified":"2020-11-01T11:16:42+00:00","mainEntityOfPage":{"@id":"https:\/\/newsestlyonnais.fr\/site\/2019\/11\/17\/balan-le-beau-geste-solidaire-de-lasc-balan-athle\/"},"wordCount":160,"commentCount":0,"publisher":{"@id":"https:\/\/newsestlyonnais.fr\/site\/#organization"},"image":{"@id":"https:\/\/newsestlyonnais.fr\/site\/2019\/11\/17\/balan-le-beau-geste-solidaire-de-lasc-balan-athle\/#primaryimage"},"thumbnailUrl":"https:\/\/newsestlyonnais.fr\/site\/wp-content\/uploads\/2019\/11\/NEWSESTLYONNAIS-BALAN-ASC-CHEQUE.jpeg","keywords":["ASC BALAN","BALAN","course p\u00e9destre"],"articleSection":["Ain (01)","Athl\u00e9 | Course pied | Marche","Sant\u00e9 | Bien Etre | Solidarit\u00e9"],"inLanguage":"fr-FR","potentialAction":[{"@type":"CommentAction","name":"Comment","target":["https:\/\/newsestlyonnais.fr\/site\/2019\/11\/17\/balan-le-beau-geste-solidaire-de-lasc-balan-athle\/#respond"]}]},{"@type":"WebPage","@id":"https:\/\/newsestlyonnais.fr\/site\/2019\/11\/17\/balan-le-beau-geste-solidaire-de-lasc-balan-athle\/","url":"https:\/\/newsestlyonnais.fr\/site\/2019\/11\/17\/balan-le-beau-geste-solidaire-de-lasc-balan-athle\/","name":"BALAN | Le beau geste solidaire de l'ASC Balan Athl\u00e9 - News Est Lyonnais","isPartOf":{"@id":"https:\/\/newsestlyonnais.fr\/site\/#website"},"primaryImageOfPage":{"@id":"https:\/\/newsestlyonnais.fr\/site\/2019\/11\/17\/balan-le-beau-geste-solidaire-de-lasc-balan-athle\/#primaryimage"},"image":{"@id":"https:\/\/newsestlyonnais.fr\/site\/2019\/11\/17\/balan-le-beau-geste-solidaire-de-lasc-balan-athle\/#primaryimage"},"thumbnailUrl":"https:\/\/newsestlyonnais.fr\/site\/wp-content\/uploads\/2019\/11\/NEWSESTLYONNAIS-BALAN-ASC-CHEQUE.jpeg","datePublished":"2019-11-17T14:48:34+00:00","dateModified":"2020-11-01T11:16:42+00:00","description":"BALAN | Le beau geste solidaire de l'ASC Balan Athl\u00e9","breadcrumb":{"@id":"https:\/\/newsestlyonnais.fr\/site\/2019\/11\/17\/balan-le-beau-geste-solidaire-de-lasc-balan-athle\/#breadcrumb"},"inLanguage":"fr-FR","potentialAction":[{"@type":"ReadAction","target":["https:\/\/newsestlyonnais.fr\/site\/2019\/11\/17\/balan-le-beau-geste-solidaire-de-lasc-balan-athle\/"]}]},{"@type":"ImageObject","inLanguage":"fr-FR","@id":"https:\/\/newsestlyonnais.fr\/site\/2019\/11\/17\/balan-le-beau-geste-solidaire-de-lasc-balan-athle\/#primaryimage","url":"https:\/\/newsestlyonnais.fr\/site\/wp-content\/uploads\/2019\/11\/NEWSESTLYONNAIS-BALAN-ASC-CHEQUE.jpeg","contentUrl":"https:\/\/newsestlyonnais.fr\/site\/wp-content\/uploads\/2019\/11\/NEWSESTLYONNAIS-BALAN-ASC-CHEQUE.jpeg","width":1200,"height":800},{"@type":"BreadcrumbList","@id":"https:\/\/newsestlyonnais.fr\/site\/2019\/11\/17\/balan-le-beau-geste-solidaire-de-lasc-balan-athle\/#breadcrumb","itemListElement":[{"@type":"ListItem","position":1,"name":"Accueil","item":"https:\/\/newsestlyonnais.fr\/site\/"},{"@type":"ListItem","position":2,"name":"BALAN | Le beau geste solidaire de l&rsquo;ASC Balan Athl\u00e9"}]},{"@type":"WebSite","@id":"https:\/\/newsestlyonnais.fr\/site\/#website","url":"https:\/\/newsestlyonnais.fr\/site\/","name":"News Est Lyonnais","description":"L&#039;actualit\u00e9 au plus pr\u00e8s","publisher":{"@id":"https:\/\/newsestlyonnais.fr\/site\/#organization"},"potentialAction":[{"@type":"SearchAction","target":{"@type":"EntryPoint","urlTemplate":"https:\/\/newsestlyonnais.fr\/site\/?s={search_term_string}"},"query-input":{"@type":"PropertyValueSpecification","valueRequired":true,"valueName":"search_term_string"}}],"inLanguage":"fr-FR"},{"@type":"Organization","@id":"https:\/\/newsestlyonnais.fr\/site\/#organization","name":"News EST LYONNAIS","url":"https:\/\/newsestlyonnais.fr\/site\/","logo":{"@type":"ImageObject","inLanguage":"fr-FR","@id":"https:\/\/newsestlyonnais.fr\/site\/#\/schema\/logo\/image\/","url":"","contentUrl":"","caption":"News EST LYONNAIS"},"image":{"@id":"https:\/\/newsestlyonnais.fr\/site\/#\/schema\/logo\/image\/"}},{"@type":"Person","@id":"https:\/\/newsestlyonnais.fr\/site\/#\/schema\/person\/3230d5615f390bb808365d673001e887","name":"R\u00e9dac. NEWS","sameAs":["http:\/\/www.newsestlyonnais.fr","https:\/\/www.facebook.com\/pascal.oberson.1?fref=ts","https:\/\/fr.linkedin.com\/in\/pascal-oberson-b17045113"],"url":"https:\/\/newsestlyonnais.fr\/site\/author\/nel\/"}]}},"_links":{"self":[{"href":"https:\/\/newsestlyonnais.fr\/site\/wp-json\/wp\/v2\/posts\/88813","targetHints":{"allow":["GET"]}}],"collection":[{"href":"https:\/\/newsestlyonnais.fr\/site\/wp-json\/wp\/v2\/posts"}],"about":[{"href":"https:\/\/newsestlyonnais.fr\/site\/wp-json\/wp\/v2\/types\/post"}],"author":[{"embeddable":true,"href":"https:\/\/newsestlyonnais.fr\/site\/wp-json\/wp\/v2\/users\/4"}],"replies":[{"embeddable":true,"href":"https:\/\/newsestlyonnais.fr\/site\/wp-json\/wp\/v2\/comments?post=88813"}],"version-history":[{"count":0,"href":"https:\/\/newsestlyonnais.fr\/site\/wp-json\/wp\/v2\/posts\/88813\/revisions"}],"wp:featuredmedia":[{"embeddable":true,"href":"https:\/\/newsestlyonnais.fr\/site\/wp-json\/wp\/v2\/media\/88819"}],"wp:attachment":[{"href":"https:\/\/newsestlyonnais.fr\/site\/wp-json\/wp\/v2\/media?parent=88813"}],"wp:term":[{"taxonomy":"category","embeddable":true,"href":"https:\/\/newsestlyonnais.fr\/site\/wp-json\/wp\/v2\/categories?post=88813"},{"taxonomy":"post_tag","embeddable":true,"href":"https:\/\/newsestlyonnais.fr\/site\/wp-json\/wp\/v2\/tags?post=88813"}],"curies":[{"name":"wp","href":"https:\/\/api.w.org\/{rel}","templated":true}]}}