{"id":88832,"date":"2019-11-18T17:35:27","date_gmt":"2019-11-18T16:35:27","guid":{"rendered":"http:\/\/newsestlyonnais.fr\/site\/?p=88832"},"modified":"2019-11-19T06:41:42","modified_gmt":"2019-11-19T05:41:42","slug":"villeurbanne-plus-de-120-coureurs-au-cyclo-cross-de-la-feyssine","status":"publish","type":"post","link":"https:\/\/newsestlyonnais.fr\/site\/2019\/11\/18\/villeurbanne-plus-de-120-coureurs-au-cyclo-cross-de-la-feyssine\/","title":{"rendered":"VILLEURBANNE | Plus de 120 coureurs au cyclo-cross de la Feyssine"},"content":{"rendered":"<p>En prologue de la 4\u00b0 \u00e9dition de cette \u00e9preuve (10\u00b0 du challenge des cyclo-cross de la saison 2020, commission v\u00e9lo\u00a0 FSGT 69), la matin\u00e9e a \u00e9t\u00e9 consacr\u00e9e aux plus jeunes. Ainsi en collaboration avec l\u2019USEP, 6 courses ont \u00e9t\u00e9 organis\u00e9es pour les \u00e9l\u00e8ves (gar\u00e7ons et filles) des classes de CE2, CM1 &amp; CM2, soit au total 135 jeunes.<\/p>\n<p>Les \u00e9preuves de l&rsquo;apr\u00e8s-midi ont vu la participation de 127 coureurs (43 sur les 3 courses enfants &amp; 84 adultes) qui ont roul\u00e9 sur un circuit modifi\u00e9, bien appr\u00e9ci\u00e9 par les coureurs et un des meilleurs circuits de la r\u00e9gion, selon un participant venant de franchir la ligne d&rsquo;arriv\u00e9e.<\/p>\n<p>\u00a0\u00bb Belle satisfaction pour cette 4\u00b0 \u00e9dition et la 3\u00b0 avec l&rsquo;USEP, puisque la participation a \u00e9t\u00e9 sup\u00e9rieure \u00e0 2018 et que nous n&rsquo;avons pas eu de pluie mais plut\u00f4t du soleil.\u00a0\u00bb confiait \u00e0 l&rsquo;issue de la remise des r\u00e9compenses, Gilles Negrignat, pr\u00e9sident du club organisateur.<\/p>\n<p>Une \u00e9preuve remport\u00e9e chez les adultes dans la cat\u00e9gorie A, par <strong>Antony Chamerat-Dumon<\/strong>t (VC Brignais) qui a couvert les 8 tours en 52&rsquo;51 \u00a0\u00bb &amp; en B par <strong>Dominique Dupras<\/strong> (AC St Jean Le Vieux).<\/p>\n<ul>\n<li><em><strong>R\u00e9sultats complets de l&rsquo;\u00e9preuve A &amp; B\u00a0 sur : <a href=\"http:\/\/www.cyclismerhonefsgt.fr\/epreuve\/463\">http:\/\/www.cyclismerhonefsgt.fr\/epreuve\/463<\/a><\/strong><\/em><\/li>\n<\/ul>\n<div id='gallery-1' class='gallery galleryid-88832 gallery-columns-3 gallery-size-thumbnail'><figure class='gallery-item'>\n\t\t\t<div class='gallery-icon portrait'>\n\t\t\t\t<a href='https:\/\/newsestlyonnais.fr\/site\/newsestlyonnais-cyclocross-feyssine-2019\/'><img loading=\"lazy\" decoding=\"async\" width=\"100\" height=\"150\" src=\"https:\/\/newsestlyonnais.fr\/site\/wp-content\/uploads\/2019\/10\/NEWSESTLYONNAIS-cyclocross-Feyssine-2019-250x375.jpg\" class=\"attachment-thumbnail size-thumbnail\" alt=\"\" aria-describedby=\"gallery-1-85382\" srcset=\"https:\/\/newsestlyonnais.fr\/site\/wp-content\/uploads\/2019\/10\/NEWSESTLYONNAIS-cyclocross-Feyssine-2019-250x375.jpg 250w, https:\/\/newsestlyonnais.fr\/site\/wp-content\/uploads\/2019\/10\/NEWSESTLYONNAIS-cyclocross-Feyssine-2019-400x600.jpg 400w, https:\/\/newsestlyonnais.fr\/site\/wp-content\/uploads\/2019\/10\/NEWSESTLYONNAIS-cyclocross-Feyssine-2019-768x1152.jpg 768w, https:\/\/newsestlyonnais.fr\/site\/wp-content\/uploads\/2019\/10\/NEWSESTLYONNAIS-cyclocross-Feyssine-2019-650x975.jpg 650w, https:\/\/newsestlyonnais.fr\/site\/wp-content\/uploads\/2019\/10\/NEWSESTLYONNAIS-cyclocross-Feyssine-2019-150x225.jpg 150w, https:\/\/newsestlyonnais.fr\/site\/wp-content\/uploads\/2019\/10\/NEWSESTLYONNAIS-cyclocross-Feyssine-2019-50x75.jpg 50w, https:\/\/newsestlyonnais.fr\/site\/wp-content\/uploads\/2019\/10\/NEWSESTLYONNAIS-cyclocross-Feyssine-2019-100x150.jpg 100w, https:\/\/newsestlyonnais.fr\/site\/wp-content\/uploads\/2019\/10\/NEWSESTLYONNAIS-cyclocross-Feyssine-2019-200x300.jpg 200w, https:\/\/newsestlyonnais.fr\/site\/wp-content\/uploads\/2019\/10\/NEWSESTLYONNAIS-cyclocross-Feyssine-2019-300x450.jpg 300w, https:\/\/newsestlyonnais.fr\/site\/wp-content\/uploads\/2019\/10\/NEWSESTLYONNAIS-cyclocross-Feyssine-2019-350x525.jpg 350w, https:\/\/newsestlyonnais.fr\/site\/wp-content\/uploads\/2019\/10\/NEWSESTLYONNAIS-cyclocross-Feyssine-2019-450x675.jpg 450w, https:\/\/newsestlyonnais.fr\/site\/wp-content\/uploads\/2019\/10\/NEWSESTLYONNAIS-cyclocross-Feyssine-2019-500x750.jpg 500w, https:\/\/newsestlyonnais.fr\/site\/wp-content\/uploads\/2019\/10\/NEWSESTLYONNAIS-cyclocross-Feyssine-2019-550x825.jpg 550w, https:\/\/newsestlyonnais.fr\/site\/wp-content\/uploads\/2019\/10\/NEWSESTLYONNAIS-cyclocross-Feyssine-2019.jpg 800w\" sizes=\"auto, (max-width: 100px) 100vw, 100px\" \/><\/a>\n\t\t\t<\/div>\n\t\t\t\t<figcaption class='wp-caption-text gallery-caption' id='gallery-1-85382'>\n\t\t\t\tCyclo-cross de la Feyssine\n\t\t\t\t<\/figcaption><\/figure><figure class='gallery-item'>\n\t\t\t<div class='gallery-icon landscape'>\n\t\t\t\t<a href='https:\/\/newsestlyonnais.fr\/site\/2019\/11\/18\/villeurbanne-plus-de-120-coureurs-au-cyclo-cross-de-la-feyssine\/newsestlyonnais-cyclo-feys-021\/'><img loading=\"lazy\" decoding=\"async\" width=\"150\" height=\"100\" src=\"https:\/\/newsestlyonnais.fr\/site\/wp-content\/uploads\/2019\/11\/NEWSESTLYONNAIS-CYCLO-FEYS-021-250x167.jpg\" class=\"attachment-thumbnail size-thumbnail\" alt=\"\" aria-describedby=\"gallery-1-88941\" srcset=\"https:\/\/newsestlyonnais.fr\/site\/wp-content\/uploads\/2019\/11\/NEWSESTLYONNAIS-CYCLO-FEYS-021-250x167.jpg 250w, https:\/\/newsestlyonnais.fr\/site\/wp-content\/uploads\/2019\/11\/NEWSESTLYONNAIS-CYCLO-FEYS-021-400x267.jpg 400w, https:\/\/newsestlyonnais.fr\/site\/wp-content\/uploads\/2019\/11\/NEWSESTLYONNAIS-CYCLO-FEYS-021-768x512.jpg 768w, https:\/\/newsestlyonnais.fr\/site\/wp-content\/uploads\/2019\/11\/NEWSESTLYONNAIS-CYCLO-FEYS-021-650x433.jpg 650w, https:\/\/newsestlyonnais.fr\/site\/wp-content\/uploads\/2019\/11\/NEWSESTLYONNAIS-CYCLO-FEYS-021-150x100.jpg 150w, https:\/\/newsestlyonnais.fr\/site\/wp-content\/uploads\/2019\/11\/NEWSESTLYONNAIS-CYCLO-FEYS-021-50x33.jpg 50w, https:\/\/newsestlyonnais.fr\/site\/wp-content\/uploads\/2019\/11\/NEWSESTLYONNAIS-CYCLO-FEYS-021-100x67.jpg 100w, https:\/\/newsestlyonnais.fr\/site\/wp-content\/uploads\/2019\/11\/NEWSESTLYONNAIS-CYCLO-FEYS-021-200x133.jpg 200w, https:\/\/newsestlyonnais.fr\/site\/wp-content\/uploads\/2019\/11\/NEWSESTLYONNAIS-CYCLO-FEYS-021-300x200.jpg 300w, https:\/\/newsestlyonnais.fr\/site\/wp-content\/uploads\/2019\/11\/NEWSESTLYONNAIS-CYCLO-FEYS-021-350x233.jpg 350w, https:\/\/newsestlyonnais.fr\/site\/wp-content\/uploads\/2019\/11\/NEWSESTLYONNAIS-CYCLO-FEYS-021-450x300.jpg 450w, https:\/\/newsestlyonnais.fr\/site\/wp-content\/uploads\/2019\/11\/NEWSESTLYONNAIS-CYCLO-FEYS-021-500x333.jpg 500w, https:\/\/newsestlyonnais.fr\/site\/wp-content\/uploads\/2019\/11\/NEWSESTLYONNAIS-CYCLO-FEYS-021-550x367.jpg 550w, https:\/\/newsestlyonnais.fr\/site\/wp-content\/uploads\/2019\/11\/NEWSESTLYONNAIS-CYCLO-FEYS-021-800x533.jpg 800w, https:\/\/newsestlyonnais.fr\/site\/wp-content\/uploads\/2019\/11\/NEWSESTLYONNAIS-CYCLO-FEYS-021.jpg 1200w\" sizes=\"auto, (max-width: 150px) 100vw, 150px\" \/><\/a>\n\t\t\t<\/div>\n\t\t\t\t<figcaption class='wp-caption-text gallery-caption' id='gallery-1-88941'>\n\t\t\t\tLe podium de la course cat\u00e9gorie A\n\t\t\t\t<\/figcaption><\/figure><figure class='gallery-item'>\n\t\t\t<div class='gallery-icon landscape'>\n\t\t\t\t<a href='https:\/\/newsestlyonnais.fr\/site\/2019\/11\/18\/villeurbanne-plus-de-120-coureurs-au-cyclo-cross-de-la-feyssine\/newsestlyonnais-cyclo-feys-04\/'><img loading=\"lazy\" decoding=\"async\" width=\"150\" height=\"100\" src=\"https:\/\/newsestlyonnais.fr\/site\/wp-content\/uploads\/2019\/11\/NEWSESTLYONNAIS-CYCLO-FEYS-04-250x167.jpg\" class=\"attachment-thumbnail size-thumbnail\" alt=\"\" aria-describedby=\"gallery-1-88943\" srcset=\"https:\/\/newsestlyonnais.fr\/site\/wp-content\/uploads\/2019\/11\/NEWSESTLYONNAIS-CYCLO-FEYS-04-250x167.jpg 250w, https:\/\/newsestlyonnais.fr\/site\/wp-content\/uploads\/2019\/11\/NEWSESTLYONNAIS-CYCLO-FEYS-04-400x267.jpg 400w, https:\/\/newsestlyonnais.fr\/site\/wp-content\/uploads\/2019\/11\/NEWSESTLYONNAIS-CYCLO-FEYS-04-768x512.jpg 768w, https:\/\/newsestlyonnais.fr\/site\/wp-content\/uploads\/2019\/11\/NEWSESTLYONNAIS-CYCLO-FEYS-04-650x433.jpg 650w, https:\/\/newsestlyonnais.fr\/site\/wp-content\/uploads\/2019\/11\/NEWSESTLYONNAIS-CYCLO-FEYS-04-150x100.jpg 150w, https:\/\/newsestlyonnais.fr\/site\/wp-content\/uploads\/2019\/11\/NEWSESTLYONNAIS-CYCLO-FEYS-04-50x33.jpg 50w, https:\/\/newsestlyonnais.fr\/site\/wp-content\/uploads\/2019\/11\/NEWSESTLYONNAIS-CYCLO-FEYS-04-100x67.jpg 100w, https:\/\/newsestlyonnais.fr\/site\/wp-content\/uploads\/2019\/11\/NEWSESTLYONNAIS-CYCLO-FEYS-04-200x133.jpg 200w, https:\/\/newsestlyonnais.fr\/site\/wp-content\/uploads\/2019\/11\/NEWSESTLYONNAIS-CYCLO-FEYS-04-300x200.jpg 300w, https:\/\/newsestlyonnais.fr\/site\/wp-content\/uploads\/2019\/11\/NEWSESTLYONNAIS-CYCLO-FEYS-04-350x233.jpg 350w, https:\/\/newsestlyonnais.fr\/site\/wp-content\/uploads\/2019\/11\/NEWSESTLYONNAIS-CYCLO-FEYS-04-450x300.jpg 450w, https:\/\/newsestlyonnais.fr\/site\/wp-content\/uploads\/2019\/11\/NEWSESTLYONNAIS-CYCLO-FEYS-04-500x333.jpg 500w, https:\/\/newsestlyonnais.fr\/site\/wp-content\/uploads\/2019\/11\/NEWSESTLYONNAIS-CYCLO-FEYS-04-550x367.jpg 550w, https:\/\/newsestlyonnais.fr\/site\/wp-content\/uploads\/2019\/11\/NEWSESTLYONNAIS-CYCLO-FEYS-04-800x533.jpg 800w, https:\/\/newsestlyonnais.fr\/site\/wp-content\/uploads\/2019\/11\/NEWSESTLYONNAIS-CYCLO-FEYS-04.jpg 1200w\" sizes=\"auto, (max-width: 150px) 100vw, 150px\" \/><\/a>\n\t\t\t<\/div>\n\t\t\t\t<figcaption class='wp-caption-text gallery-caption' id='gallery-1-88943'>\n\t\t\t\tet le podium f\u00e9minin \n\t\t\t\t<\/figcaption><\/figure><figure class='gallery-item'>\n\t\t\t<div class='gallery-icon landscape'>\n\t\t\t\t<a href='https:\/\/newsestlyonnais.fr\/site\/2019\/11\/18\/villeurbanne-plus-de-120-coureurs-au-cyclo-cross-de-la-feyssine\/newsestlyonnais-cyclo-feys-03\/'><img loading=\"lazy\" decoding=\"async\" width=\"150\" height=\"100\" src=\"https:\/\/newsestlyonnais.fr\/site\/wp-content\/uploads\/2019\/11\/NEWSESTLYONNAIS-CYCLO-FEYS-03-250x167.jpg\" class=\"attachment-thumbnail size-thumbnail\" alt=\"\" aria-describedby=\"gallery-1-88942\" srcset=\"https:\/\/newsestlyonnais.fr\/site\/wp-content\/uploads\/2019\/11\/NEWSESTLYONNAIS-CYCLO-FEYS-03-250x167.jpg 250w, https:\/\/newsestlyonnais.fr\/site\/wp-content\/uploads\/2019\/11\/NEWSESTLYONNAIS-CYCLO-FEYS-03-400x267.jpg 400w, https:\/\/newsestlyonnais.fr\/site\/wp-content\/uploads\/2019\/11\/NEWSESTLYONNAIS-CYCLO-FEYS-03-768x512.jpg 768w, https:\/\/newsestlyonnais.fr\/site\/wp-content\/uploads\/2019\/11\/NEWSESTLYONNAIS-CYCLO-FEYS-03-650x433.jpg 650w, https:\/\/newsestlyonnais.fr\/site\/wp-content\/uploads\/2019\/11\/NEWSESTLYONNAIS-CYCLO-FEYS-03-150x100.jpg 150w, https:\/\/newsestlyonnais.fr\/site\/wp-content\/uploads\/2019\/11\/NEWSESTLYONNAIS-CYCLO-FEYS-03-50x33.jpg 50w, https:\/\/newsestlyonnais.fr\/site\/wp-content\/uploads\/2019\/11\/NEWSESTLYONNAIS-CYCLO-FEYS-03-100x67.jpg 100w, https:\/\/newsestlyonnais.fr\/site\/wp-content\/uploads\/2019\/11\/NEWSESTLYONNAIS-CYCLO-FEYS-03-200x133.jpg 200w, https:\/\/newsestlyonnais.fr\/site\/wp-content\/uploads\/2019\/11\/NEWSESTLYONNAIS-CYCLO-FEYS-03-300x200.jpg 300w, https:\/\/newsestlyonnais.fr\/site\/wp-content\/uploads\/2019\/11\/NEWSESTLYONNAIS-CYCLO-FEYS-03-350x233.jpg 350w, https:\/\/newsestlyonnais.fr\/site\/wp-content\/uploads\/2019\/11\/NEWSESTLYONNAIS-CYCLO-FEYS-03-450x300.jpg 450w, https:\/\/newsestlyonnais.fr\/site\/wp-content\/uploads\/2019\/11\/NEWSESTLYONNAIS-CYCLO-FEYS-03-500x333.jpg 500w, https:\/\/newsestlyonnais.fr\/site\/wp-content\/uploads\/2019\/11\/NEWSESTLYONNAIS-CYCLO-FEYS-03-550x367.jpg 550w, https:\/\/newsestlyonnais.fr\/site\/wp-content\/uploads\/2019\/11\/NEWSESTLYONNAIS-CYCLO-FEYS-03-800x533.jpg 800w, https:\/\/newsestlyonnais.fr\/site\/wp-content\/uploads\/2019\/11\/NEWSESTLYONNAIS-CYCLO-FEYS-03.jpg 1200w\" sizes=\"auto, (max-width: 150px) 100vw, 150px\" \/><\/a>\n\t\t\t<\/div>\n\t\t\t\t<figcaption class='wp-caption-text gallery-caption' id='gallery-1-88942'>\n\t\t\t\tAntony Chamerat Dumont vient de remporter l&rsquo;\u00e9preuve \n\t\t\t\t<\/figcaption><\/figure><figure class='gallery-item'>\n\t\t\t<div class='gallery-icon landscape'>\n\t\t\t\t<a href='https:\/\/newsestlyonnais.fr\/site\/2019\/11\/18\/villeurbanne-plus-de-120-coureurs-au-cyclo-cross-de-la-feyssine\/newsestlyoannais-ecov-cyc-02\/'><img loading=\"lazy\" decoding=\"async\" width=\"150\" height=\"100\" src=\"https:\/\/newsestlyonnais.fr\/site\/wp-content\/uploads\/2019\/11\/NEWSESTLYOANNAIS-ECOV-CYC-02-250x167.jpg\" class=\"attachment-thumbnail size-thumbnail\" alt=\"\" aria-describedby=\"gallery-1-88939\" srcset=\"https:\/\/newsestlyonnais.fr\/site\/wp-content\/uploads\/2019\/11\/NEWSESTLYOANNAIS-ECOV-CYC-02-250x167.jpg 250w, https:\/\/newsestlyonnais.fr\/site\/wp-content\/uploads\/2019\/11\/NEWSESTLYOANNAIS-ECOV-CYC-02-400x267.jpg 400w, https:\/\/newsestlyonnais.fr\/site\/wp-content\/uploads\/2019\/11\/NEWSESTLYOANNAIS-ECOV-CYC-02-768x512.jpg 768w, https:\/\/newsestlyonnais.fr\/site\/wp-content\/uploads\/2019\/11\/NEWSESTLYOANNAIS-ECOV-CYC-02-650x433.jpg 650w, https:\/\/newsestlyonnais.fr\/site\/wp-content\/uploads\/2019\/11\/NEWSESTLYOANNAIS-ECOV-CYC-02-150x100.jpg 150w, https:\/\/newsestlyonnais.fr\/site\/wp-content\/uploads\/2019\/11\/NEWSESTLYOANNAIS-ECOV-CYC-02-50x33.jpg 50w, https:\/\/newsestlyonnais.fr\/site\/wp-content\/uploads\/2019\/11\/NEWSESTLYOANNAIS-ECOV-CYC-02-100x67.jpg 100w, https:\/\/newsestlyonnais.fr\/site\/wp-content\/uploads\/2019\/11\/NEWSESTLYOANNAIS-ECOV-CYC-02-200x133.jpg 200w, https:\/\/newsestlyonnais.fr\/site\/wp-content\/uploads\/2019\/11\/NEWSESTLYOANNAIS-ECOV-CYC-02-300x200.jpg 300w, https:\/\/newsestlyonnais.fr\/site\/wp-content\/uploads\/2019\/11\/NEWSESTLYOANNAIS-ECOV-CYC-02-350x233.jpg 350w, https:\/\/newsestlyonnais.fr\/site\/wp-content\/uploads\/2019\/11\/NEWSESTLYOANNAIS-ECOV-CYC-02-450x300.jpg 450w, https:\/\/newsestlyonnais.fr\/site\/wp-content\/uploads\/2019\/11\/NEWSESTLYOANNAIS-ECOV-CYC-02-500x333.jpg 500w, https:\/\/newsestlyonnais.fr\/site\/wp-content\/uploads\/2019\/11\/NEWSESTLYOANNAIS-ECOV-CYC-02-550x367.jpg 550w, https:\/\/newsestlyonnais.fr\/site\/wp-content\/uploads\/2019\/11\/NEWSESTLYOANNAIS-ECOV-CYC-02-800x533.jpg 800w, https:\/\/newsestlyonnais.fr\/site\/wp-content\/uploads\/2019\/11\/NEWSESTLYOANNAIS-ECOV-CYC-02.jpg 1200w\" sizes=\"auto, (max-width: 150px) 100vw, 150px\" \/><\/a>\n\t\t\t<\/div>\n\t\t\t\t<figcaption class='wp-caption-text gallery-caption' id='gallery-1-88939'>\n\t\t\t\tGilles Negrignat (Pt ECOV) et Ali Mohamed Ahamada (adjoint maire) \n\t\t\t\t<\/figcaption><\/figure>\n\t\t<\/div>\n\n","protected":false},"excerpt":{"rendered":"<p>Une \u00e9preuve organis\u00e9e par l&rsquo;ECOV qui s&rsquo;est d\u00e9roul\u00e9e samedi apr\u00e8s-midi sur le circuit du Parc de la Feyssine.<\/p>\n","protected":false},"author":4,"featured_media":88930,"comment_status":"open","ping_status":"open","sticky":false,"template":"","format":"standard","meta":{"footnotes":""},"categories":[2969,2,29],"tags":[2084,3021,2091],"class_list":["post-88832","post","type-post","status-publish","format-standard","has-post-thumbnail","hentry","category-cyclisme-cyclo-vtt","category-sports","category-villeurbanne","tag-cyclo-cross","tag-ecov","tag-villeurbanne"],"yoast_head":"<!-- This site is optimized with the Yoast SEO plugin v27.2 - https:\/\/yoast.com\/product\/yoast-seo-wordpress\/ -->\n<title>VILLEURBANNE | Plus de 120 coureurs au cyclo-cross de la Feyssine - News Est Lyonnais<\/title>\n<meta name=\"description\" content=\"VILLEURBANNE | Plus de 120 coureurs au cyclo-cross de la Feyssine\" \/>\n<meta name=\"robots\" content=\"index, follow, max-snippet:-1, max-image-preview:large, max-video-preview:-1\" \/>\n<link rel=\"canonical\" href=\"https:\/\/newsestlyonnais.fr\/site\/2019\/11\/18\/villeurbanne-plus-de-120-coureurs-au-cyclo-cross-de-la-feyssine\/\" \/>\n<meta property=\"og:locale\" content=\"fr_FR\" \/>\n<meta property=\"og:type\" content=\"article\" \/>\n<meta property=\"og:title\" content=\"VILLEURBANNE | Plus de 120 coureurs au cyclo-cross de la Feyssine - News Est Lyonnais\" \/>\n<meta property=\"og:description\" content=\"VILLEURBANNE | Plus de 120 coureurs au cyclo-cross de la Feyssine\" \/>\n<meta property=\"og:url\" content=\"https:\/\/newsestlyonnais.fr\/site\/2019\/11\/18\/villeurbanne-plus-de-120-coureurs-au-cyclo-cross-de-la-feyssine\/\" \/>\n<meta property=\"og:site_name\" content=\"News Est Lyonnais\" \/>\n<meta property=\"article:author\" content=\"https:\/\/www.facebook.com\/pascal.oberson.1?fref=ts\" \/>\n<meta property=\"article:published_time\" content=\"2019-11-18T16:35:27+00:00\" \/>\n<meta property=\"article:modified_time\" content=\"2019-11-19T05:41:42+00:00\" \/>\n<meta property=\"og:image\" content=\"https:\/\/i2.wp.com\/newsestlyonnais.fr\/site\/wp-content\/uploads\/2019\/11\/NEWSESTLYONNAIS-CYCLO-FEYS-01.jpg?fit=1200%2C800&ssl=1\" \/>\n\t<meta property=\"og:image:width\" content=\"1200\" \/>\n\t<meta property=\"og:image:height\" content=\"800\" \/>\n\t<meta property=\"og:image:type\" content=\"image\/jpeg\" \/>\n<meta name=\"author\" content=\"R\u00e9dac. NEWS\" \/>\n<meta name=\"twitter:card\" content=\"summary_large_image\" \/>\n<meta name=\"twitter:label1\" content=\"\u00c9crit par\" \/>\n\t<meta name=\"twitter:data1\" content=\"R\u00e9dac. NEWS\" \/>\n\t<meta name=\"twitter:label2\" content=\"Dur\u00e9e de lecture estim\u00e9e\" \/>\n\t<meta name=\"twitter:data2\" content=\"1 minute\" \/>\n<script type=\"application\/ld+json\" class=\"yoast-schema-graph\">{\"@context\":\"https:\/\/schema.org\",\"@graph\":[{\"@type\":\"Article\",\"@id\":\"https:\/\/newsestlyonnais.fr\/site\/2019\/11\/18\/villeurbanne-plus-de-120-coureurs-au-cyclo-cross-de-la-feyssine\/#article\",\"isPartOf\":{\"@id\":\"https:\/\/newsestlyonnais.fr\/site\/2019\/11\/18\/villeurbanne-plus-de-120-coureurs-au-cyclo-cross-de-la-feyssine\/\"},\"author\":{\"name\":\"R\u00e9dac. NEWS\",\"@id\":\"https:\/\/newsestlyonnais.fr\/site\/#\/schema\/person\/3230d5615f390bb808365d673001e887\"},\"headline\":\"VILLEURBANNE | Plus de 120 coureurs au cyclo-cross de la Feyssine\",\"datePublished\":\"2019-11-18T16:35:27+00:00\",\"dateModified\":\"2019-11-19T05:41:42+00:00\",\"mainEntityOfPage\":{\"@id\":\"https:\/\/newsestlyonnais.fr\/site\/2019\/11\/18\/villeurbanne-plus-de-120-coureurs-au-cyclo-cross-de-la-feyssine\/\"},\"wordCount\":219,\"commentCount\":0,\"publisher\":{\"@id\":\"https:\/\/newsestlyonnais.fr\/site\/#organization\"},\"image\":{\"@id\":\"https:\/\/newsestlyonnais.fr\/site\/2019\/11\/18\/villeurbanne-plus-de-120-coureurs-au-cyclo-cross-de-la-feyssine\/#primaryimage\"},\"thumbnailUrl\":\"https:\/\/newsestlyonnais.fr\/site\/wp-content\/uploads\/2019\/11\/NEWSESTLYONNAIS-CYCLO-FEYS-01.jpg\",\"keywords\":[\"CYCLO CROSS\",\"ECOV\",\"VILLEURBANNE\"],\"articleSection\":[\"Cyclisme | Cyclo | Vtt\",\"Sports\",\"Villeurbanne\"],\"inLanguage\":\"fr-FR\",\"potentialAction\":[{\"@type\":\"CommentAction\",\"name\":\"Comment\",\"target\":[\"https:\/\/newsestlyonnais.fr\/site\/2019\/11\/18\/villeurbanne-plus-de-120-coureurs-au-cyclo-cross-de-la-feyssine\/#respond\"]}]},{\"@type\":\"WebPage\",\"@id\":\"https:\/\/newsestlyonnais.fr\/site\/2019\/11\/18\/villeurbanne-plus-de-120-coureurs-au-cyclo-cross-de-la-feyssine\/\",\"url\":\"https:\/\/newsestlyonnais.fr\/site\/2019\/11\/18\/villeurbanne-plus-de-120-coureurs-au-cyclo-cross-de-la-feyssine\/\",\"name\":\"VILLEURBANNE | Plus de 120 coureurs au cyclo-cross de la Feyssine - News Est Lyonnais\",\"isPartOf\":{\"@id\":\"https:\/\/newsestlyonnais.fr\/site\/#website\"},\"primaryImageOfPage\":{\"@id\":\"https:\/\/newsestlyonnais.fr\/site\/2019\/11\/18\/villeurbanne-plus-de-120-coureurs-au-cyclo-cross-de-la-feyssine\/#primaryimage\"},\"image\":{\"@id\":\"https:\/\/newsestlyonnais.fr\/site\/2019\/11\/18\/villeurbanne-plus-de-120-coureurs-au-cyclo-cross-de-la-feyssine\/#primaryimage\"},\"thumbnailUrl\":\"https:\/\/newsestlyonnais.fr\/site\/wp-content\/uploads\/2019\/11\/NEWSESTLYONNAIS-CYCLO-FEYS-01.jpg\",\"datePublished\":\"2019-11-18T16:35:27+00:00\",\"dateModified\":\"2019-11-19T05:41:42+00:00\",\"description\":\"VILLEURBANNE | Plus de 120 coureurs au cyclo-cross de la Feyssine\",\"breadcrumb\":{\"@id\":\"https:\/\/newsestlyonnais.fr\/site\/2019\/11\/18\/villeurbanne-plus-de-120-coureurs-au-cyclo-cross-de-la-feyssine\/#breadcrumb\"},\"inLanguage\":\"fr-FR\",\"potentialAction\":[{\"@type\":\"ReadAction\",\"target\":[\"https:\/\/newsestlyonnais.fr\/site\/2019\/11\/18\/villeurbanne-plus-de-120-coureurs-au-cyclo-cross-de-la-feyssine\/\"]}]},{\"@type\":\"ImageObject\",\"inLanguage\":\"fr-FR\",\"@id\":\"https:\/\/newsestlyonnais.fr\/site\/2019\/11\/18\/villeurbanne-plus-de-120-coureurs-au-cyclo-cross-de-la-feyssine\/#primaryimage\",\"url\":\"https:\/\/newsestlyonnais.fr\/site\/wp-content\/uploads\/2019\/11\/NEWSESTLYONNAIS-CYCLO-FEYS-01.jpg\",\"contentUrl\":\"https:\/\/newsestlyonnais.fr\/site\/wp-content\/uploads\/2019\/11\/NEWSESTLYONNAIS-CYCLO-FEYS-01.jpg\",\"width\":1200,\"height\":800},{\"@type\":\"BreadcrumbList\",\"@id\":\"https:\/\/newsestlyonnais.fr\/site\/2019\/11\/18\/villeurbanne-plus-de-120-coureurs-au-cyclo-cross-de-la-feyssine\/#breadcrumb\",\"itemListElement\":[{\"@type\":\"ListItem\",\"position\":1,\"name\":\"Accueil\",\"item\":\"https:\/\/newsestlyonnais.fr\/site\/\"},{\"@type\":\"ListItem\",\"position\":2,\"name\":\"VILLEURBANNE | Plus de 120 coureurs au cyclo-cross de la Feyssine\"}]},{\"@type\":\"WebSite\",\"@id\":\"https:\/\/newsestlyonnais.fr\/site\/#website\",\"url\":\"https:\/\/newsestlyonnais.fr\/site\/\",\"name\":\"News Est Lyonnais\",\"description\":\"L&#039;actualit\u00e9 au plus pr\u00e8s\",\"publisher\":{\"@id\":\"https:\/\/newsestlyonnais.fr\/site\/#organization\"},\"potentialAction\":[{\"@type\":\"SearchAction\",\"target\":{\"@type\":\"EntryPoint\",\"urlTemplate\":\"https:\/\/newsestlyonnais.fr\/site\/?s={search_term_string}\"},\"query-input\":{\"@type\":\"PropertyValueSpecification\",\"valueRequired\":true,\"valueName\":\"search_term_string\"}}],\"inLanguage\":\"fr-FR\"},{\"@type\":\"Organization\",\"@id\":\"https:\/\/newsestlyonnais.fr\/site\/#organization\",\"name\":\"News EST LYONNAIS\",\"url\":\"https:\/\/newsestlyonnais.fr\/site\/\",\"logo\":{\"@type\":\"ImageObject\",\"inLanguage\":\"fr-FR\",\"@id\":\"https:\/\/newsestlyonnais.fr\/site\/#\/schema\/logo\/image\/\",\"url\":\"\",\"contentUrl\":\"\",\"caption\":\"News EST LYONNAIS\"},\"image\":{\"@id\":\"https:\/\/newsestlyonnais.fr\/site\/#\/schema\/logo\/image\/\"}},{\"@type\":\"Person\",\"@id\":\"https:\/\/newsestlyonnais.fr\/site\/#\/schema\/person\/3230d5615f390bb808365d673001e887\",\"name\":\"R\u00e9dac. NEWS\",\"sameAs\":[\"http:\/\/www.newsestlyonnais.fr\",\"https:\/\/www.facebook.com\/pascal.oberson.1?fref=ts\",\"https:\/\/fr.linkedin.com\/in\/pascal-oberson-b17045113\"],\"url\":\"https:\/\/newsestlyonnais.fr\/site\/author\/nel\/\"}]}<\/script>\n<!-- \/ Yoast SEO plugin. -->","yoast_head_json":{"title":"VILLEURBANNE | Plus de 120 coureurs au cyclo-cross de la Feyssine - News Est Lyonnais","description":"VILLEURBANNE | Plus de 120 coureurs au cyclo-cross de la Feyssine","robots":{"index":"index","follow":"follow","max-snippet":"max-snippet:-1","max-image-preview":"max-image-preview:large","max-video-preview":"max-video-preview:-1"},"canonical":"https:\/\/newsestlyonnais.fr\/site\/2019\/11\/18\/villeurbanne-plus-de-120-coureurs-au-cyclo-cross-de-la-feyssine\/","og_locale":"fr_FR","og_type":"article","og_title":"VILLEURBANNE | Plus de 120 coureurs au cyclo-cross de la Feyssine - News Est Lyonnais","og_description":"VILLEURBANNE | Plus de 120 coureurs au cyclo-cross de la Feyssine","og_url":"https:\/\/newsestlyonnais.fr\/site\/2019\/11\/18\/villeurbanne-plus-de-120-coureurs-au-cyclo-cross-de-la-feyssine\/","og_site_name":"News Est Lyonnais","article_author":"https:\/\/www.facebook.com\/pascal.oberson.1?fref=ts","article_published_time":"2019-11-18T16:35:27+00:00","article_modified_time":"2019-11-19T05:41:42+00:00","og_image":[{"width":1200,"height":800,"url":"https:\/\/i2.wp.com\/newsestlyonnais.fr\/site\/wp-content\/uploads\/2019\/11\/NEWSESTLYONNAIS-CYCLO-FEYS-01.jpg?fit=1200%2C800&ssl=1","type":"image\/jpeg"}],"author":"R\u00e9dac. NEWS","twitter_card":"summary_large_image","twitter_misc":{"\u00c9crit par":"R\u00e9dac. NEWS","Dur\u00e9e de lecture estim\u00e9e":"1 minute"},"schema":{"@context":"https:\/\/schema.org","@graph":[{"@type":"Article","@id":"https:\/\/newsestlyonnais.fr\/site\/2019\/11\/18\/villeurbanne-plus-de-120-coureurs-au-cyclo-cross-de-la-feyssine\/#article","isPartOf":{"@id":"https:\/\/newsestlyonnais.fr\/site\/2019\/11\/18\/villeurbanne-plus-de-120-coureurs-au-cyclo-cross-de-la-feyssine\/"},"author":{"name":"R\u00e9dac. NEWS","@id":"https:\/\/newsestlyonnais.fr\/site\/#\/schema\/person\/3230d5615f390bb808365d673001e887"},"headline":"VILLEURBANNE | Plus de 120 coureurs au cyclo-cross de la Feyssine","datePublished":"2019-11-18T16:35:27+00:00","dateModified":"2019-11-19T05:41:42+00:00","mainEntityOfPage":{"@id":"https:\/\/newsestlyonnais.fr\/site\/2019\/11\/18\/villeurbanne-plus-de-120-coureurs-au-cyclo-cross-de-la-feyssine\/"},"wordCount":219,"commentCount":0,"publisher":{"@id":"https:\/\/newsestlyonnais.fr\/site\/#organization"},"image":{"@id":"https:\/\/newsestlyonnais.fr\/site\/2019\/11\/18\/villeurbanne-plus-de-120-coureurs-au-cyclo-cross-de-la-feyssine\/#primaryimage"},"thumbnailUrl":"https:\/\/newsestlyonnais.fr\/site\/wp-content\/uploads\/2019\/11\/NEWSESTLYONNAIS-CYCLO-FEYS-01.jpg","keywords":["CYCLO CROSS","ECOV","VILLEURBANNE"],"articleSection":["Cyclisme | Cyclo | Vtt","Sports","Villeurbanne"],"inLanguage":"fr-FR","potentialAction":[{"@type":"CommentAction","name":"Comment","target":["https:\/\/newsestlyonnais.fr\/site\/2019\/11\/18\/villeurbanne-plus-de-120-coureurs-au-cyclo-cross-de-la-feyssine\/#respond"]}]},{"@type":"WebPage","@id":"https:\/\/newsestlyonnais.fr\/site\/2019\/11\/18\/villeurbanne-plus-de-120-coureurs-au-cyclo-cross-de-la-feyssine\/","url":"https:\/\/newsestlyonnais.fr\/site\/2019\/11\/18\/villeurbanne-plus-de-120-coureurs-au-cyclo-cross-de-la-feyssine\/","name":"VILLEURBANNE | Plus de 120 coureurs au cyclo-cross de la Feyssine - News Est Lyonnais","isPartOf":{"@id":"https:\/\/newsestlyonnais.fr\/site\/#website"},"primaryImageOfPage":{"@id":"https:\/\/newsestlyonnais.fr\/site\/2019\/11\/18\/villeurbanne-plus-de-120-coureurs-au-cyclo-cross-de-la-feyssine\/#primaryimage"},"image":{"@id":"https:\/\/newsestlyonnais.fr\/site\/2019\/11\/18\/villeurbanne-plus-de-120-coureurs-au-cyclo-cross-de-la-feyssine\/#primaryimage"},"thumbnailUrl":"https:\/\/newsestlyonnais.fr\/site\/wp-content\/uploads\/2019\/11\/NEWSESTLYONNAIS-CYCLO-FEYS-01.jpg","datePublished":"2019-11-18T16:35:27+00:00","dateModified":"2019-11-19T05:41:42+00:00","description":"VILLEURBANNE | Plus de 120 coureurs au cyclo-cross de la Feyssine","breadcrumb":{"@id":"https:\/\/newsestlyonnais.fr\/site\/2019\/11\/18\/villeurbanne-plus-de-120-coureurs-au-cyclo-cross-de-la-feyssine\/#breadcrumb"},"inLanguage":"fr-FR","potentialAction":[{"@type":"ReadAction","target":["https:\/\/newsestlyonnais.fr\/site\/2019\/11\/18\/villeurbanne-plus-de-120-coureurs-au-cyclo-cross-de-la-feyssine\/"]}]},{"@type":"ImageObject","inLanguage":"fr-FR","@id":"https:\/\/newsestlyonnais.fr\/site\/2019\/11\/18\/villeurbanne-plus-de-120-coureurs-au-cyclo-cross-de-la-feyssine\/#primaryimage","url":"https:\/\/newsestlyonnais.fr\/site\/wp-content\/uploads\/2019\/11\/NEWSESTLYONNAIS-CYCLO-FEYS-01.jpg","contentUrl":"https:\/\/newsestlyonnais.fr\/site\/wp-content\/uploads\/2019\/11\/NEWSESTLYONNAIS-CYCLO-FEYS-01.jpg","width":1200,"height":800},{"@type":"BreadcrumbList","@id":"https:\/\/newsestlyonnais.fr\/site\/2019\/11\/18\/villeurbanne-plus-de-120-coureurs-au-cyclo-cross-de-la-feyssine\/#breadcrumb","itemListElement":[{"@type":"ListItem","position":1,"name":"Accueil","item":"https:\/\/newsestlyonnais.fr\/site\/"},{"@type":"ListItem","position":2,"name":"VILLEURBANNE | Plus de 120 coureurs au cyclo-cross de la Feyssine"}]},{"@type":"WebSite","@id":"https:\/\/newsestlyonnais.fr\/site\/#website","url":"https:\/\/newsestlyonnais.fr\/site\/","name":"News Est Lyonnais","description":"L&#039;actualit\u00e9 au plus pr\u00e8s","publisher":{"@id":"https:\/\/newsestlyonnais.fr\/site\/#organization"},"potentialAction":[{"@type":"SearchAction","target":{"@type":"EntryPoint","urlTemplate":"https:\/\/newsestlyonnais.fr\/site\/?s={search_term_string}"},"query-input":{"@type":"PropertyValueSpecification","valueRequired":true,"valueName":"search_term_string"}}],"inLanguage":"fr-FR"},{"@type":"Organization","@id":"https:\/\/newsestlyonnais.fr\/site\/#organization","name":"News EST LYONNAIS","url":"https:\/\/newsestlyonnais.fr\/site\/","logo":{"@type":"ImageObject","inLanguage":"fr-FR","@id":"https:\/\/newsestlyonnais.fr\/site\/#\/schema\/logo\/image\/","url":"","contentUrl":"","caption":"News EST LYONNAIS"},"image":{"@id":"https:\/\/newsestlyonnais.fr\/site\/#\/schema\/logo\/image\/"}},{"@type":"Person","@id":"https:\/\/newsestlyonnais.fr\/site\/#\/schema\/person\/3230d5615f390bb808365d673001e887","name":"R\u00e9dac. NEWS","sameAs":["http:\/\/www.newsestlyonnais.fr","https:\/\/www.facebook.com\/pascal.oberson.1?fref=ts","https:\/\/fr.linkedin.com\/in\/pascal-oberson-b17045113"],"url":"https:\/\/newsestlyonnais.fr\/site\/author\/nel\/"}]}},"_links":{"self":[{"href":"https:\/\/newsestlyonnais.fr\/site\/wp-json\/wp\/v2\/posts\/88832","targetHints":{"allow":["GET"]}}],"collection":[{"href":"https:\/\/newsestlyonnais.fr\/site\/wp-json\/wp\/v2\/posts"}],"about":[{"href":"https:\/\/newsestlyonnais.fr\/site\/wp-json\/wp\/v2\/types\/post"}],"author":[{"embeddable":true,"href":"https:\/\/newsestlyonnais.fr\/site\/wp-json\/wp\/v2\/users\/4"}],"replies":[{"embeddable":true,"href":"https:\/\/newsestlyonnais.fr\/site\/wp-json\/wp\/v2\/comments?post=88832"}],"version-history":[{"count":0,"href":"https:\/\/newsestlyonnais.fr\/site\/wp-json\/wp\/v2\/posts\/88832\/revisions"}],"wp:featuredmedia":[{"embeddable":true,"href":"https:\/\/newsestlyonnais.fr\/site\/wp-json\/wp\/v2\/media\/88930"}],"wp:attachment":[{"href":"https:\/\/newsestlyonnais.fr\/site\/wp-json\/wp\/v2\/media?parent=88832"}],"wp:term":[{"taxonomy":"category","embeddable":true,"href":"https:\/\/newsestlyonnais.fr\/site\/wp-json\/wp\/v2\/categories?post=88832"},{"taxonomy":"post_tag","embeddable":true,"href":"https:\/\/newsestlyonnais.fr\/site\/wp-json\/wp\/v2\/tags?post=88832"}],"curies":[{"name":"wp","href":"https:\/\/api.w.org\/{rel}","templated":true}]}}