{"id":89286,"date":"2019-11-22T08:51:44","date_gmt":"2019-11-22T07:51:44","guid":{"rendered":"http:\/\/newsestlyonnais.fr\/site\/?p=89286"},"modified":"2019-12-05T11:42:38","modified_gmt":"2019-12-05T10:42:38","slug":"villeurbanne-les-evenements-au-14-decembre","status":"publish","type":"post","link":"https:\/\/newsestlyonnais.fr\/site\/2019\/11\/22\/villeurbanne-les-evenements-au-14-decembre\/","title":{"rendered":"VILLEURBANNE | Les \u00e9v\u00e8nements au 14 d\u00e9cembre"},"content":{"rendered":"<p>&nbsp;<\/p>\n<ul>\n<li><strong>Samedi 23 novembre<strong> : <span class=\"evcal_desc evo_info hide_eventtopdata \"><span class=\"evcal_desc2 evcal_event_title\">2\u00b0 Campus du libre. <\/span><\/span><\/strong><\/strong><span class=\"evcal_desc evo_info hide_eventtopdata \"><span class=\"evcal_desc2 evcal_event_title\">(I<\/span><\/span>NSA LYON Biblioth\u00e8que Marie Curie, 31 Avenue Jean Capelle).<\/li>\n<li><strong>Jusqu&rsquo;au Dimanche 24 novembre : <span class=\"evcal_desc evo_info hide_eventtopdata \"><span class=\"evcal_desc2 evcal_event_title\">40\u00b0 Festival du Film Court<\/span><\/span><\/strong>. (Cin\u00e9ma Le Zola).<\/li>\n<li><strong>Lundi 25 novembre de 17 h \u00e0 20 h 45 : 5\u00b0 Rencontre des acteur.rices de l\u2019ESS<\/strong>. (Economie sociale solidaire). de 17 h \u00e0 18 h : accueil &amp; de 19 h 30 \u00e0 20 h 45 : ap\u00e9ritif. (Dans les salons de l\u2019h\u00f4tel de ville, 2\u00b0 \u00e9tage).<\/li>\n<li><strong>Jeudi<\/strong> <strong>28 novembre : Journ\u00e9e d\u2019accueil des nouveaux recrut\u00e9s.<\/strong> \u00e0 9 h : D\u00e9but des discours. \u00e0 10 h 15 : Visite des Gratte-Ciel et du Rize &amp; \u00e0 12 h 15 : Buffet. (Dans les salons de l\u2019h\u00f4tel de ville, 2\u00b0 \u00e9tage).<\/li>\n<li><strong>Samedi 30 novembre &amp; Dimanche 1\u00b0 d\u00e9cembre : <\/strong><span class=\"evcal_desc evo_info hide_eventtopdata \"><span class=\"evcal_desc2 evcal_event_title\"><strong>Concours Tir \u00e0 l&rsquo;arc<\/strong> \/ Herakles (20 rue Armand).<\/span><\/span><\/li>\n<li><strong>Mercredi 4 d\u00e9cembre : Remise des prix du concours \u00ab Fleurs de ville 2019 \u00bb <\/strong>\u00e0 17 h 30 : Temps d\u2019\u00e9changes et de conseils &amp; \u00e0 18 h 30 : remise des prix. (Dans les salons de l\u2019h\u00f4tel de ville, 2\u00b0 \u00e9tage).<\/li>\n<li><strong>Vendredi 6 d\u00e9cembre : \u00ab Les Lauriers du Sport Villeurbannais \u00bb<\/strong> \u00e0 18 h 30. Soir\u00e9e de remise de r\u00e9compenses organis\u00e9e par l\u2019Office du Sport Villeurbanne. (Astroballe, entr\u00e9e porte 3, rue Marcel Cerdan).<\/li>\n<li><strong>Jusqu&rsquo;au Dimanche 7 d\u00e9cembre : <\/strong><span class=\"evcal_desc evo_info hide_eventtopdata \"><span class=\"evcal_desc evo_info hide_eventtopdata \"><span class=\"evcal_desc2 evcal_event_title\"><strong>Expo Robert Cahen<\/strong>. (<\/span><\/span><\/span>Maison du Livre de l&rsquo;Image et du Son, 247 Cours Emile Zola).<\/li>\n<li><strong>Du dimanche 14 au 22 d\u00e9cembre : March\u00e9 de No\u00ebl<\/strong> \u00abNo\u00ebl aux Gratte-Ciel\u00bb. (avenue Henri-Barbusse).<\/li>\n<\/ul>\n<p><em><strong>Retrouvez l\u2019ACTU de la commune sur : http:\/\/www.villeurbanne.fr<\/strong><\/em><\/p>\n<div id='gallery-1' class='gallery galleryid-89286 gallery-columns-3 gallery-size-thumbnail'><figure class='gallery-item'>\n\t\t\t<div class='gallery-icon landscape'>\n\t\t\t\t<a href='https:\/\/newsestlyonnais.fr\/site\/newsestlyonnais-campus-du-libre-2\/'><img loading=\"lazy\" decoding=\"async\" width=\"150\" height=\"79\" src=\"https:\/\/newsestlyonnais.fr\/site\/wp-content\/uploads\/2019\/09\/NEWSESTLYONNAIS-CAMPUS-DU-LIBRE-1-1-250x131.jpg\" class=\"attachment-thumbnail size-thumbnail\" alt=\"\" srcset=\"https:\/\/newsestlyonnais.fr\/site\/wp-content\/uploads\/2019\/09\/NEWSESTLYONNAIS-CAMPUS-DU-LIBRE-1-1-250x131.jpg 250w, https:\/\/newsestlyonnais.fr\/site\/wp-content\/uploads\/2019\/09\/NEWSESTLYONNAIS-CAMPUS-DU-LIBRE-1-1-400x210.jpg 400w, https:\/\/newsestlyonnais.fr\/site\/wp-content\/uploads\/2019\/09\/NEWSESTLYONNAIS-CAMPUS-DU-LIBRE-1-1-150x79.jpg 150w, https:\/\/newsestlyonnais.fr\/site\/wp-content\/uploads\/2019\/09\/NEWSESTLYONNAIS-CAMPUS-DU-LIBRE-1-1-50x26.jpg 50w, https:\/\/newsestlyonnais.fr\/site\/wp-content\/uploads\/2019\/09\/NEWSESTLYONNAIS-CAMPUS-DU-LIBRE-1-1-100x52.jpg 100w, https:\/\/newsestlyonnais.fr\/site\/wp-content\/uploads\/2019\/09\/NEWSESTLYONNAIS-CAMPUS-DU-LIBRE-1-1-200x105.jpg 200w, https:\/\/newsestlyonnais.fr\/site\/wp-content\/uploads\/2019\/09\/NEWSESTLYONNAIS-CAMPUS-DU-LIBRE-1-1-300x157.jpg 300w, https:\/\/newsestlyonnais.fr\/site\/wp-content\/uploads\/2019\/09\/NEWSESTLYONNAIS-CAMPUS-DU-LIBRE-1-1-350x183.jpg 350w, https:\/\/newsestlyonnais.fr\/site\/wp-content\/uploads\/2019\/09\/NEWSESTLYONNAIS-CAMPUS-DU-LIBRE-1-1-450x236.jpg 450w, https:\/\/newsestlyonnais.fr\/site\/wp-content\/uploads\/2019\/09\/NEWSESTLYONNAIS-CAMPUS-DU-LIBRE-1-1.jpg 500w\" sizes=\"auto, (max-width: 150px) 100vw, 150px\" \/><\/a>\n\t\t\t<\/div><\/figure><figure class='gallery-item'>\n\t\t\t<div class='gallery-icon portrait'>\n\t\t\t\t<a href='https:\/\/newsestlyonnais.fr\/site\/2019\/11\/01\/villeurbanne-les-evenements-au-18-novembre\/newsestlyonnais-40-fest-film-court\/'><img loading=\"lazy\" decoding=\"async\" width=\"110\" height=\"150\" src=\"https:\/\/newsestlyonnais.fr\/site\/wp-content\/uploads\/2019\/11\/NEWSESTLYONNAIS-40\u00b0-FEST-FILM-COURT-250x340.jpg\" class=\"attachment-thumbnail size-thumbnail\" alt=\"\" aria-describedby=\"gallery-1-87483\" srcset=\"https:\/\/newsestlyonnais.fr\/site\/wp-content\/uploads\/2019\/11\/NEWSESTLYONNAIS-40\u00b0-FEST-FILM-COURT-250x340.jpg 250w, https:\/\/newsestlyonnais.fr\/site\/wp-content\/uploads\/2019\/11\/NEWSESTLYONNAIS-40\u00b0-FEST-FILM-COURT-400x544.jpg 400w, https:\/\/newsestlyonnais.fr\/site\/wp-content\/uploads\/2019\/11\/NEWSESTLYONNAIS-40\u00b0-FEST-FILM-COURT-650x884.jpg 650w, https:\/\/newsestlyonnais.fr\/site\/wp-content\/uploads\/2019\/11\/NEWSESTLYONNAIS-40\u00b0-FEST-FILM-COURT-150x204.jpg 150w, https:\/\/newsestlyonnais.fr\/site\/wp-content\/uploads\/2019\/11\/NEWSESTLYONNAIS-40\u00b0-FEST-FILM-COURT-50x68.jpg 50w, https:\/\/newsestlyonnais.fr\/site\/wp-content\/uploads\/2019\/11\/NEWSESTLYONNAIS-40\u00b0-FEST-FILM-COURT-100x136.jpg 100w, https:\/\/newsestlyonnais.fr\/site\/wp-content\/uploads\/2019\/11\/NEWSESTLYONNAIS-40\u00b0-FEST-FILM-COURT-200x272.jpg 200w, https:\/\/newsestlyonnais.fr\/site\/wp-content\/uploads\/2019\/11\/NEWSESTLYONNAIS-40\u00b0-FEST-FILM-COURT-300x408.jpg 300w, https:\/\/newsestlyonnais.fr\/site\/wp-content\/uploads\/2019\/11\/NEWSESTLYONNAIS-40\u00b0-FEST-FILM-COURT-350x476.jpg 350w, https:\/\/newsestlyonnais.fr\/site\/wp-content\/uploads\/2019\/11\/NEWSESTLYONNAIS-40\u00b0-FEST-FILM-COURT-450x612.jpg 450w, https:\/\/newsestlyonnais.fr\/site\/wp-content\/uploads\/2019\/11\/NEWSESTLYONNAIS-40\u00b0-FEST-FILM-COURT-500x680.jpg 500w, https:\/\/newsestlyonnais.fr\/site\/wp-content\/uploads\/2019\/11\/NEWSESTLYONNAIS-40\u00b0-FEST-FILM-COURT-550x748.jpg 550w, https:\/\/newsestlyonnais.fr\/site\/wp-content\/uploads\/2019\/11\/NEWSESTLYONNAIS-40\u00b0-FEST-FILM-COURT.jpg 706w\" sizes=\"auto, (max-width: 110px) 100vw, 110px\" \/><\/a>\n\t\t\t<\/div>\n\t\t\t\t<figcaption class='wp-caption-text gallery-caption' id='gallery-1-87483'>\n\t\t\t\t40\u00b0 Festival film court\n\t\t\t\t<\/figcaption><\/figure><figure class='gallery-item'>\n\t\t\t<div class='gallery-icon landscape'>\n\t\t\t\t<a href='https:\/\/newsestlyonnais.fr\/site\/2019\/11\/22\/villeurbanne-les-evenements-au-14-decembre\/newsestlyonnais-vote-lauriers-osv-2\/'><img loading=\"lazy\" decoding=\"async\" width=\"150\" height=\"107\" src=\"https:\/\/newsestlyonnais.fr\/site\/wp-content\/uploads\/2019\/11\/NEWSESTLYONNAIS-VOTE-LAURIERS-OSV-1-250x179.jpg\" class=\"attachment-thumbnail size-thumbnail\" alt=\"\" aria-describedby=\"gallery-1-89298\" srcset=\"https:\/\/newsestlyonnais.fr\/site\/wp-content\/uploads\/2019\/11\/NEWSESTLYONNAIS-VOTE-LAURIERS-OSV-1-250x179.jpg 250w, https:\/\/newsestlyonnais.fr\/site\/wp-content\/uploads\/2019\/11\/NEWSESTLYONNAIS-VOTE-LAURIERS-OSV-1-400x286.jpg 400w, https:\/\/newsestlyonnais.fr\/site\/wp-content\/uploads\/2019\/11\/NEWSESTLYONNAIS-VOTE-LAURIERS-OSV-1-650x464.jpg 650w, https:\/\/newsestlyonnais.fr\/site\/wp-content\/uploads\/2019\/11\/NEWSESTLYONNAIS-VOTE-LAURIERS-OSV-1-150x107.jpg 150w, https:\/\/newsestlyonnais.fr\/site\/wp-content\/uploads\/2019\/11\/NEWSESTLYONNAIS-VOTE-LAURIERS-OSV-1-50x36.jpg 50w, https:\/\/newsestlyonnais.fr\/site\/wp-content\/uploads\/2019\/11\/NEWSESTLYONNAIS-VOTE-LAURIERS-OSV-1-100x71.jpg 100w, https:\/\/newsestlyonnais.fr\/site\/wp-content\/uploads\/2019\/11\/NEWSESTLYONNAIS-VOTE-LAURIERS-OSV-1-200x143.jpg 200w, https:\/\/newsestlyonnais.fr\/site\/wp-content\/uploads\/2019\/11\/NEWSESTLYONNAIS-VOTE-LAURIERS-OSV-1-300x214.jpg 300w, https:\/\/newsestlyonnais.fr\/site\/wp-content\/uploads\/2019\/11\/NEWSESTLYONNAIS-VOTE-LAURIERS-OSV-1-350x250.jpg 350w, https:\/\/newsestlyonnais.fr\/site\/wp-content\/uploads\/2019\/11\/NEWSESTLYONNAIS-VOTE-LAURIERS-OSV-1-450x321.jpg 450w, https:\/\/newsestlyonnais.fr\/site\/wp-content\/uploads\/2019\/11\/NEWSESTLYONNAIS-VOTE-LAURIERS-OSV-1-500x357.jpg 500w, https:\/\/newsestlyonnais.fr\/site\/wp-content\/uploads\/2019\/11\/NEWSESTLYONNAIS-VOTE-LAURIERS-OSV-1-550x393.jpg 550w, https:\/\/newsestlyonnais.fr\/site\/wp-content\/uploads\/2019\/11\/NEWSESTLYONNAIS-VOTE-LAURIERS-OSV-1.jpg 700w\" sizes=\"auto, (max-width: 150px) 100vw, 150px\" \/><\/a>\n\t\t\t<\/div>\n\t\t\t\t<figcaption class='wp-caption-text gallery-caption' id='gallery-1-89298'>\n\t\t\t\t   Lauriers du Sport   (4\/22)\n\t\t\t\t<\/figcaption><\/figure><figure class='gallery-item'>\n\t\t\t<div class='gallery-icon landscape'>\n\t\t\t\t<a href='https:\/\/newsestlyonnais.fr\/site\/newsestlyonanis-expo-vill-cahen\/'><img loading=\"lazy\" decoding=\"async\" width=\"150\" height=\"100\" src=\"https:\/\/newsestlyonnais.fr\/site\/wp-content\/uploads\/2019\/11\/NEWSESTLYONANIS-EXPO-VILL-CAHEN-250x167.jpg\" class=\"attachment-thumbnail size-thumbnail\" alt=\"\" aria-describedby=\"gallery-1-88037\" srcset=\"https:\/\/newsestlyonnais.fr\/site\/wp-content\/uploads\/2019\/11\/NEWSESTLYONANIS-EXPO-VILL-CAHEN-250x167.jpg 250w, https:\/\/newsestlyonnais.fr\/site\/wp-content\/uploads\/2019\/11\/NEWSESTLYONANIS-EXPO-VILL-CAHEN-400x267.jpg 400w, https:\/\/newsestlyonnais.fr\/site\/wp-content\/uploads\/2019\/11\/NEWSESTLYONANIS-EXPO-VILL-CAHEN-768x512.jpg 768w, https:\/\/newsestlyonnais.fr\/site\/wp-content\/uploads\/2019\/11\/NEWSESTLYONANIS-EXPO-VILL-CAHEN-650x433.jpg 650w, https:\/\/newsestlyonnais.fr\/site\/wp-content\/uploads\/2019\/11\/NEWSESTLYONANIS-EXPO-VILL-CAHEN-150x100.jpg 150w, https:\/\/newsestlyonnais.fr\/site\/wp-content\/uploads\/2019\/11\/NEWSESTLYONANIS-EXPO-VILL-CAHEN-50x33.jpg 50w, https:\/\/newsestlyonnais.fr\/site\/wp-content\/uploads\/2019\/11\/NEWSESTLYONANIS-EXPO-VILL-CAHEN-100x67.jpg 100w, https:\/\/newsestlyonnais.fr\/site\/wp-content\/uploads\/2019\/11\/NEWSESTLYONANIS-EXPO-VILL-CAHEN-200x133.jpg 200w, https:\/\/newsestlyonnais.fr\/site\/wp-content\/uploads\/2019\/11\/NEWSESTLYONANIS-EXPO-VILL-CAHEN-300x200.jpg 300w, https:\/\/newsestlyonnais.fr\/site\/wp-content\/uploads\/2019\/11\/NEWSESTLYONANIS-EXPO-VILL-CAHEN-350x233.jpg 350w, https:\/\/newsestlyonnais.fr\/site\/wp-content\/uploads\/2019\/11\/NEWSESTLYONANIS-EXPO-VILL-CAHEN-450x300.jpg 450w, https:\/\/newsestlyonnais.fr\/site\/wp-content\/uploads\/2019\/11\/NEWSESTLYONANIS-EXPO-VILL-CAHEN-500x333.jpg 500w, https:\/\/newsestlyonnais.fr\/site\/wp-content\/uploads\/2019\/11\/NEWSESTLYONANIS-EXPO-VILL-CAHEN-550x367.jpg 550w, https:\/\/newsestlyonnais.fr\/site\/wp-content\/uploads\/2019\/11\/NEWSESTLYONANIS-EXPO-VILL-CAHEN-800x533.jpg 800w, https:\/\/newsestlyonnais.fr\/site\/wp-content\/uploads\/2019\/11\/NEWSESTLYONANIS-EXPO-VILL-CAHEN.jpg 1200w\" sizes=\"auto, (max-width: 150px) 100vw, 150px\" \/><\/a>\n\t\t\t<\/div>\n\t\t\t\t<figcaption class='wp-caption-text gallery-caption' id='gallery-1-88037'>\n\t\t\t\t      Expo Cahen\n\t\t\t\t<\/figcaption><\/figure><figure class='gallery-item'>\n\t\t\t<div class='gallery-icon landscape'>\n\t\t\t\t<a href='https:\/\/newsestlyonnais.fr\/site\/2019\/12\/12\/villeurbanne-noel-aux-gratte-ciel-un-marche-artisanal-et-festif\/newsestlyonanis-marche-gratte-ciel\/'><img loading=\"lazy\" decoding=\"async\" width=\"150\" height=\"100\" src=\"https:\/\/newsestlyonnais.fr\/site\/wp-content\/uploads\/2019\/11\/NEWSESTLYONANIS-MARCHE-GRATTE-CIEL--250x167.jpg\" class=\"attachment-thumbnail size-thumbnail\" alt=\"\" aria-describedby=\"gallery-1-88888\" srcset=\"https:\/\/newsestlyonnais.fr\/site\/wp-content\/uploads\/2019\/11\/NEWSESTLYONANIS-MARCHE-GRATTE-CIEL--250x167.jpg 250w, https:\/\/newsestlyonnais.fr\/site\/wp-content\/uploads\/2019\/11\/NEWSESTLYONANIS-MARCHE-GRATTE-CIEL--400x267.jpg 400w, https:\/\/newsestlyonnais.fr\/site\/wp-content\/uploads\/2019\/11\/NEWSESTLYONANIS-MARCHE-GRATTE-CIEL--768x512.jpg 768w, https:\/\/newsestlyonnais.fr\/site\/wp-content\/uploads\/2019\/11\/NEWSESTLYONANIS-MARCHE-GRATTE-CIEL--650x433.jpg 650w, https:\/\/newsestlyonnais.fr\/site\/wp-content\/uploads\/2019\/11\/NEWSESTLYONANIS-MARCHE-GRATTE-CIEL--150x100.jpg 150w, https:\/\/newsestlyonnais.fr\/site\/wp-content\/uploads\/2019\/11\/NEWSESTLYONANIS-MARCHE-GRATTE-CIEL--50x33.jpg 50w, https:\/\/newsestlyonnais.fr\/site\/wp-content\/uploads\/2019\/11\/NEWSESTLYONANIS-MARCHE-GRATTE-CIEL--100x67.jpg 100w, https:\/\/newsestlyonnais.fr\/site\/wp-content\/uploads\/2019\/11\/NEWSESTLYONANIS-MARCHE-GRATTE-CIEL--200x133.jpg 200w, https:\/\/newsestlyonnais.fr\/site\/wp-content\/uploads\/2019\/11\/NEWSESTLYONANIS-MARCHE-GRATTE-CIEL--300x200.jpg 300w, https:\/\/newsestlyonnais.fr\/site\/wp-content\/uploads\/2019\/11\/NEWSESTLYONANIS-MARCHE-GRATTE-CIEL--350x233.jpg 350w, https:\/\/newsestlyonnais.fr\/site\/wp-content\/uploads\/2019\/11\/NEWSESTLYONANIS-MARCHE-GRATTE-CIEL--450x300.jpg 450w, https:\/\/newsestlyonnais.fr\/site\/wp-content\/uploads\/2019\/11\/NEWSESTLYONANIS-MARCHE-GRATTE-CIEL--500x333.jpg 500w, https:\/\/newsestlyonnais.fr\/site\/wp-content\/uploads\/2019\/11\/NEWSESTLYONANIS-MARCHE-GRATTE-CIEL--550x367.jpg 550w, https:\/\/newsestlyonnais.fr\/site\/wp-content\/uploads\/2019\/11\/NEWSESTLYONANIS-MARCHE-GRATTE-CIEL--800x533.jpg 800w, https:\/\/newsestlyonnais.fr\/site\/wp-content\/uploads\/2019\/11\/NEWSESTLYONANIS-MARCHE-GRATTE-CIEL-.jpg 888w\" sizes=\"auto, (max-width: 150px) 100vw, 150px\" \/><\/a>\n\t\t\t<\/div>\n\t\t\t\t<figcaption class='wp-caption-text gallery-caption' id='gallery-1-88888'>\n\t\t\t\t  March\u00e9 de Noel\n\t\t\t\t<\/figcaption><\/figure>\n\t\t<\/div>\n\n","protected":false},"excerpt":{"rendered":"<p>Plusieurs \u00e9v\u00e8nements culturels et sportifs sont programm\u00e9s sur la commune durant ces prochains jours.<\/p>\n","protected":false},"author":4,"featured_media":84204,"comment_status":"open","ping_status":"open","sticky":false,"template":"","format":"standard","meta":{"footnotes":""},"categories":[30,29],"tags":[1991,2091],"class_list":["post-89286","post","type-post","status-publish","format-standard","has-post-thumbnail","hentry","category-a-la-une","category-villeurbanne","tag-agenda","tag-villeurbanne"],"yoast_head":"<!-- This site is optimized with the Yoast SEO plugin v27.2 - https:\/\/yoast.com\/product\/yoast-seo-wordpress\/ -->\n<title>VILLEURBANNE | Les \u00e9v\u00e8nements au 14 d\u00e9cembre - News Est Lyonnais<\/title>\n<meta name=\"description\" content=\"VILLEURBANNE | Les \u00e9v\u00e8nements au 14 d\u00e9cembre\" \/>\n<meta name=\"robots\" content=\"index, follow, max-snippet:-1, max-image-preview:large, max-video-preview:-1\" \/>\n<link rel=\"canonical\" href=\"https:\/\/newsestlyonnais.fr\/site\/2019\/11\/22\/villeurbanne-les-evenements-au-14-decembre\/\" \/>\n<meta property=\"og:locale\" content=\"fr_FR\" \/>\n<meta property=\"og:type\" content=\"article\" \/>\n<meta property=\"og:title\" content=\"VILLEURBANNE | Les \u00e9v\u00e8nements au 14 d\u00e9cembre - News Est Lyonnais\" \/>\n<meta property=\"og:description\" content=\"VILLEURBANNE | Les \u00e9v\u00e8nements au 14 d\u00e9cembre\" \/>\n<meta property=\"og:url\" content=\"https:\/\/newsestlyonnais.fr\/site\/2019\/11\/22\/villeurbanne-les-evenements-au-14-decembre\/\" \/>\n<meta property=\"og:site_name\" content=\"News Est Lyonnais\" \/>\n<meta property=\"article:author\" content=\"https:\/\/www.facebook.com\/pascal.oberson.1?fref=ts\" \/>\n<meta property=\"article:published_time\" content=\"2019-11-22T07:51:44+00:00\" \/>\n<meta property=\"article:modified_time\" content=\"2019-12-05T10:42:38+00:00\" \/>\n<meta property=\"og:image\" content=\"https:\/\/i0.wp.com\/newsestlyonnais.fr\/site\/wp-content\/uploads\/2019\/09\/NEWSESTLYONNAIS-GRATTE-CIEL-BIS-.jpg?fit=1200%2C800&ssl=1\" \/>\n\t<meta property=\"og:image:width\" content=\"1200\" \/>\n\t<meta property=\"og:image:height\" content=\"800\" \/>\n\t<meta property=\"og:image:type\" content=\"image\/jpeg\" \/>\n<meta name=\"author\" content=\"R\u00e9dac. NEWS\" \/>\n<meta name=\"twitter:card\" content=\"summary_large_image\" \/>\n<meta name=\"twitter:label1\" content=\"\u00c9crit par\" \/>\n\t<meta name=\"twitter:data1\" content=\"R\u00e9dac. NEWS\" \/>\n\t<meta name=\"twitter:label2\" content=\"Dur\u00e9e de lecture estim\u00e9e\" \/>\n\t<meta name=\"twitter:data2\" content=\"1 minute\" \/>\n<script type=\"application\/ld+json\" class=\"yoast-schema-graph\">{\"@context\":\"https:\/\/schema.org\",\"@graph\":[{\"@type\":\"Article\",\"@id\":\"https:\/\/newsestlyonnais.fr\/site\/2019\/11\/22\/villeurbanne-les-evenements-au-14-decembre\/#article\",\"isPartOf\":{\"@id\":\"https:\/\/newsestlyonnais.fr\/site\/2019\/11\/22\/villeurbanne-les-evenements-au-14-decembre\/\"},\"author\":{\"name\":\"R\u00e9dac. NEWS\",\"@id\":\"https:\/\/newsestlyonnais.fr\/site\/#\/schema\/person\/3230d5615f390bb808365d673001e887\"},\"headline\":\"VILLEURBANNE | Les \u00e9v\u00e8nements au 14 d\u00e9cembre\",\"datePublished\":\"2019-11-22T07:51:44+00:00\",\"dateModified\":\"2019-12-05T10:42:38+00:00\",\"mainEntityOfPage\":{\"@id\":\"https:\/\/newsestlyonnais.fr\/site\/2019\/11\/22\/villeurbanne-les-evenements-au-14-decembre\/\"},\"wordCount\":232,\"commentCount\":0,\"publisher\":{\"@id\":\"https:\/\/newsestlyonnais.fr\/site\/#organization\"},\"image\":{\"@id\":\"https:\/\/newsestlyonnais.fr\/site\/2019\/11\/22\/villeurbanne-les-evenements-au-14-decembre\/#primaryimage\"},\"thumbnailUrl\":\"https:\/\/newsestlyonnais.fr\/site\/wp-content\/uploads\/2019\/09\/NEWSESTLYONNAIS-GRATTE-CIEL-BIS-.jpg\",\"keywords\":[\"AGENDA\",\"VILLEURBANNE\"],\"articleSection\":[\"\u00e0 la une\",\"Villeurbanne\"],\"inLanguage\":\"fr-FR\",\"potentialAction\":[{\"@type\":\"CommentAction\",\"name\":\"Comment\",\"target\":[\"https:\/\/newsestlyonnais.fr\/site\/2019\/11\/22\/villeurbanne-les-evenements-au-14-decembre\/#respond\"]}]},{\"@type\":\"WebPage\",\"@id\":\"https:\/\/newsestlyonnais.fr\/site\/2019\/11\/22\/villeurbanne-les-evenements-au-14-decembre\/\",\"url\":\"https:\/\/newsestlyonnais.fr\/site\/2019\/11\/22\/villeurbanne-les-evenements-au-14-decembre\/\",\"name\":\"VILLEURBANNE | Les \u00e9v\u00e8nements au 14 d\u00e9cembre - News Est Lyonnais\",\"isPartOf\":{\"@id\":\"https:\/\/newsestlyonnais.fr\/site\/#website\"},\"primaryImageOfPage\":{\"@id\":\"https:\/\/newsestlyonnais.fr\/site\/2019\/11\/22\/villeurbanne-les-evenements-au-14-decembre\/#primaryimage\"},\"image\":{\"@id\":\"https:\/\/newsestlyonnais.fr\/site\/2019\/11\/22\/villeurbanne-les-evenements-au-14-decembre\/#primaryimage\"},\"thumbnailUrl\":\"https:\/\/newsestlyonnais.fr\/site\/wp-content\/uploads\/2019\/09\/NEWSESTLYONNAIS-GRATTE-CIEL-BIS-.jpg\",\"datePublished\":\"2019-11-22T07:51:44+00:00\",\"dateModified\":\"2019-12-05T10:42:38+00:00\",\"description\":\"VILLEURBANNE | Les \u00e9v\u00e8nements au 14 d\u00e9cembre\",\"breadcrumb\":{\"@id\":\"https:\/\/newsestlyonnais.fr\/site\/2019\/11\/22\/villeurbanne-les-evenements-au-14-decembre\/#breadcrumb\"},\"inLanguage\":\"fr-FR\",\"potentialAction\":[{\"@type\":\"ReadAction\",\"target\":[\"https:\/\/newsestlyonnais.fr\/site\/2019\/11\/22\/villeurbanne-les-evenements-au-14-decembre\/\"]}]},{\"@type\":\"ImageObject\",\"inLanguage\":\"fr-FR\",\"@id\":\"https:\/\/newsestlyonnais.fr\/site\/2019\/11\/22\/villeurbanne-les-evenements-au-14-decembre\/#primaryimage\",\"url\":\"https:\/\/newsestlyonnais.fr\/site\/wp-content\/uploads\/2019\/09\/NEWSESTLYONNAIS-GRATTE-CIEL-BIS-.jpg\",\"contentUrl\":\"https:\/\/newsestlyonnais.fr\/site\/wp-content\/uploads\/2019\/09\/NEWSESTLYONNAIS-GRATTE-CIEL-BIS-.jpg\",\"width\":1200,\"height\":800},{\"@type\":\"BreadcrumbList\",\"@id\":\"https:\/\/newsestlyonnais.fr\/site\/2019\/11\/22\/villeurbanne-les-evenements-au-14-decembre\/#breadcrumb\",\"itemListElement\":[{\"@type\":\"ListItem\",\"position\":1,\"name\":\"Accueil\",\"item\":\"https:\/\/newsestlyonnais.fr\/site\/\"},{\"@type\":\"ListItem\",\"position\":2,\"name\":\"VILLEURBANNE | Les \u00e9v\u00e8nements au 14 d\u00e9cembre\"}]},{\"@type\":\"WebSite\",\"@id\":\"https:\/\/newsestlyonnais.fr\/site\/#website\",\"url\":\"https:\/\/newsestlyonnais.fr\/site\/\",\"name\":\"News Est Lyonnais\",\"description\":\"L&#039;actualit\u00e9 au plus pr\u00e8s\",\"publisher\":{\"@id\":\"https:\/\/newsestlyonnais.fr\/site\/#organization\"},\"potentialAction\":[{\"@type\":\"SearchAction\",\"target\":{\"@type\":\"EntryPoint\",\"urlTemplate\":\"https:\/\/newsestlyonnais.fr\/site\/?s={search_term_string}\"},\"query-input\":{\"@type\":\"PropertyValueSpecification\",\"valueRequired\":true,\"valueName\":\"search_term_string\"}}],\"inLanguage\":\"fr-FR\"},{\"@type\":\"Organization\",\"@id\":\"https:\/\/newsestlyonnais.fr\/site\/#organization\",\"name\":\"News EST LYONNAIS\",\"url\":\"https:\/\/newsestlyonnais.fr\/site\/\",\"logo\":{\"@type\":\"ImageObject\",\"inLanguage\":\"fr-FR\",\"@id\":\"https:\/\/newsestlyonnais.fr\/site\/#\/schema\/logo\/image\/\",\"url\":\"\",\"contentUrl\":\"\",\"caption\":\"News EST LYONNAIS\"},\"image\":{\"@id\":\"https:\/\/newsestlyonnais.fr\/site\/#\/schema\/logo\/image\/\"}},{\"@type\":\"Person\",\"@id\":\"https:\/\/newsestlyonnais.fr\/site\/#\/schema\/person\/3230d5615f390bb808365d673001e887\",\"name\":\"R\u00e9dac. NEWS\",\"sameAs\":[\"http:\/\/www.newsestlyonnais.fr\",\"https:\/\/www.facebook.com\/pascal.oberson.1?fref=ts\",\"https:\/\/fr.linkedin.com\/in\/pascal-oberson-b17045113\"],\"url\":\"https:\/\/newsestlyonnais.fr\/site\/author\/nel\/\"}]}<\/script>\n<!-- \/ Yoast SEO plugin. -->","yoast_head_json":{"title":"VILLEURBANNE | Les \u00e9v\u00e8nements au 14 d\u00e9cembre - News Est Lyonnais","description":"VILLEURBANNE | Les \u00e9v\u00e8nements au 14 d\u00e9cembre","robots":{"index":"index","follow":"follow","max-snippet":"max-snippet:-1","max-image-preview":"max-image-preview:large","max-video-preview":"max-video-preview:-1"},"canonical":"https:\/\/newsestlyonnais.fr\/site\/2019\/11\/22\/villeurbanne-les-evenements-au-14-decembre\/","og_locale":"fr_FR","og_type":"article","og_title":"VILLEURBANNE | Les \u00e9v\u00e8nements au 14 d\u00e9cembre - News Est Lyonnais","og_description":"VILLEURBANNE | Les \u00e9v\u00e8nements au 14 d\u00e9cembre","og_url":"https:\/\/newsestlyonnais.fr\/site\/2019\/11\/22\/villeurbanne-les-evenements-au-14-decembre\/","og_site_name":"News Est Lyonnais","article_author":"https:\/\/www.facebook.com\/pascal.oberson.1?fref=ts","article_published_time":"2019-11-22T07:51:44+00:00","article_modified_time":"2019-12-05T10:42:38+00:00","og_image":[{"width":1200,"height":800,"url":"https:\/\/i0.wp.com\/newsestlyonnais.fr\/site\/wp-content\/uploads\/2019\/09\/NEWSESTLYONNAIS-GRATTE-CIEL-BIS-.jpg?fit=1200%2C800&ssl=1","type":"image\/jpeg"}],"author":"R\u00e9dac. NEWS","twitter_card":"summary_large_image","twitter_misc":{"\u00c9crit par":"R\u00e9dac. NEWS","Dur\u00e9e de lecture estim\u00e9e":"1 minute"},"schema":{"@context":"https:\/\/schema.org","@graph":[{"@type":"Article","@id":"https:\/\/newsestlyonnais.fr\/site\/2019\/11\/22\/villeurbanne-les-evenements-au-14-decembre\/#article","isPartOf":{"@id":"https:\/\/newsestlyonnais.fr\/site\/2019\/11\/22\/villeurbanne-les-evenements-au-14-decembre\/"},"author":{"name":"R\u00e9dac. NEWS","@id":"https:\/\/newsestlyonnais.fr\/site\/#\/schema\/person\/3230d5615f390bb808365d673001e887"},"headline":"VILLEURBANNE | Les \u00e9v\u00e8nements au 14 d\u00e9cembre","datePublished":"2019-11-22T07:51:44+00:00","dateModified":"2019-12-05T10:42:38+00:00","mainEntityOfPage":{"@id":"https:\/\/newsestlyonnais.fr\/site\/2019\/11\/22\/villeurbanne-les-evenements-au-14-decembre\/"},"wordCount":232,"commentCount":0,"publisher":{"@id":"https:\/\/newsestlyonnais.fr\/site\/#organization"},"image":{"@id":"https:\/\/newsestlyonnais.fr\/site\/2019\/11\/22\/villeurbanne-les-evenements-au-14-decembre\/#primaryimage"},"thumbnailUrl":"https:\/\/newsestlyonnais.fr\/site\/wp-content\/uploads\/2019\/09\/NEWSESTLYONNAIS-GRATTE-CIEL-BIS-.jpg","keywords":["AGENDA","VILLEURBANNE"],"articleSection":["\u00e0 la une","Villeurbanne"],"inLanguage":"fr-FR","potentialAction":[{"@type":"CommentAction","name":"Comment","target":["https:\/\/newsestlyonnais.fr\/site\/2019\/11\/22\/villeurbanne-les-evenements-au-14-decembre\/#respond"]}]},{"@type":"WebPage","@id":"https:\/\/newsestlyonnais.fr\/site\/2019\/11\/22\/villeurbanne-les-evenements-au-14-decembre\/","url":"https:\/\/newsestlyonnais.fr\/site\/2019\/11\/22\/villeurbanne-les-evenements-au-14-decembre\/","name":"VILLEURBANNE | Les \u00e9v\u00e8nements au 14 d\u00e9cembre - News Est Lyonnais","isPartOf":{"@id":"https:\/\/newsestlyonnais.fr\/site\/#website"},"primaryImageOfPage":{"@id":"https:\/\/newsestlyonnais.fr\/site\/2019\/11\/22\/villeurbanne-les-evenements-au-14-decembre\/#primaryimage"},"image":{"@id":"https:\/\/newsestlyonnais.fr\/site\/2019\/11\/22\/villeurbanne-les-evenements-au-14-decembre\/#primaryimage"},"thumbnailUrl":"https:\/\/newsestlyonnais.fr\/site\/wp-content\/uploads\/2019\/09\/NEWSESTLYONNAIS-GRATTE-CIEL-BIS-.jpg","datePublished":"2019-11-22T07:51:44+00:00","dateModified":"2019-12-05T10:42:38+00:00","description":"VILLEURBANNE | Les \u00e9v\u00e8nements au 14 d\u00e9cembre","breadcrumb":{"@id":"https:\/\/newsestlyonnais.fr\/site\/2019\/11\/22\/villeurbanne-les-evenements-au-14-decembre\/#breadcrumb"},"inLanguage":"fr-FR","potentialAction":[{"@type":"ReadAction","target":["https:\/\/newsestlyonnais.fr\/site\/2019\/11\/22\/villeurbanne-les-evenements-au-14-decembre\/"]}]},{"@type":"ImageObject","inLanguage":"fr-FR","@id":"https:\/\/newsestlyonnais.fr\/site\/2019\/11\/22\/villeurbanne-les-evenements-au-14-decembre\/#primaryimage","url":"https:\/\/newsestlyonnais.fr\/site\/wp-content\/uploads\/2019\/09\/NEWSESTLYONNAIS-GRATTE-CIEL-BIS-.jpg","contentUrl":"https:\/\/newsestlyonnais.fr\/site\/wp-content\/uploads\/2019\/09\/NEWSESTLYONNAIS-GRATTE-CIEL-BIS-.jpg","width":1200,"height":800},{"@type":"BreadcrumbList","@id":"https:\/\/newsestlyonnais.fr\/site\/2019\/11\/22\/villeurbanne-les-evenements-au-14-decembre\/#breadcrumb","itemListElement":[{"@type":"ListItem","position":1,"name":"Accueil","item":"https:\/\/newsestlyonnais.fr\/site\/"},{"@type":"ListItem","position":2,"name":"VILLEURBANNE | Les \u00e9v\u00e8nements au 14 d\u00e9cembre"}]},{"@type":"WebSite","@id":"https:\/\/newsestlyonnais.fr\/site\/#website","url":"https:\/\/newsestlyonnais.fr\/site\/","name":"News Est Lyonnais","description":"L&#039;actualit\u00e9 au plus pr\u00e8s","publisher":{"@id":"https:\/\/newsestlyonnais.fr\/site\/#organization"},"potentialAction":[{"@type":"SearchAction","target":{"@type":"EntryPoint","urlTemplate":"https:\/\/newsestlyonnais.fr\/site\/?s={search_term_string}"},"query-input":{"@type":"PropertyValueSpecification","valueRequired":true,"valueName":"search_term_string"}}],"inLanguage":"fr-FR"},{"@type":"Organization","@id":"https:\/\/newsestlyonnais.fr\/site\/#organization","name":"News EST LYONNAIS","url":"https:\/\/newsestlyonnais.fr\/site\/","logo":{"@type":"ImageObject","inLanguage":"fr-FR","@id":"https:\/\/newsestlyonnais.fr\/site\/#\/schema\/logo\/image\/","url":"","contentUrl":"","caption":"News EST LYONNAIS"},"image":{"@id":"https:\/\/newsestlyonnais.fr\/site\/#\/schema\/logo\/image\/"}},{"@type":"Person","@id":"https:\/\/newsestlyonnais.fr\/site\/#\/schema\/person\/3230d5615f390bb808365d673001e887","name":"R\u00e9dac. NEWS","sameAs":["http:\/\/www.newsestlyonnais.fr","https:\/\/www.facebook.com\/pascal.oberson.1?fref=ts","https:\/\/fr.linkedin.com\/in\/pascal-oberson-b17045113"],"url":"https:\/\/newsestlyonnais.fr\/site\/author\/nel\/"}]}},"_links":{"self":[{"href":"https:\/\/newsestlyonnais.fr\/site\/wp-json\/wp\/v2\/posts\/89286","targetHints":{"allow":["GET"]}}],"collection":[{"href":"https:\/\/newsestlyonnais.fr\/site\/wp-json\/wp\/v2\/posts"}],"about":[{"href":"https:\/\/newsestlyonnais.fr\/site\/wp-json\/wp\/v2\/types\/post"}],"author":[{"embeddable":true,"href":"https:\/\/newsestlyonnais.fr\/site\/wp-json\/wp\/v2\/users\/4"}],"replies":[{"embeddable":true,"href":"https:\/\/newsestlyonnais.fr\/site\/wp-json\/wp\/v2\/comments?post=89286"}],"version-history":[{"count":0,"href":"https:\/\/newsestlyonnais.fr\/site\/wp-json\/wp\/v2\/posts\/89286\/revisions"}],"wp:featuredmedia":[{"embeddable":true,"href":"https:\/\/newsestlyonnais.fr\/site\/wp-json\/wp\/v2\/media\/84204"}],"wp:attachment":[{"href":"https:\/\/newsestlyonnais.fr\/site\/wp-json\/wp\/v2\/media?parent=89286"}],"wp:term":[{"taxonomy":"category","embeddable":true,"href":"https:\/\/newsestlyonnais.fr\/site\/wp-json\/wp\/v2\/categories?post=89286"},{"taxonomy":"post_tag","embeddable":true,"href":"https:\/\/newsestlyonnais.fr\/site\/wp-json\/wp\/v2\/tags?post=89286"}],"curies":[{"name":"wp","href":"https:\/\/api.w.org\/{rel}","templated":true}]}}