{"id":89429,"date":"2019-11-20T19:51:26","date_gmt":"2019-11-20T18:51:26","guid":{"rendered":"http:\/\/newsestlyonnais.fr\/site\/?p=89429"},"modified":"2019-12-02T07:42:31","modified_gmt":"2019-12-02T06:42:31","slug":"genas-un-concert-dhiver-avec-melodia","status":"publish","type":"post","link":"https:\/\/newsestlyonnais.fr\/site\/2019\/11\/20\/genas-un-concert-dhiver-avec-melodia\/","title":{"rendered":"GENAS | Un concert d&rsquo;hiver avec M\u00e9lodia"},"content":{"rendered":"<div class=\"CGBlogSummaryLink\">\n<h4>Ce traditionnel concert d&rsquo;hiver se tiendra Samedi 30 Novembre \u00e0 20 h 30 \u00e0 l&rsquo; \u00e9glise Saint Barth\u00e9l\u00e9my de Genas, avec en premi\u00e8re partie la chorale du plateau de Valdahon.<\/h4>\n<\/div>\n<div class=\"CGBlogSummarySummary\">\n<ul>\n<li>Ouverture des portes \u00e0 20 heures.<\/li>\n<li>Prix d\u2019entr\u00e9e: 12 \u20ac. Gratuit pour les moins de 18 ans.<\/li>\n<\/ul>\n<p><strong><em>Plus d&rsquo;infos sur :<\/em> <a href=\"https:\/\/www.melodienla.com\">https:\/\/www.melodienla.com<\/a><\/strong><\/p>\n<\/div>\n","protected":false},"excerpt":{"rendered":"<p>Cette chorale dirig\u00e9e par le chef de choeur Daniel Danielian qui regroupe 45 choristes organisera son prochain concert samedi prochain.<\/p>\n","protected":false},"author":4,"featured_media":87228,"comment_status":"open","ping_status":"open","sticky":false,"template":"","format":"standard","meta":{"footnotes":""},"categories":[2217,1598,3006],"tags":[2140,2005],"class_list":["post-89429","post","type-post","status-publish","format-standard","has-post-thumbnail","hentry","category-breves-de-lest-lyonnais","category-genas","category-musique-danse-humour","tag-concert","tag-genas"],"yoast_head":"<!-- This site is optimized with the Yoast SEO plugin v27.2 - https:\/\/yoast.com\/product\/yoast-seo-wordpress\/ -->\n<title>GENAS | Un concert d&#039;hiver avec M\u00e9lodia - News Est Lyonnais<\/title>\n<meta name=\"description\" content=\"GENAS | un concert d&#039;hiver avec M\u00e9lodia\" \/>\n<meta name=\"robots\" content=\"index, follow, max-snippet:-1, max-image-preview:large, max-video-preview:-1\" \/>\n<link rel=\"canonical\" href=\"https:\/\/newsestlyonnais.fr\/site\/2019\/11\/20\/genas-un-concert-dhiver-avec-melodia\/\" \/>\n<meta property=\"og:locale\" content=\"fr_FR\" \/>\n<meta property=\"og:type\" content=\"article\" \/>\n<meta property=\"og:title\" content=\"GENAS | Un concert d&#039;hiver avec M\u00e9lodia - News Est Lyonnais\" \/>\n<meta property=\"og:description\" content=\"GENAS | un concert d&#039;hiver avec M\u00e9lodia\" \/>\n<meta property=\"og:url\" content=\"https:\/\/newsestlyonnais.fr\/site\/2019\/11\/20\/genas-un-concert-dhiver-avec-melodia\/\" \/>\n<meta property=\"og:site_name\" content=\"News Est Lyonnais\" \/>\n<meta property=\"article:author\" content=\"https:\/\/www.facebook.com\/pascal.oberson.1?fref=ts\" \/>\n<meta property=\"article:published_time\" content=\"2019-11-20T18:51:26+00:00\" \/>\n<meta property=\"article:modified_time\" content=\"2019-12-02T06:42:31+00:00\" \/>\n<meta property=\"og:image\" content=\"https:\/\/i1.wp.com\/newsestlyonnais.fr\/site\/wp-content\/uploads\/2019\/10\/NEWSESTLYONNAIS-MELODIA-GENAS-2019.jpg?fit=600%2C600&ssl=1\" \/>\n\t<meta property=\"og:image:width\" content=\"600\" \/>\n\t<meta property=\"og:image:height\" content=\"600\" \/>\n\t<meta property=\"og:image:type\" content=\"image\/jpeg\" \/>\n<meta name=\"author\" content=\"R\u00e9dac. NEWS\" \/>\n<meta name=\"twitter:card\" content=\"summary_large_image\" \/>\n<meta name=\"twitter:label1\" content=\"\u00c9crit par\" \/>\n\t<meta name=\"twitter:data1\" content=\"R\u00e9dac. NEWS\" \/>\n<script type=\"application\/ld+json\" class=\"yoast-schema-graph\">{\"@context\":\"https:\/\/schema.org\",\"@graph\":[{\"@type\":\"Article\",\"@id\":\"https:\/\/newsestlyonnais.fr\/site\/2019\/11\/20\/genas-un-concert-dhiver-avec-melodia\/#article\",\"isPartOf\":{\"@id\":\"https:\/\/newsestlyonnais.fr\/site\/2019\/11\/20\/genas-un-concert-dhiver-avec-melodia\/\"},\"author\":{\"name\":\"R\u00e9dac. NEWS\",\"@id\":\"https:\/\/newsestlyonnais.fr\/site\/#\/schema\/person\/3230d5615f390bb808365d673001e887\"},\"headline\":\"GENAS | Un concert d&rsquo;hiver avec M\u00e9lodia\",\"datePublished\":\"2019-11-20T18:51:26+00:00\",\"dateModified\":\"2019-12-02T06:42:31+00:00\",\"mainEntityOfPage\":{\"@id\":\"https:\/\/newsestlyonnais.fr\/site\/2019\/11\/20\/genas-un-concert-dhiver-avec-melodia\/\"},\"wordCount\":59,\"commentCount\":0,\"publisher\":{\"@id\":\"https:\/\/newsestlyonnais.fr\/site\/#organization\"},\"image\":{\"@id\":\"https:\/\/newsestlyonnais.fr\/site\/2019\/11\/20\/genas-un-concert-dhiver-avec-melodia\/#primaryimage\"},\"thumbnailUrl\":\"https:\/\/newsestlyonnais.fr\/site\/wp-content\/uploads\/2019\/10\/NEWSESTLYONNAIS-MELODIA-GENAS-2019.jpg\",\"keywords\":[\"CONCERT\",\"GENAS\"],\"articleSection\":[\"Br\u00e8ves de l'Est lyonnais\",\"Genas\",\"Musique | Danse | Humour\"],\"inLanguage\":\"fr-FR\",\"potentialAction\":[{\"@type\":\"CommentAction\",\"name\":\"Comment\",\"target\":[\"https:\/\/newsestlyonnais.fr\/site\/2019\/11\/20\/genas-un-concert-dhiver-avec-melodia\/#respond\"]}]},{\"@type\":\"WebPage\",\"@id\":\"https:\/\/newsestlyonnais.fr\/site\/2019\/11\/20\/genas-un-concert-dhiver-avec-melodia\/\",\"url\":\"https:\/\/newsestlyonnais.fr\/site\/2019\/11\/20\/genas-un-concert-dhiver-avec-melodia\/\",\"name\":\"GENAS | Un concert d'hiver avec M\u00e9lodia - News Est Lyonnais\",\"isPartOf\":{\"@id\":\"https:\/\/newsestlyonnais.fr\/site\/#website\"},\"primaryImageOfPage\":{\"@id\":\"https:\/\/newsestlyonnais.fr\/site\/2019\/11\/20\/genas-un-concert-dhiver-avec-melodia\/#primaryimage\"},\"image\":{\"@id\":\"https:\/\/newsestlyonnais.fr\/site\/2019\/11\/20\/genas-un-concert-dhiver-avec-melodia\/#primaryimage\"},\"thumbnailUrl\":\"https:\/\/newsestlyonnais.fr\/site\/wp-content\/uploads\/2019\/10\/NEWSESTLYONNAIS-MELODIA-GENAS-2019.jpg\",\"datePublished\":\"2019-11-20T18:51:26+00:00\",\"dateModified\":\"2019-12-02T06:42:31+00:00\",\"description\":\"GENAS | un concert d'hiver avec M\u00e9lodia\",\"breadcrumb\":{\"@id\":\"https:\/\/newsestlyonnais.fr\/site\/2019\/11\/20\/genas-un-concert-dhiver-avec-melodia\/#breadcrumb\"},\"inLanguage\":\"fr-FR\",\"potentialAction\":[{\"@type\":\"ReadAction\",\"target\":[\"https:\/\/newsestlyonnais.fr\/site\/2019\/11\/20\/genas-un-concert-dhiver-avec-melodia\/\"]}]},{\"@type\":\"ImageObject\",\"inLanguage\":\"fr-FR\",\"@id\":\"https:\/\/newsestlyonnais.fr\/site\/2019\/11\/20\/genas-un-concert-dhiver-avec-melodia\/#primaryimage\",\"url\":\"https:\/\/newsestlyonnais.fr\/site\/wp-content\/uploads\/2019\/10\/NEWSESTLYONNAIS-MELODIA-GENAS-2019.jpg\",\"contentUrl\":\"https:\/\/newsestlyonnais.fr\/site\/wp-content\/uploads\/2019\/10\/NEWSESTLYONNAIS-MELODIA-GENAS-2019.jpg\",\"width\":600,\"height\":600,\"caption\":\"L'affiche du concert\"},{\"@type\":\"BreadcrumbList\",\"@id\":\"https:\/\/newsestlyonnais.fr\/site\/2019\/11\/20\/genas-un-concert-dhiver-avec-melodia\/#breadcrumb\",\"itemListElement\":[{\"@type\":\"ListItem\",\"position\":1,\"name\":\"Accueil\",\"item\":\"https:\/\/newsestlyonnais.fr\/site\/\"},{\"@type\":\"ListItem\",\"position\":2,\"name\":\"GENAS | Un concert d&rsquo;hiver avec M\u00e9lodia\"}]},{\"@type\":\"WebSite\",\"@id\":\"https:\/\/newsestlyonnais.fr\/site\/#website\",\"url\":\"https:\/\/newsestlyonnais.fr\/site\/\",\"name\":\"News Est Lyonnais\",\"description\":\"L&#039;actualit\u00e9 au plus pr\u00e8s\",\"publisher\":{\"@id\":\"https:\/\/newsestlyonnais.fr\/site\/#organization\"},\"potentialAction\":[{\"@type\":\"SearchAction\",\"target\":{\"@type\":\"EntryPoint\",\"urlTemplate\":\"https:\/\/newsestlyonnais.fr\/site\/?s={search_term_string}\"},\"query-input\":{\"@type\":\"PropertyValueSpecification\",\"valueRequired\":true,\"valueName\":\"search_term_string\"}}],\"inLanguage\":\"fr-FR\"},{\"@type\":\"Organization\",\"@id\":\"https:\/\/newsestlyonnais.fr\/site\/#organization\",\"name\":\"News EST LYONNAIS\",\"url\":\"https:\/\/newsestlyonnais.fr\/site\/\",\"logo\":{\"@type\":\"ImageObject\",\"inLanguage\":\"fr-FR\",\"@id\":\"https:\/\/newsestlyonnais.fr\/site\/#\/schema\/logo\/image\/\",\"url\":\"\",\"contentUrl\":\"\",\"caption\":\"News EST LYONNAIS\"},\"image\":{\"@id\":\"https:\/\/newsestlyonnais.fr\/site\/#\/schema\/logo\/image\/\"}},{\"@type\":\"Person\",\"@id\":\"https:\/\/newsestlyonnais.fr\/site\/#\/schema\/person\/3230d5615f390bb808365d673001e887\",\"name\":\"R\u00e9dac. NEWS\",\"sameAs\":[\"http:\/\/www.newsestlyonnais.fr\",\"https:\/\/www.facebook.com\/pascal.oberson.1?fref=ts\",\"https:\/\/fr.linkedin.com\/in\/pascal-oberson-b17045113\"],\"url\":\"https:\/\/newsestlyonnais.fr\/site\/author\/nel\/\"}]}<\/script>\n<!-- \/ Yoast SEO plugin. -->","yoast_head_json":{"title":"GENAS | Un concert d'hiver avec M\u00e9lodia - News Est Lyonnais","description":"GENAS | un concert d'hiver avec M\u00e9lodia","robots":{"index":"index","follow":"follow","max-snippet":"max-snippet:-1","max-image-preview":"max-image-preview:large","max-video-preview":"max-video-preview:-1"},"canonical":"https:\/\/newsestlyonnais.fr\/site\/2019\/11\/20\/genas-un-concert-dhiver-avec-melodia\/","og_locale":"fr_FR","og_type":"article","og_title":"GENAS | Un concert d'hiver avec M\u00e9lodia - News Est Lyonnais","og_description":"GENAS | un concert d'hiver avec M\u00e9lodia","og_url":"https:\/\/newsestlyonnais.fr\/site\/2019\/11\/20\/genas-un-concert-dhiver-avec-melodia\/","og_site_name":"News Est Lyonnais","article_author":"https:\/\/www.facebook.com\/pascal.oberson.1?fref=ts","article_published_time":"2019-11-20T18:51:26+00:00","article_modified_time":"2019-12-02T06:42:31+00:00","og_image":[{"width":600,"height":600,"url":"https:\/\/i1.wp.com\/newsestlyonnais.fr\/site\/wp-content\/uploads\/2019\/10\/NEWSESTLYONNAIS-MELODIA-GENAS-2019.jpg?fit=600%2C600&ssl=1","type":"image\/jpeg"}],"author":"R\u00e9dac. NEWS","twitter_card":"summary_large_image","twitter_misc":{"\u00c9crit par":"R\u00e9dac. NEWS"},"schema":{"@context":"https:\/\/schema.org","@graph":[{"@type":"Article","@id":"https:\/\/newsestlyonnais.fr\/site\/2019\/11\/20\/genas-un-concert-dhiver-avec-melodia\/#article","isPartOf":{"@id":"https:\/\/newsestlyonnais.fr\/site\/2019\/11\/20\/genas-un-concert-dhiver-avec-melodia\/"},"author":{"name":"R\u00e9dac. NEWS","@id":"https:\/\/newsestlyonnais.fr\/site\/#\/schema\/person\/3230d5615f390bb808365d673001e887"},"headline":"GENAS | Un concert d&rsquo;hiver avec M\u00e9lodia","datePublished":"2019-11-20T18:51:26+00:00","dateModified":"2019-12-02T06:42:31+00:00","mainEntityOfPage":{"@id":"https:\/\/newsestlyonnais.fr\/site\/2019\/11\/20\/genas-un-concert-dhiver-avec-melodia\/"},"wordCount":59,"commentCount":0,"publisher":{"@id":"https:\/\/newsestlyonnais.fr\/site\/#organization"},"image":{"@id":"https:\/\/newsestlyonnais.fr\/site\/2019\/11\/20\/genas-un-concert-dhiver-avec-melodia\/#primaryimage"},"thumbnailUrl":"https:\/\/newsestlyonnais.fr\/site\/wp-content\/uploads\/2019\/10\/NEWSESTLYONNAIS-MELODIA-GENAS-2019.jpg","keywords":["CONCERT","GENAS"],"articleSection":["Br\u00e8ves de l'Est lyonnais","Genas","Musique | Danse | Humour"],"inLanguage":"fr-FR","potentialAction":[{"@type":"CommentAction","name":"Comment","target":["https:\/\/newsestlyonnais.fr\/site\/2019\/11\/20\/genas-un-concert-dhiver-avec-melodia\/#respond"]}]},{"@type":"WebPage","@id":"https:\/\/newsestlyonnais.fr\/site\/2019\/11\/20\/genas-un-concert-dhiver-avec-melodia\/","url":"https:\/\/newsestlyonnais.fr\/site\/2019\/11\/20\/genas-un-concert-dhiver-avec-melodia\/","name":"GENAS | Un concert d'hiver avec M\u00e9lodia - News Est Lyonnais","isPartOf":{"@id":"https:\/\/newsestlyonnais.fr\/site\/#website"},"primaryImageOfPage":{"@id":"https:\/\/newsestlyonnais.fr\/site\/2019\/11\/20\/genas-un-concert-dhiver-avec-melodia\/#primaryimage"},"image":{"@id":"https:\/\/newsestlyonnais.fr\/site\/2019\/11\/20\/genas-un-concert-dhiver-avec-melodia\/#primaryimage"},"thumbnailUrl":"https:\/\/newsestlyonnais.fr\/site\/wp-content\/uploads\/2019\/10\/NEWSESTLYONNAIS-MELODIA-GENAS-2019.jpg","datePublished":"2019-11-20T18:51:26+00:00","dateModified":"2019-12-02T06:42:31+00:00","description":"GENAS | un concert d'hiver avec M\u00e9lodia","breadcrumb":{"@id":"https:\/\/newsestlyonnais.fr\/site\/2019\/11\/20\/genas-un-concert-dhiver-avec-melodia\/#breadcrumb"},"inLanguage":"fr-FR","potentialAction":[{"@type":"ReadAction","target":["https:\/\/newsestlyonnais.fr\/site\/2019\/11\/20\/genas-un-concert-dhiver-avec-melodia\/"]}]},{"@type":"ImageObject","inLanguage":"fr-FR","@id":"https:\/\/newsestlyonnais.fr\/site\/2019\/11\/20\/genas-un-concert-dhiver-avec-melodia\/#primaryimage","url":"https:\/\/newsestlyonnais.fr\/site\/wp-content\/uploads\/2019\/10\/NEWSESTLYONNAIS-MELODIA-GENAS-2019.jpg","contentUrl":"https:\/\/newsestlyonnais.fr\/site\/wp-content\/uploads\/2019\/10\/NEWSESTLYONNAIS-MELODIA-GENAS-2019.jpg","width":600,"height":600,"caption":"L'affiche du concert"},{"@type":"BreadcrumbList","@id":"https:\/\/newsestlyonnais.fr\/site\/2019\/11\/20\/genas-un-concert-dhiver-avec-melodia\/#breadcrumb","itemListElement":[{"@type":"ListItem","position":1,"name":"Accueil","item":"https:\/\/newsestlyonnais.fr\/site\/"},{"@type":"ListItem","position":2,"name":"GENAS | Un concert d&rsquo;hiver avec M\u00e9lodia"}]},{"@type":"WebSite","@id":"https:\/\/newsestlyonnais.fr\/site\/#website","url":"https:\/\/newsestlyonnais.fr\/site\/","name":"News Est Lyonnais","description":"L&#039;actualit\u00e9 au plus pr\u00e8s","publisher":{"@id":"https:\/\/newsestlyonnais.fr\/site\/#organization"},"potentialAction":[{"@type":"SearchAction","target":{"@type":"EntryPoint","urlTemplate":"https:\/\/newsestlyonnais.fr\/site\/?s={search_term_string}"},"query-input":{"@type":"PropertyValueSpecification","valueRequired":true,"valueName":"search_term_string"}}],"inLanguage":"fr-FR"},{"@type":"Organization","@id":"https:\/\/newsestlyonnais.fr\/site\/#organization","name":"News EST LYONNAIS","url":"https:\/\/newsestlyonnais.fr\/site\/","logo":{"@type":"ImageObject","inLanguage":"fr-FR","@id":"https:\/\/newsestlyonnais.fr\/site\/#\/schema\/logo\/image\/","url":"","contentUrl":"","caption":"News EST LYONNAIS"},"image":{"@id":"https:\/\/newsestlyonnais.fr\/site\/#\/schema\/logo\/image\/"}},{"@type":"Person","@id":"https:\/\/newsestlyonnais.fr\/site\/#\/schema\/person\/3230d5615f390bb808365d673001e887","name":"R\u00e9dac. NEWS","sameAs":["http:\/\/www.newsestlyonnais.fr","https:\/\/www.facebook.com\/pascal.oberson.1?fref=ts","https:\/\/fr.linkedin.com\/in\/pascal-oberson-b17045113"],"url":"https:\/\/newsestlyonnais.fr\/site\/author\/nel\/"}]}},"_links":{"self":[{"href":"https:\/\/newsestlyonnais.fr\/site\/wp-json\/wp\/v2\/posts\/89429","targetHints":{"allow":["GET"]}}],"collection":[{"href":"https:\/\/newsestlyonnais.fr\/site\/wp-json\/wp\/v2\/posts"}],"about":[{"href":"https:\/\/newsestlyonnais.fr\/site\/wp-json\/wp\/v2\/types\/post"}],"author":[{"embeddable":true,"href":"https:\/\/newsestlyonnais.fr\/site\/wp-json\/wp\/v2\/users\/4"}],"replies":[{"embeddable":true,"href":"https:\/\/newsestlyonnais.fr\/site\/wp-json\/wp\/v2\/comments?post=89429"}],"version-history":[{"count":0,"href":"https:\/\/newsestlyonnais.fr\/site\/wp-json\/wp\/v2\/posts\/89429\/revisions"}],"wp:featuredmedia":[{"embeddable":true,"href":"https:\/\/newsestlyonnais.fr\/site\/wp-json\/wp\/v2\/media\/87228"}],"wp:attachment":[{"href":"https:\/\/newsestlyonnais.fr\/site\/wp-json\/wp\/v2\/media?parent=89429"}],"wp:term":[{"taxonomy":"category","embeddable":true,"href":"https:\/\/newsestlyonnais.fr\/site\/wp-json\/wp\/v2\/categories?post=89429"},{"taxonomy":"post_tag","embeddable":true,"href":"https:\/\/newsestlyonnais.fr\/site\/wp-json\/wp\/v2\/tags?post=89429"}],"curies":[{"name":"wp","href":"https:\/\/api.w.org\/{rel}","templated":true}]}}