{"id":89570,"date":"2019-11-25T20:52:47","date_gmt":"2019-11-25T19:52:47","guid":{"rendered":"http:\/\/newsestlyonnais.fr\/site\/?p=89570"},"modified":"2020-10-26T11:25:11","modified_gmt":"2020-10-26T10:25:11","slug":"lyon-basket-fauteuil-handisport-lyonnais-simpose-face-a-strasbourg","status":"publish","type":"post","link":"https:\/\/newsestlyonnais.fr\/site\/2019\/11\/25\/lyon-basket-fauteuil-handisport-lyonnais-simpose-face-a-strasbourg\/","title":{"rendered":"LYON | Basket Fauteuil Handisport Lyonnais s&rsquo;impose face \u00e0 Strasbourg"},"content":{"rendered":"<p>A l&rsquo;issue de la rencontre de samedi c&rsquo;est une belle victoire pour l&rsquo;\u00e9quipe de basket d&rsquo;Handisport Lyonnais, dans laquelle chaque joueur a contribu\u00e9 \u00e0 la construction du jeu et \u00e0 la r\u00e9ussite du groupe ! Avec le soutien d&rsquo;un public toujours plus grand et de proches fid\u00e8les \u00e0 la table, l&rsquo;\u00e9quipe est encore plus motiv\u00e9e pour s&rsquo;entra\u00eener et donner son\u00a0 maximum en vue des prochaines rencontres.<\/p>\n<p>Ce succ\u00e8s (67-46) contre Strasbourg pour sa deuxi\u00e8me rencontre \u00e0 domicile de la saison lui permet de se positionner \u00e0 la 5\u00b0 place du classement \u00e0 un point des deux leaders de la poule.<\/p>\n<ul>\n<li><em><strong>Prochaine rencontre \u00e0 Lyon : samedi 7 d\u00e9cembre 2019 contre Jarny, dernier de la poule.<\/strong><\/em><\/li>\n<\/ul>\n<div id='gallery-1' class='gallery galleryid-89570 gallery-columns-3 gallery-size-thumbnail'><figure class='gallery-item'>\n\t\t\t<div class='gallery-icon landscape'>\n\t\t\t\t<a href='https:\/\/newsestlyonnais.fr\/site\/2019\/11\/25\/lyon-basket-fauteuil-handisport-lyonnais-simpose-face-a-strasbourg\/newsestlyonnais-handi-02\/'><img loading=\"lazy\" decoding=\"async\" width=\"150\" height=\"56\" src=\"https:\/\/newsestlyonnais.fr\/site\/wp-content\/uploads\/2019\/11\/NEWSESTLYONNAIS-HANDI-02--250x93.jpg\" class=\"attachment-thumbnail size-thumbnail\" alt=\"\" aria-describedby=\"gallery-1-89576\" srcset=\"https:\/\/newsestlyonnais.fr\/site\/wp-content\/uploads\/2019\/11\/NEWSESTLYONNAIS-HANDI-02--250x93.jpg 250w, https:\/\/newsestlyonnais.fr\/site\/wp-content\/uploads\/2019\/11\/NEWSESTLYONNAIS-HANDI-02--400x148.jpg 400w, https:\/\/newsestlyonnais.fr\/site\/wp-content\/uploads\/2019\/11\/NEWSESTLYONNAIS-HANDI-02--650x241.jpg 650w, https:\/\/newsestlyonnais.fr\/site\/wp-content\/uploads\/2019\/11\/NEWSESTLYONNAIS-HANDI-02--768x285.jpg 768w, https:\/\/newsestlyonnais.fr\/site\/wp-content\/uploads\/2019\/11\/NEWSESTLYONNAIS-HANDI-02--150x56.jpg 150w, https:\/\/newsestlyonnais.fr\/site\/wp-content\/uploads\/2019\/11\/NEWSESTLYONNAIS-HANDI-02--50x19.jpg 50w, https:\/\/newsestlyonnais.fr\/site\/wp-content\/uploads\/2019\/11\/NEWSESTLYONNAIS-HANDI-02--100x37.jpg 100w, https:\/\/newsestlyonnais.fr\/site\/wp-content\/uploads\/2019\/11\/NEWSESTLYONNAIS-HANDI-02--200x74.jpg 200w, https:\/\/newsestlyonnais.fr\/site\/wp-content\/uploads\/2019\/11\/NEWSESTLYONNAIS-HANDI-02--300x111.jpg 300w, https:\/\/newsestlyonnais.fr\/site\/wp-content\/uploads\/2019\/11\/NEWSESTLYONNAIS-HANDI-02--350x130.jpg 350w, https:\/\/newsestlyonnais.fr\/site\/wp-content\/uploads\/2019\/11\/NEWSESTLYONNAIS-HANDI-02--450x167.jpg 450w, https:\/\/newsestlyonnais.fr\/site\/wp-content\/uploads\/2019\/11\/NEWSESTLYONNAIS-HANDI-02--500x185.jpg 500w, https:\/\/newsestlyonnais.fr\/site\/wp-content\/uploads\/2019\/11\/NEWSESTLYONNAIS-HANDI-02--550x204.jpg 550w, https:\/\/newsestlyonnais.fr\/site\/wp-content\/uploads\/2019\/11\/NEWSESTLYONNAIS-HANDI-02--800x297.jpg 800w, https:\/\/newsestlyonnais.fr\/site\/wp-content\/uploads\/2019\/11\/NEWSESTLYONNAIS-HANDI-02-.jpg 960w\" sizes=\"auto, (max-width: 150px) 100vw, 150px\" \/><\/a>\n\t\t\t<\/div>\n\t\t\t\t<figcaption class='wp-caption-text gallery-caption' id='gallery-1-89576'>\n\t\t\t\tL&rsquo;affiche de la rencontre\n\t\t\t\t<\/figcaption><\/figure><figure class='gallery-item'>\n\t\t\t<div class='gallery-icon portrait'>\n\t\t\t\t<a href='https:\/\/newsestlyonnais.fr\/site\/2019\/11\/25\/lyon-basket-fauteuil-handisport-lyonnais-simpose-face-a-strasbourg\/newsestlyonnais-handi-clast\/'><img loading=\"lazy\" decoding=\"async\" width=\"150\" height=\"150\" src=\"https:\/\/newsestlyonnais.fr\/site\/wp-content\/uploads\/2019\/11\/NEWSESTLYONNAIS-HANDI-CLAST--250x252.png\" class=\"attachment-thumbnail size-thumbnail\" alt=\"\" aria-describedby=\"gallery-1-89573\" srcset=\"https:\/\/newsestlyonnais.fr\/site\/wp-content\/uploads\/2019\/11\/NEWSESTLYONNAIS-HANDI-CLAST--250x252.png 250w, https:\/\/newsestlyonnais.fr\/site\/wp-content\/uploads\/2019\/11\/NEWSESTLYONNAIS-HANDI-CLAST--150x151.png 150w, https:\/\/newsestlyonnais.fr\/site\/wp-content\/uploads\/2019\/11\/NEWSESTLYONNAIS-HANDI-CLAST--50x50.png 50w, https:\/\/newsestlyonnais.fr\/site\/wp-content\/uploads\/2019\/11\/NEWSESTLYONNAIS-HANDI-CLAST--100x101.png 100w, https:\/\/newsestlyonnais.fr\/site\/wp-content\/uploads\/2019\/11\/NEWSESTLYONNAIS-HANDI-CLAST--350x353.png 350w, https:\/\/newsestlyonnais.fr\/site\/wp-content\/uploads\/2019\/11\/NEWSESTLYONNAIS-HANDI-CLAST--450x454.png 450w, https:\/\/newsestlyonnais.fr\/site\/wp-content\/uploads\/2019\/11\/NEWSESTLYONNAIS-HANDI-CLAST--550x555.png 550w, https:\/\/newsestlyonnais.fr\/site\/wp-content\/uploads\/2019\/11\/NEWSESTLYONNAIS-HANDI-CLAST-.png 607w\" sizes=\"auto, (max-width: 150px) 100vw, 150px\" \/><\/a>\n\t\t\t<\/div>\n\t\t\t\t<figcaption class='wp-caption-text gallery-caption' id='gallery-1-89573'>\n\t\t\t\tLe classement apr\u00e8s 5 journ\u00e9es \n\t\t\t\t<\/figcaption><\/figure>\n\t\t<\/div>\n\n","protected":false},"excerpt":{"rendered":"<p>L&rsquo;\u00e9quipe lyonnaise accueillait samedi apr\u00e8s-midi l&rsquo;\u00e9quipe de Strasbourg R\u00e9serve au gymnase lyonnais Multisport SEPR. <\/p>\n","protected":false},"author":4,"featured_media":89583,"comment_status":"open","ping_status":"open","sticky":false,"template":"","format":"standard","meta":{"footnotes":""},"categories":[1357,2975,3015,1625],"tags":[2060,3034,2077],"class_list":["post-89570","post","type-post","status-publish","format-standard","has-post-thumbnail","hentry","category-basket","category-basket-hand-volley-sports","category-handi-adapte","category-lyon","tag-basket","tag-handisport-lyonnais","tag-lyon"],"yoast_head":"<!-- This site is optimized with the Yoast SEO plugin v27.2 - https:\/\/yoast.com\/product\/yoast-seo-wordpress\/ -->\n<title>LYON | Basket Fauteuil Handisport Lyonnais s&#039;impose face \u00e0 Strasbourg - News Est Lyonnais<\/title>\n<meta name=\"description\" content=\"LYON | Basket Fauteuil Handisport Lyonnais s&#039;impose face \u00e0 Strasbourg\" \/>\n<meta name=\"robots\" content=\"index, follow, max-snippet:-1, max-image-preview:large, max-video-preview:-1\" \/>\n<link rel=\"canonical\" href=\"https:\/\/newsestlyonnais.fr\/site\/2019\/11\/25\/lyon-basket-fauteuil-handisport-lyonnais-simpose-face-a-strasbourg\/\" \/>\n<meta property=\"og:locale\" content=\"fr_FR\" \/>\n<meta property=\"og:type\" content=\"article\" \/>\n<meta property=\"og:title\" content=\"LYON | Basket Fauteuil Handisport Lyonnais s&#039;impose face \u00e0 Strasbourg - News Est Lyonnais\" \/>\n<meta property=\"og:description\" content=\"LYON | Basket Fauteuil Handisport Lyonnais s&#039;impose face \u00e0 Strasbourg\" \/>\n<meta property=\"og:url\" content=\"https:\/\/newsestlyonnais.fr\/site\/2019\/11\/25\/lyon-basket-fauteuil-handisport-lyonnais-simpose-face-a-strasbourg\/\" \/>\n<meta property=\"og:site_name\" content=\"News Est Lyonnais\" \/>\n<meta property=\"article:author\" content=\"https:\/\/www.facebook.com\/pascal.oberson.1?fref=ts\" \/>\n<meta property=\"article:published_time\" content=\"2019-11-25T19:52:47+00:00\" \/>\n<meta property=\"article:modified_time\" content=\"2020-10-26T10:25:11+00:00\" \/>\n<meta property=\"og:image\" content=\"https:\/\/i0.wp.com\/newsestlyonnais.fr\/site\/wp-content\/uploads\/2019\/11\/NEWSESTLYONNAIS-HANDI-01-.jpg?fit=1200%2C800&ssl=1\" \/>\n\t<meta property=\"og:image:width\" content=\"1200\" \/>\n\t<meta property=\"og:image:height\" content=\"800\" \/>\n\t<meta property=\"og:image:type\" content=\"image\/jpeg\" \/>\n<meta name=\"author\" content=\"R\u00e9dac. NEWS\" \/>\n<meta name=\"twitter:card\" content=\"summary_large_image\" \/>\n<meta name=\"twitter:label1\" content=\"\u00c9crit par\" \/>\n\t<meta name=\"twitter:data1\" content=\"R\u00e9dac. NEWS\" \/>\n\t<meta name=\"twitter:label2\" content=\"Dur\u00e9e de lecture estim\u00e9e\" \/>\n\t<meta name=\"twitter:data2\" content=\"1 minute\" \/>\n<script type=\"application\/ld+json\" class=\"yoast-schema-graph\">{\"@context\":\"https:\/\/schema.org\",\"@graph\":[{\"@type\":\"Article\",\"@id\":\"https:\/\/newsestlyonnais.fr\/site\/2019\/11\/25\/lyon-basket-fauteuil-handisport-lyonnais-simpose-face-a-strasbourg\/#article\",\"isPartOf\":{\"@id\":\"https:\/\/newsestlyonnais.fr\/site\/2019\/11\/25\/lyon-basket-fauteuil-handisport-lyonnais-simpose-face-a-strasbourg\/\"},\"author\":{\"name\":\"R\u00e9dac. NEWS\",\"@id\":\"https:\/\/newsestlyonnais.fr\/site\/#\/schema\/person\/3230d5615f390bb808365d673001e887\"},\"headline\":\"LYON | Basket Fauteuil Handisport Lyonnais s&rsquo;impose face \u00e0 Strasbourg\",\"datePublished\":\"2019-11-25T19:52:47+00:00\",\"dateModified\":\"2020-10-26T10:25:11+00:00\",\"mainEntityOfPage\":{\"@id\":\"https:\/\/newsestlyonnais.fr\/site\/2019\/11\/25\/lyon-basket-fauteuil-handisport-lyonnais-simpose-face-a-strasbourg\/\"},\"wordCount\":130,\"commentCount\":0,\"publisher\":{\"@id\":\"https:\/\/newsestlyonnais.fr\/site\/#organization\"},\"image\":{\"@id\":\"https:\/\/newsestlyonnais.fr\/site\/2019\/11\/25\/lyon-basket-fauteuil-handisport-lyonnais-simpose-face-a-strasbourg\/#primaryimage\"},\"thumbnailUrl\":\"https:\/\/newsestlyonnais.fr\/site\/wp-content\/uploads\/2019\/11\/NEWSESTLYONNAIS-HANDI-01-.jpg\",\"keywords\":[\"BASKET\",\"HANDISPORT LYONNAIS\",\"LYON\"],\"articleSection\":[\"Basket\",\"Basket | Hand | Volley\",\"Handi &amp; adapt\u00e9\",\"Lyon\"],\"inLanguage\":\"fr-FR\",\"potentialAction\":[{\"@type\":\"CommentAction\",\"name\":\"Comment\",\"target\":[\"https:\/\/newsestlyonnais.fr\/site\/2019\/11\/25\/lyon-basket-fauteuil-handisport-lyonnais-simpose-face-a-strasbourg\/#respond\"]}]},{\"@type\":\"WebPage\",\"@id\":\"https:\/\/newsestlyonnais.fr\/site\/2019\/11\/25\/lyon-basket-fauteuil-handisport-lyonnais-simpose-face-a-strasbourg\/\",\"url\":\"https:\/\/newsestlyonnais.fr\/site\/2019\/11\/25\/lyon-basket-fauteuil-handisport-lyonnais-simpose-face-a-strasbourg\/\",\"name\":\"LYON | Basket Fauteuil Handisport Lyonnais s'impose face \u00e0 Strasbourg - News Est Lyonnais\",\"isPartOf\":{\"@id\":\"https:\/\/newsestlyonnais.fr\/site\/#website\"},\"primaryImageOfPage\":{\"@id\":\"https:\/\/newsestlyonnais.fr\/site\/2019\/11\/25\/lyon-basket-fauteuil-handisport-lyonnais-simpose-face-a-strasbourg\/#primaryimage\"},\"image\":{\"@id\":\"https:\/\/newsestlyonnais.fr\/site\/2019\/11\/25\/lyon-basket-fauteuil-handisport-lyonnais-simpose-face-a-strasbourg\/#primaryimage\"},\"thumbnailUrl\":\"https:\/\/newsestlyonnais.fr\/site\/wp-content\/uploads\/2019\/11\/NEWSESTLYONNAIS-HANDI-01-.jpg\",\"datePublished\":\"2019-11-25T19:52:47+00:00\",\"dateModified\":\"2020-10-26T10:25:11+00:00\",\"description\":\"LYON | Basket Fauteuil Handisport Lyonnais s'impose face \u00e0 Strasbourg\",\"breadcrumb\":{\"@id\":\"https:\/\/newsestlyonnais.fr\/site\/2019\/11\/25\/lyon-basket-fauteuil-handisport-lyonnais-simpose-face-a-strasbourg\/#breadcrumb\"},\"inLanguage\":\"fr-FR\",\"potentialAction\":[{\"@type\":\"ReadAction\",\"target\":[\"https:\/\/newsestlyonnais.fr\/site\/2019\/11\/25\/lyon-basket-fauteuil-handisport-lyonnais-simpose-face-a-strasbourg\/\"]}]},{\"@type\":\"ImageObject\",\"inLanguage\":\"fr-FR\",\"@id\":\"https:\/\/newsestlyonnais.fr\/site\/2019\/11\/25\/lyon-basket-fauteuil-handisport-lyonnais-simpose-face-a-strasbourg\/#primaryimage\",\"url\":\"https:\/\/newsestlyonnais.fr\/site\/wp-content\/uploads\/2019\/11\/NEWSESTLYONNAIS-HANDI-01-.jpg\",\"contentUrl\":\"https:\/\/newsestlyonnais.fr\/site\/wp-content\/uploads\/2019\/11\/NEWSESTLYONNAIS-HANDI-01-.jpg\",\"width\":1200,\"height\":800},{\"@type\":\"BreadcrumbList\",\"@id\":\"https:\/\/newsestlyonnais.fr\/site\/2019\/11\/25\/lyon-basket-fauteuil-handisport-lyonnais-simpose-face-a-strasbourg\/#breadcrumb\",\"itemListElement\":[{\"@type\":\"ListItem\",\"position\":1,\"name\":\"Accueil\",\"item\":\"https:\/\/newsestlyonnais.fr\/site\/\"},{\"@type\":\"ListItem\",\"position\":2,\"name\":\"LYON | Basket Fauteuil Handisport Lyonnais s&rsquo;impose face \u00e0 Strasbourg\"}]},{\"@type\":\"WebSite\",\"@id\":\"https:\/\/newsestlyonnais.fr\/site\/#website\",\"url\":\"https:\/\/newsestlyonnais.fr\/site\/\",\"name\":\"News Est Lyonnais\",\"description\":\"L&#039;actualit\u00e9 au plus pr\u00e8s\",\"publisher\":{\"@id\":\"https:\/\/newsestlyonnais.fr\/site\/#organization\"},\"potentialAction\":[{\"@type\":\"SearchAction\",\"target\":{\"@type\":\"EntryPoint\",\"urlTemplate\":\"https:\/\/newsestlyonnais.fr\/site\/?s={search_term_string}\"},\"query-input\":{\"@type\":\"PropertyValueSpecification\",\"valueRequired\":true,\"valueName\":\"search_term_string\"}}],\"inLanguage\":\"fr-FR\"},{\"@type\":\"Organization\",\"@id\":\"https:\/\/newsestlyonnais.fr\/site\/#organization\",\"name\":\"News EST LYONNAIS\",\"url\":\"https:\/\/newsestlyonnais.fr\/site\/\",\"logo\":{\"@type\":\"ImageObject\",\"inLanguage\":\"fr-FR\",\"@id\":\"https:\/\/newsestlyonnais.fr\/site\/#\/schema\/logo\/image\/\",\"url\":\"\",\"contentUrl\":\"\",\"caption\":\"News EST LYONNAIS\"},\"image\":{\"@id\":\"https:\/\/newsestlyonnais.fr\/site\/#\/schema\/logo\/image\/\"}},{\"@type\":\"Person\",\"@id\":\"https:\/\/newsestlyonnais.fr\/site\/#\/schema\/person\/3230d5615f390bb808365d673001e887\",\"name\":\"R\u00e9dac. NEWS\",\"sameAs\":[\"http:\/\/www.newsestlyonnais.fr\",\"https:\/\/www.facebook.com\/pascal.oberson.1?fref=ts\",\"https:\/\/fr.linkedin.com\/in\/pascal-oberson-b17045113\"],\"url\":\"https:\/\/newsestlyonnais.fr\/site\/author\/nel\/\"}]}<\/script>\n<!-- \/ Yoast SEO plugin. -->","yoast_head_json":{"title":"LYON | Basket Fauteuil Handisport Lyonnais s'impose face \u00e0 Strasbourg - News Est Lyonnais","description":"LYON | Basket Fauteuil Handisport Lyonnais s'impose face \u00e0 Strasbourg","robots":{"index":"index","follow":"follow","max-snippet":"max-snippet:-1","max-image-preview":"max-image-preview:large","max-video-preview":"max-video-preview:-1"},"canonical":"https:\/\/newsestlyonnais.fr\/site\/2019\/11\/25\/lyon-basket-fauteuil-handisport-lyonnais-simpose-face-a-strasbourg\/","og_locale":"fr_FR","og_type":"article","og_title":"LYON | Basket Fauteuil Handisport Lyonnais s'impose face \u00e0 Strasbourg - News Est Lyonnais","og_description":"LYON | Basket Fauteuil Handisport Lyonnais s'impose face \u00e0 Strasbourg","og_url":"https:\/\/newsestlyonnais.fr\/site\/2019\/11\/25\/lyon-basket-fauteuil-handisport-lyonnais-simpose-face-a-strasbourg\/","og_site_name":"News Est Lyonnais","article_author":"https:\/\/www.facebook.com\/pascal.oberson.1?fref=ts","article_published_time":"2019-11-25T19:52:47+00:00","article_modified_time":"2020-10-26T10:25:11+00:00","og_image":[{"width":1200,"height":800,"url":"https:\/\/i0.wp.com\/newsestlyonnais.fr\/site\/wp-content\/uploads\/2019\/11\/NEWSESTLYONNAIS-HANDI-01-.jpg?fit=1200%2C800&ssl=1","type":"image\/jpeg"}],"author":"R\u00e9dac. NEWS","twitter_card":"summary_large_image","twitter_misc":{"\u00c9crit par":"R\u00e9dac. NEWS","Dur\u00e9e de lecture estim\u00e9e":"1 minute"},"schema":{"@context":"https:\/\/schema.org","@graph":[{"@type":"Article","@id":"https:\/\/newsestlyonnais.fr\/site\/2019\/11\/25\/lyon-basket-fauteuil-handisport-lyonnais-simpose-face-a-strasbourg\/#article","isPartOf":{"@id":"https:\/\/newsestlyonnais.fr\/site\/2019\/11\/25\/lyon-basket-fauteuil-handisport-lyonnais-simpose-face-a-strasbourg\/"},"author":{"name":"R\u00e9dac. NEWS","@id":"https:\/\/newsestlyonnais.fr\/site\/#\/schema\/person\/3230d5615f390bb808365d673001e887"},"headline":"LYON | Basket Fauteuil Handisport Lyonnais s&rsquo;impose face \u00e0 Strasbourg","datePublished":"2019-11-25T19:52:47+00:00","dateModified":"2020-10-26T10:25:11+00:00","mainEntityOfPage":{"@id":"https:\/\/newsestlyonnais.fr\/site\/2019\/11\/25\/lyon-basket-fauteuil-handisport-lyonnais-simpose-face-a-strasbourg\/"},"wordCount":130,"commentCount":0,"publisher":{"@id":"https:\/\/newsestlyonnais.fr\/site\/#organization"},"image":{"@id":"https:\/\/newsestlyonnais.fr\/site\/2019\/11\/25\/lyon-basket-fauteuil-handisport-lyonnais-simpose-face-a-strasbourg\/#primaryimage"},"thumbnailUrl":"https:\/\/newsestlyonnais.fr\/site\/wp-content\/uploads\/2019\/11\/NEWSESTLYONNAIS-HANDI-01-.jpg","keywords":["BASKET","HANDISPORT LYONNAIS","LYON"],"articleSection":["Basket","Basket | Hand | Volley","Handi &amp; adapt\u00e9","Lyon"],"inLanguage":"fr-FR","potentialAction":[{"@type":"CommentAction","name":"Comment","target":["https:\/\/newsestlyonnais.fr\/site\/2019\/11\/25\/lyon-basket-fauteuil-handisport-lyonnais-simpose-face-a-strasbourg\/#respond"]}]},{"@type":"WebPage","@id":"https:\/\/newsestlyonnais.fr\/site\/2019\/11\/25\/lyon-basket-fauteuil-handisport-lyonnais-simpose-face-a-strasbourg\/","url":"https:\/\/newsestlyonnais.fr\/site\/2019\/11\/25\/lyon-basket-fauteuil-handisport-lyonnais-simpose-face-a-strasbourg\/","name":"LYON | Basket Fauteuil Handisport Lyonnais s'impose face \u00e0 Strasbourg - News Est Lyonnais","isPartOf":{"@id":"https:\/\/newsestlyonnais.fr\/site\/#website"},"primaryImageOfPage":{"@id":"https:\/\/newsestlyonnais.fr\/site\/2019\/11\/25\/lyon-basket-fauteuil-handisport-lyonnais-simpose-face-a-strasbourg\/#primaryimage"},"image":{"@id":"https:\/\/newsestlyonnais.fr\/site\/2019\/11\/25\/lyon-basket-fauteuil-handisport-lyonnais-simpose-face-a-strasbourg\/#primaryimage"},"thumbnailUrl":"https:\/\/newsestlyonnais.fr\/site\/wp-content\/uploads\/2019\/11\/NEWSESTLYONNAIS-HANDI-01-.jpg","datePublished":"2019-11-25T19:52:47+00:00","dateModified":"2020-10-26T10:25:11+00:00","description":"LYON | Basket Fauteuil Handisport Lyonnais s'impose face \u00e0 Strasbourg","breadcrumb":{"@id":"https:\/\/newsestlyonnais.fr\/site\/2019\/11\/25\/lyon-basket-fauteuil-handisport-lyonnais-simpose-face-a-strasbourg\/#breadcrumb"},"inLanguage":"fr-FR","potentialAction":[{"@type":"ReadAction","target":["https:\/\/newsestlyonnais.fr\/site\/2019\/11\/25\/lyon-basket-fauteuil-handisport-lyonnais-simpose-face-a-strasbourg\/"]}]},{"@type":"ImageObject","inLanguage":"fr-FR","@id":"https:\/\/newsestlyonnais.fr\/site\/2019\/11\/25\/lyon-basket-fauteuil-handisport-lyonnais-simpose-face-a-strasbourg\/#primaryimage","url":"https:\/\/newsestlyonnais.fr\/site\/wp-content\/uploads\/2019\/11\/NEWSESTLYONNAIS-HANDI-01-.jpg","contentUrl":"https:\/\/newsestlyonnais.fr\/site\/wp-content\/uploads\/2019\/11\/NEWSESTLYONNAIS-HANDI-01-.jpg","width":1200,"height":800},{"@type":"BreadcrumbList","@id":"https:\/\/newsestlyonnais.fr\/site\/2019\/11\/25\/lyon-basket-fauteuil-handisport-lyonnais-simpose-face-a-strasbourg\/#breadcrumb","itemListElement":[{"@type":"ListItem","position":1,"name":"Accueil","item":"https:\/\/newsestlyonnais.fr\/site\/"},{"@type":"ListItem","position":2,"name":"LYON | Basket Fauteuil Handisport Lyonnais s&rsquo;impose face \u00e0 Strasbourg"}]},{"@type":"WebSite","@id":"https:\/\/newsestlyonnais.fr\/site\/#website","url":"https:\/\/newsestlyonnais.fr\/site\/","name":"News Est Lyonnais","description":"L&#039;actualit\u00e9 au plus pr\u00e8s","publisher":{"@id":"https:\/\/newsestlyonnais.fr\/site\/#organization"},"potentialAction":[{"@type":"SearchAction","target":{"@type":"EntryPoint","urlTemplate":"https:\/\/newsestlyonnais.fr\/site\/?s={search_term_string}"},"query-input":{"@type":"PropertyValueSpecification","valueRequired":true,"valueName":"search_term_string"}}],"inLanguage":"fr-FR"},{"@type":"Organization","@id":"https:\/\/newsestlyonnais.fr\/site\/#organization","name":"News EST LYONNAIS","url":"https:\/\/newsestlyonnais.fr\/site\/","logo":{"@type":"ImageObject","inLanguage":"fr-FR","@id":"https:\/\/newsestlyonnais.fr\/site\/#\/schema\/logo\/image\/","url":"","contentUrl":"","caption":"News EST LYONNAIS"},"image":{"@id":"https:\/\/newsestlyonnais.fr\/site\/#\/schema\/logo\/image\/"}},{"@type":"Person","@id":"https:\/\/newsestlyonnais.fr\/site\/#\/schema\/person\/3230d5615f390bb808365d673001e887","name":"R\u00e9dac. NEWS","sameAs":["http:\/\/www.newsestlyonnais.fr","https:\/\/www.facebook.com\/pascal.oberson.1?fref=ts","https:\/\/fr.linkedin.com\/in\/pascal-oberson-b17045113"],"url":"https:\/\/newsestlyonnais.fr\/site\/author\/nel\/"}]}},"_links":{"self":[{"href":"https:\/\/newsestlyonnais.fr\/site\/wp-json\/wp\/v2\/posts\/89570","targetHints":{"allow":["GET"]}}],"collection":[{"href":"https:\/\/newsestlyonnais.fr\/site\/wp-json\/wp\/v2\/posts"}],"about":[{"href":"https:\/\/newsestlyonnais.fr\/site\/wp-json\/wp\/v2\/types\/post"}],"author":[{"embeddable":true,"href":"https:\/\/newsestlyonnais.fr\/site\/wp-json\/wp\/v2\/users\/4"}],"replies":[{"embeddable":true,"href":"https:\/\/newsestlyonnais.fr\/site\/wp-json\/wp\/v2\/comments?post=89570"}],"version-history":[{"count":0,"href":"https:\/\/newsestlyonnais.fr\/site\/wp-json\/wp\/v2\/posts\/89570\/revisions"}],"wp:featuredmedia":[{"embeddable":true,"href":"https:\/\/newsestlyonnais.fr\/site\/wp-json\/wp\/v2\/media\/89583"}],"wp:attachment":[{"href":"https:\/\/newsestlyonnais.fr\/site\/wp-json\/wp\/v2\/media?parent=89570"}],"wp:term":[{"taxonomy":"category","embeddable":true,"href":"https:\/\/newsestlyonnais.fr\/site\/wp-json\/wp\/v2\/categories?post=89570"},{"taxonomy":"post_tag","embeddable":true,"href":"https:\/\/newsestlyonnais.fr\/site\/wp-json\/wp\/v2\/tags?post=89570"}],"curies":[{"name":"wp","href":"https:\/\/api.w.org\/{rel}","templated":true}]}}