{"id":90404,"date":"2019-12-05T17:24:15","date_gmt":"2019-12-05T16:24:15","guid":{"rendered":"http:\/\/newsestlyonnais.fr\/site\/?p=90404"},"modified":"2021-09-24T18:41:51","modified_gmt":"2021-09-24T17:41:51","slug":"decines-terre-de-running-bilan-de-la-saintelyon-et-prochaines-sorties","status":"publish","type":"post","link":"https:\/\/newsestlyonnais.fr\/site\/2019\/12\/05\/decines-terre-de-running-bilan-de-la-saintelyon-et-prochaines-sorties\/","title":{"rendered":"DECINES | \u00ab Terre de running \u00bb > bilan de la Saint\u00e9lyon et prochaines sorties"},"content":{"rendered":"<p>Le bilan est plut\u00f4t positif pour la dizaine de coureurs \u00a0\u00bb finishers\u00a0\u00bb sur les divers formats de la course. Ceci m\u00eame si le responsable de la boutique, <strong>Thibault Gozzi,<\/strong> a \u00e9t\u00e9 contraint d&rsquo;abandonner au 31\u00b0 kilom\u00e8tre, pour cause de douleurs au genou sur la course phare des 76 kms.<\/p>\n<p>&#8212;&#8212;&#8212;&#8212;&#8212;&#8212;&#8212;&#8212;&#8212;&#8212;&#8212;&#8212;&#8212;&#8212;&#8212;&#8212;&#8212;&#8212;&#8212;&#8212;&#8212;&#8212;&#8212;&#8212;&#8212;&#8212;&#8212;&#8212;&#8212;&#8212;&#8212;&#8212;&#8212;&#8212;&#8212;&#8212;&#8212;&#8212;&#8212;&#8212;&#8212;&#8212;&#8212;&#8212;&#8212;&#8211;<\/p>\n<p><strong><span style=\"text-decoration: underline;\">Pour les membres du team TDR<\/span>:<\/strong><\/p>\n<ul>\n<li>mention particuli\u00e8re pour <strong><span class=\"text\">Teddy Coutant<\/span><\/strong> qui a r\u00e9ussi l&rsquo;exploit de boucler les 152 kms de la <strong>LyonSaint\u00e9lyon en 20 h 15&prime;<\/strong> (aller 9 h 19 &amp; retour 10 h 55) se classant <span class=\"_5yl5\">11\u00b0 sur le parcours aller et 32\u00b0 sur le retour, <\/span>sur 350 partants.<\/li>\n<li><strong>Olivier Alfano<\/strong> a termin\u00e9 37\u00b0 (3\u00b0 V1) sur les 12 kms de la <span class=\"text\"><strong>Saint\u00e9tic<\/strong><\/span> courue en 1 heure 0&prime; 23.<\/li>\n<li><strong><span class=\"text\">en relais en 4<\/span><\/strong> : <span class=\"text\"><strong>Fabien Antolino<\/strong>s a termin\u00e9 3\u00b0 en 5 h 44&prime; &amp; <strong>L\u00e9a Jacquin<\/strong> (\u00e0 droite sur la PHOTO A LA UNE) se classe 18\u00b0 (6\u00b0 \u00e9quipe mixte) en 7 h 06.<br \/>\n<\/span><\/li>\n<\/ul>\n<p>&#8212;&#8212;&#8212;&#8212;&#8212;&#8212;&#8212;&#8212;&#8212;&#8212;&#8212;&#8212;&#8212;&#8212;&#8212;&#8212;&#8212;&#8212;&#8212;&#8212;&#8212;&#8212;&#8212;&#8212;&#8212;&#8212;&#8212;&#8212;&#8212;&#8212;&#8212;&#8212;&#8212;&#8212;&#8212;&#8212;&#8212;&#8212;&#8212;&#8212;&#8212;&#8212;&#8212;&#8212;&#8212;&#8211;<\/p>\n<p><span style=\"text-decoration: underline;\"><strong>Coureurs du mardi soir<\/strong> <\/span>:<\/p>\n<ul>\n<li>sur l<span class=\"text\"><span class=\"text\">a<strong> Saint\u00e9Lyon<\/strong> (76 km), <strong>Yohan Sarafian<\/strong> s&rsquo;est class\u00e9 1.054\u00b0 (557\u00b0 senior), apr\u00e8s avoir couru en 10 h 23 &lsquo; 30.<br \/>\n<\/span><\/span><\/li>\n<li><span class=\"text\">sur la <strong>SaintExpress<\/strong> (44 km) : <strong>Lisa Gaillard<\/strong> se classe 1.255\u00b0 (129\u00b0 senior) en 5 h 57 &amp; <strong>Emine Sahin<\/strong> 1.059\u00b0 (105\u00b0 senior) en 5 h 58.<\/span><\/li>\n<li>sur la<strong> Saint\u00e9Sprint<\/strong> <span class=\"text\"> (23 km) : <strong>Sylvaine Durand<\/strong> est 354\u00b0 (2\u00b0 V2) en 2 h 28, <strong>Joel Cyclope <\/strong>se classe 1049\u00b0 (15 \u00b0 V3) en 2 H 57 &amp; <strong>Wilder Caputo <\/strong>est 44\u00b0 (37\u00b0 senior) en 1 h 53. <\/span><\/li>\n<li>en<strong> relais \u00e0 3<\/strong> : <strong>Sophie Martin<\/strong> : 6\u00b0 (1\u00b0 en mixte) en 6 h 20.<\/li>\n<\/ul>\n<p>&#8212;&#8212;&#8212;&#8212;&#8212;&#8212;&#8212;&#8212;&#8212;&#8212;&#8212;&#8212;&#8212;&#8212;&#8212;&#8212;&#8212;&#8212;&#8212;&#8212;&#8212;&#8212;&#8212;&#8212;&#8212;&#8212;&#8212;&#8212;&#8212;&#8212;&#8212;&#8212;&#8212;&#8212;&#8212;&#8212;&#8212;&#8212;&#8212;&#8212;&#8212;&#8212;&#8212;&#8212;&#8212;&#8211;<\/p>\n<p>D&rsquo;autre part, <strong>le planning des sorties de d\u00e9cembre de la boutique d\u00e9cinoise \u00bb Terre de running \u00bb<\/strong>, partenaire de https:\/\/newsestlyonnais.fr a \u00e9t\u00e9 d\u00e9voil\u00e9 :<\/p>\n<ul>\n<li><strong>Mardi 10 D\u00e9cembre<\/strong> : Echauffement jusqu\u2019\u00e0 Chassieu. Acc\u00e9l\u00e9ration en C\u00f4te progressive ! 2 petites, 2 moyennes &amp; 3 grandes. Retour magasin allure soutenue.<\/li>\n<li><strong>Mardi 17 D\u00e9cembre<\/strong> : Repas No\u00ebl au magasin au TED Genas.<\/li>\n<li><strong>Mardis 24 &amp; 31 D\u00e9cembre<\/strong> : Pas de sorties running mais r\u00e9veillons !<\/li>\n<\/ul>\n<p>&#8212;&#8212;&#8212;&#8212;&#8212;&#8212;&#8212;&#8212;&#8212;&#8212;&#8212;&#8212;&#8212;&#8212;&#8212;&#8212;&#8212;&#8212;&#8212;&#8212;&#8212;&#8212;&#8212;&#8212;&#8212;&#8212;&#8212;&#8212;&#8212;&#8212;&#8212;&#8212;&#8212;&#8212;&#8212;&#8212;&#8212;&#8212;&#8212;&#8212;&#8212;&#8212;&#8212;&#8212;&#8212;&#8211;<\/p>\n<p><span style=\"background-color: #000000; color: #ffffff;\"><strong>Terre de Running D\u00e9cines : 3 rue de la Fraternit\u00e9. T\u00e9l: 04.78.89.95.54<\/strong><\/span><\/p>\n<ul>\n<li><strong>Plus d\u2019infos sur : <span style=\"color: #0000ff;\"><a style=\"color: #0000ff;\" href=\"https:\/\/www.terrederunning.com\" target=\"_blank\" rel=\"noreferrer noopener\">https:\/\/www.terrederunning.com<\/a><\/span>\u00a0<\/strong><\/li>\n<\/ul>\n<p>&#8212;&#8212;&#8212;&#8212;&#8212;&#8212;&#8212;&#8212;&#8212;&#8212;&#8212;&#8212;&#8212;&#8212;&#8212;&#8212;&#8212;&#8212;&#8212;&#8212;&#8212;&#8212;&#8212;&#8212;&#8212;&#8212;&#8212;&#8212;&#8212;&#8212;&#8212;&#8212;&#8212;&#8212;&#8212;&#8212;&#8212;&#8212;&#8212;&#8212;&#8212;&#8212;&#8212;&#8212;&#8212;&#8211;<\/p>\n<p><span style=\"text-decoration: underline;\"><strong>PHOTO A LA UNE<\/strong><\/span> : une \u00e9quipe en relais \u00e0 4 : Emilien Musel, Gr\u00e9goire Planel, Sol\u00e8ne Flurian &amp; <b>L\u00e9a Jacquin (team TDR).<\/b><\/p>\n<p>&nbsp;<\/p>\n","protected":false},"excerpt":{"rendered":"<p>Avec des membres du team TDR et coureurs du mardi soir, la boutique d\u00e9cinoise \u00e9tait bien pr\u00e9sente \u00e0 la Saint\u00e9lyon.<\/p>\n","protected":false},"author":4,"featured_media":90407,"comment_status":"open","ping_status":"open","sticky":false,"template":"","format":"standard","meta":{"footnotes":""},"categories":[2970,2968,21,1625,3250],"tags":[2116,2076,2200],"class_list":["post-90404","post","type-post","status-publish","format-standard","has-post-thumbnail","hentry","category-artisans-commerces-economie","category-athle-course-pied-marche","category-decines-charpieu","category-lyon","category-recits-de-course-portraits-interviews","tag-decines","tag-saintelyon","tag-terre-de-running"],"yoast_head":"<!-- This site is optimized with the Yoast SEO plugin v27.2 - https:\/\/yoast.com\/product\/yoast-seo-wordpress\/ -->\n<title>DECINES | \u00ab Terre de running \u00bb &gt; bilan de la Saint\u00e9lyon et prochaines sorties - News Est Lyonnais<\/title>\n<meta name=\"description\" content=\"DECINES | \u00ab Terre de running \u00bb : bilan de la Saint\u00e9lyon et prochaines sorties\" \/>\n<meta name=\"robots\" content=\"index, follow, max-snippet:-1, max-image-preview:large, max-video-preview:-1\" \/>\n<link rel=\"canonical\" href=\"https:\/\/newsestlyonnais.fr\/site\/2019\/12\/05\/decines-terre-de-running-bilan-de-la-saintelyon-et-prochaines-sorties\/\" \/>\n<meta property=\"og:locale\" content=\"fr_FR\" \/>\n<meta property=\"og:type\" content=\"article\" \/>\n<meta property=\"og:title\" content=\"DECINES | \u00ab Terre de running \u00bb &gt; bilan de la Saint\u00e9lyon et prochaines sorties - News Est Lyonnais\" \/>\n<meta property=\"og:description\" content=\"DECINES | \u00ab Terre de running \u00bb : bilan de la Saint\u00e9lyon et prochaines sorties\" \/>\n<meta property=\"og:url\" content=\"https:\/\/newsestlyonnais.fr\/site\/2019\/12\/05\/decines-terre-de-running-bilan-de-la-saintelyon-et-prochaines-sorties\/\" \/>\n<meta property=\"og:site_name\" content=\"News Est Lyonnais\" \/>\n<meta property=\"article:author\" content=\"https:\/\/www.facebook.com\/pascal.oberson.1?fref=ts\" \/>\n<meta property=\"article:published_time\" content=\"2019-12-05T16:24:15+00:00\" \/>\n<meta property=\"article:modified_time\" content=\"2021-09-24T17:41:51+00:00\" \/>\n<meta property=\"og:image\" content=\"https:\/\/i1.wp.com\/newsestlyonnais.fr\/site\/wp-content\/uploads\/2019\/12\/NEWSESTLYONNAIS-SAINTELYON-TDR.jpg?fit=1200%2C800&ssl=1\" \/>\n\t<meta property=\"og:image:width\" content=\"1200\" \/>\n\t<meta property=\"og:image:height\" content=\"800\" \/>\n\t<meta property=\"og:image:type\" content=\"image\/jpeg\" \/>\n<meta name=\"author\" content=\"R\u00e9dac. NEWS\" \/>\n<meta name=\"twitter:card\" content=\"summary_large_image\" \/>\n<meta name=\"twitter:label1\" content=\"\u00c9crit par\" \/>\n\t<meta name=\"twitter:data1\" content=\"R\u00e9dac. NEWS\" \/>\n\t<meta name=\"twitter:label2\" content=\"Dur\u00e9e de lecture estim\u00e9e\" \/>\n\t<meta name=\"twitter:data2\" content=\"2 minutes\" \/>\n<script type=\"application\/ld+json\" class=\"yoast-schema-graph\">{\"@context\":\"https:\/\/schema.org\",\"@graph\":[{\"@type\":\"Article\",\"@id\":\"https:\/\/newsestlyonnais.fr\/site\/2019\/12\/05\/decines-terre-de-running-bilan-de-la-saintelyon-et-prochaines-sorties\/#article\",\"isPartOf\":{\"@id\":\"https:\/\/newsestlyonnais.fr\/site\/2019\/12\/05\/decines-terre-de-running-bilan-de-la-saintelyon-et-prochaines-sorties\/\"},\"author\":{\"name\":\"R\u00e9dac. NEWS\",\"@id\":\"https:\/\/newsestlyonnais.fr\/site\/#\/schema\/person\/3230d5615f390bb808365d673001e887\"},\"headline\":\"DECINES | \u00ab Terre de running \u00bb > bilan de la Saint\u00e9lyon et prochaines sorties\",\"datePublished\":\"2019-12-05T16:24:15+00:00\",\"dateModified\":\"2021-09-24T17:41:51+00:00\",\"mainEntityOfPage\":{\"@id\":\"https:\/\/newsestlyonnais.fr\/site\/2019\/12\/05\/decines-terre-de-running-bilan-de-la-saintelyon-et-prochaines-sorties\/\"},\"wordCount\":337,\"commentCount\":0,\"publisher\":{\"@id\":\"https:\/\/newsestlyonnais.fr\/site\/#organization\"},\"image\":{\"@id\":\"https:\/\/newsestlyonnais.fr\/site\/2019\/12\/05\/decines-terre-de-running-bilan-de-la-saintelyon-et-prochaines-sorties\/#primaryimage\"},\"thumbnailUrl\":\"https:\/\/newsestlyonnais.fr\/site\/wp-content\/uploads\/2019\/12\/NEWSESTLYONNAIS-SAINTELYON-TDR.jpg\",\"keywords\":[\"DECINES\",\"SAINTELYON\",\"TERRE DE RUNNING\"],\"articleSection\":[\"Artisans | Commerces\",\"Athl\u00e9 | Course pied | Marche\",\"D\u00e9cines-Charpieu\",\"Lyon\",\"R\u00e9cits de course \/ Portraits \/ Interviews\"],\"inLanguage\":\"fr-FR\",\"potentialAction\":[{\"@type\":\"CommentAction\",\"name\":\"Comment\",\"target\":[\"https:\/\/newsestlyonnais.fr\/site\/2019\/12\/05\/decines-terre-de-running-bilan-de-la-saintelyon-et-prochaines-sorties\/#respond\"]}]},{\"@type\":\"WebPage\",\"@id\":\"https:\/\/newsestlyonnais.fr\/site\/2019\/12\/05\/decines-terre-de-running-bilan-de-la-saintelyon-et-prochaines-sorties\/\",\"url\":\"https:\/\/newsestlyonnais.fr\/site\/2019\/12\/05\/decines-terre-de-running-bilan-de-la-saintelyon-et-prochaines-sorties\/\",\"name\":\"DECINES | \u00ab Terre de running \u00bb > bilan de la Saint\u00e9lyon et prochaines sorties - News Est Lyonnais\",\"isPartOf\":{\"@id\":\"https:\/\/newsestlyonnais.fr\/site\/#website\"},\"primaryImageOfPage\":{\"@id\":\"https:\/\/newsestlyonnais.fr\/site\/2019\/12\/05\/decines-terre-de-running-bilan-de-la-saintelyon-et-prochaines-sorties\/#primaryimage\"},\"image\":{\"@id\":\"https:\/\/newsestlyonnais.fr\/site\/2019\/12\/05\/decines-terre-de-running-bilan-de-la-saintelyon-et-prochaines-sorties\/#primaryimage\"},\"thumbnailUrl\":\"https:\/\/newsestlyonnais.fr\/site\/wp-content\/uploads\/2019\/12\/NEWSESTLYONNAIS-SAINTELYON-TDR.jpg\",\"datePublished\":\"2019-12-05T16:24:15+00:00\",\"dateModified\":\"2021-09-24T17:41:51+00:00\",\"description\":\"DECINES | \u00ab Terre de running \u00bb : bilan de la Saint\u00e9lyon et prochaines sorties\",\"breadcrumb\":{\"@id\":\"https:\/\/newsestlyonnais.fr\/site\/2019\/12\/05\/decines-terre-de-running-bilan-de-la-saintelyon-et-prochaines-sorties\/#breadcrumb\"},\"inLanguage\":\"fr-FR\",\"potentialAction\":[{\"@type\":\"ReadAction\",\"target\":[\"https:\/\/newsestlyonnais.fr\/site\/2019\/12\/05\/decines-terre-de-running-bilan-de-la-saintelyon-et-prochaines-sorties\/\"]}]},{\"@type\":\"ImageObject\",\"inLanguage\":\"fr-FR\",\"@id\":\"https:\/\/newsestlyonnais.fr\/site\/2019\/12\/05\/decines-terre-de-running-bilan-de-la-saintelyon-et-prochaines-sorties\/#primaryimage\",\"url\":\"https:\/\/newsestlyonnais.fr\/site\/wp-content\/uploads\/2019\/12\/NEWSESTLYONNAIS-SAINTELYON-TDR.jpg\",\"contentUrl\":\"https:\/\/newsestlyonnais.fr\/site\/wp-content\/uploads\/2019\/12\/NEWSESTLYONNAIS-SAINTELYON-TDR.jpg\",\"width\":1200,\"height\":800},{\"@type\":\"BreadcrumbList\",\"@id\":\"https:\/\/newsestlyonnais.fr\/site\/2019\/12\/05\/decines-terre-de-running-bilan-de-la-saintelyon-et-prochaines-sorties\/#breadcrumb\",\"itemListElement\":[{\"@type\":\"ListItem\",\"position\":1,\"name\":\"Accueil\",\"item\":\"https:\/\/newsestlyonnais.fr\/site\/\"},{\"@type\":\"ListItem\",\"position\":2,\"name\":\"DECINES | \u00ab Terre de running \u00bb > bilan de la Saint\u00e9lyon et prochaines sorties\"}]},{\"@type\":\"WebSite\",\"@id\":\"https:\/\/newsestlyonnais.fr\/site\/#website\",\"url\":\"https:\/\/newsestlyonnais.fr\/site\/\",\"name\":\"News Est Lyonnais\",\"description\":\"L&#039;actualit\u00e9 au plus pr\u00e8s\",\"publisher\":{\"@id\":\"https:\/\/newsestlyonnais.fr\/site\/#organization\"},\"potentialAction\":[{\"@type\":\"SearchAction\",\"target\":{\"@type\":\"EntryPoint\",\"urlTemplate\":\"https:\/\/newsestlyonnais.fr\/site\/?s={search_term_string}\"},\"query-input\":{\"@type\":\"PropertyValueSpecification\",\"valueRequired\":true,\"valueName\":\"search_term_string\"}}],\"inLanguage\":\"fr-FR\"},{\"@type\":\"Organization\",\"@id\":\"https:\/\/newsestlyonnais.fr\/site\/#organization\",\"name\":\"News EST LYONNAIS\",\"url\":\"https:\/\/newsestlyonnais.fr\/site\/\",\"logo\":{\"@type\":\"ImageObject\",\"inLanguage\":\"fr-FR\",\"@id\":\"https:\/\/newsestlyonnais.fr\/site\/#\/schema\/logo\/image\/\",\"url\":\"\",\"contentUrl\":\"\",\"caption\":\"News EST LYONNAIS\"},\"image\":{\"@id\":\"https:\/\/newsestlyonnais.fr\/site\/#\/schema\/logo\/image\/\"}},{\"@type\":\"Person\",\"@id\":\"https:\/\/newsestlyonnais.fr\/site\/#\/schema\/person\/3230d5615f390bb808365d673001e887\",\"name\":\"R\u00e9dac. NEWS\",\"sameAs\":[\"http:\/\/www.newsestlyonnais.fr\",\"https:\/\/www.facebook.com\/pascal.oberson.1?fref=ts\",\"https:\/\/fr.linkedin.com\/in\/pascal-oberson-b17045113\"],\"url\":\"https:\/\/newsestlyonnais.fr\/site\/author\/nel\/\"}]}<\/script>\n<!-- \/ Yoast SEO plugin. -->","yoast_head_json":{"title":"DECINES | \u00ab Terre de running \u00bb > bilan de la Saint\u00e9lyon et prochaines sorties - News Est Lyonnais","description":"DECINES | \u00ab Terre de running \u00bb : bilan de la Saint\u00e9lyon et prochaines sorties","robots":{"index":"index","follow":"follow","max-snippet":"max-snippet:-1","max-image-preview":"max-image-preview:large","max-video-preview":"max-video-preview:-1"},"canonical":"https:\/\/newsestlyonnais.fr\/site\/2019\/12\/05\/decines-terre-de-running-bilan-de-la-saintelyon-et-prochaines-sorties\/","og_locale":"fr_FR","og_type":"article","og_title":"DECINES | \u00ab Terre de running \u00bb > bilan de la Saint\u00e9lyon et prochaines sorties - News Est Lyonnais","og_description":"DECINES | \u00ab Terre de running \u00bb : bilan de la Saint\u00e9lyon et prochaines sorties","og_url":"https:\/\/newsestlyonnais.fr\/site\/2019\/12\/05\/decines-terre-de-running-bilan-de-la-saintelyon-et-prochaines-sorties\/","og_site_name":"News Est Lyonnais","article_author":"https:\/\/www.facebook.com\/pascal.oberson.1?fref=ts","article_published_time":"2019-12-05T16:24:15+00:00","article_modified_time":"2021-09-24T17:41:51+00:00","og_image":[{"width":1200,"height":800,"url":"https:\/\/i1.wp.com\/newsestlyonnais.fr\/site\/wp-content\/uploads\/2019\/12\/NEWSESTLYONNAIS-SAINTELYON-TDR.jpg?fit=1200%2C800&ssl=1","type":"image\/jpeg"}],"author":"R\u00e9dac. NEWS","twitter_card":"summary_large_image","twitter_misc":{"\u00c9crit par":"R\u00e9dac. NEWS","Dur\u00e9e de lecture estim\u00e9e":"2 minutes"},"schema":{"@context":"https:\/\/schema.org","@graph":[{"@type":"Article","@id":"https:\/\/newsestlyonnais.fr\/site\/2019\/12\/05\/decines-terre-de-running-bilan-de-la-saintelyon-et-prochaines-sorties\/#article","isPartOf":{"@id":"https:\/\/newsestlyonnais.fr\/site\/2019\/12\/05\/decines-terre-de-running-bilan-de-la-saintelyon-et-prochaines-sorties\/"},"author":{"name":"R\u00e9dac. NEWS","@id":"https:\/\/newsestlyonnais.fr\/site\/#\/schema\/person\/3230d5615f390bb808365d673001e887"},"headline":"DECINES | \u00ab Terre de running \u00bb > bilan de la Saint\u00e9lyon et prochaines sorties","datePublished":"2019-12-05T16:24:15+00:00","dateModified":"2021-09-24T17:41:51+00:00","mainEntityOfPage":{"@id":"https:\/\/newsestlyonnais.fr\/site\/2019\/12\/05\/decines-terre-de-running-bilan-de-la-saintelyon-et-prochaines-sorties\/"},"wordCount":337,"commentCount":0,"publisher":{"@id":"https:\/\/newsestlyonnais.fr\/site\/#organization"},"image":{"@id":"https:\/\/newsestlyonnais.fr\/site\/2019\/12\/05\/decines-terre-de-running-bilan-de-la-saintelyon-et-prochaines-sorties\/#primaryimage"},"thumbnailUrl":"https:\/\/newsestlyonnais.fr\/site\/wp-content\/uploads\/2019\/12\/NEWSESTLYONNAIS-SAINTELYON-TDR.jpg","keywords":["DECINES","SAINTELYON","TERRE DE RUNNING"],"articleSection":["Artisans | Commerces","Athl\u00e9 | Course pied | Marche","D\u00e9cines-Charpieu","Lyon","R\u00e9cits de course \/ Portraits \/ Interviews"],"inLanguage":"fr-FR","potentialAction":[{"@type":"CommentAction","name":"Comment","target":["https:\/\/newsestlyonnais.fr\/site\/2019\/12\/05\/decines-terre-de-running-bilan-de-la-saintelyon-et-prochaines-sorties\/#respond"]}]},{"@type":"WebPage","@id":"https:\/\/newsestlyonnais.fr\/site\/2019\/12\/05\/decines-terre-de-running-bilan-de-la-saintelyon-et-prochaines-sorties\/","url":"https:\/\/newsestlyonnais.fr\/site\/2019\/12\/05\/decines-terre-de-running-bilan-de-la-saintelyon-et-prochaines-sorties\/","name":"DECINES | \u00ab Terre de running \u00bb > bilan de la Saint\u00e9lyon et prochaines sorties - News Est Lyonnais","isPartOf":{"@id":"https:\/\/newsestlyonnais.fr\/site\/#website"},"primaryImageOfPage":{"@id":"https:\/\/newsestlyonnais.fr\/site\/2019\/12\/05\/decines-terre-de-running-bilan-de-la-saintelyon-et-prochaines-sorties\/#primaryimage"},"image":{"@id":"https:\/\/newsestlyonnais.fr\/site\/2019\/12\/05\/decines-terre-de-running-bilan-de-la-saintelyon-et-prochaines-sorties\/#primaryimage"},"thumbnailUrl":"https:\/\/newsestlyonnais.fr\/site\/wp-content\/uploads\/2019\/12\/NEWSESTLYONNAIS-SAINTELYON-TDR.jpg","datePublished":"2019-12-05T16:24:15+00:00","dateModified":"2021-09-24T17:41:51+00:00","description":"DECINES | \u00ab Terre de running \u00bb : bilan de la Saint\u00e9lyon et prochaines sorties","breadcrumb":{"@id":"https:\/\/newsestlyonnais.fr\/site\/2019\/12\/05\/decines-terre-de-running-bilan-de-la-saintelyon-et-prochaines-sorties\/#breadcrumb"},"inLanguage":"fr-FR","potentialAction":[{"@type":"ReadAction","target":["https:\/\/newsestlyonnais.fr\/site\/2019\/12\/05\/decines-terre-de-running-bilan-de-la-saintelyon-et-prochaines-sorties\/"]}]},{"@type":"ImageObject","inLanguage":"fr-FR","@id":"https:\/\/newsestlyonnais.fr\/site\/2019\/12\/05\/decines-terre-de-running-bilan-de-la-saintelyon-et-prochaines-sorties\/#primaryimage","url":"https:\/\/newsestlyonnais.fr\/site\/wp-content\/uploads\/2019\/12\/NEWSESTLYONNAIS-SAINTELYON-TDR.jpg","contentUrl":"https:\/\/newsestlyonnais.fr\/site\/wp-content\/uploads\/2019\/12\/NEWSESTLYONNAIS-SAINTELYON-TDR.jpg","width":1200,"height":800},{"@type":"BreadcrumbList","@id":"https:\/\/newsestlyonnais.fr\/site\/2019\/12\/05\/decines-terre-de-running-bilan-de-la-saintelyon-et-prochaines-sorties\/#breadcrumb","itemListElement":[{"@type":"ListItem","position":1,"name":"Accueil","item":"https:\/\/newsestlyonnais.fr\/site\/"},{"@type":"ListItem","position":2,"name":"DECINES | \u00ab Terre de running \u00bb > bilan de la Saint\u00e9lyon et prochaines sorties"}]},{"@type":"WebSite","@id":"https:\/\/newsestlyonnais.fr\/site\/#website","url":"https:\/\/newsestlyonnais.fr\/site\/","name":"News Est Lyonnais","description":"L&#039;actualit\u00e9 au plus pr\u00e8s","publisher":{"@id":"https:\/\/newsestlyonnais.fr\/site\/#organization"},"potentialAction":[{"@type":"SearchAction","target":{"@type":"EntryPoint","urlTemplate":"https:\/\/newsestlyonnais.fr\/site\/?s={search_term_string}"},"query-input":{"@type":"PropertyValueSpecification","valueRequired":true,"valueName":"search_term_string"}}],"inLanguage":"fr-FR"},{"@type":"Organization","@id":"https:\/\/newsestlyonnais.fr\/site\/#organization","name":"News EST LYONNAIS","url":"https:\/\/newsestlyonnais.fr\/site\/","logo":{"@type":"ImageObject","inLanguage":"fr-FR","@id":"https:\/\/newsestlyonnais.fr\/site\/#\/schema\/logo\/image\/","url":"","contentUrl":"","caption":"News EST LYONNAIS"},"image":{"@id":"https:\/\/newsestlyonnais.fr\/site\/#\/schema\/logo\/image\/"}},{"@type":"Person","@id":"https:\/\/newsestlyonnais.fr\/site\/#\/schema\/person\/3230d5615f390bb808365d673001e887","name":"R\u00e9dac. NEWS","sameAs":["http:\/\/www.newsestlyonnais.fr","https:\/\/www.facebook.com\/pascal.oberson.1?fref=ts","https:\/\/fr.linkedin.com\/in\/pascal-oberson-b17045113"],"url":"https:\/\/newsestlyonnais.fr\/site\/author\/nel\/"}]}},"_links":{"self":[{"href":"https:\/\/newsestlyonnais.fr\/site\/wp-json\/wp\/v2\/posts\/90404","targetHints":{"allow":["GET"]}}],"collection":[{"href":"https:\/\/newsestlyonnais.fr\/site\/wp-json\/wp\/v2\/posts"}],"about":[{"href":"https:\/\/newsestlyonnais.fr\/site\/wp-json\/wp\/v2\/types\/post"}],"author":[{"embeddable":true,"href":"https:\/\/newsestlyonnais.fr\/site\/wp-json\/wp\/v2\/users\/4"}],"replies":[{"embeddable":true,"href":"https:\/\/newsestlyonnais.fr\/site\/wp-json\/wp\/v2\/comments?post=90404"}],"version-history":[{"count":0,"href":"https:\/\/newsestlyonnais.fr\/site\/wp-json\/wp\/v2\/posts\/90404\/revisions"}],"wp:featuredmedia":[{"embeddable":true,"href":"https:\/\/newsestlyonnais.fr\/site\/wp-json\/wp\/v2\/media\/90407"}],"wp:attachment":[{"href":"https:\/\/newsestlyonnais.fr\/site\/wp-json\/wp\/v2\/media?parent=90404"}],"wp:term":[{"taxonomy":"category","embeddable":true,"href":"https:\/\/newsestlyonnais.fr\/site\/wp-json\/wp\/v2\/categories?post=90404"},{"taxonomy":"post_tag","embeddable":true,"href":"https:\/\/newsestlyonnais.fr\/site\/wp-json\/wp\/v2\/tags?post=90404"}],"curies":[{"name":"wp","href":"https:\/\/api.w.org\/{rel}","templated":true}]}}