{"id":90486,"date":"2019-12-07T09:01:05","date_gmt":"2019-12-07T08:01:05","guid":{"rendered":"http:\/\/newsestlyonnais.fr\/site\/?p=90486"},"modified":"2023-05-31T15:05:39","modified_gmt":"2023-05-31T14:05:39","slug":"villeurbanne-les-lauriers-du-sport-decernes","status":"publish","type":"post","link":"https:\/\/newsestlyonnais.fr\/site\/2019\/12\/07\/villeurbanne-les-lauriers-du-sport-decernes\/","title":{"rendered":"VILLEURBANNE | Les Lauriers du sport ont \u00e9t\u00e9 d\u00e9cern\u00e9s"},"content":{"rendered":"<p>Une traditionnelle soir\u00e9e de remise de r\u00e9compenses qui avait pour cadre, et ce pour la 3\u00b0 ann\u00e9e, l&rsquo;Astroballe. L&rsquo;Office du Sport Villeurbanne (O.S.V.) organisateur de l&rsquo;\u00e9v\u00e9nement avait convi\u00e9 sportives, sportifs et dirigeants d&rsquo;\u00a0 associations locales en vue de les honorer pour leur belle <strong>saison 2018\/2019<\/strong>.<\/p>\n<p>Parmi les 2 cat\u00e9gories propos\u00e9es Engagement et Performance, ont \u00e9t\u00e9 d\u00e9sign\u00e9s les Lauriers 2019 \u00e9lus suite au double vote :<\/p>\n<ul>\n<li>du grand public avec <strong>+ de 6.000 clics comptabilis\u00e9s du 19 novembre au 4 d\u00e9cembre<\/strong> !<\/li>\n<li>du jury* de 11 membres pr\u00e9sents lors de la soir\u00e9e.<\/li>\n<\/ul>\n<p><span style=\"text-decoration: underline; font-size: 14pt; background-color: #000000; color: #ffcc00;\"><em><strong>Les LAURIERS 2019<\/strong><\/em><\/span><\/p>\n<p class=\"elementor-image-box-title\"><span style=\"background-color: #000000; color: #ffffff;\"><span style=\"text-decoration: underline;\">Cat\u00e9gories ENGAGEMENT<\/span> :<\/span><\/p>\n<ul>\n<li><strong><span style=\"text-decoration: underline;\">COACH<\/span> : Romain Pascale <\/strong>(Gym, Jeune France Villeurbanne) Juge National F. F. Gym &amp; Entra\u00eeneur de gym. <span style=\"text-decoration: underline;\">Autres Nomin\u00e9s<\/span> : Marylin Arabolaza (Natation, ASLGC), Mathilde Ballereau (Athl\u00e9tisme, ASVEL Athl\u00e9tisme) &amp; Marion Grevet (Badminton, BCVil).<\/li>\n<\/ul>\n<section class=\"elementor-element elementor-element-b917976 elementor-section-boxed elementor-section-height-default elementor-section-height-default elementor-section elementor-top-section\" data-id=\"b917976\">\n<div class=\"elementor-container elementor-column-gap-default\">\n<div class=\"elementor-row\">\n<div class=\"elementor-element elementor-element-c86b58c elementor-column elementor-col-100 elementor-top-column\" data-id=\"c86b58c\">\n<div class=\"elementor-column-wrap elementor-element-populated\">\n<div class=\"elementor-widget-wrap\">\n<div class=\"elementor-element elementor-element-ee7ff93 elementor-widget elementor-widget-text-editor\" data-id=\"ee7ff93\">\n<div class=\"elementor-widget-container\">\n<div class=\"elementor-text-editor elementor-clearfix\">\n<ul>\n<li><span style=\"text-decoration: underline;\"><strong>CLUB<\/strong><\/span> : <strong>Judo Club Lyon Villeurbanne<\/strong>. <span style=\"text-decoration: underline;\">Autres Nomin\u00e9s<\/span> : Badminton Club Villeurbanne, Villeurbanne GRS &amp; Villeurbanne Natation.<\/li>\n<\/ul>\n<\/div>\n<\/div>\n<\/div>\n<\/div>\n<\/div>\n<p><span style=\"background-color: #000000; color: #ffffff;\"><span style=\"text-decoration: underline;\">Cat\u00e9gories PERFORMANCE<\/span> :<\/span><\/p>\n<ul>\n<li><span style=\"text-decoration: underline;\"><strong>SPORTIF DE \u2013 18 ANS<\/strong><\/span> : <strong> Basile Basset<\/strong> (Course d&rsquo;orientation ASUL Sport Nature). <span style=\"text-decoration: underline;\">Autres Nomin\u00e9s<\/span> : Thibault Cuminal (Tir \u00e0 Arc, Compagnie H\u00e9racl\u00e8s), Melvyn Desire (Judo, Judo Club Est Lyonnais) &amp; Elyas Hadj-Arab (Sambo, Sambo Villeurbanne).<\/li>\n<li><span style=\"text-decoration: underline;\"><strong>SPORTIVE DE \u2013 18 ANS<\/strong><\/span> : <strong>Emilie Brochet<\/strong> (Natation, Villeurbanne Natation). <span style=\"text-decoration: underline;\">Autres Nomin\u00e9es<\/span> : Melisande Bertrand (Athl\u00e9tisme, ASVEL Athlt\u00e9tisme), Laurette Boudet (Judo, Judo Club Est Lyonnais) &amp; Laura Mestre (Sambo, Sambo Villeurbanne).<\/li>\n<li><span style=\"text-decoration: underline;\"><strong>\u00c9QUIPE<\/strong> <\/span>: <strong><span class=\"st\">Club Villeurbannais de Danse Sportive <\/span><\/strong>(Laura &amp; Corentin \/ CVDS). <span style=\"text-decoration: underline;\">Autres Nomin\u00e9<\/span>s : ASVEL Hockey, Rh\u00f4ne Sportif (Foot de table) &amp; Villeurbanne Twirling.<\/li>\n<li><span style=\"text-decoration: underline;\"><strong>SPORTIF 18 ANS<\/strong> <\/span><strong><span style=\"text-decoration: underline;\">&amp; +<\/span> : Dieudonn\u00e9 Nsengiyumba <\/strong>(ASVEL Athl\u00e9tisme). <span style=\"text-decoration: underline;\">Autres Nomin\u00e9s<\/span> : Hugo Bras (Natation, Villeurbanne Natation), Valentin Jourdan (Sambo, Sambo Villeurbanne) &amp; Joffrey Lepley (Gym, Jeune France Villeurbanne).<\/li>\n<li><span style=\"text-decoration: underline;\"><strong>SPORTIVE <\/strong><strong>18 ANS<\/strong> <\/span><strong><span style=\"text-decoration: underline;\">&amp; +<\/span> : Lolita Del Favero <\/strong>(Natation, ASLGC). <span style=\"text-decoration: underline;\">Autres Nomin\u00e9es<\/span> : Mathilda Grange (Karat\u00e9, JCLV), Camille Larose (Sambo, Sambo Villeurbanne) &amp; Mich\u00e8le Schneider (Natation, Villeurbanne Natation).<\/li>\n<\/ul>\n<\/div>\n<\/div>\n<\/div>\n<\/section>\n<p><span style=\"background-color: #000000; color: #ffffff;\"><span style=\"text-decoration: underline;\"><strong>A noter<\/strong><\/span> :<\/span><\/p>\n<ul>\n<li>que le <strong>coup de coeur<\/strong> de la soir\u00e9e a \u00e9t\u00e9 remis \u00e0 <strong>Raymonde Arbre<\/strong> (74 ans, Villeurbanne Natation).<\/li>\n<li>que l&rsquo;<strong>athl\u00e8te handisport<\/strong> de l&rsquo;ann\u00e9e est la nageuse Elisa Martin-Bori (Handisport Lyonnais).<\/li>\n<li>que 2 salari\u00e9s de l&rsquo;OSV en instance de d\u00e9part (<strong>Marc Durieux &amp; Anthony Valet<\/strong>) ont re\u00e7u un hommage et une r\u00e9compense surprise.<\/li>\n<li>que les superbes <strong>troph\u00e9es<\/strong> remis aux r\u00e9compens\u00e9s ont \u00e9t\u00e9 r\u00e9alis\u00e9s par les menuisiers de la ville.<\/li>\n<li>* que le<strong> jury<\/strong> \u00e9tait compos\u00e9 de Baptiste Couilloud (LOU Rugby), Isia Basset, Christine Bragard, Chiheb Belgasmi, Marc Durieux, Alain Garcia, Charles Gueye, Maylis Guttierez, C\u00e9line Morel, Jean-Louis Rollin &amp; Abdellah Settar.<\/li>\n<\/ul>\n<h2><em><strong>+ 22 PHOTOS de la soir\u00e9e dans le diaporama<\/strong><\/em> :<\/h2>\n<div id='gallery-1' class='gallery galleryid-90486 gallery-columns-3 gallery-size-thumbnail'><figure class='gallery-item'>\n\t\t\t<div class='gallery-icon landscape'>\n\t\t\t\t<a href='https:\/\/newsestlyonnais.fr\/site\/2019\/12\/07\/villeurbanne-les-lauriers-du-sport-decernes\/newsestlyonnais-lauriers-2019-03\/'><img loading=\"lazy\" decoding=\"async\" width=\"150\" height=\"100\" src=\"https:\/\/newsestlyonnais.fr\/site\/wp-content\/uploads\/2019\/12\/NEWSESTLYONNAIS-LAURIERS-2019-03-250x167.jpg\" class=\"attachment-thumbnail size-thumbnail\" alt=\"\" aria-describedby=\"gallery-1-90536\" srcset=\"https:\/\/newsestlyonnais.fr\/site\/wp-content\/uploads\/2019\/12\/NEWSESTLYONNAIS-LAURIERS-2019-03-250x167.jpg 250w, https:\/\/newsestlyonnais.fr\/site\/wp-content\/uploads\/2019\/12\/NEWSESTLYONNAIS-LAURIERS-2019-03-400x267.jpg 400w, https:\/\/newsestlyonnais.fr\/site\/wp-content\/uploads\/2019\/12\/NEWSESTLYONNAIS-LAURIERS-2019-03-650x433.jpg 650w, https:\/\/newsestlyonnais.fr\/site\/wp-content\/uploads\/2019\/12\/NEWSESTLYONNAIS-LAURIERS-2019-03-768x512.jpg 768w, https:\/\/newsestlyonnais.fr\/site\/wp-content\/uploads\/2019\/12\/NEWSESTLYONNAIS-LAURIERS-2019-03-150x100.jpg 150w, https:\/\/newsestlyonnais.fr\/site\/wp-content\/uploads\/2019\/12\/NEWSESTLYONNAIS-LAURIERS-2019-03-50x33.jpg 50w, https:\/\/newsestlyonnais.fr\/site\/wp-content\/uploads\/2019\/12\/NEWSESTLYONNAIS-LAURIERS-2019-03-100x67.jpg 100w, https:\/\/newsestlyonnais.fr\/site\/wp-content\/uploads\/2019\/12\/NEWSESTLYONNAIS-LAURIERS-2019-03-200x133.jpg 200w, https:\/\/newsestlyonnais.fr\/site\/wp-content\/uploads\/2019\/12\/NEWSESTLYONNAIS-LAURIERS-2019-03-300x200.jpg 300w, https:\/\/newsestlyonnais.fr\/site\/wp-content\/uploads\/2019\/12\/NEWSESTLYONNAIS-LAURIERS-2019-03-350x233.jpg 350w, https:\/\/newsestlyonnais.fr\/site\/wp-content\/uploads\/2019\/12\/NEWSESTLYONNAIS-LAURIERS-2019-03-450x300.jpg 450w, https:\/\/newsestlyonnais.fr\/site\/wp-content\/uploads\/2019\/12\/NEWSESTLYONNAIS-LAURIERS-2019-03-500x333.jpg 500w, https:\/\/newsestlyonnais.fr\/site\/wp-content\/uploads\/2019\/12\/NEWSESTLYONNAIS-LAURIERS-2019-03-550x367.jpg 550w, https:\/\/newsestlyonnais.fr\/site\/wp-content\/uploads\/2019\/12\/NEWSESTLYONNAIS-LAURIERS-2019-03-800x533.jpg 800w, https:\/\/newsestlyonnais.fr\/site\/wp-content\/uploads\/2019\/12\/NEWSESTLYONNAIS-LAURIERS-2019-03.jpg 1200w\" sizes=\"auto, (max-width: 150px) 100vw, 150px\" \/><\/a>\n\t\t\t<\/div>\n\t\t\t\t<figcaption class='wp-caption-text gallery-caption' id='gallery-1-90536'>\n\t\t\t\tPatrick Pegoraro (Pt OSV) a lanc\u00e9 la soir\u00e9e    (1\/22)\n\t\t\t\t<\/figcaption><\/figure><figure class='gallery-item'>\n\t\t\t<div class='gallery-icon landscape'>\n\t\t\t\t<a href='https:\/\/newsestlyonnais.fr\/site\/2019\/12\/07\/villeurbanne-les-lauriers-du-sport-decernes\/newsestlyonnais-lauriers-2019-01\/'><img loading=\"lazy\" decoding=\"async\" width=\"150\" height=\"100\" src=\"https:\/\/newsestlyonnais.fr\/site\/wp-content\/uploads\/2019\/12\/NEWSESTLYONNAIS-LAURIERS-2019-01-250x167.jpg\" class=\"attachment-thumbnail size-thumbnail\" alt=\"\" aria-describedby=\"gallery-1-90532\" srcset=\"https:\/\/newsestlyonnais.fr\/site\/wp-content\/uploads\/2019\/12\/NEWSESTLYONNAIS-LAURIERS-2019-01-250x167.jpg 250w, https:\/\/newsestlyonnais.fr\/site\/wp-content\/uploads\/2019\/12\/NEWSESTLYONNAIS-LAURIERS-2019-01-400x267.jpg 400w, https:\/\/newsestlyonnais.fr\/site\/wp-content\/uploads\/2019\/12\/NEWSESTLYONNAIS-LAURIERS-2019-01-650x433.jpg 650w, https:\/\/newsestlyonnais.fr\/site\/wp-content\/uploads\/2019\/12\/NEWSESTLYONNAIS-LAURIERS-2019-01-768x512.jpg 768w, https:\/\/newsestlyonnais.fr\/site\/wp-content\/uploads\/2019\/12\/NEWSESTLYONNAIS-LAURIERS-2019-01-150x100.jpg 150w, https:\/\/newsestlyonnais.fr\/site\/wp-content\/uploads\/2019\/12\/NEWSESTLYONNAIS-LAURIERS-2019-01-50x33.jpg 50w, https:\/\/newsestlyonnais.fr\/site\/wp-content\/uploads\/2019\/12\/NEWSESTLYONNAIS-LAURIERS-2019-01-100x67.jpg 100w, https:\/\/newsestlyonnais.fr\/site\/wp-content\/uploads\/2019\/12\/NEWSESTLYONNAIS-LAURIERS-2019-01-200x133.jpg 200w, https:\/\/newsestlyonnais.fr\/site\/wp-content\/uploads\/2019\/12\/NEWSESTLYONNAIS-LAURIERS-2019-01-300x200.jpg 300w, https:\/\/newsestlyonnais.fr\/site\/wp-content\/uploads\/2019\/12\/NEWSESTLYONNAIS-LAURIERS-2019-01-350x233.jpg 350w, https:\/\/newsestlyonnais.fr\/site\/wp-content\/uploads\/2019\/12\/NEWSESTLYONNAIS-LAURIERS-2019-01-450x300.jpg 450w, https:\/\/newsestlyonnais.fr\/site\/wp-content\/uploads\/2019\/12\/NEWSESTLYONNAIS-LAURIERS-2019-01-500x333.jpg 500w, https:\/\/newsestlyonnais.fr\/site\/wp-content\/uploads\/2019\/12\/NEWSESTLYONNAIS-LAURIERS-2019-01-550x367.jpg 550w, https:\/\/newsestlyonnais.fr\/site\/wp-content\/uploads\/2019\/12\/NEWSESTLYONNAIS-LAURIERS-2019-01-800x533.jpg 800w, https:\/\/newsestlyonnais.fr\/site\/wp-content\/uploads\/2019\/12\/NEWSESTLYONNAIS-LAURIERS-2019-01.jpg 1200w\" sizes=\"auto, (max-width: 150px) 100vw, 150px\" \/><\/a>\n\t\t\t<\/div>\n\t\t\t\t<figcaption class='wp-caption-text gallery-caption' id='gallery-1-90532'>\n\t\t\t\tLes 12 membres du jury de la soir\u00e9e    (2\/22)\n\t\t\t\t<\/figcaption><\/figure><figure class='gallery-item'>\n\t\t\t<div class='gallery-icon portrait'>\n\t\t\t\t<a href='https:\/\/newsestlyonnais.fr\/site\/2019\/12\/07\/villeurbanne-les-lauriers-du-sport-decernes\/newsestlyonnais-lauriers-2019-05\/'><img loading=\"lazy\" decoding=\"async\" width=\"100\" height=\"150\" src=\"https:\/\/newsestlyonnais.fr\/site\/wp-content\/uploads\/2019\/12\/NEWSESTLYONNAIS-LAURIERS-2019-05-250x375.jpg\" class=\"attachment-thumbnail size-thumbnail\" alt=\"Baptiste Couilloud (LOU Rugby) membre du jury\" aria-describedby=\"gallery-1-90545\" srcset=\"https:\/\/newsestlyonnais.fr\/site\/wp-content\/uploads\/2019\/12\/NEWSESTLYONNAIS-LAURIERS-2019-05-250x375.jpg 250w, https:\/\/newsestlyonnais.fr\/site\/wp-content\/uploads\/2019\/12\/NEWSESTLYONNAIS-LAURIERS-2019-05-400x600.jpg 400w, https:\/\/newsestlyonnais.fr\/site\/wp-content\/uploads\/2019\/12\/NEWSESTLYONNAIS-LAURIERS-2019-05-650x975.jpg 650w, https:\/\/newsestlyonnais.fr\/site\/wp-content\/uploads\/2019\/12\/NEWSESTLYONNAIS-LAURIERS-2019-05-768x1152.jpg 768w, https:\/\/newsestlyonnais.fr\/site\/wp-content\/uploads\/2019\/12\/NEWSESTLYONNAIS-LAURIERS-2019-05-150x225.jpg 150w, https:\/\/newsestlyonnais.fr\/site\/wp-content\/uploads\/2019\/12\/NEWSESTLYONNAIS-LAURIERS-2019-05-50x75.jpg 50w, https:\/\/newsestlyonnais.fr\/site\/wp-content\/uploads\/2019\/12\/NEWSESTLYONNAIS-LAURIERS-2019-05-100x150.jpg 100w, https:\/\/newsestlyonnais.fr\/site\/wp-content\/uploads\/2019\/12\/NEWSESTLYONNAIS-LAURIERS-2019-05-200x300.jpg 200w, https:\/\/newsestlyonnais.fr\/site\/wp-content\/uploads\/2019\/12\/NEWSESTLYONNAIS-LAURIERS-2019-05-300x450.jpg 300w, https:\/\/newsestlyonnais.fr\/site\/wp-content\/uploads\/2019\/12\/NEWSESTLYONNAIS-LAURIERS-2019-05-350x525.jpg 350w, https:\/\/newsestlyonnais.fr\/site\/wp-content\/uploads\/2019\/12\/NEWSESTLYONNAIS-LAURIERS-2019-05-450x675.jpg 450w, https:\/\/newsestlyonnais.fr\/site\/wp-content\/uploads\/2019\/12\/NEWSESTLYONNAIS-LAURIERS-2019-05-500x750.jpg 500w, https:\/\/newsestlyonnais.fr\/site\/wp-content\/uploads\/2019\/12\/NEWSESTLYONNAIS-LAURIERS-2019-05-550x825.jpg 550w, https:\/\/newsestlyonnais.fr\/site\/wp-content\/uploads\/2019\/12\/NEWSESTLYONNAIS-LAURIERS-2019-05.jpg 800w\" sizes=\"auto, (max-width: 100px) 100vw, 100px\" \/><\/a>\n\t\t\t<\/div>\n\t\t\t\t<figcaption class='wp-caption-text gallery-caption' id='gallery-1-90545'>\n\t\t\t\tBaptiste Couilloud (LOU Rugby) membre du jury     (3\/22)\n\t\t\t\t<\/figcaption><\/figure><figure class='gallery-item'>\n\t\t\t<div class='gallery-icon landscape'>\n\t\t\t\t<a href='https:\/\/newsestlyonnais.fr\/site\/2019\/11\/22\/villeurbanne-les-evenements-au-14-decembre\/newsestlyonnais-vote-lauriers-osv-2\/'><img loading=\"lazy\" decoding=\"async\" width=\"150\" height=\"107\" src=\"https:\/\/newsestlyonnais.fr\/site\/wp-content\/uploads\/2019\/11\/NEWSESTLYONNAIS-VOTE-LAURIERS-OSV-1-250x179.jpg\" class=\"attachment-thumbnail size-thumbnail\" alt=\"\" aria-describedby=\"gallery-1-89298\" srcset=\"https:\/\/newsestlyonnais.fr\/site\/wp-content\/uploads\/2019\/11\/NEWSESTLYONNAIS-VOTE-LAURIERS-OSV-1-250x179.jpg 250w, https:\/\/newsestlyonnais.fr\/site\/wp-content\/uploads\/2019\/11\/NEWSESTLYONNAIS-VOTE-LAURIERS-OSV-1-400x286.jpg 400w, https:\/\/newsestlyonnais.fr\/site\/wp-content\/uploads\/2019\/11\/NEWSESTLYONNAIS-VOTE-LAURIERS-OSV-1-650x464.jpg 650w, https:\/\/newsestlyonnais.fr\/site\/wp-content\/uploads\/2019\/11\/NEWSESTLYONNAIS-VOTE-LAURIERS-OSV-1-150x107.jpg 150w, https:\/\/newsestlyonnais.fr\/site\/wp-content\/uploads\/2019\/11\/NEWSESTLYONNAIS-VOTE-LAURIERS-OSV-1-50x36.jpg 50w, https:\/\/newsestlyonnais.fr\/site\/wp-content\/uploads\/2019\/11\/NEWSESTLYONNAIS-VOTE-LAURIERS-OSV-1-100x71.jpg 100w, https:\/\/newsestlyonnais.fr\/site\/wp-content\/uploads\/2019\/11\/NEWSESTLYONNAIS-VOTE-LAURIERS-OSV-1-200x143.jpg 200w, https:\/\/newsestlyonnais.fr\/site\/wp-content\/uploads\/2019\/11\/NEWSESTLYONNAIS-VOTE-LAURIERS-OSV-1-300x214.jpg 300w, https:\/\/newsestlyonnais.fr\/site\/wp-content\/uploads\/2019\/11\/NEWSESTLYONNAIS-VOTE-LAURIERS-OSV-1-350x250.jpg 350w, https:\/\/newsestlyonnais.fr\/site\/wp-content\/uploads\/2019\/11\/NEWSESTLYONNAIS-VOTE-LAURIERS-OSV-1-450x321.jpg 450w, https:\/\/newsestlyonnais.fr\/site\/wp-content\/uploads\/2019\/11\/NEWSESTLYONNAIS-VOTE-LAURIERS-OSV-1-500x357.jpg 500w, https:\/\/newsestlyonnais.fr\/site\/wp-content\/uploads\/2019\/11\/NEWSESTLYONNAIS-VOTE-LAURIERS-OSV-1-550x393.jpg 550w, https:\/\/newsestlyonnais.fr\/site\/wp-content\/uploads\/2019\/11\/NEWSESTLYONNAIS-VOTE-LAURIERS-OSV-1.jpg 700w\" sizes=\"auto, (max-width: 150px) 100vw, 150px\" \/><\/a>\n\t\t\t<\/div>\n\t\t\t\t<figcaption class='wp-caption-text gallery-caption' id='gallery-1-89298'>\n\t\t\t\t   Lauriers du Sport   (4\/22)\n\t\t\t\t<\/figcaption><\/figure><figure class='gallery-item'>\n\t\t\t<div class='gallery-icon portrait'>\n\t\t\t\t<a href='https:\/\/newsestlyonnais.fr\/site\/2019\/12\/07\/villeurbanne-les-lauriers-du-sport-decernes\/newsestlyonnais-lauriers-2019-06\/'><img loading=\"lazy\" decoding=\"async\" width=\"100\" height=\"150\" src=\"https:\/\/newsestlyonnais.fr\/site\/wp-content\/uploads\/2019\/12\/NEWSESTLYONNAIS-LAURIERS-2019-06-250x375.jpg\" class=\"attachment-thumbnail size-thumbnail\" alt=\"\" aria-describedby=\"gallery-1-90565\" srcset=\"https:\/\/newsestlyonnais.fr\/site\/wp-content\/uploads\/2019\/12\/NEWSESTLYONNAIS-LAURIERS-2019-06-250x375.jpg 250w, https:\/\/newsestlyonnais.fr\/site\/wp-content\/uploads\/2019\/12\/NEWSESTLYONNAIS-LAURIERS-2019-06-400x600.jpg 400w, https:\/\/newsestlyonnais.fr\/site\/wp-content\/uploads\/2019\/12\/NEWSESTLYONNAIS-LAURIERS-2019-06-650x975.jpg 650w, https:\/\/newsestlyonnais.fr\/site\/wp-content\/uploads\/2019\/12\/NEWSESTLYONNAIS-LAURIERS-2019-06-768x1152.jpg 768w, https:\/\/newsestlyonnais.fr\/site\/wp-content\/uploads\/2019\/12\/NEWSESTLYONNAIS-LAURIERS-2019-06-150x225.jpg 150w, https:\/\/newsestlyonnais.fr\/site\/wp-content\/uploads\/2019\/12\/NEWSESTLYONNAIS-LAURIERS-2019-06-50x75.jpg 50w, https:\/\/newsestlyonnais.fr\/site\/wp-content\/uploads\/2019\/12\/NEWSESTLYONNAIS-LAURIERS-2019-06-100x150.jpg 100w, https:\/\/newsestlyonnais.fr\/site\/wp-content\/uploads\/2019\/12\/NEWSESTLYONNAIS-LAURIERS-2019-06-200x300.jpg 200w, https:\/\/newsestlyonnais.fr\/site\/wp-content\/uploads\/2019\/12\/NEWSESTLYONNAIS-LAURIERS-2019-06-300x450.jpg 300w, https:\/\/newsestlyonnais.fr\/site\/wp-content\/uploads\/2019\/12\/NEWSESTLYONNAIS-LAURIERS-2019-06-350x525.jpg 350w, https:\/\/newsestlyonnais.fr\/site\/wp-content\/uploads\/2019\/12\/NEWSESTLYONNAIS-LAURIERS-2019-06-450x675.jpg 450w, https:\/\/newsestlyonnais.fr\/site\/wp-content\/uploads\/2019\/12\/NEWSESTLYONNAIS-LAURIERS-2019-06-500x750.jpg 500w, https:\/\/newsestlyonnais.fr\/site\/wp-content\/uploads\/2019\/12\/NEWSESTLYONNAIS-LAURIERS-2019-06-550x825.jpg 550w, https:\/\/newsestlyonnais.fr\/site\/wp-content\/uploads\/2019\/12\/NEWSESTLYONNAIS-LAURIERS-2019-06.jpg 800w\" sizes=\"auto, (max-width: 100px) 100vw, 100px\" \/><\/a>\n\t\t\t<\/div>\n\t\t\t\t<figcaption class='wp-caption-text gallery-caption' id='gallery-1-90565'>\n\t\t\t\tRomain Pascal vainqueur de la cat\u00e9gorie COACH   (5\/22)\n\t\t\t\t<\/figcaption><\/figure><figure class='gallery-item'>\n\t\t\t<div class='gallery-icon landscape'>\n\t\t\t\t<a href='https:\/\/newsestlyonnais.fr\/site\/2019\/12\/07\/villeurbanne-les-lauriers-du-sport-decernes\/newsestlyonnais-lauriers-2019-07\/'><img loading=\"lazy\" decoding=\"async\" width=\"150\" height=\"100\" src=\"https:\/\/newsestlyonnais.fr\/site\/wp-content\/uploads\/2019\/12\/NEWSESTLYONNAIS-LAURIERS-2019-07-250x167.jpg\" class=\"attachment-thumbnail size-thumbnail\" alt=\"\" aria-describedby=\"gallery-1-90567\" srcset=\"https:\/\/newsestlyonnais.fr\/site\/wp-content\/uploads\/2019\/12\/NEWSESTLYONNAIS-LAURIERS-2019-07-250x167.jpg 250w, https:\/\/newsestlyonnais.fr\/site\/wp-content\/uploads\/2019\/12\/NEWSESTLYONNAIS-LAURIERS-2019-07-400x267.jpg 400w, https:\/\/newsestlyonnais.fr\/site\/wp-content\/uploads\/2019\/12\/NEWSESTLYONNAIS-LAURIERS-2019-07-650x433.jpg 650w, https:\/\/newsestlyonnais.fr\/site\/wp-content\/uploads\/2019\/12\/NEWSESTLYONNAIS-LAURIERS-2019-07-768x512.jpg 768w, https:\/\/newsestlyonnais.fr\/site\/wp-content\/uploads\/2019\/12\/NEWSESTLYONNAIS-LAURIERS-2019-07-150x100.jpg 150w, https:\/\/newsestlyonnais.fr\/site\/wp-content\/uploads\/2019\/12\/NEWSESTLYONNAIS-LAURIERS-2019-07-50x33.jpg 50w, https:\/\/newsestlyonnais.fr\/site\/wp-content\/uploads\/2019\/12\/NEWSESTLYONNAIS-LAURIERS-2019-07-100x67.jpg 100w, https:\/\/newsestlyonnais.fr\/site\/wp-content\/uploads\/2019\/12\/NEWSESTLYONNAIS-LAURIERS-2019-07-200x133.jpg 200w, https:\/\/newsestlyonnais.fr\/site\/wp-content\/uploads\/2019\/12\/NEWSESTLYONNAIS-LAURIERS-2019-07-300x200.jpg 300w, https:\/\/newsestlyonnais.fr\/site\/wp-content\/uploads\/2019\/12\/NEWSESTLYONNAIS-LAURIERS-2019-07-350x233.jpg 350w, https:\/\/newsestlyonnais.fr\/site\/wp-content\/uploads\/2019\/12\/NEWSESTLYONNAIS-LAURIERS-2019-07-450x300.jpg 450w, https:\/\/newsestlyonnais.fr\/site\/wp-content\/uploads\/2019\/12\/NEWSESTLYONNAIS-LAURIERS-2019-07-500x333.jpg 500w, https:\/\/newsestlyonnais.fr\/site\/wp-content\/uploads\/2019\/12\/NEWSESTLYONNAIS-LAURIERS-2019-07-550x367.jpg 550w, https:\/\/newsestlyonnais.fr\/site\/wp-content\/uploads\/2019\/12\/NEWSESTLYONNAIS-LAURIERS-2019-07-800x533.jpg 800w, https:\/\/newsestlyonnais.fr\/site\/wp-content\/uploads\/2019\/12\/NEWSESTLYONNAIS-LAURIERS-2019-07.jpg 1200w\" sizes=\"auto, (max-width: 150px) 100vw, 150px\" \/><\/a>\n\t\t\t<\/div>\n\t\t\t\t<figcaption class='wp-caption-text gallery-caption' id='gallery-1-90567'>\n\t\t\t\tLes nomin\u00e9s de la cat\u00e9gorie \u00ab\u00a0COACH\u00a0\u00bb   (6\/22)\n\t\t\t\t<\/figcaption><\/figure><figure class='gallery-item'>\n\t\t\t<div class='gallery-icon portrait'>\n\t\t\t\t<a href='https:\/\/newsestlyonnais.fr\/site\/2019\/12\/07\/villeurbanne-les-lauriers-du-sport-decernes\/newsestlyonnais-lauriers-2019-09\/'><img loading=\"lazy\" decoding=\"async\" width=\"100\" height=\"150\" src=\"https:\/\/newsestlyonnais.fr\/site\/wp-content\/uploads\/2019\/12\/NEWSESTLYONNAIS-LAURIERS-2019-09-250x375.jpg\" class=\"attachment-thumbnail size-thumbnail\" alt=\"\" aria-describedby=\"gallery-1-90575\" srcset=\"https:\/\/newsestlyonnais.fr\/site\/wp-content\/uploads\/2019\/12\/NEWSESTLYONNAIS-LAURIERS-2019-09-250x375.jpg 250w, https:\/\/newsestlyonnais.fr\/site\/wp-content\/uploads\/2019\/12\/NEWSESTLYONNAIS-LAURIERS-2019-09-400x600.jpg 400w, https:\/\/newsestlyonnais.fr\/site\/wp-content\/uploads\/2019\/12\/NEWSESTLYONNAIS-LAURIERS-2019-09-650x975.jpg 650w, https:\/\/newsestlyonnais.fr\/site\/wp-content\/uploads\/2019\/12\/NEWSESTLYONNAIS-LAURIERS-2019-09-768x1152.jpg 768w, https:\/\/newsestlyonnais.fr\/site\/wp-content\/uploads\/2019\/12\/NEWSESTLYONNAIS-LAURIERS-2019-09-150x225.jpg 150w, https:\/\/newsestlyonnais.fr\/site\/wp-content\/uploads\/2019\/12\/NEWSESTLYONNAIS-LAURIERS-2019-09-50x75.jpg 50w, https:\/\/newsestlyonnais.fr\/site\/wp-content\/uploads\/2019\/12\/NEWSESTLYONNAIS-LAURIERS-2019-09-100x150.jpg 100w, https:\/\/newsestlyonnais.fr\/site\/wp-content\/uploads\/2019\/12\/NEWSESTLYONNAIS-LAURIERS-2019-09-200x300.jpg 200w, https:\/\/newsestlyonnais.fr\/site\/wp-content\/uploads\/2019\/12\/NEWSESTLYONNAIS-LAURIERS-2019-09-300x450.jpg 300w, https:\/\/newsestlyonnais.fr\/site\/wp-content\/uploads\/2019\/12\/NEWSESTLYONNAIS-LAURIERS-2019-09-350x525.jpg 350w, https:\/\/newsestlyonnais.fr\/site\/wp-content\/uploads\/2019\/12\/NEWSESTLYONNAIS-LAURIERS-2019-09-450x675.jpg 450w, https:\/\/newsestlyonnais.fr\/site\/wp-content\/uploads\/2019\/12\/NEWSESTLYONNAIS-LAURIERS-2019-09-500x750.jpg 500w, https:\/\/newsestlyonnais.fr\/site\/wp-content\/uploads\/2019\/12\/NEWSESTLYONNAIS-LAURIERS-2019-09-550x825.jpg 550w, https:\/\/newsestlyonnais.fr\/site\/wp-content\/uploads\/2019\/12\/NEWSESTLYONNAIS-LAURIERS-2019-09.jpg 800w\" sizes=\"auto, (max-width: 100px) 100vw, 100px\" \/><\/a>\n\t\t\t<\/div>\n\t\t\t\t<figcaption class='wp-caption-text gallery-caption' id='gallery-1-90575'>\n\t\t\t\tLe Judo Club Lyon Villeurbanne vainqueur cat\u00e9gorie \u00ab\u00a0CLUB\u00a0\u00bb    (7\/22)\n\t\t\t\t<\/figcaption><\/figure><figure class='gallery-item'>\n\t\t\t<div class='gallery-icon landscape'>\n\t\t\t\t<a href='https:\/\/newsestlyonnais.fr\/site\/2019\/12\/07\/villeurbanne-les-lauriers-du-sport-decernes\/newsestlyonnais-lauriers-2019-08\/'><img loading=\"lazy\" decoding=\"async\" width=\"150\" height=\"100\" src=\"https:\/\/newsestlyonnais.fr\/site\/wp-content\/uploads\/2019\/12\/NEWSESTLYONNAIS-LAURIERS-2019-08-250x167.jpg\" class=\"attachment-thumbnail size-thumbnail\" alt=\"\" aria-describedby=\"gallery-1-90573\" srcset=\"https:\/\/newsestlyonnais.fr\/site\/wp-content\/uploads\/2019\/12\/NEWSESTLYONNAIS-LAURIERS-2019-08-250x167.jpg 250w, https:\/\/newsestlyonnais.fr\/site\/wp-content\/uploads\/2019\/12\/NEWSESTLYONNAIS-LAURIERS-2019-08-400x267.jpg 400w, https:\/\/newsestlyonnais.fr\/site\/wp-content\/uploads\/2019\/12\/NEWSESTLYONNAIS-LAURIERS-2019-08-650x433.jpg 650w, https:\/\/newsestlyonnais.fr\/site\/wp-content\/uploads\/2019\/12\/NEWSESTLYONNAIS-LAURIERS-2019-08-768x512.jpg 768w, https:\/\/newsestlyonnais.fr\/site\/wp-content\/uploads\/2019\/12\/NEWSESTLYONNAIS-LAURIERS-2019-08-150x100.jpg 150w, https:\/\/newsestlyonnais.fr\/site\/wp-content\/uploads\/2019\/12\/NEWSESTLYONNAIS-LAURIERS-2019-08-50x33.jpg 50w, https:\/\/newsestlyonnais.fr\/site\/wp-content\/uploads\/2019\/12\/NEWSESTLYONNAIS-LAURIERS-2019-08-100x67.jpg 100w, https:\/\/newsestlyonnais.fr\/site\/wp-content\/uploads\/2019\/12\/NEWSESTLYONNAIS-LAURIERS-2019-08-200x133.jpg 200w, https:\/\/newsestlyonnais.fr\/site\/wp-content\/uploads\/2019\/12\/NEWSESTLYONNAIS-LAURIERS-2019-08-300x200.jpg 300w, https:\/\/newsestlyonnais.fr\/site\/wp-content\/uploads\/2019\/12\/NEWSESTLYONNAIS-LAURIERS-2019-08-350x233.jpg 350w, https:\/\/newsestlyonnais.fr\/site\/wp-content\/uploads\/2019\/12\/NEWSESTLYONNAIS-LAURIERS-2019-08-450x300.jpg 450w, https:\/\/newsestlyonnais.fr\/site\/wp-content\/uploads\/2019\/12\/NEWSESTLYONNAIS-LAURIERS-2019-08-500x333.jpg 500w, https:\/\/newsestlyonnais.fr\/site\/wp-content\/uploads\/2019\/12\/NEWSESTLYONNAIS-LAURIERS-2019-08-550x367.jpg 550w, https:\/\/newsestlyonnais.fr\/site\/wp-content\/uploads\/2019\/12\/NEWSESTLYONNAIS-LAURIERS-2019-08-800x533.jpg 800w, https:\/\/newsestlyonnais.fr\/site\/wp-content\/uploads\/2019\/12\/NEWSESTLYONNAIS-LAURIERS-2019-08.jpg 1200w\" sizes=\"auto, (max-width: 150px) 100vw, 150px\" \/><\/a>\n\t\t\t<\/div>\n\t\t\t\t<figcaption class='wp-caption-text gallery-caption' id='gallery-1-90573'>\n\t\t\t\tLes nomin\u00e9s Cat\u00e9gorie \u00ab\u00a0CLUB\u00a0\u00bb    (8\/22)\n\t\t\t\t<\/figcaption><\/figure><figure class='gallery-item'>\n\t\t\t<div class='gallery-icon portrait'>\n\t\t\t\t<a href='https:\/\/newsestlyonnais.fr\/site\/2019\/12\/07\/villeurbanne-les-lauriers-du-sport-decernes\/newsestlyonnais-lauriers-2019-14\/'><img loading=\"lazy\" decoding=\"async\" width=\"100\" height=\"150\" src=\"https:\/\/newsestlyonnais.fr\/site\/wp-content\/uploads\/2019\/12\/NEWSESTLYONNAIS-LAURIERS-2019-14-250x375.jpg\" class=\"attachment-thumbnail size-thumbnail\" alt=\"\" aria-describedby=\"gallery-1-90586\" srcset=\"https:\/\/newsestlyonnais.fr\/site\/wp-content\/uploads\/2019\/12\/NEWSESTLYONNAIS-LAURIERS-2019-14-250x375.jpg 250w, https:\/\/newsestlyonnais.fr\/site\/wp-content\/uploads\/2019\/12\/NEWSESTLYONNAIS-LAURIERS-2019-14-400x600.jpg 400w, https:\/\/newsestlyonnais.fr\/site\/wp-content\/uploads\/2019\/12\/NEWSESTLYONNAIS-LAURIERS-2019-14-650x975.jpg 650w, https:\/\/newsestlyonnais.fr\/site\/wp-content\/uploads\/2019\/12\/NEWSESTLYONNAIS-LAURIERS-2019-14-768x1152.jpg 768w, https:\/\/newsestlyonnais.fr\/site\/wp-content\/uploads\/2019\/12\/NEWSESTLYONNAIS-LAURIERS-2019-14-150x225.jpg 150w, https:\/\/newsestlyonnais.fr\/site\/wp-content\/uploads\/2019\/12\/NEWSESTLYONNAIS-LAURIERS-2019-14-50x75.jpg 50w, https:\/\/newsestlyonnais.fr\/site\/wp-content\/uploads\/2019\/12\/NEWSESTLYONNAIS-LAURIERS-2019-14-100x150.jpg 100w, https:\/\/newsestlyonnais.fr\/site\/wp-content\/uploads\/2019\/12\/NEWSESTLYONNAIS-LAURIERS-2019-14-200x300.jpg 200w, https:\/\/newsestlyonnais.fr\/site\/wp-content\/uploads\/2019\/12\/NEWSESTLYONNAIS-LAURIERS-2019-14-300x450.jpg 300w, https:\/\/newsestlyonnais.fr\/site\/wp-content\/uploads\/2019\/12\/NEWSESTLYONNAIS-LAURIERS-2019-14-350x525.jpg 350w, https:\/\/newsestlyonnais.fr\/site\/wp-content\/uploads\/2019\/12\/NEWSESTLYONNAIS-LAURIERS-2019-14-450x675.jpg 450w, https:\/\/newsestlyonnais.fr\/site\/wp-content\/uploads\/2019\/12\/NEWSESTLYONNAIS-LAURIERS-2019-14-500x750.jpg 500w, https:\/\/newsestlyonnais.fr\/site\/wp-content\/uploads\/2019\/12\/NEWSESTLYONNAIS-LAURIERS-2019-14-550x825.jpg 550w, https:\/\/newsestlyonnais.fr\/site\/wp-content\/uploads\/2019\/12\/NEWSESTLYONNAIS-LAURIERS-2019-14.jpg 800w\" sizes=\"auto, (max-width: 100px) 100vw, 100px\" \/><\/a>\n\t\t\t<\/div>\n\t\t\t\t<figcaption class='wp-caption-text gallery-caption' id='gallery-1-90586'>\n\t\t\t\tBasile Basset vainqueur cat\u00e9gorie (sportif &#8211; 18 ans)    (9\/22)\n\t\t\t\t<\/figcaption><\/figure><figure class='gallery-item'>\n\t\t\t<div class='gallery-icon landscape'>\n\t\t\t\t<a href='https:\/\/newsestlyonnais.fr\/site\/2019\/12\/07\/villeurbanne-les-lauriers-du-sport-decernes\/newsestlyonnais-lauriers-2019-13\/'><img loading=\"lazy\" decoding=\"async\" width=\"150\" height=\"100\" src=\"https:\/\/newsestlyonnais.fr\/site\/wp-content\/uploads\/2019\/12\/NEWSESTLYONNAIS-LAURIERS-2019-13-250x167.jpg\" class=\"attachment-thumbnail size-thumbnail\" alt=\"\" aria-describedby=\"gallery-1-90585\" srcset=\"https:\/\/newsestlyonnais.fr\/site\/wp-content\/uploads\/2019\/12\/NEWSESTLYONNAIS-LAURIERS-2019-13-250x167.jpg 250w, https:\/\/newsestlyonnais.fr\/site\/wp-content\/uploads\/2019\/12\/NEWSESTLYONNAIS-LAURIERS-2019-13-400x267.jpg 400w, https:\/\/newsestlyonnais.fr\/site\/wp-content\/uploads\/2019\/12\/NEWSESTLYONNAIS-LAURIERS-2019-13-650x433.jpg 650w, https:\/\/newsestlyonnais.fr\/site\/wp-content\/uploads\/2019\/12\/NEWSESTLYONNAIS-LAURIERS-2019-13-768x512.jpg 768w, https:\/\/newsestlyonnais.fr\/site\/wp-content\/uploads\/2019\/12\/NEWSESTLYONNAIS-LAURIERS-2019-13-150x100.jpg 150w, https:\/\/newsestlyonnais.fr\/site\/wp-content\/uploads\/2019\/12\/NEWSESTLYONNAIS-LAURIERS-2019-13-50x33.jpg 50w, https:\/\/newsestlyonnais.fr\/site\/wp-content\/uploads\/2019\/12\/NEWSESTLYONNAIS-LAURIERS-2019-13-100x67.jpg 100w, https:\/\/newsestlyonnais.fr\/site\/wp-content\/uploads\/2019\/12\/NEWSESTLYONNAIS-LAURIERS-2019-13-200x133.jpg 200w, https:\/\/newsestlyonnais.fr\/site\/wp-content\/uploads\/2019\/12\/NEWSESTLYONNAIS-LAURIERS-2019-13-300x200.jpg 300w, https:\/\/newsestlyonnais.fr\/site\/wp-content\/uploads\/2019\/12\/NEWSESTLYONNAIS-LAURIERS-2019-13-350x233.jpg 350w, https:\/\/newsestlyonnais.fr\/site\/wp-content\/uploads\/2019\/12\/NEWSESTLYONNAIS-LAURIERS-2019-13-450x300.jpg 450w, https:\/\/newsestlyonnais.fr\/site\/wp-content\/uploads\/2019\/12\/NEWSESTLYONNAIS-LAURIERS-2019-13-500x333.jpg 500w, https:\/\/newsestlyonnais.fr\/site\/wp-content\/uploads\/2019\/12\/NEWSESTLYONNAIS-LAURIERS-2019-13-550x367.jpg 550w, https:\/\/newsestlyonnais.fr\/site\/wp-content\/uploads\/2019\/12\/NEWSESTLYONNAIS-LAURIERS-2019-13-800x533.jpg 800w, https:\/\/newsestlyonnais.fr\/site\/wp-content\/uploads\/2019\/12\/NEWSESTLYONNAIS-LAURIERS-2019-13.jpg 1200w\" sizes=\"auto, (max-width: 150px) 100vw, 150px\" \/><\/a>\n\t\t\t<\/div>\n\t\t\t\t<figcaption class='wp-caption-text gallery-caption' id='gallery-1-90585'>\n\t\t\t\tLes nomin\u00e9s \u00ab\u00a0Sportif moins 18 ans\u00a0\u00bb   (10\/22)\n\t\t\t\t<\/figcaption><\/figure><figure class='gallery-item'>\n\t\t\t<div class='gallery-icon portrait'>\n\t\t\t\t<a href='https:\/\/newsestlyonnais.fr\/site\/2019\/12\/07\/villeurbanne-les-lauriers-du-sport-decernes\/newsestlyonnais-lauriers-2019-16\/'><img loading=\"lazy\" decoding=\"async\" width=\"100\" height=\"150\" src=\"https:\/\/newsestlyonnais.fr\/site\/wp-content\/uploads\/2019\/12\/NEWSESTLYONNAIS-LAURIERS-2019-16-250x375.jpg\" class=\"attachment-thumbnail size-thumbnail\" alt=\"\" aria-describedby=\"gallery-1-90593\" srcset=\"https:\/\/newsestlyonnais.fr\/site\/wp-content\/uploads\/2019\/12\/NEWSESTLYONNAIS-LAURIERS-2019-16-250x375.jpg 250w, https:\/\/newsestlyonnais.fr\/site\/wp-content\/uploads\/2019\/12\/NEWSESTLYONNAIS-LAURIERS-2019-16-400x600.jpg 400w, https:\/\/newsestlyonnais.fr\/site\/wp-content\/uploads\/2019\/12\/NEWSESTLYONNAIS-LAURIERS-2019-16-650x975.jpg 650w, https:\/\/newsestlyonnais.fr\/site\/wp-content\/uploads\/2019\/12\/NEWSESTLYONNAIS-LAURIERS-2019-16-768x1152.jpg 768w, https:\/\/newsestlyonnais.fr\/site\/wp-content\/uploads\/2019\/12\/NEWSESTLYONNAIS-LAURIERS-2019-16-150x225.jpg 150w, https:\/\/newsestlyonnais.fr\/site\/wp-content\/uploads\/2019\/12\/NEWSESTLYONNAIS-LAURIERS-2019-16-50x75.jpg 50w, https:\/\/newsestlyonnais.fr\/site\/wp-content\/uploads\/2019\/12\/NEWSESTLYONNAIS-LAURIERS-2019-16-100x150.jpg 100w, https:\/\/newsestlyonnais.fr\/site\/wp-content\/uploads\/2019\/12\/NEWSESTLYONNAIS-LAURIERS-2019-16-200x300.jpg 200w, https:\/\/newsestlyonnais.fr\/site\/wp-content\/uploads\/2019\/12\/NEWSESTLYONNAIS-LAURIERS-2019-16-300x450.jpg 300w, https:\/\/newsestlyonnais.fr\/site\/wp-content\/uploads\/2019\/12\/NEWSESTLYONNAIS-LAURIERS-2019-16-350x525.jpg 350w, https:\/\/newsestlyonnais.fr\/site\/wp-content\/uploads\/2019\/12\/NEWSESTLYONNAIS-LAURIERS-2019-16-450x675.jpg 450w, https:\/\/newsestlyonnais.fr\/site\/wp-content\/uploads\/2019\/12\/NEWSESTLYONNAIS-LAURIERS-2019-16-500x750.jpg 500w, https:\/\/newsestlyonnais.fr\/site\/wp-content\/uploads\/2019\/12\/NEWSESTLYONNAIS-LAURIERS-2019-16-550x825.jpg 550w, https:\/\/newsestlyonnais.fr\/site\/wp-content\/uploads\/2019\/12\/NEWSESTLYONNAIS-LAURIERS-2019-16.jpg 800w\" sizes=\"auto, (max-width: 100px) 100vw, 100px\" \/><\/a>\n\t\t\t<\/div>\n\t\t\t\t<figcaption class='wp-caption-text gallery-caption' id='gallery-1-90593'>\n\t\t\t\tEmilie Brochet, vainqueur cat\u00e9gorie \u00a0\u00bb sportive &#8211; 18 ans\u00a0\u00bb   (11\/22)\n\t\t\t\t<\/figcaption><\/figure><figure class='gallery-item'>\n\t\t\t<div class='gallery-icon landscape'>\n\t\t\t\t<a href='https:\/\/newsestlyonnais.fr\/site\/2019\/12\/07\/villeurbanne-les-lauriers-du-sport-decernes\/newsestlyonnais-lauriers-2019-15\/'><img loading=\"lazy\" decoding=\"async\" width=\"150\" height=\"100\" src=\"https:\/\/newsestlyonnais.fr\/site\/wp-content\/uploads\/2019\/12\/NEWSESTLYONNAIS-LAURIERS-2019-15-250x167.jpg\" class=\"attachment-thumbnail size-thumbnail\" alt=\"\" aria-describedby=\"gallery-1-90591\" srcset=\"https:\/\/newsestlyonnais.fr\/site\/wp-content\/uploads\/2019\/12\/NEWSESTLYONNAIS-LAURIERS-2019-15-250x167.jpg 250w, https:\/\/newsestlyonnais.fr\/site\/wp-content\/uploads\/2019\/12\/NEWSESTLYONNAIS-LAURIERS-2019-15-400x267.jpg 400w, https:\/\/newsestlyonnais.fr\/site\/wp-content\/uploads\/2019\/12\/NEWSESTLYONNAIS-LAURIERS-2019-15-650x433.jpg 650w, https:\/\/newsestlyonnais.fr\/site\/wp-content\/uploads\/2019\/12\/NEWSESTLYONNAIS-LAURIERS-2019-15-768x512.jpg 768w, https:\/\/newsestlyonnais.fr\/site\/wp-content\/uploads\/2019\/12\/NEWSESTLYONNAIS-LAURIERS-2019-15-150x100.jpg 150w, https:\/\/newsestlyonnais.fr\/site\/wp-content\/uploads\/2019\/12\/NEWSESTLYONNAIS-LAURIERS-2019-15-50x33.jpg 50w, https:\/\/newsestlyonnais.fr\/site\/wp-content\/uploads\/2019\/12\/NEWSESTLYONNAIS-LAURIERS-2019-15-100x67.jpg 100w, https:\/\/newsestlyonnais.fr\/site\/wp-content\/uploads\/2019\/12\/NEWSESTLYONNAIS-LAURIERS-2019-15-200x133.jpg 200w, https:\/\/newsestlyonnais.fr\/site\/wp-content\/uploads\/2019\/12\/NEWSESTLYONNAIS-LAURIERS-2019-15-300x200.jpg 300w, https:\/\/newsestlyonnais.fr\/site\/wp-content\/uploads\/2019\/12\/NEWSESTLYONNAIS-LAURIERS-2019-15-350x233.jpg 350w, https:\/\/newsestlyonnais.fr\/site\/wp-content\/uploads\/2019\/12\/NEWSESTLYONNAIS-LAURIERS-2019-15-450x300.jpg 450w, https:\/\/newsestlyonnais.fr\/site\/wp-content\/uploads\/2019\/12\/NEWSESTLYONNAIS-LAURIERS-2019-15-500x333.jpg 500w, https:\/\/newsestlyonnais.fr\/site\/wp-content\/uploads\/2019\/12\/NEWSESTLYONNAIS-LAURIERS-2019-15-550x367.jpg 550w, https:\/\/newsestlyonnais.fr\/site\/wp-content\/uploads\/2019\/12\/NEWSESTLYONNAIS-LAURIERS-2019-15-800x533.jpg 800w, https:\/\/newsestlyonnais.fr\/site\/wp-content\/uploads\/2019\/12\/NEWSESTLYONNAIS-LAURIERS-2019-15.jpg 1200w\" sizes=\"auto, (max-width: 150px) 100vw, 150px\" \/><\/a>\n\t\t\t<\/div>\n\t\t\t\t<figcaption class='wp-caption-text gallery-caption' id='gallery-1-90591'>\n\t\t\t\tLes nomin\u00e9s cat\u00e9gorie \u00ab\u00a0Sportive &#8211; 18 ans \u00a0\u00bb   (12\/22)\n\t\t\t\t<\/figcaption><\/figure><figure class='gallery-item'>\n\t\t\t<div class='gallery-icon portrait'>\n\t\t\t\t<a href='https:\/\/newsestlyonnais.fr\/site\/2019\/12\/07\/villeurbanne-les-lauriers-du-sport-decernes\/newsestlyonnais-lauriers-2019-17\/'><img loading=\"lazy\" decoding=\"async\" width=\"100\" height=\"150\" src=\"https:\/\/newsestlyonnais.fr\/site\/wp-content\/uploads\/2019\/12\/NEWSESTLYONNAIS-LAURIERS-2019-17-250x375.jpg\" class=\"attachment-thumbnail size-thumbnail\" alt=\"\" aria-describedby=\"gallery-1-90601\" srcset=\"https:\/\/newsestlyonnais.fr\/site\/wp-content\/uploads\/2019\/12\/NEWSESTLYONNAIS-LAURIERS-2019-17-250x375.jpg 250w, https:\/\/newsestlyonnais.fr\/site\/wp-content\/uploads\/2019\/12\/NEWSESTLYONNAIS-LAURIERS-2019-17-400x600.jpg 400w, https:\/\/newsestlyonnais.fr\/site\/wp-content\/uploads\/2019\/12\/NEWSESTLYONNAIS-LAURIERS-2019-17-650x975.jpg 650w, https:\/\/newsestlyonnais.fr\/site\/wp-content\/uploads\/2019\/12\/NEWSESTLYONNAIS-LAURIERS-2019-17-768x1152.jpg 768w, https:\/\/newsestlyonnais.fr\/site\/wp-content\/uploads\/2019\/12\/NEWSESTLYONNAIS-LAURIERS-2019-17-150x225.jpg 150w, https:\/\/newsestlyonnais.fr\/site\/wp-content\/uploads\/2019\/12\/NEWSESTLYONNAIS-LAURIERS-2019-17-50x75.jpg 50w, https:\/\/newsestlyonnais.fr\/site\/wp-content\/uploads\/2019\/12\/NEWSESTLYONNAIS-LAURIERS-2019-17-100x150.jpg 100w, https:\/\/newsestlyonnais.fr\/site\/wp-content\/uploads\/2019\/12\/NEWSESTLYONNAIS-LAURIERS-2019-17-200x300.jpg 200w, https:\/\/newsestlyonnais.fr\/site\/wp-content\/uploads\/2019\/12\/NEWSESTLYONNAIS-LAURIERS-2019-17-300x450.jpg 300w, https:\/\/newsestlyonnais.fr\/site\/wp-content\/uploads\/2019\/12\/NEWSESTLYONNAIS-LAURIERS-2019-17-350x525.jpg 350w, https:\/\/newsestlyonnais.fr\/site\/wp-content\/uploads\/2019\/12\/NEWSESTLYONNAIS-LAURIERS-2019-17-450x675.jpg 450w, https:\/\/newsestlyonnais.fr\/site\/wp-content\/uploads\/2019\/12\/NEWSESTLYONNAIS-LAURIERS-2019-17-500x750.jpg 500w, https:\/\/newsestlyonnais.fr\/site\/wp-content\/uploads\/2019\/12\/NEWSESTLYONNAIS-LAURIERS-2019-17-550x825.jpg 550w, https:\/\/newsestlyonnais.fr\/site\/wp-content\/uploads\/2019\/12\/NEWSESTLYONNAIS-LAURIERS-2019-17.jpg 800w\" sizes=\"auto, (max-width: 100px) 100vw, 100px\" \/><\/a>\n\t\t\t<\/div>\n\t\t\t\t<figcaption class='wp-caption-text gallery-caption' id='gallery-1-90601'>\n\t\t\t\tLaura et Corentin (CVDS) vainqueurs en \u00a0\u00bb Equipe\u00a0\u00bb   (13\/22)\n\t\t\t\t<\/figcaption><\/figure><figure class='gallery-item'>\n\t\t\t<div class='gallery-icon landscape'>\n\t\t\t\t<a href='https:\/\/newsestlyonnais.fr\/site\/2019\/12\/07\/villeurbanne-les-lauriers-du-sport-decernes\/newsestlyonnais-lauriers-2019-18\/'><img loading=\"lazy\" decoding=\"async\" width=\"150\" height=\"100\" src=\"https:\/\/newsestlyonnais.fr\/site\/wp-content\/uploads\/2019\/12\/NEWSESTLYONNAIS-LAURIERS-2019-18-250x167.jpg\" class=\"attachment-thumbnail size-thumbnail\" alt=\"\" aria-describedby=\"gallery-1-90603\" srcset=\"https:\/\/newsestlyonnais.fr\/site\/wp-content\/uploads\/2019\/12\/NEWSESTLYONNAIS-LAURIERS-2019-18-250x167.jpg 250w, https:\/\/newsestlyonnais.fr\/site\/wp-content\/uploads\/2019\/12\/NEWSESTLYONNAIS-LAURIERS-2019-18-400x267.jpg 400w, https:\/\/newsestlyonnais.fr\/site\/wp-content\/uploads\/2019\/12\/NEWSESTLYONNAIS-LAURIERS-2019-18-650x433.jpg 650w, https:\/\/newsestlyonnais.fr\/site\/wp-content\/uploads\/2019\/12\/NEWSESTLYONNAIS-LAURIERS-2019-18-768x512.jpg 768w, https:\/\/newsestlyonnais.fr\/site\/wp-content\/uploads\/2019\/12\/NEWSESTLYONNAIS-LAURIERS-2019-18-150x100.jpg 150w, https:\/\/newsestlyonnais.fr\/site\/wp-content\/uploads\/2019\/12\/NEWSESTLYONNAIS-LAURIERS-2019-18-50x33.jpg 50w, https:\/\/newsestlyonnais.fr\/site\/wp-content\/uploads\/2019\/12\/NEWSESTLYONNAIS-LAURIERS-2019-18-100x67.jpg 100w, https:\/\/newsestlyonnais.fr\/site\/wp-content\/uploads\/2019\/12\/NEWSESTLYONNAIS-LAURIERS-2019-18-200x133.jpg 200w, https:\/\/newsestlyonnais.fr\/site\/wp-content\/uploads\/2019\/12\/NEWSESTLYONNAIS-LAURIERS-2019-18-300x200.jpg 300w, https:\/\/newsestlyonnais.fr\/site\/wp-content\/uploads\/2019\/12\/NEWSESTLYONNAIS-LAURIERS-2019-18-350x233.jpg 350w, https:\/\/newsestlyonnais.fr\/site\/wp-content\/uploads\/2019\/12\/NEWSESTLYONNAIS-LAURIERS-2019-18-450x300.jpg 450w, https:\/\/newsestlyonnais.fr\/site\/wp-content\/uploads\/2019\/12\/NEWSESTLYONNAIS-LAURIERS-2019-18-500x333.jpg 500w, https:\/\/newsestlyonnais.fr\/site\/wp-content\/uploads\/2019\/12\/NEWSESTLYONNAIS-LAURIERS-2019-18-550x367.jpg 550w, https:\/\/newsestlyonnais.fr\/site\/wp-content\/uploads\/2019\/12\/NEWSESTLYONNAIS-LAURIERS-2019-18-800x533.jpg 800w, https:\/\/newsestlyonnais.fr\/site\/wp-content\/uploads\/2019\/12\/NEWSESTLYONNAIS-LAURIERS-2019-18.jpg 1200w\" sizes=\"auto, (max-width: 150px) 100vw, 150px\" \/><\/a>\n\t\t\t<\/div>\n\t\t\t\t<figcaption class='wp-caption-text gallery-caption' id='gallery-1-90603'>\n\t\t\t\tLes nomin\u00e9s cat\u00e9gorie \u00ab\u00a0Equipe \u00a0\u00bb   (14\/22)\n\t\t\t\t<\/figcaption><\/figure><figure class='gallery-item'>\n\t\t\t<div class='gallery-icon portrait'>\n\t\t\t\t<a href='https:\/\/newsestlyonnais.fr\/site\/2019\/12\/07\/villeurbanne-les-lauriers-du-sport-decernes\/newsestlyonnais-lauriers-2019-21\/'><img loading=\"lazy\" decoding=\"async\" width=\"100\" height=\"150\" src=\"https:\/\/newsestlyonnais.fr\/site\/wp-content\/uploads\/2019\/12\/NEWSESTLYONNAIS-LAURIERS-2019-21-250x375.jpg\" class=\"attachment-thumbnail size-thumbnail\" alt=\"\" aria-describedby=\"gallery-1-90611\" srcset=\"https:\/\/newsestlyonnais.fr\/site\/wp-content\/uploads\/2019\/12\/NEWSESTLYONNAIS-LAURIERS-2019-21-250x375.jpg 250w, https:\/\/newsestlyonnais.fr\/site\/wp-content\/uploads\/2019\/12\/NEWSESTLYONNAIS-LAURIERS-2019-21-400x600.jpg 400w, https:\/\/newsestlyonnais.fr\/site\/wp-content\/uploads\/2019\/12\/NEWSESTLYONNAIS-LAURIERS-2019-21-650x975.jpg 650w, https:\/\/newsestlyonnais.fr\/site\/wp-content\/uploads\/2019\/12\/NEWSESTLYONNAIS-LAURIERS-2019-21-768x1152.jpg 768w, https:\/\/newsestlyonnais.fr\/site\/wp-content\/uploads\/2019\/12\/NEWSESTLYONNAIS-LAURIERS-2019-21-150x225.jpg 150w, https:\/\/newsestlyonnais.fr\/site\/wp-content\/uploads\/2019\/12\/NEWSESTLYONNAIS-LAURIERS-2019-21-50x75.jpg 50w, https:\/\/newsestlyonnais.fr\/site\/wp-content\/uploads\/2019\/12\/NEWSESTLYONNAIS-LAURIERS-2019-21-100x150.jpg 100w, https:\/\/newsestlyonnais.fr\/site\/wp-content\/uploads\/2019\/12\/NEWSESTLYONNAIS-LAURIERS-2019-21-200x300.jpg 200w, https:\/\/newsestlyonnais.fr\/site\/wp-content\/uploads\/2019\/12\/NEWSESTLYONNAIS-LAURIERS-2019-21-300x450.jpg 300w, https:\/\/newsestlyonnais.fr\/site\/wp-content\/uploads\/2019\/12\/NEWSESTLYONNAIS-LAURIERS-2019-21-350x525.jpg 350w, https:\/\/newsestlyonnais.fr\/site\/wp-content\/uploads\/2019\/12\/NEWSESTLYONNAIS-LAURIERS-2019-21-450x675.jpg 450w, https:\/\/newsestlyonnais.fr\/site\/wp-content\/uploads\/2019\/12\/NEWSESTLYONNAIS-LAURIERS-2019-21-500x750.jpg 500w, https:\/\/newsestlyonnais.fr\/site\/wp-content\/uploads\/2019\/12\/NEWSESTLYONNAIS-LAURIERS-2019-21-550x825.jpg 550w, https:\/\/newsestlyonnais.fr\/site\/wp-content\/uploads\/2019\/12\/NEWSESTLYONNAIS-LAURIERS-2019-21.jpg 800w\" sizes=\"auto, (max-width: 100px) 100vw, 100px\" \/><\/a>\n\t\t\t<\/div>\n\t\t\t\t<figcaption class='wp-caption-text gallery-caption' id='gallery-1-90611'>\n\t\t\t\tDieudonn\u00e9 Nsengiyumba vainqueur cat\u00e9gorie \u00ab\u00a0sportif + 18 ans\u00a0\u00bb (15\/22)\n\t\t\t\t<\/figcaption><\/figure><figure class='gallery-item'>\n\t\t\t<div class='gallery-icon landscape'>\n\t\t\t\t<a href='https:\/\/newsestlyonnais.fr\/site\/2019\/12\/07\/villeurbanne-les-lauriers-du-sport-decernes\/newsestlyonnais-lauriers-2019-20\/'><img loading=\"lazy\" decoding=\"async\" width=\"150\" height=\"100\" src=\"https:\/\/newsestlyonnais.fr\/site\/wp-content\/uploads\/2019\/12\/NEWSESTLYONNAIS-LAURIERS-2019-20-250x167.jpg\" class=\"attachment-thumbnail size-thumbnail\" alt=\"\" aria-describedby=\"gallery-1-90609\" srcset=\"https:\/\/newsestlyonnais.fr\/site\/wp-content\/uploads\/2019\/12\/NEWSESTLYONNAIS-LAURIERS-2019-20-250x167.jpg 250w, https:\/\/newsestlyonnais.fr\/site\/wp-content\/uploads\/2019\/12\/NEWSESTLYONNAIS-LAURIERS-2019-20-400x267.jpg 400w, https:\/\/newsestlyonnais.fr\/site\/wp-content\/uploads\/2019\/12\/NEWSESTLYONNAIS-LAURIERS-2019-20-650x433.jpg 650w, https:\/\/newsestlyonnais.fr\/site\/wp-content\/uploads\/2019\/12\/NEWSESTLYONNAIS-LAURIERS-2019-20-768x512.jpg 768w, https:\/\/newsestlyonnais.fr\/site\/wp-content\/uploads\/2019\/12\/NEWSESTLYONNAIS-LAURIERS-2019-20-150x100.jpg 150w, https:\/\/newsestlyonnais.fr\/site\/wp-content\/uploads\/2019\/12\/NEWSESTLYONNAIS-LAURIERS-2019-20-50x33.jpg 50w, https:\/\/newsestlyonnais.fr\/site\/wp-content\/uploads\/2019\/12\/NEWSESTLYONNAIS-LAURIERS-2019-20-100x67.jpg 100w, https:\/\/newsestlyonnais.fr\/site\/wp-content\/uploads\/2019\/12\/NEWSESTLYONNAIS-LAURIERS-2019-20-200x133.jpg 200w, https:\/\/newsestlyonnais.fr\/site\/wp-content\/uploads\/2019\/12\/NEWSESTLYONNAIS-LAURIERS-2019-20-300x200.jpg 300w, https:\/\/newsestlyonnais.fr\/site\/wp-content\/uploads\/2019\/12\/NEWSESTLYONNAIS-LAURIERS-2019-20-350x233.jpg 350w, https:\/\/newsestlyonnais.fr\/site\/wp-content\/uploads\/2019\/12\/NEWSESTLYONNAIS-LAURIERS-2019-20-450x300.jpg 450w, https:\/\/newsestlyonnais.fr\/site\/wp-content\/uploads\/2019\/12\/NEWSESTLYONNAIS-LAURIERS-2019-20-500x333.jpg 500w, https:\/\/newsestlyonnais.fr\/site\/wp-content\/uploads\/2019\/12\/NEWSESTLYONNAIS-LAURIERS-2019-20-550x367.jpg 550w, https:\/\/newsestlyonnais.fr\/site\/wp-content\/uploads\/2019\/12\/NEWSESTLYONNAIS-LAURIERS-2019-20-800x533.jpg 800w, https:\/\/newsestlyonnais.fr\/site\/wp-content\/uploads\/2019\/12\/NEWSESTLYONNAIS-LAURIERS-2019-20.jpg 1200w\" sizes=\"auto, (max-width: 150px) 100vw, 150px\" \/><\/a>\n\t\t\t<\/div>\n\t\t\t\t<figcaption class='wp-caption-text gallery-caption' id='gallery-1-90609'>\n\t\t\t\tLes nomin\u00e9s \u00ab\u00a0Sportifs + 18 ans \u00a0\u00bb  (16\/22)\n\t\t\t\t<\/figcaption><\/figure><figure class='gallery-item'>\n\t\t\t<div class='gallery-icon portrait'>\n\t\t\t\t<a href='https:\/\/newsestlyonnais.fr\/site\/2019\/12\/07\/villeurbanne-les-lauriers-du-sport-decernes\/newsestlyonnais-lauriers-2019-22\/'><img loading=\"lazy\" decoding=\"async\" width=\"100\" height=\"150\" src=\"https:\/\/newsestlyonnais.fr\/site\/wp-content\/uploads\/2019\/12\/NEWSESTLYONNAIS-LAURIERS-2019-22-250x375.jpg\" class=\"attachment-thumbnail size-thumbnail\" alt=\"\" aria-describedby=\"gallery-1-90613\" srcset=\"https:\/\/newsestlyonnais.fr\/site\/wp-content\/uploads\/2019\/12\/NEWSESTLYONNAIS-LAURIERS-2019-22-250x375.jpg 250w, https:\/\/newsestlyonnais.fr\/site\/wp-content\/uploads\/2019\/12\/NEWSESTLYONNAIS-LAURIERS-2019-22-400x600.jpg 400w, https:\/\/newsestlyonnais.fr\/site\/wp-content\/uploads\/2019\/12\/NEWSESTLYONNAIS-LAURIERS-2019-22-650x975.jpg 650w, https:\/\/newsestlyonnais.fr\/site\/wp-content\/uploads\/2019\/12\/NEWSESTLYONNAIS-LAURIERS-2019-22-768x1152.jpg 768w, https:\/\/newsestlyonnais.fr\/site\/wp-content\/uploads\/2019\/12\/NEWSESTLYONNAIS-LAURIERS-2019-22-150x225.jpg 150w, https:\/\/newsestlyonnais.fr\/site\/wp-content\/uploads\/2019\/12\/NEWSESTLYONNAIS-LAURIERS-2019-22-50x75.jpg 50w, https:\/\/newsestlyonnais.fr\/site\/wp-content\/uploads\/2019\/12\/NEWSESTLYONNAIS-LAURIERS-2019-22-100x150.jpg 100w, https:\/\/newsestlyonnais.fr\/site\/wp-content\/uploads\/2019\/12\/NEWSESTLYONNAIS-LAURIERS-2019-22-200x300.jpg 200w, https:\/\/newsestlyonnais.fr\/site\/wp-content\/uploads\/2019\/12\/NEWSESTLYONNAIS-LAURIERS-2019-22-300x450.jpg 300w, https:\/\/newsestlyonnais.fr\/site\/wp-content\/uploads\/2019\/12\/NEWSESTLYONNAIS-LAURIERS-2019-22-350x525.jpg 350w, https:\/\/newsestlyonnais.fr\/site\/wp-content\/uploads\/2019\/12\/NEWSESTLYONNAIS-LAURIERS-2019-22-450x675.jpg 450w, https:\/\/newsestlyonnais.fr\/site\/wp-content\/uploads\/2019\/12\/NEWSESTLYONNAIS-LAURIERS-2019-22-500x750.jpg 500w, https:\/\/newsestlyonnais.fr\/site\/wp-content\/uploads\/2019\/12\/NEWSESTLYONNAIS-LAURIERS-2019-22-550x825.jpg 550w, https:\/\/newsestlyonnais.fr\/site\/wp-content\/uploads\/2019\/12\/NEWSESTLYONNAIS-LAURIERS-2019-22.jpg 800w\" sizes=\"auto, (max-width: 100px) 100vw, 100px\" \/><\/a>\n\t\t\t<\/div>\n\t\t\t\t<figcaption class='wp-caption-text gallery-caption' id='gallery-1-90613'>\n\t\t\t\tLa nageuse Lolita Del Favero \u00e9lue sportive + 18 ans   (17\/22)\n\t\t\t\t<\/figcaption><\/figure><figure class='gallery-item'>\n\t\t\t<div class='gallery-icon portrait'>\n\t\t\t\t<a href='https:\/\/newsestlyonnais.fr\/site\/2019\/12\/07\/villeurbanne-les-lauriers-du-sport-decernes\/newsestlyonnais-lauriers-2019-19\/'><img loading=\"lazy\" decoding=\"async\" width=\"100\" height=\"150\" src=\"https:\/\/newsestlyonnais.fr\/site\/wp-content\/uploads\/2019\/12\/NEWSESTLYONNAIS-LAURIERS-2019-19-250x375.jpg\" class=\"attachment-thumbnail size-thumbnail\" alt=\"\" aria-describedby=\"gallery-1-90606\" srcset=\"https:\/\/newsestlyonnais.fr\/site\/wp-content\/uploads\/2019\/12\/NEWSESTLYONNAIS-LAURIERS-2019-19-250x375.jpg 250w, https:\/\/newsestlyonnais.fr\/site\/wp-content\/uploads\/2019\/12\/NEWSESTLYONNAIS-LAURIERS-2019-19-400x600.jpg 400w, https:\/\/newsestlyonnais.fr\/site\/wp-content\/uploads\/2019\/12\/NEWSESTLYONNAIS-LAURIERS-2019-19-650x975.jpg 650w, https:\/\/newsestlyonnais.fr\/site\/wp-content\/uploads\/2019\/12\/NEWSESTLYONNAIS-LAURIERS-2019-19-768x1152.jpg 768w, https:\/\/newsestlyonnais.fr\/site\/wp-content\/uploads\/2019\/12\/NEWSESTLYONNAIS-LAURIERS-2019-19-150x225.jpg 150w, https:\/\/newsestlyonnais.fr\/site\/wp-content\/uploads\/2019\/12\/NEWSESTLYONNAIS-LAURIERS-2019-19-50x75.jpg 50w, https:\/\/newsestlyonnais.fr\/site\/wp-content\/uploads\/2019\/12\/NEWSESTLYONNAIS-LAURIERS-2019-19-100x150.jpg 100w, https:\/\/newsestlyonnais.fr\/site\/wp-content\/uploads\/2019\/12\/NEWSESTLYONNAIS-LAURIERS-2019-19-200x300.jpg 200w, https:\/\/newsestlyonnais.fr\/site\/wp-content\/uploads\/2019\/12\/NEWSESTLYONNAIS-LAURIERS-2019-19-300x450.jpg 300w, https:\/\/newsestlyonnais.fr\/site\/wp-content\/uploads\/2019\/12\/NEWSESTLYONNAIS-LAURIERS-2019-19-350x525.jpg 350w, https:\/\/newsestlyonnais.fr\/site\/wp-content\/uploads\/2019\/12\/NEWSESTLYONNAIS-LAURIERS-2019-19-450x675.jpg 450w, https:\/\/newsestlyonnais.fr\/site\/wp-content\/uploads\/2019\/12\/NEWSESTLYONNAIS-LAURIERS-2019-19-500x750.jpg 500w, https:\/\/newsestlyonnais.fr\/site\/wp-content\/uploads\/2019\/12\/NEWSESTLYONNAIS-LAURIERS-2019-19-550x825.jpg 550w, https:\/\/newsestlyonnais.fr\/site\/wp-content\/uploads\/2019\/12\/NEWSESTLYONNAIS-LAURIERS-2019-19.jpg 800w\" sizes=\"auto, (max-width: 100px) 100vw, 100px\" \/><\/a>\n\t\t\t<\/div>\n\t\t\t\t<figcaption class='wp-caption-text gallery-caption' id='gallery-1-90606'>\n\t\t\t\tLa nageuse \u00e9lue athl\u00e8te handisport  (18\/22)\n\t\t\t\t<\/figcaption><\/figure><figure class='gallery-item'>\n\t\t\t<div class='gallery-icon landscape'>\n\t\t\t\t<a href='https:\/\/newsestlyonnais.fr\/site\/2019\/12\/07\/villeurbanne-les-lauriers-du-sport-decernes\/newsestlyonnais-lauriers-2019-10\/'><img loading=\"lazy\" decoding=\"async\" width=\"150\" height=\"100\" src=\"https:\/\/newsestlyonnais.fr\/site\/wp-content\/uploads\/2019\/12\/NEWSESTLYONNAIS-LAURIERS-2019-10-250x167.jpg\" class=\"attachment-thumbnail size-thumbnail\" alt=\"\" aria-describedby=\"gallery-1-90578\" srcset=\"https:\/\/newsestlyonnais.fr\/site\/wp-content\/uploads\/2019\/12\/NEWSESTLYONNAIS-LAURIERS-2019-10-250x167.jpg 250w, https:\/\/newsestlyonnais.fr\/site\/wp-content\/uploads\/2019\/12\/NEWSESTLYONNAIS-LAURIERS-2019-10-400x267.jpg 400w, https:\/\/newsestlyonnais.fr\/site\/wp-content\/uploads\/2019\/12\/NEWSESTLYONNAIS-LAURIERS-2019-10-650x433.jpg 650w, https:\/\/newsestlyonnais.fr\/site\/wp-content\/uploads\/2019\/12\/NEWSESTLYONNAIS-LAURIERS-2019-10-768x512.jpg 768w, https:\/\/newsestlyonnais.fr\/site\/wp-content\/uploads\/2019\/12\/NEWSESTLYONNAIS-LAURIERS-2019-10-150x100.jpg 150w, https:\/\/newsestlyonnais.fr\/site\/wp-content\/uploads\/2019\/12\/NEWSESTLYONNAIS-LAURIERS-2019-10-50x33.jpg 50w, https:\/\/newsestlyonnais.fr\/site\/wp-content\/uploads\/2019\/12\/NEWSESTLYONNAIS-LAURIERS-2019-10-100x67.jpg 100w, https:\/\/newsestlyonnais.fr\/site\/wp-content\/uploads\/2019\/12\/NEWSESTLYONNAIS-LAURIERS-2019-10-200x133.jpg 200w, https:\/\/newsestlyonnais.fr\/site\/wp-content\/uploads\/2019\/12\/NEWSESTLYONNAIS-LAURIERS-2019-10-300x200.jpg 300w, https:\/\/newsestlyonnais.fr\/site\/wp-content\/uploads\/2019\/12\/NEWSESTLYONNAIS-LAURIERS-2019-10-350x233.jpg 350w, https:\/\/newsestlyonnais.fr\/site\/wp-content\/uploads\/2019\/12\/NEWSESTLYONNAIS-LAURIERS-2019-10-450x300.jpg 450w, https:\/\/newsestlyonnais.fr\/site\/wp-content\/uploads\/2019\/12\/NEWSESTLYONNAIS-LAURIERS-2019-10-500x333.jpg 500w, https:\/\/newsestlyonnais.fr\/site\/wp-content\/uploads\/2019\/12\/NEWSESTLYONNAIS-LAURIERS-2019-10-550x367.jpg 550w, https:\/\/newsestlyonnais.fr\/site\/wp-content\/uploads\/2019\/12\/NEWSESTLYONNAIS-LAURIERS-2019-10-800x533.jpg 800w, https:\/\/newsestlyonnais.fr\/site\/wp-content\/uploads\/2019\/12\/NEWSESTLYONNAIS-LAURIERS-2019-10.jpg 1200w\" sizes=\"auto, (max-width: 150px) 100vw, 150px\" \/><\/a>\n\t\t\t<\/div>\n\t\t\t\t<figcaption class='wp-caption-text gallery-caption' id='gallery-1-90578'>\n\t\t\t\tLa nageuse Raymonde Arbre, coup de coeur de la soir\u00e9e   (19\/22)\n\t\t\t\t<\/figcaption><\/figure><figure class='gallery-item'>\n\t\t\t<div class='gallery-icon landscape'>\n\t\t\t\t<a href='https:\/\/newsestlyonnais.fr\/site\/2019\/12\/07\/villeurbanne-les-lauriers-du-sport-decernes\/newsestlyonnais-lauriers-2019-11\/'><img loading=\"lazy\" decoding=\"async\" width=\"150\" height=\"100\" src=\"https:\/\/newsestlyonnais.fr\/site\/wp-content\/uploads\/2019\/12\/NEWSESTLYONNAIS-LAURIERS-2019-11-250x167.jpg\" class=\"attachment-thumbnail size-thumbnail\" alt=\"\" aria-describedby=\"gallery-1-90581\" srcset=\"https:\/\/newsestlyonnais.fr\/site\/wp-content\/uploads\/2019\/12\/NEWSESTLYONNAIS-LAURIERS-2019-11-250x167.jpg 250w, https:\/\/newsestlyonnais.fr\/site\/wp-content\/uploads\/2019\/12\/NEWSESTLYONNAIS-LAURIERS-2019-11-400x267.jpg 400w, https:\/\/newsestlyonnais.fr\/site\/wp-content\/uploads\/2019\/12\/NEWSESTLYONNAIS-LAURIERS-2019-11-650x433.jpg 650w, https:\/\/newsestlyonnais.fr\/site\/wp-content\/uploads\/2019\/12\/NEWSESTLYONNAIS-LAURIERS-2019-11-768x512.jpg 768w, https:\/\/newsestlyonnais.fr\/site\/wp-content\/uploads\/2019\/12\/NEWSESTLYONNAIS-LAURIERS-2019-11-150x100.jpg 150w, https:\/\/newsestlyonnais.fr\/site\/wp-content\/uploads\/2019\/12\/NEWSESTLYONNAIS-LAURIERS-2019-11-50x33.jpg 50w, https:\/\/newsestlyonnais.fr\/site\/wp-content\/uploads\/2019\/12\/NEWSESTLYONNAIS-LAURIERS-2019-11-100x67.jpg 100w, https:\/\/newsestlyonnais.fr\/site\/wp-content\/uploads\/2019\/12\/NEWSESTLYONNAIS-LAURIERS-2019-11-200x133.jpg 200w, https:\/\/newsestlyonnais.fr\/site\/wp-content\/uploads\/2019\/12\/NEWSESTLYONNAIS-LAURIERS-2019-11-300x200.jpg 300w, https:\/\/newsestlyonnais.fr\/site\/wp-content\/uploads\/2019\/12\/NEWSESTLYONNAIS-LAURIERS-2019-11-350x233.jpg 350w, https:\/\/newsestlyonnais.fr\/site\/wp-content\/uploads\/2019\/12\/NEWSESTLYONNAIS-LAURIERS-2019-11-450x300.jpg 450w, https:\/\/newsestlyonnais.fr\/site\/wp-content\/uploads\/2019\/12\/NEWSESTLYONNAIS-LAURIERS-2019-11-500x333.jpg 500w, https:\/\/newsestlyonnais.fr\/site\/wp-content\/uploads\/2019\/12\/NEWSESTLYONNAIS-LAURIERS-2019-11-550x367.jpg 550w, https:\/\/newsestlyonnais.fr\/site\/wp-content\/uploads\/2019\/12\/NEWSESTLYONNAIS-LAURIERS-2019-11-800x533.jpg 800w, https:\/\/newsestlyonnais.fr\/site\/wp-content\/uploads\/2019\/12\/NEWSESTLYONNAIS-LAURIERS-2019-11.jpg 1200w\" sizes=\"auto, (max-width: 150px) 100vw, 150px\" \/><\/a>\n\t\t\t<\/div>\n\t\t\t\t<figcaption class='wp-caption-text gallery-caption' id='gallery-1-90581'>\n\t\t\t\tMarc Durieux et Anthony Valet en instance de d\u00e9part de l&rsquo;OSV  (20\/22)\n\t\t\t\t<\/figcaption><\/figure><figure class='gallery-item'>\n\t\t\t<div class='gallery-icon landscape'>\n\t\t\t\t<a href='https:\/\/newsestlyonnais.fr\/site\/2019\/12\/07\/villeurbanne-les-lauriers-du-sport-decernes\/newsestlyonnais-lauriers-2019-12\/'><img loading=\"lazy\" decoding=\"async\" width=\"150\" height=\"100\" src=\"https:\/\/newsestlyonnais.fr\/site\/wp-content\/uploads\/2019\/12\/NEWSESTLYONNAIS-LAURIERS-2019-12-250x167.jpg\" class=\"attachment-thumbnail size-thumbnail\" alt=\"\" aria-describedby=\"gallery-1-90583\" srcset=\"https:\/\/newsestlyonnais.fr\/site\/wp-content\/uploads\/2019\/12\/NEWSESTLYONNAIS-LAURIERS-2019-12-250x167.jpg 250w, https:\/\/newsestlyonnais.fr\/site\/wp-content\/uploads\/2019\/12\/NEWSESTLYONNAIS-LAURIERS-2019-12-400x267.jpg 400w, https:\/\/newsestlyonnais.fr\/site\/wp-content\/uploads\/2019\/12\/NEWSESTLYONNAIS-LAURIERS-2019-12-650x433.jpg 650w, https:\/\/newsestlyonnais.fr\/site\/wp-content\/uploads\/2019\/12\/NEWSESTLYONNAIS-LAURIERS-2019-12-768x512.jpg 768w, https:\/\/newsestlyonnais.fr\/site\/wp-content\/uploads\/2019\/12\/NEWSESTLYONNAIS-LAURIERS-2019-12-150x100.jpg 150w, https:\/\/newsestlyonnais.fr\/site\/wp-content\/uploads\/2019\/12\/NEWSESTLYONNAIS-LAURIERS-2019-12-50x33.jpg 50w, https:\/\/newsestlyonnais.fr\/site\/wp-content\/uploads\/2019\/12\/NEWSESTLYONNAIS-LAURIERS-2019-12-100x67.jpg 100w, https:\/\/newsestlyonnais.fr\/site\/wp-content\/uploads\/2019\/12\/NEWSESTLYONNAIS-LAURIERS-2019-12-200x133.jpg 200w, https:\/\/newsestlyonnais.fr\/site\/wp-content\/uploads\/2019\/12\/NEWSESTLYONNAIS-LAURIERS-2019-12-300x200.jpg 300w, https:\/\/newsestlyonnais.fr\/site\/wp-content\/uploads\/2019\/12\/NEWSESTLYONNAIS-LAURIERS-2019-12-350x233.jpg 350w, https:\/\/newsestlyonnais.fr\/site\/wp-content\/uploads\/2019\/12\/NEWSESTLYONNAIS-LAURIERS-2019-12-450x300.jpg 450w, https:\/\/newsestlyonnais.fr\/site\/wp-content\/uploads\/2019\/12\/NEWSESTLYONNAIS-LAURIERS-2019-12-500x333.jpg 500w, https:\/\/newsestlyonnais.fr\/site\/wp-content\/uploads\/2019\/12\/NEWSESTLYONNAIS-LAURIERS-2019-12-550x367.jpg 550w, https:\/\/newsestlyonnais.fr\/site\/wp-content\/uploads\/2019\/12\/NEWSESTLYONNAIS-LAURIERS-2019-12-800x533.jpg 800w, https:\/\/newsestlyonnais.fr\/site\/wp-content\/uploads\/2019\/12\/NEWSESTLYONNAIS-LAURIERS-2019-12.jpg 1200w\" sizes=\"auto, (max-width: 150px) 100vw, 150px\" \/><\/a>\n\t\t\t<\/div>\n\t\t\t\t<figcaption class='wp-caption-text gallery-caption' id='gallery-1-90583'>\n\t\t\t\tL&rsquo;OSV : P. Pegoraro (pr\u00e9sident), M. Durieux, A. Valet, M. Charbonnier (directrice)  (21\/22)\n\t\t\t\t<\/figcaption><\/figure><figure class='gallery-item'>\n\t\t\t<div class='gallery-icon landscape'>\n\t\t\t\t<a href='https:\/\/newsestlyonnais.fr\/site\/2019\/12\/07\/villeurbanne-les-lauriers-du-sport-decernes\/newsestlyonnais-lauriers-2019-04\/'><img loading=\"lazy\" decoding=\"async\" width=\"150\" height=\"100\" src=\"https:\/\/newsestlyonnais.fr\/site\/wp-content\/uploads\/2019\/12\/NEWSESTLYONNAIS-LAURIERS-2019-04-250x167.jpg\" class=\"attachment-thumbnail size-thumbnail\" alt=\"\" aria-describedby=\"gallery-1-90542\" srcset=\"https:\/\/newsestlyonnais.fr\/site\/wp-content\/uploads\/2019\/12\/NEWSESTLYONNAIS-LAURIERS-2019-04-250x167.jpg 250w, https:\/\/newsestlyonnais.fr\/site\/wp-content\/uploads\/2019\/12\/NEWSESTLYONNAIS-LAURIERS-2019-04-400x267.jpg 400w, https:\/\/newsestlyonnais.fr\/site\/wp-content\/uploads\/2019\/12\/NEWSESTLYONNAIS-LAURIERS-2019-04-650x433.jpg 650w, https:\/\/newsestlyonnais.fr\/site\/wp-content\/uploads\/2019\/12\/NEWSESTLYONNAIS-LAURIERS-2019-04-768x512.jpg 768w, https:\/\/newsestlyonnais.fr\/site\/wp-content\/uploads\/2019\/12\/NEWSESTLYONNAIS-LAURIERS-2019-04-150x100.jpg 150w, https:\/\/newsestlyonnais.fr\/site\/wp-content\/uploads\/2019\/12\/NEWSESTLYONNAIS-LAURIERS-2019-04-50x33.jpg 50w, https:\/\/newsestlyonnais.fr\/site\/wp-content\/uploads\/2019\/12\/NEWSESTLYONNAIS-LAURIERS-2019-04-100x67.jpg 100w, https:\/\/newsestlyonnais.fr\/site\/wp-content\/uploads\/2019\/12\/NEWSESTLYONNAIS-LAURIERS-2019-04-200x133.jpg 200w, https:\/\/newsestlyonnais.fr\/site\/wp-content\/uploads\/2019\/12\/NEWSESTLYONNAIS-LAURIERS-2019-04-300x200.jpg 300w, https:\/\/newsestlyonnais.fr\/site\/wp-content\/uploads\/2019\/12\/NEWSESTLYONNAIS-LAURIERS-2019-04-350x233.jpg 350w, https:\/\/newsestlyonnais.fr\/site\/wp-content\/uploads\/2019\/12\/NEWSESTLYONNAIS-LAURIERS-2019-04-450x300.jpg 450w, https:\/\/newsestlyonnais.fr\/site\/wp-content\/uploads\/2019\/12\/NEWSESTLYONNAIS-LAURIERS-2019-04-500x333.jpg 500w, https:\/\/newsestlyonnais.fr\/site\/wp-content\/uploads\/2019\/12\/NEWSESTLYONNAIS-LAURIERS-2019-04-550x367.jpg 550w, https:\/\/newsestlyonnais.fr\/site\/wp-content\/uploads\/2019\/12\/NEWSESTLYONNAIS-LAURIERS-2019-04-800x533.jpg 800w, https:\/\/newsestlyonnais.fr\/site\/wp-content\/uploads\/2019\/12\/NEWSESTLYONNAIS-LAURIERS-2019-04.jpg 1200w\" sizes=\"auto, (max-width: 150px) 100vw, 150px\" \/><\/a>\n\t\t\t<\/div>\n\t\t\t\t<figcaption class='wp-caption-text gallery-caption' id='gallery-1-90542'>\n\t\t\t\tDes troph\u00e9es r\u00e9alis\u00e9s par les menuisiers de la ville   (22\/22)\n\t\t\t\t<\/figcaption><\/figure>\n\t\t<\/div>\n\n<p>&nbsp;<\/p>\n","protected":false},"excerpt":{"rendered":"<p>Sportives, sportifs et associations ont \u00e9t\u00e9 honor\u00e9s vendredi soir pour leurs performances et leur engagement.<\/p>\n","protected":false},"author":4,"featured_media":90534,"comment_status":"open","ping_status":"open","sticky":false,"template":"","format":"standard","meta":{"footnotes":""},"categories":[574,166,3016,3896,29],"tags":[3157,2665,2091],"class_list":["post-90486","post","type-post","status-publish","format-standard","has-post-thumbnail","hentry","category-autres-sports","category-divers-sports","category-institutions-trophees-jo","category-lutte-sambo","category-villeurbanne","tag-lauriers","tag-sport","tag-villeurbanne"],"yoast_head":"<!-- This site is optimized with the Yoast SEO plugin v27.2 - https:\/\/yoast.com\/product\/yoast-seo-wordpress\/ -->\n<title>VILLEURBANNE | Les Lauriers du sport ont \u00e9t\u00e9 d\u00e9cern\u00e9s - News Est Lyonnais<\/title>\n<meta name=\"description\" content=\"VILLEURBANNE | Les Lauriers du sport d\u00e9cern\u00e9s\" \/>\n<meta name=\"robots\" content=\"index, follow, max-snippet:-1, max-image-preview:large, max-video-preview:-1\" \/>\n<link rel=\"canonical\" href=\"https:\/\/newsestlyonnais.fr\/site\/2019\/12\/07\/villeurbanne-les-lauriers-du-sport-decernes\/\" \/>\n<meta property=\"og:locale\" content=\"fr_FR\" \/>\n<meta property=\"og:type\" content=\"article\" \/>\n<meta property=\"og:title\" content=\"VILLEURBANNE | Les Lauriers du sport ont \u00e9t\u00e9 d\u00e9cern\u00e9s - News Est Lyonnais\" \/>\n<meta property=\"og:description\" content=\"VILLEURBANNE | Les Lauriers du sport d\u00e9cern\u00e9s\" \/>\n<meta property=\"og:url\" content=\"https:\/\/newsestlyonnais.fr\/site\/2019\/12\/07\/villeurbanne-les-lauriers-du-sport-decernes\/\" \/>\n<meta property=\"og:site_name\" content=\"News Est Lyonnais\" \/>\n<meta property=\"article:author\" content=\"https:\/\/www.facebook.com\/pascal.oberson.1?fref=ts\" \/>\n<meta property=\"article:published_time\" content=\"2019-12-07T08:01:05+00:00\" \/>\n<meta property=\"article:modified_time\" content=\"2023-05-31T14:05:39+00:00\" \/>\n<meta property=\"og:image\" content=\"https:\/\/newsestlyonnais.fr\/site\/wp-content\/uploads\/2019\/12\/NEWSESTLYONNAIS-LAURIERS-2019-02.jpg\" \/>\n\t<meta property=\"og:image:width\" content=\"1200\" \/>\n\t<meta property=\"og:image:height\" content=\"800\" \/>\n\t<meta property=\"og:image:type\" content=\"image\/jpeg\" \/>\n<meta name=\"author\" content=\"R\u00e9dac. NEWS\" \/>\n<meta name=\"twitter:card\" content=\"summary_large_image\" \/>\n<meta name=\"twitter:label1\" content=\"\u00c9crit par\" \/>\n\t<meta name=\"twitter:data1\" content=\"R\u00e9dac. NEWS\" \/>\n\t<meta name=\"twitter:label2\" content=\"Dur\u00e9e de lecture estim\u00e9e\" \/>\n\t<meta name=\"twitter:data2\" content=\"2 minutes\" \/>\n<script type=\"application\/ld+json\" class=\"yoast-schema-graph\">{\"@context\":\"https:\/\/schema.org\",\"@graph\":[{\"@type\":\"Article\",\"@id\":\"https:\/\/newsestlyonnais.fr\/site\/2019\/12\/07\/villeurbanne-les-lauriers-du-sport-decernes\/#article\",\"isPartOf\":{\"@id\":\"https:\/\/newsestlyonnais.fr\/site\/2019\/12\/07\/villeurbanne-les-lauriers-du-sport-decernes\/\"},\"author\":{\"name\":\"R\u00e9dac. NEWS\",\"@id\":\"https:\/\/newsestlyonnais.fr\/site\/#\/schema\/person\/3230d5615f390bb808365d673001e887\"},\"headline\":\"VILLEURBANNE | Les Lauriers du sport ont \u00e9t\u00e9 d\u00e9cern\u00e9s\",\"datePublished\":\"2019-12-07T08:01:05+00:00\",\"dateModified\":\"2023-05-31T14:05:39+00:00\",\"mainEntityOfPage\":{\"@id\":\"https:\/\/newsestlyonnais.fr\/site\/2019\/12\/07\/villeurbanne-les-lauriers-du-sport-decernes\/\"},\"wordCount\":439,\"commentCount\":0,\"publisher\":{\"@id\":\"https:\/\/newsestlyonnais.fr\/site\/#organization\"},\"image\":{\"@id\":\"https:\/\/newsestlyonnais.fr\/site\/2019\/12\/07\/villeurbanne-les-lauriers-du-sport-decernes\/#primaryimage\"},\"thumbnailUrl\":\"https:\/\/newsestlyonnais.fr\/site\/wp-content\/uploads\/2019\/12\/NEWSESTLYONNAIS-LAURIERS-2019-02.jpg\",\"keywords\":[\"LAURIERS\",\"SPORT\",\"VILLEURBANNE\"],\"articleSection\":[\"Autres sports\",\"Divers Sports\",\"Institutions | Troph\u00e9es | J.O.\",\"Lutte \/ Sambo\",\"Villeurbanne\"],\"inLanguage\":\"fr-FR\",\"potentialAction\":[{\"@type\":\"CommentAction\",\"name\":\"Comment\",\"target\":[\"https:\/\/newsestlyonnais.fr\/site\/2019\/12\/07\/villeurbanne-les-lauriers-du-sport-decernes\/#respond\"]}]},{\"@type\":\"WebPage\",\"@id\":\"https:\/\/newsestlyonnais.fr\/site\/2019\/12\/07\/villeurbanne-les-lauriers-du-sport-decernes\/\",\"url\":\"https:\/\/newsestlyonnais.fr\/site\/2019\/12\/07\/villeurbanne-les-lauriers-du-sport-decernes\/\",\"name\":\"VILLEURBANNE | Les Lauriers du sport ont \u00e9t\u00e9 d\u00e9cern\u00e9s - News Est Lyonnais\",\"isPartOf\":{\"@id\":\"https:\/\/newsestlyonnais.fr\/site\/#website\"},\"primaryImageOfPage\":{\"@id\":\"https:\/\/newsestlyonnais.fr\/site\/2019\/12\/07\/villeurbanne-les-lauriers-du-sport-decernes\/#primaryimage\"},\"image\":{\"@id\":\"https:\/\/newsestlyonnais.fr\/site\/2019\/12\/07\/villeurbanne-les-lauriers-du-sport-decernes\/#primaryimage\"},\"thumbnailUrl\":\"https:\/\/newsestlyonnais.fr\/site\/wp-content\/uploads\/2019\/12\/NEWSESTLYONNAIS-LAURIERS-2019-02.jpg\",\"datePublished\":\"2019-12-07T08:01:05+00:00\",\"dateModified\":\"2023-05-31T14:05:39+00:00\",\"description\":\"VILLEURBANNE | Les Lauriers du sport d\u00e9cern\u00e9s\",\"breadcrumb\":{\"@id\":\"https:\/\/newsestlyonnais.fr\/site\/2019\/12\/07\/villeurbanne-les-lauriers-du-sport-decernes\/#breadcrumb\"},\"inLanguage\":\"fr-FR\",\"potentialAction\":[{\"@type\":\"ReadAction\",\"target\":[\"https:\/\/newsestlyonnais.fr\/site\/2019\/12\/07\/villeurbanne-les-lauriers-du-sport-decernes\/\"]}]},{\"@type\":\"ImageObject\",\"inLanguage\":\"fr-FR\",\"@id\":\"https:\/\/newsestlyonnais.fr\/site\/2019\/12\/07\/villeurbanne-les-lauriers-du-sport-decernes\/#primaryimage\",\"url\":\"https:\/\/newsestlyonnais.fr\/site\/wp-content\/uploads\/2019\/12\/NEWSESTLYONNAIS-LAURIERS-2019-02.jpg\",\"contentUrl\":\"https:\/\/newsestlyonnais.fr\/site\/wp-content\/uploads\/2019\/12\/NEWSESTLYONNAIS-LAURIERS-2019-02.jpg\",\"width\":1200,\"height\":800},{\"@type\":\"BreadcrumbList\",\"@id\":\"https:\/\/newsestlyonnais.fr\/site\/2019\/12\/07\/villeurbanne-les-lauriers-du-sport-decernes\/#breadcrumb\",\"itemListElement\":[{\"@type\":\"ListItem\",\"position\":1,\"name\":\"Accueil\",\"item\":\"https:\/\/newsestlyonnais.fr\/site\/\"},{\"@type\":\"ListItem\",\"position\":2,\"name\":\"VILLEURBANNE | Les Lauriers du sport ont \u00e9t\u00e9 d\u00e9cern\u00e9s\"}]},{\"@type\":\"WebSite\",\"@id\":\"https:\/\/newsestlyonnais.fr\/site\/#website\",\"url\":\"https:\/\/newsestlyonnais.fr\/site\/\",\"name\":\"News Est Lyonnais\",\"description\":\"L&#039;actualit\u00e9 au plus pr\u00e8s\",\"publisher\":{\"@id\":\"https:\/\/newsestlyonnais.fr\/site\/#organization\"},\"potentialAction\":[{\"@type\":\"SearchAction\",\"target\":{\"@type\":\"EntryPoint\",\"urlTemplate\":\"https:\/\/newsestlyonnais.fr\/site\/?s={search_term_string}\"},\"query-input\":{\"@type\":\"PropertyValueSpecification\",\"valueRequired\":true,\"valueName\":\"search_term_string\"}}],\"inLanguage\":\"fr-FR\"},{\"@type\":\"Organization\",\"@id\":\"https:\/\/newsestlyonnais.fr\/site\/#organization\",\"name\":\"News EST LYONNAIS\",\"url\":\"https:\/\/newsestlyonnais.fr\/site\/\",\"logo\":{\"@type\":\"ImageObject\",\"inLanguage\":\"fr-FR\",\"@id\":\"https:\/\/newsestlyonnais.fr\/site\/#\/schema\/logo\/image\/\",\"url\":\"\",\"contentUrl\":\"\",\"caption\":\"News EST LYONNAIS\"},\"image\":{\"@id\":\"https:\/\/newsestlyonnais.fr\/site\/#\/schema\/logo\/image\/\"}},{\"@type\":\"Person\",\"@id\":\"https:\/\/newsestlyonnais.fr\/site\/#\/schema\/person\/3230d5615f390bb808365d673001e887\",\"name\":\"R\u00e9dac. NEWS\",\"sameAs\":[\"http:\/\/www.newsestlyonnais.fr\",\"https:\/\/www.facebook.com\/pascal.oberson.1?fref=ts\",\"https:\/\/fr.linkedin.com\/in\/pascal-oberson-b17045113\"],\"url\":\"https:\/\/newsestlyonnais.fr\/site\/author\/nel\/\"}]}<\/script>\n<!-- \/ Yoast SEO plugin. -->","yoast_head_json":{"title":"VILLEURBANNE | Les Lauriers du sport ont \u00e9t\u00e9 d\u00e9cern\u00e9s - News Est Lyonnais","description":"VILLEURBANNE | Les Lauriers du sport d\u00e9cern\u00e9s","robots":{"index":"index","follow":"follow","max-snippet":"max-snippet:-1","max-image-preview":"max-image-preview:large","max-video-preview":"max-video-preview:-1"},"canonical":"https:\/\/newsestlyonnais.fr\/site\/2019\/12\/07\/villeurbanne-les-lauriers-du-sport-decernes\/","og_locale":"fr_FR","og_type":"article","og_title":"VILLEURBANNE | Les Lauriers du sport ont \u00e9t\u00e9 d\u00e9cern\u00e9s - News Est Lyonnais","og_description":"VILLEURBANNE | Les Lauriers du sport d\u00e9cern\u00e9s","og_url":"https:\/\/newsestlyonnais.fr\/site\/2019\/12\/07\/villeurbanne-les-lauriers-du-sport-decernes\/","og_site_name":"News Est Lyonnais","article_author":"https:\/\/www.facebook.com\/pascal.oberson.1?fref=ts","article_published_time":"2019-12-07T08:01:05+00:00","article_modified_time":"2023-05-31T14:05:39+00:00","og_image":[{"width":1200,"height":800,"url":"https:\/\/newsestlyonnais.fr\/site\/wp-content\/uploads\/2019\/12\/NEWSESTLYONNAIS-LAURIERS-2019-02.jpg","type":"image\/jpeg"}],"author":"R\u00e9dac. NEWS","twitter_card":"summary_large_image","twitter_misc":{"\u00c9crit par":"R\u00e9dac. NEWS","Dur\u00e9e de lecture estim\u00e9e":"2 minutes"},"schema":{"@context":"https:\/\/schema.org","@graph":[{"@type":"Article","@id":"https:\/\/newsestlyonnais.fr\/site\/2019\/12\/07\/villeurbanne-les-lauriers-du-sport-decernes\/#article","isPartOf":{"@id":"https:\/\/newsestlyonnais.fr\/site\/2019\/12\/07\/villeurbanne-les-lauriers-du-sport-decernes\/"},"author":{"name":"R\u00e9dac. NEWS","@id":"https:\/\/newsestlyonnais.fr\/site\/#\/schema\/person\/3230d5615f390bb808365d673001e887"},"headline":"VILLEURBANNE | Les Lauriers du sport ont \u00e9t\u00e9 d\u00e9cern\u00e9s","datePublished":"2019-12-07T08:01:05+00:00","dateModified":"2023-05-31T14:05:39+00:00","mainEntityOfPage":{"@id":"https:\/\/newsestlyonnais.fr\/site\/2019\/12\/07\/villeurbanne-les-lauriers-du-sport-decernes\/"},"wordCount":439,"commentCount":0,"publisher":{"@id":"https:\/\/newsestlyonnais.fr\/site\/#organization"},"image":{"@id":"https:\/\/newsestlyonnais.fr\/site\/2019\/12\/07\/villeurbanne-les-lauriers-du-sport-decernes\/#primaryimage"},"thumbnailUrl":"https:\/\/newsestlyonnais.fr\/site\/wp-content\/uploads\/2019\/12\/NEWSESTLYONNAIS-LAURIERS-2019-02.jpg","keywords":["LAURIERS","SPORT","VILLEURBANNE"],"articleSection":["Autres sports","Divers Sports","Institutions | Troph\u00e9es | J.O.","Lutte \/ Sambo","Villeurbanne"],"inLanguage":"fr-FR","potentialAction":[{"@type":"CommentAction","name":"Comment","target":["https:\/\/newsestlyonnais.fr\/site\/2019\/12\/07\/villeurbanne-les-lauriers-du-sport-decernes\/#respond"]}]},{"@type":"WebPage","@id":"https:\/\/newsestlyonnais.fr\/site\/2019\/12\/07\/villeurbanne-les-lauriers-du-sport-decernes\/","url":"https:\/\/newsestlyonnais.fr\/site\/2019\/12\/07\/villeurbanne-les-lauriers-du-sport-decernes\/","name":"VILLEURBANNE | Les Lauriers du sport ont \u00e9t\u00e9 d\u00e9cern\u00e9s - News Est Lyonnais","isPartOf":{"@id":"https:\/\/newsestlyonnais.fr\/site\/#website"},"primaryImageOfPage":{"@id":"https:\/\/newsestlyonnais.fr\/site\/2019\/12\/07\/villeurbanne-les-lauriers-du-sport-decernes\/#primaryimage"},"image":{"@id":"https:\/\/newsestlyonnais.fr\/site\/2019\/12\/07\/villeurbanne-les-lauriers-du-sport-decernes\/#primaryimage"},"thumbnailUrl":"https:\/\/newsestlyonnais.fr\/site\/wp-content\/uploads\/2019\/12\/NEWSESTLYONNAIS-LAURIERS-2019-02.jpg","datePublished":"2019-12-07T08:01:05+00:00","dateModified":"2023-05-31T14:05:39+00:00","description":"VILLEURBANNE | Les Lauriers du sport d\u00e9cern\u00e9s","breadcrumb":{"@id":"https:\/\/newsestlyonnais.fr\/site\/2019\/12\/07\/villeurbanne-les-lauriers-du-sport-decernes\/#breadcrumb"},"inLanguage":"fr-FR","potentialAction":[{"@type":"ReadAction","target":["https:\/\/newsestlyonnais.fr\/site\/2019\/12\/07\/villeurbanne-les-lauriers-du-sport-decernes\/"]}]},{"@type":"ImageObject","inLanguage":"fr-FR","@id":"https:\/\/newsestlyonnais.fr\/site\/2019\/12\/07\/villeurbanne-les-lauriers-du-sport-decernes\/#primaryimage","url":"https:\/\/newsestlyonnais.fr\/site\/wp-content\/uploads\/2019\/12\/NEWSESTLYONNAIS-LAURIERS-2019-02.jpg","contentUrl":"https:\/\/newsestlyonnais.fr\/site\/wp-content\/uploads\/2019\/12\/NEWSESTLYONNAIS-LAURIERS-2019-02.jpg","width":1200,"height":800},{"@type":"BreadcrumbList","@id":"https:\/\/newsestlyonnais.fr\/site\/2019\/12\/07\/villeurbanne-les-lauriers-du-sport-decernes\/#breadcrumb","itemListElement":[{"@type":"ListItem","position":1,"name":"Accueil","item":"https:\/\/newsestlyonnais.fr\/site\/"},{"@type":"ListItem","position":2,"name":"VILLEURBANNE | Les Lauriers du sport ont \u00e9t\u00e9 d\u00e9cern\u00e9s"}]},{"@type":"WebSite","@id":"https:\/\/newsestlyonnais.fr\/site\/#website","url":"https:\/\/newsestlyonnais.fr\/site\/","name":"News Est Lyonnais","description":"L&#039;actualit\u00e9 au plus pr\u00e8s","publisher":{"@id":"https:\/\/newsestlyonnais.fr\/site\/#organization"},"potentialAction":[{"@type":"SearchAction","target":{"@type":"EntryPoint","urlTemplate":"https:\/\/newsestlyonnais.fr\/site\/?s={search_term_string}"},"query-input":{"@type":"PropertyValueSpecification","valueRequired":true,"valueName":"search_term_string"}}],"inLanguage":"fr-FR"},{"@type":"Organization","@id":"https:\/\/newsestlyonnais.fr\/site\/#organization","name":"News EST LYONNAIS","url":"https:\/\/newsestlyonnais.fr\/site\/","logo":{"@type":"ImageObject","inLanguage":"fr-FR","@id":"https:\/\/newsestlyonnais.fr\/site\/#\/schema\/logo\/image\/","url":"","contentUrl":"","caption":"News EST LYONNAIS"},"image":{"@id":"https:\/\/newsestlyonnais.fr\/site\/#\/schema\/logo\/image\/"}},{"@type":"Person","@id":"https:\/\/newsestlyonnais.fr\/site\/#\/schema\/person\/3230d5615f390bb808365d673001e887","name":"R\u00e9dac. NEWS","sameAs":["http:\/\/www.newsestlyonnais.fr","https:\/\/www.facebook.com\/pascal.oberson.1?fref=ts","https:\/\/fr.linkedin.com\/in\/pascal-oberson-b17045113"],"url":"https:\/\/newsestlyonnais.fr\/site\/author\/nel\/"}]}},"_links":{"self":[{"href":"https:\/\/newsestlyonnais.fr\/site\/wp-json\/wp\/v2\/posts\/90486","targetHints":{"allow":["GET"]}}],"collection":[{"href":"https:\/\/newsestlyonnais.fr\/site\/wp-json\/wp\/v2\/posts"}],"about":[{"href":"https:\/\/newsestlyonnais.fr\/site\/wp-json\/wp\/v2\/types\/post"}],"author":[{"embeddable":true,"href":"https:\/\/newsestlyonnais.fr\/site\/wp-json\/wp\/v2\/users\/4"}],"replies":[{"embeddable":true,"href":"https:\/\/newsestlyonnais.fr\/site\/wp-json\/wp\/v2\/comments?post=90486"}],"version-history":[{"count":0,"href":"https:\/\/newsestlyonnais.fr\/site\/wp-json\/wp\/v2\/posts\/90486\/revisions"}],"wp:featuredmedia":[{"embeddable":true,"href":"https:\/\/newsestlyonnais.fr\/site\/wp-json\/wp\/v2\/media\/90534"}],"wp:attachment":[{"href":"https:\/\/newsestlyonnais.fr\/site\/wp-json\/wp\/v2\/media?parent=90486"}],"wp:term":[{"taxonomy":"category","embeddable":true,"href":"https:\/\/newsestlyonnais.fr\/site\/wp-json\/wp\/v2\/categories?post=90486"},{"taxonomy":"post_tag","embeddable":true,"href":"https:\/\/newsestlyonnais.fr\/site\/wp-json\/wp\/v2\/tags?post=90486"}],"curies":[{"name":"wp","href":"https:\/\/api.w.org\/{rel}","templated":true}]}}