{"id":90624,"date":"2019-12-08T08:01:45","date_gmt":"2019-12-08T07:01:45","guid":{"rendered":"http:\/\/newsestlyonnais.fr\/site\/?p=90624"},"modified":"2019-12-08T15:50:37","modified_gmt":"2019-12-08T14:50:37","slug":"bron-lumieres-spectacles-poetiques-et-lumineux","status":"publish","type":"post","link":"https:\/\/newsestlyonnais.fr\/site\/2019\/12\/08\/bron-lumieres-spectacles-poetiques-et-lumineux\/","title":{"rendered":"BRON LUMIERES | Spectacles po\u00e9tiques et lumineux"},"content":{"rendered":"<h3><span style=\"text-decoration: underline\"><em><strong>Des spectacles po\u00e9tiques et lumineux : <\/strong><\/em><\/span><strong>\u00a0<\/strong><\/h3>\n<ul>\n<li><strong>17 h 15 : BandaBron : <\/strong>La formation de l\u2019<strong>Harmonie La Glaneuse<\/strong> donnera le point de d\u00e9part festif et musical de cette F\u00eate des Lumi\u00e8res. En ext\u00e9rieur &#8211; Dur\u00e9e : 30 mn.<\/li>\n<\/ul>\n<ul>\n<li><strong>18h et 20h : Fire &amp; Led show : <\/strong><strong>Compagnie Fire Light.<\/strong> Un spectacle esth\u00e9tique m\u00ealant la manipulation d\u2019objets enflamm\u00e9s, la pyrotechnie et la jonglerie lumineuse pour une performance haute en couleurs. En ext\u00e9rieur &#8211; Dur\u00e9e : 20 mn.<\/li>\n<\/ul>\n<ul>\n<li><strong>18 h 30, 19 h 30 et 20 h 30 : FierS \u00e0 Cheval \u2013 Totems : Compagnie des Quidams.<\/strong> Les figures po\u00e9tiques de la Compagnie des Quidams d\u00e9ambuleront pour offrir aux spectateurs un voyage onirique. Chevaux ou silhouettes g\u00e9antes aux formes \u00e9pur\u00e9es se faufileront dans l\u2019imaginaire du public. En ext\u00e9rieur \u2013 Dur\u00e9e 25 mn.<\/li>\n<li><strong>Mise en lumi\u00e8re<\/strong> : Les cr\u00e9ations artistiques de ParadeDesign illumineront le square Grimma.<\/li>\n<\/ul>\n<h3><span style=\"text-decoration: underline\"><strong><em>aux animations participatives :<\/em> <\/strong><\/span><\/h3>\n<ul>\n<li><strong>Fabrique Num\u00e9rique #2 : Peintures-Lumi\u00e8res<\/strong> : L\u2019artiste Jacques-Andr\u00e9 Dupont revient avec les habitants du quartier de Parilly pour la cr\u00e9ation d\u2019une nouvelle fresque singuli\u00e8re. Peinturlurer, crayonner, barbouiller, dessiner\u2026 Venez participer \u00e0 ce live Paintmapping pour donner vie \u00e0 cette installation interactive ! Espace Roger Pestourie \u2013 En continu.<\/li>\n<li><strong>Atelier de fabrication de cartes magiques<\/strong> : <strong>Anne-Lise King. <\/strong>Placer une feuille transparente sur une tablette\u2026 Enfiler des lunettes polarisantes, prendre une carte et la tapisser de scotch en laissant faire son imagination\u2026 Et hop, la magie op\u00e8re ! En ext\u00e9rieur \u2013 En continu, dans la limite des places disponibles.<\/li>\n<li><strong>19 h : Karaok\u00e9 des habitants<\/strong> : \u00c0 partir de mots issus du livre d\u2019or de l\u2019exposition \u00ab\u00a0Les Flux Imaginaires\u00a0\u00bb, pr\u00e9sent\u00e9e jusqu\u2019au 14 d\u00e9cembre \u00e0 la M\u00e9diath\u00e8que Jean Pr\u00e9vost, ce karaok\u00e9 organis\u00e9 dans le cadre du projet Veduta &#8211; 15e Biennale d\u2019Art Contemporain de Lyon &#8211; fera des Brondillants les chanteurs d\u2019un soir ! En ext\u00e9rieur \u2013 Dur\u00e9e 30 mn.<\/li>\n<li><strong>La Cabane de Jardin, man\u00e8ge-th\u00e9\u00e2tre \u00e0 propulsion parental<\/strong>e. <strong>Th\u00e9\u00e2tre de la Toupine. <\/strong>Embarquement dans un jardin imaginaire o\u00f9 les parents font tourner rond ce man\u00e8ge carr\u00e9. En ext\u00e9rieur \u2013 En continu.<\/li>\n<\/ul>\n<h2>Rendez-vous d\u00e8s 17 h place du 11 novembre 1918.<\/h2>\n<p>&nbsp;<\/p>\n","protected":false},"excerpt":{"rendered":"<p>Le centre-ville se pare de lumi\u00e8res pour le 8 d\u00e9cembre avec un programme envo\u00fbtant, po\u00e9tique et en musique. <\/p>\n","protected":false},"author":4,"featured_media":90625,"comment_status":"open","ping_status":"open","sticky":false,"template":"","format":"standard","meta":{"footnotes":""},"categories":[2217,19],"tags":[2072],"class_list":["post-90624","post","type-post","status-publish","format-standard","has-post-thumbnail","hentry","category-breves-de-lest-lyonnais","category-bron","tag-bron"],"yoast_head":"<!-- This site is optimized with the Yoast SEO plugin v27.2 - https:\/\/yoast.com\/product\/yoast-seo-wordpress\/ -->\n<title>BRON LUMIERES | Spectacles po\u00e9tiques et lumineux - News Est Lyonnais<\/title>\n<meta name=\"description\" content=\"BRON LUMIERES | Spectacles po\u00e9tiques et lumineux\" \/>\n<meta name=\"robots\" content=\"index, follow, max-snippet:-1, max-image-preview:large, max-video-preview:-1\" \/>\n<link rel=\"canonical\" href=\"https:\/\/newsestlyonnais.fr\/site\/2019\/12\/08\/bron-lumieres-spectacles-poetiques-et-lumineux\/\" \/>\n<meta property=\"og:locale\" content=\"fr_FR\" \/>\n<meta property=\"og:type\" content=\"article\" \/>\n<meta property=\"og:title\" content=\"BRON LUMIERES | Spectacles po\u00e9tiques et lumineux - News Est Lyonnais\" \/>\n<meta property=\"og:description\" content=\"BRON LUMIERES | Spectacles po\u00e9tiques et lumineux\" \/>\n<meta property=\"og:url\" content=\"https:\/\/newsestlyonnais.fr\/site\/2019\/12\/08\/bron-lumieres-spectacles-poetiques-et-lumineux\/\" \/>\n<meta property=\"og:site_name\" content=\"News Est Lyonnais\" \/>\n<meta property=\"article:author\" content=\"https:\/\/www.facebook.com\/pascal.oberson.1?fref=ts\" \/>\n<meta property=\"article:published_time\" content=\"2019-12-08T07:01:45+00:00\" \/>\n<meta property=\"article:modified_time\" content=\"2019-12-08T14:50:37+00:00\" \/>\n<meta property=\"og:image\" content=\"https:\/\/i1.wp.com\/newsestlyonnais.fr\/site\/wp-content\/uploads\/2019\/12\/NEWSESTLYONNAIS-8-d\u00e9cembre-BRON-2.jpg?fit=412%2C290&ssl=1\" \/>\n\t<meta property=\"og:image:width\" content=\"412\" \/>\n\t<meta property=\"og:image:height\" content=\"290\" \/>\n\t<meta property=\"og:image:type\" content=\"image\/jpeg\" \/>\n<meta name=\"author\" content=\"R\u00e9dac. NEWS\" \/>\n<meta name=\"twitter:card\" content=\"summary_large_image\" \/>\n<meta name=\"twitter:label1\" content=\"\u00c9crit par\" \/>\n\t<meta name=\"twitter:data1\" content=\"R\u00e9dac. NEWS\" \/>\n\t<meta name=\"twitter:label2\" content=\"Dur\u00e9e de lecture estim\u00e9e\" \/>\n\t<meta name=\"twitter:data2\" content=\"2 minutes\" \/>\n<script type=\"application\/ld+json\" class=\"yoast-schema-graph\">{\"@context\":\"https:\/\/schema.org\",\"@graph\":[{\"@type\":\"Article\",\"@id\":\"https:\/\/newsestlyonnais.fr\/site\/2019\/12\/08\/bron-lumieres-spectacles-poetiques-et-lumineux\/#article\",\"isPartOf\":{\"@id\":\"https:\/\/newsestlyonnais.fr\/site\/2019\/12\/08\/bron-lumieres-spectacles-poetiques-et-lumineux\/\"},\"author\":{\"name\":\"R\u00e9dac. NEWS\",\"@id\":\"https:\/\/newsestlyonnais.fr\/site\/#\/schema\/person\/3230d5615f390bb808365d673001e887\"},\"headline\":\"BRON LUMIERES | Spectacles po\u00e9tiques et lumineux\",\"datePublished\":\"2019-12-08T07:01:45+00:00\",\"dateModified\":\"2019-12-08T14:50:37+00:00\",\"mainEntityOfPage\":{\"@id\":\"https:\/\/newsestlyonnais.fr\/site\/2019\/12\/08\/bron-lumieres-spectacles-poetiques-et-lumineux\/\"},\"wordCount\":355,\"commentCount\":0,\"publisher\":{\"@id\":\"https:\/\/newsestlyonnais.fr\/site\/#organization\"},\"image\":{\"@id\":\"https:\/\/newsestlyonnais.fr\/site\/2019\/12\/08\/bron-lumieres-spectacles-poetiques-et-lumineux\/#primaryimage\"},\"thumbnailUrl\":\"https:\/\/newsestlyonnais.fr\/site\/wp-content\/uploads\/2019\/12\/NEWSESTLYONNAIS-8-d\u00e9cembre-BRON-2.jpg\",\"keywords\":[\"BRON\"],\"articleSection\":[\"Br\u00e8ves de l'Est lyonnais\",\"Bron\"],\"inLanguage\":\"fr-FR\",\"potentialAction\":[{\"@type\":\"CommentAction\",\"name\":\"Comment\",\"target\":[\"https:\/\/newsestlyonnais.fr\/site\/2019\/12\/08\/bron-lumieres-spectacles-poetiques-et-lumineux\/#respond\"]}]},{\"@type\":\"WebPage\",\"@id\":\"https:\/\/newsestlyonnais.fr\/site\/2019\/12\/08\/bron-lumieres-spectacles-poetiques-et-lumineux\/\",\"url\":\"https:\/\/newsestlyonnais.fr\/site\/2019\/12\/08\/bron-lumieres-spectacles-poetiques-et-lumineux\/\",\"name\":\"BRON LUMIERES | Spectacles po\u00e9tiques et lumineux - News Est Lyonnais\",\"isPartOf\":{\"@id\":\"https:\/\/newsestlyonnais.fr\/site\/#website\"},\"primaryImageOfPage\":{\"@id\":\"https:\/\/newsestlyonnais.fr\/site\/2019\/12\/08\/bron-lumieres-spectacles-poetiques-et-lumineux\/#primaryimage\"},\"image\":{\"@id\":\"https:\/\/newsestlyonnais.fr\/site\/2019\/12\/08\/bron-lumieres-spectacles-poetiques-et-lumineux\/#primaryimage\"},\"thumbnailUrl\":\"https:\/\/newsestlyonnais.fr\/site\/wp-content\/uploads\/2019\/12\/NEWSESTLYONNAIS-8-d\u00e9cembre-BRON-2.jpg\",\"datePublished\":\"2019-12-08T07:01:45+00:00\",\"dateModified\":\"2019-12-08T14:50:37+00:00\",\"description\":\"BRON LUMIERES | Spectacles po\u00e9tiques et lumineux\",\"breadcrumb\":{\"@id\":\"https:\/\/newsestlyonnais.fr\/site\/2019\/12\/08\/bron-lumieres-spectacles-poetiques-et-lumineux\/#breadcrumb\"},\"inLanguage\":\"fr-FR\",\"potentialAction\":[{\"@type\":\"ReadAction\",\"target\":[\"https:\/\/newsestlyonnais.fr\/site\/2019\/12\/08\/bron-lumieres-spectacles-poetiques-et-lumineux\/\"]}]},{\"@type\":\"ImageObject\",\"inLanguage\":\"fr-FR\",\"@id\":\"https:\/\/newsestlyonnais.fr\/site\/2019\/12\/08\/bron-lumieres-spectacles-poetiques-et-lumineux\/#primaryimage\",\"url\":\"https:\/\/newsestlyonnais.fr\/site\/wp-content\/uploads\/2019\/12\/NEWSESTLYONNAIS-8-d\u00e9cembre-BRON-2.jpg\",\"contentUrl\":\"https:\/\/newsestlyonnais.fr\/site\/wp-content\/uploads\/2019\/12\/NEWSESTLYONNAIS-8-d\u00e9cembre-BRON-2.jpg\",\"width\":412,\"height\":290},{\"@type\":\"BreadcrumbList\",\"@id\":\"https:\/\/newsestlyonnais.fr\/site\/2019\/12\/08\/bron-lumieres-spectacles-poetiques-et-lumineux\/#breadcrumb\",\"itemListElement\":[{\"@type\":\"ListItem\",\"position\":1,\"name\":\"Accueil\",\"item\":\"https:\/\/newsestlyonnais.fr\/site\/\"},{\"@type\":\"ListItem\",\"position\":2,\"name\":\"BRON LUMIERES | Spectacles po\u00e9tiques et lumineux\"}]},{\"@type\":\"WebSite\",\"@id\":\"https:\/\/newsestlyonnais.fr\/site\/#website\",\"url\":\"https:\/\/newsestlyonnais.fr\/site\/\",\"name\":\"News Est Lyonnais\",\"description\":\"L&#039;actualit\u00e9 au plus pr\u00e8s\",\"publisher\":{\"@id\":\"https:\/\/newsestlyonnais.fr\/site\/#organization\"},\"potentialAction\":[{\"@type\":\"SearchAction\",\"target\":{\"@type\":\"EntryPoint\",\"urlTemplate\":\"https:\/\/newsestlyonnais.fr\/site\/?s={search_term_string}\"},\"query-input\":{\"@type\":\"PropertyValueSpecification\",\"valueRequired\":true,\"valueName\":\"search_term_string\"}}],\"inLanguage\":\"fr-FR\"},{\"@type\":\"Organization\",\"@id\":\"https:\/\/newsestlyonnais.fr\/site\/#organization\",\"name\":\"News EST LYONNAIS\",\"url\":\"https:\/\/newsestlyonnais.fr\/site\/\",\"logo\":{\"@type\":\"ImageObject\",\"inLanguage\":\"fr-FR\",\"@id\":\"https:\/\/newsestlyonnais.fr\/site\/#\/schema\/logo\/image\/\",\"url\":\"\",\"contentUrl\":\"\",\"caption\":\"News EST LYONNAIS\"},\"image\":{\"@id\":\"https:\/\/newsestlyonnais.fr\/site\/#\/schema\/logo\/image\/\"}},{\"@type\":\"Person\",\"@id\":\"https:\/\/newsestlyonnais.fr\/site\/#\/schema\/person\/3230d5615f390bb808365d673001e887\",\"name\":\"R\u00e9dac. NEWS\",\"sameAs\":[\"http:\/\/www.newsestlyonnais.fr\",\"https:\/\/www.facebook.com\/pascal.oberson.1?fref=ts\",\"https:\/\/fr.linkedin.com\/in\/pascal-oberson-b17045113\"],\"url\":\"https:\/\/newsestlyonnais.fr\/site\/author\/nel\/\"}]}<\/script>\n<!-- \/ Yoast SEO plugin. -->","yoast_head_json":{"title":"BRON LUMIERES | Spectacles po\u00e9tiques et lumineux - News Est Lyonnais","description":"BRON LUMIERES | Spectacles po\u00e9tiques et lumineux","robots":{"index":"index","follow":"follow","max-snippet":"max-snippet:-1","max-image-preview":"max-image-preview:large","max-video-preview":"max-video-preview:-1"},"canonical":"https:\/\/newsestlyonnais.fr\/site\/2019\/12\/08\/bron-lumieres-spectacles-poetiques-et-lumineux\/","og_locale":"fr_FR","og_type":"article","og_title":"BRON LUMIERES | Spectacles po\u00e9tiques et lumineux - News Est Lyonnais","og_description":"BRON LUMIERES | Spectacles po\u00e9tiques et lumineux","og_url":"https:\/\/newsestlyonnais.fr\/site\/2019\/12\/08\/bron-lumieres-spectacles-poetiques-et-lumineux\/","og_site_name":"News Est Lyonnais","article_author":"https:\/\/www.facebook.com\/pascal.oberson.1?fref=ts","article_published_time":"2019-12-08T07:01:45+00:00","article_modified_time":"2019-12-08T14:50:37+00:00","og_image":[{"width":412,"height":290,"url":"https:\/\/i1.wp.com\/newsestlyonnais.fr\/site\/wp-content\/uploads\/2019\/12\/NEWSESTLYONNAIS-8-d\u00e9cembre-BRON-2.jpg?fit=412%2C290&ssl=1","type":"image\/jpeg"}],"author":"R\u00e9dac. NEWS","twitter_card":"summary_large_image","twitter_misc":{"\u00c9crit par":"R\u00e9dac. NEWS","Dur\u00e9e de lecture estim\u00e9e":"2 minutes"},"schema":{"@context":"https:\/\/schema.org","@graph":[{"@type":"Article","@id":"https:\/\/newsestlyonnais.fr\/site\/2019\/12\/08\/bron-lumieres-spectacles-poetiques-et-lumineux\/#article","isPartOf":{"@id":"https:\/\/newsestlyonnais.fr\/site\/2019\/12\/08\/bron-lumieres-spectacles-poetiques-et-lumineux\/"},"author":{"name":"R\u00e9dac. NEWS","@id":"https:\/\/newsestlyonnais.fr\/site\/#\/schema\/person\/3230d5615f390bb808365d673001e887"},"headline":"BRON LUMIERES | Spectacles po\u00e9tiques et lumineux","datePublished":"2019-12-08T07:01:45+00:00","dateModified":"2019-12-08T14:50:37+00:00","mainEntityOfPage":{"@id":"https:\/\/newsestlyonnais.fr\/site\/2019\/12\/08\/bron-lumieres-spectacles-poetiques-et-lumineux\/"},"wordCount":355,"commentCount":0,"publisher":{"@id":"https:\/\/newsestlyonnais.fr\/site\/#organization"},"image":{"@id":"https:\/\/newsestlyonnais.fr\/site\/2019\/12\/08\/bron-lumieres-spectacles-poetiques-et-lumineux\/#primaryimage"},"thumbnailUrl":"https:\/\/newsestlyonnais.fr\/site\/wp-content\/uploads\/2019\/12\/NEWSESTLYONNAIS-8-d\u00e9cembre-BRON-2.jpg","keywords":["BRON"],"articleSection":["Br\u00e8ves de l'Est lyonnais","Bron"],"inLanguage":"fr-FR","potentialAction":[{"@type":"CommentAction","name":"Comment","target":["https:\/\/newsestlyonnais.fr\/site\/2019\/12\/08\/bron-lumieres-spectacles-poetiques-et-lumineux\/#respond"]}]},{"@type":"WebPage","@id":"https:\/\/newsestlyonnais.fr\/site\/2019\/12\/08\/bron-lumieres-spectacles-poetiques-et-lumineux\/","url":"https:\/\/newsestlyonnais.fr\/site\/2019\/12\/08\/bron-lumieres-spectacles-poetiques-et-lumineux\/","name":"BRON LUMIERES | Spectacles po\u00e9tiques et lumineux - News Est Lyonnais","isPartOf":{"@id":"https:\/\/newsestlyonnais.fr\/site\/#website"},"primaryImageOfPage":{"@id":"https:\/\/newsestlyonnais.fr\/site\/2019\/12\/08\/bron-lumieres-spectacles-poetiques-et-lumineux\/#primaryimage"},"image":{"@id":"https:\/\/newsestlyonnais.fr\/site\/2019\/12\/08\/bron-lumieres-spectacles-poetiques-et-lumineux\/#primaryimage"},"thumbnailUrl":"https:\/\/newsestlyonnais.fr\/site\/wp-content\/uploads\/2019\/12\/NEWSESTLYONNAIS-8-d\u00e9cembre-BRON-2.jpg","datePublished":"2019-12-08T07:01:45+00:00","dateModified":"2019-12-08T14:50:37+00:00","description":"BRON LUMIERES | Spectacles po\u00e9tiques et lumineux","breadcrumb":{"@id":"https:\/\/newsestlyonnais.fr\/site\/2019\/12\/08\/bron-lumieres-spectacles-poetiques-et-lumineux\/#breadcrumb"},"inLanguage":"fr-FR","potentialAction":[{"@type":"ReadAction","target":["https:\/\/newsestlyonnais.fr\/site\/2019\/12\/08\/bron-lumieres-spectacles-poetiques-et-lumineux\/"]}]},{"@type":"ImageObject","inLanguage":"fr-FR","@id":"https:\/\/newsestlyonnais.fr\/site\/2019\/12\/08\/bron-lumieres-spectacles-poetiques-et-lumineux\/#primaryimage","url":"https:\/\/newsestlyonnais.fr\/site\/wp-content\/uploads\/2019\/12\/NEWSESTLYONNAIS-8-d\u00e9cembre-BRON-2.jpg","contentUrl":"https:\/\/newsestlyonnais.fr\/site\/wp-content\/uploads\/2019\/12\/NEWSESTLYONNAIS-8-d\u00e9cembre-BRON-2.jpg","width":412,"height":290},{"@type":"BreadcrumbList","@id":"https:\/\/newsestlyonnais.fr\/site\/2019\/12\/08\/bron-lumieres-spectacles-poetiques-et-lumineux\/#breadcrumb","itemListElement":[{"@type":"ListItem","position":1,"name":"Accueil","item":"https:\/\/newsestlyonnais.fr\/site\/"},{"@type":"ListItem","position":2,"name":"BRON LUMIERES | Spectacles po\u00e9tiques et lumineux"}]},{"@type":"WebSite","@id":"https:\/\/newsestlyonnais.fr\/site\/#website","url":"https:\/\/newsestlyonnais.fr\/site\/","name":"News Est Lyonnais","description":"L&#039;actualit\u00e9 au plus pr\u00e8s","publisher":{"@id":"https:\/\/newsestlyonnais.fr\/site\/#organization"},"potentialAction":[{"@type":"SearchAction","target":{"@type":"EntryPoint","urlTemplate":"https:\/\/newsestlyonnais.fr\/site\/?s={search_term_string}"},"query-input":{"@type":"PropertyValueSpecification","valueRequired":true,"valueName":"search_term_string"}}],"inLanguage":"fr-FR"},{"@type":"Organization","@id":"https:\/\/newsestlyonnais.fr\/site\/#organization","name":"News EST LYONNAIS","url":"https:\/\/newsestlyonnais.fr\/site\/","logo":{"@type":"ImageObject","inLanguage":"fr-FR","@id":"https:\/\/newsestlyonnais.fr\/site\/#\/schema\/logo\/image\/","url":"","contentUrl":"","caption":"News EST LYONNAIS"},"image":{"@id":"https:\/\/newsestlyonnais.fr\/site\/#\/schema\/logo\/image\/"}},{"@type":"Person","@id":"https:\/\/newsestlyonnais.fr\/site\/#\/schema\/person\/3230d5615f390bb808365d673001e887","name":"R\u00e9dac. NEWS","sameAs":["http:\/\/www.newsestlyonnais.fr","https:\/\/www.facebook.com\/pascal.oberson.1?fref=ts","https:\/\/fr.linkedin.com\/in\/pascal-oberson-b17045113"],"url":"https:\/\/newsestlyonnais.fr\/site\/author\/nel\/"}]}},"_links":{"self":[{"href":"https:\/\/newsestlyonnais.fr\/site\/wp-json\/wp\/v2\/posts\/90624","targetHints":{"allow":["GET"]}}],"collection":[{"href":"https:\/\/newsestlyonnais.fr\/site\/wp-json\/wp\/v2\/posts"}],"about":[{"href":"https:\/\/newsestlyonnais.fr\/site\/wp-json\/wp\/v2\/types\/post"}],"author":[{"embeddable":true,"href":"https:\/\/newsestlyonnais.fr\/site\/wp-json\/wp\/v2\/users\/4"}],"replies":[{"embeddable":true,"href":"https:\/\/newsestlyonnais.fr\/site\/wp-json\/wp\/v2\/comments?post=90624"}],"version-history":[{"count":0,"href":"https:\/\/newsestlyonnais.fr\/site\/wp-json\/wp\/v2\/posts\/90624\/revisions"}],"wp:featuredmedia":[{"embeddable":true,"href":"https:\/\/newsestlyonnais.fr\/site\/wp-json\/wp\/v2\/media\/90625"}],"wp:attachment":[{"href":"https:\/\/newsestlyonnais.fr\/site\/wp-json\/wp\/v2\/media?parent=90624"}],"wp:term":[{"taxonomy":"category","embeddable":true,"href":"https:\/\/newsestlyonnais.fr\/site\/wp-json\/wp\/v2\/categories?post=90624"},{"taxonomy":"post_tag","embeddable":true,"href":"https:\/\/newsestlyonnais.fr\/site\/wp-json\/wp\/v2\/tags?post=90624"}],"curies":[{"name":"wp","href":"https:\/\/api.w.org\/{rel}","templated":true}]}}