{"id":90798,"date":"2019-12-10T09:40:50","date_gmt":"2019-12-10T08:40:50","guid":{"rendered":"http:\/\/newsestlyonnais.fr\/site\/?p=90798"},"modified":"2019-12-11T07:42:47","modified_gmt":"2019-12-11T06:42:47","slug":"corbas-les-evenements-de-decembre","status":"publish","type":"post","link":"https:\/\/newsestlyonnais.fr\/site\/2019\/12\/10\/corbas-les-evenements-de-decembre\/","title":{"rendered":"CORBAS | Les \u00e9v\u00e8nements de d\u00e9cembre"},"content":{"rendered":"<ul>\n<li><span class=\"evcal_desc evo_info hide_eventtopdata \"><span class=\"evcal_desc evo_info hide_eventtopdata \"><span class=\"evcal_desc2 evcal_event_title\"><strong>jusqu&rsquo;au 3 f\u00e9vrier 2020 : Expo photos<\/strong> \u00ab Portraits d\u2019enfants et paysages \u00bb (<\/span><\/span><\/span>Hall H\u00f4tel de Ville, Place Charles Jocteur).<span class=\"evcal_desc evo_info hide_eventtopdata \"><span class=\"evcal_desc2 evcal_event_title\"><br \/>\n<\/span><\/span><\/li>\n<li><strong>jeudi 12 d\u00e9cembre \u00e0 19 h 30 : Conseil Municipal<\/strong>. (Mairie de Corbas, place Charles Jocteur).<\/li>\n<li><strong>vendredi 13 d\u00e9cembre de 19 h 30 \u00e0 20 h<\/strong> : <strong>\u00bf SANS % ?<\/strong> de C\u00e9dric Marchal \/ Association Le Polaris. Qu\u2019est-ce qu\u2019un ap\u00e9ro sans plateau ? Sans plateau, un ap\u00e9ro saurait-il \u00eatre ? Entr\u00e9e libre sans r\u00e9servation dans la limite des places disponibles. (Salle Histoires M\u00e9diath\u00e8que) <strong>&amp; \u00e0 19 h 30 : Concours de Coinche<\/strong> \/ Corbas VTT. (Parc des Loisirs, Salle de R\u00e9ception, 370 Rue Nungesser et Coli).<\/li>\n<li><strong>du vendredi 13 (17 h \/ 21 h 30) au samedi 14 d\u00e9cembre (10 h \/ 18 h 30) : March\u00e9 de NO\u00cbL<\/strong> \/ Comit\u00e9 des F\u00eates de Corbas. (Gymnase Jean Jaur\u00e8s).<\/li>\n<li>\n<div class=\"date\"><strong>dimanche 15 d\u00e9cembre de 17 h \u00e0 19 h : Concert de No\u00ebl<\/strong> \/ Ensemble Vocal Aquarelle. (Eglise de Corbas).<\/div>\n<\/li>\n<\/ul>\n<p><strong>Retrouvez l\u2019ACTU de la commune sur : <a href=\"https:\/\/www.ville-corbas.fr\">https:\/\/www.ville-corbas.fr<\/a><\/strong><\/p>\n<div id='gallery-1' class='gallery galleryid-90798 gallery-columns-3 gallery-size-thumbnail'><figure class='gallery-item'>\n\t\t\t<div class='gallery-icon portrait'>\n\t\t\t\t<a href='https:\/\/newsestlyonnais.fr\/site\/2019\/12\/10\/corbas-les-evenements-de-decembre\/newsestlyonanis-conc-coinche-2019-corbas\/'><img loading=\"lazy\" decoding=\"async\" width=\"106\" height=\"150\" src=\"https:\/\/newsestlyonnais.fr\/site\/wp-content\/uploads\/2019\/12\/NEWSESTLYONANIS-conc.-coinche-2019-Corbas-250x354.jpg\" class=\"attachment-thumbnail size-thumbnail\" alt=\"\" aria-describedby=\"gallery-1-90812\" srcset=\"https:\/\/newsestlyonnais.fr\/site\/wp-content\/uploads\/2019\/12\/NEWSESTLYONANIS-conc.-coinche-2019-Corbas-250x354.jpg 250w, https:\/\/newsestlyonnais.fr\/site\/wp-content\/uploads\/2019\/12\/NEWSESTLYONANIS-conc.-coinche-2019-Corbas-400x567.jpg 400w, https:\/\/newsestlyonnais.fr\/site\/wp-content\/uploads\/2019\/12\/NEWSESTLYONANIS-conc.-coinche-2019-Corbas-650x921.jpg 650w, https:\/\/newsestlyonnais.fr\/site\/wp-content\/uploads\/2019\/12\/NEWSESTLYONANIS-conc.-coinche-2019-Corbas-150x213.jpg 150w, https:\/\/newsestlyonnais.fr\/site\/wp-content\/uploads\/2019\/12\/NEWSESTLYONANIS-conc.-coinche-2019-Corbas-50x71.jpg 50w, https:\/\/newsestlyonnais.fr\/site\/wp-content\/uploads\/2019\/12\/NEWSESTLYONANIS-conc.-coinche-2019-Corbas-100x142.jpg 100w, https:\/\/newsestlyonnais.fr\/site\/wp-content\/uploads\/2019\/12\/NEWSESTLYONANIS-conc.-coinche-2019-Corbas-200x283.jpg 200w, https:\/\/newsestlyonnais.fr\/site\/wp-content\/uploads\/2019\/12\/NEWSESTLYONANIS-conc.-coinche-2019-Corbas-300x425.jpg 300w, https:\/\/newsestlyonnais.fr\/site\/wp-content\/uploads\/2019\/12\/NEWSESTLYONANIS-conc.-coinche-2019-Corbas-350x496.jpg 350w, https:\/\/newsestlyonnais.fr\/site\/wp-content\/uploads\/2019\/12\/NEWSESTLYONANIS-conc.-coinche-2019-Corbas-450x638.jpg 450w, https:\/\/newsestlyonnais.fr\/site\/wp-content\/uploads\/2019\/12\/NEWSESTLYONANIS-conc.-coinche-2019-Corbas-500x709.jpg 500w, https:\/\/newsestlyonnais.fr\/site\/wp-content\/uploads\/2019\/12\/NEWSESTLYONANIS-conc.-coinche-2019-Corbas-550x780.jpg 550w, https:\/\/newsestlyonnais.fr\/site\/wp-content\/uploads\/2019\/12\/NEWSESTLYONANIS-conc.-coinche-2019-Corbas.jpg 654w\" sizes=\"auto, (max-width: 106px) 100vw, 106px\" \/><\/a>\n\t\t\t<\/div>\n\t\t\t\t<figcaption class='wp-caption-text gallery-caption' id='gallery-1-90812'>\n\t\t\t\tConcours de coinche\n\t\t\t\t<\/figcaption><\/figure><figure class='gallery-item'>\n\t\t\t<div class='gallery-icon portrait'>\n\t\t\t\t<a href='https:\/\/newsestlyonnais.fr\/site\/corbas-marche-de-noel-3\/'><img loading=\"lazy\" decoding=\"async\" width=\"104\" height=\"150\" src=\"https:\/\/newsestlyonnais.fr\/site\/wp-content\/uploads\/2019\/10\/CORBAS-MARCHE-DE-NOEL-250x362.jpg\" class=\"attachment-thumbnail size-thumbnail\" alt=\"\" aria-describedby=\"gallery-1-90797\" srcset=\"https:\/\/newsestlyonnais.fr\/site\/wp-content\/uploads\/2019\/10\/CORBAS-MARCHE-DE-NOEL-250x362.jpg 250w, https:\/\/newsestlyonnais.fr\/site\/wp-content\/uploads\/2019\/10\/CORBAS-MARCHE-DE-NOEL-400x580.jpg 400w, https:\/\/newsestlyonnais.fr\/site\/wp-content\/uploads\/2019\/10\/CORBAS-MARCHE-DE-NOEL-150x217.jpg 150w, https:\/\/newsestlyonnais.fr\/site\/wp-content\/uploads\/2019\/10\/CORBAS-MARCHE-DE-NOEL-50x72.jpg 50w, https:\/\/newsestlyonnais.fr\/site\/wp-content\/uploads\/2019\/10\/CORBAS-MARCHE-DE-NOEL-100x145.jpg 100w, https:\/\/newsestlyonnais.fr\/site\/wp-content\/uploads\/2019\/10\/CORBAS-MARCHE-DE-NOEL-200x290.jpg 200w, https:\/\/newsestlyonnais.fr\/site\/wp-content\/uploads\/2019\/10\/CORBAS-MARCHE-DE-NOEL-300x435.jpg 300w, https:\/\/newsestlyonnais.fr\/site\/wp-content\/uploads\/2019\/10\/CORBAS-MARCHE-DE-NOEL-350x507.jpg 350w, https:\/\/newsestlyonnais.fr\/site\/wp-content\/uploads\/2019\/10\/CORBAS-MARCHE-DE-NOEL-450x652.jpg 450w, https:\/\/newsestlyonnais.fr\/site\/wp-content\/uploads\/2019\/10\/CORBAS-MARCHE-DE-NOEL-500x725.jpg 500w, https:\/\/newsestlyonnais.fr\/site\/wp-content\/uploads\/2019\/10\/CORBAS-MARCHE-DE-NOEL-550x797.jpg 550w, https:\/\/newsestlyonnais.fr\/site\/wp-content\/uploads\/2019\/10\/CORBAS-MARCHE-DE-NOEL.jpg 639w\" sizes=\"auto, (max-width: 104px) 100vw, 104px\" \/><\/a>\n\t\t\t<\/div>\n\t\t\t\t<figcaption class='wp-caption-text gallery-caption' id='gallery-1-90797'>\n\t\t\t\t    March\u00e9 de NOEL\n\t\t\t\t<\/figcaption><\/figure><figure class='gallery-item'>\n\t\t\t<div class='gallery-icon portrait'>\n\t\t\t\t<a href='https:\/\/newsestlyonnais.fr\/site\/2019\/12\/10\/corbas-les-evenements-de-decembre\/concert-de-noel-le-15-decembre-a-17h\/'><img loading=\"lazy\" decoding=\"async\" width=\"107\" height=\"150\" src=\"https:\/\/newsestlyonnais.fr\/site\/wp-content\/uploads\/2019\/12\/Concert-de-Noel-le-15-decembre-a-17h-250x349.jpg\" class=\"attachment-thumbnail size-thumbnail\" alt=\"\" aria-describedby=\"gallery-1-90813\" srcset=\"https:\/\/newsestlyonnais.fr\/site\/wp-content\/uploads\/2019\/12\/Concert-de-Noel-le-15-decembre-a-17h-250x349.jpg 250w, https:\/\/newsestlyonnais.fr\/site\/wp-content\/uploads\/2019\/12\/Concert-de-Noel-le-15-decembre-a-17h-400x558.jpg 400w, https:\/\/newsestlyonnais.fr\/site\/wp-content\/uploads\/2019\/12\/Concert-de-Noel-le-15-decembre-a-17h-650x907.jpg 650w, https:\/\/newsestlyonnais.fr\/site\/wp-content\/uploads\/2019\/12\/Concert-de-Noel-le-15-decembre-a-17h-768x1071.jpg 768w, https:\/\/newsestlyonnais.fr\/site\/wp-content\/uploads\/2019\/12\/Concert-de-Noel-le-15-decembre-a-17h-1101x1536.jpg 1101w, https:\/\/newsestlyonnais.fr\/site\/wp-content\/uploads\/2019\/12\/Concert-de-Noel-le-15-decembre-a-17h-1468x2048.jpg 1468w, https:\/\/newsestlyonnais.fr\/site\/wp-content\/uploads\/2019\/12\/Concert-de-Noel-le-15-decembre-a-17h-150x209.jpg 150w, https:\/\/newsestlyonnais.fr\/site\/wp-content\/uploads\/2019\/12\/Concert-de-Noel-le-15-decembre-a-17h-50x70.jpg 50w, https:\/\/newsestlyonnais.fr\/site\/wp-content\/uploads\/2019\/12\/Concert-de-Noel-le-15-decembre-a-17h-100x140.jpg 100w, https:\/\/newsestlyonnais.fr\/site\/wp-content\/uploads\/2019\/12\/Concert-de-Noel-le-15-decembre-a-17h-200x279.jpg 200w, https:\/\/newsestlyonnais.fr\/site\/wp-content\/uploads\/2019\/12\/Concert-de-Noel-le-15-decembre-a-17h-300x419.jpg 300w, https:\/\/newsestlyonnais.fr\/site\/wp-content\/uploads\/2019\/12\/Concert-de-Noel-le-15-decembre-a-17h-350x488.jpg 350w, https:\/\/newsestlyonnais.fr\/site\/wp-content\/uploads\/2019\/12\/Concert-de-Noel-le-15-decembre-a-17h-450x628.jpg 450w, https:\/\/newsestlyonnais.fr\/site\/wp-content\/uploads\/2019\/12\/Concert-de-Noel-le-15-decembre-a-17h-500x698.jpg 500w, https:\/\/newsestlyonnais.fr\/site\/wp-content\/uploads\/2019\/12\/Concert-de-Noel-le-15-decembre-a-17h-550x767.jpg 550w, https:\/\/newsestlyonnais.fr\/site\/wp-content\/uploads\/2019\/12\/Concert-de-Noel-le-15-decembre-a-17h-800x1116.jpg 800w, https:\/\/newsestlyonnais.fr\/site\/wp-content\/uploads\/2019\/12\/Concert-de-Noel-le-15-decembre-a-17h-1200x1674.jpg 1200w, https:\/\/newsestlyonnais.fr\/site\/wp-content\/uploads\/2019\/12\/Concert-de-Noel-le-15-decembre-a-17h-1600x2232.jpg 1600w, https:\/\/newsestlyonnais.fr\/site\/wp-content\/uploads\/2019\/12\/Concert-de-Noel-le-15-decembre-a-17h-2000x2790.jpg 2000w, https:\/\/newsestlyonnais.fr\/site\/wp-content\/uploads\/2019\/12\/Concert-de-Noel-le-15-decembre-a-17h-1320x1842.jpg 1320w, https:\/\/newsestlyonnais.fr\/site\/wp-content\/uploads\/2019\/12\/Concert-de-Noel-le-15-decembre-a-17h-scaled.jpg 1835w\" sizes=\"auto, (max-width: 107px) 100vw, 107px\" \/><\/a>\n\t\t\t<\/div>\n\t\t\t\t<figcaption class='wp-caption-text gallery-caption' id='gallery-1-90813'>\n\t\t\t\t    Concert de NOEL\n\t\t\t\t<\/figcaption><\/figure><figure class='gallery-item'>\n\t\t\t<div class='gallery-icon landscape'>\n\t\t\t\t<a href='https:\/\/newsestlyonnais.fr\/site\/2019\/11\/28\/corbas-expo-photos-portraits-denfants-et-paysages\/proposition_affiche_exposition_jean_moreno\/'><img loading=\"lazy\" decoding=\"async\" width=\"150\" height=\"106\" src=\"https:\/\/newsestlyonnais.fr\/site\/wp-content\/uploads\/2019\/11\/PROPOSITION_AFFICHE_EXPOSITION_JEAN_MORENO-250x177.jpg\" class=\"attachment-thumbnail size-thumbnail\" alt=\"\" aria-describedby=\"gallery-1-89785\" srcset=\"https:\/\/newsestlyonnais.fr\/site\/wp-content\/uploads\/2019\/11\/PROPOSITION_AFFICHE_EXPOSITION_JEAN_MORENO-250x177.jpg 250w, https:\/\/newsestlyonnais.fr\/site\/wp-content\/uploads\/2019\/11\/PROPOSITION_AFFICHE_EXPOSITION_JEAN_MORENO-400x283.jpg 400w, https:\/\/newsestlyonnais.fr\/site\/wp-content\/uploads\/2019\/11\/PROPOSITION_AFFICHE_EXPOSITION_JEAN_MORENO-650x459.jpg 650w, https:\/\/newsestlyonnais.fr\/site\/wp-content\/uploads\/2019\/11\/PROPOSITION_AFFICHE_EXPOSITION_JEAN_MORENO-768x543.jpg 768w, https:\/\/newsestlyonnais.fr\/site\/wp-content\/uploads\/2019\/11\/PROPOSITION_AFFICHE_EXPOSITION_JEAN_MORENO-150x106.jpg 150w, https:\/\/newsestlyonnais.fr\/site\/wp-content\/uploads\/2019\/11\/PROPOSITION_AFFICHE_EXPOSITION_JEAN_MORENO-50x35.jpg 50w, https:\/\/newsestlyonnais.fr\/site\/wp-content\/uploads\/2019\/11\/PROPOSITION_AFFICHE_EXPOSITION_JEAN_MORENO-100x71.jpg 100w, https:\/\/newsestlyonnais.fr\/site\/wp-content\/uploads\/2019\/11\/PROPOSITION_AFFICHE_EXPOSITION_JEAN_MORENO-200x141.jpg 200w, https:\/\/newsestlyonnais.fr\/site\/wp-content\/uploads\/2019\/11\/PROPOSITION_AFFICHE_EXPOSITION_JEAN_MORENO-300x212.jpg 300w, https:\/\/newsestlyonnais.fr\/site\/wp-content\/uploads\/2019\/11\/PROPOSITION_AFFICHE_EXPOSITION_JEAN_MORENO-350x247.jpg 350w, https:\/\/newsestlyonnais.fr\/site\/wp-content\/uploads\/2019\/11\/PROPOSITION_AFFICHE_EXPOSITION_JEAN_MORENO-450x318.jpg 450w, https:\/\/newsestlyonnais.fr\/site\/wp-content\/uploads\/2019\/11\/PROPOSITION_AFFICHE_EXPOSITION_JEAN_MORENO-500x353.jpg 500w, https:\/\/newsestlyonnais.fr\/site\/wp-content\/uploads\/2019\/11\/PROPOSITION_AFFICHE_EXPOSITION_JEAN_MORENO-550x389.jpg 550w, https:\/\/newsestlyonnais.fr\/site\/wp-content\/uploads\/2019\/11\/PROPOSITION_AFFICHE_EXPOSITION_JEAN_MORENO-800x565.jpg 800w, https:\/\/newsestlyonnais.fr\/site\/wp-content\/uploads\/2019\/11\/PROPOSITION_AFFICHE_EXPOSITION_JEAN_MORENO.jpg 838w\" sizes=\"auto, (max-width: 150px) 100vw, 150px\" \/><\/a>\n\t\t\t<\/div>\n\t\t\t\t<figcaption class='wp-caption-text gallery-caption' id='gallery-1-89785'>\n\t\t\t\t      Expo photos\n\t\t\t\t<\/figcaption><\/figure>\n\t\t<\/div>\n\n","protected":false},"excerpt":{"rendered":"<p>Quelques \u00e9v\u00e8nements sont programm\u00e9s sur la commune d&rsquo;ici la fin du mois. <\/p>\n","protected":false},"author":4,"featured_media":90799,"comment_status":"open","ping_status":"open","sticky":false,"template":"","format":"standard","meta":{"footnotes":""},"categories":[1287],"tags":[1991,2700],"class_list":["post-90798","post","type-post","status-publish","format-standard","has-post-thumbnail","hentry","category-corbas-feyzin","tag-agenda","tag-corbas"],"yoast_head":"<!-- This site is optimized with the Yoast SEO plugin v27.2 - https:\/\/yoast.com\/product\/yoast-seo-wordpress\/ -->\n<title>CORBAS | Les \u00e9v\u00e8nements de d\u00e9cembre - News Est Lyonnais<\/title>\n<meta name=\"description\" content=\"CORBAS | Les \u00e9v\u00e8nements de d\u00e9cembre\" \/>\n<meta name=\"robots\" content=\"index, follow, max-snippet:-1, max-image-preview:large, max-video-preview:-1\" \/>\n<link rel=\"canonical\" href=\"https:\/\/newsestlyonnais.fr\/site\/2019\/12\/10\/corbas-les-evenements-de-decembre\/\" \/>\n<meta property=\"og:locale\" content=\"fr_FR\" \/>\n<meta property=\"og:type\" content=\"article\" \/>\n<meta property=\"og:title\" content=\"CORBAS | Les \u00e9v\u00e8nements de d\u00e9cembre - News Est Lyonnais\" \/>\n<meta property=\"og:description\" content=\"CORBAS | Les \u00e9v\u00e8nements de d\u00e9cembre\" \/>\n<meta property=\"og:url\" content=\"https:\/\/newsestlyonnais.fr\/site\/2019\/12\/10\/corbas-les-evenements-de-decembre\/\" \/>\n<meta property=\"og:site_name\" content=\"News Est Lyonnais\" \/>\n<meta property=\"article:author\" content=\"https:\/\/www.facebook.com\/pascal.oberson.1?fref=ts\" \/>\n<meta property=\"article:published_time\" content=\"2019-12-10T08:40:50+00:00\" \/>\n<meta property=\"article:modified_time\" content=\"2019-12-11T06:42:47+00:00\" \/>\n<meta property=\"og:image\" content=\"https:\/\/i2.wp.com\/newsestlyonnais.fr\/site\/wp-content\/uploads\/2019\/12\/NEWSESTLYONNAIS-LOGO-VILLE.png?fit=735%2C400&ssl=1\" \/>\n\t<meta property=\"og:image:width\" content=\"735\" \/>\n\t<meta property=\"og:image:height\" content=\"400\" \/>\n\t<meta property=\"og:image:type\" content=\"image\/png\" \/>\n<meta name=\"author\" content=\"R\u00e9dac. NEWS\" \/>\n<meta name=\"twitter:card\" content=\"summary_large_image\" \/>\n<meta name=\"twitter:label1\" content=\"\u00c9crit par\" \/>\n\t<meta name=\"twitter:data1\" content=\"R\u00e9dac. NEWS\" \/>\n\t<meta name=\"twitter:label2\" content=\"Dur\u00e9e de lecture estim\u00e9e\" \/>\n\t<meta name=\"twitter:data2\" content=\"1 minute\" \/>\n<script type=\"application\/ld+json\" class=\"yoast-schema-graph\">{\"@context\":\"https:\/\/schema.org\",\"@graph\":[{\"@type\":\"Article\",\"@id\":\"https:\/\/newsestlyonnais.fr\/site\/2019\/12\/10\/corbas-les-evenements-de-decembre\/#article\",\"isPartOf\":{\"@id\":\"https:\/\/newsestlyonnais.fr\/site\/2019\/12\/10\/corbas-les-evenements-de-decembre\/\"},\"author\":{\"name\":\"R\u00e9dac. NEWS\",\"@id\":\"https:\/\/newsestlyonnais.fr\/site\/#\/schema\/person\/3230d5615f390bb808365d673001e887\"},\"headline\":\"CORBAS | Les \u00e9v\u00e8nements de d\u00e9cembre\",\"datePublished\":\"2019-12-10T08:40:50+00:00\",\"dateModified\":\"2019-12-11T06:42:47+00:00\",\"mainEntityOfPage\":{\"@id\":\"https:\/\/newsestlyonnais.fr\/site\/2019\/12\/10\/corbas-les-evenements-de-decembre\/\"},\"wordCount\":157,\"commentCount\":0,\"publisher\":{\"@id\":\"https:\/\/newsestlyonnais.fr\/site\/#organization\"},\"image\":{\"@id\":\"https:\/\/newsestlyonnais.fr\/site\/2019\/12\/10\/corbas-les-evenements-de-decembre\/#primaryimage\"},\"thumbnailUrl\":\"https:\/\/newsestlyonnais.fr\/site\/wp-content\/uploads\/2019\/12\/NEWSESTLYONNAIS-LOGO-VILLE.png\",\"keywords\":[\"AGENDA\",\"CORBAS\"],\"articleSection\":[\"Corbas | Feyzin\"],\"inLanguage\":\"fr-FR\",\"potentialAction\":[{\"@type\":\"CommentAction\",\"name\":\"Comment\",\"target\":[\"https:\/\/newsestlyonnais.fr\/site\/2019\/12\/10\/corbas-les-evenements-de-decembre\/#respond\"]}]},{\"@type\":\"WebPage\",\"@id\":\"https:\/\/newsestlyonnais.fr\/site\/2019\/12\/10\/corbas-les-evenements-de-decembre\/\",\"url\":\"https:\/\/newsestlyonnais.fr\/site\/2019\/12\/10\/corbas-les-evenements-de-decembre\/\",\"name\":\"CORBAS | Les \u00e9v\u00e8nements de d\u00e9cembre - News Est Lyonnais\",\"isPartOf\":{\"@id\":\"https:\/\/newsestlyonnais.fr\/site\/#website\"},\"primaryImageOfPage\":{\"@id\":\"https:\/\/newsestlyonnais.fr\/site\/2019\/12\/10\/corbas-les-evenements-de-decembre\/#primaryimage\"},\"image\":{\"@id\":\"https:\/\/newsestlyonnais.fr\/site\/2019\/12\/10\/corbas-les-evenements-de-decembre\/#primaryimage\"},\"thumbnailUrl\":\"https:\/\/newsestlyonnais.fr\/site\/wp-content\/uploads\/2019\/12\/NEWSESTLYONNAIS-LOGO-VILLE.png\",\"datePublished\":\"2019-12-10T08:40:50+00:00\",\"dateModified\":\"2019-12-11T06:42:47+00:00\",\"description\":\"CORBAS | Les \u00e9v\u00e8nements de d\u00e9cembre\",\"breadcrumb\":{\"@id\":\"https:\/\/newsestlyonnais.fr\/site\/2019\/12\/10\/corbas-les-evenements-de-decembre\/#breadcrumb\"},\"inLanguage\":\"fr-FR\",\"potentialAction\":[{\"@type\":\"ReadAction\",\"target\":[\"https:\/\/newsestlyonnais.fr\/site\/2019\/12\/10\/corbas-les-evenements-de-decembre\/\"]}]},{\"@type\":\"ImageObject\",\"inLanguage\":\"fr-FR\",\"@id\":\"https:\/\/newsestlyonnais.fr\/site\/2019\/12\/10\/corbas-les-evenements-de-decembre\/#primaryimage\",\"url\":\"https:\/\/newsestlyonnais.fr\/site\/wp-content\/uploads\/2019\/12\/NEWSESTLYONNAIS-LOGO-VILLE.png\",\"contentUrl\":\"https:\/\/newsestlyonnais.fr\/site\/wp-content\/uploads\/2019\/12\/NEWSESTLYONNAIS-LOGO-VILLE.png\",\"width\":735,\"height\":400},{\"@type\":\"BreadcrumbList\",\"@id\":\"https:\/\/newsestlyonnais.fr\/site\/2019\/12\/10\/corbas-les-evenements-de-decembre\/#breadcrumb\",\"itemListElement\":[{\"@type\":\"ListItem\",\"position\":1,\"name\":\"Accueil\",\"item\":\"https:\/\/newsestlyonnais.fr\/site\/\"},{\"@type\":\"ListItem\",\"position\":2,\"name\":\"CORBAS | Les \u00e9v\u00e8nements de d\u00e9cembre\"}]},{\"@type\":\"WebSite\",\"@id\":\"https:\/\/newsestlyonnais.fr\/site\/#website\",\"url\":\"https:\/\/newsestlyonnais.fr\/site\/\",\"name\":\"News Est Lyonnais\",\"description\":\"L&#039;actualit\u00e9 au plus pr\u00e8s\",\"publisher\":{\"@id\":\"https:\/\/newsestlyonnais.fr\/site\/#organization\"},\"potentialAction\":[{\"@type\":\"SearchAction\",\"target\":{\"@type\":\"EntryPoint\",\"urlTemplate\":\"https:\/\/newsestlyonnais.fr\/site\/?s={search_term_string}\"},\"query-input\":{\"@type\":\"PropertyValueSpecification\",\"valueRequired\":true,\"valueName\":\"search_term_string\"}}],\"inLanguage\":\"fr-FR\"},{\"@type\":\"Organization\",\"@id\":\"https:\/\/newsestlyonnais.fr\/site\/#organization\",\"name\":\"News EST LYONNAIS\",\"url\":\"https:\/\/newsestlyonnais.fr\/site\/\",\"logo\":{\"@type\":\"ImageObject\",\"inLanguage\":\"fr-FR\",\"@id\":\"https:\/\/newsestlyonnais.fr\/site\/#\/schema\/logo\/image\/\",\"url\":\"\",\"contentUrl\":\"\",\"caption\":\"News EST LYONNAIS\"},\"image\":{\"@id\":\"https:\/\/newsestlyonnais.fr\/site\/#\/schema\/logo\/image\/\"}},{\"@type\":\"Person\",\"@id\":\"https:\/\/newsestlyonnais.fr\/site\/#\/schema\/person\/3230d5615f390bb808365d673001e887\",\"name\":\"R\u00e9dac. NEWS\",\"sameAs\":[\"http:\/\/www.newsestlyonnais.fr\",\"https:\/\/www.facebook.com\/pascal.oberson.1?fref=ts\",\"https:\/\/fr.linkedin.com\/in\/pascal-oberson-b17045113\"],\"url\":\"https:\/\/newsestlyonnais.fr\/site\/author\/nel\/\"}]}<\/script>\n<!-- \/ Yoast SEO plugin. -->","yoast_head_json":{"title":"CORBAS | Les \u00e9v\u00e8nements de d\u00e9cembre - News Est Lyonnais","description":"CORBAS | Les \u00e9v\u00e8nements de d\u00e9cembre","robots":{"index":"index","follow":"follow","max-snippet":"max-snippet:-1","max-image-preview":"max-image-preview:large","max-video-preview":"max-video-preview:-1"},"canonical":"https:\/\/newsestlyonnais.fr\/site\/2019\/12\/10\/corbas-les-evenements-de-decembre\/","og_locale":"fr_FR","og_type":"article","og_title":"CORBAS | Les \u00e9v\u00e8nements de d\u00e9cembre - News Est Lyonnais","og_description":"CORBAS | Les \u00e9v\u00e8nements de d\u00e9cembre","og_url":"https:\/\/newsestlyonnais.fr\/site\/2019\/12\/10\/corbas-les-evenements-de-decembre\/","og_site_name":"News Est Lyonnais","article_author":"https:\/\/www.facebook.com\/pascal.oberson.1?fref=ts","article_published_time":"2019-12-10T08:40:50+00:00","article_modified_time":"2019-12-11T06:42:47+00:00","og_image":[{"width":735,"height":400,"url":"https:\/\/i2.wp.com\/newsestlyonnais.fr\/site\/wp-content\/uploads\/2019\/12\/NEWSESTLYONNAIS-LOGO-VILLE.png?fit=735%2C400&ssl=1","type":"image\/png"}],"author":"R\u00e9dac. NEWS","twitter_card":"summary_large_image","twitter_misc":{"\u00c9crit par":"R\u00e9dac. NEWS","Dur\u00e9e de lecture estim\u00e9e":"1 minute"},"schema":{"@context":"https:\/\/schema.org","@graph":[{"@type":"Article","@id":"https:\/\/newsestlyonnais.fr\/site\/2019\/12\/10\/corbas-les-evenements-de-decembre\/#article","isPartOf":{"@id":"https:\/\/newsestlyonnais.fr\/site\/2019\/12\/10\/corbas-les-evenements-de-decembre\/"},"author":{"name":"R\u00e9dac. NEWS","@id":"https:\/\/newsestlyonnais.fr\/site\/#\/schema\/person\/3230d5615f390bb808365d673001e887"},"headline":"CORBAS | Les \u00e9v\u00e8nements de d\u00e9cembre","datePublished":"2019-12-10T08:40:50+00:00","dateModified":"2019-12-11T06:42:47+00:00","mainEntityOfPage":{"@id":"https:\/\/newsestlyonnais.fr\/site\/2019\/12\/10\/corbas-les-evenements-de-decembre\/"},"wordCount":157,"commentCount":0,"publisher":{"@id":"https:\/\/newsestlyonnais.fr\/site\/#organization"},"image":{"@id":"https:\/\/newsestlyonnais.fr\/site\/2019\/12\/10\/corbas-les-evenements-de-decembre\/#primaryimage"},"thumbnailUrl":"https:\/\/newsestlyonnais.fr\/site\/wp-content\/uploads\/2019\/12\/NEWSESTLYONNAIS-LOGO-VILLE.png","keywords":["AGENDA","CORBAS"],"articleSection":["Corbas | Feyzin"],"inLanguage":"fr-FR","potentialAction":[{"@type":"CommentAction","name":"Comment","target":["https:\/\/newsestlyonnais.fr\/site\/2019\/12\/10\/corbas-les-evenements-de-decembre\/#respond"]}]},{"@type":"WebPage","@id":"https:\/\/newsestlyonnais.fr\/site\/2019\/12\/10\/corbas-les-evenements-de-decembre\/","url":"https:\/\/newsestlyonnais.fr\/site\/2019\/12\/10\/corbas-les-evenements-de-decembre\/","name":"CORBAS | Les \u00e9v\u00e8nements de d\u00e9cembre - News Est Lyonnais","isPartOf":{"@id":"https:\/\/newsestlyonnais.fr\/site\/#website"},"primaryImageOfPage":{"@id":"https:\/\/newsestlyonnais.fr\/site\/2019\/12\/10\/corbas-les-evenements-de-decembre\/#primaryimage"},"image":{"@id":"https:\/\/newsestlyonnais.fr\/site\/2019\/12\/10\/corbas-les-evenements-de-decembre\/#primaryimage"},"thumbnailUrl":"https:\/\/newsestlyonnais.fr\/site\/wp-content\/uploads\/2019\/12\/NEWSESTLYONNAIS-LOGO-VILLE.png","datePublished":"2019-12-10T08:40:50+00:00","dateModified":"2019-12-11T06:42:47+00:00","description":"CORBAS | Les \u00e9v\u00e8nements de d\u00e9cembre","breadcrumb":{"@id":"https:\/\/newsestlyonnais.fr\/site\/2019\/12\/10\/corbas-les-evenements-de-decembre\/#breadcrumb"},"inLanguage":"fr-FR","potentialAction":[{"@type":"ReadAction","target":["https:\/\/newsestlyonnais.fr\/site\/2019\/12\/10\/corbas-les-evenements-de-decembre\/"]}]},{"@type":"ImageObject","inLanguage":"fr-FR","@id":"https:\/\/newsestlyonnais.fr\/site\/2019\/12\/10\/corbas-les-evenements-de-decembre\/#primaryimage","url":"https:\/\/newsestlyonnais.fr\/site\/wp-content\/uploads\/2019\/12\/NEWSESTLYONNAIS-LOGO-VILLE.png","contentUrl":"https:\/\/newsestlyonnais.fr\/site\/wp-content\/uploads\/2019\/12\/NEWSESTLYONNAIS-LOGO-VILLE.png","width":735,"height":400},{"@type":"BreadcrumbList","@id":"https:\/\/newsestlyonnais.fr\/site\/2019\/12\/10\/corbas-les-evenements-de-decembre\/#breadcrumb","itemListElement":[{"@type":"ListItem","position":1,"name":"Accueil","item":"https:\/\/newsestlyonnais.fr\/site\/"},{"@type":"ListItem","position":2,"name":"CORBAS | Les \u00e9v\u00e8nements de d\u00e9cembre"}]},{"@type":"WebSite","@id":"https:\/\/newsestlyonnais.fr\/site\/#website","url":"https:\/\/newsestlyonnais.fr\/site\/","name":"News Est Lyonnais","description":"L&#039;actualit\u00e9 au plus pr\u00e8s","publisher":{"@id":"https:\/\/newsestlyonnais.fr\/site\/#organization"},"potentialAction":[{"@type":"SearchAction","target":{"@type":"EntryPoint","urlTemplate":"https:\/\/newsestlyonnais.fr\/site\/?s={search_term_string}"},"query-input":{"@type":"PropertyValueSpecification","valueRequired":true,"valueName":"search_term_string"}}],"inLanguage":"fr-FR"},{"@type":"Organization","@id":"https:\/\/newsestlyonnais.fr\/site\/#organization","name":"News EST LYONNAIS","url":"https:\/\/newsestlyonnais.fr\/site\/","logo":{"@type":"ImageObject","inLanguage":"fr-FR","@id":"https:\/\/newsestlyonnais.fr\/site\/#\/schema\/logo\/image\/","url":"","contentUrl":"","caption":"News EST LYONNAIS"},"image":{"@id":"https:\/\/newsestlyonnais.fr\/site\/#\/schema\/logo\/image\/"}},{"@type":"Person","@id":"https:\/\/newsestlyonnais.fr\/site\/#\/schema\/person\/3230d5615f390bb808365d673001e887","name":"R\u00e9dac. NEWS","sameAs":["http:\/\/www.newsestlyonnais.fr","https:\/\/www.facebook.com\/pascal.oberson.1?fref=ts","https:\/\/fr.linkedin.com\/in\/pascal-oberson-b17045113"],"url":"https:\/\/newsestlyonnais.fr\/site\/author\/nel\/"}]}},"_links":{"self":[{"href":"https:\/\/newsestlyonnais.fr\/site\/wp-json\/wp\/v2\/posts\/90798","targetHints":{"allow":["GET"]}}],"collection":[{"href":"https:\/\/newsestlyonnais.fr\/site\/wp-json\/wp\/v2\/posts"}],"about":[{"href":"https:\/\/newsestlyonnais.fr\/site\/wp-json\/wp\/v2\/types\/post"}],"author":[{"embeddable":true,"href":"https:\/\/newsestlyonnais.fr\/site\/wp-json\/wp\/v2\/users\/4"}],"replies":[{"embeddable":true,"href":"https:\/\/newsestlyonnais.fr\/site\/wp-json\/wp\/v2\/comments?post=90798"}],"version-history":[{"count":0,"href":"https:\/\/newsestlyonnais.fr\/site\/wp-json\/wp\/v2\/posts\/90798\/revisions"}],"wp:featuredmedia":[{"embeddable":true,"href":"https:\/\/newsestlyonnais.fr\/site\/wp-json\/wp\/v2\/media\/90799"}],"wp:attachment":[{"href":"https:\/\/newsestlyonnais.fr\/site\/wp-json\/wp\/v2\/media?parent=90798"}],"wp:term":[{"taxonomy":"category","embeddable":true,"href":"https:\/\/newsestlyonnais.fr\/site\/wp-json\/wp\/v2\/categories?post=90798"},{"taxonomy":"post_tag","embeddable":true,"href":"https:\/\/newsestlyonnais.fr\/site\/wp-json\/wp\/v2\/tags?post=90798"}],"curies":[{"name":"wp","href":"https:\/\/api.w.org\/{rel}","templated":true}]}}