{"id":90889,"date":"2020-01-19T19:32:29","date_gmt":"2020-01-19T18:32:29","guid":{"rendered":"http:\/\/newsestlyonnais.fr\/site\/?p=90889"},"modified":"2020-11-07T08:54:40","modified_gmt":"2020-11-07T07:54:40","slug":"est-lyonnais-les-recensements-en-2020","status":"publish","type":"post","link":"https:\/\/newsestlyonnais.fr\/site\/2020\/01\/19\/est-lyonnais-les-recensements-en-2020\/","title":{"rendered":"Est-Lyonnais | Les recensements en 2020"},"content":{"rendered":"<article class=\"aquoi_texte_gauche\">\n<article class=\"aquoi_texte_gauche\">\n<ul>\n<li>dans les<strong> 7.000 communes de moins de 10.000 habitants concern\u00e9es : <\/strong>du jeudi 16 janvier au samedi 15 f\u00e9vrier.<\/li>\n<li><strong>dans toutes les communes de 10.000 habitants ou plus, seulement une partie de la population est concern\u00e9e<\/strong> par le recensement qui aura lieu du jeudi 16 janvier au samedi 22 f\u00e9vrier.<\/li>\n<\/ul>\n<p><span style=\"text-decoration: underline\"><em><strong>Les communes recens\u00e9es chaque ann\u00e9e<\/strong><\/em><\/span>:<\/p>\n<ul>\n<li>BRON<\/li>\n<li>CALUIRE ET CUIRE<\/li>\n<li>CORBAS<\/li>\n<li>DECINES<\/li>\n<li>GENAS<\/li>\n<li>LYON (les 9 arrondissements)<\/li>\n<li>MEYZIEU<\/li>\n<li>MIONS<\/li>\n<li>RILLIEUX LA PAPE<\/li>\n<li>SAINT FONS<\/li>\n<li>SAINT PRIEST<\/li>\n<li>VAULX EN VELIN<\/li>\n<li>VENISSIEUX<\/li>\n<li>VILLEURBANNE<\/li>\n<\/ul>\n<p><span style=\"text-decoration: underline\"><em><strong>Les communes recens\u00e9es<\/strong><\/em> <\/span><strong><span style=\"text-decoration: underline\">en 2020<\/span> : <\/strong><\/p>\n<ul>\n<li><strong>COLOMBIER-SAUGNIEU<\/strong><\/li>\n<li><strong>SAINT BONNET DE MURE<\/strong><\/li>\n<li><strong>SAINT PIERRE DE CHANDIEU<\/strong>.<strong><br \/>\n<\/strong><\/li>\n<\/ul>\n<p><span style=\"text-decoration: underline\"><strong>Les communes recens\u00e9es les ann\u00e9es suivantes <\/strong><\/span>:<\/p>\n<ul>\n<li>CHAPONNAY &amp; SOLAIZE en <strong>2021<\/strong><\/li>\n<li>PUSIGNAN &amp; TOUSSIEU en <strong>2022<\/strong><\/li>\n<\/ul>\n<p><strong>NOTA :<\/strong> Le recensement de la population est gratuit. Ne r\u00e9pondez pas aux sites qui vous r\u00e9clameraient de l\u2019argent !<\/p>\n<p><strong>Plus d\u2019infos sur : <a href=\"https:\/\/www.le-recensement-et-moi.fr\/rpetmoi\/accueil\" target=\"_blank\" rel=\"noopener noreferrer\">https:\/\/www.le-recensement-et-moi.fr\/rpetmoi\/accueil<\/a><\/strong><\/p>\n<\/article>\n<\/article>\n","protected":false},"excerpt":{"rendered":"<p>Cette ann\u00e9e, le recensement se d\u00e9roule en France m\u00e9tropolitaine, du jeudi 16 janvier au samedi 22 f\u00e9vrier.<\/p>\n","protected":false},"author":4,"featured_media":90899,"comment_status":"open","ping_status":"open","sticky":false,"template":"","format":"standard","meta":{"footnotes":""},"categories":[19,1620,270,1295,3336,1280,1287,21,1598,1279,1625,24,1286,1623,1297,1296,1282,1293,28,1298,29],"tags":[2193],"class_list":["post-90889","post","type-post","status-publish","format-standard","has-post-thumbnail","hentry","category-bron","category-caluire","category-cte-de-communes-c-c-e-l","category-chaponnay-ternay-pays-dozon","category-citoyennete-recensement","category-colombier-saugnieu","category-corbas-feyzin","category-decines-charpieu","category-genas","category-jons-pusignan","category-lyon","category-meyzieu","category-mions","category-rillieux-la-pape","category-saint-fons","category-sain-priest","category-st-bonnet-st-laurent-de-mure","category-st-pierre-de-chandieu-toussieu","category-vaulx-en-velin","category-venissieux","category-villeurbanne","tag-recensement"],"yoast_head":"<!-- This site is optimized with the Yoast SEO plugin v27.2 - https:\/\/yoast.com\/product\/yoast-seo-wordpress\/ -->\n<title>Est-Lyonnais | Les recensements en 2020 - News Est Lyonnais<\/title>\n<meta name=\"description\" content=\"EST LYONNAIS | Les recensements en 2020\" \/>\n<meta name=\"robots\" content=\"index, follow, max-snippet:-1, max-image-preview:large, max-video-preview:-1\" \/>\n<link rel=\"canonical\" href=\"https:\/\/newsestlyonnais.fr\/site\/2020\/01\/19\/est-lyonnais-les-recensements-en-2020\/\" \/>\n<meta property=\"og:locale\" content=\"fr_FR\" \/>\n<meta property=\"og:type\" content=\"article\" \/>\n<meta property=\"og:title\" content=\"Est-Lyonnais | Les recensements en 2020 - News Est Lyonnais\" \/>\n<meta property=\"og:description\" content=\"EST LYONNAIS | Les recensements en 2020\" \/>\n<meta property=\"og:url\" content=\"https:\/\/newsestlyonnais.fr\/site\/2020\/01\/19\/est-lyonnais-les-recensements-en-2020\/\" \/>\n<meta property=\"og:site_name\" content=\"News Est Lyonnais\" \/>\n<meta property=\"article:author\" content=\"https:\/\/www.facebook.com\/pascal.oberson.1?fref=ts\" \/>\n<meta property=\"article:published_time\" content=\"2020-01-19T18:32:29+00:00\" \/>\n<meta property=\"article:modified_time\" content=\"2020-11-07T07:54:40+00:00\" \/>\n<meta property=\"og:image\" content=\"https:\/\/i0.wp.com\/newsestlyonnais.fr\/site\/wp-content\/uploads\/2019\/12\/visu-site-13002x.jpg?fit=650%2C325&ssl=1\" \/>\n\t<meta property=\"og:image:width\" content=\"650\" \/>\n\t<meta property=\"og:image:height\" content=\"325\" \/>\n\t<meta property=\"og:image:type\" content=\"image\/jpeg\" \/>\n<meta name=\"author\" content=\"R\u00e9dac. NEWS\" \/>\n<meta name=\"twitter:card\" content=\"summary_large_image\" \/>\n<meta name=\"twitter:label1\" content=\"\u00c9crit par\" \/>\n\t<meta name=\"twitter:data1\" content=\"R\u00e9dac. NEWS\" \/>\n\t<meta name=\"twitter:label2\" content=\"Dur\u00e9e de lecture estim\u00e9e\" \/>\n\t<meta name=\"twitter:data2\" content=\"1 minute\" \/>\n<script type=\"application\/ld+json\" class=\"yoast-schema-graph\">{\"@context\":\"https:\/\/schema.org\",\"@graph\":[{\"@type\":\"Article\",\"@id\":\"https:\/\/newsestlyonnais.fr\/site\/2020\/01\/19\/est-lyonnais-les-recensements-en-2020\/#article\",\"isPartOf\":{\"@id\":\"https:\/\/newsestlyonnais.fr\/site\/2020\/01\/19\/est-lyonnais-les-recensements-en-2020\/\"},\"author\":{\"name\":\"R\u00e9dac. NEWS\",\"@id\":\"https:\/\/newsestlyonnais.fr\/site\/#\/schema\/person\/3230d5615f390bb808365d673001e887\"},\"headline\":\"Est-Lyonnais | Les recensements en 2020\",\"datePublished\":\"2020-01-19T18:32:29+00:00\",\"dateModified\":\"2020-11-07T07:54:40+00:00\",\"mainEntityOfPage\":{\"@id\":\"https:\/\/newsestlyonnais.fr\/site\/2020\/01\/19\/est-lyonnais-les-recensements-en-2020\/\"},\"wordCount\":142,\"commentCount\":0,\"publisher\":{\"@id\":\"https:\/\/newsestlyonnais.fr\/site\/#organization\"},\"image\":{\"@id\":\"https:\/\/newsestlyonnais.fr\/site\/2020\/01\/19\/est-lyonnais-les-recensements-en-2020\/#primaryimage\"},\"thumbnailUrl\":\"https:\/\/newsestlyonnais.fr\/site\/wp-content\/uploads\/2019\/12\/visu-site-13002x.jpg\",\"keywords\":[\"RECENSEMENT\"],\"articleSection\":[\"Bron\",\"Caluire\",\"CCEL | Communes\",\"Chaponnay | Ternay | Pays d'Ozon\",\"Citoyennet\u00e9 | Recensement\",\"Colombier-Saugnieu\",\"Corbas | Feyzin\",\"D\u00e9cines-Charpieu\",\"Genas\",\"Jons | Pusignan\",\"Lyon\",\"Meyzieu\",\"Mions\",\"Rillieux-la-Pape\",\"Saint-Fons\",\"Saint-Priest\",\"St Bonnet | St Laurent de Mure\",\"St Pierre de Chandieu | Toussieu\",\"Vaulx-en-Velin\",\"V\u00e9nissieux\",\"Villeurbanne\"],\"inLanguage\":\"fr-FR\",\"potentialAction\":[{\"@type\":\"CommentAction\",\"name\":\"Comment\",\"target\":[\"https:\/\/newsestlyonnais.fr\/site\/2020\/01\/19\/est-lyonnais-les-recensements-en-2020\/#respond\"]}]},{\"@type\":\"WebPage\",\"@id\":\"https:\/\/newsestlyonnais.fr\/site\/2020\/01\/19\/est-lyonnais-les-recensements-en-2020\/\",\"url\":\"https:\/\/newsestlyonnais.fr\/site\/2020\/01\/19\/est-lyonnais-les-recensements-en-2020\/\",\"name\":\"Est-Lyonnais | Les recensements en 2020 - News Est Lyonnais\",\"isPartOf\":{\"@id\":\"https:\/\/newsestlyonnais.fr\/site\/#website\"},\"primaryImageOfPage\":{\"@id\":\"https:\/\/newsestlyonnais.fr\/site\/2020\/01\/19\/est-lyonnais-les-recensements-en-2020\/#primaryimage\"},\"image\":{\"@id\":\"https:\/\/newsestlyonnais.fr\/site\/2020\/01\/19\/est-lyonnais-les-recensements-en-2020\/#primaryimage\"},\"thumbnailUrl\":\"https:\/\/newsestlyonnais.fr\/site\/wp-content\/uploads\/2019\/12\/visu-site-13002x.jpg\",\"datePublished\":\"2020-01-19T18:32:29+00:00\",\"dateModified\":\"2020-11-07T07:54:40+00:00\",\"description\":\"EST LYONNAIS | Les recensements en 2020\",\"breadcrumb\":{\"@id\":\"https:\/\/newsestlyonnais.fr\/site\/2020\/01\/19\/est-lyonnais-les-recensements-en-2020\/#breadcrumb\"},\"inLanguage\":\"fr-FR\",\"potentialAction\":[{\"@type\":\"ReadAction\",\"target\":[\"https:\/\/newsestlyonnais.fr\/site\/2020\/01\/19\/est-lyonnais-les-recensements-en-2020\/\"]}]},{\"@type\":\"ImageObject\",\"inLanguage\":\"fr-FR\",\"@id\":\"https:\/\/newsestlyonnais.fr\/site\/2020\/01\/19\/est-lyonnais-les-recensements-en-2020\/#primaryimage\",\"url\":\"https:\/\/newsestlyonnais.fr\/site\/wp-content\/uploads\/2019\/12\/visu-site-13002x.jpg\",\"contentUrl\":\"https:\/\/newsestlyonnais.fr\/site\/wp-content\/uploads\/2019\/12\/visu-site-13002x.jpg\",\"width\":650,\"height\":325,\"caption\":\"Recensement 2020\"},{\"@type\":\"BreadcrumbList\",\"@id\":\"https:\/\/newsestlyonnais.fr\/site\/2020\/01\/19\/est-lyonnais-les-recensements-en-2020\/#breadcrumb\",\"itemListElement\":[{\"@type\":\"ListItem\",\"position\":1,\"name\":\"Accueil\",\"item\":\"https:\/\/newsestlyonnais.fr\/site\/\"},{\"@type\":\"ListItem\",\"position\":2,\"name\":\"Est-Lyonnais | Les recensements en 2020\"}]},{\"@type\":\"WebSite\",\"@id\":\"https:\/\/newsestlyonnais.fr\/site\/#website\",\"url\":\"https:\/\/newsestlyonnais.fr\/site\/\",\"name\":\"News Est Lyonnais\",\"description\":\"L&#039;actualit\u00e9 au plus pr\u00e8s\",\"publisher\":{\"@id\":\"https:\/\/newsestlyonnais.fr\/site\/#organization\"},\"potentialAction\":[{\"@type\":\"SearchAction\",\"target\":{\"@type\":\"EntryPoint\",\"urlTemplate\":\"https:\/\/newsestlyonnais.fr\/site\/?s={search_term_string}\"},\"query-input\":{\"@type\":\"PropertyValueSpecification\",\"valueRequired\":true,\"valueName\":\"search_term_string\"}}],\"inLanguage\":\"fr-FR\"},{\"@type\":\"Organization\",\"@id\":\"https:\/\/newsestlyonnais.fr\/site\/#organization\",\"name\":\"News EST LYONNAIS\",\"url\":\"https:\/\/newsestlyonnais.fr\/site\/\",\"logo\":{\"@type\":\"ImageObject\",\"inLanguage\":\"fr-FR\",\"@id\":\"https:\/\/newsestlyonnais.fr\/site\/#\/schema\/logo\/image\/\",\"url\":\"\",\"contentUrl\":\"\",\"caption\":\"News EST LYONNAIS\"},\"image\":{\"@id\":\"https:\/\/newsestlyonnais.fr\/site\/#\/schema\/logo\/image\/\"}},{\"@type\":\"Person\",\"@id\":\"https:\/\/newsestlyonnais.fr\/site\/#\/schema\/person\/3230d5615f390bb808365d673001e887\",\"name\":\"R\u00e9dac. NEWS\",\"sameAs\":[\"http:\/\/www.newsestlyonnais.fr\",\"https:\/\/www.facebook.com\/pascal.oberson.1?fref=ts\",\"https:\/\/fr.linkedin.com\/in\/pascal-oberson-b17045113\"],\"url\":\"https:\/\/newsestlyonnais.fr\/site\/author\/nel\/\"}]}<\/script>\n<!-- \/ Yoast SEO plugin. -->","yoast_head_json":{"title":"Est-Lyonnais | Les recensements en 2020 - News Est Lyonnais","description":"EST LYONNAIS | Les recensements en 2020","robots":{"index":"index","follow":"follow","max-snippet":"max-snippet:-1","max-image-preview":"max-image-preview:large","max-video-preview":"max-video-preview:-1"},"canonical":"https:\/\/newsestlyonnais.fr\/site\/2020\/01\/19\/est-lyonnais-les-recensements-en-2020\/","og_locale":"fr_FR","og_type":"article","og_title":"Est-Lyonnais | Les recensements en 2020 - News Est Lyonnais","og_description":"EST LYONNAIS | Les recensements en 2020","og_url":"https:\/\/newsestlyonnais.fr\/site\/2020\/01\/19\/est-lyonnais-les-recensements-en-2020\/","og_site_name":"News Est Lyonnais","article_author":"https:\/\/www.facebook.com\/pascal.oberson.1?fref=ts","article_published_time":"2020-01-19T18:32:29+00:00","article_modified_time":"2020-11-07T07:54:40+00:00","og_image":[{"width":650,"height":325,"url":"https:\/\/i0.wp.com\/newsestlyonnais.fr\/site\/wp-content\/uploads\/2019\/12\/visu-site-13002x.jpg?fit=650%2C325&ssl=1","type":"image\/jpeg"}],"author":"R\u00e9dac. NEWS","twitter_card":"summary_large_image","twitter_misc":{"\u00c9crit par":"R\u00e9dac. NEWS","Dur\u00e9e de lecture estim\u00e9e":"1 minute"},"schema":{"@context":"https:\/\/schema.org","@graph":[{"@type":"Article","@id":"https:\/\/newsestlyonnais.fr\/site\/2020\/01\/19\/est-lyonnais-les-recensements-en-2020\/#article","isPartOf":{"@id":"https:\/\/newsestlyonnais.fr\/site\/2020\/01\/19\/est-lyonnais-les-recensements-en-2020\/"},"author":{"name":"R\u00e9dac. NEWS","@id":"https:\/\/newsestlyonnais.fr\/site\/#\/schema\/person\/3230d5615f390bb808365d673001e887"},"headline":"Est-Lyonnais | Les recensements en 2020","datePublished":"2020-01-19T18:32:29+00:00","dateModified":"2020-11-07T07:54:40+00:00","mainEntityOfPage":{"@id":"https:\/\/newsestlyonnais.fr\/site\/2020\/01\/19\/est-lyonnais-les-recensements-en-2020\/"},"wordCount":142,"commentCount":0,"publisher":{"@id":"https:\/\/newsestlyonnais.fr\/site\/#organization"},"image":{"@id":"https:\/\/newsestlyonnais.fr\/site\/2020\/01\/19\/est-lyonnais-les-recensements-en-2020\/#primaryimage"},"thumbnailUrl":"https:\/\/newsestlyonnais.fr\/site\/wp-content\/uploads\/2019\/12\/visu-site-13002x.jpg","keywords":["RECENSEMENT"],"articleSection":["Bron","Caluire","CCEL | Communes","Chaponnay | Ternay | Pays d'Ozon","Citoyennet\u00e9 | Recensement","Colombier-Saugnieu","Corbas | Feyzin","D\u00e9cines-Charpieu","Genas","Jons | Pusignan","Lyon","Meyzieu","Mions","Rillieux-la-Pape","Saint-Fons","Saint-Priest","St Bonnet | St Laurent de Mure","St Pierre de Chandieu | Toussieu","Vaulx-en-Velin","V\u00e9nissieux","Villeurbanne"],"inLanguage":"fr-FR","potentialAction":[{"@type":"CommentAction","name":"Comment","target":["https:\/\/newsestlyonnais.fr\/site\/2020\/01\/19\/est-lyonnais-les-recensements-en-2020\/#respond"]}]},{"@type":"WebPage","@id":"https:\/\/newsestlyonnais.fr\/site\/2020\/01\/19\/est-lyonnais-les-recensements-en-2020\/","url":"https:\/\/newsestlyonnais.fr\/site\/2020\/01\/19\/est-lyonnais-les-recensements-en-2020\/","name":"Est-Lyonnais | Les recensements en 2020 - News Est Lyonnais","isPartOf":{"@id":"https:\/\/newsestlyonnais.fr\/site\/#website"},"primaryImageOfPage":{"@id":"https:\/\/newsestlyonnais.fr\/site\/2020\/01\/19\/est-lyonnais-les-recensements-en-2020\/#primaryimage"},"image":{"@id":"https:\/\/newsestlyonnais.fr\/site\/2020\/01\/19\/est-lyonnais-les-recensements-en-2020\/#primaryimage"},"thumbnailUrl":"https:\/\/newsestlyonnais.fr\/site\/wp-content\/uploads\/2019\/12\/visu-site-13002x.jpg","datePublished":"2020-01-19T18:32:29+00:00","dateModified":"2020-11-07T07:54:40+00:00","description":"EST LYONNAIS | Les recensements en 2020","breadcrumb":{"@id":"https:\/\/newsestlyonnais.fr\/site\/2020\/01\/19\/est-lyonnais-les-recensements-en-2020\/#breadcrumb"},"inLanguage":"fr-FR","potentialAction":[{"@type":"ReadAction","target":["https:\/\/newsestlyonnais.fr\/site\/2020\/01\/19\/est-lyonnais-les-recensements-en-2020\/"]}]},{"@type":"ImageObject","inLanguage":"fr-FR","@id":"https:\/\/newsestlyonnais.fr\/site\/2020\/01\/19\/est-lyonnais-les-recensements-en-2020\/#primaryimage","url":"https:\/\/newsestlyonnais.fr\/site\/wp-content\/uploads\/2019\/12\/visu-site-13002x.jpg","contentUrl":"https:\/\/newsestlyonnais.fr\/site\/wp-content\/uploads\/2019\/12\/visu-site-13002x.jpg","width":650,"height":325,"caption":"Recensement 2020"},{"@type":"BreadcrumbList","@id":"https:\/\/newsestlyonnais.fr\/site\/2020\/01\/19\/est-lyonnais-les-recensements-en-2020\/#breadcrumb","itemListElement":[{"@type":"ListItem","position":1,"name":"Accueil","item":"https:\/\/newsestlyonnais.fr\/site\/"},{"@type":"ListItem","position":2,"name":"Est-Lyonnais | Les recensements en 2020"}]},{"@type":"WebSite","@id":"https:\/\/newsestlyonnais.fr\/site\/#website","url":"https:\/\/newsestlyonnais.fr\/site\/","name":"News Est Lyonnais","description":"L&#039;actualit\u00e9 au plus pr\u00e8s","publisher":{"@id":"https:\/\/newsestlyonnais.fr\/site\/#organization"},"potentialAction":[{"@type":"SearchAction","target":{"@type":"EntryPoint","urlTemplate":"https:\/\/newsestlyonnais.fr\/site\/?s={search_term_string}"},"query-input":{"@type":"PropertyValueSpecification","valueRequired":true,"valueName":"search_term_string"}}],"inLanguage":"fr-FR"},{"@type":"Organization","@id":"https:\/\/newsestlyonnais.fr\/site\/#organization","name":"News EST LYONNAIS","url":"https:\/\/newsestlyonnais.fr\/site\/","logo":{"@type":"ImageObject","inLanguage":"fr-FR","@id":"https:\/\/newsestlyonnais.fr\/site\/#\/schema\/logo\/image\/","url":"","contentUrl":"","caption":"News EST LYONNAIS"},"image":{"@id":"https:\/\/newsestlyonnais.fr\/site\/#\/schema\/logo\/image\/"}},{"@type":"Person","@id":"https:\/\/newsestlyonnais.fr\/site\/#\/schema\/person\/3230d5615f390bb808365d673001e887","name":"R\u00e9dac. NEWS","sameAs":["http:\/\/www.newsestlyonnais.fr","https:\/\/www.facebook.com\/pascal.oberson.1?fref=ts","https:\/\/fr.linkedin.com\/in\/pascal-oberson-b17045113"],"url":"https:\/\/newsestlyonnais.fr\/site\/author\/nel\/"}]}},"_links":{"self":[{"href":"https:\/\/newsestlyonnais.fr\/site\/wp-json\/wp\/v2\/posts\/90889","targetHints":{"allow":["GET"]}}],"collection":[{"href":"https:\/\/newsestlyonnais.fr\/site\/wp-json\/wp\/v2\/posts"}],"about":[{"href":"https:\/\/newsestlyonnais.fr\/site\/wp-json\/wp\/v2\/types\/post"}],"author":[{"embeddable":true,"href":"https:\/\/newsestlyonnais.fr\/site\/wp-json\/wp\/v2\/users\/4"}],"replies":[{"embeddable":true,"href":"https:\/\/newsestlyonnais.fr\/site\/wp-json\/wp\/v2\/comments?post=90889"}],"version-history":[{"count":0,"href":"https:\/\/newsestlyonnais.fr\/site\/wp-json\/wp\/v2\/posts\/90889\/revisions"}],"wp:featuredmedia":[{"embeddable":true,"href":"https:\/\/newsestlyonnais.fr\/site\/wp-json\/wp\/v2\/media\/90899"}],"wp:attachment":[{"href":"https:\/\/newsestlyonnais.fr\/site\/wp-json\/wp\/v2\/media?parent=90889"}],"wp:term":[{"taxonomy":"category","embeddable":true,"href":"https:\/\/newsestlyonnais.fr\/site\/wp-json\/wp\/v2\/categories?post=90889"},{"taxonomy":"post_tag","embeddable":true,"href":"https:\/\/newsestlyonnais.fr\/site\/wp-json\/wp\/v2\/tags?post=90889"}],"curies":[{"name":"wp","href":"https:\/\/api.w.org\/{rel}","templated":true}]}}