{"id":91248,"date":"2019-12-15T14:12:55","date_gmt":"2019-12-15T13:12:55","guid":{"rendered":"http:\/\/newsestlyonnais.fr\/site\/?p=91248"},"modified":"2020-11-12T15:08:32","modified_gmt":"2020-11-12T14:08:32","slug":"venissieux-le-bkd-ouvre-ses-portes-pour-la-bonne-cause","status":"publish","type":"post","link":"https:\/\/newsestlyonnais.fr\/site\/2019\/12\/15\/venissieux-le-bkd-ouvre-ses-portes-pour-la-bonne-cause\/","title":{"rendered":"VENISSIEUX | Le BKD ouvre ses portes pour la bonne cause"},"content":{"rendered":"<p>Portes ouvertes au BKD ce mercredi 18 d\u00e9cembre 2019 au gymnase de l&rsquo;\u00e9cole Pasteur en faveur des enfants qui ont un handicap ainsi que des enfants qui ne peuvent acc\u00e9der au sport.<\/p>\n<p>Un d\u00e9bat autour d&rsquo;un go\u00fbter sera mis en place et des surprises.<\/p>\n<p>Le BKD est engag\u00e9 pour le sport pour tous et le sport solidaire en partenariat avec l&rsquo; association <a class=\"profileLink\" href=\"https:\/\/www.facebook.com\/hk.hk.7543\/?__tn__=K-R&amp;eid=ARC6Z7z5dQLLbEjNySOMDjJR_ifTBLJi_Y9emR8L0yCEydLvhb3yg4bwWOUol3-vtFrJ_9PU29VXQTc-&amp;fref=mentions&amp;__xts__%5B0%5D=68.ARBRH47CJ__zqv183r2UfUyHPbAxwLx7kdM6aIsjp2TBzqqUzxhNhTSkRCg4LnyTv81y07Ca8TPUlcWYA8W5mkJIQooSGYZ0SqFC0MIaK-J-kwOboHer1WucgTchkjGf0mnVIAqvx31JbF_bEPck_uyJCsZYdSloA4hc5sCvhqdpYSniCIeVRnAVFwHF4xFWhGenhmQape0u1oSg8kH5kcu2tmy3j4yru5Pq6Y2aU2S8cOE1wJCz6-fO_N-_tpmO99EIXTPOpF5MZoda6BEWx6_4CgjnC9YqakGSyJb2qReUWZ6u022N-FQEd5CoGb_b3HUr10ouTxAqs6FyZPjhBLt2WQ\" data-hovercard=\"\/ajax\/hovercard\/page.php?id=545226595633857&amp;extragetparams=%7B%22__tn__%22%3A%22%2CdK-R-R%22%2C%22eid%22%3A%22ARC6Z7z5dQLLbEjNySOMDjJR_ifTBLJi_Y9emR8L0yCEydLvhb3yg4bwWOUol3-vtFrJ_9PU29VXQTc-%22%2C%22fref%22%3A%22mentions%22%7D\" data-hovercard-prefer-more-content-show=\"1\">ASP Aider Son Prochain \/ \u00c9v\u00e8nement Chapiteaux<\/a><br \/>\nPour que la sant\u00e9 ou l&rsquo;argent ne soit pas un frein pour l&rsquo;acc\u00e8s aux sports.<\/p>\n<ul>\n<li><strong>Toute l&rsquo;ACTU du club sur : <a href=\"https:\/\/www.facebook.com\/bkdfullcontact\/posts\/2705238622830375\">https:\/\/www.facebook.com\/bkdfullcontact\/posts\/2705238622830375<\/a><\/strong><\/li>\n<\/ul>\n","protected":false},"excerpt":{"rendered":"<p>Apr\u00e8s une premi\u00e8re partie de saison ponctu\u00e9e par d&rsquo;excellents r\u00e9sultats, place \u00e0 la solidarit\u00e9 en cette fin d&rsquo;ann\u00e9e.<\/p>\n","protected":false},"author":4,"featured_media":91253,"comment_status":"open","ping_status":"open","sticky":false,"template":"","format":"standard","meta":{"footnotes":""},"categories":[574,166,18,1298],"tags":[2243,2067],"class_list":["post-91248","post","type-post","status-publish","format-standard","has-post-thumbnail","hentry","category-autres-sports","category-divers-sports","category-sante-bien-etre-solidarite","category-venissieux","tag-bkd","tag-venissieux"],"yoast_head":"<!-- This site is optimized with the Yoast SEO plugin v27.2 - https:\/\/yoast.com\/product\/yoast-seo-wordpress\/ -->\n<title>VENISSIEUX | Le BKD ouvre ses portes pour la bonne cause - News Est Lyonnais<\/title>\n<meta name=\"description\" content=\"VENISSIEUX | Le BKD ouvre ses portes pour la bonne cause\" \/>\n<meta name=\"robots\" content=\"index, follow, max-snippet:-1, max-image-preview:large, max-video-preview:-1\" \/>\n<link rel=\"canonical\" href=\"https:\/\/newsestlyonnais.fr\/site\/2019\/12\/15\/venissieux-le-bkd-ouvre-ses-portes-pour-la-bonne-cause\/\" \/>\n<meta property=\"og:locale\" content=\"fr_FR\" \/>\n<meta property=\"og:type\" content=\"article\" \/>\n<meta property=\"og:title\" content=\"VENISSIEUX | Le BKD ouvre ses portes pour la bonne cause - News Est Lyonnais\" \/>\n<meta property=\"og:description\" content=\"VENISSIEUX | Le BKD ouvre ses portes pour la bonne cause\" \/>\n<meta property=\"og:url\" content=\"https:\/\/newsestlyonnais.fr\/site\/2019\/12\/15\/venissieux-le-bkd-ouvre-ses-portes-pour-la-bonne-cause\/\" \/>\n<meta property=\"og:site_name\" content=\"News Est Lyonnais\" \/>\n<meta property=\"article:author\" content=\"https:\/\/www.facebook.com\/pascal.oberson.1?fref=ts\" \/>\n<meta property=\"article:published_time\" content=\"2019-12-15T13:12:55+00:00\" \/>\n<meta property=\"article:modified_time\" content=\"2020-11-12T14:08:32+00:00\" \/>\n<meta property=\"og:image\" content=\"https:\/\/i0.wp.com\/newsestlyonnais.fr\/site\/wp-content\/uploads\/2019\/12\/NEWSESTLYONNAIS-BKD-PO.jpg?fit=768%2C960&ssl=1\" \/>\n\t<meta property=\"og:image:width\" content=\"768\" \/>\n\t<meta property=\"og:image:height\" content=\"960\" \/>\n\t<meta property=\"og:image:type\" content=\"image\/jpeg\" \/>\n<meta name=\"author\" content=\"R\u00e9dac. NEWS\" \/>\n<meta name=\"twitter:card\" content=\"summary_large_image\" \/>\n<meta name=\"twitter:label1\" content=\"\u00c9crit par\" \/>\n\t<meta name=\"twitter:data1\" content=\"R\u00e9dac. NEWS\" \/>\n<script type=\"application\/ld+json\" class=\"yoast-schema-graph\">{\"@context\":\"https:\/\/schema.org\",\"@graph\":[{\"@type\":\"Article\",\"@id\":\"https:\/\/newsestlyonnais.fr\/site\/2019\/12\/15\/venissieux-le-bkd-ouvre-ses-portes-pour-la-bonne-cause\/#article\",\"isPartOf\":{\"@id\":\"https:\/\/newsestlyonnais.fr\/site\/2019\/12\/15\/venissieux-le-bkd-ouvre-ses-portes-pour-la-bonne-cause\/\"},\"author\":{\"name\":\"R\u00e9dac. NEWS\",\"@id\":\"https:\/\/newsestlyonnais.fr\/site\/#\/schema\/person\/3230d5615f390bb808365d673001e887\"},\"headline\":\"VENISSIEUX | Le BKD ouvre ses portes pour la bonne cause\",\"datePublished\":\"2019-12-15T13:12:55+00:00\",\"dateModified\":\"2020-11-12T14:08:32+00:00\",\"mainEntityOfPage\":{\"@id\":\"https:\/\/newsestlyonnais.fr\/site\/2019\/12\/15\/venissieux-le-bkd-ouvre-ses-portes-pour-la-bonne-cause\/\"},\"wordCount\":113,\"commentCount\":0,\"publisher\":{\"@id\":\"https:\/\/newsestlyonnais.fr\/site\/#organization\"},\"image\":{\"@id\":\"https:\/\/newsestlyonnais.fr\/site\/2019\/12\/15\/venissieux-le-bkd-ouvre-ses-portes-pour-la-bonne-cause\/#primaryimage\"},\"thumbnailUrl\":\"https:\/\/newsestlyonnais.fr\/site\/wp-content\/uploads\/2019\/12\/NEWSESTLYONNAIS-BKD-PO.jpg\",\"keywords\":[\"BKD\",\"VENISSIEUX\"],\"articleSection\":[\"Autres sports\",\"Divers Sports\",\"Sant\u00e9 | Bien Etre | Solidarit\u00e9\",\"V\u00e9nissieux\"],\"inLanguage\":\"fr-FR\",\"potentialAction\":[{\"@type\":\"CommentAction\",\"name\":\"Comment\",\"target\":[\"https:\/\/newsestlyonnais.fr\/site\/2019\/12\/15\/venissieux-le-bkd-ouvre-ses-portes-pour-la-bonne-cause\/#respond\"]}]},{\"@type\":\"WebPage\",\"@id\":\"https:\/\/newsestlyonnais.fr\/site\/2019\/12\/15\/venissieux-le-bkd-ouvre-ses-portes-pour-la-bonne-cause\/\",\"url\":\"https:\/\/newsestlyonnais.fr\/site\/2019\/12\/15\/venissieux-le-bkd-ouvre-ses-portes-pour-la-bonne-cause\/\",\"name\":\"VENISSIEUX | Le BKD ouvre ses portes pour la bonne cause - News Est Lyonnais\",\"isPartOf\":{\"@id\":\"https:\/\/newsestlyonnais.fr\/site\/#website\"},\"primaryImageOfPage\":{\"@id\":\"https:\/\/newsestlyonnais.fr\/site\/2019\/12\/15\/venissieux-le-bkd-ouvre-ses-portes-pour-la-bonne-cause\/#primaryimage\"},\"image\":{\"@id\":\"https:\/\/newsestlyonnais.fr\/site\/2019\/12\/15\/venissieux-le-bkd-ouvre-ses-portes-pour-la-bonne-cause\/#primaryimage\"},\"thumbnailUrl\":\"https:\/\/newsestlyonnais.fr\/site\/wp-content\/uploads\/2019\/12\/NEWSESTLYONNAIS-BKD-PO.jpg\",\"datePublished\":\"2019-12-15T13:12:55+00:00\",\"dateModified\":\"2020-11-12T14:08:32+00:00\",\"description\":\"VENISSIEUX | Le BKD ouvre ses portes pour la bonne cause\",\"breadcrumb\":{\"@id\":\"https:\/\/newsestlyonnais.fr\/site\/2019\/12\/15\/venissieux-le-bkd-ouvre-ses-portes-pour-la-bonne-cause\/#breadcrumb\"},\"inLanguage\":\"fr-FR\",\"potentialAction\":[{\"@type\":\"ReadAction\",\"target\":[\"https:\/\/newsestlyonnais.fr\/site\/2019\/12\/15\/venissieux-le-bkd-ouvre-ses-portes-pour-la-bonne-cause\/\"]}]},{\"@type\":\"ImageObject\",\"inLanguage\":\"fr-FR\",\"@id\":\"https:\/\/newsestlyonnais.fr\/site\/2019\/12\/15\/venissieux-le-bkd-ouvre-ses-portes-pour-la-bonne-cause\/#primaryimage\",\"url\":\"https:\/\/newsestlyonnais.fr\/site\/wp-content\/uploads\/2019\/12\/NEWSESTLYONNAIS-BKD-PO.jpg\",\"contentUrl\":\"https:\/\/newsestlyonnais.fr\/site\/wp-content\/uploads\/2019\/12\/NEWSESTLYONNAIS-BKD-PO.jpg\",\"width\":768,\"height\":960},{\"@type\":\"BreadcrumbList\",\"@id\":\"https:\/\/newsestlyonnais.fr\/site\/2019\/12\/15\/venissieux-le-bkd-ouvre-ses-portes-pour-la-bonne-cause\/#breadcrumb\",\"itemListElement\":[{\"@type\":\"ListItem\",\"position\":1,\"name\":\"Accueil\",\"item\":\"https:\/\/newsestlyonnais.fr\/site\/\"},{\"@type\":\"ListItem\",\"position\":2,\"name\":\"VENISSIEUX | Le BKD ouvre ses portes pour la bonne cause\"}]},{\"@type\":\"WebSite\",\"@id\":\"https:\/\/newsestlyonnais.fr\/site\/#website\",\"url\":\"https:\/\/newsestlyonnais.fr\/site\/\",\"name\":\"News Est Lyonnais\",\"description\":\"L&#039;actualit\u00e9 au plus pr\u00e8s\",\"publisher\":{\"@id\":\"https:\/\/newsestlyonnais.fr\/site\/#organization\"},\"potentialAction\":[{\"@type\":\"SearchAction\",\"target\":{\"@type\":\"EntryPoint\",\"urlTemplate\":\"https:\/\/newsestlyonnais.fr\/site\/?s={search_term_string}\"},\"query-input\":{\"@type\":\"PropertyValueSpecification\",\"valueRequired\":true,\"valueName\":\"search_term_string\"}}],\"inLanguage\":\"fr-FR\"},{\"@type\":\"Organization\",\"@id\":\"https:\/\/newsestlyonnais.fr\/site\/#organization\",\"name\":\"News EST LYONNAIS\",\"url\":\"https:\/\/newsestlyonnais.fr\/site\/\",\"logo\":{\"@type\":\"ImageObject\",\"inLanguage\":\"fr-FR\",\"@id\":\"https:\/\/newsestlyonnais.fr\/site\/#\/schema\/logo\/image\/\",\"url\":\"\",\"contentUrl\":\"\",\"caption\":\"News EST LYONNAIS\"},\"image\":{\"@id\":\"https:\/\/newsestlyonnais.fr\/site\/#\/schema\/logo\/image\/\"}},{\"@type\":\"Person\",\"@id\":\"https:\/\/newsestlyonnais.fr\/site\/#\/schema\/person\/3230d5615f390bb808365d673001e887\",\"name\":\"R\u00e9dac. NEWS\",\"sameAs\":[\"http:\/\/www.newsestlyonnais.fr\",\"https:\/\/www.facebook.com\/pascal.oberson.1?fref=ts\",\"https:\/\/fr.linkedin.com\/in\/pascal-oberson-b17045113\"],\"url\":\"https:\/\/newsestlyonnais.fr\/site\/author\/nel\/\"}]}<\/script>\n<!-- \/ Yoast SEO plugin. -->","yoast_head_json":{"title":"VENISSIEUX | Le BKD ouvre ses portes pour la bonne cause - News Est Lyonnais","description":"VENISSIEUX | Le BKD ouvre ses portes pour la bonne cause","robots":{"index":"index","follow":"follow","max-snippet":"max-snippet:-1","max-image-preview":"max-image-preview:large","max-video-preview":"max-video-preview:-1"},"canonical":"https:\/\/newsestlyonnais.fr\/site\/2019\/12\/15\/venissieux-le-bkd-ouvre-ses-portes-pour-la-bonne-cause\/","og_locale":"fr_FR","og_type":"article","og_title":"VENISSIEUX | Le BKD ouvre ses portes pour la bonne cause - News Est Lyonnais","og_description":"VENISSIEUX | Le BKD ouvre ses portes pour la bonne cause","og_url":"https:\/\/newsestlyonnais.fr\/site\/2019\/12\/15\/venissieux-le-bkd-ouvre-ses-portes-pour-la-bonne-cause\/","og_site_name":"News Est Lyonnais","article_author":"https:\/\/www.facebook.com\/pascal.oberson.1?fref=ts","article_published_time":"2019-12-15T13:12:55+00:00","article_modified_time":"2020-11-12T14:08:32+00:00","og_image":[{"width":768,"height":960,"url":"https:\/\/i0.wp.com\/newsestlyonnais.fr\/site\/wp-content\/uploads\/2019\/12\/NEWSESTLYONNAIS-BKD-PO.jpg?fit=768%2C960&ssl=1","type":"image\/jpeg"}],"author":"R\u00e9dac. NEWS","twitter_card":"summary_large_image","twitter_misc":{"\u00c9crit par":"R\u00e9dac. NEWS"},"schema":{"@context":"https:\/\/schema.org","@graph":[{"@type":"Article","@id":"https:\/\/newsestlyonnais.fr\/site\/2019\/12\/15\/venissieux-le-bkd-ouvre-ses-portes-pour-la-bonne-cause\/#article","isPartOf":{"@id":"https:\/\/newsestlyonnais.fr\/site\/2019\/12\/15\/venissieux-le-bkd-ouvre-ses-portes-pour-la-bonne-cause\/"},"author":{"name":"R\u00e9dac. NEWS","@id":"https:\/\/newsestlyonnais.fr\/site\/#\/schema\/person\/3230d5615f390bb808365d673001e887"},"headline":"VENISSIEUX | Le BKD ouvre ses portes pour la bonne cause","datePublished":"2019-12-15T13:12:55+00:00","dateModified":"2020-11-12T14:08:32+00:00","mainEntityOfPage":{"@id":"https:\/\/newsestlyonnais.fr\/site\/2019\/12\/15\/venissieux-le-bkd-ouvre-ses-portes-pour-la-bonne-cause\/"},"wordCount":113,"commentCount":0,"publisher":{"@id":"https:\/\/newsestlyonnais.fr\/site\/#organization"},"image":{"@id":"https:\/\/newsestlyonnais.fr\/site\/2019\/12\/15\/venissieux-le-bkd-ouvre-ses-portes-pour-la-bonne-cause\/#primaryimage"},"thumbnailUrl":"https:\/\/newsestlyonnais.fr\/site\/wp-content\/uploads\/2019\/12\/NEWSESTLYONNAIS-BKD-PO.jpg","keywords":["BKD","VENISSIEUX"],"articleSection":["Autres sports","Divers Sports","Sant\u00e9 | Bien Etre | Solidarit\u00e9","V\u00e9nissieux"],"inLanguage":"fr-FR","potentialAction":[{"@type":"CommentAction","name":"Comment","target":["https:\/\/newsestlyonnais.fr\/site\/2019\/12\/15\/venissieux-le-bkd-ouvre-ses-portes-pour-la-bonne-cause\/#respond"]}]},{"@type":"WebPage","@id":"https:\/\/newsestlyonnais.fr\/site\/2019\/12\/15\/venissieux-le-bkd-ouvre-ses-portes-pour-la-bonne-cause\/","url":"https:\/\/newsestlyonnais.fr\/site\/2019\/12\/15\/venissieux-le-bkd-ouvre-ses-portes-pour-la-bonne-cause\/","name":"VENISSIEUX | Le BKD ouvre ses portes pour la bonne cause - News Est Lyonnais","isPartOf":{"@id":"https:\/\/newsestlyonnais.fr\/site\/#website"},"primaryImageOfPage":{"@id":"https:\/\/newsestlyonnais.fr\/site\/2019\/12\/15\/venissieux-le-bkd-ouvre-ses-portes-pour-la-bonne-cause\/#primaryimage"},"image":{"@id":"https:\/\/newsestlyonnais.fr\/site\/2019\/12\/15\/venissieux-le-bkd-ouvre-ses-portes-pour-la-bonne-cause\/#primaryimage"},"thumbnailUrl":"https:\/\/newsestlyonnais.fr\/site\/wp-content\/uploads\/2019\/12\/NEWSESTLYONNAIS-BKD-PO.jpg","datePublished":"2019-12-15T13:12:55+00:00","dateModified":"2020-11-12T14:08:32+00:00","description":"VENISSIEUX | Le BKD ouvre ses portes pour la bonne cause","breadcrumb":{"@id":"https:\/\/newsestlyonnais.fr\/site\/2019\/12\/15\/venissieux-le-bkd-ouvre-ses-portes-pour-la-bonne-cause\/#breadcrumb"},"inLanguage":"fr-FR","potentialAction":[{"@type":"ReadAction","target":["https:\/\/newsestlyonnais.fr\/site\/2019\/12\/15\/venissieux-le-bkd-ouvre-ses-portes-pour-la-bonne-cause\/"]}]},{"@type":"ImageObject","inLanguage":"fr-FR","@id":"https:\/\/newsestlyonnais.fr\/site\/2019\/12\/15\/venissieux-le-bkd-ouvre-ses-portes-pour-la-bonne-cause\/#primaryimage","url":"https:\/\/newsestlyonnais.fr\/site\/wp-content\/uploads\/2019\/12\/NEWSESTLYONNAIS-BKD-PO.jpg","contentUrl":"https:\/\/newsestlyonnais.fr\/site\/wp-content\/uploads\/2019\/12\/NEWSESTLYONNAIS-BKD-PO.jpg","width":768,"height":960},{"@type":"BreadcrumbList","@id":"https:\/\/newsestlyonnais.fr\/site\/2019\/12\/15\/venissieux-le-bkd-ouvre-ses-portes-pour-la-bonne-cause\/#breadcrumb","itemListElement":[{"@type":"ListItem","position":1,"name":"Accueil","item":"https:\/\/newsestlyonnais.fr\/site\/"},{"@type":"ListItem","position":2,"name":"VENISSIEUX | Le BKD ouvre ses portes pour la bonne cause"}]},{"@type":"WebSite","@id":"https:\/\/newsestlyonnais.fr\/site\/#website","url":"https:\/\/newsestlyonnais.fr\/site\/","name":"News Est Lyonnais","description":"L&#039;actualit\u00e9 au plus pr\u00e8s","publisher":{"@id":"https:\/\/newsestlyonnais.fr\/site\/#organization"},"potentialAction":[{"@type":"SearchAction","target":{"@type":"EntryPoint","urlTemplate":"https:\/\/newsestlyonnais.fr\/site\/?s={search_term_string}"},"query-input":{"@type":"PropertyValueSpecification","valueRequired":true,"valueName":"search_term_string"}}],"inLanguage":"fr-FR"},{"@type":"Organization","@id":"https:\/\/newsestlyonnais.fr\/site\/#organization","name":"News EST LYONNAIS","url":"https:\/\/newsestlyonnais.fr\/site\/","logo":{"@type":"ImageObject","inLanguage":"fr-FR","@id":"https:\/\/newsestlyonnais.fr\/site\/#\/schema\/logo\/image\/","url":"","contentUrl":"","caption":"News EST LYONNAIS"},"image":{"@id":"https:\/\/newsestlyonnais.fr\/site\/#\/schema\/logo\/image\/"}},{"@type":"Person","@id":"https:\/\/newsestlyonnais.fr\/site\/#\/schema\/person\/3230d5615f390bb808365d673001e887","name":"R\u00e9dac. NEWS","sameAs":["http:\/\/www.newsestlyonnais.fr","https:\/\/www.facebook.com\/pascal.oberson.1?fref=ts","https:\/\/fr.linkedin.com\/in\/pascal-oberson-b17045113"],"url":"https:\/\/newsestlyonnais.fr\/site\/author\/nel\/"}]}},"_links":{"self":[{"href":"https:\/\/newsestlyonnais.fr\/site\/wp-json\/wp\/v2\/posts\/91248","targetHints":{"allow":["GET"]}}],"collection":[{"href":"https:\/\/newsestlyonnais.fr\/site\/wp-json\/wp\/v2\/posts"}],"about":[{"href":"https:\/\/newsestlyonnais.fr\/site\/wp-json\/wp\/v2\/types\/post"}],"author":[{"embeddable":true,"href":"https:\/\/newsestlyonnais.fr\/site\/wp-json\/wp\/v2\/users\/4"}],"replies":[{"embeddable":true,"href":"https:\/\/newsestlyonnais.fr\/site\/wp-json\/wp\/v2\/comments?post=91248"}],"version-history":[{"count":0,"href":"https:\/\/newsestlyonnais.fr\/site\/wp-json\/wp\/v2\/posts\/91248\/revisions"}],"wp:featuredmedia":[{"embeddable":true,"href":"https:\/\/newsestlyonnais.fr\/site\/wp-json\/wp\/v2\/media\/91253"}],"wp:attachment":[{"href":"https:\/\/newsestlyonnais.fr\/site\/wp-json\/wp\/v2\/media?parent=91248"}],"wp:term":[{"taxonomy":"category","embeddable":true,"href":"https:\/\/newsestlyonnais.fr\/site\/wp-json\/wp\/v2\/categories?post=91248"},{"taxonomy":"post_tag","embeddable":true,"href":"https:\/\/newsestlyonnais.fr\/site\/wp-json\/wp\/v2\/tags?post=91248"}],"curies":[{"name":"wp","href":"https:\/\/api.w.org\/{rel}","templated":true}]}}