{"id":91297,"date":"2019-12-16T11:51:39","date_gmt":"2019-12-16T10:51:39","guid":{"rendered":"http:\/\/newsestlyonnais.fr\/site\/?p=91297"},"modified":"2019-12-17T14:37:17","modified_gmt":"2019-12-17T13:37:17","slug":"vaulx-en-velin-les-evenements-au-20-decembre","status":"publish","type":"post","link":"https:\/\/newsestlyonnais.fr\/site\/2019\/12\/16\/vaulx-en-velin-les-evenements-au-20-decembre\/","title":{"rendered":"VAULX-EN-VELIN | Les \u00e9v\u00e8nements au 20 d\u00e9cembre"},"content":{"rendered":"<ul>\n<li><span style=\"text-decoration: underline\"><strong>M<\/strong><\/span><b><b><b><b><b><strong><span style=\"text-decoration: underline\">ardi 17 d\u00e9cembre<\/span>. <\/strong><\/b><\/b><\/b><\/b><\/b><b><strong>DIAB\u00c8TE, SURPOIDS : VENEZ EN PARLER !<\/strong><\/b> Rendez-vous individuels entre 15 h et 19 h<b><strong>,<\/strong><\/b> sur inscription. <strong>Infos : <\/strong>P\u00f4le Sant\u00e9 \u2013 H\u00f4tel de Ville. T\u00e9l 04 27 18 16 57 ou <a href=\"mailto:ateliersanteville@mairie-vaulxenvelin.fr\">ateliersanteville@mairie-vaulxenvelin.fr<\/a>. (Mairie annexe, rue Joseph-Blein).<b><strong><br \/>\n<\/strong><\/b><\/li>\n<li><b><b><strong><span style=\"text-decoration: underline\">Mercredi 18 d\u00e9cembre<\/span> \u00e0 19 heures : CONSEIL MUNICIPAL. <\/strong><\/b><\/b>(Mairie annexe du Sud, rue Joseph Blein).<\/li>\n<li><b><b><b><strong><span style=\"text-decoration: underline\"> Jeudi 19 d\u00e9cembre<\/span> , de 9 h \u00e0 12 h : LOGEMENT SOCIAL: PERMANENCE, CONSEIL ET INFORMATION. <\/strong><\/b><\/b><\/b>(M<em>airie annexe, rue Joseph-Blein, entre biblioth\u00e8que M.-G. Chassine &amp; Centre social et Culturel J. et J. Peyri) <strong>&amp; <\/strong><\/em><b><b><b><strong>\u00e0 18 h 30 : <\/strong><\/b><\/b><\/b><strong>R\u00c9UNION DU CONSEIL CONSULTATIF DES PARENTS DE LA PETITE ENFANCE<\/strong>. <strong><strong>(H\u00f4tel de Ville, salle du 6\u00b0 \u00e9tage, place de la Nation). <\/strong><\/strong>Contact : Direction de la Petite enfance au 04 78 79 52 30.<b><b><strong><br \/>\n<\/strong><\/b><\/b><\/li>\n<\/ul>\n<p><span style=\"text-decoration: underline\"><b><strong>ACTIVIT\u00c9S SENIORS<\/strong><\/b> <\/span>:<\/p>\n<ul>\n<li><strong>JEUX ET CONVIVIALIT\u00c9 <\/strong>: <span style=\"text-decoration: underline\">lundi 16 d\u00e9cembre<\/span>, de 13 h 30 \u00e0 16 h 30 (salle \u00c9dith-Piaf) \/ Conseil des seniors. Inscription obligatoire.<\/li>\n<li><strong>CIN\u00c9 RETRAIT\u00c9S &gt; La belle \u00e9poque <\/strong>: <span style=\"text-decoration: underline\">lundi 16 d\u00e9cembre<\/span> \u00e0 14 h (cin\u00e9ma Les Amphis)<strong>.<\/strong><\/li>\n<li><strong>DUPLICATE DE SCRABBLE <\/strong>: <span style=\"text-decoration: underline\">mercredi 18 d\u00e9cembre<\/span> \u00e0 13 h 30 (salle \u00c9dith-Piaf).<\/li>\n<li><strong>SPECTACLE DE FIN D\u2019ANN\u00c9E &gt; Concert Gipsy avec S\u00e9bastiano<\/strong> : <span style=\"text-decoration: underline\">jeudi 19 d\u00e9cembre<\/span>, \u00e0 14 h 30. (salle Edith-Piaf). Tarif : 3 \u20ac. Inscriptions obligatoires places limit\u00e9es.<\/li>\n<li><strong>LES RENCONTRES DU PLAN\u00c9TARIUM<\/strong> : <span style=\"text-decoration: underline\">vendredi 20 d\u00e9cembre<\/span> \u00e0 10 h. Inscription obligatoire<\/li>\n<\/ul>\n<p><strong>Retrouvez toute l\u2019ACTU de la commune sur : <a href=\"https:\/\/vaulx-en-velin.net\">https:\/\/vaulx-en-velin.net<\/a><\/strong><\/p>\n","protected":false},"excerpt":{"rendered":"<p>De nombreux \u00e9v\u00e8nements sont programm\u00e9s durant cette p\u00e9riode sur la commune vaudaise :<\/p>\n","protected":false},"author":4,"featured_media":85535,"comment_status":"open","ping_status":"open","sticky":false,"template":"","format":"standard","meta":{"footnotes":""},"categories":[28],"tags":[1991,2006],"class_list":["post-91297","post","type-post","status-publish","format-standard","has-post-thumbnail","hentry","category-vaulx-en-velin","tag-agenda","tag-vaulx-en-velin"],"yoast_head":"<!-- This site is optimized with the Yoast SEO plugin v27.2 - https:\/\/yoast.com\/product\/yoast-seo-wordpress\/ -->\n<title>VAULX-EN-VELIN | Les \u00e9v\u00e8nements au 20 d\u00e9cembre - News Est Lyonnais<\/title>\n<meta name=\"description\" content=\"VAULX-EN-VELIN | Les \u00e9v\u00e8nements au 20 d\u00e9cembre\" \/>\n<meta name=\"robots\" content=\"index, follow, max-snippet:-1, max-image-preview:large, max-video-preview:-1\" \/>\n<link rel=\"canonical\" href=\"https:\/\/newsestlyonnais.fr\/site\/2019\/12\/16\/vaulx-en-velin-les-evenements-au-20-decembre\/\" \/>\n<meta property=\"og:locale\" content=\"fr_FR\" \/>\n<meta property=\"og:type\" content=\"article\" \/>\n<meta property=\"og:title\" content=\"VAULX-EN-VELIN | Les \u00e9v\u00e8nements au 20 d\u00e9cembre - News Est Lyonnais\" \/>\n<meta property=\"og:description\" content=\"VAULX-EN-VELIN | Les \u00e9v\u00e8nements au 20 d\u00e9cembre\" \/>\n<meta property=\"og:url\" content=\"https:\/\/newsestlyonnais.fr\/site\/2019\/12\/16\/vaulx-en-velin-les-evenements-au-20-decembre\/\" \/>\n<meta property=\"og:site_name\" content=\"News Est Lyonnais\" \/>\n<meta property=\"article:author\" content=\"https:\/\/www.facebook.com\/pascal.oberson.1?fref=ts\" \/>\n<meta property=\"article:published_time\" content=\"2019-12-16T10:51:39+00:00\" \/>\n<meta property=\"article:modified_time\" content=\"2019-12-17T13:37:17+00:00\" \/>\n<meta property=\"og:image\" content=\"https:\/\/i1.wp.com\/newsestlyonnais.fr\/site\/wp-content\/uploads\/2019\/09\/NEWSESTLYONNAIS-MAIRIE-VAULX.jpg?fit=1200%2C800&ssl=1\" \/>\n\t<meta property=\"og:image:width\" content=\"1200\" \/>\n\t<meta property=\"og:image:height\" content=\"800\" \/>\n\t<meta property=\"og:image:type\" content=\"image\/jpeg\" \/>\n<meta name=\"author\" content=\"R\u00e9dac. NEWS\" \/>\n<meta name=\"twitter:card\" content=\"summary_large_image\" \/>\n<meta name=\"twitter:label1\" content=\"\u00c9crit par\" \/>\n\t<meta name=\"twitter:data1\" content=\"R\u00e9dac. NEWS\" \/>\n\t<meta name=\"twitter:label2\" content=\"Dur\u00e9e de lecture estim\u00e9e\" \/>\n\t<meta name=\"twitter:data2\" content=\"1 minute\" \/>\n<script type=\"application\/ld+json\" class=\"yoast-schema-graph\">{\"@context\":\"https:\/\/schema.org\",\"@graph\":[{\"@type\":\"Article\",\"@id\":\"https:\/\/newsestlyonnais.fr\/site\/2019\/12\/16\/vaulx-en-velin-les-evenements-au-20-decembre\/#article\",\"isPartOf\":{\"@id\":\"https:\/\/newsestlyonnais.fr\/site\/2019\/12\/16\/vaulx-en-velin-les-evenements-au-20-decembre\/\"},\"author\":{\"name\":\"R\u00e9dac. NEWS\",\"@id\":\"https:\/\/newsestlyonnais.fr\/site\/#\/schema\/person\/3230d5615f390bb808365d673001e887\"},\"headline\":\"VAULX-EN-VELIN | Les \u00e9v\u00e8nements au 20 d\u00e9cembre\",\"datePublished\":\"2019-12-16T10:51:39+00:00\",\"dateModified\":\"2019-12-17T13:37:17+00:00\",\"mainEntityOfPage\":{\"@id\":\"https:\/\/newsestlyonnais.fr\/site\/2019\/12\/16\/vaulx-en-velin-les-evenements-au-20-decembre\/\"},\"wordCount\":207,\"commentCount\":0,\"publisher\":{\"@id\":\"https:\/\/newsestlyonnais.fr\/site\/#organization\"},\"image\":{\"@id\":\"https:\/\/newsestlyonnais.fr\/site\/2019\/12\/16\/vaulx-en-velin-les-evenements-au-20-decembre\/#primaryimage\"},\"thumbnailUrl\":\"https:\/\/newsestlyonnais.fr\/site\/wp-content\/uploads\/2019\/09\/NEWSESTLYONNAIS-MAIRIE-VAULX.jpg\",\"keywords\":[\"AGENDA\",\"VAULX EN VELIN\"],\"articleSection\":[\"Vaulx-en-Velin\"],\"inLanguage\":\"fr-FR\",\"potentialAction\":[{\"@type\":\"CommentAction\",\"name\":\"Comment\",\"target\":[\"https:\/\/newsestlyonnais.fr\/site\/2019\/12\/16\/vaulx-en-velin-les-evenements-au-20-decembre\/#respond\"]}]},{\"@type\":\"WebPage\",\"@id\":\"https:\/\/newsestlyonnais.fr\/site\/2019\/12\/16\/vaulx-en-velin-les-evenements-au-20-decembre\/\",\"url\":\"https:\/\/newsestlyonnais.fr\/site\/2019\/12\/16\/vaulx-en-velin-les-evenements-au-20-decembre\/\",\"name\":\"VAULX-EN-VELIN | Les \u00e9v\u00e8nements au 20 d\u00e9cembre - News Est Lyonnais\",\"isPartOf\":{\"@id\":\"https:\/\/newsestlyonnais.fr\/site\/#website\"},\"primaryImageOfPage\":{\"@id\":\"https:\/\/newsestlyonnais.fr\/site\/2019\/12\/16\/vaulx-en-velin-les-evenements-au-20-decembre\/#primaryimage\"},\"image\":{\"@id\":\"https:\/\/newsestlyonnais.fr\/site\/2019\/12\/16\/vaulx-en-velin-les-evenements-au-20-decembre\/#primaryimage\"},\"thumbnailUrl\":\"https:\/\/newsestlyonnais.fr\/site\/wp-content\/uploads\/2019\/09\/NEWSESTLYONNAIS-MAIRIE-VAULX.jpg\",\"datePublished\":\"2019-12-16T10:51:39+00:00\",\"dateModified\":\"2019-12-17T13:37:17+00:00\",\"description\":\"VAULX-EN-VELIN | Les \u00e9v\u00e8nements au 20 d\u00e9cembre\",\"breadcrumb\":{\"@id\":\"https:\/\/newsestlyonnais.fr\/site\/2019\/12\/16\/vaulx-en-velin-les-evenements-au-20-decembre\/#breadcrumb\"},\"inLanguage\":\"fr-FR\",\"potentialAction\":[{\"@type\":\"ReadAction\",\"target\":[\"https:\/\/newsestlyonnais.fr\/site\/2019\/12\/16\/vaulx-en-velin-les-evenements-au-20-decembre\/\"]}]},{\"@type\":\"ImageObject\",\"inLanguage\":\"fr-FR\",\"@id\":\"https:\/\/newsestlyonnais.fr\/site\/2019\/12\/16\/vaulx-en-velin-les-evenements-au-20-decembre\/#primaryimage\",\"url\":\"https:\/\/newsestlyonnais.fr\/site\/wp-content\/uploads\/2019\/09\/NEWSESTLYONNAIS-MAIRIE-VAULX.jpg\",\"contentUrl\":\"https:\/\/newsestlyonnais.fr\/site\/wp-content\/uploads\/2019\/09\/NEWSESTLYONNAIS-MAIRIE-VAULX.jpg\",\"width\":1200,\"height\":800},{\"@type\":\"BreadcrumbList\",\"@id\":\"https:\/\/newsestlyonnais.fr\/site\/2019\/12\/16\/vaulx-en-velin-les-evenements-au-20-decembre\/#breadcrumb\",\"itemListElement\":[{\"@type\":\"ListItem\",\"position\":1,\"name\":\"Accueil\",\"item\":\"https:\/\/newsestlyonnais.fr\/site\/\"},{\"@type\":\"ListItem\",\"position\":2,\"name\":\"VAULX-EN-VELIN | Les \u00e9v\u00e8nements au 20 d\u00e9cembre\"}]},{\"@type\":\"WebSite\",\"@id\":\"https:\/\/newsestlyonnais.fr\/site\/#website\",\"url\":\"https:\/\/newsestlyonnais.fr\/site\/\",\"name\":\"News Est Lyonnais\",\"description\":\"L&#039;actualit\u00e9 au plus pr\u00e8s\",\"publisher\":{\"@id\":\"https:\/\/newsestlyonnais.fr\/site\/#organization\"},\"potentialAction\":[{\"@type\":\"SearchAction\",\"target\":{\"@type\":\"EntryPoint\",\"urlTemplate\":\"https:\/\/newsestlyonnais.fr\/site\/?s={search_term_string}\"},\"query-input\":{\"@type\":\"PropertyValueSpecification\",\"valueRequired\":true,\"valueName\":\"search_term_string\"}}],\"inLanguage\":\"fr-FR\"},{\"@type\":\"Organization\",\"@id\":\"https:\/\/newsestlyonnais.fr\/site\/#organization\",\"name\":\"News EST LYONNAIS\",\"url\":\"https:\/\/newsestlyonnais.fr\/site\/\",\"logo\":{\"@type\":\"ImageObject\",\"inLanguage\":\"fr-FR\",\"@id\":\"https:\/\/newsestlyonnais.fr\/site\/#\/schema\/logo\/image\/\",\"url\":\"\",\"contentUrl\":\"\",\"caption\":\"News EST LYONNAIS\"},\"image\":{\"@id\":\"https:\/\/newsestlyonnais.fr\/site\/#\/schema\/logo\/image\/\"}},{\"@type\":\"Person\",\"@id\":\"https:\/\/newsestlyonnais.fr\/site\/#\/schema\/person\/3230d5615f390bb808365d673001e887\",\"name\":\"R\u00e9dac. NEWS\",\"sameAs\":[\"http:\/\/www.newsestlyonnais.fr\",\"https:\/\/www.facebook.com\/pascal.oberson.1?fref=ts\",\"https:\/\/fr.linkedin.com\/in\/pascal-oberson-b17045113\"],\"url\":\"https:\/\/newsestlyonnais.fr\/site\/author\/nel\/\"}]}<\/script>\n<!-- \/ Yoast SEO plugin. -->","yoast_head_json":{"title":"VAULX-EN-VELIN | Les \u00e9v\u00e8nements au 20 d\u00e9cembre - News Est Lyonnais","description":"VAULX-EN-VELIN | Les \u00e9v\u00e8nements au 20 d\u00e9cembre","robots":{"index":"index","follow":"follow","max-snippet":"max-snippet:-1","max-image-preview":"max-image-preview:large","max-video-preview":"max-video-preview:-1"},"canonical":"https:\/\/newsestlyonnais.fr\/site\/2019\/12\/16\/vaulx-en-velin-les-evenements-au-20-decembre\/","og_locale":"fr_FR","og_type":"article","og_title":"VAULX-EN-VELIN | Les \u00e9v\u00e8nements au 20 d\u00e9cembre - News Est Lyonnais","og_description":"VAULX-EN-VELIN | Les \u00e9v\u00e8nements au 20 d\u00e9cembre","og_url":"https:\/\/newsestlyonnais.fr\/site\/2019\/12\/16\/vaulx-en-velin-les-evenements-au-20-decembre\/","og_site_name":"News Est Lyonnais","article_author":"https:\/\/www.facebook.com\/pascal.oberson.1?fref=ts","article_published_time":"2019-12-16T10:51:39+00:00","article_modified_time":"2019-12-17T13:37:17+00:00","og_image":[{"width":1200,"height":800,"url":"https:\/\/i1.wp.com\/newsestlyonnais.fr\/site\/wp-content\/uploads\/2019\/09\/NEWSESTLYONNAIS-MAIRIE-VAULX.jpg?fit=1200%2C800&ssl=1","type":"image\/jpeg"}],"author":"R\u00e9dac. NEWS","twitter_card":"summary_large_image","twitter_misc":{"\u00c9crit par":"R\u00e9dac. NEWS","Dur\u00e9e de lecture estim\u00e9e":"1 minute"},"schema":{"@context":"https:\/\/schema.org","@graph":[{"@type":"Article","@id":"https:\/\/newsestlyonnais.fr\/site\/2019\/12\/16\/vaulx-en-velin-les-evenements-au-20-decembre\/#article","isPartOf":{"@id":"https:\/\/newsestlyonnais.fr\/site\/2019\/12\/16\/vaulx-en-velin-les-evenements-au-20-decembre\/"},"author":{"name":"R\u00e9dac. NEWS","@id":"https:\/\/newsestlyonnais.fr\/site\/#\/schema\/person\/3230d5615f390bb808365d673001e887"},"headline":"VAULX-EN-VELIN | Les \u00e9v\u00e8nements au 20 d\u00e9cembre","datePublished":"2019-12-16T10:51:39+00:00","dateModified":"2019-12-17T13:37:17+00:00","mainEntityOfPage":{"@id":"https:\/\/newsestlyonnais.fr\/site\/2019\/12\/16\/vaulx-en-velin-les-evenements-au-20-decembre\/"},"wordCount":207,"commentCount":0,"publisher":{"@id":"https:\/\/newsestlyonnais.fr\/site\/#organization"},"image":{"@id":"https:\/\/newsestlyonnais.fr\/site\/2019\/12\/16\/vaulx-en-velin-les-evenements-au-20-decembre\/#primaryimage"},"thumbnailUrl":"https:\/\/newsestlyonnais.fr\/site\/wp-content\/uploads\/2019\/09\/NEWSESTLYONNAIS-MAIRIE-VAULX.jpg","keywords":["AGENDA","VAULX EN VELIN"],"articleSection":["Vaulx-en-Velin"],"inLanguage":"fr-FR","potentialAction":[{"@type":"CommentAction","name":"Comment","target":["https:\/\/newsestlyonnais.fr\/site\/2019\/12\/16\/vaulx-en-velin-les-evenements-au-20-decembre\/#respond"]}]},{"@type":"WebPage","@id":"https:\/\/newsestlyonnais.fr\/site\/2019\/12\/16\/vaulx-en-velin-les-evenements-au-20-decembre\/","url":"https:\/\/newsestlyonnais.fr\/site\/2019\/12\/16\/vaulx-en-velin-les-evenements-au-20-decembre\/","name":"VAULX-EN-VELIN | Les \u00e9v\u00e8nements au 20 d\u00e9cembre - News Est Lyonnais","isPartOf":{"@id":"https:\/\/newsestlyonnais.fr\/site\/#website"},"primaryImageOfPage":{"@id":"https:\/\/newsestlyonnais.fr\/site\/2019\/12\/16\/vaulx-en-velin-les-evenements-au-20-decembre\/#primaryimage"},"image":{"@id":"https:\/\/newsestlyonnais.fr\/site\/2019\/12\/16\/vaulx-en-velin-les-evenements-au-20-decembre\/#primaryimage"},"thumbnailUrl":"https:\/\/newsestlyonnais.fr\/site\/wp-content\/uploads\/2019\/09\/NEWSESTLYONNAIS-MAIRIE-VAULX.jpg","datePublished":"2019-12-16T10:51:39+00:00","dateModified":"2019-12-17T13:37:17+00:00","description":"VAULX-EN-VELIN | Les \u00e9v\u00e8nements au 20 d\u00e9cembre","breadcrumb":{"@id":"https:\/\/newsestlyonnais.fr\/site\/2019\/12\/16\/vaulx-en-velin-les-evenements-au-20-decembre\/#breadcrumb"},"inLanguage":"fr-FR","potentialAction":[{"@type":"ReadAction","target":["https:\/\/newsestlyonnais.fr\/site\/2019\/12\/16\/vaulx-en-velin-les-evenements-au-20-decembre\/"]}]},{"@type":"ImageObject","inLanguage":"fr-FR","@id":"https:\/\/newsestlyonnais.fr\/site\/2019\/12\/16\/vaulx-en-velin-les-evenements-au-20-decembre\/#primaryimage","url":"https:\/\/newsestlyonnais.fr\/site\/wp-content\/uploads\/2019\/09\/NEWSESTLYONNAIS-MAIRIE-VAULX.jpg","contentUrl":"https:\/\/newsestlyonnais.fr\/site\/wp-content\/uploads\/2019\/09\/NEWSESTLYONNAIS-MAIRIE-VAULX.jpg","width":1200,"height":800},{"@type":"BreadcrumbList","@id":"https:\/\/newsestlyonnais.fr\/site\/2019\/12\/16\/vaulx-en-velin-les-evenements-au-20-decembre\/#breadcrumb","itemListElement":[{"@type":"ListItem","position":1,"name":"Accueil","item":"https:\/\/newsestlyonnais.fr\/site\/"},{"@type":"ListItem","position":2,"name":"VAULX-EN-VELIN | Les \u00e9v\u00e8nements au 20 d\u00e9cembre"}]},{"@type":"WebSite","@id":"https:\/\/newsestlyonnais.fr\/site\/#website","url":"https:\/\/newsestlyonnais.fr\/site\/","name":"News Est Lyonnais","description":"L&#039;actualit\u00e9 au plus pr\u00e8s","publisher":{"@id":"https:\/\/newsestlyonnais.fr\/site\/#organization"},"potentialAction":[{"@type":"SearchAction","target":{"@type":"EntryPoint","urlTemplate":"https:\/\/newsestlyonnais.fr\/site\/?s={search_term_string}"},"query-input":{"@type":"PropertyValueSpecification","valueRequired":true,"valueName":"search_term_string"}}],"inLanguage":"fr-FR"},{"@type":"Organization","@id":"https:\/\/newsestlyonnais.fr\/site\/#organization","name":"News EST LYONNAIS","url":"https:\/\/newsestlyonnais.fr\/site\/","logo":{"@type":"ImageObject","inLanguage":"fr-FR","@id":"https:\/\/newsestlyonnais.fr\/site\/#\/schema\/logo\/image\/","url":"","contentUrl":"","caption":"News EST LYONNAIS"},"image":{"@id":"https:\/\/newsestlyonnais.fr\/site\/#\/schema\/logo\/image\/"}},{"@type":"Person","@id":"https:\/\/newsestlyonnais.fr\/site\/#\/schema\/person\/3230d5615f390bb808365d673001e887","name":"R\u00e9dac. NEWS","sameAs":["http:\/\/www.newsestlyonnais.fr","https:\/\/www.facebook.com\/pascal.oberson.1?fref=ts","https:\/\/fr.linkedin.com\/in\/pascal-oberson-b17045113"],"url":"https:\/\/newsestlyonnais.fr\/site\/author\/nel\/"}]}},"_links":{"self":[{"href":"https:\/\/newsestlyonnais.fr\/site\/wp-json\/wp\/v2\/posts\/91297","targetHints":{"allow":["GET"]}}],"collection":[{"href":"https:\/\/newsestlyonnais.fr\/site\/wp-json\/wp\/v2\/posts"}],"about":[{"href":"https:\/\/newsestlyonnais.fr\/site\/wp-json\/wp\/v2\/types\/post"}],"author":[{"embeddable":true,"href":"https:\/\/newsestlyonnais.fr\/site\/wp-json\/wp\/v2\/users\/4"}],"replies":[{"embeddable":true,"href":"https:\/\/newsestlyonnais.fr\/site\/wp-json\/wp\/v2\/comments?post=91297"}],"version-history":[{"count":0,"href":"https:\/\/newsestlyonnais.fr\/site\/wp-json\/wp\/v2\/posts\/91297\/revisions"}],"wp:featuredmedia":[{"embeddable":true,"href":"https:\/\/newsestlyonnais.fr\/site\/wp-json\/wp\/v2\/media\/85535"}],"wp:attachment":[{"href":"https:\/\/newsestlyonnais.fr\/site\/wp-json\/wp\/v2\/media?parent=91297"}],"wp:term":[{"taxonomy":"category","embeddable":true,"href":"https:\/\/newsestlyonnais.fr\/site\/wp-json\/wp\/v2\/categories?post=91297"},{"taxonomy":"post_tag","embeddable":true,"href":"https:\/\/newsestlyonnais.fr\/site\/wp-json\/wp\/v2\/tags?post=91297"}],"curies":[{"name":"wp","href":"https:\/\/api.w.org\/{rel}","templated":true}]}}