{"id":92144,"date":"2019-12-29T07:11:27","date_gmt":"2019-12-29T06:11:27","guid":{"rendered":"http:\/\/newsestlyonnais.fr\/site\/?p=92144"},"modified":"2020-12-11T15:46:17","modified_gmt":"2020-12-11T14:46:17","slug":"vaulx-en-velin-le-grand-saut-de-selma-du-foot-au-rugby-a-xiii","status":"publish","type":"post","link":"https:\/\/newsestlyonnais.fr\/site\/2019\/12\/29\/vaulx-en-velin-le-grand-saut-de-selma-du-foot-au-rugby-a-xiii\/","title":{"rendered":"VAULX-EN-VELIN | Le grand saut de Selma du foot au rugby \u00e0 XIII"},"content":{"rendered":"<p>Depuis le d\u00e9but de la saison, une recrue \u00e9volue \u00e0 l\u2019aile de l\u2019attaque des Lionnes du Vaulx-en-Velin Rugby League (VVRL) et a d\u00e9j\u00e0 inscrit plusieurs essais gr\u00e2ce \u00e0 sa pointe de vitesse. Selma Ben Mohamed a int\u00e9gr\u00e9 le centre de formation de l\u2019Olympique Lyonnais \u00e0 l\u2019\u00e2ge de 6 ans jusqu\u2019\u00e0 ses 11 ans puis elle ira jouer dans diff\u00e9rents clubs de la M\u00e9tropole de Lyon avant d\u2019int\u00e9grer le centre de formation de l\u2019AS Cannes.<\/p>\n<p>&#8212;&#8212;&#8212;&#8212;&#8212;&#8212;&#8212;&#8212;&#8212;&#8212;&#8212;&#8212;&#8212;&#8212;&#8212;&#8212;&#8212;&#8212;&#8212;&#8212;&#8212;&#8212;&#8212;&#8212;&#8212;&#8212;&#8212;&#8212;&#8212;&#8212;&#8212;&#8212;&#8212;&#8212;&#8212;&#8212;&#8212;&#8212;&#8212;&#8212;&#8212;&#8212;&#8212;&#8212;&#8212;&#8211;<\/p>\n<p>\u00a0\u00bb Ce fut une tr\u00e8s belle exp\u00e9rience pour moi \u00ab\u00a0, indique Selma. \u00a0\u00bb Gr\u00e2ce \u00e0 mon cursus j\u2019ai pu int\u00e9grer l\u2019\u00e9quipe nationale Tunisienne de foot-ball avec laquelle j\u2019ai particip\u00e9 \u00e0 plusieurs comp\u00e9titions de la CAN (Coupe d\u2019Afrique des Nations). Ma carri\u00e8re footballistique n\u2019aura dur\u00e9 que 17 ans mais cela restera une tr\u00e8s bonne exp\u00e9rience ! \u00ab\u00a0<strong>. <\/strong><\/p>\n<ul>\n<li><strong>Pourquoi avoir choisi le Rugby \u00e0 XIII ?<\/strong> \u00ab j\u2019ai d\u00e9cid\u00e9 de pratiquer le rugby \u00e0 13 car c\u2019est un sport collectif qui d\u00e9veloppe les valeurs de solidarit\u00e9 et la vie en communaut\u00e9 ainsi que la coh\u00e9sion de groupe. Le rugby \u00e0 13 apprend \u00e9galement \u00e0 se \u00ab contr\u00f4ler \u00bb et \u00e0 rester \u00ab fair-play \u00bb dans le d\u00e9fi et l\u2019adversit\u00e9. Il apprend surtout \u00e0 faire preuve de respect envers nos partenaires de jeu, nos adversaires et l\u2019arbitre. Mieux encore, il travaille l\u2019humilit\u00e9 et le d\u00e9passement de soi. Et aussi il encourage la prise d\u2019initiative et favorise la pers\u00e9v\u00e9rance. \u00bb<\/li>\n<li><strong>Comment s\u2019est pass\u00e9 votre int\u00e9gration au VVRL?<\/strong> \u00ab Le VVRL est devenu ma nouvelle famille avec une \u00e9quipe de filles et un coach qui m\u2019ont tout de suite bien int\u00e9gr\u00e9e. L\u2019entraineur Colin Niez m\u2019a fait confiance pendant les matchs malgr\u00e9 que ce soit ma premi\u00e8re ann\u00e9e au rugby \u00e0 XIII. Au sein du groupe des Lionnes, elles m\u2019aident \u00e0 m\u2019am\u00e9liorer chaque jour un peu \u00bb.<\/li>\n<li><strong>Quels sont maintenant vos objectifs avec les Lionnes ?<\/strong> \u00ab Aujourd\u2019hui mon objectif, c\u2019est de faire une aussi longue carri\u00e8re qu\u2019au football et de progresser \u00e0 chaque sortie. Avec le VVRL l\u2019objectif \u00e9tait de jouer en Championnat Elite 1 et c\u2019est fait depuis notre victoire face \u00e0 Pia de dimanche dernier. Le nouvel objectif est maintenant de ramener le Bouclier de Championnes Elite \u00e0 Vaulx en Velin comme en 2017. En conclusion, je dirai que le VVRL est une vraie r\u00e9ussite humaine ! \u00bb<\/li>\n<\/ul>\n<p>&#8212;&#8212;&#8212;&#8212;&#8212;&#8212;&#8212;&#8212;&#8212;&#8212;&#8212;&#8212;&#8212;&#8212;&#8212;&#8212;&#8212;&#8212;&#8212;&#8212;&#8212;&#8212;&#8212;&#8212;&#8212;&#8212;&#8212;&#8212;&#8212;&#8212;&#8212;&#8212;&#8212;&#8212;&#8212;&#8212;&#8212;&#8212;&#8212;&#8212;&#8212;&#8212;&#8212;&#8212;&#8212;&#8211;<\/p>\n<p>\u00a0\u00bb Merci \u00e0 Selma pour cet entretien et en cette p\u00e9riode de voeux nous lui souhaitons d&rsquo;int\u00e9grer tr\u00e8s rapidement l&rsquo;effectif de l&rsquo;\u00e9quipe de France et pourquoi pas devenir une titulaire pour la prochaine Coupe du Monde qui aura lieu en Angleterre en Octobre 2021 ! \u00a0\u00bb<\/p>\n<p><strong>\u00a0\u00a0\u00a0\u00a0\u00a0\u00a0\u00a0\u00a0\u00a0\u00a0\u00a0\u00a0\u00a0\u00a0\u00a0\u00a0\u00a0\u00a0\u00a0\u00a0\u00a0\u00a0\u00a0\u00a0\u00a0\u00a0\u00a0\u00a0\u00a0\u00a0\u00a0\u00a0\u00a0\u00a0\u00a0\u00a0\u00a0\u00a0\u00a0\u00a0 <span style=\"font-size: 14pt\">Interview r\u00e9alis\u00e9e par Jacques CAVEZZAN<\/span><\/strong><\/p>\n<p>&#8212;&#8212;&#8212;&#8212;&#8212;&#8212;&#8212;&#8212;&#8212;&#8212;&#8212;&#8212;&#8212;&#8212;&#8212;&#8212;&#8212;&#8212;&#8212;&#8212;&#8212;&#8212;&#8212;&#8212;&#8212;&#8212;&#8212;&#8212;&#8212;&#8212;&#8212;&#8212;&#8212;&#8212;&#8212;&#8212;&#8212;&#8212;&#8212;&#8212;&#8212;&#8212;&#8212;&#8212;&#8212;&#8211;<\/p>\n<p>&nbsp;<\/p>\n<div id='gallery-1' class='gallery galleryid-92144 gallery-columns-3 gallery-size-thumbnail'><figure class='gallery-item'>\n\t\t\t<div class='gallery-icon portrait'>\n\t\t\t\t<a href='https:\/\/newsestlyonnais.fr\/site\/2019\/12\/29\/vaulx-en-velin-le-grand-saut-de-selma-du-foot-au-rugby-a-xiii\/d21f8194d0a2909956c8312820dc9a6d-2\/'><img loading=\"lazy\" decoding=\"async\" width=\"112\" height=\"150\" src=\"https:\/\/newsestlyonnais.fr\/site\/wp-content\/uploads\/2019\/12\/d21f8194d0a2909956c8312820dc9a6d-1-250x334.jpg\" class=\"attachment-thumbnail size-thumbnail\" alt=\"\" srcset=\"https:\/\/newsestlyonnais.fr\/site\/wp-content\/uploads\/2019\/12\/d21f8194d0a2909956c8312820dc9a6d-1-250x334.jpg 250w, https:\/\/newsestlyonnais.fr\/site\/wp-content\/uploads\/2019\/12\/d21f8194d0a2909956c8312820dc9a6d-1-150x201.jpg 150w, https:\/\/newsestlyonnais.fr\/site\/wp-content\/uploads\/2019\/12\/d21f8194d0a2909956c8312820dc9a6d-1-50x67.jpg 50w, https:\/\/newsestlyonnais.fr\/site\/wp-content\/uploads\/2019\/12\/d21f8194d0a2909956c8312820dc9a6d-1-100x134.jpg 100w, https:\/\/newsestlyonnais.fr\/site\/wp-content\/uploads\/2019\/12\/d21f8194d0a2909956c8312820dc9a6d-1-200x267.jpg 200w, https:\/\/newsestlyonnais.fr\/site\/wp-content\/uploads\/2019\/12\/d21f8194d0a2909956c8312820dc9a6d-1-300x401.jpg 300w, https:\/\/newsestlyonnais.fr\/site\/wp-content\/uploads\/2019\/12\/d21f8194d0a2909956c8312820dc9a6d-1-350x468.jpg 350w, https:\/\/newsestlyonnais.fr\/site\/wp-content\/uploads\/2019\/12\/d21f8194d0a2909956c8312820dc9a6d-1.jpg 374w\" sizes=\"auto, (max-width: 112px) 100vw, 112px\" \/><\/a>\n\t\t\t<\/div><\/figure><figure class='gallery-item'>\n\t\t\t<div class='gallery-icon landscape'>\n\t\t\t\t<a href='https:\/\/newsestlyonnais.fr\/site\/2019\/12\/29\/vaulx-en-velin-le-grand-saut-de-selma-du-foot-au-rugby-a-xiii\/olympus-digital-camera-138\/'><img loading=\"lazy\" decoding=\"async\" width=\"150\" height=\"112\" src=\"https:\/\/newsestlyonnais.fr\/site\/wp-content\/uploads\/2019\/12\/Selma-deborde-250x187.jpg\" class=\"attachment-thumbnail size-thumbnail\" alt=\"\" aria-describedby=\"gallery-1-92151\" srcset=\"https:\/\/newsestlyonnais.fr\/site\/wp-content\/uploads\/2019\/12\/Selma-deborde-250x187.jpg 250w, https:\/\/newsestlyonnais.fr\/site\/wp-content\/uploads\/2019\/12\/Selma-deborde-400x300.jpg 400w, https:\/\/newsestlyonnais.fr\/site\/wp-content\/uploads\/2019\/12\/Selma-deborde-650x487.jpg 650w, https:\/\/newsestlyonnais.fr\/site\/wp-content\/uploads\/2019\/12\/Selma-deborde-768x575.jpg 768w, https:\/\/newsestlyonnais.fr\/site\/wp-content\/uploads\/2019\/12\/Selma-deborde-150x112.jpg 150w, https:\/\/newsestlyonnais.fr\/site\/wp-content\/uploads\/2019\/12\/Selma-deborde-50x37.jpg 50w, https:\/\/newsestlyonnais.fr\/site\/wp-content\/uploads\/2019\/12\/Selma-deborde-100x75.jpg 100w, https:\/\/newsestlyonnais.fr\/site\/wp-content\/uploads\/2019\/12\/Selma-deborde-200x150.jpg 200w, https:\/\/newsestlyonnais.fr\/site\/wp-content\/uploads\/2019\/12\/Selma-deborde-300x225.jpg 300w, https:\/\/newsestlyonnais.fr\/site\/wp-content\/uploads\/2019\/12\/Selma-deborde-350x262.jpg 350w, https:\/\/newsestlyonnais.fr\/site\/wp-content\/uploads\/2019\/12\/Selma-deborde-450x337.jpg 450w, https:\/\/newsestlyonnais.fr\/site\/wp-content\/uploads\/2019\/12\/Selma-deborde-500x375.jpg 500w, https:\/\/newsestlyonnais.fr\/site\/wp-content\/uploads\/2019\/12\/Selma-deborde-550x412.jpg 550w, https:\/\/newsestlyonnais.fr\/site\/wp-content\/uploads\/2019\/12\/Selma-deborde-800x599.jpg 800w, https:\/\/newsestlyonnais.fr\/site\/wp-content\/uploads\/2019\/12\/Selma-deborde.jpg 969w\" sizes=\"auto, (max-width: 150px) 100vw, 150px\" \/><\/a>\n\t\t\t<\/div>\n\t\t\t\t<figcaption class='wp-caption-text gallery-caption' id='gallery-1-92151'>\n\t\t\t\tSelma (en vert) en action sous les couleurs du VVRL\n\t\t\t\t<\/figcaption><\/figure>\n\t\t<\/div>\n\n","protected":false},"excerpt":{"rendered":"<p>Apr\u00e8s 17 ans de pratique du foot au plus haut niveau, Selma est pass\u00e9 au rugby \u00e0 XIII pour ses valeurs de solidarit\u00e9.<\/p>\n","protected":false},"author":4,"featured_media":92150,"comment_status":"open","ping_status":"open","sticky":false,"template":"","format":"standard","meta":{"footnotes":""},"categories":[3421,1329,2996,1625,168,28],"tags":[2052,2033,2006],"class_list":["post-92144","post","type-post","status-publish","format-standard","has-post-thumbnail","hentry","category-feminin-actu-au","category-foot","category-football-rugby","category-lyon","category-rugby-a-xiii","category-vaulx-en-velin","tag-foot","tag-rugby-a-xiii","tag-vaulx-en-velin"],"yoast_head":"<!-- This site is optimized with the Yoast SEO plugin v27.2 - https:\/\/yoast.com\/product\/yoast-seo-wordpress\/ -->\n<title>VAULX-EN-VELIN | Le grand saut de Selma du foot au rugby \u00e0 XIII - News Est Lyonnais<\/title>\n<meta name=\"description\" content=\"VAULX-EN-VELIN | Le grand saut de Selma du foot au rugby \u00e0 XIII\" \/>\n<meta name=\"robots\" content=\"index, follow, max-snippet:-1, max-image-preview:large, max-video-preview:-1\" \/>\n<link rel=\"canonical\" href=\"https:\/\/newsestlyonnais.fr\/site\/2019\/12\/29\/vaulx-en-velin-le-grand-saut-de-selma-du-foot-au-rugby-a-xiii\/\" \/>\n<meta property=\"og:locale\" content=\"fr_FR\" \/>\n<meta property=\"og:type\" content=\"article\" \/>\n<meta property=\"og:title\" content=\"VAULX-EN-VELIN | Le grand saut de Selma du foot au rugby \u00e0 XIII - News Est Lyonnais\" \/>\n<meta property=\"og:description\" content=\"VAULX-EN-VELIN | Le grand saut de Selma du foot au rugby \u00e0 XIII\" \/>\n<meta property=\"og:url\" content=\"https:\/\/newsestlyonnais.fr\/site\/2019\/12\/29\/vaulx-en-velin-le-grand-saut-de-selma-du-foot-au-rugby-a-xiii\/\" \/>\n<meta property=\"og:site_name\" content=\"News Est Lyonnais\" \/>\n<meta property=\"article:author\" content=\"https:\/\/www.facebook.com\/pascal.oberson.1?fref=ts\" \/>\n<meta property=\"article:published_time\" content=\"2019-12-29T06:11:27+00:00\" \/>\n<meta property=\"article:modified_time\" content=\"2020-12-11T14:46:17+00:00\" \/>\n<meta property=\"og:image\" content=\"https:\/\/i2.wp.com\/newsestlyonnais.fr\/site\/wp-content\/uploads\/2019\/12\/Selma-talonne-le-ballon-pour-Catherine.jpg?fit=969%2C726&ssl=1\" \/>\n\t<meta property=\"og:image:width\" content=\"969\" \/>\n\t<meta property=\"og:image:height\" content=\"726\" \/>\n\t<meta property=\"og:image:type\" content=\"image\/jpeg\" \/>\n<meta name=\"author\" content=\"R\u00e9dac. NEWS\" \/>\n<meta name=\"twitter:card\" content=\"summary_large_image\" \/>\n<meta name=\"twitter:label1\" content=\"\u00c9crit par\" \/>\n\t<meta name=\"twitter:data1\" content=\"R\u00e9dac. NEWS\" \/>\n\t<meta name=\"twitter:label2\" content=\"Dur\u00e9e de lecture estim\u00e9e\" \/>\n\t<meta name=\"twitter:data2\" content=\"2 minutes\" \/>\n<script type=\"application\/ld+json\" class=\"yoast-schema-graph\">{\"@context\":\"https:\/\/schema.org\",\"@graph\":[{\"@type\":\"Article\",\"@id\":\"https:\/\/newsestlyonnais.fr\/site\/2019\/12\/29\/vaulx-en-velin-le-grand-saut-de-selma-du-foot-au-rugby-a-xiii\/#article\",\"isPartOf\":{\"@id\":\"https:\/\/newsestlyonnais.fr\/site\/2019\/12\/29\/vaulx-en-velin-le-grand-saut-de-selma-du-foot-au-rugby-a-xiii\/\"},\"author\":{\"name\":\"R\u00e9dac. NEWS\",\"@id\":\"https:\/\/newsestlyonnais.fr\/site\/#\/schema\/person\/3230d5615f390bb808365d673001e887\"},\"headline\":\"VAULX-EN-VELIN | Le grand saut de Selma du foot au rugby \u00e0 XIII\",\"datePublished\":\"2019-12-29T06:11:27+00:00\",\"dateModified\":\"2020-12-11T14:46:17+00:00\",\"mainEntityOfPage\":{\"@id\":\"https:\/\/newsestlyonnais.fr\/site\/2019\/12\/29\/vaulx-en-velin-le-grand-saut-de-selma-du-foot-au-rugby-a-xiii\/\"},\"wordCount\":470,\"commentCount\":0,\"publisher\":{\"@id\":\"https:\/\/newsestlyonnais.fr\/site\/#organization\"},\"image\":{\"@id\":\"https:\/\/newsestlyonnais.fr\/site\/2019\/12\/29\/vaulx-en-velin-le-grand-saut-de-selma-du-foot-au-rugby-a-xiii\/#primaryimage\"},\"thumbnailUrl\":\"https:\/\/newsestlyonnais.fr\/site\/wp-content\/uploads\/2019\/12\/Selma-talonne-le-ballon-pour-Catherine.jpg\",\"keywords\":[\"FOOT\",\"RUGBY A XIII\",\"VAULX EN VELIN\"],\"articleSection\":[\"F\u00e9minin (Actu au)\",\"Foot | Futsal\",\"Foot | Rugby\",\"Lyon\",\"RUGBY \u00e0 XIII\",\"Vaulx-en-Velin\"],\"inLanguage\":\"fr-FR\",\"potentialAction\":[{\"@type\":\"CommentAction\",\"name\":\"Comment\",\"target\":[\"https:\/\/newsestlyonnais.fr\/site\/2019\/12\/29\/vaulx-en-velin-le-grand-saut-de-selma-du-foot-au-rugby-a-xiii\/#respond\"]}]},{\"@type\":\"WebPage\",\"@id\":\"https:\/\/newsestlyonnais.fr\/site\/2019\/12\/29\/vaulx-en-velin-le-grand-saut-de-selma-du-foot-au-rugby-a-xiii\/\",\"url\":\"https:\/\/newsestlyonnais.fr\/site\/2019\/12\/29\/vaulx-en-velin-le-grand-saut-de-selma-du-foot-au-rugby-a-xiii\/\",\"name\":\"VAULX-EN-VELIN | Le grand saut de Selma du foot au rugby \u00e0 XIII - News Est Lyonnais\",\"isPartOf\":{\"@id\":\"https:\/\/newsestlyonnais.fr\/site\/#website\"},\"primaryImageOfPage\":{\"@id\":\"https:\/\/newsestlyonnais.fr\/site\/2019\/12\/29\/vaulx-en-velin-le-grand-saut-de-selma-du-foot-au-rugby-a-xiii\/#primaryimage\"},\"image\":{\"@id\":\"https:\/\/newsestlyonnais.fr\/site\/2019\/12\/29\/vaulx-en-velin-le-grand-saut-de-selma-du-foot-au-rugby-a-xiii\/#primaryimage\"},\"thumbnailUrl\":\"https:\/\/newsestlyonnais.fr\/site\/wp-content\/uploads\/2019\/12\/Selma-talonne-le-ballon-pour-Catherine.jpg\",\"datePublished\":\"2019-12-29T06:11:27+00:00\",\"dateModified\":\"2020-12-11T14:46:17+00:00\",\"description\":\"VAULX-EN-VELIN | Le grand saut de Selma du foot au rugby \u00e0 XIII\",\"breadcrumb\":{\"@id\":\"https:\/\/newsestlyonnais.fr\/site\/2019\/12\/29\/vaulx-en-velin-le-grand-saut-de-selma-du-foot-au-rugby-a-xiii\/#breadcrumb\"},\"inLanguage\":\"fr-FR\",\"potentialAction\":[{\"@type\":\"ReadAction\",\"target\":[\"https:\/\/newsestlyonnais.fr\/site\/2019\/12\/29\/vaulx-en-velin-le-grand-saut-de-selma-du-foot-au-rugby-a-xiii\/\"]}]},{\"@type\":\"ImageObject\",\"inLanguage\":\"fr-FR\",\"@id\":\"https:\/\/newsestlyonnais.fr\/site\/2019\/12\/29\/vaulx-en-velin-le-grand-saut-de-selma-du-foot-au-rugby-a-xiii\/#primaryimage\",\"url\":\"https:\/\/newsestlyonnais.fr\/site\/wp-content\/uploads\/2019\/12\/Selma-talonne-le-ballon-pour-Catherine.jpg\",\"contentUrl\":\"https:\/\/newsestlyonnais.fr\/site\/wp-content\/uploads\/2019\/12\/Selma-talonne-le-ballon-pour-Catherine.jpg\",\"width\":969,\"height\":726,\"caption\":\"Selma (en vert) en action sous les couleurs du VVRL\"},{\"@type\":\"BreadcrumbList\",\"@id\":\"https:\/\/newsestlyonnais.fr\/site\/2019\/12\/29\/vaulx-en-velin-le-grand-saut-de-selma-du-foot-au-rugby-a-xiii\/#breadcrumb\",\"itemListElement\":[{\"@type\":\"ListItem\",\"position\":1,\"name\":\"Accueil\",\"item\":\"https:\/\/newsestlyonnais.fr\/site\/\"},{\"@type\":\"ListItem\",\"position\":2,\"name\":\"VAULX-EN-VELIN | Le grand saut de Selma du foot au rugby \u00e0 XIII\"}]},{\"@type\":\"WebSite\",\"@id\":\"https:\/\/newsestlyonnais.fr\/site\/#website\",\"url\":\"https:\/\/newsestlyonnais.fr\/site\/\",\"name\":\"News Est Lyonnais\",\"description\":\"L&#039;actualit\u00e9 au plus pr\u00e8s\",\"publisher\":{\"@id\":\"https:\/\/newsestlyonnais.fr\/site\/#organization\"},\"potentialAction\":[{\"@type\":\"SearchAction\",\"target\":{\"@type\":\"EntryPoint\",\"urlTemplate\":\"https:\/\/newsestlyonnais.fr\/site\/?s={search_term_string}\"},\"query-input\":{\"@type\":\"PropertyValueSpecification\",\"valueRequired\":true,\"valueName\":\"search_term_string\"}}],\"inLanguage\":\"fr-FR\"},{\"@type\":\"Organization\",\"@id\":\"https:\/\/newsestlyonnais.fr\/site\/#organization\",\"name\":\"News EST LYONNAIS\",\"url\":\"https:\/\/newsestlyonnais.fr\/site\/\",\"logo\":{\"@type\":\"ImageObject\",\"inLanguage\":\"fr-FR\",\"@id\":\"https:\/\/newsestlyonnais.fr\/site\/#\/schema\/logo\/image\/\",\"url\":\"\",\"contentUrl\":\"\",\"caption\":\"News EST LYONNAIS\"},\"image\":{\"@id\":\"https:\/\/newsestlyonnais.fr\/site\/#\/schema\/logo\/image\/\"}},{\"@type\":\"Person\",\"@id\":\"https:\/\/newsestlyonnais.fr\/site\/#\/schema\/person\/3230d5615f390bb808365d673001e887\",\"name\":\"R\u00e9dac. NEWS\",\"sameAs\":[\"http:\/\/www.newsestlyonnais.fr\",\"https:\/\/www.facebook.com\/pascal.oberson.1?fref=ts\",\"https:\/\/fr.linkedin.com\/in\/pascal-oberson-b17045113\"],\"url\":\"https:\/\/newsestlyonnais.fr\/site\/author\/nel\/\"}]}<\/script>\n<!-- \/ Yoast SEO plugin. -->","yoast_head_json":{"title":"VAULX-EN-VELIN | Le grand saut de Selma du foot au rugby \u00e0 XIII - News Est Lyonnais","description":"VAULX-EN-VELIN | Le grand saut de Selma du foot au rugby \u00e0 XIII","robots":{"index":"index","follow":"follow","max-snippet":"max-snippet:-1","max-image-preview":"max-image-preview:large","max-video-preview":"max-video-preview:-1"},"canonical":"https:\/\/newsestlyonnais.fr\/site\/2019\/12\/29\/vaulx-en-velin-le-grand-saut-de-selma-du-foot-au-rugby-a-xiii\/","og_locale":"fr_FR","og_type":"article","og_title":"VAULX-EN-VELIN | Le grand saut de Selma du foot au rugby \u00e0 XIII - News Est Lyonnais","og_description":"VAULX-EN-VELIN | Le grand saut de Selma du foot au rugby \u00e0 XIII","og_url":"https:\/\/newsestlyonnais.fr\/site\/2019\/12\/29\/vaulx-en-velin-le-grand-saut-de-selma-du-foot-au-rugby-a-xiii\/","og_site_name":"News Est Lyonnais","article_author":"https:\/\/www.facebook.com\/pascal.oberson.1?fref=ts","article_published_time":"2019-12-29T06:11:27+00:00","article_modified_time":"2020-12-11T14:46:17+00:00","og_image":[{"width":969,"height":726,"url":"https:\/\/i2.wp.com\/newsestlyonnais.fr\/site\/wp-content\/uploads\/2019\/12\/Selma-talonne-le-ballon-pour-Catherine.jpg?fit=969%2C726&ssl=1","type":"image\/jpeg"}],"author":"R\u00e9dac. NEWS","twitter_card":"summary_large_image","twitter_misc":{"\u00c9crit par":"R\u00e9dac. NEWS","Dur\u00e9e de lecture estim\u00e9e":"2 minutes"},"schema":{"@context":"https:\/\/schema.org","@graph":[{"@type":"Article","@id":"https:\/\/newsestlyonnais.fr\/site\/2019\/12\/29\/vaulx-en-velin-le-grand-saut-de-selma-du-foot-au-rugby-a-xiii\/#article","isPartOf":{"@id":"https:\/\/newsestlyonnais.fr\/site\/2019\/12\/29\/vaulx-en-velin-le-grand-saut-de-selma-du-foot-au-rugby-a-xiii\/"},"author":{"name":"R\u00e9dac. NEWS","@id":"https:\/\/newsestlyonnais.fr\/site\/#\/schema\/person\/3230d5615f390bb808365d673001e887"},"headline":"VAULX-EN-VELIN | Le grand saut de Selma du foot au rugby \u00e0 XIII","datePublished":"2019-12-29T06:11:27+00:00","dateModified":"2020-12-11T14:46:17+00:00","mainEntityOfPage":{"@id":"https:\/\/newsestlyonnais.fr\/site\/2019\/12\/29\/vaulx-en-velin-le-grand-saut-de-selma-du-foot-au-rugby-a-xiii\/"},"wordCount":470,"commentCount":0,"publisher":{"@id":"https:\/\/newsestlyonnais.fr\/site\/#organization"},"image":{"@id":"https:\/\/newsestlyonnais.fr\/site\/2019\/12\/29\/vaulx-en-velin-le-grand-saut-de-selma-du-foot-au-rugby-a-xiii\/#primaryimage"},"thumbnailUrl":"https:\/\/newsestlyonnais.fr\/site\/wp-content\/uploads\/2019\/12\/Selma-talonne-le-ballon-pour-Catherine.jpg","keywords":["FOOT","RUGBY A XIII","VAULX EN VELIN"],"articleSection":["F\u00e9minin (Actu au)","Foot | Futsal","Foot | Rugby","Lyon","RUGBY \u00e0 XIII","Vaulx-en-Velin"],"inLanguage":"fr-FR","potentialAction":[{"@type":"CommentAction","name":"Comment","target":["https:\/\/newsestlyonnais.fr\/site\/2019\/12\/29\/vaulx-en-velin-le-grand-saut-de-selma-du-foot-au-rugby-a-xiii\/#respond"]}]},{"@type":"WebPage","@id":"https:\/\/newsestlyonnais.fr\/site\/2019\/12\/29\/vaulx-en-velin-le-grand-saut-de-selma-du-foot-au-rugby-a-xiii\/","url":"https:\/\/newsestlyonnais.fr\/site\/2019\/12\/29\/vaulx-en-velin-le-grand-saut-de-selma-du-foot-au-rugby-a-xiii\/","name":"VAULX-EN-VELIN | Le grand saut de Selma du foot au rugby \u00e0 XIII - News Est Lyonnais","isPartOf":{"@id":"https:\/\/newsestlyonnais.fr\/site\/#website"},"primaryImageOfPage":{"@id":"https:\/\/newsestlyonnais.fr\/site\/2019\/12\/29\/vaulx-en-velin-le-grand-saut-de-selma-du-foot-au-rugby-a-xiii\/#primaryimage"},"image":{"@id":"https:\/\/newsestlyonnais.fr\/site\/2019\/12\/29\/vaulx-en-velin-le-grand-saut-de-selma-du-foot-au-rugby-a-xiii\/#primaryimage"},"thumbnailUrl":"https:\/\/newsestlyonnais.fr\/site\/wp-content\/uploads\/2019\/12\/Selma-talonne-le-ballon-pour-Catherine.jpg","datePublished":"2019-12-29T06:11:27+00:00","dateModified":"2020-12-11T14:46:17+00:00","description":"VAULX-EN-VELIN | Le grand saut de Selma du foot au rugby \u00e0 XIII","breadcrumb":{"@id":"https:\/\/newsestlyonnais.fr\/site\/2019\/12\/29\/vaulx-en-velin-le-grand-saut-de-selma-du-foot-au-rugby-a-xiii\/#breadcrumb"},"inLanguage":"fr-FR","potentialAction":[{"@type":"ReadAction","target":["https:\/\/newsestlyonnais.fr\/site\/2019\/12\/29\/vaulx-en-velin-le-grand-saut-de-selma-du-foot-au-rugby-a-xiii\/"]}]},{"@type":"ImageObject","inLanguage":"fr-FR","@id":"https:\/\/newsestlyonnais.fr\/site\/2019\/12\/29\/vaulx-en-velin-le-grand-saut-de-selma-du-foot-au-rugby-a-xiii\/#primaryimage","url":"https:\/\/newsestlyonnais.fr\/site\/wp-content\/uploads\/2019\/12\/Selma-talonne-le-ballon-pour-Catherine.jpg","contentUrl":"https:\/\/newsestlyonnais.fr\/site\/wp-content\/uploads\/2019\/12\/Selma-talonne-le-ballon-pour-Catherine.jpg","width":969,"height":726,"caption":"Selma (en vert) en action sous les couleurs du VVRL"},{"@type":"BreadcrumbList","@id":"https:\/\/newsestlyonnais.fr\/site\/2019\/12\/29\/vaulx-en-velin-le-grand-saut-de-selma-du-foot-au-rugby-a-xiii\/#breadcrumb","itemListElement":[{"@type":"ListItem","position":1,"name":"Accueil","item":"https:\/\/newsestlyonnais.fr\/site\/"},{"@type":"ListItem","position":2,"name":"VAULX-EN-VELIN | Le grand saut de Selma du foot au rugby \u00e0 XIII"}]},{"@type":"WebSite","@id":"https:\/\/newsestlyonnais.fr\/site\/#website","url":"https:\/\/newsestlyonnais.fr\/site\/","name":"News Est Lyonnais","description":"L&#039;actualit\u00e9 au plus pr\u00e8s","publisher":{"@id":"https:\/\/newsestlyonnais.fr\/site\/#organization"},"potentialAction":[{"@type":"SearchAction","target":{"@type":"EntryPoint","urlTemplate":"https:\/\/newsestlyonnais.fr\/site\/?s={search_term_string}"},"query-input":{"@type":"PropertyValueSpecification","valueRequired":true,"valueName":"search_term_string"}}],"inLanguage":"fr-FR"},{"@type":"Organization","@id":"https:\/\/newsestlyonnais.fr\/site\/#organization","name":"News EST LYONNAIS","url":"https:\/\/newsestlyonnais.fr\/site\/","logo":{"@type":"ImageObject","inLanguage":"fr-FR","@id":"https:\/\/newsestlyonnais.fr\/site\/#\/schema\/logo\/image\/","url":"","contentUrl":"","caption":"News EST LYONNAIS"},"image":{"@id":"https:\/\/newsestlyonnais.fr\/site\/#\/schema\/logo\/image\/"}},{"@type":"Person","@id":"https:\/\/newsestlyonnais.fr\/site\/#\/schema\/person\/3230d5615f390bb808365d673001e887","name":"R\u00e9dac. NEWS","sameAs":["http:\/\/www.newsestlyonnais.fr","https:\/\/www.facebook.com\/pascal.oberson.1?fref=ts","https:\/\/fr.linkedin.com\/in\/pascal-oberson-b17045113"],"url":"https:\/\/newsestlyonnais.fr\/site\/author\/nel\/"}]}},"_links":{"self":[{"href":"https:\/\/newsestlyonnais.fr\/site\/wp-json\/wp\/v2\/posts\/92144","targetHints":{"allow":["GET"]}}],"collection":[{"href":"https:\/\/newsestlyonnais.fr\/site\/wp-json\/wp\/v2\/posts"}],"about":[{"href":"https:\/\/newsestlyonnais.fr\/site\/wp-json\/wp\/v2\/types\/post"}],"author":[{"embeddable":true,"href":"https:\/\/newsestlyonnais.fr\/site\/wp-json\/wp\/v2\/users\/4"}],"replies":[{"embeddable":true,"href":"https:\/\/newsestlyonnais.fr\/site\/wp-json\/wp\/v2\/comments?post=92144"}],"version-history":[{"count":0,"href":"https:\/\/newsestlyonnais.fr\/site\/wp-json\/wp\/v2\/posts\/92144\/revisions"}],"wp:featuredmedia":[{"embeddable":true,"href":"https:\/\/newsestlyonnais.fr\/site\/wp-json\/wp\/v2\/media\/92150"}],"wp:attachment":[{"href":"https:\/\/newsestlyonnais.fr\/site\/wp-json\/wp\/v2\/media?parent=92144"}],"wp:term":[{"taxonomy":"category","embeddable":true,"href":"https:\/\/newsestlyonnais.fr\/site\/wp-json\/wp\/v2\/categories?post=92144"},{"taxonomy":"post_tag","embeddable":true,"href":"https:\/\/newsestlyonnais.fr\/site\/wp-json\/wp\/v2\/tags?post=92144"}],"curies":[{"name":"wp","href":"https:\/\/api.w.org\/{rel}","templated":true}]}}