{"id":93012,"date":"2020-01-14T12:37:20","date_gmt":"2020-01-14T11:37:20","guid":{"rendered":"http:\/\/newsestlyonnais.fr\/site\/?p=93012"},"modified":"2020-01-14T12:37:52","modified_gmt":"2020-01-14T11:37:52","slug":"lyon-3-les-evenements-au-31-janvier","status":"publish","type":"post","link":"https:\/\/newsestlyonnais.fr\/site\/2020\/01\/14\/lyon-3-les-evenements-au-31-janvier\/","title":{"rendered":"LYON 3 | Les \u00e9v\u00e8nements au 31 janvier"},"content":{"rendered":"<ul>\n<li><strong>Lundi 13 janvier \u00e0 19 h : Conseil du 3\u00b0 arrondissement<\/strong>. Dernier conseil d\u2019arrondissement du mandat 2014-2020. (Mairie du 3\u00b0).<\/li>\n<li>\n<div data-canvas-width=\"42.07104000000001\"><strong>Mardi 14 janvier \u00e0 14 h : Partage de la galette des rois avec les s\u00e9niors<\/strong> de l\u2019arrondissement. (Mairie du 3\u00b0).<\/div>\n<\/li>\n<li>\n<div data-canvas-width=\"86.21376000000001\"><strong>Jeudi 16 janvier \u00e0 19 h 30 : V\u0153ux du 3\u00b0 arrondissement<\/strong>. (Halles Paul Bocuse).<\/div>\n<\/li>\n<li>\n<div data-canvas-width=\"108.28511999999996\"><strong>Vendredi 17 janvier \u00e0 18 h 30 : F\u00eate en souvenir des actions men\u00e9es lors de la biennale<\/strong>. (MPT des Rancy).<\/div>\n<\/li>\n<li>\n<div data-canvas-width=\"87.83392\"><strong>Lundi 20 janvier. Toute la journ\u00e9e. Conseil m\u00e9tropolitain<\/strong>. (H\u00f4tel de la M\u00e9tropole).<\/div>\n<\/li>\n<li>\n<div data-canvas-width=\"90.87504000000001\"><strong>Mardi 21 janvier \u00e0 20 h 30 : Concert du nouvel an. (Bourse du travail).<\/strong><\/div>\n<\/li>\n<li>\n<div data-canvas-width=\"98.37823999999998\"><strong>Samedi 25 janvier \u00e0 19 h : Ap\u00e9ritif et animations de la 5\u00b0 Nuit de l\u2019AG des Rancy<\/strong>. (MPT des Rancy).<\/div>\n<\/li>\n<li>\n<div data-canvas-width=\"108.28511999999996\"><strong>Vendredi 31 janvier \u00e0 18 h : D\u00e9bat avec le d\u00e9put\u00e9 Jean Louis Touraine<\/strong>. D\u00e9bat des conseils de quartiers sur le th\u00e8me d\u2019une proposition de loi relative \u00e0 l&rsquo;ajout par les cigarettiers d\u2019un cendrier jetable dans chaque paquet de cigarettes. (Mairie du 3\u00b0).<\/div>\n<\/li>\n<\/ul>\n<p><strong>Retrouvez l\u2019ACTU du 3\u00b0 arrondissement sur<\/strong> : <a href=\"https:\/\/mairie3.lyon.fr\" target=\"_blank\" rel=\"noopener noreferrer\">https:\/\/mairie3.lyon.fr<\/a><\/p>\n<p><img loading=\"lazy\" decoding=\"async\" class=\"size-full wp-image-92409 aligncenter\" src=\"https:\/\/newsestlyonnais.fr\/site\/medias\/2020\/01\/NEWSESTLYONNAIS-CONCERT-NOUVEL-AN2020.jpg\" alt=\"\" width=\"300\" height=\"390\" srcset=\"https:\/\/newsestlyonnais.fr\/site\/wp-content\/uploads\/2020\/01\/NEWSESTLYONNAIS-CONCERT-NOUVEL-AN2020.jpg 300w, https:\/\/newsestlyonnais.fr\/site\/wp-content\/uploads\/2020\/01\/NEWSESTLYONNAIS-CONCERT-NOUVEL-AN2020-250x325.jpg 250w, https:\/\/newsestlyonnais.fr\/site\/wp-content\/uploads\/2020\/01\/NEWSESTLYONNAIS-CONCERT-NOUVEL-AN2020-150x195.jpg 150w, https:\/\/newsestlyonnais.fr\/site\/wp-content\/uploads\/2020\/01\/NEWSESTLYONNAIS-CONCERT-NOUVEL-AN2020-50x65.jpg 50w, https:\/\/newsestlyonnais.fr\/site\/wp-content\/uploads\/2020\/01\/NEWSESTLYONNAIS-CONCERT-NOUVEL-AN2020-100x130.jpg 100w, https:\/\/newsestlyonnais.fr\/site\/wp-content\/uploads\/2020\/01\/NEWSESTLYONNAIS-CONCERT-NOUVEL-AN2020-200x260.jpg 200w\" sizes=\"auto, (max-width: 300px) 100vw, 300px\" \/><\/p>\n","protected":false},"excerpt":{"rendered":"<p>Nombreux seront les \u00e9v\u00e8nements pr\u00e9vus sur cet arrondissement dans les prochains jours :<\/p>\n","protected":false},"author":4,"featured_media":87402,"comment_status":"open","ping_status":"open","sticky":false,"template":"","format":"standard","meta":{"footnotes":""},"categories":[30,1625],"tags":[1991,2077],"class_list":["post-93012","post","type-post","status-publish","format-standard","has-post-thumbnail","hentry","category-a-la-une","category-lyon","tag-agenda","tag-lyon"],"yoast_head":"<!-- This site is optimized with the Yoast SEO plugin v27.2 - https:\/\/yoast.com\/product\/yoast-seo-wordpress\/ -->\n<title>LYON 3 | Les \u00e9v\u00e8nements au 31 janvier - News Est Lyonnais<\/title>\n<meta name=\"description\" content=\"LYON 3 | Les \u00e9v\u00e8nements au 31 janvier\" \/>\n<meta name=\"robots\" content=\"index, follow, max-snippet:-1, max-image-preview:large, max-video-preview:-1\" \/>\n<link rel=\"canonical\" href=\"https:\/\/newsestlyonnais.fr\/site\/2020\/01\/14\/lyon-3-les-evenements-au-31-janvier\/\" \/>\n<meta property=\"og:locale\" content=\"fr_FR\" \/>\n<meta property=\"og:type\" content=\"article\" \/>\n<meta property=\"og:title\" content=\"LYON 3 | Les \u00e9v\u00e8nements au 31 janvier - News Est Lyonnais\" \/>\n<meta property=\"og:description\" content=\"LYON 3 | Les \u00e9v\u00e8nements au 31 janvier\" \/>\n<meta property=\"og:url\" content=\"https:\/\/newsestlyonnais.fr\/site\/2020\/01\/14\/lyon-3-les-evenements-au-31-janvier\/\" \/>\n<meta property=\"og:site_name\" content=\"News Est Lyonnais\" \/>\n<meta property=\"article:author\" content=\"https:\/\/www.facebook.com\/pascal.oberson.1?fref=ts\" \/>\n<meta property=\"article:published_time\" content=\"2020-01-14T11:37:20+00:00\" \/>\n<meta property=\"article:modified_time\" content=\"2020-01-14T11:37:52+00:00\" \/>\n<meta property=\"og:image\" content=\"https:\/\/i2.wp.com\/newsestlyonnais.fr\/site\/wp-content\/uploads\/2019\/10\/NEWSESTLYONANIS-MAUF-TABACS.jpg?fit=1200%2C800&ssl=1\" \/>\n\t<meta property=\"og:image:width\" content=\"1200\" \/>\n\t<meta property=\"og:image:height\" content=\"800\" \/>\n\t<meta property=\"og:image:type\" content=\"image\/jpeg\" \/>\n<meta name=\"author\" content=\"R\u00e9dac. NEWS\" \/>\n<meta name=\"twitter:card\" content=\"summary_large_image\" \/>\n<meta name=\"twitter:label1\" content=\"\u00c9crit par\" \/>\n\t<meta name=\"twitter:data1\" content=\"R\u00e9dac. NEWS\" \/>\n\t<meta name=\"twitter:label2\" content=\"Dur\u00e9e de lecture estim\u00e9e\" \/>\n\t<meta name=\"twitter:data2\" content=\"1 minute\" \/>\n<script type=\"application\/ld+json\" class=\"yoast-schema-graph\">{\"@context\":\"https:\/\/schema.org\",\"@graph\":[{\"@type\":\"Article\",\"@id\":\"https:\/\/newsestlyonnais.fr\/site\/2020\/01\/14\/lyon-3-les-evenements-au-31-janvier\/#article\",\"isPartOf\":{\"@id\":\"https:\/\/newsestlyonnais.fr\/site\/2020\/01\/14\/lyon-3-les-evenements-au-31-janvier\/\"},\"author\":{\"name\":\"R\u00e9dac. NEWS\",\"@id\":\"https:\/\/newsestlyonnais.fr\/site\/#\/schema\/person\/3230d5615f390bb808365d673001e887\"},\"headline\":\"LYON 3 | Les \u00e9v\u00e8nements au 31 janvier\",\"datePublished\":\"2020-01-14T11:37:20+00:00\",\"dateModified\":\"2020-01-14T11:37:52+00:00\",\"mainEntityOfPage\":{\"@id\":\"https:\/\/newsestlyonnais.fr\/site\/2020\/01\/14\/lyon-3-les-evenements-au-31-janvier\/\"},\"wordCount\":164,\"commentCount\":0,\"publisher\":{\"@id\":\"https:\/\/newsestlyonnais.fr\/site\/#organization\"},\"image\":{\"@id\":\"https:\/\/newsestlyonnais.fr\/site\/2020\/01\/14\/lyon-3-les-evenements-au-31-janvier\/#primaryimage\"},\"thumbnailUrl\":\"https:\/\/newsestlyonnais.fr\/site\/wp-content\/uploads\/2019\/10\/NEWSESTLYONANIS-MAUF-TABACS.jpg\",\"keywords\":[\"AGENDA\",\"LYON\"],\"articleSection\":[\"\u00e0 la une\",\"Lyon\"],\"inLanguage\":\"fr-FR\",\"potentialAction\":[{\"@type\":\"CommentAction\",\"name\":\"Comment\",\"target\":[\"https:\/\/newsestlyonnais.fr\/site\/2020\/01\/14\/lyon-3-les-evenements-au-31-janvier\/#respond\"]}]},{\"@type\":\"WebPage\",\"@id\":\"https:\/\/newsestlyonnais.fr\/site\/2020\/01\/14\/lyon-3-les-evenements-au-31-janvier\/\",\"url\":\"https:\/\/newsestlyonnais.fr\/site\/2020\/01\/14\/lyon-3-les-evenements-au-31-janvier\/\",\"name\":\"LYON 3 | Les \u00e9v\u00e8nements au 31 janvier - News Est Lyonnais\",\"isPartOf\":{\"@id\":\"https:\/\/newsestlyonnais.fr\/site\/#website\"},\"primaryImageOfPage\":{\"@id\":\"https:\/\/newsestlyonnais.fr\/site\/2020\/01\/14\/lyon-3-les-evenements-au-31-janvier\/#primaryimage\"},\"image\":{\"@id\":\"https:\/\/newsestlyonnais.fr\/site\/2020\/01\/14\/lyon-3-les-evenements-au-31-janvier\/#primaryimage\"},\"thumbnailUrl\":\"https:\/\/newsestlyonnais.fr\/site\/wp-content\/uploads\/2019\/10\/NEWSESTLYONANIS-MAUF-TABACS.jpg\",\"datePublished\":\"2020-01-14T11:37:20+00:00\",\"dateModified\":\"2020-01-14T11:37:52+00:00\",\"description\":\"LYON 3 | Les \u00e9v\u00e8nements au 31 janvier\",\"breadcrumb\":{\"@id\":\"https:\/\/newsestlyonnais.fr\/site\/2020\/01\/14\/lyon-3-les-evenements-au-31-janvier\/#breadcrumb\"},\"inLanguage\":\"fr-FR\",\"potentialAction\":[{\"@type\":\"ReadAction\",\"target\":[\"https:\/\/newsestlyonnais.fr\/site\/2020\/01\/14\/lyon-3-les-evenements-au-31-janvier\/\"]}]},{\"@type\":\"ImageObject\",\"inLanguage\":\"fr-FR\",\"@id\":\"https:\/\/newsestlyonnais.fr\/site\/2020\/01\/14\/lyon-3-les-evenements-au-31-janvier\/#primaryimage\",\"url\":\"https:\/\/newsestlyonnais.fr\/site\/wp-content\/uploads\/2019\/10\/NEWSESTLYONANIS-MAUF-TABACS.jpg\",\"contentUrl\":\"https:\/\/newsestlyonnais.fr\/site\/wp-content\/uploads\/2019\/10\/NEWSESTLYONANIS-MAUF-TABACS.jpg\",\"width\":1200,\"height\":800},{\"@type\":\"BreadcrumbList\",\"@id\":\"https:\/\/newsestlyonnais.fr\/site\/2020\/01\/14\/lyon-3-les-evenements-au-31-janvier\/#breadcrumb\",\"itemListElement\":[{\"@type\":\"ListItem\",\"position\":1,\"name\":\"Accueil\",\"item\":\"https:\/\/newsestlyonnais.fr\/site\/\"},{\"@type\":\"ListItem\",\"position\":2,\"name\":\"LYON 3 | Les \u00e9v\u00e8nements au 31 janvier\"}]},{\"@type\":\"WebSite\",\"@id\":\"https:\/\/newsestlyonnais.fr\/site\/#website\",\"url\":\"https:\/\/newsestlyonnais.fr\/site\/\",\"name\":\"News Est Lyonnais\",\"description\":\"L&#039;actualit\u00e9 au plus pr\u00e8s\",\"publisher\":{\"@id\":\"https:\/\/newsestlyonnais.fr\/site\/#organization\"},\"potentialAction\":[{\"@type\":\"SearchAction\",\"target\":{\"@type\":\"EntryPoint\",\"urlTemplate\":\"https:\/\/newsestlyonnais.fr\/site\/?s={search_term_string}\"},\"query-input\":{\"@type\":\"PropertyValueSpecification\",\"valueRequired\":true,\"valueName\":\"search_term_string\"}}],\"inLanguage\":\"fr-FR\"},{\"@type\":\"Organization\",\"@id\":\"https:\/\/newsestlyonnais.fr\/site\/#organization\",\"name\":\"News EST LYONNAIS\",\"url\":\"https:\/\/newsestlyonnais.fr\/site\/\",\"logo\":{\"@type\":\"ImageObject\",\"inLanguage\":\"fr-FR\",\"@id\":\"https:\/\/newsestlyonnais.fr\/site\/#\/schema\/logo\/image\/\",\"url\":\"\",\"contentUrl\":\"\",\"caption\":\"News EST LYONNAIS\"},\"image\":{\"@id\":\"https:\/\/newsestlyonnais.fr\/site\/#\/schema\/logo\/image\/\"}},{\"@type\":\"Person\",\"@id\":\"https:\/\/newsestlyonnais.fr\/site\/#\/schema\/person\/3230d5615f390bb808365d673001e887\",\"name\":\"R\u00e9dac. NEWS\",\"sameAs\":[\"http:\/\/www.newsestlyonnais.fr\",\"https:\/\/www.facebook.com\/pascal.oberson.1?fref=ts\",\"https:\/\/fr.linkedin.com\/in\/pascal-oberson-b17045113\"],\"url\":\"https:\/\/newsestlyonnais.fr\/site\/author\/nel\/\"}]}<\/script>\n<!-- \/ Yoast SEO plugin. -->","yoast_head_json":{"title":"LYON 3 | Les \u00e9v\u00e8nements au 31 janvier - News Est Lyonnais","description":"LYON 3 | Les \u00e9v\u00e8nements au 31 janvier","robots":{"index":"index","follow":"follow","max-snippet":"max-snippet:-1","max-image-preview":"max-image-preview:large","max-video-preview":"max-video-preview:-1"},"canonical":"https:\/\/newsestlyonnais.fr\/site\/2020\/01\/14\/lyon-3-les-evenements-au-31-janvier\/","og_locale":"fr_FR","og_type":"article","og_title":"LYON 3 | Les \u00e9v\u00e8nements au 31 janvier - News Est Lyonnais","og_description":"LYON 3 | Les \u00e9v\u00e8nements au 31 janvier","og_url":"https:\/\/newsestlyonnais.fr\/site\/2020\/01\/14\/lyon-3-les-evenements-au-31-janvier\/","og_site_name":"News Est Lyonnais","article_author":"https:\/\/www.facebook.com\/pascal.oberson.1?fref=ts","article_published_time":"2020-01-14T11:37:20+00:00","article_modified_time":"2020-01-14T11:37:52+00:00","og_image":[{"width":1200,"height":800,"url":"https:\/\/i2.wp.com\/newsestlyonnais.fr\/site\/wp-content\/uploads\/2019\/10\/NEWSESTLYONANIS-MAUF-TABACS.jpg?fit=1200%2C800&ssl=1","type":"image\/jpeg"}],"author":"R\u00e9dac. NEWS","twitter_card":"summary_large_image","twitter_misc":{"\u00c9crit par":"R\u00e9dac. NEWS","Dur\u00e9e de lecture estim\u00e9e":"1 minute"},"schema":{"@context":"https:\/\/schema.org","@graph":[{"@type":"Article","@id":"https:\/\/newsestlyonnais.fr\/site\/2020\/01\/14\/lyon-3-les-evenements-au-31-janvier\/#article","isPartOf":{"@id":"https:\/\/newsestlyonnais.fr\/site\/2020\/01\/14\/lyon-3-les-evenements-au-31-janvier\/"},"author":{"name":"R\u00e9dac. NEWS","@id":"https:\/\/newsestlyonnais.fr\/site\/#\/schema\/person\/3230d5615f390bb808365d673001e887"},"headline":"LYON 3 | Les \u00e9v\u00e8nements au 31 janvier","datePublished":"2020-01-14T11:37:20+00:00","dateModified":"2020-01-14T11:37:52+00:00","mainEntityOfPage":{"@id":"https:\/\/newsestlyonnais.fr\/site\/2020\/01\/14\/lyon-3-les-evenements-au-31-janvier\/"},"wordCount":164,"commentCount":0,"publisher":{"@id":"https:\/\/newsestlyonnais.fr\/site\/#organization"},"image":{"@id":"https:\/\/newsestlyonnais.fr\/site\/2020\/01\/14\/lyon-3-les-evenements-au-31-janvier\/#primaryimage"},"thumbnailUrl":"https:\/\/newsestlyonnais.fr\/site\/wp-content\/uploads\/2019\/10\/NEWSESTLYONANIS-MAUF-TABACS.jpg","keywords":["AGENDA","LYON"],"articleSection":["\u00e0 la une","Lyon"],"inLanguage":"fr-FR","potentialAction":[{"@type":"CommentAction","name":"Comment","target":["https:\/\/newsestlyonnais.fr\/site\/2020\/01\/14\/lyon-3-les-evenements-au-31-janvier\/#respond"]}]},{"@type":"WebPage","@id":"https:\/\/newsestlyonnais.fr\/site\/2020\/01\/14\/lyon-3-les-evenements-au-31-janvier\/","url":"https:\/\/newsestlyonnais.fr\/site\/2020\/01\/14\/lyon-3-les-evenements-au-31-janvier\/","name":"LYON 3 | Les \u00e9v\u00e8nements au 31 janvier - News Est Lyonnais","isPartOf":{"@id":"https:\/\/newsestlyonnais.fr\/site\/#website"},"primaryImageOfPage":{"@id":"https:\/\/newsestlyonnais.fr\/site\/2020\/01\/14\/lyon-3-les-evenements-au-31-janvier\/#primaryimage"},"image":{"@id":"https:\/\/newsestlyonnais.fr\/site\/2020\/01\/14\/lyon-3-les-evenements-au-31-janvier\/#primaryimage"},"thumbnailUrl":"https:\/\/newsestlyonnais.fr\/site\/wp-content\/uploads\/2019\/10\/NEWSESTLYONANIS-MAUF-TABACS.jpg","datePublished":"2020-01-14T11:37:20+00:00","dateModified":"2020-01-14T11:37:52+00:00","description":"LYON 3 | Les \u00e9v\u00e8nements au 31 janvier","breadcrumb":{"@id":"https:\/\/newsestlyonnais.fr\/site\/2020\/01\/14\/lyon-3-les-evenements-au-31-janvier\/#breadcrumb"},"inLanguage":"fr-FR","potentialAction":[{"@type":"ReadAction","target":["https:\/\/newsestlyonnais.fr\/site\/2020\/01\/14\/lyon-3-les-evenements-au-31-janvier\/"]}]},{"@type":"ImageObject","inLanguage":"fr-FR","@id":"https:\/\/newsestlyonnais.fr\/site\/2020\/01\/14\/lyon-3-les-evenements-au-31-janvier\/#primaryimage","url":"https:\/\/newsestlyonnais.fr\/site\/wp-content\/uploads\/2019\/10\/NEWSESTLYONANIS-MAUF-TABACS.jpg","contentUrl":"https:\/\/newsestlyonnais.fr\/site\/wp-content\/uploads\/2019\/10\/NEWSESTLYONANIS-MAUF-TABACS.jpg","width":1200,"height":800},{"@type":"BreadcrumbList","@id":"https:\/\/newsestlyonnais.fr\/site\/2020\/01\/14\/lyon-3-les-evenements-au-31-janvier\/#breadcrumb","itemListElement":[{"@type":"ListItem","position":1,"name":"Accueil","item":"https:\/\/newsestlyonnais.fr\/site\/"},{"@type":"ListItem","position":2,"name":"LYON 3 | Les \u00e9v\u00e8nements au 31 janvier"}]},{"@type":"WebSite","@id":"https:\/\/newsestlyonnais.fr\/site\/#website","url":"https:\/\/newsestlyonnais.fr\/site\/","name":"News Est Lyonnais","description":"L&#039;actualit\u00e9 au plus pr\u00e8s","publisher":{"@id":"https:\/\/newsestlyonnais.fr\/site\/#organization"},"potentialAction":[{"@type":"SearchAction","target":{"@type":"EntryPoint","urlTemplate":"https:\/\/newsestlyonnais.fr\/site\/?s={search_term_string}"},"query-input":{"@type":"PropertyValueSpecification","valueRequired":true,"valueName":"search_term_string"}}],"inLanguage":"fr-FR"},{"@type":"Organization","@id":"https:\/\/newsestlyonnais.fr\/site\/#organization","name":"News EST LYONNAIS","url":"https:\/\/newsestlyonnais.fr\/site\/","logo":{"@type":"ImageObject","inLanguage":"fr-FR","@id":"https:\/\/newsestlyonnais.fr\/site\/#\/schema\/logo\/image\/","url":"","contentUrl":"","caption":"News EST LYONNAIS"},"image":{"@id":"https:\/\/newsestlyonnais.fr\/site\/#\/schema\/logo\/image\/"}},{"@type":"Person","@id":"https:\/\/newsestlyonnais.fr\/site\/#\/schema\/person\/3230d5615f390bb808365d673001e887","name":"R\u00e9dac. NEWS","sameAs":["http:\/\/www.newsestlyonnais.fr","https:\/\/www.facebook.com\/pascal.oberson.1?fref=ts","https:\/\/fr.linkedin.com\/in\/pascal-oberson-b17045113"],"url":"https:\/\/newsestlyonnais.fr\/site\/author\/nel\/"}]}},"_links":{"self":[{"href":"https:\/\/newsestlyonnais.fr\/site\/wp-json\/wp\/v2\/posts\/93012","targetHints":{"allow":["GET"]}}],"collection":[{"href":"https:\/\/newsestlyonnais.fr\/site\/wp-json\/wp\/v2\/posts"}],"about":[{"href":"https:\/\/newsestlyonnais.fr\/site\/wp-json\/wp\/v2\/types\/post"}],"author":[{"embeddable":true,"href":"https:\/\/newsestlyonnais.fr\/site\/wp-json\/wp\/v2\/users\/4"}],"replies":[{"embeddable":true,"href":"https:\/\/newsestlyonnais.fr\/site\/wp-json\/wp\/v2\/comments?post=93012"}],"version-history":[{"count":0,"href":"https:\/\/newsestlyonnais.fr\/site\/wp-json\/wp\/v2\/posts\/93012\/revisions"}],"wp:featuredmedia":[{"embeddable":true,"href":"https:\/\/newsestlyonnais.fr\/site\/wp-json\/wp\/v2\/media\/87402"}],"wp:attachment":[{"href":"https:\/\/newsestlyonnais.fr\/site\/wp-json\/wp\/v2\/media?parent=93012"}],"wp:term":[{"taxonomy":"category","embeddable":true,"href":"https:\/\/newsestlyonnais.fr\/site\/wp-json\/wp\/v2\/categories?post=93012"},{"taxonomy":"post_tag","embeddable":true,"href":"https:\/\/newsestlyonnais.fr\/site\/wp-json\/wp\/v2\/tags?post=93012"}],"curies":[{"name":"wp","href":"https:\/\/api.w.org\/{rel}","templated":true}]}}