{"id":93442,"date":"2020-02-11T16:47:01","date_gmt":"2020-02-11T15:47:01","guid":{"rendered":"http:\/\/newsestlyonnais.fr\/site\/?p=93442"},"modified":"2020-02-12T06:41:36","modified_gmt":"2020-02-12T05:41:36","slug":"lyon-8-10-edition-du-grand-concert","status":"publish","type":"post","link":"https:\/\/newsestlyonnais.fr\/site\/2020\/02\/11\/lyon-8-10-edition-du-grand-concert\/","title":{"rendered":"LYON 8 | 10\u00b0 \u00e9dition du Grand Concert"},"content":{"rendered":"<p>Pour la dixi\u00e8me \u00e9dition, sur la sc\u00e8ne embl\u00e9matique de la Maison de la Danse, la programmation s\u2019annonce riche avec les participations des chorales, des \u00e9coles de musique de l&rsquo;arrondissement, du club MAD et de la Cie Calabash.<\/p>\n<p><strong>Dimanche 23 f\u00e9vrier 2020 \/ 15 h \u00e0 17 h \/ Maison de la Danse de Lyon 8 avenue Jean Mermoz.<\/strong><\/p>\n<ul>\n<li>Ouverture des portes \u00e0 14 h 30 \u00e0 la Maison de la Danse.<\/li>\n<li>Participation de 5 \u20ac par personne (gratuit -12 ans &amp; interdit -3 ans).<\/li>\n<li>Location uniquement au guichet de la maison de la danse, \u00e0 partir du lundi 20 janvier 2020, du lundi au vendredi de 12 h \u00e0 19 h ou en ligne sur : <a href=\"https:\/\/billetterie.maisondeladanse.com\">https:\/\/billetterie.maisondeladanse.com<\/a><\/li>\n<\/ul>\n","protected":false},"excerpt":{"rendered":"<p>La mairie du 8\u00b0 arrondissement de Lyon et l&rsquo;Association Musiques au Ch\u0153urs du 8\u00b0 vous convient au grand concert le 23 f\u00e9vrier 2020 !<\/p>\n","protected":false},"author":4,"featured_media":93441,"comment_status":"open","ping_status":"open","sticky":false,"template":"","format":"standard","meta":{"footnotes":""},"categories":[2217,1625,3006],"tags":[2140,2077],"class_list":["post-93442","post","type-post","status-publish","format-standard","has-post-thumbnail","hentry","category-breves-de-lest-lyonnais","category-lyon","category-musique-danse-humour","tag-concert","tag-lyon"],"yoast_head":"<!-- This site is optimized with the Yoast SEO plugin v27.2 - https:\/\/yoast.com\/product\/yoast-seo-wordpress\/ -->\n<title>LYON 8 | 10\u00b0 \u00e9dition du Grand Concert - News Est Lyonnais<\/title>\n<meta name=\"description\" content=\"LYON 8 | 10\u00b0 \u00e9dition du Grand Concert\" \/>\n<meta name=\"robots\" content=\"index, follow, max-snippet:-1, max-image-preview:large, max-video-preview:-1\" \/>\n<link rel=\"canonical\" href=\"https:\/\/newsestlyonnais.fr\/site\/2020\/02\/11\/lyon-8-10-edition-du-grand-concert\/\" \/>\n<meta property=\"og:locale\" content=\"fr_FR\" \/>\n<meta property=\"og:type\" content=\"article\" \/>\n<meta property=\"og:title\" content=\"LYON 8 | 10\u00b0 \u00e9dition du Grand Concert - News Est Lyonnais\" \/>\n<meta property=\"og:description\" content=\"LYON 8 | 10\u00b0 \u00e9dition du Grand Concert\" \/>\n<meta property=\"og:url\" content=\"https:\/\/newsestlyonnais.fr\/site\/2020\/02\/11\/lyon-8-10-edition-du-grand-concert\/\" \/>\n<meta property=\"og:site_name\" content=\"News Est Lyonnais\" \/>\n<meta property=\"article:author\" content=\"https:\/\/www.facebook.com\/pascal.oberson.1?fref=ts\" \/>\n<meta property=\"article:published_time\" content=\"2020-02-11T15:47:01+00:00\" \/>\n<meta property=\"article:modified_time\" content=\"2020-02-12T05:41:36+00:00\" \/>\n<meta property=\"og:image\" content=\"https:\/\/i0.wp.com\/newsestlyonnais.fr\/site\/wp-content\/uploads\/2020\/01\/NEWSESTLYONNAIS-GD-CONCERT-LYON-8.jpg?fit=894%2C642&ssl=1\" \/>\n\t<meta property=\"og:image:width\" content=\"894\" \/>\n\t<meta property=\"og:image:height\" content=\"642\" \/>\n\t<meta property=\"og:image:type\" content=\"image\/jpeg\" \/>\n<meta name=\"author\" content=\"R\u00e9dac. NEWS\" \/>\n<meta name=\"twitter:card\" content=\"summary_large_image\" \/>\n<meta name=\"twitter:label1\" content=\"\u00c9crit par\" \/>\n\t<meta name=\"twitter:data1\" content=\"R\u00e9dac. NEWS\" \/>\n\t<meta name=\"twitter:label2\" content=\"Dur\u00e9e de lecture estim\u00e9e\" \/>\n\t<meta name=\"twitter:data2\" content=\"1 minute\" \/>\n<script type=\"application\/ld+json\" class=\"yoast-schema-graph\">{\"@context\":\"https:\/\/schema.org\",\"@graph\":[{\"@type\":\"Article\",\"@id\":\"https:\/\/newsestlyonnais.fr\/site\/2020\/02\/11\/lyon-8-10-edition-du-grand-concert\/#article\",\"isPartOf\":{\"@id\":\"https:\/\/newsestlyonnais.fr\/site\/2020\/02\/11\/lyon-8-10-edition-du-grand-concert\/\"},\"author\":{\"name\":\"R\u00e9dac. NEWS\",\"@id\":\"https:\/\/newsestlyonnais.fr\/site\/#\/schema\/person\/3230d5615f390bb808365d673001e887\"},\"headline\":\"LYON 8 | 10\u00b0 \u00e9dition du Grand Concert\",\"datePublished\":\"2020-02-11T15:47:01+00:00\",\"dateModified\":\"2020-02-12T05:41:36+00:00\",\"mainEntityOfPage\":{\"@id\":\"https:\/\/newsestlyonnais.fr\/site\/2020\/02\/11\/lyon-8-10-edition-du-grand-concert\/\"},\"wordCount\":110,\"commentCount\":0,\"publisher\":{\"@id\":\"https:\/\/newsestlyonnais.fr\/site\/#organization\"},\"image\":{\"@id\":\"https:\/\/newsestlyonnais.fr\/site\/2020\/02\/11\/lyon-8-10-edition-du-grand-concert\/#primaryimage\"},\"thumbnailUrl\":\"https:\/\/newsestlyonnais.fr\/site\/wp-content\/uploads\/2020\/01\/NEWSESTLYONNAIS-GD-CONCERT-LYON-8.jpg\",\"keywords\":[\"CONCERT\",\"LYON\"],\"articleSection\":[\"Br\u00e8ves de l'Est lyonnais\",\"Lyon\",\"Musique | Danse | Humour\"],\"inLanguage\":\"fr-FR\",\"potentialAction\":[{\"@type\":\"CommentAction\",\"name\":\"Comment\",\"target\":[\"https:\/\/newsestlyonnais.fr\/site\/2020\/02\/11\/lyon-8-10-edition-du-grand-concert\/#respond\"]}]},{\"@type\":\"WebPage\",\"@id\":\"https:\/\/newsestlyonnais.fr\/site\/2020\/02\/11\/lyon-8-10-edition-du-grand-concert\/\",\"url\":\"https:\/\/newsestlyonnais.fr\/site\/2020\/02\/11\/lyon-8-10-edition-du-grand-concert\/\",\"name\":\"LYON 8 | 10\u00b0 \u00e9dition du Grand Concert - News Est Lyonnais\",\"isPartOf\":{\"@id\":\"https:\/\/newsestlyonnais.fr\/site\/#website\"},\"primaryImageOfPage\":{\"@id\":\"https:\/\/newsestlyonnais.fr\/site\/2020\/02\/11\/lyon-8-10-edition-du-grand-concert\/#primaryimage\"},\"image\":{\"@id\":\"https:\/\/newsestlyonnais.fr\/site\/2020\/02\/11\/lyon-8-10-edition-du-grand-concert\/#primaryimage\"},\"thumbnailUrl\":\"https:\/\/newsestlyonnais.fr\/site\/wp-content\/uploads\/2020\/01\/NEWSESTLYONNAIS-GD-CONCERT-LYON-8.jpg\",\"datePublished\":\"2020-02-11T15:47:01+00:00\",\"dateModified\":\"2020-02-12T05:41:36+00:00\",\"description\":\"LYON 8 | 10\u00b0 \u00e9dition du Grand Concert\",\"breadcrumb\":{\"@id\":\"https:\/\/newsestlyonnais.fr\/site\/2020\/02\/11\/lyon-8-10-edition-du-grand-concert\/#breadcrumb\"},\"inLanguage\":\"fr-FR\",\"potentialAction\":[{\"@type\":\"ReadAction\",\"target\":[\"https:\/\/newsestlyonnais.fr\/site\/2020\/02\/11\/lyon-8-10-edition-du-grand-concert\/\"]}]},{\"@type\":\"ImageObject\",\"inLanguage\":\"fr-FR\",\"@id\":\"https:\/\/newsestlyonnais.fr\/site\/2020\/02\/11\/lyon-8-10-edition-du-grand-concert\/#primaryimage\",\"url\":\"https:\/\/newsestlyonnais.fr\/site\/wp-content\/uploads\/2020\/01\/NEWSESTLYONNAIS-GD-CONCERT-LYON-8.jpg\",\"contentUrl\":\"https:\/\/newsestlyonnais.fr\/site\/wp-content\/uploads\/2020\/01\/NEWSESTLYONNAIS-GD-CONCERT-LYON-8.jpg\",\"width\":894,\"height\":642},{\"@type\":\"BreadcrumbList\",\"@id\":\"https:\/\/newsestlyonnais.fr\/site\/2020\/02\/11\/lyon-8-10-edition-du-grand-concert\/#breadcrumb\",\"itemListElement\":[{\"@type\":\"ListItem\",\"position\":1,\"name\":\"Accueil\",\"item\":\"https:\/\/newsestlyonnais.fr\/site\/\"},{\"@type\":\"ListItem\",\"position\":2,\"name\":\"LYON 8 | 10\u00b0 \u00e9dition du Grand Concert\"}]},{\"@type\":\"WebSite\",\"@id\":\"https:\/\/newsestlyonnais.fr\/site\/#website\",\"url\":\"https:\/\/newsestlyonnais.fr\/site\/\",\"name\":\"News Est Lyonnais\",\"description\":\"L&#039;actualit\u00e9 au plus pr\u00e8s\",\"publisher\":{\"@id\":\"https:\/\/newsestlyonnais.fr\/site\/#organization\"},\"potentialAction\":[{\"@type\":\"SearchAction\",\"target\":{\"@type\":\"EntryPoint\",\"urlTemplate\":\"https:\/\/newsestlyonnais.fr\/site\/?s={search_term_string}\"},\"query-input\":{\"@type\":\"PropertyValueSpecification\",\"valueRequired\":true,\"valueName\":\"search_term_string\"}}],\"inLanguage\":\"fr-FR\"},{\"@type\":\"Organization\",\"@id\":\"https:\/\/newsestlyonnais.fr\/site\/#organization\",\"name\":\"News EST LYONNAIS\",\"url\":\"https:\/\/newsestlyonnais.fr\/site\/\",\"logo\":{\"@type\":\"ImageObject\",\"inLanguage\":\"fr-FR\",\"@id\":\"https:\/\/newsestlyonnais.fr\/site\/#\/schema\/logo\/image\/\",\"url\":\"\",\"contentUrl\":\"\",\"caption\":\"News EST LYONNAIS\"},\"image\":{\"@id\":\"https:\/\/newsestlyonnais.fr\/site\/#\/schema\/logo\/image\/\"}},{\"@type\":\"Person\",\"@id\":\"https:\/\/newsestlyonnais.fr\/site\/#\/schema\/person\/3230d5615f390bb808365d673001e887\",\"name\":\"R\u00e9dac. NEWS\",\"sameAs\":[\"http:\/\/www.newsestlyonnais.fr\",\"https:\/\/www.facebook.com\/pascal.oberson.1?fref=ts\",\"https:\/\/fr.linkedin.com\/in\/pascal-oberson-b17045113\"],\"url\":\"https:\/\/newsestlyonnais.fr\/site\/author\/nel\/\"}]}<\/script>\n<!-- \/ Yoast SEO plugin. -->","yoast_head_json":{"title":"LYON 8 | 10\u00b0 \u00e9dition du Grand Concert - News Est Lyonnais","description":"LYON 8 | 10\u00b0 \u00e9dition du Grand Concert","robots":{"index":"index","follow":"follow","max-snippet":"max-snippet:-1","max-image-preview":"max-image-preview:large","max-video-preview":"max-video-preview:-1"},"canonical":"https:\/\/newsestlyonnais.fr\/site\/2020\/02\/11\/lyon-8-10-edition-du-grand-concert\/","og_locale":"fr_FR","og_type":"article","og_title":"LYON 8 | 10\u00b0 \u00e9dition du Grand Concert - News Est Lyonnais","og_description":"LYON 8 | 10\u00b0 \u00e9dition du Grand Concert","og_url":"https:\/\/newsestlyonnais.fr\/site\/2020\/02\/11\/lyon-8-10-edition-du-grand-concert\/","og_site_name":"News Est Lyonnais","article_author":"https:\/\/www.facebook.com\/pascal.oberson.1?fref=ts","article_published_time":"2020-02-11T15:47:01+00:00","article_modified_time":"2020-02-12T05:41:36+00:00","og_image":[{"width":894,"height":642,"url":"https:\/\/i0.wp.com\/newsestlyonnais.fr\/site\/wp-content\/uploads\/2020\/01\/NEWSESTLYONNAIS-GD-CONCERT-LYON-8.jpg?fit=894%2C642&ssl=1","type":"image\/jpeg"}],"author":"R\u00e9dac. NEWS","twitter_card":"summary_large_image","twitter_misc":{"\u00c9crit par":"R\u00e9dac. NEWS","Dur\u00e9e de lecture estim\u00e9e":"1 minute"},"schema":{"@context":"https:\/\/schema.org","@graph":[{"@type":"Article","@id":"https:\/\/newsestlyonnais.fr\/site\/2020\/02\/11\/lyon-8-10-edition-du-grand-concert\/#article","isPartOf":{"@id":"https:\/\/newsestlyonnais.fr\/site\/2020\/02\/11\/lyon-8-10-edition-du-grand-concert\/"},"author":{"name":"R\u00e9dac. NEWS","@id":"https:\/\/newsestlyonnais.fr\/site\/#\/schema\/person\/3230d5615f390bb808365d673001e887"},"headline":"LYON 8 | 10\u00b0 \u00e9dition du Grand Concert","datePublished":"2020-02-11T15:47:01+00:00","dateModified":"2020-02-12T05:41:36+00:00","mainEntityOfPage":{"@id":"https:\/\/newsestlyonnais.fr\/site\/2020\/02\/11\/lyon-8-10-edition-du-grand-concert\/"},"wordCount":110,"commentCount":0,"publisher":{"@id":"https:\/\/newsestlyonnais.fr\/site\/#organization"},"image":{"@id":"https:\/\/newsestlyonnais.fr\/site\/2020\/02\/11\/lyon-8-10-edition-du-grand-concert\/#primaryimage"},"thumbnailUrl":"https:\/\/newsestlyonnais.fr\/site\/wp-content\/uploads\/2020\/01\/NEWSESTLYONNAIS-GD-CONCERT-LYON-8.jpg","keywords":["CONCERT","LYON"],"articleSection":["Br\u00e8ves de l'Est lyonnais","Lyon","Musique | Danse | Humour"],"inLanguage":"fr-FR","potentialAction":[{"@type":"CommentAction","name":"Comment","target":["https:\/\/newsestlyonnais.fr\/site\/2020\/02\/11\/lyon-8-10-edition-du-grand-concert\/#respond"]}]},{"@type":"WebPage","@id":"https:\/\/newsestlyonnais.fr\/site\/2020\/02\/11\/lyon-8-10-edition-du-grand-concert\/","url":"https:\/\/newsestlyonnais.fr\/site\/2020\/02\/11\/lyon-8-10-edition-du-grand-concert\/","name":"LYON 8 | 10\u00b0 \u00e9dition du Grand Concert - News Est Lyonnais","isPartOf":{"@id":"https:\/\/newsestlyonnais.fr\/site\/#website"},"primaryImageOfPage":{"@id":"https:\/\/newsestlyonnais.fr\/site\/2020\/02\/11\/lyon-8-10-edition-du-grand-concert\/#primaryimage"},"image":{"@id":"https:\/\/newsestlyonnais.fr\/site\/2020\/02\/11\/lyon-8-10-edition-du-grand-concert\/#primaryimage"},"thumbnailUrl":"https:\/\/newsestlyonnais.fr\/site\/wp-content\/uploads\/2020\/01\/NEWSESTLYONNAIS-GD-CONCERT-LYON-8.jpg","datePublished":"2020-02-11T15:47:01+00:00","dateModified":"2020-02-12T05:41:36+00:00","description":"LYON 8 | 10\u00b0 \u00e9dition du Grand Concert","breadcrumb":{"@id":"https:\/\/newsestlyonnais.fr\/site\/2020\/02\/11\/lyon-8-10-edition-du-grand-concert\/#breadcrumb"},"inLanguage":"fr-FR","potentialAction":[{"@type":"ReadAction","target":["https:\/\/newsestlyonnais.fr\/site\/2020\/02\/11\/lyon-8-10-edition-du-grand-concert\/"]}]},{"@type":"ImageObject","inLanguage":"fr-FR","@id":"https:\/\/newsestlyonnais.fr\/site\/2020\/02\/11\/lyon-8-10-edition-du-grand-concert\/#primaryimage","url":"https:\/\/newsestlyonnais.fr\/site\/wp-content\/uploads\/2020\/01\/NEWSESTLYONNAIS-GD-CONCERT-LYON-8.jpg","contentUrl":"https:\/\/newsestlyonnais.fr\/site\/wp-content\/uploads\/2020\/01\/NEWSESTLYONNAIS-GD-CONCERT-LYON-8.jpg","width":894,"height":642},{"@type":"BreadcrumbList","@id":"https:\/\/newsestlyonnais.fr\/site\/2020\/02\/11\/lyon-8-10-edition-du-grand-concert\/#breadcrumb","itemListElement":[{"@type":"ListItem","position":1,"name":"Accueil","item":"https:\/\/newsestlyonnais.fr\/site\/"},{"@type":"ListItem","position":2,"name":"LYON 8 | 10\u00b0 \u00e9dition du Grand Concert"}]},{"@type":"WebSite","@id":"https:\/\/newsestlyonnais.fr\/site\/#website","url":"https:\/\/newsestlyonnais.fr\/site\/","name":"News Est Lyonnais","description":"L&#039;actualit\u00e9 au plus pr\u00e8s","publisher":{"@id":"https:\/\/newsestlyonnais.fr\/site\/#organization"},"potentialAction":[{"@type":"SearchAction","target":{"@type":"EntryPoint","urlTemplate":"https:\/\/newsestlyonnais.fr\/site\/?s={search_term_string}"},"query-input":{"@type":"PropertyValueSpecification","valueRequired":true,"valueName":"search_term_string"}}],"inLanguage":"fr-FR"},{"@type":"Organization","@id":"https:\/\/newsestlyonnais.fr\/site\/#organization","name":"News EST LYONNAIS","url":"https:\/\/newsestlyonnais.fr\/site\/","logo":{"@type":"ImageObject","inLanguage":"fr-FR","@id":"https:\/\/newsestlyonnais.fr\/site\/#\/schema\/logo\/image\/","url":"","contentUrl":"","caption":"News EST LYONNAIS"},"image":{"@id":"https:\/\/newsestlyonnais.fr\/site\/#\/schema\/logo\/image\/"}},{"@type":"Person","@id":"https:\/\/newsestlyonnais.fr\/site\/#\/schema\/person\/3230d5615f390bb808365d673001e887","name":"R\u00e9dac. NEWS","sameAs":["http:\/\/www.newsestlyonnais.fr","https:\/\/www.facebook.com\/pascal.oberson.1?fref=ts","https:\/\/fr.linkedin.com\/in\/pascal-oberson-b17045113"],"url":"https:\/\/newsestlyonnais.fr\/site\/author\/nel\/"}]}},"_links":{"self":[{"href":"https:\/\/newsestlyonnais.fr\/site\/wp-json\/wp\/v2\/posts\/93442","targetHints":{"allow":["GET"]}}],"collection":[{"href":"https:\/\/newsestlyonnais.fr\/site\/wp-json\/wp\/v2\/posts"}],"about":[{"href":"https:\/\/newsestlyonnais.fr\/site\/wp-json\/wp\/v2\/types\/post"}],"author":[{"embeddable":true,"href":"https:\/\/newsestlyonnais.fr\/site\/wp-json\/wp\/v2\/users\/4"}],"replies":[{"embeddable":true,"href":"https:\/\/newsestlyonnais.fr\/site\/wp-json\/wp\/v2\/comments?post=93442"}],"version-history":[{"count":0,"href":"https:\/\/newsestlyonnais.fr\/site\/wp-json\/wp\/v2\/posts\/93442\/revisions"}],"wp:featuredmedia":[{"embeddable":true,"href":"https:\/\/newsestlyonnais.fr\/site\/wp-json\/wp\/v2\/media\/93441"}],"wp:attachment":[{"href":"https:\/\/newsestlyonnais.fr\/site\/wp-json\/wp\/v2\/media?parent=93442"}],"wp:term":[{"taxonomy":"category","embeddable":true,"href":"https:\/\/newsestlyonnais.fr\/site\/wp-json\/wp\/v2\/categories?post=93442"},{"taxonomy":"post_tag","embeddable":true,"href":"https:\/\/newsestlyonnais.fr\/site\/wp-json\/wp\/v2\/tags?post=93442"}],"curies":[{"name":"wp","href":"https:\/\/api.w.org\/{rel}","templated":true}]}}